{"id":208619,"date":"2025-01-07T09:35:00","date_gmt":"2025-01-07T12:35:00","guid":{"rendered":"https:\/\/www.gaveanews.com\/?p=208619"},"modified":"2025-01-06T23:52:43","modified_gmt":"2025-01-07T02:52:43","slug":"gustavo-quinteros-manda-recado-para-torcedores-do-gremio","status":"publish","type":"post","link":"https:\/\/www.gaveanews.com\/index.php\/2025\/01\/07\/gustavo-quinteros-manda-recado-para-torcedores-do-gremio\/","title":{"rendered":"Gustavo Quinteros manda recado para torcedores do Gr\u00eamio"},"content":{"rendered":"\n<h2 class=\"wp-block-heading\" id=\"h-gustavo-quinteros-revela-objetivos-e-planejamento-como-tecnico-do-gremio\">Gustavo Quinteros revela objetivos e planejamento como t\u00e9cnico do Gr\u00eamio<\/h2>\n\n\n\n<p>Antes mesmo de sua apresenta\u00e7\u00e3o oficial como treinador do Gr\u00eamio, Gustavo Quinteros concedeu entrevista \u00e0 TV oficial do clube e detalhou as expectativas para sua gest\u00e3o. O t\u00e9cnico argentino destacou o processo de negocia\u00e7\u00e3o, a necessidade de comprometimento do elenco e sua ambi\u00e7\u00e3o por t\u00edtulos em sua primeira experi\u00eancia no futebol brasileiro.<\/p>\n\n\n\n<ul class=\"wp-block-list\">\n<li><a href=\"https:\/\/www.gaveanews.com\/index.php\/2024\/12\/28\/novo-tecnico-alteracao-na-copa-do-brasil-e-jogadores-mais-violentos-as-ultimas-noticias-do-gremio\/\">Novo t\u00e9cnico, altera\u00e7\u00e3o na Copa do Brasil e jogadores mais violentos: as \u00faltimas not\u00edcias do Gr\u00eamio<\/a><\/li>\n\n\n\n<li><a href=\"https:\/\/www.gaveanews.com\/index.php\/2025\/01\/02\/declaracao-de-zinho-proposta-de-mayk-e-ferias-de-jogadores-as-ultimas-noticias-do-gremio\/\">Declara\u00e7\u00e3o de Zinho, proposta de Mayk e f\u00e9rias de jogadores: as \u00faltimas not\u00edcias do Gr\u00eamio<\/a><\/li>\n<\/ul>\n\n\n\n<p>Quinteros revelou que as tratativas com o Gr\u00eamio come\u00e7aram logo ap\u00f3s o t\u00e9rmino do Campeonato Argentino, no fim de novembro:<\/p>\n\n\n\n<p>\u201cDepois do dia 20 ou 21, quando terminamos o campeonato na Argentina, pessoas do Gr\u00eamio se comunicaram com intermedi\u00e1rios e conseguimos avan\u00e7ar r\u00e1pido. Quando h\u00e1 vontade dos dois lados, se faz um acordo r\u00e1pido.\u201d<\/p>\n\n\n\n<p>O treinador destacou que os objetivos do clube para 2025 foram determinantes para aceitar o convite. Entre as prioridades est\u00e3o a melhoria da campanha do ano anterior, a busca por t\u00edtulos e a consolida\u00e7\u00e3o do Gr\u00eamio entre os protagonistas do futebol brasileiro:<\/p>\n\n\n\n<p>\u201cFalamos dos objetivos, que para mim s\u00e3o muito importantes. O Gr\u00eamio pensa igual. Temos que melhorar a campanha do ano anterior e buscar a possibilidade de ganhar t\u00edtulos. E colocar o clube entre os primeiros.\u201d<\/p>\n\n\n\n<p>Quinteros tamb\u00e9m ressaltou a import\u00e2ncia de aproveitar o elenco atual e refor\u00e7\u00e1-lo para alcan\u00e7ar as metas:<\/p>\n\n\n\n<p>\u201cQueremos fortalecer a equipe e incorporar alguns jogadores ao bom plantel que temos.\u201d<\/p>\n\n\n\n<p>Motivado pelo novo desafio, o t\u00e9cnico frisou a necessidade de comprometimento coletivo para alcan\u00e7ar o sucesso. Ele pediu dedica\u00e7\u00e3o total de jogadores, comiss\u00e3o t\u00e9cnica e dire\u00e7\u00e3o:<\/p>\n\n\n\n<p>\u201cEstou muito motivado por estar em um clube t\u00e3o grande e com tantos torcedores apaixonados. Mas o trabalho precisa ser coletivo, e todos t\u00eam que dar o m\u00e1ximo, jogadores, comiss\u00e3o t\u00e9cnica e dire\u00e7\u00e3o\u201d, finalizou. <\/p>\n","protected":false},"excerpt":{"rendered":"<p>Gustavo Quinteros revela objetivos e planejamento como t\u00e9cnico do Gr\u00eamio Antes mesmo de sua apresenta\u00e7\u00e3o oficial como treinador do Gr\u00eamio, Gustavo Quinteros concedeu entrevista \u00e0 TV oficial do clube e detalhou as expectativas para sua gest\u00e3o. O t\u00e9cnico argentino destacou o processo de negocia\u00e7\u00e3o, a necessidade de comprometimento do elenco e sua ambi\u00e7\u00e3o por t\u00edtulos [&hellip;]<\/p>\n","protected":false},"author":17,"featured_media":165925,"comment_status":"open","ping_status":"closed","sticky":false,"template":"","format":"standard","meta":{"footnotes":""},"categories":[147],"tags":[],"class_list":["post-208619","post","type-post","status-publish","format-standard","has-post-thumbnail","hentry","category-gremio"],"yoast_head":"<!-- This site is optimized with the Yoast SEO Premium plugin v24.2 (Yoast SEO v26.9) - https:\/\/yoast.com\/product\/yoast-seo-premium-wordpress\/ -->\n<title>Gustavo Quinteros manda recado para torcedores do Gr\u00eamio<\/title>\n<meta name=\"robots\" content=\"index, follow, max-snippet:-1, max-image-preview:large, max-video-preview:-1\" \/>\n<link rel=\"canonical\" href=\"https:\/\/www.gaveanews.com\/index.php\/2025\/01\/07\/gustavo-quinteros-manda-recado-para-torcedores-do-gremio\/\" \/>\n<meta property=\"og:locale\" content=\"pt_BR\" \/>\n<meta property=\"og:type\" content=\"article\" \/>\n<meta property=\"og:title\" content=\"Gustavo Quinteros manda recado para torcedores do Gr\u00eamio\" \/>\n<meta property=\"og:description\" content=\"Gustavo Quinteros revela objetivos e planejamento como t\u00e9cnico do Gr\u00eamio Antes mesmo de sua apresenta\u00e7\u00e3o oficial como treinador do Gr\u00eamio, Gustavo Quinteros concedeu entrevista \u00e0 TV oficial do clube e detalhou as expectativas para sua gest\u00e3o. O t\u00e9cnico argentino destacou o processo de negocia\u00e7\u00e3o, a necessidade de comprometimento do elenco e sua ambi\u00e7\u00e3o por t\u00edtulos [&hellip;]\" \/>\n<meta property=\"og:url\" content=\"https:\/\/www.gaveanews.com\/index.php\/2025\/01\/07\/gustavo-quinteros-manda-recado-para-torcedores-do-gremio\/\" \/>\n<meta property=\"og:site_name\" content=\"G\u00e1vea News\" \/>\n<meta property=\"article:publisher\" content=\"https:\/\/facebook.com\/gaveaNews\/\" \/>\n<meta property=\"article:published_time\" content=\"2025-01-07T12:35:00+00:00\" \/>\n<meta property=\"og:image\" content=\"https:\/\/www.gaveanews.com\/wp-content\/uploads\/Bandeira-do-Gremio.webp\" \/>\n\t<meta property=\"og:image:width\" content=\"1043\" \/>\n\t<meta property=\"og:image:height\" content=\"695\" \/>\n\t<meta property=\"og:image:type\" content=\"image\/webp\" \/>\n<meta name=\"author\" content=\"Geovanna Thomaz\" \/>\n<meta name=\"twitter:card\" content=\"summary_large_image\" \/>\n<meta name=\"twitter:label1\" content=\"Escrito por\" \/>\n\t<meta name=\"twitter:data1\" content=\"Geovanna Thomaz\" \/>\n\t<meta name=\"twitter:label2\" content=\"Est. tempo de leitura\" \/>\n\t<meta name=\"twitter:data2\" content=\"2 minutos\" \/>\n<script type=\"application\/ld+json\" class=\"yoast-schema-graph\">{\"@context\":\"https:\/\/schema.org\",\"@graph\":[{\"@type\":\"NewsArticle\",\"@id\":\"https:\/\/www.gaveanews.com\/index.php\/2025\/01\/07\/gustavo-quinteros-manda-recado-para-torcedores-do-gremio\/#article\",\"isPartOf\":{\"@id\":\"https:\/\/www.gaveanews.com\/index.php\/2025\/01\/07\/gustavo-quinteros-manda-recado-para-torcedores-do-gremio\/\"},\"author\":{\"name\":\"Geovanna Thomaz\",\"@id\":\"https:\/\/www.gaveanews.com\/#\/schema\/person\/f42654babcd2b2014a1a65af82b081f1\"},\"headline\":\"Gustavo Quinteros manda recado para torcedores do Gr\u00eamio\",\"datePublished\":\"2025-01-07T12:35:00+00:00\",\"mainEntityOfPage\":{\"@id\":\"https:\/\/www.gaveanews.com\/index.php\/2025\/01\/07\/gustavo-quinteros-manda-recado-para-torcedores-do-gremio\/\"},\"wordCount\":368,\"commentCount\":0,\"image\":{\"@id\":\"https:\/\/www.gaveanews.com\/index.php\/2025\/01\/07\/gustavo-quinteros-manda-recado-para-torcedores-do-gremio\/#primaryimage\"},\"thumbnailUrl\":\"https:\/\/www.gaveanews.com\/wp-content\/uploads\/Bandeira-do-Gremio.webp\",\"articleSection\":[\"Gr\u00eamio\"],\"inLanguage\":\"pt-BR\",\"potentialAction\":[{\"@type\":\"CommentAction\",\"name\":\"Comment\",\"target\":[\"https:\/\/www.gaveanews.com\/index.php\/2025\/01\/07\/gustavo-quinteros-manda-recado-para-torcedores-do-gremio\/#respond\"]}],\"copyrightYear\":\"2025\",\"copyrightHolder\":{\"@id\":\"https:\/\/www.gaveanews.com\/#organization\"}},{\"@type\":\"WebPage\",\"@id\":\"https:\/\/www.gaveanews.com\/index.php\/2025\/01\/07\/gustavo-quinteros-manda-recado-para-torcedores-do-gremio\/\",\"url\":\"https:\/\/www.gaveanews.com\/index.php\/2025\/01\/07\/gustavo-quinteros-manda-recado-para-torcedores-do-gremio\/\",\"name\":\"Gustavo Quinteros manda recado para torcedores do Gr\u00eamio\",\"isPartOf\":{\"@id\":\"https:\/\/www.gaveanews.com\/#website\"},\"primaryImageOfPage\":{\"@id\":\"https:\/\/www.gaveanews.com\/index.php\/2025\/01\/07\/gustavo-quinteros-manda-recado-para-torcedores-do-gremio\/#primaryimage\"},\"image\":{\"@id\":\"https:\/\/www.gaveanews.com\/index.php\/2025\/01\/07\/gustavo-quinteros-manda-recado-para-torcedores-do-gremio\/#primaryimage\"},\"thumbnailUrl\":\"https:\/\/www.gaveanews.com\/wp-content\/uploads\/Bandeira-do-Gremio.webp\",\"datePublished\":\"2025-01-07T12:35:00+00:00\",\"author\":{\"@id\":\"https:\/\/www.gaveanews.com\/#\/schema\/person\/f42654babcd2b2014a1a65af82b081f1\"},\"breadcrumb\":{\"@id\":\"https:\/\/www.gaveanews.com\/index.php\/2025\/01\/07\/gustavo-quinteros-manda-recado-para-torcedores-do-gremio\/#breadcrumb\"},\"inLanguage\":\"pt-BR\",\"potentialAction\":[{\"@type\":\"ReadAction\",\"target\":[\"https:\/\/www.gaveanews.com\/index.php\/2025\/01\/07\/gustavo-quinteros-manda-recado-para-torcedores-do-gremio\/\"]}]},{\"@type\":\"ImageObject\",\"inLanguage\":\"pt-BR\",\"@id\":\"https:\/\/www.gaveanews.com\/index.php\/2025\/01\/07\/gustavo-quinteros-manda-recado-para-torcedores-do-gremio\/#primaryimage\",\"url\":\"https:\/\/www.gaveanews.com\/wp-content\/uploads\/Bandeira-do-Gremio.webp\",\"contentUrl\":\"https:\/\/www.gaveanews.com\/wp-content\/uploads\/Bandeira-do-Gremio.webp\",\"width\":1043,\"height\":695,\"caption\":\"Bandeira do Gr\u00eamio (Foto: Reprodu\u00e7\u00e3o\/Gr\u00eamio)\"},{\"@type\":\"BreadcrumbList\",\"@id\":\"https:\/\/www.gaveanews.com\/index.php\/2025\/01\/07\/gustavo-quinteros-manda-recado-para-torcedores-do-gremio\/#breadcrumb\",\"itemListElement\":[{\"@type\":\"ListItem\",\"position\":1,\"name\":\"Home\",\"item\":\"https:\/\/www.gaveanews.com\/\"},{\"@type\":\"ListItem\",\"position\":2,\"name\":\"Gustavo Quinteros manda recado para torcedores do Gr\u00eamio\"}]},{\"@type\":\"WebSite\",\"@id\":\"https:\/\/www.gaveanews.com\/#website\",\"url\":\"https:\/\/www.gaveanews.com\/\",\"name\":\"G\u00e1vea News\",\"description\":\"Veja todas as not\u00edcias sobre o Flamengo: Contrata\u00e7\u00f5es, categorias de base, resultados das partidas, tabela de classifica\u00e7\u00e3o, pr\u00f3ximos jogos!\",\"potentialAction\":[{\"@type\":\"SearchAction\",\"target\":{\"@type\":\"EntryPoint\",\"urlTemplate\":\"https:\/\/www.gaveanews.com\/?s={search_term_string}\"},\"query-input\":{\"@type\":\"PropertyValueSpecification\",\"valueRequired\":true,\"valueName\":\"search_term_string\"}}],\"inLanguage\":\"pt-BR\"},{\"@type\":\"Person\",\"@id\":\"https:\/\/www.gaveanews.com\/#\/schema\/person\/f42654babcd2b2014a1a65af82b081f1\",\"name\":\"Geovanna Thomaz\",\"image\":{\"@type\":\"ImageObject\",\"inLanguage\":\"pt-BR\",\"@id\":\"https:\/\/www.gaveanews.com\/#\/schema\/person\/image\/\",\"url\":\"https:\/\/secure.gravatar.com\/avatar\/4092073255489533afb558984b49b64268c47198af8623cc82a925ae9fb7118a?s=96&d=mm&r=g\",\"contentUrl\":\"https:\/\/secure.gravatar.com\/avatar\/4092073255489533afb558984b49b64268c47198af8623cc82a925ae9fb7118a?s=96&d=mm&r=g\",\"caption\":\"Geovanna Thomaz\"}}]}<\/script>\n<!-- \/ Yoast SEO Premium plugin. -->","yoast_head_json":{"title":"Gustavo Quinteros manda recado para torcedores do Gr\u00eamio","robots":{"index":"index","follow":"follow","max-snippet":"max-snippet:-1","max-image-preview":"max-image-preview:large","max-video-preview":"max-video-preview:-1"},"canonical":"https:\/\/www.gaveanews.com\/index.php\/2025\/01\/07\/gustavo-quinteros-manda-recado-para-torcedores-do-gremio\/","og_locale":"pt_BR","og_type":"article","og_title":"Gustavo Quinteros manda recado para torcedores do Gr\u00eamio","og_description":"Gustavo Quinteros revela objetivos e planejamento como t\u00e9cnico do Gr\u00eamio Antes mesmo de sua apresenta\u00e7\u00e3o oficial como treinador do Gr\u00eamio, Gustavo Quinteros concedeu entrevista \u00e0 TV oficial do clube e detalhou as expectativas para sua gest\u00e3o. O t\u00e9cnico argentino destacou o processo de negocia\u00e7\u00e3o, a necessidade de comprometimento do elenco e sua ambi\u00e7\u00e3o por t\u00edtulos [&hellip;]","og_url":"https:\/\/www.gaveanews.com\/index.php\/2025\/01\/07\/gustavo-quinteros-manda-recado-para-torcedores-do-gremio\/","og_site_name":"G\u00e1vea News","article_publisher":"https:\/\/facebook.com\/gaveaNews\/","article_published_time":"2025-01-07T12:35:00+00:00","og_image":[{"width":1043,"height":695,"url":"https:\/\/www.gaveanews.com\/wp-content\/uploads\/Bandeira-do-Gremio.webp","type":"image\/webp"}],"author":"Geovanna Thomaz","twitter_card":"summary_large_image","twitter_misc":{"Escrito por":"Geovanna Thomaz","Est. tempo de leitura":"2 minutos"},"schema":{"@context":"https:\/\/schema.org","@graph":[{"@type":"NewsArticle","@id":"https:\/\/www.gaveanews.com\/index.php\/2025\/01\/07\/gustavo-quinteros-manda-recado-para-torcedores-do-gremio\/#article","isPartOf":{"@id":"https:\/\/www.gaveanews.com\/index.php\/2025\/01\/07\/gustavo-quinteros-manda-recado-para-torcedores-do-gremio\/"},"author":{"name":"Geovanna Thomaz","@id":"https:\/\/www.gaveanews.com\/#\/schema\/person\/f42654babcd2b2014a1a65af82b081f1"},"headline":"Gustavo Quinteros manda recado para torcedores do Gr\u00eamio","datePublished":"2025-01-07T12:35:00+00:00","mainEntityOfPage":{"@id":"https:\/\/www.gaveanews.com\/index.php\/2025\/01\/07\/gustavo-quinteros-manda-recado-para-torcedores-do-gremio\/"},"wordCount":368,"commentCount":0,"image":{"@id":"https:\/\/www.gaveanews.com\/index.php\/2025\/01\/07\/gustavo-quinteros-manda-recado-para-torcedores-do-gremio\/#primaryimage"},"thumbnailUrl":"https:\/\/www.gaveanews.com\/wp-content\/uploads\/Bandeira-do-Gremio.webp","articleSection":["Gr\u00eamio"],"inLanguage":"pt-BR","potentialAction":[{"@type":"CommentAction","name":"Comment","target":["https:\/\/www.gaveanews.com\/index.php\/2025\/01\/07\/gustavo-quinteros-manda-recado-para-torcedores-do-gremio\/#respond"]}],"copyrightYear":"2025","copyrightHolder":{"@id":"https:\/\/www.gaveanews.com\/#organization"}},{"@type":"WebPage","@id":"https:\/\/www.gaveanews.com\/index.php\/2025\/01\/07\/gustavo-quinteros-manda-recado-para-torcedores-do-gremio\/","url":"https:\/\/www.gaveanews.com\/index.php\/2025\/01\/07\/gustavo-quinteros-manda-recado-para-torcedores-do-gremio\/","name":"Gustavo Quinteros manda recado para torcedores do Gr\u00eamio","isPartOf":{"@id":"https:\/\/www.gaveanews.com\/#website"},"primaryImageOfPage":{"@id":"https:\/\/www.gaveanews.com\/index.php\/2025\/01\/07\/gustavo-quinteros-manda-recado-para-torcedores-do-gremio\/#primaryimage"},"image":{"@id":"https:\/\/www.gaveanews.com\/index.php\/2025\/01\/07\/gustavo-quinteros-manda-recado-para-torcedores-do-gremio\/#primaryimage"},"thumbnailUrl":"https:\/\/www.gaveanews.com\/wp-content\/uploads\/Bandeira-do-Gremio.webp","datePublished":"2025-01-07T12:35:00+00:00","author":{"@id":"https:\/\/www.gaveanews.com\/#\/schema\/person\/f42654babcd2b2014a1a65af82b081f1"},"breadcrumb":{"@id":"https:\/\/www.gaveanews.com\/index.php\/2025\/01\/07\/gustavo-quinteros-manda-recado-para-torcedores-do-gremio\/#breadcrumb"},"inLanguage":"pt-BR","potentialAction":[{"@type":"ReadAction","target":["https:\/\/www.gaveanews.com\/index.php\/2025\/01\/07\/gustavo-quinteros-manda-recado-para-torcedores-do-gremio\/"]}]},{"@type":"ImageObject","inLanguage":"pt-BR","@id":"https:\/\/www.gaveanews.com\/index.php\/2025\/01\/07\/gustavo-quinteros-manda-recado-para-torcedores-do-gremio\/#primaryimage","url":"https:\/\/www.gaveanews.com\/wp-content\/uploads\/Bandeira-do-Gremio.webp","contentUrl":"https:\/\/www.gaveanews.com\/wp-content\/uploads\/Bandeira-do-Gremio.webp","width":1043,"height":695,"caption":"Bandeira do Gr\u00eamio (Foto: Reprodu\u00e7\u00e3o\/Gr\u00eamio)"},{"@type":"BreadcrumbList","@id":"https:\/\/www.gaveanews.com\/index.php\/2025\/01\/07\/gustavo-quinteros-manda-recado-para-torcedores-do-gremio\/#breadcrumb","itemListElement":[{"@type":"ListItem","position":1,"name":"Home","item":"https:\/\/www.gaveanews.com\/"},{"@type":"ListItem","position":2,"name":"Gustavo Quinteros manda recado para torcedores do Gr\u00eamio"}]},{"@type":"WebSite","@id":"https:\/\/www.gaveanews.com\/#website","url":"https:\/\/www.gaveanews.com\/","name":"G\u00e1vea News","description":"Veja todas as not\u00edcias sobre o Flamengo: Contrata\u00e7\u00f5es, categorias de base, resultados das partidas, tabela de classifica\u00e7\u00e3o, pr\u00f3ximos jogos!","potentialAction":[{"@type":"SearchAction","target":{"@type":"EntryPoint","urlTemplate":"https:\/\/www.gaveanews.com\/?s={search_term_string}"},"query-input":{"@type":"PropertyValueSpecification","valueRequired":true,"valueName":"search_term_string"}}],"inLanguage":"pt-BR"},{"@type":"Person","@id":"https:\/\/www.gaveanews.com\/#\/schema\/person\/f42654babcd2b2014a1a65af82b081f1","name":"Geovanna Thomaz","image":{"@type":"ImageObject","inLanguage":"pt-BR","@id":"https:\/\/www.gaveanews.com\/#\/schema\/person\/image\/","url":"https:\/\/secure.gravatar.com\/avatar\/4092073255489533afb558984b49b64268c47198af8623cc82a925ae9fb7118a?s=96&d=mm&r=g","contentUrl":"https:\/\/secure.gravatar.com\/avatar\/4092073255489533afb558984b49b64268c47198af8623cc82a925ae9fb7118a?s=96&d=mm&r=g","caption":"Geovanna Thomaz"}}]}},"_links":{"self":[{"href":"https:\/\/www.gaveanews.com\/index.php\/wp-json\/wp\/v2\/posts\/208619","targetHints":{"allow":["GET"]}}],"collection":[{"href":"https:\/\/www.gaveanews.com\/index.php\/wp-json\/wp\/v2\/posts"}],"about":[{"href":"https:\/\/www.gaveanews.com\/index.php\/wp-json\/wp\/v2\/types\/post"}],"author":[{"embeddable":true,"href":"https:\/\/www.gaveanews.com\/index.php\/wp-json\/wp\/v2\/users\/17"}],"replies":[{"embeddable":true,"href":"https:\/\/www.gaveanews.com\/index.php\/wp-json\/wp\/v2\/comments?post=208619"}],"version-history":[{"count":1,"href":"https:\/\/www.gaveanews.com\/index.php\/wp-json\/wp\/v2\/posts\/208619\/revisions"}],"predecessor-version":[{"id":208623,"href":"https:\/\/www.gaveanews.com\/index.php\/wp-json\/wp\/v2\/posts\/208619\/revisions\/208623"}],"wp:featuredmedia":[{"embeddable":true,"href":"https:\/\/www.gaveanews.com\/index.php\/wp-json\/wp\/v2\/media\/165925"}],"wp:attachment":[{"href":"https:\/\/www.gaveanews.com\/index.php\/wp-json\/wp\/v2\/media?parent=208619"}],"wp:term":[{"taxonomy":"category","embeddable":true,"href":"https:\/\/www.gaveanews.com\/index.php\/wp-json\/wp\/v2\/categories?post=208619"},{"taxonomy":"post_tag","embeddable":true,"href":"https:\/\/www.gaveanews.com\/index.php\/wp-json\/wp\/v2\/tags?post=208619"}],"curies":[{"name":"wp","href":"https:\/\/api.w.org\/{rel}","templated":true}]}}