{"id":208679,"date":"2025-01-07T10:50:00","date_gmt":"2025-01-07T13:50:00","guid":{"rendered":"https:\/\/www.gaveanews.com\/?p=208679"},"modified":"2025-01-07T02:15:28","modified_gmt":"2025-01-07T05:15:28","slug":"fluminense-a-declaracao-de-kaua-elias-apos-retornar-das-ferias-de-forma-antecipada","status":"publish","type":"post","link":"https:\/\/www.gaveanews.com\/index.php\/2025\/01\/07\/fluminense-a-declaracao-de-kaua-elias-apos-retornar-das-ferias-de-forma-antecipada\/","title":{"rendered":"Fluminense: a declara\u00e7\u00e3o de Kau\u00e3 Elias ap\u00f3s retornar das f\u00e9rias de forma antecipada"},"content":{"rendered":"\n<p>O Fluminense iniciou sua pr\u00e9-temporada com parte do elenco se reapresentando no CT Carlos Castilho. Alguns jogadores voltaram aos trabalhos no dia 02 de janeiro, enquanto aqueles que atuaram na \u00faltima rodada do Campeonato Brasileiro t\u00eam retorno previsto para o dia 08. No entanto, um dos destaques do time em 2024 decidiu antecipar sua volta.<\/p>\n\n\n\n<ul class=\"wp-block-list\">\n<li><a href=\"https:\/\/www.gaveanews.com\/index.php\/2025\/01\/06\/cbf-promove-alteracao-importante-para-a-copa-do-brasil-de-2025\/\">CBF promove altera\u00e7\u00e3o importante para a Copa do Brasil de 2025<\/a><\/li>\n\n\n\n<li><a href=\"https:\/\/www.gaveanews.com\/index.php\/2025\/01\/06\/walter-casagrande-aponta-os-times-queridinhos-da-rede-globo\/\">Walter Casagrande aponta os times queridinhos da Rede Globo<\/a><\/li>\n<\/ul>\n\n\n\n<p>O atacante Kau\u00e3 Elias, revelado pelas categorias de base do clube, retornou das f\u00e9rias dois dias antes do previsto e j\u00e1 iniciou sua prepara\u00e7\u00e3o para a temporada. Seu compromisso com a equipe foi evidenciado pelo desejo de come\u00e7ar os treinamentos antes da reapresenta\u00e7\u00e3o oficial.<\/p>\n\n\n\n<h2 class=\"wp-block-heading\" id=\"h-motivacao-do-atacante\">Motiva\u00e7\u00e3o do atacante<\/h2>\n\n\n\n<p>Em entrevista \u00e0 FluTV, Kau\u00e3 Elias explicou os motivos que o levaram a retornar mais cedo do per\u00edodo de descanso.<\/p>\n\n\n\n<p>&#8220;Bom demais. Estava ansioso j\u00e1 tamb\u00e9m, n\u00e9? Muito tempo de f\u00e9rias j\u00e1, estava ansioso para voltar para c\u00e1 j\u00e1. Agora \u2018vambora\u2019. Fazer uma temporada muito boa, se Deus quiser, com muitas vit\u00f3rias para a torcida tricolor e muitos t\u00edtulos. \u2018Bora!\u2019&#8221;, disse Kau\u00e3.<\/p>\n\n\n\n<p>A declara\u00e7\u00e3o do jogador demonstra sua determina\u00e7\u00e3o para a temporada que se inicia, al\u00e9m de refor\u00e7ar sua identifica\u00e7\u00e3o com o clube e sua torcida.<\/p>\n\n\n\n<h2 class=\"wp-block-heading\" id=\"h-importancia-na-temporada-anterior\">Import\u00e2ncia na temporada anterior<\/h2>\n\n\n\n<p>Apesar de ter encerrado o ano no banco de reservas, Kau\u00e3 Elias foi decisivo em momentos importantes do Fluminense na reta final do Campeonato Brasileiro. Ele marcou gols que garantiram vit\u00f3rias por 1 a 0 contra Cuiab\u00e1, Red Bull Bragantino e Bahia. Al\u00e9m disso, tamb\u00e9m balan\u00e7ou as redes no triunfo sobre o S\u00e3o Paulo por 2 a 0 e nos empates diante de Crici\u00fama e Gr\u00eamio. O atacante ainda deu uma assist\u00eancia para Lima na vit\u00f3ria sobre o Flamengo.<\/p>\n\n\n\n<p>Atualmente, Kau\u00e3 Elias est\u00e1 focado no recondicionamento f\u00edsico e tem feito trabalhos de fisiologia antes de retornar aos treinamentos no gramado.<\/p>\n","protected":false},"excerpt":{"rendered":"<p>O Fluminense iniciou sua pr\u00e9-temporada com parte do elenco se reapresentando no CT Carlos Castilho. Alguns jogadores voltaram aos trabalhos no dia 02 de janeiro, enquanto aqueles que atuaram na \u00faltima rodada do Campeonato Brasileiro t\u00eam retorno previsto para o dia 08. No entanto, um dos destaques do time em 2024 decidiu antecipar sua volta. [&hellip;]<\/p>\n","protected":false},"author":15,"featured_media":155609,"comment_status":"open","ping_status":"closed","sticky":false,"template":"","format":"standard","meta":{"footnotes":""},"categories":[145],"tags":[],"class_list":["post-208679","post","type-post","status-publish","format-standard","has-post-thumbnail","hentry","category-fluminense"],"yoast_head":"<!-- This site is optimized with the Yoast SEO Premium plugin v24.2 (Yoast SEO v26.9) - https:\/\/yoast.com\/product\/yoast-seo-premium-wordpress\/ -->\n<title>Fluminense: a declara\u00e7\u00e3o de Kau\u00e3 Elias ap\u00f3s retornar das f\u00e9rias de forma antecipada<\/title>\n<meta name=\"robots\" content=\"index, follow, max-snippet:-1, max-image-preview:large, max-video-preview:-1\" \/>\n<link rel=\"canonical\" href=\"https:\/\/www.gaveanews.com\/index.php\/2025\/01\/07\/fluminense-a-declaracao-de-kaua-elias-apos-retornar-das-ferias-de-forma-antecipada\/\" \/>\n<meta property=\"og:locale\" content=\"pt_BR\" \/>\n<meta property=\"og:type\" content=\"article\" \/>\n<meta property=\"og:title\" content=\"Fluminense: a declara\u00e7\u00e3o de Kau\u00e3 Elias ap\u00f3s retornar das f\u00e9rias de forma antecipada\" \/>\n<meta property=\"og:description\" content=\"O Fluminense iniciou sua pr\u00e9-temporada com parte do elenco se reapresentando no CT Carlos Castilho. Alguns jogadores voltaram aos trabalhos no dia 02 de janeiro, enquanto aqueles que atuaram na \u00faltima rodada do Campeonato Brasileiro t\u00eam retorno previsto para o dia 08. No entanto, um dos destaques do time em 2024 decidiu antecipar sua volta. [&hellip;]\" \/>\n<meta property=\"og:url\" content=\"https:\/\/www.gaveanews.com\/index.php\/2025\/01\/07\/fluminense-a-declaracao-de-kaua-elias-apos-retornar-das-ferias-de-forma-antecipada\/\" \/>\n<meta property=\"og:site_name\" content=\"G\u00e1vea News\" \/>\n<meta property=\"article:publisher\" content=\"https:\/\/facebook.com\/gaveaNews\/\" \/>\n<meta property=\"article:published_time\" content=\"2025-01-07T13:50:00+00:00\" \/>\n<meta property=\"og:image\" content=\"https:\/\/www.gaveanews.com\/wp-content\/uploads\/Kaua-Elias-vibra-apos-marcar-um-gol-pelo-Fluminense.webp\" \/>\n\t<meta property=\"og:image:width\" content=\"1080\" \/>\n\t<meta property=\"og:image:height\" content=\"1349\" \/>\n\t<meta property=\"og:image:type\" content=\"image\/jpeg\" \/>\n<meta name=\"author\" content=\"Henrique Machado\" \/>\n<meta name=\"twitter:card\" content=\"summary_large_image\" \/>\n<meta name=\"twitter:label1\" content=\"Escrito por\" \/>\n\t<meta name=\"twitter:data1\" content=\"Henrique Machado\" \/>\n\t<meta name=\"twitter:label2\" content=\"Est. tempo de leitura\" \/>\n\t<meta name=\"twitter:data2\" content=\"2 minutos\" \/>\n<script type=\"application\/ld+json\" class=\"yoast-schema-graph\">{\"@context\":\"https:\/\/schema.org\",\"@graph\":[{\"@type\":\"NewsArticle\",\"@id\":\"https:\/\/www.gaveanews.com\/index.php\/2025\/01\/07\/fluminense-a-declaracao-de-kaua-elias-apos-retornar-das-ferias-de-forma-antecipada\/#article\",\"isPartOf\":{\"@id\":\"https:\/\/www.gaveanews.com\/index.php\/2025\/01\/07\/fluminense-a-declaracao-de-kaua-elias-apos-retornar-das-ferias-de-forma-antecipada\/\"},\"author\":{\"name\":\"Henrique Machado\",\"@id\":\"https:\/\/www.gaveanews.com\/#\/schema\/person\/fd07635ec039ec3ba74ad18ec8a6dbd6\"},\"headline\":\"Fluminense: a declara\u00e7\u00e3o de Kau\u00e3 Elias ap\u00f3s retornar das f\u00e9rias de forma antecipada\",\"datePublished\":\"2025-01-07T13:50:00+00:00\",\"mainEntityOfPage\":{\"@id\":\"https:\/\/www.gaveanews.com\/index.php\/2025\/01\/07\/fluminense-a-declaracao-de-kaua-elias-apos-retornar-das-ferias-de-forma-antecipada\/\"},\"wordCount\":348,\"commentCount\":0,\"image\":{\"@id\":\"https:\/\/www.gaveanews.com\/index.php\/2025\/01\/07\/fluminense-a-declaracao-de-kaua-elias-apos-retornar-das-ferias-de-forma-antecipada\/#primaryimage\"},\"thumbnailUrl\":\"https:\/\/www.gaveanews.com\/wp-content\/uploads\/Kaua-Elias-vibra-apos-marcar-um-gol-pelo-Fluminense.webp\",\"articleSection\":[\"Fluminense\"],\"inLanguage\":\"pt-BR\",\"potentialAction\":[{\"@type\":\"CommentAction\",\"name\":\"Comment\",\"target\":[\"https:\/\/www.gaveanews.com\/index.php\/2025\/01\/07\/fluminense-a-declaracao-de-kaua-elias-apos-retornar-das-ferias-de-forma-antecipada\/#respond\"]}],\"copyrightYear\":\"2025\",\"copyrightHolder\":{\"@id\":\"https:\/\/www.gaveanews.com\/#organization\"}},{\"@type\":\"WebPage\",\"@id\":\"https:\/\/www.gaveanews.com\/index.php\/2025\/01\/07\/fluminense-a-declaracao-de-kaua-elias-apos-retornar-das-ferias-de-forma-antecipada\/\",\"url\":\"https:\/\/www.gaveanews.com\/index.php\/2025\/01\/07\/fluminense-a-declaracao-de-kaua-elias-apos-retornar-das-ferias-de-forma-antecipada\/\",\"name\":\"Fluminense: a declara\u00e7\u00e3o de Kau\u00e3 Elias ap\u00f3s retornar das f\u00e9rias de forma antecipada\",\"isPartOf\":{\"@id\":\"https:\/\/www.gaveanews.com\/#website\"},\"primaryImageOfPage\":{\"@id\":\"https:\/\/www.gaveanews.com\/index.php\/2025\/01\/07\/fluminense-a-declaracao-de-kaua-elias-apos-retornar-das-ferias-de-forma-antecipada\/#primaryimage\"},\"image\":{\"@id\":\"https:\/\/www.gaveanews.com\/index.php\/2025\/01\/07\/fluminense-a-declaracao-de-kaua-elias-apos-retornar-das-ferias-de-forma-antecipada\/#primaryimage\"},\"thumbnailUrl\":\"https:\/\/www.gaveanews.com\/wp-content\/uploads\/Kaua-Elias-vibra-apos-marcar-um-gol-pelo-Fluminense.webp\",\"datePublished\":\"2025-01-07T13:50:00+00:00\",\"author\":{\"@id\":\"https:\/\/www.gaveanews.com\/#\/schema\/person\/fd07635ec039ec3ba74ad18ec8a6dbd6\"},\"breadcrumb\":{\"@id\":\"https:\/\/www.gaveanews.com\/index.php\/2025\/01\/07\/fluminense-a-declaracao-de-kaua-elias-apos-retornar-das-ferias-de-forma-antecipada\/#breadcrumb\"},\"inLanguage\":\"pt-BR\",\"potentialAction\":[{\"@type\":\"ReadAction\",\"target\":[\"https:\/\/www.gaveanews.com\/index.php\/2025\/01\/07\/fluminense-a-declaracao-de-kaua-elias-apos-retornar-das-ferias-de-forma-antecipada\/\"]}]},{\"@type\":\"ImageObject\",\"inLanguage\":\"pt-BR\",\"@id\":\"https:\/\/www.gaveanews.com\/index.php\/2025\/01\/07\/fluminense-a-declaracao-de-kaua-elias-apos-retornar-das-ferias-de-forma-antecipada\/#primaryimage\",\"url\":\"https:\/\/www.gaveanews.com\/wp-content\/uploads\/Kaua-Elias-vibra-apos-marcar-um-gol-pelo-Fluminense.webp\",\"contentUrl\":\"https:\/\/www.gaveanews.com\/wp-content\/uploads\/Kaua-Elias-vibra-apos-marcar-um-gol-pelo-Fluminense.webp\",\"width\":1080,\"height\":1349,\"caption\":\"Kau\u00e3 Elias vibra ap\u00f3s marcar um gol pelo Fluminense (Foto: Reprodu\u00e7\u00e3o\/Instagram)\"},{\"@type\":\"BreadcrumbList\",\"@id\":\"https:\/\/www.gaveanews.com\/index.php\/2025\/01\/07\/fluminense-a-declaracao-de-kaua-elias-apos-retornar-das-ferias-de-forma-antecipada\/#breadcrumb\",\"itemListElement\":[{\"@type\":\"ListItem\",\"position\":1,\"name\":\"Home\",\"item\":\"https:\/\/www.gaveanews.com\/\"},{\"@type\":\"ListItem\",\"position\":2,\"name\":\"Fluminense: a declara\u00e7\u00e3o de Kau\u00e3 Elias ap\u00f3s retornar das f\u00e9rias de forma antecipada\"}]},{\"@type\":\"WebSite\",\"@id\":\"https:\/\/www.gaveanews.com\/#website\",\"url\":\"https:\/\/www.gaveanews.com\/\",\"name\":\"G\u00e1vea News\",\"description\":\"Veja todas as not\u00edcias sobre o Flamengo: Contrata\u00e7\u00f5es, categorias de base, resultados das partidas, tabela de classifica\u00e7\u00e3o, pr\u00f3ximos jogos!\",\"potentialAction\":[{\"@type\":\"SearchAction\",\"target\":{\"@type\":\"EntryPoint\",\"urlTemplate\":\"https:\/\/www.gaveanews.com\/?s={search_term_string}\"},\"query-input\":{\"@type\":\"PropertyValueSpecification\",\"valueRequired\":true,\"valueName\":\"search_term_string\"}}],\"inLanguage\":\"pt-BR\"},{\"@type\":\"Person\",\"@id\":\"https:\/\/www.gaveanews.com\/#\/schema\/person\/fd07635ec039ec3ba74ad18ec8a6dbd6\",\"name\":\"Henrique Machado\",\"image\":{\"@type\":\"ImageObject\",\"inLanguage\":\"pt-BR\",\"@id\":\"https:\/\/www.gaveanews.com\/#\/schema\/person\/image\/\",\"url\":\"https:\/\/secure.gravatar.com\/avatar\/b95e35997e01d9800c1b6184bd79d4d898d370a3fce2584f5c77b907d5c7d9e9?s=96&d=mm&r=g\",\"contentUrl\":\"https:\/\/secure.gravatar.com\/avatar\/b95e35997e01d9800c1b6184bd79d4d898d370a3fce2584f5c77b907d5c7d9e9?s=96&d=mm&r=g\",\"caption\":\"Henrique Machado\"}}]}<\/script>\n<!-- \/ Yoast SEO Premium plugin. -->","yoast_head_json":{"title":"Fluminense: a declara\u00e7\u00e3o de Kau\u00e3 Elias ap\u00f3s retornar das f\u00e9rias de forma antecipada","robots":{"index":"index","follow":"follow","max-snippet":"max-snippet:-1","max-image-preview":"max-image-preview:large","max-video-preview":"max-video-preview:-1"},"canonical":"https:\/\/www.gaveanews.com\/index.php\/2025\/01\/07\/fluminense-a-declaracao-de-kaua-elias-apos-retornar-das-ferias-de-forma-antecipada\/","og_locale":"pt_BR","og_type":"article","og_title":"Fluminense: a declara\u00e7\u00e3o de Kau\u00e3 Elias ap\u00f3s retornar das f\u00e9rias de forma antecipada","og_description":"O Fluminense iniciou sua pr\u00e9-temporada com parte do elenco se reapresentando no CT Carlos Castilho. Alguns jogadores voltaram aos trabalhos no dia 02 de janeiro, enquanto aqueles que atuaram na \u00faltima rodada do Campeonato Brasileiro t\u00eam retorno previsto para o dia 08. No entanto, um dos destaques do time em 2024 decidiu antecipar sua volta. [&hellip;]","og_url":"https:\/\/www.gaveanews.com\/index.php\/2025\/01\/07\/fluminense-a-declaracao-de-kaua-elias-apos-retornar-das-ferias-de-forma-antecipada\/","og_site_name":"G\u00e1vea News","article_publisher":"https:\/\/facebook.com\/gaveaNews\/","article_published_time":"2025-01-07T13:50:00+00:00","og_image":[{"width":1080,"height":1349,"url":"https:\/\/www.gaveanews.com\/wp-content\/uploads\/Kaua-Elias-vibra-apos-marcar-um-gol-pelo-Fluminense.webp","type":"image\/jpeg"}],"author":"Henrique Machado","twitter_card":"summary_large_image","twitter_misc":{"Escrito por":"Henrique Machado","Est. tempo de leitura":"2 minutos"},"schema":{"@context":"https:\/\/schema.org","@graph":[{"@type":"NewsArticle","@id":"https:\/\/www.gaveanews.com\/index.php\/2025\/01\/07\/fluminense-a-declaracao-de-kaua-elias-apos-retornar-das-ferias-de-forma-antecipada\/#article","isPartOf":{"@id":"https:\/\/www.gaveanews.com\/index.php\/2025\/01\/07\/fluminense-a-declaracao-de-kaua-elias-apos-retornar-das-ferias-de-forma-antecipada\/"},"author":{"name":"Henrique Machado","@id":"https:\/\/www.gaveanews.com\/#\/schema\/person\/fd07635ec039ec3ba74ad18ec8a6dbd6"},"headline":"Fluminense: a declara\u00e7\u00e3o de Kau\u00e3 Elias ap\u00f3s retornar das f\u00e9rias de forma antecipada","datePublished":"2025-01-07T13:50:00+00:00","mainEntityOfPage":{"@id":"https:\/\/www.gaveanews.com\/index.php\/2025\/01\/07\/fluminense-a-declaracao-de-kaua-elias-apos-retornar-das-ferias-de-forma-antecipada\/"},"wordCount":348,"commentCount":0,"image":{"@id":"https:\/\/www.gaveanews.com\/index.php\/2025\/01\/07\/fluminense-a-declaracao-de-kaua-elias-apos-retornar-das-ferias-de-forma-antecipada\/#primaryimage"},"thumbnailUrl":"https:\/\/www.gaveanews.com\/wp-content\/uploads\/Kaua-Elias-vibra-apos-marcar-um-gol-pelo-Fluminense.webp","articleSection":["Fluminense"],"inLanguage":"pt-BR","potentialAction":[{"@type":"CommentAction","name":"Comment","target":["https:\/\/www.gaveanews.com\/index.php\/2025\/01\/07\/fluminense-a-declaracao-de-kaua-elias-apos-retornar-das-ferias-de-forma-antecipada\/#respond"]}],"copyrightYear":"2025","copyrightHolder":{"@id":"https:\/\/www.gaveanews.com\/#organization"}},{"@type":"WebPage","@id":"https:\/\/www.gaveanews.com\/index.php\/2025\/01\/07\/fluminense-a-declaracao-de-kaua-elias-apos-retornar-das-ferias-de-forma-antecipada\/","url":"https:\/\/www.gaveanews.com\/index.php\/2025\/01\/07\/fluminense-a-declaracao-de-kaua-elias-apos-retornar-das-ferias-de-forma-antecipada\/","name":"Fluminense: a declara\u00e7\u00e3o de Kau\u00e3 Elias ap\u00f3s retornar das f\u00e9rias de forma antecipada","isPartOf":{"@id":"https:\/\/www.gaveanews.com\/#website"},"primaryImageOfPage":{"@id":"https:\/\/www.gaveanews.com\/index.php\/2025\/01\/07\/fluminense-a-declaracao-de-kaua-elias-apos-retornar-das-ferias-de-forma-antecipada\/#primaryimage"},"image":{"@id":"https:\/\/www.gaveanews.com\/index.php\/2025\/01\/07\/fluminense-a-declaracao-de-kaua-elias-apos-retornar-das-ferias-de-forma-antecipada\/#primaryimage"},"thumbnailUrl":"https:\/\/www.gaveanews.com\/wp-content\/uploads\/Kaua-Elias-vibra-apos-marcar-um-gol-pelo-Fluminense.webp","datePublished":"2025-01-07T13:50:00+00:00","author":{"@id":"https:\/\/www.gaveanews.com\/#\/schema\/person\/fd07635ec039ec3ba74ad18ec8a6dbd6"},"breadcrumb":{"@id":"https:\/\/www.gaveanews.com\/index.php\/2025\/01\/07\/fluminense-a-declaracao-de-kaua-elias-apos-retornar-das-ferias-de-forma-antecipada\/#breadcrumb"},"inLanguage":"pt-BR","potentialAction":[{"@type":"ReadAction","target":["https:\/\/www.gaveanews.com\/index.php\/2025\/01\/07\/fluminense-a-declaracao-de-kaua-elias-apos-retornar-das-ferias-de-forma-antecipada\/"]}]},{"@type":"ImageObject","inLanguage":"pt-BR","@id":"https:\/\/www.gaveanews.com\/index.php\/2025\/01\/07\/fluminense-a-declaracao-de-kaua-elias-apos-retornar-das-ferias-de-forma-antecipada\/#primaryimage","url":"https:\/\/www.gaveanews.com\/wp-content\/uploads\/Kaua-Elias-vibra-apos-marcar-um-gol-pelo-Fluminense.webp","contentUrl":"https:\/\/www.gaveanews.com\/wp-content\/uploads\/Kaua-Elias-vibra-apos-marcar-um-gol-pelo-Fluminense.webp","width":1080,"height":1349,"caption":"Kau\u00e3 Elias vibra ap\u00f3s marcar um gol pelo Fluminense (Foto: Reprodu\u00e7\u00e3o\/Instagram)"},{"@type":"BreadcrumbList","@id":"https:\/\/www.gaveanews.com\/index.php\/2025\/01\/07\/fluminense-a-declaracao-de-kaua-elias-apos-retornar-das-ferias-de-forma-antecipada\/#breadcrumb","itemListElement":[{"@type":"ListItem","position":1,"name":"Home","item":"https:\/\/www.gaveanews.com\/"},{"@type":"ListItem","position":2,"name":"Fluminense: a declara\u00e7\u00e3o de Kau\u00e3 Elias ap\u00f3s retornar das f\u00e9rias de forma antecipada"}]},{"@type":"WebSite","@id":"https:\/\/www.gaveanews.com\/#website","url":"https:\/\/www.gaveanews.com\/","name":"G\u00e1vea News","description":"Veja todas as not\u00edcias sobre o Flamengo: Contrata\u00e7\u00f5es, categorias de base, resultados das partidas, tabela de classifica\u00e7\u00e3o, pr\u00f3ximos jogos!","potentialAction":[{"@type":"SearchAction","target":{"@type":"EntryPoint","urlTemplate":"https:\/\/www.gaveanews.com\/?s={search_term_string}"},"query-input":{"@type":"PropertyValueSpecification","valueRequired":true,"valueName":"search_term_string"}}],"inLanguage":"pt-BR"},{"@type":"Person","@id":"https:\/\/www.gaveanews.com\/#\/schema\/person\/fd07635ec039ec3ba74ad18ec8a6dbd6","name":"Henrique Machado","image":{"@type":"ImageObject","inLanguage":"pt-BR","@id":"https:\/\/www.gaveanews.com\/#\/schema\/person\/image\/","url":"https:\/\/secure.gravatar.com\/avatar\/b95e35997e01d9800c1b6184bd79d4d898d370a3fce2584f5c77b907d5c7d9e9?s=96&d=mm&r=g","contentUrl":"https:\/\/secure.gravatar.com\/avatar\/b95e35997e01d9800c1b6184bd79d4d898d370a3fce2584f5c77b907d5c7d9e9?s=96&d=mm&r=g","caption":"Henrique Machado"}}]}},"_links":{"self":[{"href":"https:\/\/www.gaveanews.com\/index.php\/wp-json\/wp\/v2\/posts\/208679","targetHints":{"allow":["GET"]}}],"collection":[{"href":"https:\/\/www.gaveanews.com\/index.php\/wp-json\/wp\/v2\/posts"}],"about":[{"href":"https:\/\/www.gaveanews.com\/index.php\/wp-json\/wp\/v2\/types\/post"}],"author":[{"embeddable":true,"href":"https:\/\/www.gaveanews.com\/index.php\/wp-json\/wp\/v2\/users\/15"}],"replies":[{"embeddable":true,"href":"https:\/\/www.gaveanews.com\/index.php\/wp-json\/wp\/v2\/comments?post=208679"}],"version-history":[{"count":2,"href":"https:\/\/www.gaveanews.com\/index.php\/wp-json\/wp\/v2\/posts\/208679\/revisions"}],"predecessor-version":[{"id":208697,"href":"https:\/\/www.gaveanews.com\/index.php\/wp-json\/wp\/v2\/posts\/208679\/revisions\/208697"}],"wp:featuredmedia":[{"embeddable":true,"href":"https:\/\/www.gaveanews.com\/index.php\/wp-json\/wp\/v2\/media\/155609"}],"wp:attachment":[{"href":"https:\/\/www.gaveanews.com\/index.php\/wp-json\/wp\/v2\/media?parent=208679"}],"wp:term":[{"taxonomy":"category","embeddable":true,"href":"https:\/\/www.gaveanews.com\/index.php\/wp-json\/wp\/v2\/categories?post=208679"},{"taxonomy":"post_tag","embeddable":true,"href":"https:\/\/www.gaveanews.com\/index.php\/wp-json\/wp\/v2\/tags?post=208679"}],"curies":[{"name":"wp","href":"https:\/\/api.w.org\/{rel}","templated":true}]}}