{"id":208735,"date":"2025-01-07T07:05:00","date_gmt":"2025-01-07T10:05:00","guid":{"rendered":"https:\/\/www.gaveanews.com\/?p=208735"},"modified":"2025-01-07T01:14:58","modified_gmt":"2025-01-07T04:14:58","slug":"provocacao-de-gabigol-mira-de-rival-e-declaracao-de-nicola-as-ultimas-noticias-do-atletico-mg","status":"publish","type":"post","link":"https:\/\/www.gaveanews.com\/index.php\/2025\/01\/07\/provocacao-de-gabigol-mira-de-rival-e-declaracao-de-nicola-as-ultimas-noticias-do-atletico-mg\/","title":{"rendered":"Provoca\u00e7\u00e3o de Gabigol, mira de rival e declara\u00e7\u00e3o de Nicola: as \u00faltimas not\u00edcias do Atl\u00e9tico-MG"},"content":{"rendered":"\n<p>Nas \u00faltimas horas, o foco das not\u00edcias sobre o Atl\u00e9tico-Mg se concentram nos bastidores do clube, com destaques do dia a dia do time.<\/p>\n\n\n\n<p>Por conta deste contexto, leia abaixo um resumo preparado pela equipe do portal G\u00e1vea News para lhe manter muito bem informado!<\/p>\n\n\n\n<h2 class=\"wp-block-heading\" id=\"h-declaracao-de-nicola\">Declara\u00e7\u00e3o de Nicola<\/h2>\n\n\n\n<p>O Atl\u00e9tico-MG busca refor\u00e7ar seu elenco para a temporada 2025 ap\u00f3s as frustra\u00e7\u00f5es de 2024, quando foi vice-campe\u00e3o da Copa do Brasil e da Libertadores. Com a sa\u00edda de Paulinho para o Palmeiras, o Galo procura um substituto \u00e0 altura e demonstrou interesse em diversos nomes, incluindo Bruno Henrique, do Flamengo. No entanto, segundo o jornalista Jorge Nicola, as negocia\u00e7\u00f5es com o atacante ainda n\u00e3o foram iniciadas, e o empres\u00e1rio de Bruno Henrique negou qualquer contato at\u00e9 o momento.<\/p>\n\n\n\n<figure class=\"wp-block-image size-large\"><img loading=\"lazy\" decoding=\"async\" width=\"1024\" height=\"576\" src=\"https:\/\/www.gaveanews.com\/wp-content\/uploads\/Jorge-Nicola-durante-a-programacao-da-ESPN-Brasil-1024x576.webp\" alt=\"\" class=\"wp-image-52051\" srcset=\"https:\/\/www.gaveanews.com\/wp-content\/uploads\/Jorge-Nicola-durante-a-programacao-da-ESPN-Brasil-1024x576.webp 1024w, https:\/\/www.gaveanews.com\/wp-content\/uploads\/Jorge-Nicola-durante-a-programacao-da-ESPN-Brasil-300x169.webp 300w, https:\/\/www.gaveanews.com\/wp-content\/uploads\/Jorge-Nicola-durante-a-programacao-da-ESPN-Brasil-768x432.webp 768w, https:\/\/www.gaveanews.com\/wp-content\/uploads\/Jorge-Nicola-durante-a-programacao-da-ESPN-Brasil-747x420.webp 747w, https:\/\/www.gaveanews.com\/wp-content\/uploads\/Jorge-Nicola-durante-a-programacao-da-ESPN-Brasil-640x360.webp 640w, https:\/\/www.gaveanews.com\/wp-content\/uploads\/Jorge-Nicola-durante-a-programacao-da-ESPN-Brasil-681x383.webp 681w, https:\/\/www.gaveanews.com\/wp-content\/uploads\/Jorge-Nicola-durante-a-programacao-da-ESPN-Brasil-100x56.webp 100w, https:\/\/www.gaveanews.com\/wp-content\/uploads\/Jorge-Nicola-durante-a-programacao-da-ESPN-Brasil.webp 1200w\" sizes=\"auto, (max-width: 1024px) 100vw, 1024px\" \/><figcaption class=\"wp-element-caption\">Jorge Nicola durante a programa\u00e7\u00e3o da ESPN Brasil (Foto: Reprodu\u00e7\u00e3o)<\/figcaption><\/figure>\n\n\n\n<p>Nicola revelou que o Atl\u00e9tico tamb\u00e9m sondou outros jogadores, como Soteldo, J\u00fanior Santos e Artur, al\u00e9m de Rony, do Palmeiras, mas at\u00e9 agora nenhuma contrata\u00e7\u00e3o foi confirmada. <\/p>\n\n\n\n<p>O Flamengo, por sua vez, deve dificultar uma poss\u00edvel sa\u00edda de Bruno Henrique, visto que o atleta \u00e9 uma das pe\u00e7as mais importantes do elenco, com contrato at\u00e9 dezembro de 2026 e sal\u00e1rio de R$ 1,5 milh\u00e3o por m\u00eas.<\/p>\n\n\n\n<p>Diante disso, o Galo segue em busca de refor\u00e7os pontuais para se fortalecer em 2025 e tentar uma temporada de reden\u00e7\u00e3o. A torcida, no entanto, aguarda ansiosa para saber quem ocupar\u00e1 o lugar deixado por Paulinho, enquanto o clube trabalha nos bastidores para atender \u00e0s expectativas e seguir competitivo em todas as competi\u00e7\u00f5es.<\/p>\n\n\n\n<h2 class=\"wp-block-heading\" id=\"h-mira-de-rival\">Mira de rival<\/h2>\n\n\n\n<p>O Vasco segue movimentando o mercado da bola em busca de refor\u00e7os experientes para a temporada de 2025, com prioridade para a zaga. Dois nomes v\u00eam ganhando destaque nas negocia\u00e7\u00f5es: Samir, ex-Flamengo e atualmente no Tigres do M\u00e9xico, e Maur\u00edcio Lemos, do Atl\u00e9tico-MG. Ambos t\u00eam passagens pelo futebol europeu e podem trazer a consist\u00eancia necess\u00e1ria para a defesa do Cruz-Maltino, que j\u00e1 contratou Lucas Oliveira e Lucas Freitas, mas ainda busca mais op\u00e7\u00f5es para o setor.<\/p>\n\n\n\n<figure class=\"wp-block-image size-large\"><img loading=\"lazy\" decoding=\"async\" width=\"1024\" height=\"768\" src=\"https:\/\/www.gaveanews.com\/wp-content\/uploads\/Camisa-do-Vasco-2024-1024x768.webp\" alt=\"\" class=\"wp-image-161261\" srcset=\"https:\/\/www.gaveanews.com\/wp-content\/uploads\/Camisa-do-Vasco-2024-1024x768.webp 1024w, https:\/\/www.gaveanews.com\/wp-content\/uploads\/Camisa-do-Vasco-2024-300x225.webp 300w, https:\/\/www.gaveanews.com\/wp-content\/uploads\/Camisa-do-Vasco-2024-768x576.webp 768w, https:\/\/www.gaveanews.com\/wp-content\/uploads\/Camisa-do-Vasco-2024-560x420.webp 560w, https:\/\/www.gaveanews.com\/wp-content\/uploads\/Camisa-do-Vasco-2024-80x60.webp 80w, https:\/\/www.gaveanews.com\/wp-content\/uploads\/Camisa-do-Vasco-2024-160x120.webp 160w, https:\/\/www.gaveanews.com\/wp-content\/uploads\/Camisa-do-Vasco-2024-100x75.webp 100w, https:\/\/www.gaveanews.com\/wp-content\/uploads\/Camisa-do-Vasco-2024-200x150.webp 200w, https:\/\/www.gaveanews.com\/wp-content\/uploads\/Camisa-do-Vasco-2024-180x135.webp 180w, https:\/\/www.gaveanews.com\/wp-content\/uploads\/Camisa-do-Vasco-2024-360x270.webp 360w, https:\/\/www.gaveanews.com\/wp-content\/uploads\/Camisa-do-Vasco-2024-238x178.webp 238w, https:\/\/www.gaveanews.com\/wp-content\/uploads\/Camisa-do-Vasco-2024-476x356.webp 476w, https:\/\/www.gaveanews.com\/wp-content\/uploads\/Camisa-do-Vasco-2024-640x480.webp 640w, https:\/\/www.gaveanews.com\/wp-content\/uploads\/Camisa-do-Vasco-2024-681x511.webp 681w, https:\/\/www.gaveanews.com\/wp-content\/uploads\/Camisa-do-Vasco-2024.webp 1059w\" sizes=\"auto, (max-width: 1024px) 100vw, 1024px\" \/><figcaption class=\"wp-element-caption\">Camisa do Vasco 2024 (Foto: Reprodu\u00e7\u00e3o\/Instagram)<\/figcaption><\/figure>\n\n\n\n<p>Samir, de 30 anos, iniciou sua carreira no Flamengo e acumulou experi\u00eancia internacional com passagens por Udinese, Watford e Tigres. Seu nome foi oferecido ao Vasco e est\u00e1 sendo avaliado pela diretoria, que enxerga nele um refor\u00e7o de peso para a zaga. J\u00e1 Maur\u00edcio Lemos, zagueiro uruguaio do Atl\u00e9tico-MG, perdeu espa\u00e7o no elenco mineiro e surge como uma op\u00e7\u00e3o vi\u00e1vel, especialmente se houver uma rescis\u00e3o de contrato. O Vasco tenta reabrir as negocia\u00e7\u00f5es, que haviam esfriado no ano passado, visando dar ao jogador mais tempo de jogo.<\/p>\n\n\n\n<p>Al\u00e9m desses dois, o Vasco tamb\u00e9m monitora outras possibilidades, como a contrata\u00e7\u00e3o de Fabi\u00e1n Balbuena, do D\u00ednamo Moscou. O t\u00e9cnico Fabio Carille tem priorizado a solidez defensiva na reformula\u00e7\u00e3o do elenco, com o objetivo de montar uma equipe competitiva para brigar por t\u00edtulos em 2025. Mesmo diante da complexidade das transa\u00e7\u00f5es, a diretoria cruzmaltina segue determinada a garantir refor\u00e7os estrat\u00e9gicos para a nova temporada.<\/p>\n\n\n\n<h2 class=\"wp-block-heading\" id=\"h-provocacao-de-gabigol\">Provoca\u00e7\u00e3o de Gabigol<\/h2>\n\n\n\n<p>O clima esquentou entre Cruzeiro e Atl\u00e9tico-MG ap\u00f3s a apresenta\u00e7\u00e3o de Gabigol no Mineir\u00e3o, no \u00faltimo s\u00e1bado (4). Durante o evento, o novo atacante da Raposa provocou o rival ao afirmar que &#8220;o maior de Minas \u00e9 o Cruzeiro&#8221;, al\u00e9m de lembrar que conquistou seu primeiro t\u00edtulo na Arena MRV ao vencer o Galo na final da Copa do Brasil de 2024. O meio-campista Christian, tamb\u00e9m rec\u00e9m-contratado pelo Cruzeiro, refor\u00e7ou a provoca\u00e7\u00e3o ao dizer que &#8220;s\u00f3 existe um grande em Minas&#8221;. As declara\u00e7\u00f5es n\u00e3o passaram despercebidas, e o zagueiro Lyanco, do Atl\u00e9tico, respondeu pelas redes sociais: &#8220;Deixa comigo\u2026 maior s\u00f3 tem um, Atl\u00e9tico-MG&#8221;.<\/p>\n\n\n\n<figure class=\"wp-block-image size-large\"><img loading=\"lazy\" decoding=\"async\" width=\"1024\" height=\"768\" src=\"https:\/\/www.gaveanews.com\/wp-content\/uploads\/Gabigol-com-a-camisa-do-Cruzeiro-1024x768.webp\" alt=\"\" class=\"wp-image-206773\" srcset=\"https:\/\/www.gaveanews.com\/wp-content\/uploads\/Gabigol-com-a-camisa-do-Cruzeiro-1024x768.webp 1024w, https:\/\/www.gaveanews.com\/wp-content\/uploads\/Gabigol-com-a-camisa-do-Cruzeiro-300x225.webp 300w, https:\/\/www.gaveanews.com\/wp-content\/uploads\/Gabigol-com-a-camisa-do-Cruzeiro-768x576.webp 768w, https:\/\/www.gaveanews.com\/wp-content\/uploads\/Gabigol-com-a-camisa-do-Cruzeiro-560x420.webp 560w, https:\/\/www.gaveanews.com\/wp-content\/uploads\/Gabigol-com-a-camisa-do-Cruzeiro-1119x840.webp 1119w, https:\/\/www.gaveanews.com\/wp-content\/uploads\/Gabigol-com-a-camisa-do-Cruzeiro-80x60.webp 80w, https:\/\/www.gaveanews.com\/wp-content\/uploads\/Gabigol-com-a-camisa-do-Cruzeiro-160x120.webp 160w, https:\/\/www.gaveanews.com\/wp-content\/uploads\/Gabigol-com-a-camisa-do-Cruzeiro-100x75.webp 100w, https:\/\/www.gaveanews.com\/wp-content\/uploads\/Gabigol-com-a-camisa-do-Cruzeiro-200x150.webp 200w, https:\/\/www.gaveanews.com\/wp-content\/uploads\/Gabigol-com-a-camisa-do-Cruzeiro-180x135.webp 180w, https:\/\/www.gaveanews.com\/wp-content\/uploads\/Gabigol-com-a-camisa-do-Cruzeiro-360x270.webp 360w, https:\/\/www.gaveanews.com\/wp-content\/uploads\/Gabigol-com-a-camisa-do-Cruzeiro-238x178.webp 238w, https:\/\/www.gaveanews.com\/wp-content\/uploads\/Gabigol-com-a-camisa-do-Cruzeiro-476x356.webp 476w, https:\/\/www.gaveanews.com\/wp-content\/uploads\/Gabigol-com-a-camisa-do-Cruzeiro-640x480.webp 640w, https:\/\/www.gaveanews.com\/wp-content\/uploads\/Gabigol-com-a-camisa-do-Cruzeiro-1280x960.webp 1280w, https:\/\/www.gaveanews.com\/wp-content\/uploads\/Gabigol-com-a-camisa-do-Cruzeiro-681x511.webp 681w, https:\/\/www.gaveanews.com\/wp-content\/uploads\/Gabigol-com-a-camisa-do-Cruzeiro.webp 1350w\" sizes=\"auto, (max-width: 1024px) 100vw, 1024px\" \/><figcaption class=\"wp-element-caption\">Gabigol com a camisa do Cruzeiro (Foto: Reprodu\u00e7\u00e3o\/Instagram)<\/figcaption><\/figure>\n\n\n\n<p>As provoca\u00e7\u00f5es aumentaram a expectativa para os cl\u00e1ssicos deste ano. Cruzeiro e Atl\u00e9tico se enfrentar\u00e3o pela primeira vez em 2025 no dia 18 de janeiro, em um amistoso de pr\u00e9-temporada. J\u00e1 o primeiro duelo oficial ser\u00e1 no dia 9 de fevereiro, no Mineir\u00e3o, pela s\u00e9tima rodada do Campeonato Mineiro. A rivalidade entre as equipes, j\u00e1 intensa, ganhou mais combust\u00edvel com as declara\u00e7\u00f5es de Gabigol e a resposta do zagueiro atleticano, prometendo partidas eletrizantes.<\/p>\n\n\n\n<p>Enquanto o Cruzeiro j\u00e1 embarcou para os Estados Unidos para sua pr\u00e9-temporada, incluindo novos refor\u00e7os como Christian e Fabr\u00edcio Bruno, o Atl\u00e9tico segue se preparando para a temporada sob o comando de Cuca. A disputa entre os dois gigantes mineiros promete ser acirrada, e os torcedores aguardam ansiosamente os duelos que marcar\u00e3o mais um cap\u00edtulo da hist\u00f3rica rivalidade.<\/p>\n","protected":false},"excerpt":{"rendered":"<p>Nas \u00faltimas horas, o foco das not\u00edcias sobre o Atl\u00e9tico-Mg se concentram nos bastidores do clube, com destaques do dia a dia do time. Por conta deste contexto, leia abaixo um resumo preparado pela equipe do portal G\u00e1vea News para lhe manter muito bem informado! Declara\u00e7\u00e3o de Nicola O Atl\u00e9tico-MG busca refor\u00e7ar seu elenco para [&hellip;]<\/p>\n","protected":false},"author":27,"featured_media":153999,"comment_status":"open","ping_status":"closed","sticky":false,"template":"","format":"standard","meta":{"footnotes":""},"categories":[136],"tags":[],"class_list":["post-208735","post","type-post","status-publish","format-standard","has-post-thumbnail","hentry","category-atletico-mg"],"yoast_head":"<!-- This site is optimized with the Yoast SEO Premium plugin v24.2 (Yoast SEO v26.9) - https:\/\/yoast.com\/product\/yoast-seo-premium-wordpress\/ -->\n<title>Provoca\u00e7\u00e3o de Gabigol, mira de rival e declara\u00e7\u00e3o de Nicola: as \u00faltimas not\u00edcias do Atl\u00e9tico-MG<\/title>\n<meta name=\"robots\" content=\"index, follow, max-snippet:-1, max-image-preview:large, max-video-preview:-1\" \/>\n<link rel=\"canonical\" href=\"https:\/\/www.gaveanews.com\/index.php\/2025\/01\/07\/provocacao-de-gabigol-mira-de-rival-e-declaracao-de-nicola-as-ultimas-noticias-do-atletico-mg\/\" \/>\n<meta property=\"og:locale\" content=\"pt_BR\" \/>\n<meta property=\"og:type\" content=\"article\" \/>\n<meta property=\"og:title\" content=\"Provoca\u00e7\u00e3o de Gabigol, mira de rival e declara\u00e7\u00e3o de Nicola: as \u00faltimas not\u00edcias do Atl\u00e9tico-MG\" \/>\n<meta property=\"og:description\" content=\"Nas \u00faltimas horas, o foco das not\u00edcias sobre o Atl\u00e9tico-Mg se concentram nos bastidores do clube, com destaques do dia a dia do time. Por conta deste contexto, leia abaixo um resumo preparado pela equipe do portal G\u00e1vea News para lhe manter muito bem informado! Declara\u00e7\u00e3o de Nicola O Atl\u00e9tico-MG busca refor\u00e7ar seu elenco para [&hellip;]\" \/>\n<meta property=\"og:url\" content=\"https:\/\/www.gaveanews.com\/index.php\/2025\/01\/07\/provocacao-de-gabigol-mira-de-rival-e-declaracao-de-nicola-as-ultimas-noticias-do-atletico-mg\/\" \/>\n<meta property=\"og:site_name\" content=\"G\u00e1vea News\" \/>\n<meta property=\"article:publisher\" content=\"https:\/\/facebook.com\/gaveaNews\/\" \/>\n<meta property=\"article:published_time\" content=\"2025-01-07T10:05:00+00:00\" \/>\n<meta property=\"og:image\" content=\"https:\/\/www.gaveanews.com\/wp-content\/uploads\/Estadio-do-Atletico-MG.webp\" \/>\n\t<meta property=\"og:image:width\" content=\"900\" \/>\n\t<meta property=\"og:image:height\" content=\"600\" \/>\n\t<meta property=\"og:image:type\" content=\"image\/webp\" \/>\n<meta name=\"author\" content=\"Matheus Felipe\" \/>\n<meta name=\"twitter:card\" content=\"summary_large_image\" \/>\n<meta name=\"twitter:label1\" content=\"Escrito por\" \/>\n\t<meta name=\"twitter:data1\" content=\"Matheus Felipe\" \/>\n\t<meta name=\"twitter:label2\" content=\"Est. tempo de leitura\" \/>\n\t<meta name=\"twitter:data2\" content=\"5 minutos\" \/>\n<script type=\"application\/ld+json\" class=\"yoast-schema-graph\">{\"@context\":\"https:\/\/schema.org\",\"@graph\":[{\"@type\":\"NewsArticle\",\"@id\":\"https:\/\/www.gaveanews.com\/index.php\/2025\/01\/07\/provocacao-de-gabigol-mira-de-rival-e-declaracao-de-nicola-as-ultimas-noticias-do-atletico-mg\/#article\",\"isPartOf\":{\"@id\":\"https:\/\/www.gaveanews.com\/index.php\/2025\/01\/07\/provocacao-de-gabigol-mira-de-rival-e-declaracao-de-nicola-as-ultimas-noticias-do-atletico-mg\/\"},\"author\":{\"name\":\"Matheus Felipe\",\"@id\":\"https:\/\/www.gaveanews.com\/#\/schema\/person\/8207cd4627f56151707418bfc835b2fb\"},\"headline\":\"Provoca\u00e7\u00e3o de Gabigol, mira de rival e declara\u00e7\u00e3o de Nicola: as \u00faltimas not\u00edcias do Atl\u00e9tico-MG\",\"datePublished\":\"2025-01-07T10:05:00+00:00\",\"mainEntityOfPage\":{\"@id\":\"https:\/\/www.gaveanews.com\/index.php\/2025\/01\/07\/provocacao-de-gabigol-mira-de-rival-e-declaracao-de-nicola-as-ultimas-noticias-do-atletico-mg\/\"},\"wordCount\":834,\"commentCount\":0,\"image\":{\"@id\":\"https:\/\/www.gaveanews.com\/index.php\/2025\/01\/07\/provocacao-de-gabigol-mira-de-rival-e-declaracao-de-nicola-as-ultimas-noticias-do-atletico-mg\/#primaryimage\"},\"thumbnailUrl\":\"https:\/\/www.gaveanews.com\/wp-content\/uploads\/Estadio-do-Atletico-MG.webp\",\"articleSection\":[\"Atl\u00e9tico-MG\"],\"inLanguage\":\"pt-BR\",\"potentialAction\":[{\"@type\":\"CommentAction\",\"name\":\"Comment\",\"target\":[\"https:\/\/www.gaveanews.com\/index.php\/2025\/01\/07\/provocacao-de-gabigol-mira-de-rival-e-declaracao-de-nicola-as-ultimas-noticias-do-atletico-mg\/#respond\"]}],\"copyrightYear\":\"2025\",\"copyrightHolder\":{\"@id\":\"https:\/\/www.gaveanews.com\/#organization\"}},{\"@type\":\"WebPage\",\"@id\":\"https:\/\/www.gaveanews.com\/index.php\/2025\/01\/07\/provocacao-de-gabigol-mira-de-rival-e-declaracao-de-nicola-as-ultimas-noticias-do-atletico-mg\/\",\"url\":\"https:\/\/www.gaveanews.com\/index.php\/2025\/01\/07\/provocacao-de-gabigol-mira-de-rival-e-declaracao-de-nicola-as-ultimas-noticias-do-atletico-mg\/\",\"name\":\"Provoca\u00e7\u00e3o de Gabigol, mira de rival e declara\u00e7\u00e3o de Nicola: as \u00faltimas not\u00edcias do Atl\u00e9tico-MG\",\"isPartOf\":{\"@id\":\"https:\/\/www.gaveanews.com\/#website\"},\"primaryImageOfPage\":{\"@id\":\"https:\/\/www.gaveanews.com\/index.php\/2025\/01\/07\/provocacao-de-gabigol-mira-de-rival-e-declaracao-de-nicola-as-ultimas-noticias-do-atletico-mg\/#primaryimage\"},\"image\":{\"@id\":\"https:\/\/www.gaveanews.com\/index.php\/2025\/01\/07\/provocacao-de-gabigol-mira-de-rival-e-declaracao-de-nicola-as-ultimas-noticias-do-atletico-mg\/#primaryimage\"},\"thumbnailUrl\":\"https:\/\/www.gaveanews.com\/wp-content\/uploads\/Estadio-do-Atletico-MG.webp\",\"datePublished\":\"2025-01-07T10:05:00+00:00\",\"author\":{\"@id\":\"https:\/\/www.gaveanews.com\/#\/schema\/person\/8207cd4627f56151707418bfc835b2fb\"},\"breadcrumb\":{\"@id\":\"https:\/\/www.gaveanews.com\/index.php\/2025\/01\/07\/provocacao-de-gabigol-mira-de-rival-e-declaracao-de-nicola-as-ultimas-noticias-do-atletico-mg\/#breadcrumb\"},\"inLanguage\":\"pt-BR\",\"potentialAction\":[{\"@type\":\"ReadAction\",\"target\":[\"https:\/\/www.gaveanews.com\/index.php\/2025\/01\/07\/provocacao-de-gabigol-mira-de-rival-e-declaracao-de-nicola-as-ultimas-noticias-do-atletico-mg\/\"]}]},{\"@type\":\"ImageObject\",\"inLanguage\":\"pt-BR\",\"@id\":\"https:\/\/www.gaveanews.com\/index.php\/2025\/01\/07\/provocacao-de-gabigol-mira-de-rival-e-declaracao-de-nicola-as-ultimas-noticias-do-atletico-mg\/#primaryimage\",\"url\":\"https:\/\/www.gaveanews.com\/wp-content\/uploads\/Estadio-do-Atletico-MG.webp\",\"contentUrl\":\"https:\/\/www.gaveanews.com\/wp-content\/uploads\/Estadio-do-Atletico-MG.webp\",\"width\":900,\"height\":600,\"caption\":\"Arena MRV, est\u00e1dio do Atl\u00e9tico-MG (Foto: Reprodu\u00e7\u00e3o\/Atl\u00e9tico)\"},{\"@type\":\"BreadcrumbList\",\"@id\":\"https:\/\/www.gaveanews.com\/index.php\/2025\/01\/07\/provocacao-de-gabigol-mira-de-rival-e-declaracao-de-nicola-as-ultimas-noticias-do-atletico-mg\/#breadcrumb\",\"itemListElement\":[{\"@type\":\"ListItem\",\"position\":1,\"name\":\"Home\",\"item\":\"https:\/\/www.gaveanews.com\/\"},{\"@type\":\"ListItem\",\"position\":2,\"name\":\"Provoca\u00e7\u00e3o de Gabigol, mira de rival e declara\u00e7\u00e3o de Nicola: as \u00faltimas not\u00edcias do Atl\u00e9tico-MG\"}]},{\"@type\":\"WebSite\",\"@id\":\"https:\/\/www.gaveanews.com\/#website\",\"url\":\"https:\/\/www.gaveanews.com\/\",\"name\":\"G\u00e1vea News\",\"description\":\"Veja todas as not\u00edcias sobre o Flamengo: Contrata\u00e7\u00f5es, categorias de base, resultados das partidas, tabela de classifica\u00e7\u00e3o, pr\u00f3ximos jogos!\",\"potentialAction\":[{\"@type\":\"SearchAction\",\"target\":{\"@type\":\"EntryPoint\",\"urlTemplate\":\"https:\/\/www.gaveanews.com\/?s={search_term_string}\"},\"query-input\":{\"@type\":\"PropertyValueSpecification\",\"valueRequired\":true,\"valueName\":\"search_term_string\"}}],\"inLanguage\":\"pt-BR\"},{\"@type\":\"Person\",\"@id\":\"https:\/\/www.gaveanews.com\/#\/schema\/person\/8207cd4627f56151707418bfc835b2fb\",\"name\":\"Matheus Felipe\",\"image\":{\"@type\":\"ImageObject\",\"inLanguage\":\"pt-BR\",\"@id\":\"https:\/\/www.gaveanews.com\/#\/schema\/person\/image\/\",\"url\":\"https:\/\/secure.gravatar.com\/avatar\/a452ffbed9130f726358b298bb3a99ce4bd3c5338411f8440e87e14d74c7c087?s=96&d=mm&r=g\",\"contentUrl\":\"https:\/\/secure.gravatar.com\/avatar\/a452ffbed9130f726358b298bb3a99ce4bd3c5338411f8440e87e14d74c7c087?s=96&d=mm&r=g\",\"caption\":\"Matheus Felipe\"}}]}<\/script>\n<!-- \/ Yoast SEO Premium plugin. -->","yoast_head_json":{"title":"Provoca\u00e7\u00e3o de Gabigol, mira de rival e declara\u00e7\u00e3o de Nicola: as \u00faltimas not\u00edcias do Atl\u00e9tico-MG","robots":{"index":"index","follow":"follow","max-snippet":"max-snippet:-1","max-image-preview":"max-image-preview:large","max-video-preview":"max-video-preview:-1"},"canonical":"https:\/\/www.gaveanews.com\/index.php\/2025\/01\/07\/provocacao-de-gabigol-mira-de-rival-e-declaracao-de-nicola-as-ultimas-noticias-do-atletico-mg\/","og_locale":"pt_BR","og_type":"article","og_title":"Provoca\u00e7\u00e3o de Gabigol, mira de rival e declara\u00e7\u00e3o de Nicola: as \u00faltimas not\u00edcias do Atl\u00e9tico-MG","og_description":"Nas \u00faltimas horas, o foco das not\u00edcias sobre o Atl\u00e9tico-Mg se concentram nos bastidores do clube, com destaques do dia a dia do time. Por conta deste contexto, leia abaixo um resumo preparado pela equipe do portal G\u00e1vea News para lhe manter muito bem informado! Declara\u00e7\u00e3o de Nicola O Atl\u00e9tico-MG busca refor\u00e7ar seu elenco para [&hellip;]","og_url":"https:\/\/www.gaveanews.com\/index.php\/2025\/01\/07\/provocacao-de-gabigol-mira-de-rival-e-declaracao-de-nicola-as-ultimas-noticias-do-atletico-mg\/","og_site_name":"G\u00e1vea News","article_publisher":"https:\/\/facebook.com\/gaveaNews\/","article_published_time":"2025-01-07T10:05:00+00:00","og_image":[{"width":900,"height":600,"url":"https:\/\/www.gaveanews.com\/wp-content\/uploads\/Estadio-do-Atletico-MG.webp","type":"image\/webp"}],"author":"Matheus Felipe","twitter_card":"summary_large_image","twitter_misc":{"Escrito por":"Matheus Felipe","Est. tempo de leitura":"5 minutos"},"schema":{"@context":"https:\/\/schema.org","@graph":[{"@type":"NewsArticle","@id":"https:\/\/www.gaveanews.com\/index.php\/2025\/01\/07\/provocacao-de-gabigol-mira-de-rival-e-declaracao-de-nicola-as-ultimas-noticias-do-atletico-mg\/#article","isPartOf":{"@id":"https:\/\/www.gaveanews.com\/index.php\/2025\/01\/07\/provocacao-de-gabigol-mira-de-rival-e-declaracao-de-nicola-as-ultimas-noticias-do-atletico-mg\/"},"author":{"name":"Matheus Felipe","@id":"https:\/\/www.gaveanews.com\/#\/schema\/person\/8207cd4627f56151707418bfc835b2fb"},"headline":"Provoca\u00e7\u00e3o de Gabigol, mira de rival e declara\u00e7\u00e3o de Nicola: as \u00faltimas not\u00edcias do Atl\u00e9tico-MG","datePublished":"2025-01-07T10:05:00+00:00","mainEntityOfPage":{"@id":"https:\/\/www.gaveanews.com\/index.php\/2025\/01\/07\/provocacao-de-gabigol-mira-de-rival-e-declaracao-de-nicola-as-ultimas-noticias-do-atletico-mg\/"},"wordCount":834,"commentCount":0,"image":{"@id":"https:\/\/www.gaveanews.com\/index.php\/2025\/01\/07\/provocacao-de-gabigol-mira-de-rival-e-declaracao-de-nicola-as-ultimas-noticias-do-atletico-mg\/#primaryimage"},"thumbnailUrl":"https:\/\/www.gaveanews.com\/wp-content\/uploads\/Estadio-do-Atletico-MG.webp","articleSection":["Atl\u00e9tico-MG"],"inLanguage":"pt-BR","potentialAction":[{"@type":"CommentAction","name":"Comment","target":["https:\/\/www.gaveanews.com\/index.php\/2025\/01\/07\/provocacao-de-gabigol-mira-de-rival-e-declaracao-de-nicola-as-ultimas-noticias-do-atletico-mg\/#respond"]}],"copyrightYear":"2025","copyrightHolder":{"@id":"https:\/\/www.gaveanews.com\/#organization"}},{"@type":"WebPage","@id":"https:\/\/www.gaveanews.com\/index.php\/2025\/01\/07\/provocacao-de-gabigol-mira-de-rival-e-declaracao-de-nicola-as-ultimas-noticias-do-atletico-mg\/","url":"https:\/\/www.gaveanews.com\/index.php\/2025\/01\/07\/provocacao-de-gabigol-mira-de-rival-e-declaracao-de-nicola-as-ultimas-noticias-do-atletico-mg\/","name":"Provoca\u00e7\u00e3o de Gabigol, mira de rival e declara\u00e7\u00e3o de Nicola: as \u00faltimas not\u00edcias do Atl\u00e9tico-MG","isPartOf":{"@id":"https:\/\/www.gaveanews.com\/#website"},"primaryImageOfPage":{"@id":"https:\/\/www.gaveanews.com\/index.php\/2025\/01\/07\/provocacao-de-gabigol-mira-de-rival-e-declaracao-de-nicola-as-ultimas-noticias-do-atletico-mg\/#primaryimage"},"image":{"@id":"https:\/\/www.gaveanews.com\/index.php\/2025\/01\/07\/provocacao-de-gabigol-mira-de-rival-e-declaracao-de-nicola-as-ultimas-noticias-do-atletico-mg\/#primaryimage"},"thumbnailUrl":"https:\/\/www.gaveanews.com\/wp-content\/uploads\/Estadio-do-Atletico-MG.webp","datePublished":"2025-01-07T10:05:00+00:00","author":{"@id":"https:\/\/www.gaveanews.com\/#\/schema\/person\/8207cd4627f56151707418bfc835b2fb"},"breadcrumb":{"@id":"https:\/\/www.gaveanews.com\/index.php\/2025\/01\/07\/provocacao-de-gabigol-mira-de-rival-e-declaracao-de-nicola-as-ultimas-noticias-do-atletico-mg\/#breadcrumb"},"inLanguage":"pt-BR","potentialAction":[{"@type":"ReadAction","target":["https:\/\/www.gaveanews.com\/index.php\/2025\/01\/07\/provocacao-de-gabigol-mira-de-rival-e-declaracao-de-nicola-as-ultimas-noticias-do-atletico-mg\/"]}]},{"@type":"ImageObject","inLanguage":"pt-BR","@id":"https:\/\/www.gaveanews.com\/index.php\/2025\/01\/07\/provocacao-de-gabigol-mira-de-rival-e-declaracao-de-nicola-as-ultimas-noticias-do-atletico-mg\/#primaryimage","url":"https:\/\/www.gaveanews.com\/wp-content\/uploads\/Estadio-do-Atletico-MG.webp","contentUrl":"https:\/\/www.gaveanews.com\/wp-content\/uploads\/Estadio-do-Atletico-MG.webp","width":900,"height":600,"caption":"Arena MRV, est\u00e1dio do Atl\u00e9tico-MG (Foto: Reprodu\u00e7\u00e3o\/Atl\u00e9tico)"},{"@type":"BreadcrumbList","@id":"https:\/\/www.gaveanews.com\/index.php\/2025\/01\/07\/provocacao-de-gabigol-mira-de-rival-e-declaracao-de-nicola-as-ultimas-noticias-do-atletico-mg\/#breadcrumb","itemListElement":[{"@type":"ListItem","position":1,"name":"Home","item":"https:\/\/www.gaveanews.com\/"},{"@type":"ListItem","position":2,"name":"Provoca\u00e7\u00e3o de Gabigol, mira de rival e declara\u00e7\u00e3o de Nicola: as \u00faltimas not\u00edcias do Atl\u00e9tico-MG"}]},{"@type":"WebSite","@id":"https:\/\/www.gaveanews.com\/#website","url":"https:\/\/www.gaveanews.com\/","name":"G\u00e1vea News","description":"Veja todas as not\u00edcias sobre o Flamengo: Contrata\u00e7\u00f5es, categorias de base, resultados das partidas, tabela de classifica\u00e7\u00e3o, pr\u00f3ximos jogos!","potentialAction":[{"@type":"SearchAction","target":{"@type":"EntryPoint","urlTemplate":"https:\/\/www.gaveanews.com\/?s={search_term_string}"},"query-input":{"@type":"PropertyValueSpecification","valueRequired":true,"valueName":"search_term_string"}}],"inLanguage":"pt-BR"},{"@type":"Person","@id":"https:\/\/www.gaveanews.com\/#\/schema\/person\/8207cd4627f56151707418bfc835b2fb","name":"Matheus Felipe","image":{"@type":"ImageObject","inLanguage":"pt-BR","@id":"https:\/\/www.gaveanews.com\/#\/schema\/person\/image\/","url":"https:\/\/secure.gravatar.com\/avatar\/a452ffbed9130f726358b298bb3a99ce4bd3c5338411f8440e87e14d74c7c087?s=96&d=mm&r=g","contentUrl":"https:\/\/secure.gravatar.com\/avatar\/a452ffbed9130f726358b298bb3a99ce4bd3c5338411f8440e87e14d74c7c087?s=96&d=mm&r=g","caption":"Matheus Felipe"}}]}},"_links":{"self":[{"href":"https:\/\/www.gaveanews.com\/index.php\/wp-json\/wp\/v2\/posts\/208735","targetHints":{"allow":["GET"]}}],"collection":[{"href":"https:\/\/www.gaveanews.com\/index.php\/wp-json\/wp\/v2\/posts"}],"about":[{"href":"https:\/\/www.gaveanews.com\/index.php\/wp-json\/wp\/v2\/types\/post"}],"author":[{"embeddable":true,"href":"https:\/\/www.gaveanews.com\/index.php\/wp-json\/wp\/v2\/users\/27"}],"replies":[{"embeddable":true,"href":"https:\/\/www.gaveanews.com\/index.php\/wp-json\/wp\/v2\/comments?post=208735"}],"version-history":[{"count":1,"href":"https:\/\/www.gaveanews.com\/index.php\/wp-json\/wp\/v2\/posts\/208735\/revisions"}],"predecessor-version":[{"id":208773,"href":"https:\/\/www.gaveanews.com\/index.php\/wp-json\/wp\/v2\/posts\/208735\/revisions\/208773"}],"wp:featuredmedia":[{"embeddable":true,"href":"https:\/\/www.gaveanews.com\/index.php\/wp-json\/wp\/v2\/media\/153999"}],"wp:attachment":[{"href":"https:\/\/www.gaveanews.com\/index.php\/wp-json\/wp\/v2\/media?parent=208735"}],"wp:term":[{"taxonomy":"category","embeddable":true,"href":"https:\/\/www.gaveanews.com\/index.php\/wp-json\/wp\/v2\/categories?post=208735"},{"taxonomy":"post_tag","embeddable":true,"href":"https:\/\/www.gaveanews.com\/index.php\/wp-json\/wp\/v2\/tags?post=208735"}],"curies":[{"name":"wp","href":"https:\/\/api.w.org\/{rel}","templated":true}]}}