{"id":208737,"date":"2025-01-07T07:00:00","date_gmt":"2025-01-07T10:00:00","guid":{"rendered":"https:\/\/www.gaveanews.com\/?p=208737"},"modified":"2025-01-07T00:59:19","modified_gmt":"2025-01-07T03:59:19","slug":"interesse-de-rival-alteracao-importante-e-declaracao-de-junior-as-ultimas-noticias-do-flamengo","status":"publish","type":"post","link":"https:\/\/www.gaveanews.com\/index.php\/2025\/01\/07\/interesse-de-rival-alteracao-importante-e-declaracao-de-junior-as-ultimas-noticias-do-flamengo\/","title":{"rendered":"Interesse de rival, altera\u00e7\u00e3o importante e declara\u00e7\u00e3o de J\u00fanior: as \u00faltimas not\u00edcias do Flamengo"},"content":{"rendered":"\n<p>Nas \u00faltimas horas, o foco das not\u00edcias sobre o Flamengo se concentram nos bastidores do clube, com destaques do dia a dia do time.<\/p>\n\n\n\n<p>Por conta deste contexto, leia abaixo um resumo preparado pela equipe do portal G\u00e1vea News para lhe manter muito bem informado!<\/p>\n\n\n\n<h2 class=\"wp-block-heading\" id=\"h-declaracao-de-junior\">Declara\u00e7\u00e3o de J\u00fanior<\/h2>\n\n\n\n<p>A recente chegada de Jos\u00e9 Boto como diretor de futebol do Flamengo gerou debates sobre a escolha de Filipe Lu\u00eds como t\u00e9cnico. Em sua apresenta\u00e7\u00e3o, Boto assumiu a responsabilidade pela perman\u00eancia do treinador, mas J\u00fanior, ex-jogador do clube e comentarista, destacou que o m\u00e9rito da decis\u00e3o deve ser atribu\u00eddo ao trabalho de Filipe Lu\u00eds nos \u00faltimos tr\u00eas meses da temporada. Segundo J\u00fanior, o desempenho do t\u00e9cnico foi o fator determinante, enquanto Boto apenas formalizou a escolha <strong><a href=\"https:\/\/www.gaveanews.com\/index.php\/2025\/01\/06\/a-declaracao-de-junior-envolvendo-filipe-luis-e-jose-boto\/\">(leia a mat\u00e9ria completa).<\/a><\/strong><\/p>\n\n\n\n<figure class=\"wp-block-image size-full\"><img loading=\"lazy\" decoding=\"async\" width=\"640\" height=\"400\" src=\"https:\/\/www.gaveanews.com\/wp-content\/uploads\/maestro-junior.webp\" alt=\"\" class=\"wp-image-112652\" srcset=\"https:\/\/www.gaveanews.com\/wp-content\/uploads\/maestro-junior.webp 640w, https:\/\/www.gaveanews.com\/wp-content\/uploads\/maestro-junior-300x188.webp 300w, https:\/\/www.gaveanews.com\/wp-content\/uploads\/maestro-junior-100x63.webp 100w\" sizes=\"auto, (max-width: 640px) 100vw, 640px\" \/><figcaption class=\"wp-element-caption\">Maestro Junior durante programa Sportv &#8211; Foto: Reprodu\u00e7\u00e3o<\/figcaption><\/figure>\n\n\n\n<p>Em sua defesa, Jos\u00e9 Boto afirmou que a decis\u00e3o foi integralmente sua, destacando sua experi\u00eancia com scouting de treinadores e ressaltando que poderia ter optado por outro nome. <\/p>\n\n\n\n<p>No entanto, J\u00fanior pontuou que a continuidade de Filipe Lu\u00eds reflete o reconhecimento pelo trabalho j\u00e1 realizado e n\u00e3o apenas uma escolha administrativa do novo diretor.<\/p>\n\n\n\n<p>Agora, com a parceria entre Boto e Filipe Lu\u00eds em seus primeiros passos, o Flamengo ter\u00e1 a performance do treinador como principal indicador de sucesso. A press\u00e3o por resultados positivos ser\u00e1 inevit\u00e1vel, e o clube espera que a dupla conduza o time a novas conquistas na temporada de 2025.<\/p>\n\n\n\n<h2 class=\"wp-block-heading\" id=\"h-alteracao-importante\">Altera\u00e7\u00e3o importante<\/h2>\n\n\n\n<p>A CBF anunciou uma mudan\u00e7a significativa no regulamento da Copa do Brasil de 2025: a vantagem do time visitante em caso de empate na primeira fase foi eliminada. A partir deste ano, qualquer empate levar\u00e1 a decis\u00e3o diretamente para os p\u00eanaltis, aumentando a imprevisibilidade e a emo\u00e7\u00e3o do torneio. A altera\u00e7\u00e3o busca equilibrar as disputas, reduzindo a press\u00e3o sobre o time da casa, que antes precisava se expor mais para evitar o empate <strong><a href=\"https:\/\/www.gaveanews.com\/index.php\/2024\/12\/26\/cbf-promove-alteracao-importante-na-copa-do-brasil\/\">(leia a mat\u00e9ria completa).<\/a><\/strong><\/p>\n\n\n\n<figure class=\"wp-block-image size-large\"><img loading=\"lazy\" decoding=\"async\" width=\"1024\" height=\"683\" src=\"https:\/\/www.gaveanews.com\/wp-content\/uploads\/Escudo-da-CBF-1024x683.webp\" alt=\"\" class=\"wp-image-172597\" srcset=\"https:\/\/www.gaveanews.com\/wp-content\/uploads\/Escudo-da-CBF-1024x683.webp 1024w, https:\/\/www.gaveanews.com\/wp-content\/uploads\/Escudo-da-CBF-300x200.webp 300w, https:\/\/www.gaveanews.com\/wp-content\/uploads\/Escudo-da-CBF-768x512.webp 768w, https:\/\/www.gaveanews.com\/wp-content\/uploads\/Escudo-da-CBF-630x420.webp 630w, https:\/\/www.gaveanews.com\/wp-content\/uploads\/Escudo-da-CBF-1260x840.webp 1260w, https:\/\/www.gaveanews.com\/wp-content\/uploads\/Escudo-da-CBF-640x427.webp 640w, https:\/\/www.gaveanews.com\/wp-content\/uploads\/Escudo-da-CBF-1280x853.webp 1280w, https:\/\/www.gaveanews.com\/wp-content\/uploads\/Escudo-da-CBF-681x454.webp 681w, https:\/\/www.gaveanews.com\/wp-content\/uploads\/Escudo-da-CBF-100x67.webp 100w, https:\/\/www.gaveanews.com\/wp-content\/uploads\/Escudo-da-CBF.webp 1350w\" sizes=\"auto, (max-width: 1024px) 100vw, 1024px\" \/><figcaption class=\"wp-element-caption\">Escudo da CBF (Foto: Reprodu\u00e7\u00e3o)<\/figcaption><\/figure>\n\n\n\n<p>Essa mudan\u00e7a promete impactar diretamente a estrat\u00e9gia das equipes, especialmente as de menor express\u00e3o. O novo formato torna as partidas mais competitivas e imprevis\u00edveis, j\u00e1 que a defini\u00e7\u00e3o por p\u00eanaltis adiciona um elemento de sorte que pode mudar o rumo dos jogos. Al\u00e9m disso, a medida visa valorizar o m\u00e9rito esportivo, promovendo partidas mais intensas e atraentes para o p\u00fablico.<\/p>\n\n\n\n<p>Com o objetivo de tornar a competi\u00e7\u00e3o ainda mais emocionante, a CBF busca oferecer um espet\u00e1culo mais din\u00e2mico e justo. A Copa do Brasil, conhecida por suas surpresas e pela chance de clubes menores enfrentarem gigantes do futebol brasileiro, come\u00e7a 2025 com expectativas renovadas. As mudan\u00e7as prometem tornar o torneio um dos mais emocionantes dos \u00faltimos anos.<\/p>\n\n\n\n<h2 class=\"wp-block-heading\" id=\"h-interesse-de-rival\">Interesse de rival<\/h2>\n\n\n\n<p>O Vit\u00f3ria negou qualquer interesse na contrata\u00e7\u00e3o do atacante Carlinhos, do Flamengo. Em entrevista, o presidente do clube baiano, F\u00e1bio Mota, afirmou que n\u00e3o h\u00e1 negocia\u00e7\u00f5es em andamento e classificou a especula\u00e7\u00e3o como uma \u201cjogada de empres\u00e1rio\u201d. Segundo ele, o Vit\u00f3ria est\u00e1 focado em buscar um centroavante para substituir Alerrandro, que retornou ao Red Bull Bragantino ap\u00f3s uma temporada de destaque, mas Carlinhos n\u00e3o faz parte dos planos do Le\u00e3o para 2025 <strong><a href=\"https:\/\/www.gaveanews.com\/index.php\/2025\/01\/06\/vitoria-atualiza-sobre-interesse-em-carlinhos-do-flamengo\/\">(leia a mat\u00e9ria completa).<\/a><\/strong><\/p>\n\n\n\n<figure class=\"wp-block-image size-large\"><img loading=\"lazy\" decoding=\"async\" width=\"1024\" height=\"623\" src=\"https:\/\/www.gaveanews.com\/wp-content\/uploads\/Ggn4zvkXIAMEvVR-1024x623.webp\" alt=\"Carlinhos, atacante do Flamengo\" class=\"wp-image-208264\" srcset=\"https:\/\/www.gaveanews.com\/wp-content\/uploads\/Ggn4zvkXIAMEvVR-1024x623.webp 1024w, https:\/\/www.gaveanews.com\/wp-content\/uploads\/Ggn4zvkXIAMEvVR-300x183.webp 300w, https:\/\/www.gaveanews.com\/wp-content\/uploads\/Ggn4zvkXIAMEvVR-768x467.webp 768w, https:\/\/www.gaveanews.com\/wp-content\/uploads\/Ggn4zvkXIAMEvVR-690x420.webp 690w, https:\/\/www.gaveanews.com\/wp-content\/uploads\/Ggn4zvkXIAMEvVR-640x389.webp 640w, https:\/\/www.gaveanews.com\/wp-content\/uploads\/Ggn4zvkXIAMEvVR-681x414.webp 681w, https:\/\/www.gaveanews.com\/wp-content\/uploads\/Ggn4zvkXIAMEvVR-100x61.webp 100w, https:\/\/www.gaveanews.com\/wp-content\/uploads\/Ggn4zvkXIAMEvVR.webp 1200w\" sizes=\"auto, (max-width: 1024px) 100vw, 1024px\" \/><figcaption class=\"wp-element-caption\">Carlinhos, atacante do Flamengo (Foto: Divulga\u00e7\u00e3o Flamengo)<\/figcaption><\/figure>\n\n\n\n<p>Alerrandro, que marcou 15 gols no \u00faltimo Brasileir\u00e3o e foi pe\u00e7a-chave na perman\u00eancia do Vit\u00f3ria na S\u00e9rie A, se despediu do clube com uma mensagem de carinho, ressaltando sua gratid\u00e3o e o desejo de reencontrar a equipe no futuro. O Red Bull Bragantino, no entanto, pediu 6 milh\u00f5es de euros (cerca de R$ 38 milh\u00f5es) para vender o jogador, o que inviabilizou a perman\u00eancia do artilheiro no Vit\u00f3ria.<\/p>\n\n\n\n<p>Enquanto isso, o Flamengo ainda busca um destino para Carlinhos, que n\u00e3o conseguiu se firmar no elenco principal. A falta de interesse do Vit\u00f3ria e a sa\u00edda de Alerrandro deixam o clube baiano com a necessidade de refor\u00e7ar o ataque para a temporada, mas com um perfil diferente do atacante rubro-negro. O mercado segue movimentado, e o Vit\u00f3ria pretende anunciar novos nomes em breve.<\/p>\n","protected":false},"excerpt":{"rendered":"<p>Nas \u00faltimas horas, o foco das not\u00edcias sobre o Flamengo se concentram nos bastidores do clube, com destaques do dia a dia do time. Por conta deste contexto, leia abaixo um resumo preparado pela equipe do portal G\u00e1vea News para lhe manter muito bem informado! Declara\u00e7\u00e3o de J\u00fanior A recente chegada de Jos\u00e9 Boto como [&hellip;]<\/p>\n","protected":false},"author":27,"featured_media":127354,"comment_status":"open","ping_status":"closed","sticky":false,"template":"","format":"standard","meta":{"footnotes":""},"categories":[1],"tags":[],"class_list":["post-208737","post","type-post","status-publish","format-standard","has-post-thumbnail","hentry","category-flamengo"],"yoast_head":"<!-- This site is optimized with the Yoast SEO Premium plugin v24.2 (Yoast SEO v26.9) - https:\/\/yoast.com\/product\/yoast-seo-premium-wordpress\/ -->\n<title>Interesse de rival, altera\u00e7\u00e3o importante e declara\u00e7\u00e3o de J\u00fanior: as \u00faltimas not\u00edcias do Flamengo<\/title>\n<meta name=\"robots\" content=\"index, follow, max-snippet:-1, max-image-preview:large, max-video-preview:-1\" \/>\n<link rel=\"canonical\" href=\"https:\/\/www.gaveanews.com\/index.php\/2025\/01\/07\/interesse-de-rival-alteracao-importante-e-declaracao-de-junior-as-ultimas-noticias-do-flamengo\/\" \/>\n<meta property=\"og:locale\" content=\"pt_BR\" \/>\n<meta property=\"og:type\" content=\"article\" \/>\n<meta property=\"og:title\" content=\"Interesse de rival, altera\u00e7\u00e3o importante e declara\u00e7\u00e3o de J\u00fanior: as \u00faltimas not\u00edcias do Flamengo\" \/>\n<meta property=\"og:description\" content=\"Nas \u00faltimas horas, o foco das not\u00edcias sobre o Flamengo se concentram nos bastidores do clube, com destaques do dia a dia do time. Por conta deste contexto, leia abaixo um resumo preparado pela equipe do portal G\u00e1vea News para lhe manter muito bem informado! Declara\u00e7\u00e3o de J\u00fanior A recente chegada de Jos\u00e9 Boto como [&hellip;]\" \/>\n<meta property=\"og:url\" content=\"https:\/\/www.gaveanews.com\/index.php\/2025\/01\/07\/interesse-de-rival-alteracao-importante-e-declaracao-de-junior-as-ultimas-noticias-do-flamengo\/\" \/>\n<meta property=\"og:site_name\" content=\"G\u00e1vea News\" \/>\n<meta property=\"article:publisher\" content=\"https:\/\/facebook.com\/gaveaNews\/\" \/>\n<meta property=\"article:published_time\" content=\"2025-01-07T10:00:00+00:00\" \/>\n<meta property=\"og:image\" content=\"https:\/\/www.gaveanews.com\/wp-content\/uploads\/camisa-flamengo.webp\" \/>\n\t<meta property=\"og:image:width\" content=\"483\" \/>\n\t<meta property=\"og:image:height\" content=\"322\" \/>\n\t<meta property=\"og:image:type\" content=\"image\/webp\" \/>\n<meta name=\"author\" content=\"Matheus Felipe\" \/>\n<meta name=\"twitter:card\" content=\"summary_large_image\" \/>\n<meta name=\"twitter:label1\" content=\"Escrito por\" \/>\n\t<meta name=\"twitter:data1\" content=\"Matheus Felipe\" \/>\n\t<meta name=\"twitter:label2\" content=\"Est. tempo de leitura\" \/>\n\t<meta name=\"twitter:data2\" content=\"5 minutos\" \/>\n<script type=\"application\/ld+json\" class=\"yoast-schema-graph\">{\"@context\":\"https:\/\/schema.org\",\"@graph\":[{\"@type\":\"NewsArticle\",\"@id\":\"https:\/\/www.gaveanews.com\/index.php\/2025\/01\/07\/interesse-de-rival-alteracao-importante-e-declaracao-de-junior-as-ultimas-noticias-do-flamengo\/#article\",\"isPartOf\":{\"@id\":\"https:\/\/www.gaveanews.com\/index.php\/2025\/01\/07\/interesse-de-rival-alteracao-importante-e-declaracao-de-junior-as-ultimas-noticias-do-flamengo\/\"},\"author\":{\"name\":\"Matheus Felipe\",\"@id\":\"https:\/\/www.gaveanews.com\/#\/schema\/person\/8207cd4627f56151707418bfc835b2fb\"},\"headline\":\"Interesse de rival, altera\u00e7\u00e3o importante e declara\u00e7\u00e3o de J\u00fanior: as \u00faltimas not\u00edcias do Flamengo\",\"datePublished\":\"2025-01-07T10:00:00+00:00\",\"mainEntityOfPage\":{\"@id\":\"https:\/\/www.gaveanews.com\/index.php\/2025\/01\/07\/interesse-de-rival-alteracao-importante-e-declaracao-de-junior-as-ultimas-noticias-do-flamengo\/\"},\"wordCount\":746,\"commentCount\":0,\"image\":{\"@id\":\"https:\/\/www.gaveanews.com\/index.php\/2025\/01\/07\/interesse-de-rival-alteracao-importante-e-declaracao-de-junior-as-ultimas-noticias-do-flamengo\/#primaryimage\"},\"thumbnailUrl\":\"https:\/\/www.gaveanews.com\/wp-content\/uploads\/camisa-flamengo.webp\",\"articleSection\":[\"Flamengo\"],\"inLanguage\":\"pt-BR\",\"potentialAction\":[{\"@type\":\"CommentAction\",\"name\":\"Comment\",\"target\":[\"https:\/\/www.gaveanews.com\/index.php\/2025\/01\/07\/interesse-de-rival-alteracao-importante-e-declaracao-de-junior-as-ultimas-noticias-do-flamengo\/#respond\"]}],\"copyrightYear\":\"2025\",\"copyrightHolder\":{\"@id\":\"https:\/\/www.gaveanews.com\/#organization\"}},{\"@type\":\"WebPage\",\"@id\":\"https:\/\/www.gaveanews.com\/index.php\/2025\/01\/07\/interesse-de-rival-alteracao-importante-e-declaracao-de-junior-as-ultimas-noticias-do-flamengo\/\",\"url\":\"https:\/\/www.gaveanews.com\/index.php\/2025\/01\/07\/interesse-de-rival-alteracao-importante-e-declaracao-de-junior-as-ultimas-noticias-do-flamengo\/\",\"name\":\"Interesse de rival, altera\u00e7\u00e3o importante e declara\u00e7\u00e3o de J\u00fanior: as \u00faltimas not\u00edcias do Flamengo\",\"isPartOf\":{\"@id\":\"https:\/\/www.gaveanews.com\/#website\"},\"primaryImageOfPage\":{\"@id\":\"https:\/\/www.gaveanews.com\/index.php\/2025\/01\/07\/interesse-de-rival-alteracao-importante-e-declaracao-de-junior-as-ultimas-noticias-do-flamengo\/#primaryimage\"},\"image\":{\"@id\":\"https:\/\/www.gaveanews.com\/index.php\/2025\/01\/07\/interesse-de-rival-alteracao-importante-e-declaracao-de-junior-as-ultimas-noticias-do-flamengo\/#primaryimage\"},\"thumbnailUrl\":\"https:\/\/www.gaveanews.com\/wp-content\/uploads\/camisa-flamengo.webp\",\"datePublished\":\"2025-01-07T10:00:00+00:00\",\"author\":{\"@id\":\"https:\/\/www.gaveanews.com\/#\/schema\/person\/8207cd4627f56151707418bfc835b2fb\"},\"breadcrumb\":{\"@id\":\"https:\/\/www.gaveanews.com\/index.php\/2025\/01\/07\/interesse-de-rival-alteracao-importante-e-declaracao-de-junior-as-ultimas-noticias-do-flamengo\/#breadcrumb\"},\"inLanguage\":\"pt-BR\",\"potentialAction\":[{\"@type\":\"ReadAction\",\"target\":[\"https:\/\/www.gaveanews.com\/index.php\/2025\/01\/07\/interesse-de-rival-alteracao-importante-e-declaracao-de-junior-as-ultimas-noticias-do-flamengo\/\"]}]},{\"@type\":\"ImageObject\",\"inLanguage\":\"pt-BR\",\"@id\":\"https:\/\/www.gaveanews.com\/index.php\/2025\/01\/07\/interesse-de-rival-alteracao-importante-e-declaracao-de-junior-as-ultimas-noticias-do-flamengo\/#primaryimage\",\"url\":\"https:\/\/www.gaveanews.com\/wp-content\/uploads\/camisa-flamengo.webp\",\"contentUrl\":\"https:\/\/www.gaveanews.com\/wp-content\/uploads\/camisa-flamengo.webp\",\"width\":483,\"height\":322,\"caption\":\"Escudo do Flamengo (Foto: Reprodu\u00e7\u00e3o)\"},{\"@type\":\"BreadcrumbList\",\"@id\":\"https:\/\/www.gaveanews.com\/index.php\/2025\/01\/07\/interesse-de-rival-alteracao-importante-e-declaracao-de-junior-as-ultimas-noticias-do-flamengo\/#breadcrumb\",\"itemListElement\":[{\"@type\":\"ListItem\",\"position\":1,\"name\":\"Home\",\"item\":\"https:\/\/www.gaveanews.com\/\"},{\"@type\":\"ListItem\",\"position\":2,\"name\":\"Interesse de rival, altera\u00e7\u00e3o importante e declara\u00e7\u00e3o de J\u00fanior: as \u00faltimas not\u00edcias do Flamengo\"}]},{\"@type\":\"WebSite\",\"@id\":\"https:\/\/www.gaveanews.com\/#website\",\"url\":\"https:\/\/www.gaveanews.com\/\",\"name\":\"G\u00e1vea News\",\"description\":\"Veja todas as not\u00edcias sobre o Flamengo: Contrata\u00e7\u00f5es, categorias de base, resultados das partidas, tabela de classifica\u00e7\u00e3o, pr\u00f3ximos jogos!\",\"potentialAction\":[{\"@type\":\"SearchAction\",\"target\":{\"@type\":\"EntryPoint\",\"urlTemplate\":\"https:\/\/www.gaveanews.com\/?s={search_term_string}\"},\"query-input\":{\"@type\":\"PropertyValueSpecification\",\"valueRequired\":true,\"valueName\":\"search_term_string\"}}],\"inLanguage\":\"pt-BR\"},{\"@type\":\"Person\",\"@id\":\"https:\/\/www.gaveanews.com\/#\/schema\/person\/8207cd4627f56151707418bfc835b2fb\",\"name\":\"Matheus Felipe\",\"image\":{\"@type\":\"ImageObject\",\"inLanguage\":\"pt-BR\",\"@id\":\"https:\/\/www.gaveanews.com\/#\/schema\/person\/image\/\",\"url\":\"https:\/\/secure.gravatar.com\/avatar\/a452ffbed9130f726358b298bb3a99ce4bd3c5338411f8440e87e14d74c7c087?s=96&d=mm&r=g\",\"contentUrl\":\"https:\/\/secure.gravatar.com\/avatar\/a452ffbed9130f726358b298bb3a99ce4bd3c5338411f8440e87e14d74c7c087?s=96&d=mm&r=g\",\"caption\":\"Matheus Felipe\"}}]}<\/script>\n<!-- \/ Yoast SEO Premium plugin. -->","yoast_head_json":{"title":"Interesse de rival, altera\u00e7\u00e3o importante e declara\u00e7\u00e3o de J\u00fanior: as \u00faltimas not\u00edcias do Flamengo","robots":{"index":"index","follow":"follow","max-snippet":"max-snippet:-1","max-image-preview":"max-image-preview:large","max-video-preview":"max-video-preview:-1"},"canonical":"https:\/\/www.gaveanews.com\/index.php\/2025\/01\/07\/interesse-de-rival-alteracao-importante-e-declaracao-de-junior-as-ultimas-noticias-do-flamengo\/","og_locale":"pt_BR","og_type":"article","og_title":"Interesse de rival, altera\u00e7\u00e3o importante e declara\u00e7\u00e3o de J\u00fanior: as \u00faltimas not\u00edcias do Flamengo","og_description":"Nas \u00faltimas horas, o foco das not\u00edcias sobre o Flamengo se concentram nos bastidores do clube, com destaques do dia a dia do time. Por conta deste contexto, leia abaixo um resumo preparado pela equipe do portal G\u00e1vea News para lhe manter muito bem informado! Declara\u00e7\u00e3o de J\u00fanior A recente chegada de Jos\u00e9 Boto como [&hellip;]","og_url":"https:\/\/www.gaveanews.com\/index.php\/2025\/01\/07\/interesse-de-rival-alteracao-importante-e-declaracao-de-junior-as-ultimas-noticias-do-flamengo\/","og_site_name":"G\u00e1vea News","article_publisher":"https:\/\/facebook.com\/gaveaNews\/","article_published_time":"2025-01-07T10:00:00+00:00","og_image":[{"width":483,"height":322,"url":"https:\/\/www.gaveanews.com\/wp-content\/uploads\/camisa-flamengo.webp","type":"image\/webp"}],"author":"Matheus Felipe","twitter_card":"summary_large_image","twitter_misc":{"Escrito por":"Matheus Felipe","Est. tempo de leitura":"5 minutos"},"schema":{"@context":"https:\/\/schema.org","@graph":[{"@type":"NewsArticle","@id":"https:\/\/www.gaveanews.com\/index.php\/2025\/01\/07\/interesse-de-rival-alteracao-importante-e-declaracao-de-junior-as-ultimas-noticias-do-flamengo\/#article","isPartOf":{"@id":"https:\/\/www.gaveanews.com\/index.php\/2025\/01\/07\/interesse-de-rival-alteracao-importante-e-declaracao-de-junior-as-ultimas-noticias-do-flamengo\/"},"author":{"name":"Matheus Felipe","@id":"https:\/\/www.gaveanews.com\/#\/schema\/person\/8207cd4627f56151707418bfc835b2fb"},"headline":"Interesse de rival, altera\u00e7\u00e3o importante e declara\u00e7\u00e3o de J\u00fanior: as \u00faltimas not\u00edcias do Flamengo","datePublished":"2025-01-07T10:00:00+00:00","mainEntityOfPage":{"@id":"https:\/\/www.gaveanews.com\/index.php\/2025\/01\/07\/interesse-de-rival-alteracao-importante-e-declaracao-de-junior-as-ultimas-noticias-do-flamengo\/"},"wordCount":746,"commentCount":0,"image":{"@id":"https:\/\/www.gaveanews.com\/index.php\/2025\/01\/07\/interesse-de-rival-alteracao-importante-e-declaracao-de-junior-as-ultimas-noticias-do-flamengo\/#primaryimage"},"thumbnailUrl":"https:\/\/www.gaveanews.com\/wp-content\/uploads\/camisa-flamengo.webp","articleSection":["Flamengo"],"inLanguage":"pt-BR","potentialAction":[{"@type":"CommentAction","name":"Comment","target":["https:\/\/www.gaveanews.com\/index.php\/2025\/01\/07\/interesse-de-rival-alteracao-importante-e-declaracao-de-junior-as-ultimas-noticias-do-flamengo\/#respond"]}],"copyrightYear":"2025","copyrightHolder":{"@id":"https:\/\/www.gaveanews.com\/#organization"}},{"@type":"WebPage","@id":"https:\/\/www.gaveanews.com\/index.php\/2025\/01\/07\/interesse-de-rival-alteracao-importante-e-declaracao-de-junior-as-ultimas-noticias-do-flamengo\/","url":"https:\/\/www.gaveanews.com\/index.php\/2025\/01\/07\/interesse-de-rival-alteracao-importante-e-declaracao-de-junior-as-ultimas-noticias-do-flamengo\/","name":"Interesse de rival, altera\u00e7\u00e3o importante e declara\u00e7\u00e3o de J\u00fanior: as \u00faltimas not\u00edcias do Flamengo","isPartOf":{"@id":"https:\/\/www.gaveanews.com\/#website"},"primaryImageOfPage":{"@id":"https:\/\/www.gaveanews.com\/index.php\/2025\/01\/07\/interesse-de-rival-alteracao-importante-e-declaracao-de-junior-as-ultimas-noticias-do-flamengo\/#primaryimage"},"image":{"@id":"https:\/\/www.gaveanews.com\/index.php\/2025\/01\/07\/interesse-de-rival-alteracao-importante-e-declaracao-de-junior-as-ultimas-noticias-do-flamengo\/#primaryimage"},"thumbnailUrl":"https:\/\/www.gaveanews.com\/wp-content\/uploads\/camisa-flamengo.webp","datePublished":"2025-01-07T10:00:00+00:00","author":{"@id":"https:\/\/www.gaveanews.com\/#\/schema\/person\/8207cd4627f56151707418bfc835b2fb"},"breadcrumb":{"@id":"https:\/\/www.gaveanews.com\/index.php\/2025\/01\/07\/interesse-de-rival-alteracao-importante-e-declaracao-de-junior-as-ultimas-noticias-do-flamengo\/#breadcrumb"},"inLanguage":"pt-BR","potentialAction":[{"@type":"ReadAction","target":["https:\/\/www.gaveanews.com\/index.php\/2025\/01\/07\/interesse-de-rival-alteracao-importante-e-declaracao-de-junior-as-ultimas-noticias-do-flamengo\/"]}]},{"@type":"ImageObject","inLanguage":"pt-BR","@id":"https:\/\/www.gaveanews.com\/index.php\/2025\/01\/07\/interesse-de-rival-alteracao-importante-e-declaracao-de-junior-as-ultimas-noticias-do-flamengo\/#primaryimage","url":"https:\/\/www.gaveanews.com\/wp-content\/uploads\/camisa-flamengo.webp","contentUrl":"https:\/\/www.gaveanews.com\/wp-content\/uploads\/camisa-flamengo.webp","width":483,"height":322,"caption":"Escudo do Flamengo (Foto: Reprodu\u00e7\u00e3o)"},{"@type":"BreadcrumbList","@id":"https:\/\/www.gaveanews.com\/index.php\/2025\/01\/07\/interesse-de-rival-alteracao-importante-e-declaracao-de-junior-as-ultimas-noticias-do-flamengo\/#breadcrumb","itemListElement":[{"@type":"ListItem","position":1,"name":"Home","item":"https:\/\/www.gaveanews.com\/"},{"@type":"ListItem","position":2,"name":"Interesse de rival, altera\u00e7\u00e3o importante e declara\u00e7\u00e3o de J\u00fanior: as \u00faltimas not\u00edcias do Flamengo"}]},{"@type":"WebSite","@id":"https:\/\/www.gaveanews.com\/#website","url":"https:\/\/www.gaveanews.com\/","name":"G\u00e1vea News","description":"Veja todas as not\u00edcias sobre o Flamengo: Contrata\u00e7\u00f5es, categorias de base, resultados das partidas, tabela de classifica\u00e7\u00e3o, pr\u00f3ximos jogos!","potentialAction":[{"@type":"SearchAction","target":{"@type":"EntryPoint","urlTemplate":"https:\/\/www.gaveanews.com\/?s={search_term_string}"},"query-input":{"@type":"PropertyValueSpecification","valueRequired":true,"valueName":"search_term_string"}}],"inLanguage":"pt-BR"},{"@type":"Person","@id":"https:\/\/www.gaveanews.com\/#\/schema\/person\/8207cd4627f56151707418bfc835b2fb","name":"Matheus Felipe","image":{"@type":"ImageObject","inLanguage":"pt-BR","@id":"https:\/\/www.gaveanews.com\/#\/schema\/person\/image\/","url":"https:\/\/secure.gravatar.com\/avatar\/a452ffbed9130f726358b298bb3a99ce4bd3c5338411f8440e87e14d74c7c087?s=96&d=mm&r=g","contentUrl":"https:\/\/secure.gravatar.com\/avatar\/a452ffbed9130f726358b298bb3a99ce4bd3c5338411f8440e87e14d74c7c087?s=96&d=mm&r=g","caption":"Matheus Felipe"}}]}},"_links":{"self":[{"href":"https:\/\/www.gaveanews.com\/index.php\/wp-json\/wp\/v2\/posts\/208737","targetHints":{"allow":["GET"]}}],"collection":[{"href":"https:\/\/www.gaveanews.com\/index.php\/wp-json\/wp\/v2\/posts"}],"about":[{"href":"https:\/\/www.gaveanews.com\/index.php\/wp-json\/wp\/v2\/types\/post"}],"author":[{"embeddable":true,"href":"https:\/\/www.gaveanews.com\/index.php\/wp-json\/wp\/v2\/users\/27"}],"replies":[{"embeddable":true,"href":"https:\/\/www.gaveanews.com\/index.php\/wp-json\/wp\/v2\/comments?post=208737"}],"version-history":[{"count":1,"href":"https:\/\/www.gaveanews.com\/index.php\/wp-json\/wp\/v2\/posts\/208737\/revisions"}],"predecessor-version":[{"id":208771,"href":"https:\/\/www.gaveanews.com\/index.php\/wp-json\/wp\/v2\/posts\/208737\/revisions\/208771"}],"wp:featuredmedia":[{"embeddable":true,"href":"https:\/\/www.gaveanews.com\/index.php\/wp-json\/wp\/v2\/media\/127354"}],"wp:attachment":[{"href":"https:\/\/www.gaveanews.com\/index.php\/wp-json\/wp\/v2\/media?parent=208737"}],"wp:term":[{"taxonomy":"category","embeddable":true,"href":"https:\/\/www.gaveanews.com\/index.php\/wp-json\/wp\/v2\/categories?post=208737"},{"taxonomy":"post_tag","embeddable":true,"href":"https:\/\/www.gaveanews.com\/index.php\/wp-json\/wp\/v2\/tags?post=208737"}],"curies":[{"name":"wp","href":"https:\/\/api.w.org\/{rel}","templated":true}]}}