{"id":208742,"date":"2025-01-07T05:00:00","date_gmt":"2025-01-07T08:00:00","guid":{"rendered":"https:\/\/www.gaveanews.com\/?p=208742"},"modified":"2025-01-07T00:26:19","modified_gmt":"2025-01-07T03:26:19","slug":"reformulacao-na-comunicacao-permanencia-de-pablo-e-atitude-da-copinha-as-ultimas-noticias-do-flamengo","status":"publish","type":"post","link":"https:\/\/www.gaveanews.com\/index.php\/2025\/01\/07\/reformulacao-na-comunicacao-permanencia-de-pablo-e-atitude-da-copinha-as-ultimas-noticias-do-flamengo\/","title":{"rendered":"Reformula\u00e7\u00e3o na comunica\u00e7\u00e3o, perman\u00eancia de Pablo e atitude da Copinha: as \u00faltimas not\u00edcias do Flamengo"},"content":{"rendered":"\n<p>Nas \u00faltimas horas, o foco das not\u00edcias sobre o Flamengo se concentram nos bastidores do clube, com destaques do dia a dia do time.<\/p>\n\n\n\n<p>Por conta deste contexto, leia abaixo um resumo preparado pela equipe do portal G\u00e1vea News para lhe manter muito bem informado!<\/p>\n\n\n\n<h2 class=\"wp-block-heading\" id=\"h-atitude-da-copinha\">Atitude da Copinha<\/h2>\n\n\n\n<p>A Copa S\u00e3o Paulo de Futebol J\u00fanior, a Copinha, proibiu o patroc\u00ednio de casas de apostas, alinhando-se \u00e0 orienta\u00e7\u00e3o da Secretaria de Pr\u00eamios e Apostas publicada no final de 2024. A medida, que busca evitar a exposi\u00e7\u00e3o de menores a esses conte\u00fados, levou os clubes a adaptarem seus uniformes. Alguns deixaram o espa\u00e7o m\u00e1ster em branco, enquanto outros optaram por novas parcerias pontuais.<\/p>\n\n\n\n<figure class=\"wp-block-image size-large\"><img loading=\"lazy\" decoding=\"async\" width=\"1024\" height=\"677\" src=\"https:\/\/www.gaveanews.com\/wp-content\/uploads\/Trofeu-da-Copa-Sao-Paulo-de-Futebol-Junior-1024x677.webp\" alt=\"\" class=\"wp-image-191258\" srcset=\"https:\/\/www.gaveanews.com\/wp-content\/uploads\/Trofeu-da-Copa-Sao-Paulo-de-Futebol-Junior-1024x677.webp 1024w, https:\/\/www.gaveanews.com\/wp-content\/uploads\/Trofeu-da-Copa-Sao-Paulo-de-Futebol-Junior-300x198.webp 300w, https:\/\/www.gaveanews.com\/wp-content\/uploads\/Trofeu-da-Copa-Sao-Paulo-de-Futebol-Junior-768x508.webp 768w, https:\/\/www.gaveanews.com\/wp-content\/uploads\/Trofeu-da-Copa-Sao-Paulo-de-Futebol-Junior-635x420.webp 635w, https:\/\/www.gaveanews.com\/wp-content\/uploads\/Trofeu-da-Copa-Sao-Paulo-de-Futebol-Junior-640x423.webp 640w, https:\/\/www.gaveanews.com\/wp-content\/uploads\/Trofeu-da-Copa-Sao-Paulo-de-Futebol-Junior-681x450.webp 681w, https:\/\/www.gaveanews.com\/wp-content\/uploads\/Trofeu-da-Copa-Sao-Paulo-de-Futebol-Junior-100x66.webp 100w, https:\/\/www.gaveanews.com\/wp-content\/uploads\/Trofeu-da-Copa-Sao-Paulo-de-Futebol-Junior.webp 1199w\" sizes=\"auto, (max-width: 1024px) 100vw, 1024px\" \/><figcaption class=\"wp-element-caption\">Tr\u00f3feu da  Copa S\u00e3o Paulo de Futebol Junior (Foto: Reprodu\u00e7\u00e3o\/Copinha)<\/figcaption><\/figure>\n\n\n\n<p>O Santos e o Cruzeiro, cujas equipes profissionais exibem Blaze e Betfair, respectivamente, removeram as marcas para a competi\u00e7\u00e3o. O S\u00e3o Paulo substituiu o patroc\u00ednio da Superbet pela logo da Matrix Fitness. <\/p>\n\n\n\n<p>J\u00e1 Flamengo e Corinthians optaram por Xbri Pneus como patrocinadora m\u00e1ster. O Palmeiras, que recentemente firmou contrato com a Sportingbet, promoveu o programa Avanti durante o torneio.<\/p>\n\n\n\n<p>Com essas mudan\u00e7as, os clubes demonstram esfor\u00e7o em adaptar suas estrat\u00e9gias comerciais sem comprometer a visibilidade de suas marcas. A final da Copinha, maior torneio de base do pa\u00eds, est\u00e1 marcada para o dia 25 de janeiro.<\/p>\n\n\n\n<h2 class=\"wp-block-heading\" id=\"h-permanencia-de-pablo\">Perman\u00eancia de Pablo<\/h2>\n\n\n\n<p>O zagueiro Pablo, questionado pela torcida do Flamengo, permanecer\u00e1 no clube em 2025. Ap\u00f3s retornar de empr\u00e9stimo ao Botafogo, o jogador de 33 anos foi inclu\u00eddo nos planos da equipe, especialmente ap\u00f3s a sa\u00edda de Fabr\u00edcio Bruno para o Cruzeiro. A diretoria decidiu mant\u00ea-lo no elenco, e ele ter\u00e1 oportunidades nas primeiras rodadas do Campeonato Carioca para provar seu valor.<\/p>\n\n\n\n<figure class=\"wp-block-image size-large\"><img loading=\"lazy\" decoding=\"async\" width=\"1024\" height=\"682\" src=\"https:\/\/www.gaveanews.com\/wp-content\/uploads\/Pablo-novo-zagueiro-do-Flamengo-1024x682.webp\" alt=\"\" class=\"wp-image-78343\" srcset=\"https:\/\/www.gaveanews.com\/wp-content\/uploads\/Pablo-novo-zagueiro-do-Flamengo-1024x682.webp 1024w, https:\/\/www.gaveanews.com\/wp-content\/uploads\/Pablo-novo-zagueiro-do-Flamengo-300x200.webp 300w, https:\/\/www.gaveanews.com\/wp-content\/uploads\/Pablo-novo-zagueiro-do-Flamengo-768x512.webp 768w, https:\/\/www.gaveanews.com\/wp-content\/uploads\/Pablo-novo-zagueiro-do-Flamengo-1536x1023.webp 1536w, https:\/\/www.gaveanews.com\/wp-content\/uploads\/Pablo-novo-zagueiro-do-Flamengo-631x420.webp 631w, https:\/\/www.gaveanews.com\/wp-content\/uploads\/Pablo-novo-zagueiro-do-Flamengo-1261x840.webp 1261w, https:\/\/www.gaveanews.com\/wp-content\/uploads\/Pablo-novo-zagueiro-do-Flamengo-640x426.webp 640w, https:\/\/www.gaveanews.com\/wp-content\/uploads\/Pablo-novo-zagueiro-do-Flamengo-1280x853.webp 1280w, https:\/\/www.gaveanews.com\/wp-content\/uploads\/Pablo-novo-zagueiro-do-Flamengo-681x454.webp 681w, https:\/\/www.gaveanews.com\/wp-content\/uploads\/Pablo-novo-zagueiro-do-Flamengo-1362x907.webp 1362w, https:\/\/www.gaveanews.com\/wp-content\/uploads\/Pablo-novo-zagueiro-do-Flamengo-100x67.webp 100w, https:\/\/www.gaveanews.com\/wp-content\/uploads\/Pablo-novo-zagueiro-do-Flamengo.webp 2048w\" sizes=\"auto, (max-width: 1024px) 100vw, 1024px\" \/><figcaption class=\"wp-element-caption\">Pablo, novo zagueiro do Flamengo (Foto: Marcelo Cortes\/Flamengo)<\/figcaption><\/figure>\n\n\n\n<p>Apesar das especula\u00e7\u00f5es sobre uma poss\u00edvel sa\u00edda, Pablo rejeitou sondagens de outros clubes e demonstrou interesse em se firmar no Flamengo. O t\u00e9cnico Filipe Lu\u00eds acompanhar\u00e1 de perto o desempenho do zagueiro, que busca reconquistar a confian\u00e7a da torcida e da comiss\u00e3o t\u00e9cnica.<\/p>\n\n\n\n<p>O Flamengo planeja observar o rendimento de Pablo antes de tomar decis\u00f5es futuras sobre seu aproveitamento, enquanto a equipe principal estar\u00e1 em amistosos nos Estados Unidos. O jogador, que enfrenta cr\u00edticas desde sua chegada, espera aproveitar as chances para justificar sua perman\u00eancia no elenco rubro-negro.<\/p>\n\n\n\n<h2 class=\"wp-block-heading\" id=\"h-reformulacao-na-comunicacao\">Reformula\u00e7\u00e3o na comunica\u00e7\u00e3o<\/h2>\n\n\n\n<p>Luiz Eduardo Baptista, o Bap, iniciou sua gest\u00e3o como presidente do Flamengo com mudan\u00e7as significativas no clube, especialmente no departamento de Comunica\u00e7\u00e3o. A coordenadora Isabela Abirached, o diretor executivo Bernardo Monteiro e a assessora Roberta Pinto deixaram seus cargos. Apesar disso, Bap planeja manter parte da equipe da gest\u00e3o anterior, mas com ajustes em posi\u00e7\u00f5es de lideran\u00e7a.<\/p>\n\n\n\n<figure class=\"wp-block-image size-full\"><img loading=\"lazy\" decoding=\"async\" width=\"733\" height=\"432\" src=\"https:\/\/www.gaveanews.com\/wp-content\/uploads\/BAP-toma-posse-como-presidente-do-Flamengo.webp\" alt=\"\" class=\"wp-image-201147\" srcset=\"https:\/\/www.gaveanews.com\/wp-content\/uploads\/BAP-toma-posse-como-presidente-do-Flamengo.webp 733w, https:\/\/www.gaveanews.com\/wp-content\/uploads\/BAP-toma-posse-como-presidente-do-Flamengo-300x177.webp 300w, https:\/\/www.gaveanews.com\/wp-content\/uploads\/BAP-toma-posse-como-presidente-do-Flamengo-713x420.webp 713w, https:\/\/www.gaveanews.com\/wp-content\/uploads\/BAP-toma-posse-como-presidente-do-Flamengo-640x377.webp 640w, https:\/\/www.gaveanews.com\/wp-content\/uploads\/BAP-toma-posse-como-presidente-do-Flamengo-681x400.webp 681w, https:\/\/www.gaveanews.com\/wp-content\/uploads\/BAP-toma-posse-como-presidente-do-Flamengo-100x59.webp 100w\" sizes=\"auto, (max-width: 733px) 100vw, 733px\" \/><figcaption class=\"wp-element-caption\">BAP toma posse como presidente do Flamengo (Foto: Reprodu\u00e7\u00e3o)<\/figcaption><\/figure>\n\n\n\n<p>Em uma carta de despedida, Bernardo Monteiro destacou os avan\u00e7os alcan\u00e7ados durante seus seis anos como diretor de Comunica\u00e7\u00e3o, incluindo o crescimento da presen\u00e7a digital do Flamengo. Ele mencionou conquistas como o aumento do n\u00famero de seguidores no Instagram de 3,3 milh\u00f5es para 20,5 milh\u00f5es e o crescimento da FlaTV, que se tornou a quinta maior TV de clubes do mundo.<\/p>\n\n\n\n<p>Com essa reformula\u00e7\u00e3o, Bap busca implementar seu pr\u00f3prio planejamento para o Flamengo, mantendo a expectativa de continuar o crescimento e a moderniza\u00e7\u00e3o do clube, especialmente em \u00e1reas estrat\u00e9gicas como Comunica\u00e7\u00e3o e Marketing.<\/p>\n","protected":false},"excerpt":{"rendered":"<p>Nas \u00faltimas horas, o foco das not\u00edcias sobre o Flamengo se concentram nos bastidores do clube, com destaques do dia a dia do time. Por conta deste contexto, leia abaixo um resumo preparado pela equipe do portal G\u00e1vea News para lhe manter muito bem informado! Atitude da Copinha A Copa S\u00e3o Paulo de Futebol J\u00fanior, [&hellip;]<\/p>\n","protected":false},"author":27,"featured_media":101250,"comment_status":"open","ping_status":"closed","sticky":false,"template":"","format":"standard","meta":{"footnotes":""},"categories":[1],"tags":[],"class_list":["post-208742","post","type-post","status-publish","format-standard","has-post-thumbnail","hentry","category-flamengo"],"yoast_head":"<!-- This site is optimized with the Yoast SEO Premium plugin v24.2 (Yoast SEO v26.9) - https:\/\/yoast.com\/product\/yoast-seo-premium-wordpress\/ -->\n<title>Reformula\u00e7\u00e3o na comunica\u00e7\u00e3o, perman\u00eancia de Pablo e atitude da Copinha: as \u00faltimas not\u00edcias do Flamengo<\/title>\n<meta name=\"robots\" content=\"index, follow, max-snippet:-1, max-image-preview:large, max-video-preview:-1\" \/>\n<link rel=\"canonical\" href=\"https:\/\/www.gaveanews.com\/index.php\/2025\/01\/07\/reformulacao-na-comunicacao-permanencia-de-pablo-e-atitude-da-copinha-as-ultimas-noticias-do-flamengo\/\" \/>\n<meta property=\"og:locale\" content=\"pt_BR\" \/>\n<meta property=\"og:type\" content=\"article\" \/>\n<meta property=\"og:title\" content=\"Reformula\u00e7\u00e3o na comunica\u00e7\u00e3o, perman\u00eancia de Pablo e atitude da Copinha: as \u00faltimas not\u00edcias do Flamengo\" \/>\n<meta property=\"og:description\" content=\"Nas \u00faltimas horas, o foco das not\u00edcias sobre o Flamengo se concentram nos bastidores do clube, com destaques do dia a dia do time. Por conta deste contexto, leia abaixo um resumo preparado pela equipe do portal G\u00e1vea News para lhe manter muito bem informado! Atitude da Copinha A Copa S\u00e3o Paulo de Futebol J\u00fanior, [&hellip;]\" \/>\n<meta property=\"og:url\" content=\"https:\/\/www.gaveanews.com\/index.php\/2025\/01\/07\/reformulacao-na-comunicacao-permanencia-de-pablo-e-atitude-da-copinha-as-ultimas-noticias-do-flamengo\/\" \/>\n<meta property=\"og:site_name\" content=\"G\u00e1vea News\" \/>\n<meta property=\"article:publisher\" content=\"https:\/\/facebook.com\/gaveaNews\/\" \/>\n<meta property=\"article:published_time\" content=\"2025-01-07T08:00:00+00:00\" \/>\n<meta property=\"og:image\" content=\"https:\/\/www.gaveanews.com\/wp-content\/uploads\/Maracanao-escudo-Flamengo.webp\" \/>\n\t<meta property=\"og:image:width\" content=\"640\" \/>\n\t<meta property=\"og:image:height\" content=\"427\" \/>\n\t<meta property=\"og:image:type\" content=\"image\/jpeg\" \/>\n<meta name=\"author\" content=\"Matheus Felipe\" \/>\n<meta name=\"twitter:card\" content=\"summary_large_image\" \/>\n<meta name=\"twitter:label1\" content=\"Escrito por\" \/>\n\t<meta name=\"twitter:data1\" content=\"Matheus Felipe\" \/>\n\t<meta name=\"twitter:label2\" content=\"Est. tempo de leitura\" \/>\n\t<meta name=\"twitter:data2\" content=\"4 minutos\" \/>\n<script type=\"application\/ld+json\" class=\"yoast-schema-graph\">{\"@context\":\"https:\/\/schema.org\",\"@graph\":[{\"@type\":\"NewsArticle\",\"@id\":\"https:\/\/www.gaveanews.com\/index.php\/2025\/01\/07\/reformulacao-na-comunicacao-permanencia-de-pablo-e-atitude-da-copinha-as-ultimas-noticias-do-flamengo\/#article\",\"isPartOf\":{\"@id\":\"https:\/\/www.gaveanews.com\/index.php\/2025\/01\/07\/reformulacao-na-comunicacao-permanencia-de-pablo-e-atitude-da-copinha-as-ultimas-noticias-do-flamengo\/\"},\"author\":{\"name\":\"Matheus Felipe\",\"@id\":\"https:\/\/www.gaveanews.com\/#\/schema\/person\/8207cd4627f56151707418bfc835b2fb\"},\"headline\":\"Reformula\u00e7\u00e3o na comunica\u00e7\u00e3o, perman\u00eancia de Pablo e atitude da Copinha: as \u00faltimas not\u00edcias do Flamengo\",\"datePublished\":\"2025-01-07T08:00:00+00:00\",\"mainEntityOfPage\":{\"@id\":\"https:\/\/www.gaveanews.com\/index.php\/2025\/01\/07\/reformulacao-na-comunicacao-permanencia-de-pablo-e-atitude-da-copinha-as-ultimas-noticias-do-flamengo\/\"},\"wordCount\":614,\"commentCount\":0,\"image\":{\"@id\":\"https:\/\/www.gaveanews.com\/index.php\/2025\/01\/07\/reformulacao-na-comunicacao-permanencia-de-pablo-e-atitude-da-copinha-as-ultimas-noticias-do-flamengo\/#primaryimage\"},\"thumbnailUrl\":\"https:\/\/www.gaveanews.com\/wp-content\/uploads\/Maracanao-escudo-Flamengo.webp\",\"articleSection\":[\"Flamengo\"],\"inLanguage\":\"pt-BR\",\"potentialAction\":[{\"@type\":\"CommentAction\",\"name\":\"Comment\",\"target\":[\"https:\/\/www.gaveanews.com\/index.php\/2025\/01\/07\/reformulacao-na-comunicacao-permanencia-de-pablo-e-atitude-da-copinha-as-ultimas-noticias-do-flamengo\/#respond\"]}],\"copyrightYear\":\"2025\",\"copyrightHolder\":{\"@id\":\"https:\/\/www.gaveanews.com\/#organization\"}},{\"@type\":\"WebPage\",\"@id\":\"https:\/\/www.gaveanews.com\/index.php\/2025\/01\/07\/reformulacao-na-comunicacao-permanencia-de-pablo-e-atitude-da-copinha-as-ultimas-noticias-do-flamengo\/\",\"url\":\"https:\/\/www.gaveanews.com\/index.php\/2025\/01\/07\/reformulacao-na-comunicacao-permanencia-de-pablo-e-atitude-da-copinha-as-ultimas-noticias-do-flamengo\/\",\"name\":\"Reformula\u00e7\u00e3o na comunica\u00e7\u00e3o, perman\u00eancia de Pablo e atitude da Copinha: as \u00faltimas not\u00edcias do Flamengo\",\"isPartOf\":{\"@id\":\"https:\/\/www.gaveanews.com\/#website\"},\"primaryImageOfPage\":{\"@id\":\"https:\/\/www.gaveanews.com\/index.php\/2025\/01\/07\/reformulacao-na-comunicacao-permanencia-de-pablo-e-atitude-da-copinha-as-ultimas-noticias-do-flamengo\/#primaryimage\"},\"image\":{\"@id\":\"https:\/\/www.gaveanews.com\/index.php\/2025\/01\/07\/reformulacao-na-comunicacao-permanencia-de-pablo-e-atitude-da-copinha-as-ultimas-noticias-do-flamengo\/#primaryimage\"},\"thumbnailUrl\":\"https:\/\/www.gaveanews.com\/wp-content\/uploads\/Maracanao-escudo-Flamengo.webp\",\"datePublished\":\"2025-01-07T08:00:00+00:00\",\"author\":{\"@id\":\"https:\/\/www.gaveanews.com\/#\/schema\/person\/8207cd4627f56151707418bfc835b2fb\"},\"breadcrumb\":{\"@id\":\"https:\/\/www.gaveanews.com\/index.php\/2025\/01\/07\/reformulacao-na-comunicacao-permanencia-de-pablo-e-atitude-da-copinha-as-ultimas-noticias-do-flamengo\/#breadcrumb\"},\"inLanguage\":\"pt-BR\",\"potentialAction\":[{\"@type\":\"ReadAction\",\"target\":[\"https:\/\/www.gaveanews.com\/index.php\/2025\/01\/07\/reformulacao-na-comunicacao-permanencia-de-pablo-e-atitude-da-copinha-as-ultimas-noticias-do-flamengo\/\"]}]},{\"@type\":\"ImageObject\",\"inLanguage\":\"pt-BR\",\"@id\":\"https:\/\/www.gaveanews.com\/index.php\/2025\/01\/07\/reformulacao-na-comunicacao-permanencia-de-pablo-e-atitude-da-copinha-as-ultimas-noticias-do-flamengo\/#primaryimage\",\"url\":\"https:\/\/www.gaveanews.com\/wp-content\/uploads\/Maracanao-escudo-Flamengo.webp\",\"contentUrl\":\"https:\/\/www.gaveanews.com\/wp-content\/uploads\/Maracanao-escudo-Flamengo.webp\",\"width\":640,\"height\":427,\"caption\":\"Escudo do Flamengo no gramado do Maracan\u00e3 (Foto: Reprodu\u00e7\u00e3o)\"},{\"@type\":\"BreadcrumbList\",\"@id\":\"https:\/\/www.gaveanews.com\/index.php\/2025\/01\/07\/reformulacao-na-comunicacao-permanencia-de-pablo-e-atitude-da-copinha-as-ultimas-noticias-do-flamengo\/#breadcrumb\",\"itemListElement\":[{\"@type\":\"ListItem\",\"position\":1,\"name\":\"Home\",\"item\":\"https:\/\/www.gaveanews.com\/\"},{\"@type\":\"ListItem\",\"position\":2,\"name\":\"Reformula\u00e7\u00e3o na comunica\u00e7\u00e3o, perman\u00eancia de Pablo e atitude da Copinha: as \u00faltimas not\u00edcias do Flamengo\"}]},{\"@type\":\"WebSite\",\"@id\":\"https:\/\/www.gaveanews.com\/#website\",\"url\":\"https:\/\/www.gaveanews.com\/\",\"name\":\"G\u00e1vea News\",\"description\":\"Veja todas as not\u00edcias sobre o Flamengo: Contrata\u00e7\u00f5es, categorias de base, resultados das partidas, tabela de classifica\u00e7\u00e3o, pr\u00f3ximos jogos!\",\"potentialAction\":[{\"@type\":\"SearchAction\",\"target\":{\"@type\":\"EntryPoint\",\"urlTemplate\":\"https:\/\/www.gaveanews.com\/?s={search_term_string}\"},\"query-input\":{\"@type\":\"PropertyValueSpecification\",\"valueRequired\":true,\"valueName\":\"search_term_string\"}}],\"inLanguage\":\"pt-BR\"},{\"@type\":\"Person\",\"@id\":\"https:\/\/www.gaveanews.com\/#\/schema\/person\/8207cd4627f56151707418bfc835b2fb\",\"name\":\"Matheus Felipe\",\"image\":{\"@type\":\"ImageObject\",\"inLanguage\":\"pt-BR\",\"@id\":\"https:\/\/www.gaveanews.com\/#\/schema\/person\/image\/\",\"url\":\"https:\/\/secure.gravatar.com\/avatar\/a452ffbed9130f726358b298bb3a99ce4bd3c5338411f8440e87e14d74c7c087?s=96&d=mm&r=g\",\"contentUrl\":\"https:\/\/secure.gravatar.com\/avatar\/a452ffbed9130f726358b298bb3a99ce4bd3c5338411f8440e87e14d74c7c087?s=96&d=mm&r=g\",\"caption\":\"Matheus Felipe\"}}]}<\/script>\n<!-- \/ Yoast SEO Premium plugin. -->","yoast_head_json":{"title":"Reformula\u00e7\u00e3o na comunica\u00e7\u00e3o, perman\u00eancia de Pablo e atitude da Copinha: as \u00faltimas not\u00edcias do Flamengo","robots":{"index":"index","follow":"follow","max-snippet":"max-snippet:-1","max-image-preview":"max-image-preview:large","max-video-preview":"max-video-preview:-1"},"canonical":"https:\/\/www.gaveanews.com\/index.php\/2025\/01\/07\/reformulacao-na-comunicacao-permanencia-de-pablo-e-atitude-da-copinha-as-ultimas-noticias-do-flamengo\/","og_locale":"pt_BR","og_type":"article","og_title":"Reformula\u00e7\u00e3o na comunica\u00e7\u00e3o, perman\u00eancia de Pablo e atitude da Copinha: as \u00faltimas not\u00edcias do Flamengo","og_description":"Nas \u00faltimas horas, o foco das not\u00edcias sobre o Flamengo se concentram nos bastidores do clube, com destaques do dia a dia do time. Por conta deste contexto, leia abaixo um resumo preparado pela equipe do portal G\u00e1vea News para lhe manter muito bem informado! Atitude da Copinha A Copa S\u00e3o Paulo de Futebol J\u00fanior, [&hellip;]","og_url":"https:\/\/www.gaveanews.com\/index.php\/2025\/01\/07\/reformulacao-na-comunicacao-permanencia-de-pablo-e-atitude-da-copinha-as-ultimas-noticias-do-flamengo\/","og_site_name":"G\u00e1vea News","article_publisher":"https:\/\/facebook.com\/gaveaNews\/","article_published_time":"2025-01-07T08:00:00+00:00","og_image":[{"width":640,"height":427,"url":"https:\/\/www.gaveanews.com\/wp-content\/uploads\/Maracanao-escudo-Flamengo.webp","type":"image\/jpeg"}],"author":"Matheus Felipe","twitter_card":"summary_large_image","twitter_misc":{"Escrito por":"Matheus Felipe","Est. tempo de leitura":"4 minutos"},"schema":{"@context":"https:\/\/schema.org","@graph":[{"@type":"NewsArticle","@id":"https:\/\/www.gaveanews.com\/index.php\/2025\/01\/07\/reformulacao-na-comunicacao-permanencia-de-pablo-e-atitude-da-copinha-as-ultimas-noticias-do-flamengo\/#article","isPartOf":{"@id":"https:\/\/www.gaveanews.com\/index.php\/2025\/01\/07\/reformulacao-na-comunicacao-permanencia-de-pablo-e-atitude-da-copinha-as-ultimas-noticias-do-flamengo\/"},"author":{"name":"Matheus Felipe","@id":"https:\/\/www.gaveanews.com\/#\/schema\/person\/8207cd4627f56151707418bfc835b2fb"},"headline":"Reformula\u00e7\u00e3o na comunica\u00e7\u00e3o, perman\u00eancia de Pablo e atitude da Copinha: as \u00faltimas not\u00edcias do Flamengo","datePublished":"2025-01-07T08:00:00+00:00","mainEntityOfPage":{"@id":"https:\/\/www.gaveanews.com\/index.php\/2025\/01\/07\/reformulacao-na-comunicacao-permanencia-de-pablo-e-atitude-da-copinha-as-ultimas-noticias-do-flamengo\/"},"wordCount":614,"commentCount":0,"image":{"@id":"https:\/\/www.gaveanews.com\/index.php\/2025\/01\/07\/reformulacao-na-comunicacao-permanencia-de-pablo-e-atitude-da-copinha-as-ultimas-noticias-do-flamengo\/#primaryimage"},"thumbnailUrl":"https:\/\/www.gaveanews.com\/wp-content\/uploads\/Maracanao-escudo-Flamengo.webp","articleSection":["Flamengo"],"inLanguage":"pt-BR","potentialAction":[{"@type":"CommentAction","name":"Comment","target":["https:\/\/www.gaveanews.com\/index.php\/2025\/01\/07\/reformulacao-na-comunicacao-permanencia-de-pablo-e-atitude-da-copinha-as-ultimas-noticias-do-flamengo\/#respond"]}],"copyrightYear":"2025","copyrightHolder":{"@id":"https:\/\/www.gaveanews.com\/#organization"}},{"@type":"WebPage","@id":"https:\/\/www.gaveanews.com\/index.php\/2025\/01\/07\/reformulacao-na-comunicacao-permanencia-de-pablo-e-atitude-da-copinha-as-ultimas-noticias-do-flamengo\/","url":"https:\/\/www.gaveanews.com\/index.php\/2025\/01\/07\/reformulacao-na-comunicacao-permanencia-de-pablo-e-atitude-da-copinha-as-ultimas-noticias-do-flamengo\/","name":"Reformula\u00e7\u00e3o na comunica\u00e7\u00e3o, perman\u00eancia de Pablo e atitude da Copinha: as \u00faltimas not\u00edcias do Flamengo","isPartOf":{"@id":"https:\/\/www.gaveanews.com\/#website"},"primaryImageOfPage":{"@id":"https:\/\/www.gaveanews.com\/index.php\/2025\/01\/07\/reformulacao-na-comunicacao-permanencia-de-pablo-e-atitude-da-copinha-as-ultimas-noticias-do-flamengo\/#primaryimage"},"image":{"@id":"https:\/\/www.gaveanews.com\/index.php\/2025\/01\/07\/reformulacao-na-comunicacao-permanencia-de-pablo-e-atitude-da-copinha-as-ultimas-noticias-do-flamengo\/#primaryimage"},"thumbnailUrl":"https:\/\/www.gaveanews.com\/wp-content\/uploads\/Maracanao-escudo-Flamengo.webp","datePublished":"2025-01-07T08:00:00+00:00","author":{"@id":"https:\/\/www.gaveanews.com\/#\/schema\/person\/8207cd4627f56151707418bfc835b2fb"},"breadcrumb":{"@id":"https:\/\/www.gaveanews.com\/index.php\/2025\/01\/07\/reformulacao-na-comunicacao-permanencia-de-pablo-e-atitude-da-copinha-as-ultimas-noticias-do-flamengo\/#breadcrumb"},"inLanguage":"pt-BR","potentialAction":[{"@type":"ReadAction","target":["https:\/\/www.gaveanews.com\/index.php\/2025\/01\/07\/reformulacao-na-comunicacao-permanencia-de-pablo-e-atitude-da-copinha-as-ultimas-noticias-do-flamengo\/"]}]},{"@type":"ImageObject","inLanguage":"pt-BR","@id":"https:\/\/www.gaveanews.com\/index.php\/2025\/01\/07\/reformulacao-na-comunicacao-permanencia-de-pablo-e-atitude-da-copinha-as-ultimas-noticias-do-flamengo\/#primaryimage","url":"https:\/\/www.gaveanews.com\/wp-content\/uploads\/Maracanao-escudo-Flamengo.webp","contentUrl":"https:\/\/www.gaveanews.com\/wp-content\/uploads\/Maracanao-escudo-Flamengo.webp","width":640,"height":427,"caption":"Escudo do Flamengo no gramado do Maracan\u00e3 (Foto: Reprodu\u00e7\u00e3o)"},{"@type":"BreadcrumbList","@id":"https:\/\/www.gaveanews.com\/index.php\/2025\/01\/07\/reformulacao-na-comunicacao-permanencia-de-pablo-e-atitude-da-copinha-as-ultimas-noticias-do-flamengo\/#breadcrumb","itemListElement":[{"@type":"ListItem","position":1,"name":"Home","item":"https:\/\/www.gaveanews.com\/"},{"@type":"ListItem","position":2,"name":"Reformula\u00e7\u00e3o na comunica\u00e7\u00e3o, perman\u00eancia de Pablo e atitude da Copinha: as \u00faltimas not\u00edcias do Flamengo"}]},{"@type":"WebSite","@id":"https:\/\/www.gaveanews.com\/#website","url":"https:\/\/www.gaveanews.com\/","name":"G\u00e1vea News","description":"Veja todas as not\u00edcias sobre o Flamengo: Contrata\u00e7\u00f5es, categorias de base, resultados das partidas, tabela de classifica\u00e7\u00e3o, pr\u00f3ximos jogos!","potentialAction":[{"@type":"SearchAction","target":{"@type":"EntryPoint","urlTemplate":"https:\/\/www.gaveanews.com\/?s={search_term_string}"},"query-input":{"@type":"PropertyValueSpecification","valueRequired":true,"valueName":"search_term_string"}}],"inLanguage":"pt-BR"},{"@type":"Person","@id":"https:\/\/www.gaveanews.com\/#\/schema\/person\/8207cd4627f56151707418bfc835b2fb","name":"Matheus Felipe","image":{"@type":"ImageObject","inLanguage":"pt-BR","@id":"https:\/\/www.gaveanews.com\/#\/schema\/person\/image\/","url":"https:\/\/secure.gravatar.com\/avatar\/a452ffbed9130f726358b298bb3a99ce4bd3c5338411f8440e87e14d74c7c087?s=96&d=mm&r=g","contentUrl":"https:\/\/secure.gravatar.com\/avatar\/a452ffbed9130f726358b298bb3a99ce4bd3c5338411f8440e87e14d74c7c087?s=96&d=mm&r=g","caption":"Matheus Felipe"}}]}},"_links":{"self":[{"href":"https:\/\/www.gaveanews.com\/index.php\/wp-json\/wp\/v2\/posts\/208742","targetHints":{"allow":["GET"]}}],"collection":[{"href":"https:\/\/www.gaveanews.com\/index.php\/wp-json\/wp\/v2\/posts"}],"about":[{"href":"https:\/\/www.gaveanews.com\/index.php\/wp-json\/wp\/v2\/types\/post"}],"author":[{"embeddable":true,"href":"https:\/\/www.gaveanews.com\/index.php\/wp-json\/wp\/v2\/users\/27"}],"replies":[{"embeddable":true,"href":"https:\/\/www.gaveanews.com\/index.php\/wp-json\/wp\/v2\/comments?post=208742"}],"version-history":[{"count":2,"href":"https:\/\/www.gaveanews.com\/index.php\/wp-json\/wp\/v2\/posts\/208742\/revisions"}],"predecessor-version":[{"id":208750,"href":"https:\/\/www.gaveanews.com\/index.php\/wp-json\/wp\/v2\/posts\/208742\/revisions\/208750"}],"wp:featuredmedia":[{"embeddable":true,"href":"https:\/\/www.gaveanews.com\/index.php\/wp-json\/wp\/v2\/media\/101250"}],"wp:attachment":[{"href":"https:\/\/www.gaveanews.com\/index.php\/wp-json\/wp\/v2\/media?parent=208742"}],"wp:term":[{"taxonomy":"category","embeddable":true,"href":"https:\/\/www.gaveanews.com\/index.php\/wp-json\/wp\/v2\/categories?post=208742"},{"taxonomy":"post_tag","embeddable":true,"href":"https:\/\/www.gaveanews.com\/index.php\/wp-json\/wp\/v2\/tags?post=208742"}],"curies":[{"name":"wp","href":"https:\/\/api.w.org\/{rel}","templated":true}]}}