{"id":208763,"date":"2025-01-07T04:10:00","date_gmt":"2025-01-07T07:10:00","guid":{"rendered":"https:\/\/www.gaveanews.com\/?p=208763"},"modified":"2025-01-07T01:12:43","modified_gmt":"2025-01-07T04:12:43","slug":"problema-para-inicio-interesse-de-rival-e-declaracao-de-alex-telles-as-ultimas-noticias-do-botafogo","status":"publish","type":"post","link":"https:\/\/www.gaveanews.com\/index.php\/2025\/01\/07\/problema-para-inicio-interesse-de-rival-e-declaracao-de-alex-telles-as-ultimas-noticias-do-botafogo\/","title":{"rendered":"Problema para in\u00edcio, interesse de rival e declara\u00e7\u00e3o de Alex Telles: as \u00faltimas not\u00edcias do Botafogo"},"content":{"rendered":"\n<p>Nas \u00faltimas horas, o foco das not\u00edcias sobre Botafogo se concentram nos bastidores do<br>clube, com destaques do dia a dia do time.<\/p>\n\n\n\n<p>Por conta deste contexto, leia abaixo um resumo preparado pela equipe do portal G\u00e1vea News para lhe manter muito bem informado!<\/p>\n\n\n\n<h2 class=\"wp-block-heading\" id=\"h-declaracao-de-alex-telles\">Declara\u00e7\u00e3o de Alex Telles<\/h2>\n\n\n\n<p>Alex Telles revelou que optou por assinar com o Botafogo, mesmo ap\u00f3s receber uma proposta do Gr\u00eamio, clube onde come\u00e7ou sua carreira no futebol brasileiro. <\/p>\n\n\n\n<figure class=\"wp-block-image size-large\"><img loading=\"lazy\" decoding=\"async\" width=\"1024\" height=\"765\" src=\"https:\/\/www.gaveanews.com\/wp-content\/uploads\/Alex-Telles-Botafogo-1024x765.webp\" alt=\"\" class=\"wp-image-168199\" srcset=\"https:\/\/www.gaveanews.com\/wp-content\/uploads\/Alex-Telles-Botafogo-1024x765.webp 1024w, https:\/\/www.gaveanews.com\/wp-content\/uploads\/Alex-Telles-Botafogo-300x224.webp 300w, https:\/\/www.gaveanews.com\/wp-content\/uploads\/Alex-Telles-Botafogo-768x574.webp 768w, https:\/\/www.gaveanews.com\/wp-content\/uploads\/Alex-Telles-Botafogo-562x420.webp 562w, https:\/\/www.gaveanews.com\/wp-content\/uploads\/Alex-Telles-Botafogo-1125x840.webp 1125w, https:\/\/www.gaveanews.com\/wp-content\/uploads\/Alex-Telles-Botafogo-80x60.webp 80w, https:\/\/www.gaveanews.com\/wp-content\/uploads\/Alex-Telles-Botafogo-160x120.webp 160w, https:\/\/www.gaveanews.com\/wp-content\/uploads\/Alex-Telles-Botafogo-100x75.webp 100w, https:\/\/www.gaveanews.com\/wp-content\/uploads\/Alex-Telles-Botafogo-200x150.webp 200w, https:\/\/www.gaveanews.com\/wp-content\/uploads\/Alex-Telles-Botafogo-180x135.webp 180w, https:\/\/www.gaveanews.com\/wp-content\/uploads\/Alex-Telles-Botafogo-360x270.webp 360w, https:\/\/www.gaveanews.com\/wp-content\/uploads\/Alex-Telles-Botafogo-238x178.webp 238w, https:\/\/www.gaveanews.com\/wp-content\/uploads\/Alex-Telles-Botafogo-476x356.webp 476w, https:\/\/www.gaveanews.com\/wp-content\/uploads\/Alex-Telles-Botafogo-640x478.webp 640w, https:\/\/www.gaveanews.com\/wp-content\/uploads\/Alex-Telles-Botafogo-1280x956.webp 1280w, https:\/\/www.gaveanews.com\/wp-content\/uploads\/Alex-Telles-Botafogo-681x509.webp 681w, https:\/\/www.gaveanews.com\/wp-content\/uploads\/Alex-Telles-Botafogo.webp 1339w\" sizes=\"auto, (max-width: 1024px) 100vw, 1024px\" \/><figcaption class=\"wp-element-caption\">Alex Telles Botafogo (Foto: Vitor Silva\/Botafogo)<\/figcaption><\/figure>\n\n\n\n<p>Em entrevista, o lateral-esquerdo explicou que sua decis\u00e3o foi motivada pelo projeto esportivo do Botafogo, que disputa a Libertadores e o Brasileir\u00e3o, al\u00e9m de contar com um treinador que j\u00e1 o conhecia. <\/p>\n\n\n\n<p>Apesar de as ofertas financeiras serem semelhantes, fatores como a estrutura da SAF e a qualidade de vida no Rio de Janeiro pesaram em sua escolha.<\/p>\n\n\n\n<p>A decis\u00e3o gerou descontentamento nos bastidores do Gr\u00eamio, que busca refor\u00e7ar a lateral-esquerda ap\u00f3s a sa\u00edda de Reinaldo. O clube tentou a contrata\u00e7\u00e3o de Marlon, do Cruzeiro, mas enfrentou dificuldades para concretizar o acordo. Enquanto isso, Alex Telles segue focado em ajudar o Botafogo a conquistar t\u00edtulos em 2025.<\/p>\n\n\n\n<h2 class=\"wp-block-heading\" id=\"h-interesse-de-rival\">Interesse de rival<\/h2>\n\n\n\n<p>Philipe Sampaio, zagueiro do Botafogo, atrai o interesse de clubes como Mirassol, Coritiba e Portuguesa-SP ap\u00f3s retornar de empr\u00e9stimo ao Atl\u00e9tico-GO. Apesar de ser o primeiro refor\u00e7o da Era SAF no clube, Sampaio n\u00e3o ser\u00e1 aproveitado em 2025 e sequer foi inclu\u00eddo no elenco para o Campeonato Carioca. Com contrato v\u00e1lido at\u00e9 junho, o jogador j\u00e1 pode negociar um pr\u00e9-contrato com outras equipes.<\/p>\n\n\n\n<figure class=\"wp-block-image size-full\"><img loading=\"lazy\" decoding=\"async\" width=\"787\" height=\"525\" src=\"https:\/\/www.gaveanews.com\/wp-content\/uploads\/Escudo-do-Botafogo-1.webp\" alt=\"\" class=\"wp-image-182060\" srcset=\"https:\/\/www.gaveanews.com\/wp-content\/uploads\/Escudo-do-Botafogo-1.webp 787w, https:\/\/www.gaveanews.com\/wp-content\/uploads\/Escudo-do-Botafogo-1-300x200.webp 300w, https:\/\/www.gaveanews.com\/wp-content\/uploads\/Escudo-do-Botafogo-1-768x512.webp 768w, https:\/\/www.gaveanews.com\/wp-content\/uploads\/Escudo-do-Botafogo-1-630x420.webp 630w, https:\/\/www.gaveanews.com\/wp-content\/uploads\/Escudo-do-Botafogo-1-640x427.webp 640w, https:\/\/www.gaveanews.com\/wp-content\/uploads\/Escudo-do-Botafogo-1-681x454.webp 681w, https:\/\/www.gaveanews.com\/wp-content\/uploads\/Escudo-do-Botafogo-1-100x67.webp 100w\" sizes=\"auto, (max-width: 787px) 100vw, 787px\" \/><figcaption class=\"wp-element-caption\">Escudo do Botafogo (Foto: Reprodu\u00e7\u00e3o\/Botafogo)<\/figcaption><\/figure>\n\n\n\n<p>A tend\u00eancia \u00e9 que a transfer\u00eancia ocorra no in\u00edcio da temporada, evitando que o zagueiro deixe o clube de gra\u00e7a no meio do ano. Apesar de ter chegado ao Botafogo com grande expectativa, sua trajet\u00f3ria no clube n\u00e3o evoluiu conforme planejado, o que abre espa\u00e7o para um recome\u00e7o em novos projetos.<\/p>\n\n\n\n<p>O Botafogo segue reestruturando seu elenco, enquanto Sampaio busca oportunidades para retomar sua carreira e se firmar em outra equipe do futebol brasileiro. A defini\u00e7\u00e3o de seu futuro deve ocorrer nos pr\u00f3ximos dias, \u00e0 medida que o mercado de transfer\u00eancias se aquece.<\/p>\n\n\n\n<h2 class=\"wp-block-heading\" id=\"h-problema-para-inicio\">Problema para in\u00edcio<\/h2>\n\n\n\n<p>O Botafogo enfrenta desafios significativos no in\u00edcio de 2025, com dificuldades para contratar um novo treinador e refor\u00e7ar o elenco. Ap\u00f3s a sa\u00edda de Andr\u00e9 Jardine, que preferiu permanecer no Am\u00e9rica do M\u00e9xico, o clube ainda busca um t\u00e9cnico que se encaixe no perfil desejado por John Textor. Al\u00e9m disso, o Alvinegro precisa repor jogadores como Thiago Almada e Luiz Henrique, destaques na conquista da Libertadores e do Brasileir\u00e3o em 2024.<\/p>\n\n\n\n<figure class=\"wp-block-image size-large\"><img loading=\"lazy\" decoding=\"async\" width=\"1024\" height=\"566\" src=\"https:\/\/www.gaveanews.com\/wp-content\/uploads\/botafogo_9e896d-e1716829097209-1024x566.webp\" alt=\"\" class=\"wp-image-145365\" srcset=\"https:\/\/www.gaveanews.com\/wp-content\/uploads\/botafogo_9e896d-e1716829097209-1024x566.webp 1024w, https:\/\/www.gaveanews.com\/wp-content\/uploads\/botafogo_9e896d-e1716829097209-300x166.webp 300w, https:\/\/www.gaveanews.com\/wp-content\/uploads\/botafogo_9e896d-e1716829097209-768x424.webp 768w, https:\/\/www.gaveanews.com\/wp-content\/uploads\/botafogo_9e896d-e1716829097209-760x420.webp 760w, https:\/\/www.gaveanews.com\/wp-content\/uploads\/botafogo_9e896d-e1716829097209-640x354.webp 640w, https:\/\/www.gaveanews.com\/wp-content\/uploads\/botafogo_9e896d-e1716829097209-681x376.webp 681w, https:\/\/www.gaveanews.com\/wp-content\/uploads\/botafogo_9e896d-e1716829097209-100x55.webp 100w, https:\/\/www.gaveanews.com\/wp-content\/uploads\/botafogo_9e896d-e1716829097209.webp 1220w\" sizes=\"auto, (max-width: 1024px) 100vw, 1024px\" \/><figcaption class=\"wp-element-caption\">Partida acontece nesta ter\u00e7a-feira (28), \u00e0s 19h, no gramado do Monumental de Lima <\/figcaption><\/figure>\n\n\n\n<p>At\u00e9 agora, o clube n\u00e3o anunciou novos refor\u00e7os, diferentemente de 2024, quando j\u00e1 havia oficializado cinco contrata\u00e7\u00f5es nos primeiros dias do ano. O Botafogo enfrenta tamb\u00e9m obst\u00e1culos em negocia\u00e7\u00f5es, como a tentativa de contratar Bitello, do D\u00ednamo Moscou, e as tratativas com o Santos pelo zagueiro Jair, que ainda est\u00e3o em impasse devido a diverg\u00eancias sobre contrapartidas.<\/p>\n\n\n\n<p>Com 11 sa\u00eddas no elenco e a reapresenta\u00e7\u00e3o marcada para 14 de janeiro, o Botafogo tem pouco tempo para ajustar sua equipe. A necessidade de refor\u00e7ar a defesa e o meio-campo \u00e9 urgente para manter a competitividade em 2025, um ano que promete grandes desafios para o atual campe\u00e3o continental e nacional.<\/p>\n","protected":false},"excerpt":{"rendered":"<p>Nas \u00faltimas horas, o foco das not\u00edcias sobre Botafogo se concentram nos bastidores doclube, com destaques do dia a dia do time. Por conta deste contexto, leia abaixo um resumo preparado pela equipe do portal G\u00e1vea News para lhe manter muito bem informado! Declara\u00e7\u00e3o de Alex Telles Alex Telles revelou que optou por assinar com [&hellip;]<\/p>\n","protected":false},"author":27,"featured_media":158965,"comment_status":"open","ping_status":"closed","sticky":false,"template":"","format":"standard","meta":{"footnotes":""},"categories":[138],"tags":[],"class_list":["post-208763","post","type-post","status-publish","format-standard","has-post-thumbnail","hentry","category-botafogo"],"yoast_head":"<!-- This site is optimized with the Yoast SEO Premium plugin v24.2 (Yoast SEO v26.9) - https:\/\/yoast.com\/product\/yoast-seo-premium-wordpress\/ -->\n<title>Problema para in\u00edcio, interesse de rival e declara\u00e7\u00e3o de Alex Telles: as \u00faltimas not\u00edcias do Botafogo<\/title>\n<meta name=\"robots\" content=\"index, follow, max-snippet:-1, max-image-preview:large, max-video-preview:-1\" \/>\n<link rel=\"canonical\" href=\"https:\/\/www.gaveanews.com\/index.php\/2025\/01\/07\/problema-para-inicio-interesse-de-rival-e-declaracao-de-alex-telles-as-ultimas-noticias-do-botafogo\/\" \/>\n<meta property=\"og:locale\" content=\"pt_BR\" \/>\n<meta property=\"og:type\" content=\"article\" \/>\n<meta property=\"og:title\" content=\"Problema para in\u00edcio, interesse de rival e declara\u00e7\u00e3o de Alex Telles: as \u00faltimas not\u00edcias do Botafogo\" \/>\n<meta property=\"og:description\" content=\"Nas \u00faltimas horas, o foco das not\u00edcias sobre Botafogo se concentram nos bastidores doclube, com destaques do dia a dia do time. Por conta deste contexto, leia abaixo um resumo preparado pela equipe do portal G\u00e1vea News para lhe manter muito bem informado! Declara\u00e7\u00e3o de Alex Telles Alex Telles revelou que optou por assinar com [&hellip;]\" \/>\n<meta property=\"og:url\" content=\"https:\/\/www.gaveanews.com\/index.php\/2025\/01\/07\/problema-para-inicio-interesse-de-rival-e-declaracao-de-alex-telles-as-ultimas-noticias-do-botafogo\/\" \/>\n<meta property=\"og:site_name\" content=\"G\u00e1vea News\" \/>\n<meta property=\"article:publisher\" content=\"https:\/\/facebook.com\/gaveaNews\/\" \/>\n<meta property=\"article:published_time\" content=\"2025-01-07T07:10:00+00:00\" \/>\n<meta property=\"og:image\" content=\"https:\/\/www.gaveanews.com\/wp-content\/uploads\/53924402764_6b4493792f_o-e1723743312178.webp\" \/>\n\t<meta property=\"og:image:width\" content=\"1220\" \/>\n\t<meta property=\"og:image:height\" content=\"674\" \/>\n\t<meta property=\"og:image:type\" content=\"image\/webp\" \/>\n<meta name=\"author\" content=\"Matheus Felipe\" \/>\n<meta name=\"twitter:card\" content=\"summary_large_image\" \/>\n<meta name=\"twitter:label1\" content=\"Escrito por\" \/>\n\t<meta name=\"twitter:data1\" content=\"Matheus Felipe\" \/>\n\t<meta name=\"twitter:label2\" content=\"Est. tempo de leitura\" \/>\n\t<meta name=\"twitter:data2\" content=\"4 minutos\" \/>\n<script type=\"application\/ld+json\" class=\"yoast-schema-graph\">{\"@context\":\"https:\/\/schema.org\",\"@graph\":[{\"@type\":\"NewsArticle\",\"@id\":\"https:\/\/www.gaveanews.com\/index.php\/2025\/01\/07\/problema-para-inicio-interesse-de-rival-e-declaracao-de-alex-telles-as-ultimas-noticias-do-botafogo\/#article\",\"isPartOf\":{\"@id\":\"https:\/\/www.gaveanews.com\/index.php\/2025\/01\/07\/problema-para-inicio-interesse-de-rival-e-declaracao-de-alex-telles-as-ultimas-noticias-do-botafogo\/\"},\"author\":{\"name\":\"Matheus Felipe\",\"@id\":\"https:\/\/www.gaveanews.com\/#\/schema\/person\/8207cd4627f56151707418bfc835b2fb\"},\"headline\":\"Problema para in\u00edcio, interesse de rival e declara\u00e7\u00e3o de Alex Telles: as \u00faltimas not\u00edcias do Botafogo\",\"datePublished\":\"2025-01-07T07:10:00+00:00\",\"mainEntityOfPage\":{\"@id\":\"https:\/\/www.gaveanews.com\/index.php\/2025\/01\/07\/problema-para-inicio-interesse-de-rival-e-declaracao-de-alex-telles-as-ultimas-noticias-do-botafogo\/\"},\"wordCount\":614,\"commentCount\":0,\"image\":{\"@id\":\"https:\/\/www.gaveanews.com\/index.php\/2025\/01\/07\/problema-para-inicio-interesse-de-rival-e-declaracao-de-alex-telles-as-ultimas-noticias-do-botafogo\/#primaryimage\"},\"thumbnailUrl\":\"https:\/\/www.gaveanews.com\/wp-content\/uploads\/53924402764_6b4493792f_o-e1723743312178.webp\",\"articleSection\":[\"Botafogo\"],\"inLanguage\":\"pt-BR\",\"potentialAction\":[{\"@type\":\"CommentAction\",\"name\":\"Comment\",\"target\":[\"https:\/\/www.gaveanews.com\/index.php\/2025\/01\/07\/problema-para-inicio-interesse-de-rival-e-declaracao-de-alex-telles-as-ultimas-noticias-do-botafogo\/#respond\"]}],\"copyrightYear\":\"2025\",\"copyrightHolder\":{\"@id\":\"https:\/\/www.gaveanews.com\/#organization\"}},{\"@type\":\"WebPage\",\"@id\":\"https:\/\/www.gaveanews.com\/index.php\/2025\/01\/07\/problema-para-inicio-interesse-de-rival-e-declaracao-de-alex-telles-as-ultimas-noticias-do-botafogo\/\",\"url\":\"https:\/\/www.gaveanews.com\/index.php\/2025\/01\/07\/problema-para-inicio-interesse-de-rival-e-declaracao-de-alex-telles-as-ultimas-noticias-do-botafogo\/\",\"name\":\"Problema para in\u00edcio, interesse de rival e declara\u00e7\u00e3o de Alex Telles: as \u00faltimas not\u00edcias do Botafogo\",\"isPartOf\":{\"@id\":\"https:\/\/www.gaveanews.com\/#website\"},\"primaryImageOfPage\":{\"@id\":\"https:\/\/www.gaveanews.com\/index.php\/2025\/01\/07\/problema-para-inicio-interesse-de-rival-e-declaracao-de-alex-telles-as-ultimas-noticias-do-botafogo\/#primaryimage\"},\"image\":{\"@id\":\"https:\/\/www.gaveanews.com\/index.php\/2025\/01\/07\/problema-para-inicio-interesse-de-rival-e-declaracao-de-alex-telles-as-ultimas-noticias-do-botafogo\/#primaryimage\"},\"thumbnailUrl\":\"https:\/\/www.gaveanews.com\/wp-content\/uploads\/53924402764_6b4493792f_o-e1723743312178.webp\",\"datePublished\":\"2025-01-07T07:10:00+00:00\",\"author\":{\"@id\":\"https:\/\/www.gaveanews.com\/#\/schema\/person\/8207cd4627f56151707418bfc835b2fb\"},\"breadcrumb\":{\"@id\":\"https:\/\/www.gaveanews.com\/index.php\/2025\/01\/07\/problema-para-inicio-interesse-de-rival-e-declaracao-de-alex-telles-as-ultimas-noticias-do-botafogo\/#breadcrumb\"},\"inLanguage\":\"pt-BR\",\"potentialAction\":[{\"@type\":\"ReadAction\",\"target\":[\"https:\/\/www.gaveanews.com\/index.php\/2025\/01\/07\/problema-para-inicio-interesse-de-rival-e-declaracao-de-alex-telles-as-ultimas-noticias-do-botafogo\/\"]}]},{\"@type\":\"ImageObject\",\"inLanguage\":\"pt-BR\",\"@id\":\"https:\/\/www.gaveanews.com\/index.php\/2025\/01\/07\/problema-para-inicio-interesse-de-rival-e-declaracao-de-alex-telles-as-ultimas-noticias-do-botafogo\/#primaryimage\",\"url\":\"https:\/\/www.gaveanews.com\/wp-content\/uploads\/53924402764_6b4493792f_o-e1723743312178.webp\",\"contentUrl\":\"https:\/\/www.gaveanews.com\/wp-content\/uploads\/53924402764_6b4493792f_o-e1723743312178.webp\",\"width\":1220,\"height\":674,\"caption\":\"Torcida do Botafogo no jogo contra o Palmeiras pela Libertadores - Foto: Botafogo\/Flickr\"},{\"@type\":\"BreadcrumbList\",\"@id\":\"https:\/\/www.gaveanews.com\/index.php\/2025\/01\/07\/problema-para-inicio-interesse-de-rival-e-declaracao-de-alex-telles-as-ultimas-noticias-do-botafogo\/#breadcrumb\",\"itemListElement\":[{\"@type\":\"ListItem\",\"position\":1,\"name\":\"Home\",\"item\":\"https:\/\/www.gaveanews.com\/\"},{\"@type\":\"ListItem\",\"position\":2,\"name\":\"Problema para in\u00edcio, interesse de rival e declara\u00e7\u00e3o de Alex Telles: as \u00faltimas not\u00edcias do Botafogo\"}]},{\"@type\":\"WebSite\",\"@id\":\"https:\/\/www.gaveanews.com\/#website\",\"url\":\"https:\/\/www.gaveanews.com\/\",\"name\":\"G\u00e1vea News\",\"description\":\"Veja todas as not\u00edcias sobre o Flamengo: Contrata\u00e7\u00f5es, categorias de base, resultados das partidas, tabela de classifica\u00e7\u00e3o, pr\u00f3ximos jogos!\",\"potentialAction\":[{\"@type\":\"SearchAction\",\"target\":{\"@type\":\"EntryPoint\",\"urlTemplate\":\"https:\/\/www.gaveanews.com\/?s={search_term_string}\"},\"query-input\":{\"@type\":\"PropertyValueSpecification\",\"valueRequired\":true,\"valueName\":\"search_term_string\"}}],\"inLanguage\":\"pt-BR\"},{\"@type\":\"Person\",\"@id\":\"https:\/\/www.gaveanews.com\/#\/schema\/person\/8207cd4627f56151707418bfc835b2fb\",\"name\":\"Matheus Felipe\",\"image\":{\"@type\":\"ImageObject\",\"inLanguage\":\"pt-BR\",\"@id\":\"https:\/\/www.gaveanews.com\/#\/schema\/person\/image\/\",\"url\":\"https:\/\/secure.gravatar.com\/avatar\/a452ffbed9130f726358b298bb3a99ce4bd3c5338411f8440e87e14d74c7c087?s=96&d=mm&r=g\",\"contentUrl\":\"https:\/\/secure.gravatar.com\/avatar\/a452ffbed9130f726358b298bb3a99ce4bd3c5338411f8440e87e14d74c7c087?s=96&d=mm&r=g\",\"caption\":\"Matheus Felipe\"}}]}<\/script>\n<!-- \/ Yoast SEO Premium plugin. -->","yoast_head_json":{"title":"Problema para in\u00edcio, interesse de rival e declara\u00e7\u00e3o de Alex Telles: as \u00faltimas not\u00edcias do Botafogo","robots":{"index":"index","follow":"follow","max-snippet":"max-snippet:-1","max-image-preview":"max-image-preview:large","max-video-preview":"max-video-preview:-1"},"canonical":"https:\/\/www.gaveanews.com\/index.php\/2025\/01\/07\/problema-para-inicio-interesse-de-rival-e-declaracao-de-alex-telles-as-ultimas-noticias-do-botafogo\/","og_locale":"pt_BR","og_type":"article","og_title":"Problema para in\u00edcio, interesse de rival e declara\u00e7\u00e3o de Alex Telles: as \u00faltimas not\u00edcias do Botafogo","og_description":"Nas \u00faltimas horas, o foco das not\u00edcias sobre Botafogo se concentram nos bastidores doclube, com destaques do dia a dia do time. Por conta deste contexto, leia abaixo um resumo preparado pela equipe do portal G\u00e1vea News para lhe manter muito bem informado! Declara\u00e7\u00e3o de Alex Telles Alex Telles revelou que optou por assinar com [&hellip;]","og_url":"https:\/\/www.gaveanews.com\/index.php\/2025\/01\/07\/problema-para-inicio-interesse-de-rival-e-declaracao-de-alex-telles-as-ultimas-noticias-do-botafogo\/","og_site_name":"G\u00e1vea News","article_publisher":"https:\/\/facebook.com\/gaveaNews\/","article_published_time":"2025-01-07T07:10:00+00:00","og_image":[{"width":1220,"height":674,"url":"https:\/\/www.gaveanews.com\/wp-content\/uploads\/53924402764_6b4493792f_o-e1723743312178.webp","type":"image\/webp"}],"author":"Matheus Felipe","twitter_card":"summary_large_image","twitter_misc":{"Escrito por":"Matheus Felipe","Est. tempo de leitura":"4 minutos"},"schema":{"@context":"https:\/\/schema.org","@graph":[{"@type":"NewsArticle","@id":"https:\/\/www.gaveanews.com\/index.php\/2025\/01\/07\/problema-para-inicio-interesse-de-rival-e-declaracao-de-alex-telles-as-ultimas-noticias-do-botafogo\/#article","isPartOf":{"@id":"https:\/\/www.gaveanews.com\/index.php\/2025\/01\/07\/problema-para-inicio-interesse-de-rival-e-declaracao-de-alex-telles-as-ultimas-noticias-do-botafogo\/"},"author":{"name":"Matheus Felipe","@id":"https:\/\/www.gaveanews.com\/#\/schema\/person\/8207cd4627f56151707418bfc835b2fb"},"headline":"Problema para in\u00edcio, interesse de rival e declara\u00e7\u00e3o de Alex Telles: as \u00faltimas not\u00edcias do Botafogo","datePublished":"2025-01-07T07:10:00+00:00","mainEntityOfPage":{"@id":"https:\/\/www.gaveanews.com\/index.php\/2025\/01\/07\/problema-para-inicio-interesse-de-rival-e-declaracao-de-alex-telles-as-ultimas-noticias-do-botafogo\/"},"wordCount":614,"commentCount":0,"image":{"@id":"https:\/\/www.gaveanews.com\/index.php\/2025\/01\/07\/problema-para-inicio-interesse-de-rival-e-declaracao-de-alex-telles-as-ultimas-noticias-do-botafogo\/#primaryimage"},"thumbnailUrl":"https:\/\/www.gaveanews.com\/wp-content\/uploads\/53924402764_6b4493792f_o-e1723743312178.webp","articleSection":["Botafogo"],"inLanguage":"pt-BR","potentialAction":[{"@type":"CommentAction","name":"Comment","target":["https:\/\/www.gaveanews.com\/index.php\/2025\/01\/07\/problema-para-inicio-interesse-de-rival-e-declaracao-de-alex-telles-as-ultimas-noticias-do-botafogo\/#respond"]}],"copyrightYear":"2025","copyrightHolder":{"@id":"https:\/\/www.gaveanews.com\/#organization"}},{"@type":"WebPage","@id":"https:\/\/www.gaveanews.com\/index.php\/2025\/01\/07\/problema-para-inicio-interesse-de-rival-e-declaracao-de-alex-telles-as-ultimas-noticias-do-botafogo\/","url":"https:\/\/www.gaveanews.com\/index.php\/2025\/01\/07\/problema-para-inicio-interesse-de-rival-e-declaracao-de-alex-telles-as-ultimas-noticias-do-botafogo\/","name":"Problema para in\u00edcio, interesse de rival e declara\u00e7\u00e3o de Alex Telles: as \u00faltimas not\u00edcias do Botafogo","isPartOf":{"@id":"https:\/\/www.gaveanews.com\/#website"},"primaryImageOfPage":{"@id":"https:\/\/www.gaveanews.com\/index.php\/2025\/01\/07\/problema-para-inicio-interesse-de-rival-e-declaracao-de-alex-telles-as-ultimas-noticias-do-botafogo\/#primaryimage"},"image":{"@id":"https:\/\/www.gaveanews.com\/index.php\/2025\/01\/07\/problema-para-inicio-interesse-de-rival-e-declaracao-de-alex-telles-as-ultimas-noticias-do-botafogo\/#primaryimage"},"thumbnailUrl":"https:\/\/www.gaveanews.com\/wp-content\/uploads\/53924402764_6b4493792f_o-e1723743312178.webp","datePublished":"2025-01-07T07:10:00+00:00","author":{"@id":"https:\/\/www.gaveanews.com\/#\/schema\/person\/8207cd4627f56151707418bfc835b2fb"},"breadcrumb":{"@id":"https:\/\/www.gaveanews.com\/index.php\/2025\/01\/07\/problema-para-inicio-interesse-de-rival-e-declaracao-de-alex-telles-as-ultimas-noticias-do-botafogo\/#breadcrumb"},"inLanguage":"pt-BR","potentialAction":[{"@type":"ReadAction","target":["https:\/\/www.gaveanews.com\/index.php\/2025\/01\/07\/problema-para-inicio-interesse-de-rival-e-declaracao-de-alex-telles-as-ultimas-noticias-do-botafogo\/"]}]},{"@type":"ImageObject","inLanguage":"pt-BR","@id":"https:\/\/www.gaveanews.com\/index.php\/2025\/01\/07\/problema-para-inicio-interesse-de-rival-e-declaracao-de-alex-telles-as-ultimas-noticias-do-botafogo\/#primaryimage","url":"https:\/\/www.gaveanews.com\/wp-content\/uploads\/53924402764_6b4493792f_o-e1723743312178.webp","contentUrl":"https:\/\/www.gaveanews.com\/wp-content\/uploads\/53924402764_6b4493792f_o-e1723743312178.webp","width":1220,"height":674,"caption":"Torcida do Botafogo no jogo contra o Palmeiras pela Libertadores - Foto: Botafogo\/Flickr"},{"@type":"BreadcrumbList","@id":"https:\/\/www.gaveanews.com\/index.php\/2025\/01\/07\/problema-para-inicio-interesse-de-rival-e-declaracao-de-alex-telles-as-ultimas-noticias-do-botafogo\/#breadcrumb","itemListElement":[{"@type":"ListItem","position":1,"name":"Home","item":"https:\/\/www.gaveanews.com\/"},{"@type":"ListItem","position":2,"name":"Problema para in\u00edcio, interesse de rival e declara\u00e7\u00e3o de Alex Telles: as \u00faltimas not\u00edcias do Botafogo"}]},{"@type":"WebSite","@id":"https:\/\/www.gaveanews.com\/#website","url":"https:\/\/www.gaveanews.com\/","name":"G\u00e1vea News","description":"Veja todas as not\u00edcias sobre o Flamengo: Contrata\u00e7\u00f5es, categorias de base, resultados das partidas, tabela de classifica\u00e7\u00e3o, pr\u00f3ximos jogos!","potentialAction":[{"@type":"SearchAction","target":{"@type":"EntryPoint","urlTemplate":"https:\/\/www.gaveanews.com\/?s={search_term_string}"},"query-input":{"@type":"PropertyValueSpecification","valueRequired":true,"valueName":"search_term_string"}}],"inLanguage":"pt-BR"},{"@type":"Person","@id":"https:\/\/www.gaveanews.com\/#\/schema\/person\/8207cd4627f56151707418bfc835b2fb","name":"Matheus Felipe","image":{"@type":"ImageObject","inLanguage":"pt-BR","@id":"https:\/\/www.gaveanews.com\/#\/schema\/person\/image\/","url":"https:\/\/secure.gravatar.com\/avatar\/a452ffbed9130f726358b298bb3a99ce4bd3c5338411f8440e87e14d74c7c087?s=96&d=mm&r=g","contentUrl":"https:\/\/secure.gravatar.com\/avatar\/a452ffbed9130f726358b298bb3a99ce4bd3c5338411f8440e87e14d74c7c087?s=96&d=mm&r=g","caption":"Matheus Felipe"}}]}},"_links":{"self":[{"href":"https:\/\/www.gaveanews.com\/index.php\/wp-json\/wp\/v2\/posts\/208763","targetHints":{"allow":["GET"]}}],"collection":[{"href":"https:\/\/www.gaveanews.com\/index.php\/wp-json\/wp\/v2\/posts"}],"about":[{"href":"https:\/\/www.gaveanews.com\/index.php\/wp-json\/wp\/v2\/types\/post"}],"author":[{"embeddable":true,"href":"https:\/\/www.gaveanews.com\/index.php\/wp-json\/wp\/v2\/users\/27"}],"replies":[{"embeddable":true,"href":"https:\/\/www.gaveanews.com\/index.php\/wp-json\/wp\/v2\/comments?post=208763"}],"version-history":[{"count":1,"href":"https:\/\/www.gaveanews.com\/index.php\/wp-json\/wp\/v2\/posts\/208763\/revisions"}],"predecessor-version":[{"id":208765,"href":"https:\/\/www.gaveanews.com\/index.php\/wp-json\/wp\/v2\/posts\/208763\/revisions\/208765"}],"wp:featuredmedia":[{"embeddable":true,"href":"https:\/\/www.gaveanews.com\/index.php\/wp-json\/wp\/v2\/media\/158965"}],"wp:attachment":[{"href":"https:\/\/www.gaveanews.com\/index.php\/wp-json\/wp\/v2\/media?parent=208763"}],"wp:term":[{"taxonomy":"category","embeddable":true,"href":"https:\/\/www.gaveanews.com\/index.php\/wp-json\/wp\/v2\/categories?post=208763"},{"taxonomy":"post_tag","embeddable":true,"href":"https:\/\/www.gaveanews.com\/index.php\/wp-json\/wp\/v2\/tags?post=208763"}],"curies":[{"name":"wp","href":"https:\/\/api.w.org\/{rel}","templated":true}]}}