{"id":208774,"date":"2025-01-07T05:10:00","date_gmt":"2025-01-07T08:10:00","guid":{"rendered":"https:\/\/www.gaveanews.com\/?p=208774"},"modified":"2025-01-07T01:30:58","modified_gmt":"2025-01-07T04:30:58","slug":"previsao-de-sormani-declaracao-de-andre-jardine-e-preferencia-da-globo-as-ultimas-noticias-do-botafogo","status":"publish","type":"post","link":"https:\/\/www.gaveanews.com\/index.php\/2025\/01\/07\/previsao-de-sormani-declaracao-de-andre-jardine-e-preferencia-da-globo-as-ultimas-noticias-do-botafogo\/","title":{"rendered":"Previs\u00e3o de Sormani, declara\u00e7\u00e3o de Andr\u00e9 Jardine e prefer\u00eancia da Globo: as \u00faltimas not\u00edcias do Botafogo"},"content":{"rendered":"\n<p>Nas \u00faltimas horas, o foco das not\u00edcias sobre o Botafogo se concentram nos bastidores do clube, com destaques do dia a dia do time.<\/p>\n\n\n\n<p>Por conta deste contexto, leia abaixo um resumo preparado pela equipe do portal G\u00e1vea News para lhe manter muito bem informado!<\/p>\n\n\n\n<h2 class=\"wp-block-heading\" id=\"h-preferencia-da-globo\">Prefer\u00eancia da Globo<\/h2>\n\n\n\n<p>Walter Casagrande revelou que a TV Globo prioriza Corinthians, Flamengo, Palmeiras e Vasco em suas transmiss\u00f5es, devido ao grande apelo popular desses clubes. Em entrevista ao UOL, o comentarista explicou que, no Rio de Janeiro, o Flamengo \u00e9 a escolha preferida, mas Vasco, Botafogo e Fluminense tamb\u00e9m ganham destaque. J\u00e1 em S\u00e3o Paulo, a prefer\u00eancia sempre recai sobre Corinthians e Palmeiras, que dominam as telinhas e garantem altas audi\u00eancias <strong><a href=\"https:\/\/www.gaveanews.com\/index.php\/2025\/01\/06\/walter-casagrande-aponta-os-times-queridinhos-da-rede-globo\/\">(leia a mat\u00e9ria completa).<\/a><\/strong><\/p>\n\n\n\n<figure class=\"wp-block-image size-large\"><img loading=\"lazy\" decoding=\"async\" width=\"1024\" height=\"536\" src=\"https:\/\/www.gaveanews.com\/wp-content\/uploads\/Logomarca-da-Rede-Globo-1024x536.webp\" alt=\"\" class=\"wp-image-96273\" srcset=\"https:\/\/www.gaveanews.com\/wp-content\/uploads\/Logomarca-da-Rede-Globo-1024x536.webp 1024w, https:\/\/www.gaveanews.com\/wp-content\/uploads\/Logomarca-da-Rede-Globo-300x157.webp 300w, https:\/\/www.gaveanews.com\/wp-content\/uploads\/Logomarca-da-Rede-Globo-768x402.webp 768w, https:\/\/www.gaveanews.com\/wp-content\/uploads\/Logomarca-da-Rede-Globo-802x420.webp 802w, https:\/\/www.gaveanews.com\/wp-content\/uploads\/Logomarca-da-Rede-Globo-640x335.webp 640w, https:\/\/www.gaveanews.com\/wp-content\/uploads\/Logomarca-da-Rede-Globo-681x356.webp 681w, https:\/\/www.gaveanews.com\/wp-content\/uploads\/Logomarca-da-Rede-Globo-100x52.webp 100w, https:\/\/www.gaveanews.com\/wp-content\/uploads\/Logomarca-da-Rede-Globo.webp 1280w\" sizes=\"auto, (max-width: 1024px) 100vw, 1024px\" \/><figcaption class=\"wp-element-caption\">Logomarca da Rede Globo (Foto: Reprodu\u00e7\u00e3o)<\/figcaption><\/figure>\n\n\n\n<p>Casagrande destacou que essa sele\u00e7\u00e3o n\u00e3o \u00e9 novidade e est\u00e1 alinhada \u00e0 estrat\u00e9gia da emissora de focar em clubes com maior base de f\u00e3s. \u201cCorinthians e Palmeiras s\u00e3o sempre os primeiros na lista de S\u00e3o Paulo, enquanto o Flamengo domina no Rio por sua enorme torcida\u201d, afirmou o ex-jogador, ressaltando o peso das torcidas na escolha dos jogos transmitidos.<\/p>\n\n\n\n<p>Mesmo com a diversifica\u00e7\u00e3o do mercado esportivo, incluindo plataformas de streaming, a Globo mant\u00e9m sua aposta nos gigantes regionais, que historicamente garantem os melhores \u00edndices de audi\u00eancia. Essa prefer\u00eancia consolida a presen\u00e7a dessas equipes nas transmiss\u00f5es, reafirmando sua relev\u00e2ncia no futebol brasileiro e no cen\u00e1rio midi\u00e1tico.<\/p>\n\n\n\n<h2 class=\"wp-block-heading\" id=\"h-declaracao-de-andre-jardine\">Declara\u00e7\u00e3o de Andr\u00e9 Jardine<\/h2>\n\n\n\n<p>O t\u00e9cnico Andr\u00e9 Jardine, ap\u00f3s conquistar o tricampeonato nacional com o Am\u00e9rica do M\u00e9xico, revelou ter recusado uma proposta do Botafogo em entrevista exclusiva. Durante o bate-papo, Jardine abordou a competitividade do futebol mexicano e destacou a possibilidade de os clubes do pa\u00eds retornarem \u00e0 Copa Libertadores. Para ele, grandes times mexicanos, como o Am\u00e9rica, t\u00eam plenas condi\u00e7\u00f5es de competir em p\u00e9 de igualdade com os clubes brasileiros, o que tornaria o torneio ainda mais interessante <strong><a href=\"https:\/\/www.gaveanews.com\/index.php\/2025\/01\/06\/a-declaracao-de-andre-jardine-direcionada-ao-botafogo\/\">(leia a mat\u00e9ria completa).<\/a><\/strong><\/p>\n\n\n\n<blockquote class=\"instagram-media\" data-instgrm-permalink=\"https:\/\/www.instagram.com\/p\/DAcJ2W3yF2r\/?utm_source=ig_embed&amp;utm_campaign=loading\" data-instgrm-version=\"14\" style=\" background:#FFF; border:0; border-radius:3px; box-shadow:0 0 1px 0 rgba(0,0,0,0.5),0 1px 10px 0 rgba(0,0,0,0.15); margin: 1px; max-width:540px; min-width:326px; padding:0; width:99.375%; width:-webkit-calc(100% - 2px); width:calc(100% - 2px);\"><div style=\"padding:16px;\"> <a href=\"https:\/\/www.instagram.com\/p\/DAcJ2W3yF2r\/?utm_source=ig_embed&amp;utm_campaign=loading\" style=\" background:#FFFFFF; line-height:0; padding:0 0; text-align:center; text-decoration:none; width:100%;\" target=\"_blank\"> <div style=\" display: flex; flex-direction: row; align-items: center;\"> <div style=\"background-color: #F4F4F4; border-radius: 50%; flex-grow: 0; height: 40px; margin-right: 14px; width: 40px;\"><\/div> <div style=\"display: flex; flex-direction: column; flex-grow: 1; justify-content: center;\"> <div style=\" background-color: #F4F4F4; border-radius: 4px; flex-grow: 0; height: 14px; margin-bottom: 6px; width: 100px;\"><\/div> <div style=\" background-color: #F4F4F4; border-radius: 4px; flex-grow: 0; height: 14px; width: 60px;\"><\/div><\/div><\/div><div style=\"padding: 19% 0;\"><\/div> <div style=\"display:block; height:50px; margin:0 auto 12px; width:50px;\"><svg width=\"50px\" height=\"50px\" viewBox=\"0 0 60 60\" version=\"1.1\" xmlns=\"https:\/\/www.w3.org\/2000\/svg\" xmlns:xlink=\"https:\/\/www.w3.org\/1999\/xlink\"><g stroke=\"none\" stroke-width=\"1\" fill=\"none\" fill-rule=\"evenodd\"><g transform=\"translate(-511.000000, -20.000000)\" fill=\"#000000\"><g><path d=\"M556.869,30.41 C554.814,30.41 553.148,32.076 553.148,34.131 C553.148,36.186 554.814,37.852 556.869,37.852 C558.924,37.852 560.59,36.186 560.59,34.131 C560.59,32.076 558.924,30.41 556.869,30.41 M541,60.657 C535.114,60.657 530.342,55.887 530.342,50 C530.342,44.114 535.114,39.342 541,39.342 C546.887,39.342 551.658,44.114 551.658,50 C551.658,55.887 546.887,60.657 541,60.657 M541,33.886 C532.1,33.886 524.886,41.1 524.886,50 C524.886,58.899 532.1,66.113 541,66.113 C549.9,66.113 557.115,58.899 557.115,50 C557.115,41.1 549.9,33.886 541,33.886 M565.378,62.101 C565.244,65.022 564.756,66.606 564.346,67.663 C563.803,69.06 563.154,70.057 562.106,71.106 C561.058,72.155 560.06,72.803 558.662,73.347 C557.607,73.757 556.021,74.244 553.102,74.378 C549.944,74.521 548.997,74.552 541,74.552 C533.003,74.552 532.056,74.521 528.898,74.378 C525.979,74.244 524.393,73.757 523.338,73.347 C521.94,72.803 520.942,72.155 519.894,71.106 C518.846,70.057 518.197,69.06 517.654,67.663 C517.244,66.606 516.755,65.022 516.623,62.101 C516.479,58.943 516.448,57.996 516.448,50 C516.448,42.003 516.479,41.056 516.623,37.899 C516.755,34.978 517.244,33.391 517.654,32.338 C518.197,30.938 518.846,29.942 519.894,28.894 C520.942,27.846 521.94,27.196 523.338,26.654 C524.393,26.244 525.979,25.756 528.898,25.623 C532.057,25.479 533.004,25.448 541,25.448 C548.997,25.448 549.943,25.479 553.102,25.623 C556.021,25.756 557.607,26.244 558.662,26.654 C560.06,27.196 561.058,27.846 562.106,28.894 C563.154,29.942 563.803,30.938 564.346,32.338 C564.756,33.391 565.244,34.978 565.378,37.899 C565.522,41.056 565.552,42.003 565.552,50 C565.552,57.996 565.522,58.943 565.378,62.101 M570.82,37.631 C570.674,34.438 570.167,32.258 569.425,30.349 C568.659,28.377 567.633,26.702 565.965,25.035 C564.297,23.368 562.623,22.342 560.652,21.575 C558.743,20.834 556.562,20.326 553.369,20.18 C550.169,20.033 549.148,20 541,20 C532.853,20 531.831,20.033 528.631,20.18 C525.438,20.326 523.257,20.834 521.349,21.575 C519.376,22.342 517.703,23.368 516.035,25.035 C514.368,26.702 513.342,28.377 512.574,30.349 C511.834,32.258 511.326,34.438 511.181,37.631 C511.035,40.831 511,41.851 511,50 C511,58.147 511.035,59.17 511.181,62.369 C511.326,65.562 511.834,67.743 512.574,69.651 C513.342,71.625 514.368,73.296 516.035,74.965 C517.703,76.634 519.376,77.658 521.349,78.425 C523.257,79.167 525.438,79.673 528.631,79.82 C531.831,79.965 532.853,80.001 541,80.001 C549.148,80.001 550.169,79.965 553.369,79.82 C556.562,79.673 558.743,79.167 560.652,78.425 C562.623,77.658 564.297,76.634 565.965,74.965 C567.633,73.296 568.659,71.625 569.425,69.651 C570.167,67.743 570.674,65.562 570.82,62.369 C570.966,59.17 571,58.147 571,50 C571,41.851 570.966,40.831 570.82,37.631\"><\/path><\/g><\/g><\/g><\/svg><\/div><div style=\"padding-top: 8px;\"> <div style=\" color:#3897f0; font-family:Arial,sans-serif; font-size:14px; font-style:normal; font-weight:550; line-height:18px;\">Ver essa foto no Instagram<\/div><\/div><div style=\"padding: 12.5% 0;\"><\/div> <div style=\"display: flex; flex-direction: row; margin-bottom: 14px; align-items: center;\"><div> <div style=\"background-color: #F4F4F4; border-radius: 50%; height: 12.5px; width: 12.5px; transform: translateX(0px) translateY(7px);\"><\/div> <div style=\"background-color: #F4F4F4; height: 12.5px; transform: rotate(-45deg) translateX(3px) translateY(1px); width: 12.5px; flex-grow: 0; margin-right: 14px; margin-left: 2px;\"><\/div> <div style=\"background-color: #F4F4F4; border-radius: 50%; height: 12.5px; width: 12.5px; transform: translateX(9px) translateY(-18px);\"><\/div><\/div><div style=\"margin-left: 8px;\"> <div style=\" background-color: #F4F4F4; border-radius: 50%; flex-grow: 0; height: 20px; width: 20px;\"><\/div> <div style=\" width: 0; height: 0; border-top: 2px solid transparent; border-left: 6px solid #f4f4f4; border-bottom: 2px solid transparent; transform: translateX(16px) translateY(-4px) rotate(30deg)\"><\/div><\/div><div style=\"margin-left: auto;\"> <div style=\" width: 0px; border-top: 8px solid #F4F4F4; border-right: 8px solid transparent; transform: translateY(16px);\"><\/div> <div style=\" background-color: #F4F4F4; flex-grow: 0; height: 12px; width: 16px; transform: translateY(-4px);\"><\/div> <div style=\" width: 0; height: 0; border-top: 8px solid #F4F4F4; border-left: 8px solid transparent; transform: translateY(-4px) translateX(8px);\"><\/div><\/div><\/div> <div style=\"display: flex; flex-direction: column; flex-grow: 1; justify-content: center; margin-bottom: 24px;\"> <div style=\" background-color: #F4F4F4; border-radius: 4px; flex-grow: 0; height: 14px; margin-bottom: 6px; width: 224px;\"><\/div> <div style=\" background-color: #F4F4F4; border-radius: 4px; flex-grow: 0; height: 14px; width: 144px;\"><\/div><\/div><\/a><p style=\" color:#c9c8cd; font-family:Arial,sans-serif; font-size:14px; line-height:17px; margin-bottom:0; margin-top:8px; overflow:hidden; padding:8px 0 7px; text-align:center; text-overflow:ellipsis; white-space:nowrap;\"><a href=\"https:\/\/www.instagram.com\/p\/DAcJ2W3yF2r\/?utm_source=ig_embed&amp;utm_campaign=loading\" style=\" color:#c9c8cd; font-family:Arial,sans-serif; font-size:14px; font-style:normal; font-weight:normal; line-height:17px; text-decoration:none;\" target=\"_blank\">Uma publica\u00e7\u00e3o compartilhada por Club Am\u00e9rica (@clubamerica)<\/a><\/p><\/div><\/blockquote>\n<script async src=\"\/\/www.instagram.com\/embed.js\"><\/script>\n\n\n\n<p>Jardine tamb\u00e9m mencionou o desempenho do Pachuca contra o Botafogo no Mundial de Clubes, enfatizando que mesmo times de menor express\u00e3o no M\u00e9xico possuem estrutura para competir em alto n\u00edvel. <\/p>\n\n\n\n<p>Apesar do interesse do Glorioso, o treinador preferiu focar em sua pausa estrat\u00e9gica com a fam\u00edlia, indicando que, por enquanto, n\u00e3o planeja voltar ao futebol brasileiro. No entanto, deixou em aberto a possibilidade de retornar ao pa\u00eds em um momento futuro.<\/p>\n\n\n\n<p>Com um curr\u00edculo s\u00f3lido, que inclui sua passagem pela Sele\u00e7\u00e3o Ol\u00edmpica Brasileira e t\u00edtulos no M\u00e9xico, Jardine \u00e9 um nome que continuar\u00e1 despertando interesse no mercado nacional. A pausa no litoral marca um momento de reflex\u00e3o antes de novos desafios, e sua decis\u00e3o de recusar o Botafogo refor\u00e7a sua cautela na escolha do pr\u00f3ximo passo em sua carreira.<\/p>\n\n\n\n<h2 class=\"wp-block-heading\" id=\"h-previsao-de-sormani\">Previs\u00e3o de Sormani<\/h2>\n\n\n\n<p>O jornalista F\u00e1bio Sormani fez suas previs\u00f5es para os campeonatos de 2025 e surpreendeu ao cravar que o Botafogo ser\u00e1 o campe\u00e3o da Copa do Brasil, conquistando o t\u00edtulo in\u00e9dito. Ap\u00f3s uma temporada hist\u00f3rica em 2024, com a conquista da Libertadores e do Brasileir\u00e3o, o Glorioso entra na competi\u00e7\u00e3o como um dos favoritos. Em edi\u00e7\u00f5es anteriores, a melhor campanha do clube foi em 1999, quando ficou com o vice-campeonato <strong><a href=\"https:\/\/www.gaveanews.com\/index.php\/2025\/01\/06\/fabio-sormani-crava-quem-sera-o-campeao-da-copa-do-brasil-2025\/\">(leia a mat\u00e9ria completa).<\/a><\/strong><\/p>\n\n\n\n<figure class=\"wp-block-image size-full\"><img loading=\"lazy\" decoding=\"async\" width=\"650\" height=\"325\" src=\"https:\/\/www.gaveanews.com\/wp-content\/uploads\/Sormani-durante-um-programa-da-emissora-Fox-Sports.webp\" alt=\"\" class=\"wp-image-52970\" srcset=\"https:\/\/www.gaveanews.com\/wp-content\/uploads\/Sormani-durante-um-programa-da-emissora-Fox-Sports.webp 650w, https:\/\/www.gaveanews.com\/wp-content\/uploads\/Sormani-durante-um-programa-da-emissora-Fox-Sports-300x150.webp 300w, https:\/\/www.gaveanews.com\/wp-content\/uploads\/Sormani-durante-um-programa-da-emissora-Fox-Sports-640x320.webp 640w, https:\/\/www.gaveanews.com\/wp-content\/uploads\/Sormani-durante-um-programa-da-emissora-Fox-Sports-100x50.webp 100w\" sizes=\"auto, (max-width: 650px) 100vw, 650px\" \/><figcaption class=\"wp-element-caption\">Sormani durante um programa da emissora Fox Sports (Foto: Reprodu\u00e7\u00e3o)<\/figcaption><\/figure>\n\n\n\n<p>Apesar do sucesso em outras competi\u00e7\u00f5es na \u00faltima temporada, o Botafogo teve uma participa\u00e7\u00e3o frustrante na Copa do Brasil de 2024, sendo eliminado nas oitavas de final pelo Bahia. O jogo de volta foi marcado por pol\u00eamicas, incluindo a expuls\u00e3o de Gregore, que deixou o time carioca em desvantagem. Agora, o clube busca reverter esse hist\u00f3rico e conquistar o t\u00e3o sonhado t\u00edtulo.<\/p>\n\n\n\n<p>Sormani tamb\u00e9m fez outras previs\u00f5es ousadas: ele acredita que o Flamengo, sob o comando de Filipe Lu\u00eds, ser\u00e1 o campe\u00e3o da Libertadores, tornando-se o primeiro brasileiro tetracampe\u00e3o do torneio. Para o Brasileir\u00e3o, o jornalista aposta no Corinthians como vencedor, destacando o refor\u00e7o de nomes como Rodrigo Garro, Yuri Alberto e Memphis Depay. J\u00e1 o Palmeiras, mesmo com investimentos altos, segundo Sormani, passar\u00e1 em branco em 2025. As proje\u00e7\u00f5es acirraram ainda mais as expectativas para a nova temporada do futebol brasileiro.<\/p>\n","protected":false},"excerpt":{"rendered":"<p>Nas \u00faltimas horas, o foco das not\u00edcias sobre o Botafogo se concentram nos bastidores do clube, com destaques do dia a dia do time. Por conta deste contexto, leia abaixo um resumo preparado pela equipe do portal G\u00e1vea News para lhe manter muito bem informado! Prefer\u00eancia da Globo Walter Casagrande revelou que a TV Globo [&hellip;]<\/p>\n","protected":false},"author":27,"featured_media":182060,"comment_status":"open","ping_status":"closed","sticky":false,"template":"","format":"standard","meta":{"footnotes":""},"categories":[138],"tags":[],"class_list":["post-208774","post","type-post","status-publish","format-standard","has-post-thumbnail","hentry","category-botafogo"],"yoast_head":"<!-- This site is optimized with the Yoast SEO Premium plugin v24.2 (Yoast SEO v26.9) - https:\/\/yoast.com\/product\/yoast-seo-premium-wordpress\/ -->\n<title>Previs\u00e3o de Sormani, declara\u00e7\u00e3o de Andr\u00e9 Jardine e prefer\u00eancia da Globo: as \u00faltimas not\u00edcias do Botafogo<\/title>\n<meta name=\"robots\" content=\"index, follow, max-snippet:-1, max-image-preview:large, max-video-preview:-1\" \/>\n<link rel=\"canonical\" href=\"https:\/\/www.gaveanews.com\/index.php\/2025\/01\/07\/previsao-de-sormani-declaracao-de-andre-jardine-e-preferencia-da-globo-as-ultimas-noticias-do-botafogo\/\" \/>\n<meta property=\"og:locale\" content=\"pt_BR\" \/>\n<meta property=\"og:type\" content=\"article\" \/>\n<meta property=\"og:title\" content=\"Previs\u00e3o de Sormani, declara\u00e7\u00e3o de Andr\u00e9 Jardine e prefer\u00eancia da Globo: as \u00faltimas not\u00edcias do Botafogo\" \/>\n<meta property=\"og:description\" content=\"Nas \u00faltimas horas, o foco das not\u00edcias sobre o Botafogo se concentram nos bastidores do clube, com destaques do dia a dia do time. Por conta deste contexto, leia abaixo um resumo preparado pela equipe do portal G\u00e1vea News para lhe manter muito bem informado! Prefer\u00eancia da Globo Walter Casagrande revelou que a TV Globo [&hellip;]\" \/>\n<meta property=\"og:url\" content=\"https:\/\/www.gaveanews.com\/index.php\/2025\/01\/07\/previsao-de-sormani-declaracao-de-andre-jardine-e-preferencia-da-globo-as-ultimas-noticias-do-botafogo\/\" \/>\n<meta property=\"og:site_name\" content=\"G\u00e1vea News\" \/>\n<meta property=\"article:publisher\" content=\"https:\/\/facebook.com\/gaveaNews\/\" \/>\n<meta property=\"article:published_time\" content=\"2025-01-07T08:10:00+00:00\" \/>\n<meta property=\"og:image\" content=\"https:\/\/www.gaveanews.com\/wp-content\/uploads\/Escudo-do-Botafogo-1.webp\" \/>\n\t<meta property=\"og:image:width\" content=\"787\" \/>\n\t<meta property=\"og:image:height\" content=\"525\" \/>\n\t<meta property=\"og:image:type\" content=\"image\/webp\" \/>\n<meta name=\"author\" content=\"Matheus Felipe\" \/>\n<meta name=\"twitter:card\" content=\"summary_large_image\" \/>\n<meta name=\"twitter:label1\" content=\"Escrito por\" \/>\n\t<meta name=\"twitter:data1\" content=\"Matheus Felipe\" \/>\n\t<meta name=\"twitter:label2\" content=\"Est. tempo de leitura\" \/>\n\t<meta name=\"twitter:data2\" content=\"1 minuto\" \/>\n<script type=\"application\/ld+json\" class=\"yoast-schema-graph\">{\"@context\":\"https:\/\/schema.org\",\"@graph\":[{\"@type\":\"NewsArticle\",\"@id\":\"https:\/\/www.gaveanews.com\/index.php\/2025\/01\/07\/previsao-de-sormani-declaracao-de-andre-jardine-e-preferencia-da-globo-as-ultimas-noticias-do-botafogo\/#article\",\"isPartOf\":{\"@id\":\"https:\/\/www.gaveanews.com\/index.php\/2025\/01\/07\/previsao-de-sormani-declaracao-de-andre-jardine-e-preferencia-da-globo-as-ultimas-noticias-do-botafogo\/\"},\"author\":{\"name\":\"Matheus Felipe\",\"@id\":\"https:\/\/www.gaveanews.com\/#\/schema\/person\/8207cd4627f56151707418bfc835b2fb\"},\"headline\":\"Previs\u00e3o de Sormani, declara\u00e7\u00e3o de Andr\u00e9 Jardine e prefer\u00eancia da Globo: as \u00faltimas not\u00edcias do Botafogo\",\"datePublished\":\"2025-01-07T08:10:00+00:00\",\"mainEntityOfPage\":{\"@id\":\"https:\/\/www.gaveanews.com\/index.php\/2025\/01\/07\/previsao-de-sormani-declaracao-de-andre-jardine-e-preferencia-da-globo-as-ultimas-noticias-do-botafogo\/\"},\"wordCount\":778,\"commentCount\":0,\"image\":{\"@id\":\"https:\/\/www.gaveanews.com\/index.php\/2025\/01\/07\/previsao-de-sormani-declaracao-de-andre-jardine-e-preferencia-da-globo-as-ultimas-noticias-do-botafogo\/#primaryimage\"},\"thumbnailUrl\":\"https:\/\/www.gaveanews.com\/wp-content\/uploads\/Escudo-do-Botafogo-1.webp\",\"articleSection\":[\"Botafogo\"],\"inLanguage\":\"pt-BR\",\"potentialAction\":[{\"@type\":\"CommentAction\",\"name\":\"Comment\",\"target\":[\"https:\/\/www.gaveanews.com\/index.php\/2025\/01\/07\/previsao-de-sormani-declaracao-de-andre-jardine-e-preferencia-da-globo-as-ultimas-noticias-do-botafogo\/#respond\"]}],\"copyrightYear\":\"2025\",\"copyrightHolder\":{\"@id\":\"https:\/\/www.gaveanews.com\/#organization\"}},{\"@type\":\"WebPage\",\"@id\":\"https:\/\/www.gaveanews.com\/index.php\/2025\/01\/07\/previsao-de-sormani-declaracao-de-andre-jardine-e-preferencia-da-globo-as-ultimas-noticias-do-botafogo\/\",\"url\":\"https:\/\/www.gaveanews.com\/index.php\/2025\/01\/07\/previsao-de-sormani-declaracao-de-andre-jardine-e-preferencia-da-globo-as-ultimas-noticias-do-botafogo\/\",\"name\":\"Previs\u00e3o de Sormani, declara\u00e7\u00e3o de Andr\u00e9 Jardine e prefer\u00eancia da Globo: as \u00faltimas not\u00edcias do Botafogo\",\"isPartOf\":{\"@id\":\"https:\/\/www.gaveanews.com\/#website\"},\"primaryImageOfPage\":{\"@id\":\"https:\/\/www.gaveanews.com\/index.php\/2025\/01\/07\/previsao-de-sormani-declaracao-de-andre-jardine-e-preferencia-da-globo-as-ultimas-noticias-do-botafogo\/#primaryimage\"},\"image\":{\"@id\":\"https:\/\/www.gaveanews.com\/index.php\/2025\/01\/07\/previsao-de-sormani-declaracao-de-andre-jardine-e-preferencia-da-globo-as-ultimas-noticias-do-botafogo\/#primaryimage\"},\"thumbnailUrl\":\"https:\/\/www.gaveanews.com\/wp-content\/uploads\/Escudo-do-Botafogo-1.webp\",\"datePublished\":\"2025-01-07T08:10:00+00:00\",\"author\":{\"@id\":\"https:\/\/www.gaveanews.com\/#\/schema\/person\/8207cd4627f56151707418bfc835b2fb\"},\"breadcrumb\":{\"@id\":\"https:\/\/www.gaveanews.com\/index.php\/2025\/01\/07\/previsao-de-sormani-declaracao-de-andre-jardine-e-preferencia-da-globo-as-ultimas-noticias-do-botafogo\/#breadcrumb\"},\"inLanguage\":\"pt-BR\",\"potentialAction\":[{\"@type\":\"ReadAction\",\"target\":[\"https:\/\/www.gaveanews.com\/index.php\/2025\/01\/07\/previsao-de-sormani-declaracao-de-andre-jardine-e-preferencia-da-globo-as-ultimas-noticias-do-botafogo\/\"]}]},{\"@type\":\"ImageObject\",\"inLanguage\":\"pt-BR\",\"@id\":\"https:\/\/www.gaveanews.com\/index.php\/2025\/01\/07\/previsao-de-sormani-declaracao-de-andre-jardine-e-preferencia-da-globo-as-ultimas-noticias-do-botafogo\/#primaryimage\",\"url\":\"https:\/\/www.gaveanews.com\/wp-content\/uploads\/Escudo-do-Botafogo-1.webp\",\"contentUrl\":\"https:\/\/www.gaveanews.com\/wp-content\/uploads\/Escudo-do-Botafogo-1.webp\",\"width\":787,\"height\":525,\"caption\":\"Escudo do Botafogo (Foto: Reprodu\u00e7\u00e3o\/Botafogo)\"},{\"@type\":\"BreadcrumbList\",\"@id\":\"https:\/\/www.gaveanews.com\/index.php\/2025\/01\/07\/previsao-de-sormani-declaracao-de-andre-jardine-e-preferencia-da-globo-as-ultimas-noticias-do-botafogo\/#breadcrumb\",\"itemListElement\":[{\"@type\":\"ListItem\",\"position\":1,\"name\":\"Home\",\"item\":\"https:\/\/www.gaveanews.com\/\"},{\"@type\":\"ListItem\",\"position\":2,\"name\":\"Previs\u00e3o de Sormani, declara\u00e7\u00e3o de Andr\u00e9 Jardine e prefer\u00eancia da Globo: as \u00faltimas not\u00edcias do Botafogo\"}]},{\"@type\":\"WebSite\",\"@id\":\"https:\/\/www.gaveanews.com\/#website\",\"url\":\"https:\/\/www.gaveanews.com\/\",\"name\":\"G\u00e1vea News\",\"description\":\"Veja todas as not\u00edcias sobre o Flamengo: Contrata\u00e7\u00f5es, categorias de base, resultados das partidas, tabela de classifica\u00e7\u00e3o, pr\u00f3ximos jogos!\",\"potentialAction\":[{\"@type\":\"SearchAction\",\"target\":{\"@type\":\"EntryPoint\",\"urlTemplate\":\"https:\/\/www.gaveanews.com\/?s={search_term_string}\"},\"query-input\":{\"@type\":\"PropertyValueSpecification\",\"valueRequired\":true,\"valueName\":\"search_term_string\"}}],\"inLanguage\":\"pt-BR\"},{\"@type\":\"Person\",\"@id\":\"https:\/\/www.gaveanews.com\/#\/schema\/person\/8207cd4627f56151707418bfc835b2fb\",\"name\":\"Matheus Felipe\",\"image\":{\"@type\":\"ImageObject\",\"inLanguage\":\"pt-BR\",\"@id\":\"https:\/\/www.gaveanews.com\/#\/schema\/person\/image\/\",\"url\":\"https:\/\/secure.gravatar.com\/avatar\/a452ffbed9130f726358b298bb3a99ce4bd3c5338411f8440e87e14d74c7c087?s=96&d=mm&r=g\",\"contentUrl\":\"https:\/\/secure.gravatar.com\/avatar\/a452ffbed9130f726358b298bb3a99ce4bd3c5338411f8440e87e14d74c7c087?s=96&d=mm&r=g\",\"caption\":\"Matheus Felipe\"}}]}<\/script>\n<!-- \/ Yoast SEO Premium plugin. -->","yoast_head_json":{"title":"Previs\u00e3o de Sormani, declara\u00e7\u00e3o de Andr\u00e9 Jardine e prefer\u00eancia da Globo: as \u00faltimas not\u00edcias do Botafogo","robots":{"index":"index","follow":"follow","max-snippet":"max-snippet:-1","max-image-preview":"max-image-preview:large","max-video-preview":"max-video-preview:-1"},"canonical":"https:\/\/www.gaveanews.com\/index.php\/2025\/01\/07\/previsao-de-sormani-declaracao-de-andre-jardine-e-preferencia-da-globo-as-ultimas-noticias-do-botafogo\/","og_locale":"pt_BR","og_type":"article","og_title":"Previs\u00e3o de Sormani, declara\u00e7\u00e3o de Andr\u00e9 Jardine e prefer\u00eancia da Globo: as \u00faltimas not\u00edcias do Botafogo","og_description":"Nas \u00faltimas horas, o foco das not\u00edcias sobre o Botafogo se concentram nos bastidores do clube, com destaques do dia a dia do time. Por conta deste contexto, leia abaixo um resumo preparado pela equipe do portal G\u00e1vea News para lhe manter muito bem informado! Prefer\u00eancia da Globo Walter Casagrande revelou que a TV Globo [&hellip;]","og_url":"https:\/\/www.gaveanews.com\/index.php\/2025\/01\/07\/previsao-de-sormani-declaracao-de-andre-jardine-e-preferencia-da-globo-as-ultimas-noticias-do-botafogo\/","og_site_name":"G\u00e1vea News","article_publisher":"https:\/\/facebook.com\/gaveaNews\/","article_published_time":"2025-01-07T08:10:00+00:00","og_image":[{"width":787,"height":525,"url":"https:\/\/www.gaveanews.com\/wp-content\/uploads\/Escudo-do-Botafogo-1.webp","type":"image\/webp"}],"author":"Matheus Felipe","twitter_card":"summary_large_image","twitter_misc":{"Escrito por":"Matheus Felipe","Est. tempo de leitura":"1 minuto"},"schema":{"@context":"https:\/\/schema.org","@graph":[{"@type":"NewsArticle","@id":"https:\/\/www.gaveanews.com\/index.php\/2025\/01\/07\/previsao-de-sormani-declaracao-de-andre-jardine-e-preferencia-da-globo-as-ultimas-noticias-do-botafogo\/#article","isPartOf":{"@id":"https:\/\/www.gaveanews.com\/index.php\/2025\/01\/07\/previsao-de-sormani-declaracao-de-andre-jardine-e-preferencia-da-globo-as-ultimas-noticias-do-botafogo\/"},"author":{"name":"Matheus Felipe","@id":"https:\/\/www.gaveanews.com\/#\/schema\/person\/8207cd4627f56151707418bfc835b2fb"},"headline":"Previs\u00e3o de Sormani, declara\u00e7\u00e3o de Andr\u00e9 Jardine e prefer\u00eancia da Globo: as \u00faltimas not\u00edcias do Botafogo","datePublished":"2025-01-07T08:10:00+00:00","mainEntityOfPage":{"@id":"https:\/\/www.gaveanews.com\/index.php\/2025\/01\/07\/previsao-de-sormani-declaracao-de-andre-jardine-e-preferencia-da-globo-as-ultimas-noticias-do-botafogo\/"},"wordCount":778,"commentCount":0,"image":{"@id":"https:\/\/www.gaveanews.com\/index.php\/2025\/01\/07\/previsao-de-sormani-declaracao-de-andre-jardine-e-preferencia-da-globo-as-ultimas-noticias-do-botafogo\/#primaryimage"},"thumbnailUrl":"https:\/\/www.gaveanews.com\/wp-content\/uploads\/Escudo-do-Botafogo-1.webp","articleSection":["Botafogo"],"inLanguage":"pt-BR","potentialAction":[{"@type":"CommentAction","name":"Comment","target":["https:\/\/www.gaveanews.com\/index.php\/2025\/01\/07\/previsao-de-sormani-declaracao-de-andre-jardine-e-preferencia-da-globo-as-ultimas-noticias-do-botafogo\/#respond"]}],"copyrightYear":"2025","copyrightHolder":{"@id":"https:\/\/www.gaveanews.com\/#organization"}},{"@type":"WebPage","@id":"https:\/\/www.gaveanews.com\/index.php\/2025\/01\/07\/previsao-de-sormani-declaracao-de-andre-jardine-e-preferencia-da-globo-as-ultimas-noticias-do-botafogo\/","url":"https:\/\/www.gaveanews.com\/index.php\/2025\/01\/07\/previsao-de-sormani-declaracao-de-andre-jardine-e-preferencia-da-globo-as-ultimas-noticias-do-botafogo\/","name":"Previs\u00e3o de Sormani, declara\u00e7\u00e3o de Andr\u00e9 Jardine e prefer\u00eancia da Globo: as \u00faltimas not\u00edcias do Botafogo","isPartOf":{"@id":"https:\/\/www.gaveanews.com\/#website"},"primaryImageOfPage":{"@id":"https:\/\/www.gaveanews.com\/index.php\/2025\/01\/07\/previsao-de-sormani-declaracao-de-andre-jardine-e-preferencia-da-globo-as-ultimas-noticias-do-botafogo\/#primaryimage"},"image":{"@id":"https:\/\/www.gaveanews.com\/index.php\/2025\/01\/07\/previsao-de-sormani-declaracao-de-andre-jardine-e-preferencia-da-globo-as-ultimas-noticias-do-botafogo\/#primaryimage"},"thumbnailUrl":"https:\/\/www.gaveanews.com\/wp-content\/uploads\/Escudo-do-Botafogo-1.webp","datePublished":"2025-01-07T08:10:00+00:00","author":{"@id":"https:\/\/www.gaveanews.com\/#\/schema\/person\/8207cd4627f56151707418bfc835b2fb"},"breadcrumb":{"@id":"https:\/\/www.gaveanews.com\/index.php\/2025\/01\/07\/previsao-de-sormani-declaracao-de-andre-jardine-e-preferencia-da-globo-as-ultimas-noticias-do-botafogo\/#breadcrumb"},"inLanguage":"pt-BR","potentialAction":[{"@type":"ReadAction","target":["https:\/\/www.gaveanews.com\/index.php\/2025\/01\/07\/previsao-de-sormani-declaracao-de-andre-jardine-e-preferencia-da-globo-as-ultimas-noticias-do-botafogo\/"]}]},{"@type":"ImageObject","inLanguage":"pt-BR","@id":"https:\/\/www.gaveanews.com\/index.php\/2025\/01\/07\/previsao-de-sormani-declaracao-de-andre-jardine-e-preferencia-da-globo-as-ultimas-noticias-do-botafogo\/#primaryimage","url":"https:\/\/www.gaveanews.com\/wp-content\/uploads\/Escudo-do-Botafogo-1.webp","contentUrl":"https:\/\/www.gaveanews.com\/wp-content\/uploads\/Escudo-do-Botafogo-1.webp","width":787,"height":525,"caption":"Escudo do Botafogo (Foto: Reprodu\u00e7\u00e3o\/Botafogo)"},{"@type":"BreadcrumbList","@id":"https:\/\/www.gaveanews.com\/index.php\/2025\/01\/07\/previsao-de-sormani-declaracao-de-andre-jardine-e-preferencia-da-globo-as-ultimas-noticias-do-botafogo\/#breadcrumb","itemListElement":[{"@type":"ListItem","position":1,"name":"Home","item":"https:\/\/www.gaveanews.com\/"},{"@type":"ListItem","position":2,"name":"Previs\u00e3o de Sormani, declara\u00e7\u00e3o de Andr\u00e9 Jardine e prefer\u00eancia da Globo: as \u00faltimas not\u00edcias do Botafogo"}]},{"@type":"WebSite","@id":"https:\/\/www.gaveanews.com\/#website","url":"https:\/\/www.gaveanews.com\/","name":"G\u00e1vea News","description":"Veja todas as not\u00edcias sobre o Flamengo: Contrata\u00e7\u00f5es, categorias de base, resultados das partidas, tabela de classifica\u00e7\u00e3o, pr\u00f3ximos jogos!","potentialAction":[{"@type":"SearchAction","target":{"@type":"EntryPoint","urlTemplate":"https:\/\/www.gaveanews.com\/?s={search_term_string}"},"query-input":{"@type":"PropertyValueSpecification","valueRequired":true,"valueName":"search_term_string"}}],"inLanguage":"pt-BR"},{"@type":"Person","@id":"https:\/\/www.gaveanews.com\/#\/schema\/person\/8207cd4627f56151707418bfc835b2fb","name":"Matheus Felipe","image":{"@type":"ImageObject","inLanguage":"pt-BR","@id":"https:\/\/www.gaveanews.com\/#\/schema\/person\/image\/","url":"https:\/\/secure.gravatar.com\/avatar\/a452ffbed9130f726358b298bb3a99ce4bd3c5338411f8440e87e14d74c7c087?s=96&d=mm&r=g","contentUrl":"https:\/\/secure.gravatar.com\/avatar\/a452ffbed9130f726358b298bb3a99ce4bd3c5338411f8440e87e14d74c7c087?s=96&d=mm&r=g","caption":"Matheus Felipe"}}]}},"_links":{"self":[{"href":"https:\/\/www.gaveanews.com\/index.php\/wp-json\/wp\/v2\/posts\/208774","targetHints":{"allow":["GET"]}}],"collection":[{"href":"https:\/\/www.gaveanews.com\/index.php\/wp-json\/wp\/v2\/posts"}],"about":[{"href":"https:\/\/www.gaveanews.com\/index.php\/wp-json\/wp\/v2\/types\/post"}],"author":[{"embeddable":true,"href":"https:\/\/www.gaveanews.com\/index.php\/wp-json\/wp\/v2\/users\/27"}],"replies":[{"embeddable":true,"href":"https:\/\/www.gaveanews.com\/index.php\/wp-json\/wp\/v2\/comments?post=208774"}],"version-history":[{"count":1,"href":"https:\/\/www.gaveanews.com\/index.php\/wp-json\/wp\/v2\/posts\/208774\/revisions"}],"predecessor-version":[{"id":208778,"href":"https:\/\/www.gaveanews.com\/index.php\/wp-json\/wp\/v2\/posts\/208774\/revisions\/208778"}],"wp:featuredmedia":[{"embeddable":true,"href":"https:\/\/www.gaveanews.com\/index.php\/wp-json\/wp\/v2\/media\/182060"}],"wp:attachment":[{"href":"https:\/\/www.gaveanews.com\/index.php\/wp-json\/wp\/v2\/media?parent=208774"}],"wp:term":[{"taxonomy":"category","embeddable":true,"href":"https:\/\/www.gaveanews.com\/index.php\/wp-json\/wp\/v2\/categories?post=208774"},{"taxonomy":"post_tag","embeddable":true,"href":"https:\/\/www.gaveanews.com\/index.php\/wp-json\/wp\/v2\/tags?post=208774"}],"curies":[{"name":"wp","href":"https:\/\/api.w.org\/{rel}","templated":true}]}}