{"id":208775,"date":"2025-01-07T06:10:00","date_gmt":"2025-01-07T09:10:00","guid":{"rendered":"https:\/\/www.gaveanews.com\/?p=208775"},"modified":"2025-01-07T01:32:53","modified_gmt":"2025-01-07T04:32:53","slug":"declaracao-de-craque-neto-reacao-dos-jogadores-e-contracao-para-2025-as-ultimas-noticias-do-botafogo","status":"publish","type":"post","link":"https:\/\/www.gaveanews.com\/index.php\/2025\/01\/07\/declaracao-de-craque-neto-reacao-dos-jogadores-e-contracao-para-2025-as-ultimas-noticias-do-botafogo\/","title":{"rendered":"Declara\u00e7\u00e3o de Craque Neto, rea\u00e7\u00e3o dos jogadores e contra\u00e7\u00e3o para 2025: as \u00faltimas not\u00edcias do Botafogo"},"content":{"rendered":"\n<p>Nas \u00faltimas horas, o foco das not\u00edcias sobre o Botafogo se concentram nos bastidores do clube, com destaques do dia a dia do time.<\/p>\n\n\n\n<p>Por conta deste contexto, leia abaixo um resumo preparado pela equipe do portal G\u00e1vea News para lhe manter muito bem informado!<\/p>\n\n\n\n<h2 class=\"wp-block-heading\" id=\"h-contracao-para-2025\">Contra\u00e7\u00e3o para 2025<\/h2>\n\n\n\n<p>O Botafogo anunciou oficialmente a contrata\u00e7\u00e3o de Rodrigo Gama Monteiro como o novo chefe do departamento jur\u00eddico do clube. O advogado, que estava no Athletico-PR desde 2019, assume o cargo em um momento crucial para o Alvinegro, que busca consolidar sua estrutura administrativa no contexto da Sociedade An\u00f4nima do Futebol (SAF). Al\u00e9m de representar o clube perante entidades como CBF, Conmebol e FIFA, Rodrigo ter\u00e1 um papel estrat\u00e9gico em negocia\u00e7\u00f5es relevantes no mercado esportivo.<\/p>\n\n\n\n<figure class=\"wp-block-image size-full\"><img loading=\"lazy\" decoding=\"async\" width=\"787\" height=\"525\" src=\"https:\/\/www.gaveanews.com\/wp-content\/uploads\/Escudo-do-Botafogo-1.webp\" alt=\"\" class=\"wp-image-182060\" srcset=\"https:\/\/www.gaveanews.com\/wp-content\/uploads\/Escudo-do-Botafogo-1.webp 787w, https:\/\/www.gaveanews.com\/wp-content\/uploads\/Escudo-do-Botafogo-1-300x200.webp 300w, https:\/\/www.gaveanews.com\/wp-content\/uploads\/Escudo-do-Botafogo-1-768x512.webp 768w, https:\/\/www.gaveanews.com\/wp-content\/uploads\/Escudo-do-Botafogo-1-630x420.webp 630w, https:\/\/www.gaveanews.com\/wp-content\/uploads\/Escudo-do-Botafogo-1-640x427.webp 640w, https:\/\/www.gaveanews.com\/wp-content\/uploads\/Escudo-do-Botafogo-1-681x454.webp 681w, https:\/\/www.gaveanews.com\/wp-content\/uploads\/Escudo-do-Botafogo-1-100x67.webp 100w\" sizes=\"auto, (max-width: 787px) 100vw, 787px\" \/><figcaption class=\"wp-element-caption\">Escudo do Botafogo (Foto: Reprodu\u00e7\u00e3o\/Botafogo)<\/figcaption><\/figure>\n\n\n\n<p>Gama Monteiro tem uma s\u00f3lida trajet\u00f3ria no futebol brasileiro, com passagens por importantes clubes como Santos e Athletico-PR, onde contribuiu para a implementa\u00e7\u00e3o de projetos de gest\u00e3o e parcerias comerciais. Ele tamb\u00e9m preside o Comit\u00ea Condominial da Liga Forte Uni\u00e3o (LFU), entidade respons\u00e1vel pelas negocia\u00e7\u00f5es dos direitos de transmiss\u00e3o do Campeonato Brasileiro, com impacto no ciclo de 2025 a 2029.<\/p>\n\n\n\n<p>No Botafogo, Rodrigo ser\u00e1 respons\u00e1vel por fortalecer o desempenho jur\u00eddico e institucional do clube, al\u00e9m de atuar em negocia\u00e7\u00f5es comerciais de grande relev\u00e2ncia. Sua chegada refor\u00e7a a estrat\u00e9gia do Glorioso em se posicionar como refer\u00eancia em governan\u00e7a esportiva e ampliar sua influ\u00eancia no cen\u00e1rio nacional e internacional, alinhada \u00e0 gest\u00e3o moderna da SAF.<\/p>\n\n\n\n<h2 class=\"wp-block-heading\" id=\"h-reacao-dos-jogadores\">Rea\u00e7\u00e3o dos jogadores <\/h2>\n\n\n\n<p>Ap\u00f3s a derrota por 3 a 0 para o Pachuca na Copa Intercontinental, o Botafogo encerrou 2024 com um clima de incerteza e des\u00e2nimo. O lateral Alex Telles descreveu o ambiente no elenco como uma &#8220;derrota com despedida&#8221;, j\u00e1 que muitos jogadores est\u00e3o com perman\u00eancia indefinida para 2025. Em entrevista ao quadro \u201cUm Assado Para\u2026\u201d, Telles tamb\u00e9m destacou sua decep\u00e7\u00e3o pelo resultado em Doha e admitiu que o grupo esperava ir mais longe na competi\u00e7\u00e3o, considerando o desempenho que teve ao conquistar a Libertadores.<\/p>\n\n\n\n<figure class=\"wp-block-image size-large\"><img loading=\"lazy\" decoding=\"async\" width=\"1024\" height=\"765\" src=\"https:\/\/www.gaveanews.com\/wp-content\/uploads\/Alex-Telles-Botafogo-1024x765.webp\" alt=\"\" class=\"wp-image-168199\" srcset=\"https:\/\/www.gaveanews.com\/wp-content\/uploads\/Alex-Telles-Botafogo-1024x765.webp 1024w, https:\/\/www.gaveanews.com\/wp-content\/uploads\/Alex-Telles-Botafogo-300x224.webp 300w, https:\/\/www.gaveanews.com\/wp-content\/uploads\/Alex-Telles-Botafogo-768x574.webp 768w, https:\/\/www.gaveanews.com\/wp-content\/uploads\/Alex-Telles-Botafogo-562x420.webp 562w, https:\/\/www.gaveanews.com\/wp-content\/uploads\/Alex-Telles-Botafogo-1125x840.webp 1125w, https:\/\/www.gaveanews.com\/wp-content\/uploads\/Alex-Telles-Botafogo-80x60.webp 80w, https:\/\/www.gaveanews.com\/wp-content\/uploads\/Alex-Telles-Botafogo-160x120.webp 160w, https:\/\/www.gaveanews.com\/wp-content\/uploads\/Alex-Telles-Botafogo-100x75.webp 100w, https:\/\/www.gaveanews.com\/wp-content\/uploads\/Alex-Telles-Botafogo-200x150.webp 200w, https:\/\/www.gaveanews.com\/wp-content\/uploads\/Alex-Telles-Botafogo-180x135.webp 180w, https:\/\/www.gaveanews.com\/wp-content\/uploads\/Alex-Telles-Botafogo-360x270.webp 360w, https:\/\/www.gaveanews.com\/wp-content\/uploads\/Alex-Telles-Botafogo-238x178.webp 238w, https:\/\/www.gaveanews.com\/wp-content\/uploads\/Alex-Telles-Botafogo-476x356.webp 476w, https:\/\/www.gaveanews.com\/wp-content\/uploads\/Alex-Telles-Botafogo-640x478.webp 640w, https:\/\/www.gaveanews.com\/wp-content\/uploads\/Alex-Telles-Botafogo-1280x956.webp 1280w, https:\/\/www.gaveanews.com\/wp-content\/uploads\/Alex-Telles-Botafogo-681x509.webp 681w, https:\/\/www.gaveanews.com\/wp-content\/uploads\/Alex-Telles-Botafogo.webp 1339w\" sizes=\"auto, (max-width: 1024px) 100vw, 1024px\" \/><figcaption class=\"wp-element-caption\">Alex Telles Botafogo (Foto: Vitor Silva\/Botafogo)<\/figcaption><\/figure>\n\n\n\n<p>Al\u00e9m do resultado em campo, Telles revelou que a log\u00edstica da viagem ao Catar contribuiu para a sensa\u00e7\u00e3o de desgaste. <\/p>\n\n\n\n<p>O time embarcou poucas horas ap\u00f3s comemorar o t\u00edtulo do Campeonato Brasileiro, enfrentando uma longa viagem de 16 horas com fuso hor\u00e1rio e condi\u00e7\u00f5es que n\u00e3o favoreceram a recupera\u00e7\u00e3o f\u00edsica dos atletas. O lateral criticou o uso do avi\u00e3o do New England Patriots, que, segundo ele, gerou desconforto no elenco.<\/p>\n\n\n\n<p>Apesar das adversidades, Alex Telles frisou o legado deixado pela equipe de 2024, que ficar\u00e1 marcada pela conquista da Libertadores e do Brasileir\u00e3o. O Botafogo agora encara o desafio de reformular o elenco e superar o clima de frustra\u00e7\u00e3o, com a diretoria j\u00e1 se movimentando no mercado em busca de refor\u00e7os e de solu\u00e7\u00f5es para iniciar 2025 com novas perspectivas.<\/p>\n\n\n\n<h2 class=\"wp-block-heading\" id=\"h-declaracao-de-craque-neto\">Declara\u00e7\u00e3o de Craque Neto<\/h2>\n\n\n\n<p>Craque Neto trouxe uma an\u00e1lise pol\u00eamica sobre o cen\u00e1rio atual dos treinadores brasileiros, destacando a falta de t\u00e9cnicos com a mesma &#8220;vol\u00fapia&#8221; e lideran\u00e7a de figuras como Felip\u00e3o, Luxemburgo e Mano Menezes. Para ele, o futebol nacional sofre com a escassez de profissionais de peso, dificultando a sucess\u00e3o desses grandes nomes. Neto ainda criticou a escolha do Botafogo por Andr\u00e9 Jardine, apontando que a busca por um t\u00e9cnico menos experiente reflete essa crise na forma\u00e7\u00e3o de novos talentos no comando das equipes.<\/p>\n\n\n\n<figure class=\"wp-block-image size-full\"><img loading=\"lazy\" decoding=\"async\" width=\"846\" height=\"476\" src=\"https:\/\/www.gaveanews.com\/wp-content\/uploads\/Comentarista-Neto-em-programa-da-Band.webp\" alt=\"\" class=\"wp-image-71983\" srcset=\"https:\/\/www.gaveanews.com\/wp-content\/uploads\/Comentarista-Neto-em-programa-da-Band.webp 846w, https:\/\/www.gaveanews.com\/wp-content\/uploads\/Comentarista-Neto-em-programa-da-Band-300x169.webp 300w, https:\/\/www.gaveanews.com\/wp-content\/uploads\/Comentarista-Neto-em-programa-da-Band-768x432.webp 768w, https:\/\/www.gaveanews.com\/wp-content\/uploads\/Comentarista-Neto-em-programa-da-Band-746x420.webp 746w, https:\/\/www.gaveanews.com\/wp-content\/uploads\/Comentarista-Neto-em-programa-da-Band-640x360.webp 640w, https:\/\/www.gaveanews.com\/wp-content\/uploads\/Comentarista-Neto-em-programa-da-Band-681x383.webp 681w, https:\/\/www.gaveanews.com\/wp-content\/uploads\/Comentarista-Neto-em-programa-da-Band-100x56.webp 100w\" sizes=\"auto, (max-width: 846px) 100vw, 846px\" \/><figcaption class=\"wp-element-caption\">Comentarista Neto em programa da Band (Foto: Reprodu\u00e7\u00e3o\/Band)<\/figcaption><\/figure>\n\n\n\n<p>Segundo o comentarista, o Botafogo, ap\u00f3s conquistar o Brasileir\u00e3o e a Libertadores, enfrenta dificuldades para encontrar um treinador &#8220;monstruoso&#8221; \u00e0 altura de sua atual fase vitoriosa. Neto tamb\u00e9m mencionou Abel Ferreira, do Palmeiras, como o melhor t\u00e9cnico do pa\u00eds, mas alertou que ele precisa mudar seu comportamento, evitando conflitos com rep\u00f3rteres e jogadores. O comentarista acredita que Abel deve focar em trazer resultados ao inv\u00e9s de se envolver em pol\u00eamicas.<\/p>\n\n\n\n<p>A fala de Neto levanta quest\u00f5es importantes sobre o futuro da profiss\u00e3o no Brasil, ressaltando a necessidade de uma nova gera\u00e7\u00e3o de treinadores que consiga manter o protagonismo do futebol nacional. Enquanto isso, clubes como o Botafogo e o Palmeiras enfrentam o desafio de equilibrar resultados e escolhas t\u00e9cnicas em um mercado cada vez mais competitivo.<\/p>\n","protected":false},"excerpt":{"rendered":"<p>Nas \u00faltimas horas, o foco das not\u00edcias sobre o Botafogo se concentram nos bastidores do clube, com destaques do dia a dia do time. Por conta deste contexto, leia abaixo um resumo preparado pela equipe do portal G\u00e1vea News para lhe manter muito bem informado! Contra\u00e7\u00e3o para 2025 O Botafogo anunciou oficialmente a contrata\u00e7\u00e3o de [&hellip;]<\/p>\n","protected":false},"author":27,"featured_media":120619,"comment_status":"open","ping_status":"closed","sticky":false,"template":"","format":"standard","meta":{"footnotes":""},"categories":[138],"tags":[],"class_list":["post-208775","post","type-post","status-publish","format-standard","has-post-thumbnail","hentry","category-botafogo"],"yoast_head":"<!-- This site is optimized with the Yoast SEO Premium plugin v24.2 (Yoast SEO v26.9) - https:\/\/yoast.com\/product\/yoast-seo-premium-wordpress\/ -->\n<title>Declara\u00e7\u00e3o de Craque Neto, rea\u00e7\u00e3o dos jogadores e contra\u00e7\u00e3o para 2025: as \u00faltimas not\u00edcias do Botafogo<\/title>\n<meta name=\"robots\" content=\"index, follow, max-snippet:-1, max-image-preview:large, max-video-preview:-1\" \/>\n<link rel=\"canonical\" href=\"https:\/\/www.gaveanews.com\/index.php\/2025\/01\/07\/declaracao-de-craque-neto-reacao-dos-jogadores-e-contracao-para-2025-as-ultimas-noticias-do-botafogo\/\" \/>\n<meta property=\"og:locale\" content=\"pt_BR\" \/>\n<meta property=\"og:type\" content=\"article\" \/>\n<meta property=\"og:title\" content=\"Declara\u00e7\u00e3o de Craque Neto, rea\u00e7\u00e3o dos jogadores e contra\u00e7\u00e3o para 2025: as \u00faltimas not\u00edcias do Botafogo\" \/>\n<meta property=\"og:description\" content=\"Nas \u00faltimas horas, o foco das not\u00edcias sobre o Botafogo se concentram nos bastidores do clube, com destaques do dia a dia do time. Por conta deste contexto, leia abaixo um resumo preparado pela equipe do portal G\u00e1vea News para lhe manter muito bem informado! Contra\u00e7\u00e3o para 2025 O Botafogo anunciou oficialmente a contrata\u00e7\u00e3o de [&hellip;]\" \/>\n<meta property=\"og:url\" content=\"https:\/\/www.gaveanews.com\/index.php\/2025\/01\/07\/declaracao-de-craque-neto-reacao-dos-jogadores-e-contracao-para-2025-as-ultimas-noticias-do-botafogo\/\" \/>\n<meta property=\"og:site_name\" content=\"G\u00e1vea News\" \/>\n<meta property=\"article:publisher\" content=\"https:\/\/facebook.com\/gaveaNews\/\" \/>\n<meta property=\"article:published_time\" content=\"2025-01-07T09:10:00+00:00\" \/>\n<meta property=\"og:image\" content=\"https:\/\/www.gaveanews.com\/wp-content\/uploads\/botafogoescudo.webp\" \/>\n\t<meta property=\"og:image:width\" content=\"900\" \/>\n\t<meta property=\"og:image:height\" content=\"600\" \/>\n\t<meta property=\"og:image:type\" content=\"image\/webp\" \/>\n<meta name=\"author\" content=\"Matheus Felipe\" \/>\n<meta name=\"twitter:card\" content=\"summary_large_image\" \/>\n<meta name=\"twitter:label1\" content=\"Escrito por\" \/>\n\t<meta name=\"twitter:data1\" content=\"Matheus Felipe\" \/>\n\t<meta name=\"twitter:label2\" content=\"Est. tempo de leitura\" \/>\n\t<meta name=\"twitter:data2\" content=\"5 minutos\" \/>\n<script type=\"application\/ld+json\" class=\"yoast-schema-graph\">{\"@context\":\"https:\/\/schema.org\",\"@graph\":[{\"@type\":\"NewsArticle\",\"@id\":\"https:\/\/www.gaveanews.com\/index.php\/2025\/01\/07\/declaracao-de-craque-neto-reacao-dos-jogadores-e-contracao-para-2025-as-ultimas-noticias-do-botafogo\/#article\",\"isPartOf\":{\"@id\":\"https:\/\/www.gaveanews.com\/index.php\/2025\/01\/07\/declaracao-de-craque-neto-reacao-dos-jogadores-e-contracao-para-2025-as-ultimas-noticias-do-botafogo\/\"},\"author\":{\"name\":\"Matheus Felipe\",\"@id\":\"https:\/\/www.gaveanews.com\/#\/schema\/person\/8207cd4627f56151707418bfc835b2fb\"},\"headline\":\"Declara\u00e7\u00e3o de Craque Neto, rea\u00e7\u00e3o dos jogadores e contra\u00e7\u00e3o para 2025: as \u00faltimas not\u00edcias do Botafogo\",\"datePublished\":\"2025-01-07T09:10:00+00:00\",\"mainEntityOfPage\":{\"@id\":\"https:\/\/www.gaveanews.com\/index.php\/2025\/01\/07\/declaracao-de-craque-neto-reacao-dos-jogadores-e-contracao-para-2025-as-ultimas-noticias-do-botafogo\/\"},\"wordCount\":770,\"commentCount\":0,\"image\":{\"@id\":\"https:\/\/www.gaveanews.com\/index.php\/2025\/01\/07\/declaracao-de-craque-neto-reacao-dos-jogadores-e-contracao-para-2025-as-ultimas-noticias-do-botafogo\/#primaryimage\"},\"thumbnailUrl\":\"https:\/\/www.gaveanews.com\/wp-content\/uploads\/botafogoescudo.webp\",\"articleSection\":[\"Botafogo\"],\"inLanguage\":\"pt-BR\",\"potentialAction\":[{\"@type\":\"CommentAction\",\"name\":\"Comment\",\"target\":[\"https:\/\/www.gaveanews.com\/index.php\/2025\/01\/07\/declaracao-de-craque-neto-reacao-dos-jogadores-e-contracao-para-2025-as-ultimas-noticias-do-botafogo\/#respond\"]}],\"copyrightYear\":\"2025\",\"copyrightHolder\":{\"@id\":\"https:\/\/www.gaveanews.com\/#organization\"}},{\"@type\":\"WebPage\",\"@id\":\"https:\/\/www.gaveanews.com\/index.php\/2025\/01\/07\/declaracao-de-craque-neto-reacao-dos-jogadores-e-contracao-para-2025-as-ultimas-noticias-do-botafogo\/\",\"url\":\"https:\/\/www.gaveanews.com\/index.php\/2025\/01\/07\/declaracao-de-craque-neto-reacao-dos-jogadores-e-contracao-para-2025-as-ultimas-noticias-do-botafogo\/\",\"name\":\"Declara\u00e7\u00e3o de Craque Neto, rea\u00e7\u00e3o dos jogadores e contra\u00e7\u00e3o para 2025: as \u00faltimas not\u00edcias do Botafogo\",\"isPartOf\":{\"@id\":\"https:\/\/www.gaveanews.com\/#website\"},\"primaryImageOfPage\":{\"@id\":\"https:\/\/www.gaveanews.com\/index.php\/2025\/01\/07\/declaracao-de-craque-neto-reacao-dos-jogadores-e-contracao-para-2025-as-ultimas-noticias-do-botafogo\/#primaryimage\"},\"image\":{\"@id\":\"https:\/\/www.gaveanews.com\/index.php\/2025\/01\/07\/declaracao-de-craque-neto-reacao-dos-jogadores-e-contracao-para-2025-as-ultimas-noticias-do-botafogo\/#primaryimage\"},\"thumbnailUrl\":\"https:\/\/www.gaveanews.com\/wp-content\/uploads\/botafogoescudo.webp\",\"datePublished\":\"2025-01-07T09:10:00+00:00\",\"author\":{\"@id\":\"https:\/\/www.gaveanews.com\/#\/schema\/person\/8207cd4627f56151707418bfc835b2fb\"},\"breadcrumb\":{\"@id\":\"https:\/\/www.gaveanews.com\/index.php\/2025\/01\/07\/declaracao-de-craque-neto-reacao-dos-jogadores-e-contracao-para-2025-as-ultimas-noticias-do-botafogo\/#breadcrumb\"},\"inLanguage\":\"pt-BR\",\"potentialAction\":[{\"@type\":\"ReadAction\",\"target\":[\"https:\/\/www.gaveanews.com\/index.php\/2025\/01\/07\/declaracao-de-craque-neto-reacao-dos-jogadores-e-contracao-para-2025-as-ultimas-noticias-do-botafogo\/\"]}]},{\"@type\":\"ImageObject\",\"inLanguage\":\"pt-BR\",\"@id\":\"https:\/\/www.gaveanews.com\/index.php\/2025\/01\/07\/declaracao-de-craque-neto-reacao-dos-jogadores-e-contracao-para-2025-as-ultimas-noticias-do-botafogo\/#primaryimage\",\"url\":\"https:\/\/www.gaveanews.com\/wp-content\/uploads\/botafogoescudo.webp\",\"contentUrl\":\"https:\/\/www.gaveanews.com\/wp-content\/uploads\/botafogoescudo.webp\",\"width\":900,\"height\":600,\"caption\":\"Escudo do Botafogo (Foto: Reprodu\u00e7\u00e3o)\"},{\"@type\":\"BreadcrumbList\",\"@id\":\"https:\/\/www.gaveanews.com\/index.php\/2025\/01\/07\/declaracao-de-craque-neto-reacao-dos-jogadores-e-contracao-para-2025-as-ultimas-noticias-do-botafogo\/#breadcrumb\",\"itemListElement\":[{\"@type\":\"ListItem\",\"position\":1,\"name\":\"Home\",\"item\":\"https:\/\/www.gaveanews.com\/\"},{\"@type\":\"ListItem\",\"position\":2,\"name\":\"Declara\u00e7\u00e3o de Craque Neto, rea\u00e7\u00e3o dos jogadores e contra\u00e7\u00e3o para 2025: as \u00faltimas not\u00edcias do Botafogo\"}]},{\"@type\":\"WebSite\",\"@id\":\"https:\/\/www.gaveanews.com\/#website\",\"url\":\"https:\/\/www.gaveanews.com\/\",\"name\":\"G\u00e1vea News\",\"description\":\"Veja todas as not\u00edcias sobre o Flamengo: Contrata\u00e7\u00f5es, categorias de base, resultados das partidas, tabela de classifica\u00e7\u00e3o, pr\u00f3ximos jogos!\",\"potentialAction\":[{\"@type\":\"SearchAction\",\"target\":{\"@type\":\"EntryPoint\",\"urlTemplate\":\"https:\/\/www.gaveanews.com\/?s={search_term_string}\"},\"query-input\":{\"@type\":\"PropertyValueSpecification\",\"valueRequired\":true,\"valueName\":\"search_term_string\"}}],\"inLanguage\":\"pt-BR\"},{\"@type\":\"Person\",\"@id\":\"https:\/\/www.gaveanews.com\/#\/schema\/person\/8207cd4627f56151707418bfc835b2fb\",\"name\":\"Matheus Felipe\",\"image\":{\"@type\":\"ImageObject\",\"inLanguage\":\"pt-BR\",\"@id\":\"https:\/\/www.gaveanews.com\/#\/schema\/person\/image\/\",\"url\":\"https:\/\/secure.gravatar.com\/avatar\/a452ffbed9130f726358b298bb3a99ce4bd3c5338411f8440e87e14d74c7c087?s=96&d=mm&r=g\",\"contentUrl\":\"https:\/\/secure.gravatar.com\/avatar\/a452ffbed9130f726358b298bb3a99ce4bd3c5338411f8440e87e14d74c7c087?s=96&d=mm&r=g\",\"caption\":\"Matheus Felipe\"}}]}<\/script>\n<!-- \/ Yoast SEO Premium plugin. -->","yoast_head_json":{"title":"Declara\u00e7\u00e3o de Craque Neto, rea\u00e7\u00e3o dos jogadores e contra\u00e7\u00e3o para 2025: as \u00faltimas not\u00edcias do Botafogo","robots":{"index":"index","follow":"follow","max-snippet":"max-snippet:-1","max-image-preview":"max-image-preview:large","max-video-preview":"max-video-preview:-1"},"canonical":"https:\/\/www.gaveanews.com\/index.php\/2025\/01\/07\/declaracao-de-craque-neto-reacao-dos-jogadores-e-contracao-para-2025-as-ultimas-noticias-do-botafogo\/","og_locale":"pt_BR","og_type":"article","og_title":"Declara\u00e7\u00e3o de Craque Neto, rea\u00e7\u00e3o dos jogadores e contra\u00e7\u00e3o para 2025: as \u00faltimas not\u00edcias do Botafogo","og_description":"Nas \u00faltimas horas, o foco das not\u00edcias sobre o Botafogo se concentram nos bastidores do clube, com destaques do dia a dia do time. Por conta deste contexto, leia abaixo um resumo preparado pela equipe do portal G\u00e1vea News para lhe manter muito bem informado! Contra\u00e7\u00e3o para 2025 O Botafogo anunciou oficialmente a contrata\u00e7\u00e3o de [&hellip;]","og_url":"https:\/\/www.gaveanews.com\/index.php\/2025\/01\/07\/declaracao-de-craque-neto-reacao-dos-jogadores-e-contracao-para-2025-as-ultimas-noticias-do-botafogo\/","og_site_name":"G\u00e1vea News","article_publisher":"https:\/\/facebook.com\/gaveaNews\/","article_published_time":"2025-01-07T09:10:00+00:00","og_image":[{"width":900,"height":600,"url":"https:\/\/www.gaveanews.com\/wp-content\/uploads\/botafogoescudo.webp","type":"image\/webp"}],"author":"Matheus Felipe","twitter_card":"summary_large_image","twitter_misc":{"Escrito por":"Matheus Felipe","Est. tempo de leitura":"5 minutos"},"schema":{"@context":"https:\/\/schema.org","@graph":[{"@type":"NewsArticle","@id":"https:\/\/www.gaveanews.com\/index.php\/2025\/01\/07\/declaracao-de-craque-neto-reacao-dos-jogadores-e-contracao-para-2025-as-ultimas-noticias-do-botafogo\/#article","isPartOf":{"@id":"https:\/\/www.gaveanews.com\/index.php\/2025\/01\/07\/declaracao-de-craque-neto-reacao-dos-jogadores-e-contracao-para-2025-as-ultimas-noticias-do-botafogo\/"},"author":{"name":"Matheus Felipe","@id":"https:\/\/www.gaveanews.com\/#\/schema\/person\/8207cd4627f56151707418bfc835b2fb"},"headline":"Declara\u00e7\u00e3o de Craque Neto, rea\u00e7\u00e3o dos jogadores e contra\u00e7\u00e3o para 2025: as \u00faltimas not\u00edcias do Botafogo","datePublished":"2025-01-07T09:10:00+00:00","mainEntityOfPage":{"@id":"https:\/\/www.gaveanews.com\/index.php\/2025\/01\/07\/declaracao-de-craque-neto-reacao-dos-jogadores-e-contracao-para-2025-as-ultimas-noticias-do-botafogo\/"},"wordCount":770,"commentCount":0,"image":{"@id":"https:\/\/www.gaveanews.com\/index.php\/2025\/01\/07\/declaracao-de-craque-neto-reacao-dos-jogadores-e-contracao-para-2025-as-ultimas-noticias-do-botafogo\/#primaryimage"},"thumbnailUrl":"https:\/\/www.gaveanews.com\/wp-content\/uploads\/botafogoescudo.webp","articleSection":["Botafogo"],"inLanguage":"pt-BR","potentialAction":[{"@type":"CommentAction","name":"Comment","target":["https:\/\/www.gaveanews.com\/index.php\/2025\/01\/07\/declaracao-de-craque-neto-reacao-dos-jogadores-e-contracao-para-2025-as-ultimas-noticias-do-botafogo\/#respond"]}],"copyrightYear":"2025","copyrightHolder":{"@id":"https:\/\/www.gaveanews.com\/#organization"}},{"@type":"WebPage","@id":"https:\/\/www.gaveanews.com\/index.php\/2025\/01\/07\/declaracao-de-craque-neto-reacao-dos-jogadores-e-contracao-para-2025-as-ultimas-noticias-do-botafogo\/","url":"https:\/\/www.gaveanews.com\/index.php\/2025\/01\/07\/declaracao-de-craque-neto-reacao-dos-jogadores-e-contracao-para-2025-as-ultimas-noticias-do-botafogo\/","name":"Declara\u00e7\u00e3o de Craque Neto, rea\u00e7\u00e3o dos jogadores e contra\u00e7\u00e3o para 2025: as \u00faltimas not\u00edcias do Botafogo","isPartOf":{"@id":"https:\/\/www.gaveanews.com\/#website"},"primaryImageOfPage":{"@id":"https:\/\/www.gaveanews.com\/index.php\/2025\/01\/07\/declaracao-de-craque-neto-reacao-dos-jogadores-e-contracao-para-2025-as-ultimas-noticias-do-botafogo\/#primaryimage"},"image":{"@id":"https:\/\/www.gaveanews.com\/index.php\/2025\/01\/07\/declaracao-de-craque-neto-reacao-dos-jogadores-e-contracao-para-2025-as-ultimas-noticias-do-botafogo\/#primaryimage"},"thumbnailUrl":"https:\/\/www.gaveanews.com\/wp-content\/uploads\/botafogoescudo.webp","datePublished":"2025-01-07T09:10:00+00:00","author":{"@id":"https:\/\/www.gaveanews.com\/#\/schema\/person\/8207cd4627f56151707418bfc835b2fb"},"breadcrumb":{"@id":"https:\/\/www.gaveanews.com\/index.php\/2025\/01\/07\/declaracao-de-craque-neto-reacao-dos-jogadores-e-contracao-para-2025-as-ultimas-noticias-do-botafogo\/#breadcrumb"},"inLanguage":"pt-BR","potentialAction":[{"@type":"ReadAction","target":["https:\/\/www.gaveanews.com\/index.php\/2025\/01\/07\/declaracao-de-craque-neto-reacao-dos-jogadores-e-contracao-para-2025-as-ultimas-noticias-do-botafogo\/"]}]},{"@type":"ImageObject","inLanguage":"pt-BR","@id":"https:\/\/www.gaveanews.com\/index.php\/2025\/01\/07\/declaracao-de-craque-neto-reacao-dos-jogadores-e-contracao-para-2025-as-ultimas-noticias-do-botafogo\/#primaryimage","url":"https:\/\/www.gaveanews.com\/wp-content\/uploads\/botafogoescudo.webp","contentUrl":"https:\/\/www.gaveanews.com\/wp-content\/uploads\/botafogoescudo.webp","width":900,"height":600,"caption":"Escudo do Botafogo (Foto: Reprodu\u00e7\u00e3o)"},{"@type":"BreadcrumbList","@id":"https:\/\/www.gaveanews.com\/index.php\/2025\/01\/07\/declaracao-de-craque-neto-reacao-dos-jogadores-e-contracao-para-2025-as-ultimas-noticias-do-botafogo\/#breadcrumb","itemListElement":[{"@type":"ListItem","position":1,"name":"Home","item":"https:\/\/www.gaveanews.com\/"},{"@type":"ListItem","position":2,"name":"Declara\u00e7\u00e3o de Craque Neto, rea\u00e7\u00e3o dos jogadores e contra\u00e7\u00e3o para 2025: as \u00faltimas not\u00edcias do Botafogo"}]},{"@type":"WebSite","@id":"https:\/\/www.gaveanews.com\/#website","url":"https:\/\/www.gaveanews.com\/","name":"G\u00e1vea News","description":"Veja todas as not\u00edcias sobre o Flamengo: Contrata\u00e7\u00f5es, categorias de base, resultados das partidas, tabela de classifica\u00e7\u00e3o, pr\u00f3ximos jogos!","potentialAction":[{"@type":"SearchAction","target":{"@type":"EntryPoint","urlTemplate":"https:\/\/www.gaveanews.com\/?s={search_term_string}"},"query-input":{"@type":"PropertyValueSpecification","valueRequired":true,"valueName":"search_term_string"}}],"inLanguage":"pt-BR"},{"@type":"Person","@id":"https:\/\/www.gaveanews.com\/#\/schema\/person\/8207cd4627f56151707418bfc835b2fb","name":"Matheus Felipe","image":{"@type":"ImageObject","inLanguage":"pt-BR","@id":"https:\/\/www.gaveanews.com\/#\/schema\/person\/image\/","url":"https:\/\/secure.gravatar.com\/avatar\/a452ffbed9130f726358b298bb3a99ce4bd3c5338411f8440e87e14d74c7c087?s=96&d=mm&r=g","contentUrl":"https:\/\/secure.gravatar.com\/avatar\/a452ffbed9130f726358b298bb3a99ce4bd3c5338411f8440e87e14d74c7c087?s=96&d=mm&r=g","caption":"Matheus Felipe"}}]}},"_links":{"self":[{"href":"https:\/\/www.gaveanews.com\/index.php\/wp-json\/wp\/v2\/posts\/208775","targetHints":{"allow":["GET"]}}],"collection":[{"href":"https:\/\/www.gaveanews.com\/index.php\/wp-json\/wp\/v2\/posts"}],"about":[{"href":"https:\/\/www.gaveanews.com\/index.php\/wp-json\/wp\/v2\/types\/post"}],"author":[{"embeddable":true,"href":"https:\/\/www.gaveanews.com\/index.php\/wp-json\/wp\/v2\/users\/27"}],"replies":[{"embeddable":true,"href":"https:\/\/www.gaveanews.com\/index.php\/wp-json\/wp\/v2\/comments?post=208775"}],"version-history":[{"count":1,"href":"https:\/\/www.gaveanews.com\/index.php\/wp-json\/wp\/v2\/posts\/208775\/revisions"}],"predecessor-version":[{"id":208780,"href":"https:\/\/www.gaveanews.com\/index.php\/wp-json\/wp\/v2\/posts\/208775\/revisions\/208780"}],"wp:featuredmedia":[{"embeddable":true,"href":"https:\/\/www.gaveanews.com\/index.php\/wp-json\/wp\/v2\/media\/120619"}],"wp:attachment":[{"href":"https:\/\/www.gaveanews.com\/index.php\/wp-json\/wp\/v2\/media?parent=208775"}],"wp:term":[{"taxonomy":"category","embeddable":true,"href":"https:\/\/www.gaveanews.com\/index.php\/wp-json\/wp\/v2\/categories?post=208775"},{"taxonomy":"post_tag","embeddable":true,"href":"https:\/\/www.gaveanews.com\/index.php\/wp-json\/wp\/v2\/tags?post=208775"}],"curies":[{"name":"wp","href":"https:\/\/api.w.org\/{rel}","templated":true}]}}