{"id":208776,"date":"2025-01-07T07:10:00","date_gmt":"2025-01-07T10:10:00","guid":{"rendered":"https:\/\/www.gaveanews.com\/?p=208776"},"modified":"2025-01-07T01:37:25","modified_gmt":"2025-01-07T04:37:25","slug":"publicacao-de-bastos-previsao-de-sormani-e-declaracao-de-julio-gomes-as-ultimas-noticias-do-botafogo","status":"publish","type":"post","link":"https:\/\/www.gaveanews.com\/index.php\/2025\/01\/07\/publicacao-de-bastos-previsao-de-sormani-e-declaracao-de-julio-gomes-as-ultimas-noticias-do-botafogo\/","title":{"rendered":"Publica\u00e7\u00e3o de Bastos, previs\u00e3o de Sormani e declara\u00e7\u00e3o de Julio Gomes: as \u00faltimas not\u00edcias do Botafogo"},"content":{"rendered":"\n<p>Nas \u00faltimas horas, o foco das not\u00edcias sobre o Botafogo se concentram nos bastidores do clube, com destaques do dia a dia do time.<\/p>\n\n\n\n<p>Por conta deste contexto, leia abaixo um resumo preparado pela equipe do portal G\u00e1vea News para lhe manter muito bem informado!<\/p>\n\n\n\n<h2 class=\"wp-block-heading\" id=\"h-declaracao-de-julio-gomes\">Declara\u00e7\u00e3o de Julio Gomes<\/h2>\n\n\n\n<p>Julio Gomes apontou o Palmeiras como o time mais forte para o in\u00edcio da temporada 2025. Durante o programa &#8220;UOL News Esporte&#8221;, o jornalista destacou que, enquanto o Botafogo brilhou em 2024 e foi considerado por muitos o melhor time do pa\u00eds, as recentes mudan\u00e7as na comiss\u00e3o t\u00e9cnica e a perda de jogadores importantes criaram incertezas sobre o desempenho do clube carioca. Em contraste, o Palmeiras manteve sua base, garantindo maior estabilidade e se posicionando como favorito <strong><a href=\"https:\/\/www.gaveanews.com\/index.php\/2025\/01\/06\/a-declaracao-de-julio-gomes-sobre-botafogo-e-palmeiras\/\">(leia a mat\u00e9ria completa).<\/a><\/strong><\/p>\n\n\n\n<figure class=\"wp-block-image size-full\"><img loading=\"lazy\" decoding=\"async\" width=\"799\" height=\"533\" src=\"https:\/\/www.gaveanews.com\/wp-content\/uploads\/Tiquinho-Soares-durante-a-partida-entre-Botafogo-x-Palmeiras-pelo-Brasileirao-2024-no-estadio-Nilton-Santos.webp\" alt=\"\" class=\"wp-image-152887\" srcset=\"https:\/\/www.gaveanews.com\/wp-content\/uploads\/Tiquinho-Soares-durante-a-partida-entre-Botafogo-x-Palmeiras-pelo-Brasileirao-2024-no-estadio-Nilton-Santos.webp 799w, https:\/\/www.gaveanews.com\/wp-content\/uploads\/Tiquinho-Soares-durante-a-partida-entre-Botafogo-x-Palmeiras-pelo-Brasileirao-2024-no-estadio-Nilton-Santos-300x200.webp 300w, https:\/\/www.gaveanews.com\/wp-content\/uploads\/Tiquinho-Soares-durante-a-partida-entre-Botafogo-x-Palmeiras-pelo-Brasileirao-2024-no-estadio-Nilton-Santos-768x512.webp 768w, https:\/\/www.gaveanews.com\/wp-content\/uploads\/Tiquinho-Soares-durante-a-partida-entre-Botafogo-x-Palmeiras-pelo-Brasileirao-2024-no-estadio-Nilton-Santos-630x420.webp 630w, https:\/\/www.gaveanews.com\/wp-content\/uploads\/Tiquinho-Soares-durante-a-partida-entre-Botafogo-x-Palmeiras-pelo-Brasileirao-2024-no-estadio-Nilton-Santos-640x427.webp 640w, https:\/\/www.gaveanews.com\/wp-content\/uploads\/Tiquinho-Soares-durante-a-partida-entre-Botafogo-x-Palmeiras-pelo-Brasileirao-2024-no-estadio-Nilton-Santos-681x454.webp 681w, https:\/\/www.gaveanews.com\/wp-content\/uploads\/Tiquinho-Soares-durante-a-partida-entre-Botafogo-x-Palmeiras-pelo-Brasileirao-2024-no-estadio-Nilton-Santos-100x67.webp 100w\" sizes=\"auto, (max-width: 799px) 100vw, 799px\" \/><figcaption class=\"wp-element-caption\">Tiquinho Soares durante a partida entre Botafogo x Palmeiras pelo Brasileir\u00e3o 2024 no est\u00e1dio Nilton Santos (Foto: V\u00edtor Silva\/Botafogo)<\/figcaption><\/figure>\n\n\n\n<p>Gomes ressaltou que o Botafogo enfrenta desafios ap\u00f3s perder pe\u00e7as-chave e passar por uma fase de transi\u00e7\u00e3o. Apesar do sucesso na temporada anterior, a equipe precisa se ajustar \u00e0s mudan\u00e7as e demonstrar consist\u00eancia. <\/p>\n\n\n\n<p>Esse cen\u00e1rio coloca o Palmeiras em vantagem, visto que o clube paulista n\u00e3o s\u00f3 manteve a estrutura do elenco, mas tamb\u00e9m continua investindo em contrata\u00e7\u00f5es para fortalecer ainda mais o time.<\/p>\n\n\n\n<p>Com isso, o comentarista refor\u00e7a que o Verd\u00e3o inicia o ano como uma das principais pot\u00eancias do futebol brasileiro. A estabilidade e qualidade do elenco palmeirense, aliadas ao desempenho s\u00f3lido em 2024, fazem do time alviverde o grande favorito para dominar o cen\u00e1rio nacional na nova temporada.<\/p>\n\n\n\n<h2 class=\"wp-block-heading\" id=\"h-previsao-de-sormani\">Previs\u00e3o de Sormani<\/h2>\n\n\n\n<p>Antes mesmo do in\u00edcio da temporada, o jornalista F\u00e1bio Sormani fez previs\u00f5es ousadas sobre os campe\u00f5es de 2025 e cravou que o Palmeiras n\u00e3o ganhar\u00e1 nenhum t\u00edtulo neste ano. Para ele, o Verd\u00e3o, tricampe\u00e3o consecutivo do Paulist\u00e3o, enfrentar\u00e1 dificuldades e ser\u00e1 destronado na competi\u00e7\u00e3o estadual. Em contrapartida, Sormani aposta todas as suas fichas no Corinthians, que terminou a \u00faltima temporada em alta e deve brigar por grandes conquistas, como o Paulist\u00e3o e o Brasileir\u00e3o<strong><a href=\"https:\/\/www.gaveanews.com\/index.php\/2025\/01\/06\/sormani-crava-time-que-nao-ganhara-nada-em-2025\/\"> (leia a mat\u00e9ria completa).<\/a><\/strong><\/p>\n\n\n\n<figure class=\"wp-block-image size-full\"><img loading=\"lazy\" decoding=\"async\" width=\"650\" height=\"325\" src=\"https:\/\/www.gaveanews.com\/wp-content\/uploads\/Sormani-durante-um-programa-da-emissora-Fox-Sports.webp\" alt=\"\" class=\"wp-image-52970\" srcset=\"https:\/\/www.gaveanews.com\/wp-content\/uploads\/Sormani-durante-um-programa-da-emissora-Fox-Sports.webp 650w, https:\/\/www.gaveanews.com\/wp-content\/uploads\/Sormani-durante-um-programa-da-emissora-Fox-Sports-300x150.webp 300w, https:\/\/www.gaveanews.com\/wp-content\/uploads\/Sormani-durante-um-programa-da-emissora-Fox-Sports-640x320.webp 640w, https:\/\/www.gaveanews.com\/wp-content\/uploads\/Sormani-durante-um-programa-da-emissora-Fox-Sports-100x50.webp 100w\" sizes=\"auto, (max-width: 650px) 100vw, 650px\" \/><figcaption class=\"wp-element-caption\">Sormani durante um programa da emissora Fox Sports (Foto: Reprodu\u00e7\u00e3o)<\/figcaption><\/figure>\n\n\n\n<p>Segundo Sormani, o Tim\u00e3o, que n\u00e3o vence o Campeonato Paulista e o Brasileiro desde 2019, tem potencial para superar o Palmeiras e retomar seu protagonismo. Al\u00e9m disso, ele prev\u00ea que o Botafogo, atual campe\u00e3o da Libertadores e do Brasileir\u00e3o, vencer\u00e1 a Copa do Brasil, mantendo sua boa fase. J\u00e1 na Libertadores, o t\u00edtulo deve ficar com o Flamengo, sob o comando do t\u00e9cnico Filipe Lu\u00eds, o que consolidaria o Rubro-Negro como o clube brasileiro com mais conquistas no torneio continental.<\/p>\n\n\n\n<p>As declara\u00e7\u00f5es de Sormani geraram debate, especialmente entre torcedores do Palmeiras, que esperam que o clube continue sua trajet\u00f3ria de sucesso. Enquanto isso, as expectativas para 2025 crescem, com Corinthians, Botafogo e Flamengo sendo apontados como favoritos em suas respectivas competi\u00e7\u00f5es. A temporada promete ser uma das mais disputadas dos \u00faltimos anos.<\/p>\n\n\n\n<h2 class=\"wp-block-heading\" id=\"h-publicacao-de-bastos\">Publica\u00e7\u00e3o de Bastos<\/h2>\n\n\n\n<p>O zagueiro Bastos, destaque do Botafogo em 2024, movimentou as redes sociais ao compartilhar uma publica\u00e7\u00e3o que sugeria sua poss\u00edvel transfer\u00eancia para o Corinthians. A intera\u00e7\u00e3o aconteceu ap\u00f3s um torcedor corinthiano elogiar seu desempenho e apont\u00e1-lo como o &#8220;zagueiro ideal&#8221; para o Tim\u00e3o. O gesto gerou repercuss\u00e3o imediata, com torcedores do Corinthians demonstrando entusiasmo, enquanto botafoguenses expressaram preocupa\u00e7\u00e3o com a possibilidade de perder um de seus pilares defensivos <strong><a href=\"https:\/\/www.gaveanews.com\/index.php\/2025\/01\/06\/bastos-do-botafogo-faz-publicacao-envolvendo-o-corinthians\/\">(leia a mat\u00e9ria completa).<\/a><\/strong><\/p>\n\n\n\n<figure class=\"wp-block-image size-full\"><img loading=\"lazy\" decoding=\"async\" width=\"667\" height=\"592\" src=\"https:\/\/www.gaveanews.com\/wp-content\/uploads\/Bastos-em-acao-pelo-Botafogo.webp\" alt=\"\" class=\"wp-image-170336\" srcset=\"https:\/\/www.gaveanews.com\/wp-content\/uploads\/Bastos-em-acao-pelo-Botafogo.webp 667w, https:\/\/www.gaveanews.com\/wp-content\/uploads\/Bastos-em-acao-pelo-Botafogo-300x266.webp 300w, https:\/\/www.gaveanews.com\/wp-content\/uploads\/Bastos-em-acao-pelo-Botafogo-473x420.webp 473w, https:\/\/www.gaveanews.com\/wp-content\/uploads\/Bastos-em-acao-pelo-Botafogo-640x568.webp 640w, https:\/\/www.gaveanews.com\/wp-content\/uploads\/Bastos-em-acao-pelo-Botafogo-100x89.webp 100w\" sizes=\"auto, (max-width: 667px) 100vw, 667px\" \/><figcaption class=\"wp-element-caption\">Bastos em a\u00e7\u00e3o pelo Botafogo (Foto: Vitor Silva\/Botafogo)<\/figcaption><\/figure>\n\n\n\n<p>Bastos, que foi fundamental nas conquistas da Libertadores e do Brasileir\u00e3o pelo Botafogo, ainda tem contrato com o clube carioca at\u00e9 dezembro de 2026. Qualquer negocia\u00e7\u00e3o dependeria de uma proposta financeira significativa, o que torna improv\u00e1vel uma sa\u00edda do jogador neste momento. Apesar disso, a publica\u00e7\u00e3o aumentou as especula\u00e7\u00f5es sobre um poss\u00edvel interesse do Corinthians, alimentando rumores no mercado da bola.<\/p>\n\n\n\n<p>O Botafogo conta com Bastos como pe\u00e7a-chave para 2025 e segue ativo no mercado em busca de refor\u00e7os para manter a competitividade. Enquanto os torcedores corinthianos sonham com a chegada do zagueiro, a diretoria do Botafogo mant\u00e9m confian\u00e7a no jogador, que continua sendo um dos alicerces defensivos do Glorioso para a nova temporada.<\/p>\n","protected":false},"excerpt":{"rendered":"<p>Nas \u00faltimas horas, o foco das not\u00edcias sobre o Botafogo se concentram nos bastidores do clube, com destaques do dia a dia do time. Por conta deste contexto, leia abaixo um resumo preparado pela equipe do portal G\u00e1vea News para lhe manter muito bem informado! Declara\u00e7\u00e3o de Julio Gomes Julio Gomes apontou o Palmeiras como [&hellip;]<\/p>\n","protected":false},"author":27,"featured_media":156132,"comment_status":"open","ping_status":"closed","sticky":false,"template":"","format":"standard","meta":{"footnotes":""},"categories":[138],"tags":[],"class_list":["post-208776","post","type-post","status-publish","format-standard","has-post-thumbnail","hentry","category-botafogo"],"yoast_head":"<!-- This site is optimized with the Yoast SEO Premium plugin v24.2 (Yoast SEO v26.9) - https:\/\/yoast.com\/product\/yoast-seo-premium-wordpress\/ -->\n<title>Publica\u00e7\u00e3o de Bastos, previs\u00e3o de Sormani e declara\u00e7\u00e3o de Julio Gomes: as \u00faltimas not\u00edcias do Botafogo<\/title>\n<meta name=\"robots\" content=\"index, follow, max-snippet:-1, max-image-preview:large, max-video-preview:-1\" \/>\n<link rel=\"canonical\" href=\"https:\/\/www.gaveanews.com\/index.php\/2025\/01\/07\/publicacao-de-bastos-previsao-de-sormani-e-declaracao-de-julio-gomes-as-ultimas-noticias-do-botafogo\/\" \/>\n<meta property=\"og:locale\" content=\"pt_BR\" \/>\n<meta property=\"og:type\" content=\"article\" \/>\n<meta property=\"og:title\" content=\"Publica\u00e7\u00e3o de Bastos, previs\u00e3o de Sormani e declara\u00e7\u00e3o de Julio Gomes: as \u00faltimas not\u00edcias do Botafogo\" \/>\n<meta property=\"og:description\" content=\"Nas \u00faltimas horas, o foco das not\u00edcias sobre o Botafogo se concentram nos bastidores do clube, com destaques do dia a dia do time. Por conta deste contexto, leia abaixo um resumo preparado pela equipe do portal G\u00e1vea News para lhe manter muito bem informado! Declara\u00e7\u00e3o de Julio Gomes Julio Gomes apontou o Palmeiras como [&hellip;]\" \/>\n<meta property=\"og:url\" content=\"https:\/\/www.gaveanews.com\/index.php\/2025\/01\/07\/publicacao-de-bastos-previsao-de-sormani-e-declaracao-de-julio-gomes-as-ultimas-noticias-do-botafogo\/\" \/>\n<meta property=\"og:site_name\" content=\"G\u00e1vea News\" \/>\n<meta property=\"article:publisher\" content=\"https:\/\/facebook.com\/gaveaNews\/\" \/>\n<meta property=\"article:published_time\" content=\"2025-01-07T10:10:00+00:00\" \/>\n<meta property=\"og:image\" content=\"https:\/\/www.gaveanews.com\/wp-content\/uploads\/Escudo-do-Botafogo.webp\" \/>\n\t<meta property=\"og:image:width\" content=\"1053\" \/>\n\t<meta property=\"og:image:height\" content=\"702\" \/>\n\t<meta property=\"og:image:type\" content=\"image\/webp\" \/>\n<meta name=\"author\" content=\"Matheus Felipe\" \/>\n<meta name=\"twitter:card\" content=\"summary_large_image\" \/>\n<meta name=\"twitter:label1\" content=\"Escrito por\" \/>\n\t<meta name=\"twitter:data1\" content=\"Matheus Felipe\" \/>\n\t<meta name=\"twitter:label2\" content=\"Est. tempo de leitura\" \/>\n\t<meta name=\"twitter:data2\" content=\"5 minutos\" \/>\n<script type=\"application\/ld+json\" class=\"yoast-schema-graph\">{\"@context\":\"https:\/\/schema.org\",\"@graph\":[{\"@type\":\"NewsArticle\",\"@id\":\"https:\/\/www.gaveanews.com\/index.php\/2025\/01\/07\/publicacao-de-bastos-previsao-de-sormani-e-declaracao-de-julio-gomes-as-ultimas-noticias-do-botafogo\/#article\",\"isPartOf\":{\"@id\":\"https:\/\/www.gaveanews.com\/index.php\/2025\/01\/07\/publicacao-de-bastos-previsao-de-sormani-e-declaracao-de-julio-gomes-as-ultimas-noticias-do-botafogo\/\"},\"author\":{\"name\":\"Matheus Felipe\",\"@id\":\"https:\/\/www.gaveanews.com\/#\/schema\/person\/8207cd4627f56151707418bfc835b2fb\"},\"headline\":\"Publica\u00e7\u00e3o de Bastos, previs\u00e3o de Sormani e declara\u00e7\u00e3o de Julio Gomes: as \u00faltimas not\u00edcias do Botafogo\",\"datePublished\":\"2025-01-07T10:10:00+00:00\",\"mainEntityOfPage\":{\"@id\":\"https:\/\/www.gaveanews.com\/index.php\/2025\/01\/07\/publicacao-de-bastos-previsao-de-sormani-e-declaracao-de-julio-gomes-as-ultimas-noticias-do-botafogo\/\"},\"wordCount\":767,\"commentCount\":0,\"image\":{\"@id\":\"https:\/\/www.gaveanews.com\/index.php\/2025\/01\/07\/publicacao-de-bastos-previsao-de-sormani-e-declaracao-de-julio-gomes-as-ultimas-noticias-do-botafogo\/#primaryimage\"},\"thumbnailUrl\":\"https:\/\/www.gaveanews.com\/wp-content\/uploads\/Escudo-do-Botafogo.webp\",\"articleSection\":[\"Botafogo\"],\"inLanguage\":\"pt-BR\",\"potentialAction\":[{\"@type\":\"CommentAction\",\"name\":\"Comment\",\"target\":[\"https:\/\/www.gaveanews.com\/index.php\/2025\/01\/07\/publicacao-de-bastos-previsao-de-sormani-e-declaracao-de-julio-gomes-as-ultimas-noticias-do-botafogo\/#respond\"]}],\"copyrightYear\":\"2025\",\"copyrightHolder\":{\"@id\":\"https:\/\/www.gaveanews.com\/#organization\"}},{\"@type\":\"WebPage\",\"@id\":\"https:\/\/www.gaveanews.com\/index.php\/2025\/01\/07\/publicacao-de-bastos-previsao-de-sormani-e-declaracao-de-julio-gomes-as-ultimas-noticias-do-botafogo\/\",\"url\":\"https:\/\/www.gaveanews.com\/index.php\/2025\/01\/07\/publicacao-de-bastos-previsao-de-sormani-e-declaracao-de-julio-gomes-as-ultimas-noticias-do-botafogo\/\",\"name\":\"Publica\u00e7\u00e3o de Bastos, previs\u00e3o de Sormani e declara\u00e7\u00e3o de Julio Gomes: as \u00faltimas not\u00edcias do Botafogo\",\"isPartOf\":{\"@id\":\"https:\/\/www.gaveanews.com\/#website\"},\"primaryImageOfPage\":{\"@id\":\"https:\/\/www.gaveanews.com\/index.php\/2025\/01\/07\/publicacao-de-bastos-previsao-de-sormani-e-declaracao-de-julio-gomes-as-ultimas-noticias-do-botafogo\/#primaryimage\"},\"image\":{\"@id\":\"https:\/\/www.gaveanews.com\/index.php\/2025\/01\/07\/publicacao-de-bastos-previsao-de-sormani-e-declaracao-de-julio-gomes-as-ultimas-noticias-do-botafogo\/#primaryimage\"},\"thumbnailUrl\":\"https:\/\/www.gaveanews.com\/wp-content\/uploads\/Escudo-do-Botafogo.webp\",\"datePublished\":\"2025-01-07T10:10:00+00:00\",\"author\":{\"@id\":\"https:\/\/www.gaveanews.com\/#\/schema\/person\/8207cd4627f56151707418bfc835b2fb\"},\"breadcrumb\":{\"@id\":\"https:\/\/www.gaveanews.com\/index.php\/2025\/01\/07\/publicacao-de-bastos-previsao-de-sormani-e-declaracao-de-julio-gomes-as-ultimas-noticias-do-botafogo\/#breadcrumb\"},\"inLanguage\":\"pt-BR\",\"potentialAction\":[{\"@type\":\"ReadAction\",\"target\":[\"https:\/\/www.gaveanews.com\/index.php\/2025\/01\/07\/publicacao-de-bastos-previsao-de-sormani-e-declaracao-de-julio-gomes-as-ultimas-noticias-do-botafogo\/\"]}]},{\"@type\":\"ImageObject\",\"inLanguage\":\"pt-BR\",\"@id\":\"https:\/\/www.gaveanews.com\/index.php\/2025\/01\/07\/publicacao-de-bastos-previsao-de-sormani-e-declaracao-de-julio-gomes-as-ultimas-noticias-do-botafogo\/#primaryimage\",\"url\":\"https:\/\/www.gaveanews.com\/wp-content\/uploads\/Escudo-do-Botafogo.webp\",\"contentUrl\":\"https:\/\/www.gaveanews.com\/wp-content\/uploads\/Escudo-do-Botafogo.webp\",\"width\":1053,\"height\":702,\"caption\":\"Escudo do Botafogo (Foto: Reprodu\u00e7\u00e3o\/Botafogo)\"},{\"@type\":\"BreadcrumbList\",\"@id\":\"https:\/\/www.gaveanews.com\/index.php\/2025\/01\/07\/publicacao-de-bastos-previsao-de-sormani-e-declaracao-de-julio-gomes-as-ultimas-noticias-do-botafogo\/#breadcrumb\",\"itemListElement\":[{\"@type\":\"ListItem\",\"position\":1,\"name\":\"Home\",\"item\":\"https:\/\/www.gaveanews.com\/\"},{\"@type\":\"ListItem\",\"position\":2,\"name\":\"Publica\u00e7\u00e3o de Bastos, previs\u00e3o de Sormani e declara\u00e7\u00e3o de Julio Gomes: as \u00faltimas not\u00edcias do Botafogo\"}]},{\"@type\":\"WebSite\",\"@id\":\"https:\/\/www.gaveanews.com\/#website\",\"url\":\"https:\/\/www.gaveanews.com\/\",\"name\":\"G\u00e1vea News\",\"description\":\"Veja todas as not\u00edcias sobre o Flamengo: Contrata\u00e7\u00f5es, categorias de base, resultados das partidas, tabela de classifica\u00e7\u00e3o, pr\u00f3ximos jogos!\",\"potentialAction\":[{\"@type\":\"SearchAction\",\"target\":{\"@type\":\"EntryPoint\",\"urlTemplate\":\"https:\/\/www.gaveanews.com\/?s={search_term_string}\"},\"query-input\":{\"@type\":\"PropertyValueSpecification\",\"valueRequired\":true,\"valueName\":\"search_term_string\"}}],\"inLanguage\":\"pt-BR\"},{\"@type\":\"Person\",\"@id\":\"https:\/\/www.gaveanews.com\/#\/schema\/person\/8207cd4627f56151707418bfc835b2fb\",\"name\":\"Matheus Felipe\",\"image\":{\"@type\":\"ImageObject\",\"inLanguage\":\"pt-BR\",\"@id\":\"https:\/\/www.gaveanews.com\/#\/schema\/person\/image\/\",\"url\":\"https:\/\/secure.gravatar.com\/avatar\/a452ffbed9130f726358b298bb3a99ce4bd3c5338411f8440e87e14d74c7c087?s=96&d=mm&r=g\",\"contentUrl\":\"https:\/\/secure.gravatar.com\/avatar\/a452ffbed9130f726358b298bb3a99ce4bd3c5338411f8440e87e14d74c7c087?s=96&d=mm&r=g\",\"caption\":\"Matheus Felipe\"}}]}<\/script>\n<!-- \/ Yoast SEO Premium plugin. -->","yoast_head_json":{"title":"Publica\u00e7\u00e3o de Bastos, previs\u00e3o de Sormani e declara\u00e7\u00e3o de Julio Gomes: as \u00faltimas not\u00edcias do Botafogo","robots":{"index":"index","follow":"follow","max-snippet":"max-snippet:-1","max-image-preview":"max-image-preview:large","max-video-preview":"max-video-preview:-1"},"canonical":"https:\/\/www.gaveanews.com\/index.php\/2025\/01\/07\/publicacao-de-bastos-previsao-de-sormani-e-declaracao-de-julio-gomes-as-ultimas-noticias-do-botafogo\/","og_locale":"pt_BR","og_type":"article","og_title":"Publica\u00e7\u00e3o de Bastos, previs\u00e3o de Sormani e declara\u00e7\u00e3o de Julio Gomes: as \u00faltimas not\u00edcias do Botafogo","og_description":"Nas \u00faltimas horas, o foco das not\u00edcias sobre o Botafogo se concentram nos bastidores do clube, com destaques do dia a dia do time. Por conta deste contexto, leia abaixo um resumo preparado pela equipe do portal G\u00e1vea News para lhe manter muito bem informado! Declara\u00e7\u00e3o de Julio Gomes Julio Gomes apontou o Palmeiras como [&hellip;]","og_url":"https:\/\/www.gaveanews.com\/index.php\/2025\/01\/07\/publicacao-de-bastos-previsao-de-sormani-e-declaracao-de-julio-gomes-as-ultimas-noticias-do-botafogo\/","og_site_name":"G\u00e1vea News","article_publisher":"https:\/\/facebook.com\/gaveaNews\/","article_published_time":"2025-01-07T10:10:00+00:00","og_image":[{"width":1053,"height":702,"url":"https:\/\/www.gaveanews.com\/wp-content\/uploads\/Escudo-do-Botafogo.webp","type":"image\/webp"}],"author":"Matheus Felipe","twitter_card":"summary_large_image","twitter_misc":{"Escrito por":"Matheus Felipe","Est. tempo de leitura":"5 minutos"},"schema":{"@context":"https:\/\/schema.org","@graph":[{"@type":"NewsArticle","@id":"https:\/\/www.gaveanews.com\/index.php\/2025\/01\/07\/publicacao-de-bastos-previsao-de-sormani-e-declaracao-de-julio-gomes-as-ultimas-noticias-do-botafogo\/#article","isPartOf":{"@id":"https:\/\/www.gaveanews.com\/index.php\/2025\/01\/07\/publicacao-de-bastos-previsao-de-sormani-e-declaracao-de-julio-gomes-as-ultimas-noticias-do-botafogo\/"},"author":{"name":"Matheus Felipe","@id":"https:\/\/www.gaveanews.com\/#\/schema\/person\/8207cd4627f56151707418bfc835b2fb"},"headline":"Publica\u00e7\u00e3o de Bastos, previs\u00e3o de Sormani e declara\u00e7\u00e3o de Julio Gomes: as \u00faltimas not\u00edcias do Botafogo","datePublished":"2025-01-07T10:10:00+00:00","mainEntityOfPage":{"@id":"https:\/\/www.gaveanews.com\/index.php\/2025\/01\/07\/publicacao-de-bastos-previsao-de-sormani-e-declaracao-de-julio-gomes-as-ultimas-noticias-do-botafogo\/"},"wordCount":767,"commentCount":0,"image":{"@id":"https:\/\/www.gaveanews.com\/index.php\/2025\/01\/07\/publicacao-de-bastos-previsao-de-sormani-e-declaracao-de-julio-gomes-as-ultimas-noticias-do-botafogo\/#primaryimage"},"thumbnailUrl":"https:\/\/www.gaveanews.com\/wp-content\/uploads\/Escudo-do-Botafogo.webp","articleSection":["Botafogo"],"inLanguage":"pt-BR","potentialAction":[{"@type":"CommentAction","name":"Comment","target":["https:\/\/www.gaveanews.com\/index.php\/2025\/01\/07\/publicacao-de-bastos-previsao-de-sormani-e-declaracao-de-julio-gomes-as-ultimas-noticias-do-botafogo\/#respond"]}],"copyrightYear":"2025","copyrightHolder":{"@id":"https:\/\/www.gaveanews.com\/#organization"}},{"@type":"WebPage","@id":"https:\/\/www.gaveanews.com\/index.php\/2025\/01\/07\/publicacao-de-bastos-previsao-de-sormani-e-declaracao-de-julio-gomes-as-ultimas-noticias-do-botafogo\/","url":"https:\/\/www.gaveanews.com\/index.php\/2025\/01\/07\/publicacao-de-bastos-previsao-de-sormani-e-declaracao-de-julio-gomes-as-ultimas-noticias-do-botafogo\/","name":"Publica\u00e7\u00e3o de Bastos, previs\u00e3o de Sormani e declara\u00e7\u00e3o de Julio Gomes: as \u00faltimas not\u00edcias do Botafogo","isPartOf":{"@id":"https:\/\/www.gaveanews.com\/#website"},"primaryImageOfPage":{"@id":"https:\/\/www.gaveanews.com\/index.php\/2025\/01\/07\/publicacao-de-bastos-previsao-de-sormani-e-declaracao-de-julio-gomes-as-ultimas-noticias-do-botafogo\/#primaryimage"},"image":{"@id":"https:\/\/www.gaveanews.com\/index.php\/2025\/01\/07\/publicacao-de-bastos-previsao-de-sormani-e-declaracao-de-julio-gomes-as-ultimas-noticias-do-botafogo\/#primaryimage"},"thumbnailUrl":"https:\/\/www.gaveanews.com\/wp-content\/uploads\/Escudo-do-Botafogo.webp","datePublished":"2025-01-07T10:10:00+00:00","author":{"@id":"https:\/\/www.gaveanews.com\/#\/schema\/person\/8207cd4627f56151707418bfc835b2fb"},"breadcrumb":{"@id":"https:\/\/www.gaveanews.com\/index.php\/2025\/01\/07\/publicacao-de-bastos-previsao-de-sormani-e-declaracao-de-julio-gomes-as-ultimas-noticias-do-botafogo\/#breadcrumb"},"inLanguage":"pt-BR","potentialAction":[{"@type":"ReadAction","target":["https:\/\/www.gaveanews.com\/index.php\/2025\/01\/07\/publicacao-de-bastos-previsao-de-sormani-e-declaracao-de-julio-gomes-as-ultimas-noticias-do-botafogo\/"]}]},{"@type":"ImageObject","inLanguage":"pt-BR","@id":"https:\/\/www.gaveanews.com\/index.php\/2025\/01\/07\/publicacao-de-bastos-previsao-de-sormani-e-declaracao-de-julio-gomes-as-ultimas-noticias-do-botafogo\/#primaryimage","url":"https:\/\/www.gaveanews.com\/wp-content\/uploads\/Escudo-do-Botafogo.webp","contentUrl":"https:\/\/www.gaveanews.com\/wp-content\/uploads\/Escudo-do-Botafogo.webp","width":1053,"height":702,"caption":"Escudo do Botafogo (Foto: Reprodu\u00e7\u00e3o\/Botafogo)"},{"@type":"BreadcrumbList","@id":"https:\/\/www.gaveanews.com\/index.php\/2025\/01\/07\/publicacao-de-bastos-previsao-de-sormani-e-declaracao-de-julio-gomes-as-ultimas-noticias-do-botafogo\/#breadcrumb","itemListElement":[{"@type":"ListItem","position":1,"name":"Home","item":"https:\/\/www.gaveanews.com\/"},{"@type":"ListItem","position":2,"name":"Publica\u00e7\u00e3o de Bastos, previs\u00e3o de Sormani e declara\u00e7\u00e3o de Julio Gomes: as \u00faltimas not\u00edcias do Botafogo"}]},{"@type":"WebSite","@id":"https:\/\/www.gaveanews.com\/#website","url":"https:\/\/www.gaveanews.com\/","name":"G\u00e1vea News","description":"Veja todas as not\u00edcias sobre o Flamengo: Contrata\u00e7\u00f5es, categorias de base, resultados das partidas, tabela de classifica\u00e7\u00e3o, pr\u00f3ximos jogos!","potentialAction":[{"@type":"SearchAction","target":{"@type":"EntryPoint","urlTemplate":"https:\/\/www.gaveanews.com\/?s={search_term_string}"},"query-input":{"@type":"PropertyValueSpecification","valueRequired":true,"valueName":"search_term_string"}}],"inLanguage":"pt-BR"},{"@type":"Person","@id":"https:\/\/www.gaveanews.com\/#\/schema\/person\/8207cd4627f56151707418bfc835b2fb","name":"Matheus Felipe","image":{"@type":"ImageObject","inLanguage":"pt-BR","@id":"https:\/\/www.gaveanews.com\/#\/schema\/person\/image\/","url":"https:\/\/secure.gravatar.com\/avatar\/a452ffbed9130f726358b298bb3a99ce4bd3c5338411f8440e87e14d74c7c087?s=96&d=mm&r=g","contentUrl":"https:\/\/secure.gravatar.com\/avatar\/a452ffbed9130f726358b298bb3a99ce4bd3c5338411f8440e87e14d74c7c087?s=96&d=mm&r=g","caption":"Matheus Felipe"}}]}},"_links":{"self":[{"href":"https:\/\/www.gaveanews.com\/index.php\/wp-json\/wp\/v2\/posts\/208776","targetHints":{"allow":["GET"]}}],"collection":[{"href":"https:\/\/www.gaveanews.com\/index.php\/wp-json\/wp\/v2\/posts"}],"about":[{"href":"https:\/\/www.gaveanews.com\/index.php\/wp-json\/wp\/v2\/types\/post"}],"author":[{"embeddable":true,"href":"https:\/\/www.gaveanews.com\/index.php\/wp-json\/wp\/v2\/users\/27"}],"replies":[{"embeddable":true,"href":"https:\/\/www.gaveanews.com\/index.php\/wp-json\/wp\/v2\/comments?post=208776"}],"version-history":[{"count":1,"href":"https:\/\/www.gaveanews.com\/index.php\/wp-json\/wp\/v2\/posts\/208776\/revisions"}],"predecessor-version":[{"id":208782,"href":"https:\/\/www.gaveanews.com\/index.php\/wp-json\/wp\/v2\/posts\/208776\/revisions\/208782"}],"wp:featuredmedia":[{"embeddable":true,"href":"https:\/\/www.gaveanews.com\/index.php\/wp-json\/wp\/v2\/media\/156132"}],"wp:attachment":[{"href":"https:\/\/www.gaveanews.com\/index.php\/wp-json\/wp\/v2\/media?parent=208776"}],"wp:term":[{"taxonomy":"category","embeddable":true,"href":"https:\/\/www.gaveanews.com\/index.php\/wp-json\/wp\/v2\/categories?post=208776"},{"taxonomy":"post_tag","embeddable":true,"href":"https:\/\/www.gaveanews.com\/index.php\/wp-json\/wp\/v2\/tags?post=208776"}],"curies":[{"name":"wp","href":"https:\/\/api.w.org\/{rel}","templated":true}]}}