{"id":208779,"date":"2025-01-07T05:15:00","date_gmt":"2025-01-07T08:15:00","guid":{"rendered":"https:\/\/www.gaveanews.com\/?p=208779"},"modified":"2025-01-07T01:59:18","modified_gmt":"2025-01-07T04:59:18","slug":"previsao-de-sormani-quatro-contratacoes-e-publicacao-para-rodrigo-garro-as-ultimas-noticias-do-corinthians","status":"publish","type":"post","link":"https:\/\/www.gaveanews.com\/index.php\/2025\/01\/07\/previsao-de-sormani-quatro-contratacoes-e-publicacao-para-rodrigo-garro-as-ultimas-noticias-do-corinthians\/","title":{"rendered":"Previs\u00e3o de Sormani, quatro contrata\u00e7\u00f5es e publica\u00e7\u00e3o para Rodrigo Garro: as \u00faltimas not\u00edcias do Corinthians"},"content":{"rendered":"\n<p>Nas \u00faltimas horas, o foco das not\u00edcias sobre o Corinthians se concentram nos bastidores do clube, com destaques do dia a dia do time.<\/p>\n\n\n\n<p>Por conta deste contexto, leia abaixo um resumo preparado pela equipe do portal G\u00e1vea News para lhe manter muito bem informado!<\/p>\n\n\n\n<h2 class=\"wp-block-heading\" id=\"h-publicacao-para-rodrigo-garro\">Publica\u00e7\u00e3o para Rodrigo Garro<\/h2>\n\n\n\n<p>Rodrigo Garro, meio-campista do Corinthians e um dos destaques do clube, vive um momento delicado ap\u00f3s se envolver em um acidente de tr\u00e2nsito na Argentina, que resultou na morte de um motociclista. O jogador passou pelo teste do baf\u00f4metro, que detectou apenas a quantidade m\u00ednima de \u00e1lcool, e a situa\u00e7\u00e3o segue sob investiga\u00e7\u00e3o. A principal torcida organizada do clube, Gavi\u00f5es da Fiel, manifestou apoio ao atleta, publicando uma mensagem encorajadora nas redes sociais, refor\u00e7ando que &#8220;tudo vai dar certo&#8221; <strong><a href=\"https:\/\/www.gaveanews.com\/index.php\/2025\/01\/06\/torcida-organizada-do-corinthians-faz-publicacao-direcionada-rodrigo-garro\/\">(leia a mat\u00e9ria completa).<\/a><\/strong><\/p>\n\n\n\n<figure class=\"wp-block-image size-large\"><img loading=\"lazy\" decoding=\"async\" width=\"1024\" height=\"772\" src=\"https:\/\/www.gaveanews.com\/wp-content\/uploads\/Rodrigo-Garro-com-a-camisa-do-Corinthians-em-2024-1024x772.webp\" alt=\"\" class=\"wp-image-161268\" srcset=\"https:\/\/www.gaveanews.com\/wp-content\/uploads\/Rodrigo-Garro-com-a-camisa-do-Corinthians-em-2024-1024x772.webp 1024w, https:\/\/www.gaveanews.com\/wp-content\/uploads\/Rodrigo-Garro-com-a-camisa-do-Corinthians-em-2024-300x226.webp 300w, https:\/\/www.gaveanews.com\/wp-content\/uploads\/Rodrigo-Garro-com-a-camisa-do-Corinthians-em-2024-768x579.webp 768w, https:\/\/www.gaveanews.com\/wp-content\/uploads\/Rodrigo-Garro-com-a-camisa-do-Corinthians-em-2024-557x420.webp 557w, https:\/\/www.gaveanews.com\/wp-content\/uploads\/Rodrigo-Garro-com-a-camisa-do-Corinthians-em-2024-1115x840.webp 1115w, https:\/\/www.gaveanews.com\/wp-content\/uploads\/Rodrigo-Garro-com-a-camisa-do-Corinthians-em-2024-80x60.webp 80w, https:\/\/www.gaveanews.com\/wp-content\/uploads\/Rodrigo-Garro-com-a-camisa-do-Corinthians-em-2024-160x120.webp 160w, https:\/\/www.gaveanews.com\/wp-content\/uploads\/Rodrigo-Garro-com-a-camisa-do-Corinthians-em-2024-100x75.webp 100w, https:\/\/www.gaveanews.com\/wp-content\/uploads\/Rodrigo-Garro-com-a-camisa-do-Corinthians-em-2024-200x150.webp 200w, https:\/\/www.gaveanews.com\/wp-content\/uploads\/Rodrigo-Garro-com-a-camisa-do-Corinthians-em-2024-180x135.webp 180w, https:\/\/www.gaveanews.com\/wp-content\/uploads\/Rodrigo-Garro-com-a-camisa-do-Corinthians-em-2024-360x270.webp 360w, https:\/\/www.gaveanews.com\/wp-content\/uploads\/Rodrigo-Garro-com-a-camisa-do-Corinthians-em-2024-238x178.webp 238w, https:\/\/www.gaveanews.com\/wp-content\/uploads\/Rodrigo-Garro-com-a-camisa-do-Corinthians-em-2024-640x482.webp 640w, https:\/\/www.gaveanews.com\/wp-content\/uploads\/Rodrigo-Garro-com-a-camisa-do-Corinthians-em-2024-1280x964.webp 1280w, https:\/\/www.gaveanews.com\/wp-content\/uploads\/Rodrigo-Garro-com-a-camisa-do-Corinthians-em-2024-681x513.webp 681w, https:\/\/www.gaveanews.com\/wp-content\/uploads\/Rodrigo-Garro-com-a-camisa-do-Corinthians-em-2024-1362x1026.webp 1362w, https:\/\/www.gaveanews.com\/wp-content\/uploads\/Rodrigo-Garro-com-a-camisa-do-Corinthians-em-2024.webp 1440w\" sizes=\"auto, (max-width: 1024px) 100vw, 1024px\" \/><figcaption class=\"wp-element-caption\">Rodrigo Garro com a camisa do Corinthians em 2024 (Foto: Reprodu\u00e7\u00e3o\/Instagram)<\/figcaption><\/figure>\n\n\n\n<p>O futuro de Garro no Corinthians, por\u00e9m, se tornou incerto devido \u00e0 repercuss\u00e3o do caso. Apesar disso, o jogador ir\u00e1 se reapresentar ao clube normalmente no dia 7 de janeiro, ap\u00f3s as f\u00e9rias, sob condi\u00e7\u00f5es estabelecidas pela justi\u00e7a argentina. <\/p>\n\n\n\n<p>Ele ter\u00e1 que se apresentar \u00e0s autoridades sempre que solicitado e pode ser alvo de mandado de pris\u00e3o caso descumpra essas obriga\u00e7\u00f5es. Segundo o presidente interino do clube, Armando Mendon\u00e7a, o Corinthians oferecer\u00e1 total apoio ao atleta para que ele possa retomar suas atividades com tranquilidade.<\/p>\n\n\n\n<p>O Minist\u00e9rio P\u00fablico de La Pampa informou que Garro poder\u00e1 ser acusado de homic\u00eddio culposo, sem inten\u00e7\u00e3o de matar, agravado por dirigir sob o efeito de \u00e1lcool. Enquanto isso, o Corinthians trabalha para equilibrar o suporte ao jogador com as implica\u00e7\u00f5es legais do caso, buscando garantir que Garro tenha o suporte necess\u00e1rio durante esse momento dif\u00edcil, tanto no aspecto jur\u00eddico quanto emocional.<\/p>\n\n\n\n<h2 class=\"wp-block-heading\" id=\"h-quatro-contratacoes\">Quatro contrata\u00e7\u00f5es<\/h2>\n\n\n\n<p>O Corinthians est\u00e1 focado em refor\u00e7ar seu elenco para a temporada de 2025 e tem como meta contratar quatro jogadores: um meio-campista armador, um atacante, um lateral-esquerdo e um zagueiro. Dentre os nomes em negocia\u00e7\u00e3o, o atacante Arthur Cabral, atualmente no Benfica, \u00e9 o que est\u00e1 mais pr\u00f3ximo de ser anunciado. O clube paulista ofereceu um empr\u00e9stimo com op\u00e7\u00e3o de compra, mas o Benfica prefere uma venda definitiva. Arthur j\u00e1 acumula 100 gols no futebol europeu, mas vive uma fase irregular no clube portugu\u00eas <strong><a href=\"https:\/\/www.gaveanews.com\/index.php\/2025\/01\/06\/corinthians-define-quatro-contratacoes-veja-detalhes\/\">(leia a mat\u00e9ria completa).<\/a><\/strong><\/p>\n\n\n\n<figure class=\"wp-block-image size-full\"><img loading=\"lazy\" decoding=\"async\" width=\"846\" height=\"554\" src=\"https:\/\/www.gaveanews.com\/wp-content\/uploads\/Arthur-Cabral-pelo-Benfica.webp\" alt=\"\" class=\"wp-image-186652\" srcset=\"https:\/\/www.gaveanews.com\/wp-content\/uploads\/Arthur-Cabral-pelo-Benfica.webp 846w, https:\/\/www.gaveanews.com\/wp-content\/uploads\/Arthur-Cabral-pelo-Benfica-300x196.webp 300w, https:\/\/www.gaveanews.com\/wp-content\/uploads\/Arthur-Cabral-pelo-Benfica-768x503.webp 768w, https:\/\/www.gaveanews.com\/wp-content\/uploads\/Arthur-Cabral-pelo-Benfica-641x420.webp 641w, https:\/\/www.gaveanews.com\/wp-content\/uploads\/Arthur-Cabral-pelo-Benfica-640x419.webp 640w, https:\/\/www.gaveanews.com\/wp-content\/uploads\/Arthur-Cabral-pelo-Benfica-681x446.webp 681w, https:\/\/www.gaveanews.com\/wp-content\/uploads\/Arthur-Cabral-pelo-Benfica-100x65.webp 100w\" sizes=\"auto, (max-width: 846px) 100vw, 846px\" \/><figcaption class=\"wp-element-caption\">Arthur Cabral pelo Benfica (Foto: Benfica)<\/figcaption><\/figure>\n\n\n\n<p>Al\u00e9m de Arthur, o Corinthians trabalha para fechar outras contrata\u00e7\u00f5es estrat\u00e9gicas e iniciar a temporada com um elenco mais competitivo. A busca por refor\u00e7os reflete a necessidade do clube de se fortalecer ap\u00f3s um ano de altos e baixos. No caso de Arthur Cabral, sua trajet\u00f3ria na Europa inclui passagens marcantes pelo Basel, Fiorentina e, atualmente, pelo Benfica, onde marcou 16 gols desde sua chegada em 2023.<\/p>\n\n\n\n<p>A expectativa \u00e9 que as negocia\u00e7\u00f5es avancem nos pr\u00f3ximos dias, j\u00e1 que o clube busca acelerar os processos e apresentar novidades antes do in\u00edcio das competi\u00e7\u00f5es. O foco da diretoria \u00e9 montar um elenco capaz de brigar pelos principais t\u00edtulos em 2025, com refor\u00e7os que tragam qualidade e experi\u00eancia ao time comandado pelo t\u00e9cnico Fernando L\u00e1zaro.<\/p>\n\n\n\n<h2 class=\"wp-block-heading\" id=\"h-previsao-de-sormani\">Previs\u00e3o de Sormani<\/h2>\n\n\n\n<p>O jornalista F\u00e1bio Sormani fez previs\u00f5es ousadas para a temporada 2025 e cravou que o Palmeiras n\u00e3o conquistar\u00e1 nenhum t\u00edtulo neste ano, enfrentando um per\u00edodo de dificuldades. Segundo ele, o Verd\u00e3o, que tem se destacado nos \u00faltimos anos, especialmente no Paulist\u00e3o, onde venceu quatro das \u00faltimas cinco edi\u00e7\u00f5es, ser\u00e1 superado por rivais como o Corinthians, que, na vis\u00e3o de Sormani, ter\u00e1 um ano promissor e conquistar\u00e1 o Paulist\u00e3o e o Brasileir\u00e3o <strong><a href=\"https:\/\/www.gaveanews.com\/index.php\/2025\/01\/06\/sormani-crava-time-que-nao-ganhara-nada-em-2025\/\">(leia a mat\u00e9ria completa).<\/a><\/strong><\/p>\n\n\n\n<figure class=\"wp-block-image size-full\"><img loading=\"lazy\" decoding=\"async\" width=\"650\" height=\"325\" src=\"https:\/\/www.gaveanews.com\/wp-content\/uploads\/Sormani-durante-um-programa-da-emissora-Fox-Sports.webp\" alt=\"\" class=\"wp-image-52970\" srcset=\"https:\/\/www.gaveanews.com\/wp-content\/uploads\/Sormani-durante-um-programa-da-emissora-Fox-Sports.webp 650w, https:\/\/www.gaveanews.com\/wp-content\/uploads\/Sormani-durante-um-programa-da-emissora-Fox-Sports-300x150.webp 300w, https:\/\/www.gaveanews.com\/wp-content\/uploads\/Sormani-durante-um-programa-da-emissora-Fox-Sports-640x320.webp 640w, https:\/\/www.gaveanews.com\/wp-content\/uploads\/Sormani-durante-um-programa-da-emissora-Fox-Sports-100x50.webp 100w\" sizes=\"auto, (max-width: 650px) 100vw, 650px\" \/><figcaption class=\"wp-element-caption\">Sormani durante um programa da emissora Fox Sports (Foto: Reprodu\u00e7\u00e3o)<\/figcaption><\/figure>\n\n\n\n<p>Sormani destacou o Corinthians como a principal aposta para 2025, apontando que o Tim\u00e3o deve manter o embalo com o qual encerrou a temporada anterior, quando garantiu uma vaga na Libertadores. Ele acredita que o time alvinegro est\u00e1 pronto para &#8220;destronar&#8221; o Palmeiras nas competi\u00e7\u00f5es nacionais, quebrando o jejum de t\u00edtulos que dura desde 2019 no Paulist\u00e3o e Brasileir\u00e3o.<\/p>\n\n\n\n<p>Al\u00e9m disso, Sormani prev\u00ea que o Botafogo, atual campe\u00e3o da Libertadores e do Brasileir\u00e3o, conquistar\u00e1 a Copa do Brasil, enquanto o Flamengo levar\u00e1 a Libertadores sob o comando de Filipe Lu\u00eds. Se confirmado, o t\u00edtulo colocar\u00e1 o Rubro-Negro como o clube brasileiro com mais conquistas na competi\u00e7\u00e3o continental. As declara\u00e7\u00f5es do jornalista aumentaram a expectativa para os campeonatos de 2025, que prometem ser marcados por disputas acirradas entre os grandes clubes do pa\u00eds.<\/p>\n","protected":false},"excerpt":{"rendered":"<p>Nas \u00faltimas horas, o foco das not\u00edcias sobre o Corinthians se concentram nos bastidores do clube, com destaques do dia a dia do time. Por conta deste contexto, leia abaixo um resumo preparado pela equipe do portal G\u00e1vea News para lhe manter muito bem informado! Publica\u00e7\u00e3o para Rodrigo Garro Rodrigo Garro, meio-campista do Corinthians e [&hellip;]<\/p>\n","protected":false},"author":27,"featured_media":146951,"comment_status":"open","ping_status":"closed","sticky":false,"template":"","format":"standard","meta":{"footnotes":""},"categories":[141],"tags":[],"class_list":["post-208779","post","type-post","status-publish","format-standard","has-post-thumbnail","hentry","category-corinthians"],"yoast_head":"<!-- This site is optimized with the Yoast SEO Premium plugin v24.2 (Yoast SEO v26.9) - https:\/\/yoast.com\/product\/yoast-seo-premium-wordpress\/ -->\n<title>Previs\u00e3o de Sormani, quatro contrata\u00e7\u00f5es e publica\u00e7\u00e3o para Rodrigo Garro: as \u00faltimas not\u00edcias do Corinthians<\/title>\n<meta name=\"robots\" content=\"index, follow, max-snippet:-1, max-image-preview:large, max-video-preview:-1\" \/>\n<link rel=\"canonical\" href=\"https:\/\/www.gaveanews.com\/index.php\/2025\/01\/07\/previsao-de-sormani-quatro-contratacoes-e-publicacao-para-rodrigo-garro-as-ultimas-noticias-do-corinthians\/\" \/>\n<meta property=\"og:locale\" content=\"pt_BR\" \/>\n<meta property=\"og:type\" content=\"article\" \/>\n<meta property=\"og:title\" content=\"Previs\u00e3o de Sormani, quatro contrata\u00e7\u00f5es e publica\u00e7\u00e3o para Rodrigo Garro: as \u00faltimas not\u00edcias do Corinthians\" \/>\n<meta property=\"og:description\" content=\"Nas \u00faltimas horas, o foco das not\u00edcias sobre o Corinthians se concentram nos bastidores do clube, com destaques do dia a dia do time. Por conta deste contexto, leia abaixo um resumo preparado pela equipe do portal G\u00e1vea News para lhe manter muito bem informado! Publica\u00e7\u00e3o para Rodrigo Garro Rodrigo Garro, meio-campista do Corinthians e [&hellip;]\" \/>\n<meta property=\"og:url\" content=\"https:\/\/www.gaveanews.com\/index.php\/2025\/01\/07\/previsao-de-sormani-quatro-contratacoes-e-publicacao-para-rodrigo-garro-as-ultimas-noticias-do-corinthians\/\" \/>\n<meta property=\"og:site_name\" content=\"G\u00e1vea News\" \/>\n<meta property=\"article:publisher\" content=\"https:\/\/facebook.com\/gaveaNews\/\" \/>\n<meta property=\"article:published_time\" content=\"2025-01-07T08:15:00+00:00\" \/>\n<meta property=\"og:image\" content=\"https:\/\/www.gaveanews.com\/wp-content\/uploads\/Escudo-do-Corinthians.webp\" \/>\n\t<meta property=\"og:image:width\" content=\"1000\" \/>\n\t<meta property=\"og:image:height\" content=\"667\" \/>\n\t<meta property=\"og:image:type\" content=\"image\/webp\" \/>\n<meta name=\"author\" content=\"Matheus Felipe\" \/>\n<meta name=\"twitter:card\" content=\"summary_large_image\" \/>\n<meta name=\"twitter:label1\" content=\"Escrito por\" \/>\n\t<meta name=\"twitter:data1\" content=\"Matheus Felipe\" \/>\n\t<meta name=\"twitter:label2\" content=\"Est. tempo de leitura\" \/>\n\t<meta name=\"twitter:data2\" content=\"5 minutos\" \/>\n<script type=\"application\/ld+json\" class=\"yoast-schema-graph\">{\"@context\":\"https:\/\/schema.org\",\"@graph\":[{\"@type\":\"NewsArticle\",\"@id\":\"https:\/\/www.gaveanews.com\/index.php\/2025\/01\/07\/previsao-de-sormani-quatro-contratacoes-e-publicacao-para-rodrigo-garro-as-ultimas-noticias-do-corinthians\/#article\",\"isPartOf\":{\"@id\":\"https:\/\/www.gaveanews.com\/index.php\/2025\/01\/07\/previsao-de-sormani-quatro-contratacoes-e-publicacao-para-rodrigo-garro-as-ultimas-noticias-do-corinthians\/\"},\"author\":{\"name\":\"Matheus Felipe\",\"@id\":\"https:\/\/www.gaveanews.com\/#\/schema\/person\/8207cd4627f56151707418bfc835b2fb\"},\"headline\":\"Previs\u00e3o de Sormani, quatro contrata\u00e7\u00f5es e publica\u00e7\u00e3o para Rodrigo Garro: as \u00faltimas not\u00edcias do Corinthians\",\"datePublished\":\"2025-01-07T08:15:00+00:00\",\"mainEntityOfPage\":{\"@id\":\"https:\/\/www.gaveanews.com\/index.php\/2025\/01\/07\/previsao-de-sormani-quatro-contratacoes-e-publicacao-para-rodrigo-garro-as-ultimas-noticias-do-corinthians\/\"},\"wordCount\":814,\"commentCount\":0,\"image\":{\"@id\":\"https:\/\/www.gaveanews.com\/index.php\/2025\/01\/07\/previsao-de-sormani-quatro-contratacoes-e-publicacao-para-rodrigo-garro-as-ultimas-noticias-do-corinthians\/#primaryimage\"},\"thumbnailUrl\":\"https:\/\/www.gaveanews.com\/wp-content\/uploads\/Escudo-do-Corinthians.webp\",\"articleSection\":[\"Corinthians\"],\"inLanguage\":\"pt-BR\",\"potentialAction\":[{\"@type\":\"CommentAction\",\"name\":\"Comment\",\"target\":[\"https:\/\/www.gaveanews.com\/index.php\/2025\/01\/07\/previsao-de-sormani-quatro-contratacoes-e-publicacao-para-rodrigo-garro-as-ultimas-noticias-do-corinthians\/#respond\"]}],\"copyrightYear\":\"2025\",\"copyrightHolder\":{\"@id\":\"https:\/\/www.gaveanews.com\/#organization\"}},{\"@type\":\"WebPage\",\"@id\":\"https:\/\/www.gaveanews.com\/index.php\/2025\/01\/07\/previsao-de-sormani-quatro-contratacoes-e-publicacao-para-rodrigo-garro-as-ultimas-noticias-do-corinthians\/\",\"url\":\"https:\/\/www.gaveanews.com\/index.php\/2025\/01\/07\/previsao-de-sormani-quatro-contratacoes-e-publicacao-para-rodrigo-garro-as-ultimas-noticias-do-corinthians\/\",\"name\":\"Previs\u00e3o de Sormani, quatro contrata\u00e7\u00f5es e publica\u00e7\u00e3o para Rodrigo Garro: as \u00faltimas not\u00edcias do Corinthians\",\"isPartOf\":{\"@id\":\"https:\/\/www.gaveanews.com\/#website\"},\"primaryImageOfPage\":{\"@id\":\"https:\/\/www.gaveanews.com\/index.php\/2025\/01\/07\/previsao-de-sormani-quatro-contratacoes-e-publicacao-para-rodrigo-garro-as-ultimas-noticias-do-corinthians\/#primaryimage\"},\"image\":{\"@id\":\"https:\/\/www.gaveanews.com\/index.php\/2025\/01\/07\/previsao-de-sormani-quatro-contratacoes-e-publicacao-para-rodrigo-garro-as-ultimas-noticias-do-corinthians\/#primaryimage\"},\"thumbnailUrl\":\"https:\/\/www.gaveanews.com\/wp-content\/uploads\/Escudo-do-Corinthians.webp\",\"datePublished\":\"2025-01-07T08:15:00+00:00\",\"author\":{\"@id\":\"https:\/\/www.gaveanews.com\/#\/schema\/person\/8207cd4627f56151707418bfc835b2fb\"},\"breadcrumb\":{\"@id\":\"https:\/\/www.gaveanews.com\/index.php\/2025\/01\/07\/previsao-de-sormani-quatro-contratacoes-e-publicacao-para-rodrigo-garro-as-ultimas-noticias-do-corinthians\/#breadcrumb\"},\"inLanguage\":\"pt-BR\",\"potentialAction\":[{\"@type\":\"ReadAction\",\"target\":[\"https:\/\/www.gaveanews.com\/index.php\/2025\/01\/07\/previsao-de-sormani-quatro-contratacoes-e-publicacao-para-rodrigo-garro-as-ultimas-noticias-do-corinthians\/\"]}]},{\"@type\":\"ImageObject\",\"inLanguage\":\"pt-BR\",\"@id\":\"https:\/\/www.gaveanews.com\/index.php\/2025\/01\/07\/previsao-de-sormani-quatro-contratacoes-e-publicacao-para-rodrigo-garro-as-ultimas-noticias-do-corinthians\/#primaryimage\",\"url\":\"https:\/\/www.gaveanews.com\/wp-content\/uploads\/Escudo-do-Corinthians.webp\",\"contentUrl\":\"https:\/\/www.gaveanews.com\/wp-content\/uploads\/Escudo-do-Corinthians.webp\",\"width\":1000,\"height\":667,\"caption\":\"Escudo do Corinthians (Foto Reprodu\u00e7\u00e3o\/Instagram)\"},{\"@type\":\"BreadcrumbList\",\"@id\":\"https:\/\/www.gaveanews.com\/index.php\/2025\/01\/07\/previsao-de-sormani-quatro-contratacoes-e-publicacao-para-rodrigo-garro-as-ultimas-noticias-do-corinthians\/#breadcrumb\",\"itemListElement\":[{\"@type\":\"ListItem\",\"position\":1,\"name\":\"Home\",\"item\":\"https:\/\/www.gaveanews.com\/\"},{\"@type\":\"ListItem\",\"position\":2,\"name\":\"Previs\u00e3o de Sormani, quatro contrata\u00e7\u00f5es e publica\u00e7\u00e3o para Rodrigo Garro: as \u00faltimas not\u00edcias do Corinthians\"}]},{\"@type\":\"WebSite\",\"@id\":\"https:\/\/www.gaveanews.com\/#website\",\"url\":\"https:\/\/www.gaveanews.com\/\",\"name\":\"G\u00e1vea News\",\"description\":\"Veja todas as not\u00edcias sobre o Flamengo: Contrata\u00e7\u00f5es, categorias de base, resultados das partidas, tabela de classifica\u00e7\u00e3o, pr\u00f3ximos jogos!\",\"potentialAction\":[{\"@type\":\"SearchAction\",\"target\":{\"@type\":\"EntryPoint\",\"urlTemplate\":\"https:\/\/www.gaveanews.com\/?s={search_term_string}\"},\"query-input\":{\"@type\":\"PropertyValueSpecification\",\"valueRequired\":true,\"valueName\":\"search_term_string\"}}],\"inLanguage\":\"pt-BR\"},{\"@type\":\"Person\",\"@id\":\"https:\/\/www.gaveanews.com\/#\/schema\/person\/8207cd4627f56151707418bfc835b2fb\",\"name\":\"Matheus Felipe\",\"image\":{\"@type\":\"ImageObject\",\"inLanguage\":\"pt-BR\",\"@id\":\"https:\/\/www.gaveanews.com\/#\/schema\/person\/image\/\",\"url\":\"https:\/\/secure.gravatar.com\/avatar\/a452ffbed9130f726358b298bb3a99ce4bd3c5338411f8440e87e14d74c7c087?s=96&d=mm&r=g\",\"contentUrl\":\"https:\/\/secure.gravatar.com\/avatar\/a452ffbed9130f726358b298bb3a99ce4bd3c5338411f8440e87e14d74c7c087?s=96&d=mm&r=g\",\"caption\":\"Matheus Felipe\"}}]}<\/script>\n<!-- \/ Yoast SEO Premium plugin. -->","yoast_head_json":{"title":"Previs\u00e3o de Sormani, quatro contrata\u00e7\u00f5es e publica\u00e7\u00e3o para Rodrigo Garro: as \u00faltimas not\u00edcias do Corinthians","robots":{"index":"index","follow":"follow","max-snippet":"max-snippet:-1","max-image-preview":"max-image-preview:large","max-video-preview":"max-video-preview:-1"},"canonical":"https:\/\/www.gaveanews.com\/index.php\/2025\/01\/07\/previsao-de-sormani-quatro-contratacoes-e-publicacao-para-rodrigo-garro-as-ultimas-noticias-do-corinthians\/","og_locale":"pt_BR","og_type":"article","og_title":"Previs\u00e3o de Sormani, quatro contrata\u00e7\u00f5es e publica\u00e7\u00e3o para Rodrigo Garro: as \u00faltimas not\u00edcias do Corinthians","og_description":"Nas \u00faltimas horas, o foco das not\u00edcias sobre o Corinthians se concentram nos bastidores do clube, com destaques do dia a dia do time. Por conta deste contexto, leia abaixo um resumo preparado pela equipe do portal G\u00e1vea News para lhe manter muito bem informado! Publica\u00e7\u00e3o para Rodrigo Garro Rodrigo Garro, meio-campista do Corinthians e [&hellip;]","og_url":"https:\/\/www.gaveanews.com\/index.php\/2025\/01\/07\/previsao-de-sormani-quatro-contratacoes-e-publicacao-para-rodrigo-garro-as-ultimas-noticias-do-corinthians\/","og_site_name":"G\u00e1vea News","article_publisher":"https:\/\/facebook.com\/gaveaNews\/","article_published_time":"2025-01-07T08:15:00+00:00","og_image":[{"width":1000,"height":667,"url":"https:\/\/www.gaveanews.com\/wp-content\/uploads\/Escudo-do-Corinthians.webp","type":"image\/webp"}],"author":"Matheus Felipe","twitter_card":"summary_large_image","twitter_misc":{"Escrito por":"Matheus Felipe","Est. tempo de leitura":"5 minutos"},"schema":{"@context":"https:\/\/schema.org","@graph":[{"@type":"NewsArticle","@id":"https:\/\/www.gaveanews.com\/index.php\/2025\/01\/07\/previsao-de-sormani-quatro-contratacoes-e-publicacao-para-rodrigo-garro-as-ultimas-noticias-do-corinthians\/#article","isPartOf":{"@id":"https:\/\/www.gaveanews.com\/index.php\/2025\/01\/07\/previsao-de-sormani-quatro-contratacoes-e-publicacao-para-rodrigo-garro-as-ultimas-noticias-do-corinthians\/"},"author":{"name":"Matheus Felipe","@id":"https:\/\/www.gaveanews.com\/#\/schema\/person\/8207cd4627f56151707418bfc835b2fb"},"headline":"Previs\u00e3o de Sormani, quatro contrata\u00e7\u00f5es e publica\u00e7\u00e3o para Rodrigo Garro: as \u00faltimas not\u00edcias do Corinthians","datePublished":"2025-01-07T08:15:00+00:00","mainEntityOfPage":{"@id":"https:\/\/www.gaveanews.com\/index.php\/2025\/01\/07\/previsao-de-sormani-quatro-contratacoes-e-publicacao-para-rodrigo-garro-as-ultimas-noticias-do-corinthians\/"},"wordCount":814,"commentCount":0,"image":{"@id":"https:\/\/www.gaveanews.com\/index.php\/2025\/01\/07\/previsao-de-sormani-quatro-contratacoes-e-publicacao-para-rodrigo-garro-as-ultimas-noticias-do-corinthians\/#primaryimage"},"thumbnailUrl":"https:\/\/www.gaveanews.com\/wp-content\/uploads\/Escudo-do-Corinthians.webp","articleSection":["Corinthians"],"inLanguage":"pt-BR","potentialAction":[{"@type":"CommentAction","name":"Comment","target":["https:\/\/www.gaveanews.com\/index.php\/2025\/01\/07\/previsao-de-sormani-quatro-contratacoes-e-publicacao-para-rodrigo-garro-as-ultimas-noticias-do-corinthians\/#respond"]}],"copyrightYear":"2025","copyrightHolder":{"@id":"https:\/\/www.gaveanews.com\/#organization"}},{"@type":"WebPage","@id":"https:\/\/www.gaveanews.com\/index.php\/2025\/01\/07\/previsao-de-sormani-quatro-contratacoes-e-publicacao-para-rodrigo-garro-as-ultimas-noticias-do-corinthians\/","url":"https:\/\/www.gaveanews.com\/index.php\/2025\/01\/07\/previsao-de-sormani-quatro-contratacoes-e-publicacao-para-rodrigo-garro-as-ultimas-noticias-do-corinthians\/","name":"Previs\u00e3o de Sormani, quatro contrata\u00e7\u00f5es e publica\u00e7\u00e3o para Rodrigo Garro: as \u00faltimas not\u00edcias do Corinthians","isPartOf":{"@id":"https:\/\/www.gaveanews.com\/#website"},"primaryImageOfPage":{"@id":"https:\/\/www.gaveanews.com\/index.php\/2025\/01\/07\/previsao-de-sormani-quatro-contratacoes-e-publicacao-para-rodrigo-garro-as-ultimas-noticias-do-corinthians\/#primaryimage"},"image":{"@id":"https:\/\/www.gaveanews.com\/index.php\/2025\/01\/07\/previsao-de-sormani-quatro-contratacoes-e-publicacao-para-rodrigo-garro-as-ultimas-noticias-do-corinthians\/#primaryimage"},"thumbnailUrl":"https:\/\/www.gaveanews.com\/wp-content\/uploads\/Escudo-do-Corinthians.webp","datePublished":"2025-01-07T08:15:00+00:00","author":{"@id":"https:\/\/www.gaveanews.com\/#\/schema\/person\/8207cd4627f56151707418bfc835b2fb"},"breadcrumb":{"@id":"https:\/\/www.gaveanews.com\/index.php\/2025\/01\/07\/previsao-de-sormani-quatro-contratacoes-e-publicacao-para-rodrigo-garro-as-ultimas-noticias-do-corinthians\/#breadcrumb"},"inLanguage":"pt-BR","potentialAction":[{"@type":"ReadAction","target":["https:\/\/www.gaveanews.com\/index.php\/2025\/01\/07\/previsao-de-sormani-quatro-contratacoes-e-publicacao-para-rodrigo-garro-as-ultimas-noticias-do-corinthians\/"]}]},{"@type":"ImageObject","inLanguage":"pt-BR","@id":"https:\/\/www.gaveanews.com\/index.php\/2025\/01\/07\/previsao-de-sormani-quatro-contratacoes-e-publicacao-para-rodrigo-garro-as-ultimas-noticias-do-corinthians\/#primaryimage","url":"https:\/\/www.gaveanews.com\/wp-content\/uploads\/Escudo-do-Corinthians.webp","contentUrl":"https:\/\/www.gaveanews.com\/wp-content\/uploads\/Escudo-do-Corinthians.webp","width":1000,"height":667,"caption":"Escudo do Corinthians (Foto Reprodu\u00e7\u00e3o\/Instagram)"},{"@type":"BreadcrumbList","@id":"https:\/\/www.gaveanews.com\/index.php\/2025\/01\/07\/previsao-de-sormani-quatro-contratacoes-e-publicacao-para-rodrigo-garro-as-ultimas-noticias-do-corinthians\/#breadcrumb","itemListElement":[{"@type":"ListItem","position":1,"name":"Home","item":"https:\/\/www.gaveanews.com\/"},{"@type":"ListItem","position":2,"name":"Previs\u00e3o de Sormani, quatro contrata\u00e7\u00f5es e publica\u00e7\u00e3o para Rodrigo Garro: as \u00faltimas not\u00edcias do Corinthians"}]},{"@type":"WebSite","@id":"https:\/\/www.gaveanews.com\/#website","url":"https:\/\/www.gaveanews.com\/","name":"G\u00e1vea News","description":"Veja todas as not\u00edcias sobre o Flamengo: Contrata\u00e7\u00f5es, categorias de base, resultados das partidas, tabela de classifica\u00e7\u00e3o, pr\u00f3ximos jogos!","potentialAction":[{"@type":"SearchAction","target":{"@type":"EntryPoint","urlTemplate":"https:\/\/www.gaveanews.com\/?s={search_term_string}"},"query-input":{"@type":"PropertyValueSpecification","valueRequired":true,"valueName":"search_term_string"}}],"inLanguage":"pt-BR"},{"@type":"Person","@id":"https:\/\/www.gaveanews.com\/#\/schema\/person\/8207cd4627f56151707418bfc835b2fb","name":"Matheus Felipe","image":{"@type":"ImageObject","inLanguage":"pt-BR","@id":"https:\/\/www.gaveanews.com\/#\/schema\/person\/image\/","url":"https:\/\/secure.gravatar.com\/avatar\/a452ffbed9130f726358b298bb3a99ce4bd3c5338411f8440e87e14d74c7c087?s=96&d=mm&r=g","contentUrl":"https:\/\/secure.gravatar.com\/avatar\/a452ffbed9130f726358b298bb3a99ce4bd3c5338411f8440e87e14d74c7c087?s=96&d=mm&r=g","caption":"Matheus Felipe"}}]}},"_links":{"self":[{"href":"https:\/\/www.gaveanews.com\/index.php\/wp-json\/wp\/v2\/posts\/208779","targetHints":{"allow":["GET"]}}],"collection":[{"href":"https:\/\/www.gaveanews.com\/index.php\/wp-json\/wp\/v2\/posts"}],"about":[{"href":"https:\/\/www.gaveanews.com\/index.php\/wp-json\/wp\/v2\/types\/post"}],"author":[{"embeddable":true,"href":"https:\/\/www.gaveanews.com\/index.php\/wp-json\/wp\/v2\/users\/27"}],"replies":[{"embeddable":true,"href":"https:\/\/www.gaveanews.com\/index.php\/wp-json\/wp\/v2\/comments?post=208779"}],"version-history":[{"count":1,"href":"https:\/\/www.gaveanews.com\/index.php\/wp-json\/wp\/v2\/posts\/208779\/revisions"}],"predecessor-version":[{"id":208791,"href":"https:\/\/www.gaveanews.com\/index.php\/wp-json\/wp\/v2\/posts\/208779\/revisions\/208791"}],"wp:featuredmedia":[{"embeddable":true,"href":"https:\/\/www.gaveanews.com\/index.php\/wp-json\/wp\/v2\/media\/146951"}],"wp:attachment":[{"href":"https:\/\/www.gaveanews.com\/index.php\/wp-json\/wp\/v2\/media?parent=208779"}],"wp:term":[{"taxonomy":"category","embeddable":true,"href":"https:\/\/www.gaveanews.com\/index.php\/wp-json\/wp\/v2\/categories?post=208779"},{"taxonomy":"post_tag","embeddable":true,"href":"https:\/\/www.gaveanews.com\/index.php\/wp-json\/wp\/v2\/tags?post=208779"}],"curies":[{"name":"wp","href":"https:\/\/api.w.org\/{rel}","templated":true}]}}