{"id":208781,"date":"2025-01-07T04:20:00","date_gmt":"2025-01-07T07:20:00","guid":{"rendered":"https:\/\/www.gaveanews.com\/?p=208781"},"modified":"2025-01-07T02:05:43","modified_gmt":"2025-01-07T05:05:43","slug":"saida-de-fabricio-bruno-declaracao-de-gabigol-e-nota-oficial-as-ultimas-noticias-do-cruzeiro","status":"publish","type":"post","link":"https:\/\/www.gaveanews.com\/index.php\/2025\/01\/07\/saida-de-fabricio-bruno-declaracao-de-gabigol-e-nota-oficial-as-ultimas-noticias-do-cruzeiro\/","title":{"rendered":"Sa\u00edda de Fabr\u00edcio Bruno, declara\u00e7\u00e3o de Gabigol e nota oficial: as \u00faltimas not\u00edcias do Cruzeiro"},"content":{"rendered":"\n<p>Nas \u00faltimas horas, o foco das not\u00edcias sobre o Cruzeiro se concentram nos bastidores do clube, com destaques do dia a dia do time.<\/p>\n\n\n\n<p>Por conta deste contexto, leia abaixo um resumo preparado pela equipe do portal G\u00e1vea News para lhe manter muito bem informado!<\/p>\n\n\n\n<h2 class=\"wp-block-heading\" id=\"h-nota-oficial\">Nota oficial<\/h2>\n\n\n\n<p>O Cruzeiro emitiu uma nota oficial neste domingo (5) para alertar sua torcida sobre um golpe que utiliza imagens manipuladas de dirigentes, como Pedro Louren\u00e7o, propriet\u00e1rio da SAF do clube. Segundo o comunicado, v\u00eddeos fraudulentos est\u00e3o circulando nas redes sociais, divulgando uma suposta campanha de distribui\u00e7\u00e3o gratuita de camisas oficiais. O clube desmentiu qualquer rela\u00e7\u00e3o com a a\u00e7\u00e3o e refor\u00e7ou que conte\u00fados leg\u00edtimos s\u00e3o divulgados apenas por seus canais oficiais.<\/p>\n\n\n\n<figure class=\"wp-block-image size-full\"><img loading=\"lazy\" decoding=\"async\" width=\"984\" height=\"656\" src=\"https:\/\/www.gaveanews.com\/wp-content\/uploads\/Pedro-Lourenco-Pedrinho.webp\" alt=\"\" class=\"wp-image-175923\" srcset=\"https:\/\/www.gaveanews.com\/wp-content\/uploads\/Pedro-Lourenco-Pedrinho.webp 984w, https:\/\/www.gaveanews.com\/wp-content\/uploads\/Pedro-Lourenco-Pedrinho-300x200.webp 300w, https:\/\/www.gaveanews.com\/wp-content\/uploads\/Pedro-Lourenco-Pedrinho-768x512.webp 768w, https:\/\/www.gaveanews.com\/wp-content\/uploads\/Pedro-Lourenco-Pedrinho-630x420.webp 630w, https:\/\/www.gaveanews.com\/wp-content\/uploads\/Pedro-Lourenco-Pedrinho-640x427.webp 640w, https:\/\/www.gaveanews.com\/wp-content\/uploads\/Pedro-Lourenco-Pedrinho-681x454.webp 681w, https:\/\/www.gaveanews.com\/wp-content\/uploads\/Pedro-Lourenco-Pedrinho-100x67.webp 100w\" sizes=\"auto, (max-width: 984px) 100vw, 984px\" \/><figcaption class=\"wp-element-caption\">Pedro Louren\u00e7o (Pedrinho) (Foto: Gustavo Aleixo\/Cruzeiro)<\/figcaption><\/figure>\n\n\n\n<p>A tentativa de fraude se d\u00e1 principalmente por meio de um perfil falso no Instagram, chamado &#8220;Loja do Cruzeiro&#8221;, que promove uma campanha intitulada &#8220;Desafio Cabuloso&#8221;. <\/p>\n\n\n\n<p>Para tornar o golpe mais convincente, os golpistas utilizam intelig\u00eancia artificial para criar v\u00eddeos com imagens de Pedro Louren\u00e7o e jogadores do time, levando muitos torcedores a acreditar na autenticidade da a\u00e7\u00e3o.<\/p>\n\n\n\n<p>O Cruzeiro orientou seus seguidores a redobrar a aten\u00e7\u00e3o e destacou a import\u00e2ncia de n\u00e3o fornecer dados pessoais ou interagir com perfis n\u00e3o verificados. O clube reafirmou seu compromisso com a seguran\u00e7a de sua torcida e alertou para a necessidade de sempre checar informa\u00e7\u00f5es diretamente nos canais oficiais da equipe.<\/p>\n\n\n\n<h2 class=\"wp-block-heading\" id=\"h-declaracao-de-gabigol\">Declara\u00e7\u00e3o de Gabigol<\/h2>\n\n\n\n<p>Gabigol, apresentado oficialmente como novo refor\u00e7o do Cruzeiro, expressou grande entusiasmo por realizar o sonho de jogar ao lado de Dudu, outro nome de peso contratado pelo clube para 2025. Durante a coletiva, o atacante destacou o potencial do elenco celeste, que conta com jogadores experientes e de Sele\u00e7\u00e3o, como Matheus Pereira e Kaio Jorge. Gabigol elogiou Dudu, chamando-o de &#8220;craque&#8221;, e revelou que a decis\u00e3o de assinar com o Cruzeiro foi motivada pela qualidade dos jogadores e pelo projeto ambicioso do clube.<\/p>\n\n\n\n<figure class=\"wp-block-image size-large\"><img loading=\"lazy\" decoding=\"async\" width=\"1024\" height=\"768\" src=\"https:\/\/www.gaveanews.com\/wp-content\/uploads\/Gabigol-com-a-camisa-do-Cruzeiro-1024x768.webp\" alt=\"\" class=\"wp-image-206773\" srcset=\"https:\/\/www.gaveanews.com\/wp-content\/uploads\/Gabigol-com-a-camisa-do-Cruzeiro-1024x768.webp 1024w, https:\/\/www.gaveanews.com\/wp-content\/uploads\/Gabigol-com-a-camisa-do-Cruzeiro-300x225.webp 300w, https:\/\/www.gaveanews.com\/wp-content\/uploads\/Gabigol-com-a-camisa-do-Cruzeiro-768x576.webp 768w, https:\/\/www.gaveanews.com\/wp-content\/uploads\/Gabigol-com-a-camisa-do-Cruzeiro-560x420.webp 560w, https:\/\/www.gaveanews.com\/wp-content\/uploads\/Gabigol-com-a-camisa-do-Cruzeiro-1119x840.webp 1119w, https:\/\/www.gaveanews.com\/wp-content\/uploads\/Gabigol-com-a-camisa-do-Cruzeiro-80x60.webp 80w, https:\/\/www.gaveanews.com\/wp-content\/uploads\/Gabigol-com-a-camisa-do-Cruzeiro-160x120.webp 160w, https:\/\/www.gaveanews.com\/wp-content\/uploads\/Gabigol-com-a-camisa-do-Cruzeiro-100x75.webp 100w, https:\/\/www.gaveanews.com\/wp-content\/uploads\/Gabigol-com-a-camisa-do-Cruzeiro-200x150.webp 200w, https:\/\/www.gaveanews.com\/wp-content\/uploads\/Gabigol-com-a-camisa-do-Cruzeiro-180x135.webp 180w, https:\/\/www.gaveanews.com\/wp-content\/uploads\/Gabigol-com-a-camisa-do-Cruzeiro-360x270.webp 360w, https:\/\/www.gaveanews.com\/wp-content\/uploads\/Gabigol-com-a-camisa-do-Cruzeiro-238x178.webp 238w, https:\/\/www.gaveanews.com\/wp-content\/uploads\/Gabigol-com-a-camisa-do-Cruzeiro-476x356.webp 476w, https:\/\/www.gaveanews.com\/wp-content\/uploads\/Gabigol-com-a-camisa-do-Cruzeiro-640x480.webp 640w, https:\/\/www.gaveanews.com\/wp-content\/uploads\/Gabigol-com-a-camisa-do-Cruzeiro-1280x960.webp 1280w, https:\/\/www.gaveanews.com\/wp-content\/uploads\/Gabigol-com-a-camisa-do-Cruzeiro-681x511.webp 681w, https:\/\/www.gaveanews.com\/wp-content\/uploads\/Gabigol-com-a-camisa-do-Cruzeiro.webp 1350w\" sizes=\"auto, (max-width: 1024px) 100vw, 1024px\" \/><figcaption class=\"wp-element-caption\">Gabigol com a camisa do Cruzeiro (Foto: Reprodu\u00e7\u00e3o\/Instagram)<\/figcaption><\/figure>\n\n\n\n<p>O ex-\u00eddolo do Flamengo chega ao Cruzeiro com um contrato at\u00e9 2028, ap\u00f3s acumular 161 gols e 13 t\u00edtulos pelo clube carioca. J\u00e1 Dudu, que fez hist\u00f3ria no Palmeiras, tem v\u00ednculo com o time mineiro at\u00e9 2027. Sob o comando de Fernando Diniz, o Cruzeiro disputar\u00e1 o Campeonato Mineiro, Copa do Brasil, Copa Sul-Americana e Campeonato Brasileiro. A pr\u00e9-temporada incluir\u00e1 amistosos nos Estados Unidos, enfrentando S\u00e3o Paulo e Atl\u00e9tico durante a Inter&amp;Co Soccer Week.<\/p>\n\n\n\n<p>Al\u00e9m de Gabigol e Dudu, o Cruzeiro tem investido em outros refor\u00e7os, como Christian, Rodriguinho, Yannick Bolasie, Fagner e Eduardo. A diretoria segue ativa no mercado e est\u00e1 pr\u00f3xima de fechar com Marquinhos, ex-Fluminense, e o zagueiro Valent\u00edn G\u00f3mez, do V\u00e9lez Sarsfield. Com um elenco refor\u00e7ado e ambi\u00e7\u00f5es altas, o time celeste promete ser um dos protagonistas da temporada 2025.<\/p>\n\n\n\n<h2 class=\"wp-block-heading\" id=\"h-saida-de-fabricio-bruno\">Sa\u00edda de Fabr\u00edcio Bruno<\/h2>\n\n\n\n<p>O Cruzeiro segue avan\u00e7ando nas negocia\u00e7\u00f5es para contratar o zagueiro Fabr\u00edcio Bruno, atualmente no Flamengo. De acordo com informa\u00e7\u00f5es do jornalista Mauro Cezar Pereira, a nova proposta do clube mineiro alcan\u00e7a 6 milh\u00f5es de euros, superando a oferta inicial de 5 milh\u00f5es por 50% dos direitos econ\u00f4micos do atleta. O pagamento ser\u00e1 feito em tr\u00eas parcelas, com a primeira prevista para este ano e as demais para 2026 e 2027. O contrato tamb\u00e9m prev\u00ea b\u00f4nus de 1 milh\u00e3o de euros ao Flamengo caso o clube carioca conquiste t\u00edtulos como o Brasileir\u00e3o ou a Libertadores <strong><a href=\"https:\/\/www.gaveanews.com\/index.php\/2025\/01\/06\/mauro-cezar-pereira-divulga-novidades-sobre-a-saida-de-fabricio-bruno-do-flamengo\/\">(leia a mat\u00e9ria completa).<\/a><\/strong><\/p>\n\n\n\n<figure class=\"wp-block-image size-large\"><img loading=\"lazy\" decoding=\"async\" width=\"1024\" height=\"682\" src=\"https:\/\/www.gaveanews.com\/wp-content\/uploads\/fabricio-bruno-flamengo-1024x682.webp\" alt=\"\" class=\"wp-image-95347\" srcset=\"https:\/\/www.gaveanews.com\/wp-content\/uploads\/fabricio-bruno-flamengo-1024x682.webp 1024w, https:\/\/www.gaveanews.com\/wp-content\/uploads\/fabricio-bruno-flamengo-300x200.webp 300w, https:\/\/www.gaveanews.com\/wp-content\/uploads\/fabricio-bruno-flamengo-768x511.webp 768w, https:\/\/www.gaveanews.com\/wp-content\/uploads\/fabricio-bruno-flamengo-1536x1022.webp 1536w, https:\/\/www.gaveanews.com\/wp-content\/uploads\/fabricio-bruno-flamengo-631x420.webp 631w, https:\/\/www.gaveanews.com\/wp-content\/uploads\/fabricio-bruno-flamengo-1262x840.webp 1262w, https:\/\/www.gaveanews.com\/wp-content\/uploads\/fabricio-bruno-flamengo-640x426.webp 640w, https:\/\/www.gaveanews.com\/wp-content\/uploads\/fabricio-bruno-flamengo-1280x852.webp 1280w, https:\/\/www.gaveanews.com\/wp-content\/uploads\/fabricio-bruno-flamengo-681x453.webp 681w, https:\/\/www.gaveanews.com\/wp-content\/uploads\/fabricio-bruno-flamengo-1362x907.webp 1362w, https:\/\/www.gaveanews.com\/wp-content\/uploads\/fabricio-bruno-flamengo-100x67.webp 100w, https:\/\/www.gaveanews.com\/wp-content\/uploads\/fabricio-bruno-flamengo.webp 1600w\" sizes=\"auto, (max-width: 1024px) 100vw, 1024px\" \/><figcaption class=\"wp-element-caption\">Fabr\u00edcio Bruno marca gol pelo Flamengo contra o Vasco (Foto: Marcelo Cortes\/Flamengo)<\/figcaption><\/figure>\n\n\n\n<p>Paralelamente \u00e0 negocia\u00e7\u00e3o com Fabr\u00edcio Bruno, o Cruzeiro finalizou a contrata\u00e7\u00e3o de Valent\u00edn Gom\u00e9z, zagueiro de 21 anos campe\u00e3o argentino pelo V\u00e9lez Sarsfield. Al\u00e9m disso, o clube apresentou seus refor\u00e7os para a temporada 2025 em um evento no Mineir\u00e3o, que reuniu cerca de 44 mil torcedores. Entre os nomes apresentados est\u00e3o Gabigol, Fagner, Christian, Eduardo e Rodriguinho, refor\u00e7ando a ambi\u00e7\u00e3o da equipe para disputar t\u00edtulos importantes na pr\u00f3xima temporada.<\/p>\n\n\n\n<p>Com essa estrat\u00e9gia de misturar experi\u00eancia e juventude, o Cruzeiro busca montar um elenco competitivo e atender \u00e0s expectativas de sua torcida. A chegada de Fabr\u00edcio Bruno, caso se concretize, ser\u00e1 mais um passo na reconstru\u00e7\u00e3o da equipe, que pretende brigar em alto n\u00edvel nas principais competi\u00e7\u00f5es nacionais e internacionais em 2025.<\/p>\n","protected":false},"excerpt":{"rendered":"<p>Nas \u00faltimas horas, o foco das not\u00edcias sobre o Cruzeiro se concentram nos bastidores do clube, com destaques do dia a dia do time. Por conta deste contexto, leia abaixo um resumo preparado pela equipe do portal G\u00e1vea News para lhe manter muito bem informado! Nota oficial O Cruzeiro emitiu uma nota oficial neste domingo [&hellip;]<\/p>\n","protected":false},"author":27,"featured_media":163709,"comment_status":"open","ping_status":"closed","sticky":false,"template":"","format":"standard","meta":{"footnotes":""},"categories":[143],"tags":[],"class_list":["post-208781","post","type-post","status-publish","format-standard","has-post-thumbnail","hentry","category-cruzeiro"],"yoast_head":"<!-- This site is optimized with the Yoast SEO Premium plugin v24.2 (Yoast SEO v26.9) - https:\/\/yoast.com\/product\/yoast-seo-premium-wordpress\/ -->\n<title>Sa\u00edda de Fabr\u00edcio Bruno, declara\u00e7\u00e3o de Gabigol e nota oficial: as \u00faltimas not\u00edcias do Cruzeiro<\/title>\n<meta name=\"robots\" content=\"index, follow, max-snippet:-1, max-image-preview:large, max-video-preview:-1\" \/>\n<link rel=\"canonical\" href=\"https:\/\/www.gaveanews.com\/index.php\/2025\/01\/07\/saida-de-fabricio-bruno-declaracao-de-gabigol-e-nota-oficial-as-ultimas-noticias-do-cruzeiro\/\" \/>\n<meta property=\"og:locale\" content=\"pt_BR\" \/>\n<meta property=\"og:type\" content=\"article\" \/>\n<meta property=\"og:title\" content=\"Sa\u00edda de Fabr\u00edcio Bruno, declara\u00e7\u00e3o de Gabigol e nota oficial: as \u00faltimas not\u00edcias do Cruzeiro\" \/>\n<meta property=\"og:description\" content=\"Nas \u00faltimas horas, o foco das not\u00edcias sobre o Cruzeiro se concentram nos bastidores do clube, com destaques do dia a dia do time. Por conta deste contexto, leia abaixo um resumo preparado pela equipe do portal G\u00e1vea News para lhe manter muito bem informado! Nota oficial O Cruzeiro emitiu uma nota oficial neste domingo [&hellip;]\" \/>\n<meta property=\"og:url\" content=\"https:\/\/www.gaveanews.com\/index.php\/2025\/01\/07\/saida-de-fabricio-bruno-declaracao-de-gabigol-e-nota-oficial-as-ultimas-noticias-do-cruzeiro\/\" \/>\n<meta property=\"og:site_name\" content=\"G\u00e1vea News\" \/>\n<meta property=\"article:publisher\" content=\"https:\/\/facebook.com\/gaveaNews\/\" \/>\n<meta property=\"article:published_time\" content=\"2025-01-07T07:20:00+00:00\" \/>\n<meta property=\"og:image\" content=\"https:\/\/www.gaveanews.com\/wp-content\/uploads\/Camisa-do-Cruzeiro-2024.webp\" \/>\n\t<meta property=\"og:image:width\" content=\"1292\" \/>\n\t<meta property=\"og:image:height\" content=\"861\" \/>\n\t<meta property=\"og:image:type\" content=\"image\/webp\" \/>\n<meta name=\"author\" content=\"Matheus Felipe\" \/>\n<meta name=\"twitter:card\" content=\"summary_large_image\" \/>\n<meta name=\"twitter:label1\" content=\"Escrito por\" \/>\n\t<meta name=\"twitter:data1\" content=\"Matheus Felipe\" \/>\n\t<meta name=\"twitter:label2\" content=\"Est. tempo de leitura\" \/>\n\t<meta name=\"twitter:data2\" content=\"5 minutos\" \/>\n<script type=\"application\/ld+json\" class=\"yoast-schema-graph\">{\"@context\":\"https:\/\/schema.org\",\"@graph\":[{\"@type\":\"NewsArticle\",\"@id\":\"https:\/\/www.gaveanews.com\/index.php\/2025\/01\/07\/saida-de-fabricio-bruno-declaracao-de-gabigol-e-nota-oficial-as-ultimas-noticias-do-cruzeiro\/#article\",\"isPartOf\":{\"@id\":\"https:\/\/www.gaveanews.com\/index.php\/2025\/01\/07\/saida-de-fabricio-bruno-declaracao-de-gabigol-e-nota-oficial-as-ultimas-noticias-do-cruzeiro\/\"},\"author\":{\"name\":\"Matheus Felipe\",\"@id\":\"https:\/\/www.gaveanews.com\/#\/schema\/person\/8207cd4627f56151707418bfc835b2fb\"},\"headline\":\"Sa\u00edda de Fabr\u00edcio Bruno, declara\u00e7\u00e3o de Gabigol e nota oficial: as \u00faltimas not\u00edcias do Cruzeiro\",\"datePublished\":\"2025-01-07T07:20:00+00:00\",\"mainEntityOfPage\":{\"@id\":\"https:\/\/www.gaveanews.com\/index.php\/2025\/01\/07\/saida-de-fabricio-bruno-declaracao-de-gabigol-e-nota-oficial-as-ultimas-noticias-do-cruzeiro\/\"},\"wordCount\":784,\"commentCount\":0,\"image\":{\"@id\":\"https:\/\/www.gaveanews.com\/index.php\/2025\/01\/07\/saida-de-fabricio-bruno-declaracao-de-gabigol-e-nota-oficial-as-ultimas-noticias-do-cruzeiro\/#primaryimage\"},\"thumbnailUrl\":\"https:\/\/www.gaveanews.com\/wp-content\/uploads\/Camisa-do-Cruzeiro-2024.webp\",\"articleSection\":[\"Cruzeiro\"],\"inLanguage\":\"pt-BR\",\"potentialAction\":[{\"@type\":\"CommentAction\",\"name\":\"Comment\",\"target\":[\"https:\/\/www.gaveanews.com\/index.php\/2025\/01\/07\/saida-de-fabricio-bruno-declaracao-de-gabigol-e-nota-oficial-as-ultimas-noticias-do-cruzeiro\/#respond\"]}],\"copyrightYear\":\"2025\",\"copyrightHolder\":{\"@id\":\"https:\/\/www.gaveanews.com\/#organization\"}},{\"@type\":\"WebPage\",\"@id\":\"https:\/\/www.gaveanews.com\/index.php\/2025\/01\/07\/saida-de-fabricio-bruno-declaracao-de-gabigol-e-nota-oficial-as-ultimas-noticias-do-cruzeiro\/\",\"url\":\"https:\/\/www.gaveanews.com\/index.php\/2025\/01\/07\/saida-de-fabricio-bruno-declaracao-de-gabigol-e-nota-oficial-as-ultimas-noticias-do-cruzeiro\/\",\"name\":\"Sa\u00edda de Fabr\u00edcio Bruno, declara\u00e7\u00e3o de Gabigol e nota oficial: as \u00faltimas not\u00edcias do Cruzeiro\",\"isPartOf\":{\"@id\":\"https:\/\/www.gaveanews.com\/#website\"},\"primaryImageOfPage\":{\"@id\":\"https:\/\/www.gaveanews.com\/index.php\/2025\/01\/07\/saida-de-fabricio-bruno-declaracao-de-gabigol-e-nota-oficial-as-ultimas-noticias-do-cruzeiro\/#primaryimage\"},\"image\":{\"@id\":\"https:\/\/www.gaveanews.com\/index.php\/2025\/01\/07\/saida-de-fabricio-bruno-declaracao-de-gabigol-e-nota-oficial-as-ultimas-noticias-do-cruzeiro\/#primaryimage\"},\"thumbnailUrl\":\"https:\/\/www.gaveanews.com\/wp-content\/uploads\/Camisa-do-Cruzeiro-2024.webp\",\"datePublished\":\"2025-01-07T07:20:00+00:00\",\"author\":{\"@id\":\"https:\/\/www.gaveanews.com\/#\/schema\/person\/8207cd4627f56151707418bfc835b2fb\"},\"breadcrumb\":{\"@id\":\"https:\/\/www.gaveanews.com\/index.php\/2025\/01\/07\/saida-de-fabricio-bruno-declaracao-de-gabigol-e-nota-oficial-as-ultimas-noticias-do-cruzeiro\/#breadcrumb\"},\"inLanguage\":\"pt-BR\",\"potentialAction\":[{\"@type\":\"ReadAction\",\"target\":[\"https:\/\/www.gaveanews.com\/index.php\/2025\/01\/07\/saida-de-fabricio-bruno-declaracao-de-gabigol-e-nota-oficial-as-ultimas-noticias-do-cruzeiro\/\"]}]},{\"@type\":\"ImageObject\",\"inLanguage\":\"pt-BR\",\"@id\":\"https:\/\/www.gaveanews.com\/index.php\/2025\/01\/07\/saida-de-fabricio-bruno-declaracao-de-gabigol-e-nota-oficial-as-ultimas-noticias-do-cruzeiro\/#primaryimage\",\"url\":\"https:\/\/www.gaveanews.com\/wp-content\/uploads\/Camisa-do-Cruzeiro-2024.webp\",\"contentUrl\":\"https:\/\/www.gaveanews.com\/wp-content\/uploads\/Camisa-do-Cruzeiro-2024.webp\",\"width\":1292,\"height\":861,\"caption\":\"Camisa do Cruzeiro 2024 (Foto: Reprodu\u00e7\u00e3o\/Instagram)\"},{\"@type\":\"BreadcrumbList\",\"@id\":\"https:\/\/www.gaveanews.com\/index.php\/2025\/01\/07\/saida-de-fabricio-bruno-declaracao-de-gabigol-e-nota-oficial-as-ultimas-noticias-do-cruzeiro\/#breadcrumb\",\"itemListElement\":[{\"@type\":\"ListItem\",\"position\":1,\"name\":\"Home\",\"item\":\"https:\/\/www.gaveanews.com\/\"},{\"@type\":\"ListItem\",\"position\":2,\"name\":\"Sa\u00edda de Fabr\u00edcio Bruno, declara\u00e7\u00e3o de Gabigol e nota oficial: as \u00faltimas not\u00edcias do Cruzeiro\"}]},{\"@type\":\"WebSite\",\"@id\":\"https:\/\/www.gaveanews.com\/#website\",\"url\":\"https:\/\/www.gaveanews.com\/\",\"name\":\"G\u00e1vea News\",\"description\":\"Veja todas as not\u00edcias sobre o Flamengo: Contrata\u00e7\u00f5es, categorias de base, resultados das partidas, tabela de classifica\u00e7\u00e3o, pr\u00f3ximos jogos!\",\"potentialAction\":[{\"@type\":\"SearchAction\",\"target\":{\"@type\":\"EntryPoint\",\"urlTemplate\":\"https:\/\/www.gaveanews.com\/?s={search_term_string}\"},\"query-input\":{\"@type\":\"PropertyValueSpecification\",\"valueRequired\":true,\"valueName\":\"search_term_string\"}}],\"inLanguage\":\"pt-BR\"},{\"@type\":\"Person\",\"@id\":\"https:\/\/www.gaveanews.com\/#\/schema\/person\/8207cd4627f56151707418bfc835b2fb\",\"name\":\"Matheus Felipe\",\"image\":{\"@type\":\"ImageObject\",\"inLanguage\":\"pt-BR\",\"@id\":\"https:\/\/www.gaveanews.com\/#\/schema\/person\/image\/\",\"url\":\"https:\/\/secure.gravatar.com\/avatar\/a452ffbed9130f726358b298bb3a99ce4bd3c5338411f8440e87e14d74c7c087?s=96&d=mm&r=g\",\"contentUrl\":\"https:\/\/secure.gravatar.com\/avatar\/a452ffbed9130f726358b298bb3a99ce4bd3c5338411f8440e87e14d74c7c087?s=96&d=mm&r=g\",\"caption\":\"Matheus Felipe\"}}]}<\/script>\n<!-- \/ Yoast SEO Premium plugin. -->","yoast_head_json":{"title":"Sa\u00edda de Fabr\u00edcio Bruno, declara\u00e7\u00e3o de Gabigol e nota oficial: as \u00faltimas not\u00edcias do Cruzeiro","robots":{"index":"index","follow":"follow","max-snippet":"max-snippet:-1","max-image-preview":"max-image-preview:large","max-video-preview":"max-video-preview:-1"},"canonical":"https:\/\/www.gaveanews.com\/index.php\/2025\/01\/07\/saida-de-fabricio-bruno-declaracao-de-gabigol-e-nota-oficial-as-ultimas-noticias-do-cruzeiro\/","og_locale":"pt_BR","og_type":"article","og_title":"Sa\u00edda de Fabr\u00edcio Bruno, declara\u00e7\u00e3o de Gabigol e nota oficial: as \u00faltimas not\u00edcias do Cruzeiro","og_description":"Nas \u00faltimas horas, o foco das not\u00edcias sobre o Cruzeiro se concentram nos bastidores do clube, com destaques do dia a dia do time. Por conta deste contexto, leia abaixo um resumo preparado pela equipe do portal G\u00e1vea News para lhe manter muito bem informado! Nota oficial O Cruzeiro emitiu uma nota oficial neste domingo [&hellip;]","og_url":"https:\/\/www.gaveanews.com\/index.php\/2025\/01\/07\/saida-de-fabricio-bruno-declaracao-de-gabigol-e-nota-oficial-as-ultimas-noticias-do-cruzeiro\/","og_site_name":"G\u00e1vea News","article_publisher":"https:\/\/facebook.com\/gaveaNews\/","article_published_time":"2025-01-07T07:20:00+00:00","og_image":[{"width":1292,"height":861,"url":"https:\/\/www.gaveanews.com\/wp-content\/uploads\/Camisa-do-Cruzeiro-2024.webp","type":"image\/webp"}],"author":"Matheus Felipe","twitter_card":"summary_large_image","twitter_misc":{"Escrito por":"Matheus Felipe","Est. tempo de leitura":"5 minutos"},"schema":{"@context":"https:\/\/schema.org","@graph":[{"@type":"NewsArticle","@id":"https:\/\/www.gaveanews.com\/index.php\/2025\/01\/07\/saida-de-fabricio-bruno-declaracao-de-gabigol-e-nota-oficial-as-ultimas-noticias-do-cruzeiro\/#article","isPartOf":{"@id":"https:\/\/www.gaveanews.com\/index.php\/2025\/01\/07\/saida-de-fabricio-bruno-declaracao-de-gabigol-e-nota-oficial-as-ultimas-noticias-do-cruzeiro\/"},"author":{"name":"Matheus Felipe","@id":"https:\/\/www.gaveanews.com\/#\/schema\/person\/8207cd4627f56151707418bfc835b2fb"},"headline":"Sa\u00edda de Fabr\u00edcio Bruno, declara\u00e7\u00e3o de Gabigol e nota oficial: as \u00faltimas not\u00edcias do Cruzeiro","datePublished":"2025-01-07T07:20:00+00:00","mainEntityOfPage":{"@id":"https:\/\/www.gaveanews.com\/index.php\/2025\/01\/07\/saida-de-fabricio-bruno-declaracao-de-gabigol-e-nota-oficial-as-ultimas-noticias-do-cruzeiro\/"},"wordCount":784,"commentCount":0,"image":{"@id":"https:\/\/www.gaveanews.com\/index.php\/2025\/01\/07\/saida-de-fabricio-bruno-declaracao-de-gabigol-e-nota-oficial-as-ultimas-noticias-do-cruzeiro\/#primaryimage"},"thumbnailUrl":"https:\/\/www.gaveanews.com\/wp-content\/uploads\/Camisa-do-Cruzeiro-2024.webp","articleSection":["Cruzeiro"],"inLanguage":"pt-BR","potentialAction":[{"@type":"CommentAction","name":"Comment","target":["https:\/\/www.gaveanews.com\/index.php\/2025\/01\/07\/saida-de-fabricio-bruno-declaracao-de-gabigol-e-nota-oficial-as-ultimas-noticias-do-cruzeiro\/#respond"]}],"copyrightYear":"2025","copyrightHolder":{"@id":"https:\/\/www.gaveanews.com\/#organization"}},{"@type":"WebPage","@id":"https:\/\/www.gaveanews.com\/index.php\/2025\/01\/07\/saida-de-fabricio-bruno-declaracao-de-gabigol-e-nota-oficial-as-ultimas-noticias-do-cruzeiro\/","url":"https:\/\/www.gaveanews.com\/index.php\/2025\/01\/07\/saida-de-fabricio-bruno-declaracao-de-gabigol-e-nota-oficial-as-ultimas-noticias-do-cruzeiro\/","name":"Sa\u00edda de Fabr\u00edcio Bruno, declara\u00e7\u00e3o de Gabigol e nota oficial: as \u00faltimas not\u00edcias do Cruzeiro","isPartOf":{"@id":"https:\/\/www.gaveanews.com\/#website"},"primaryImageOfPage":{"@id":"https:\/\/www.gaveanews.com\/index.php\/2025\/01\/07\/saida-de-fabricio-bruno-declaracao-de-gabigol-e-nota-oficial-as-ultimas-noticias-do-cruzeiro\/#primaryimage"},"image":{"@id":"https:\/\/www.gaveanews.com\/index.php\/2025\/01\/07\/saida-de-fabricio-bruno-declaracao-de-gabigol-e-nota-oficial-as-ultimas-noticias-do-cruzeiro\/#primaryimage"},"thumbnailUrl":"https:\/\/www.gaveanews.com\/wp-content\/uploads\/Camisa-do-Cruzeiro-2024.webp","datePublished":"2025-01-07T07:20:00+00:00","author":{"@id":"https:\/\/www.gaveanews.com\/#\/schema\/person\/8207cd4627f56151707418bfc835b2fb"},"breadcrumb":{"@id":"https:\/\/www.gaveanews.com\/index.php\/2025\/01\/07\/saida-de-fabricio-bruno-declaracao-de-gabigol-e-nota-oficial-as-ultimas-noticias-do-cruzeiro\/#breadcrumb"},"inLanguage":"pt-BR","potentialAction":[{"@type":"ReadAction","target":["https:\/\/www.gaveanews.com\/index.php\/2025\/01\/07\/saida-de-fabricio-bruno-declaracao-de-gabigol-e-nota-oficial-as-ultimas-noticias-do-cruzeiro\/"]}]},{"@type":"ImageObject","inLanguage":"pt-BR","@id":"https:\/\/www.gaveanews.com\/index.php\/2025\/01\/07\/saida-de-fabricio-bruno-declaracao-de-gabigol-e-nota-oficial-as-ultimas-noticias-do-cruzeiro\/#primaryimage","url":"https:\/\/www.gaveanews.com\/wp-content\/uploads\/Camisa-do-Cruzeiro-2024.webp","contentUrl":"https:\/\/www.gaveanews.com\/wp-content\/uploads\/Camisa-do-Cruzeiro-2024.webp","width":1292,"height":861,"caption":"Camisa do Cruzeiro 2024 (Foto: Reprodu\u00e7\u00e3o\/Instagram)"},{"@type":"BreadcrumbList","@id":"https:\/\/www.gaveanews.com\/index.php\/2025\/01\/07\/saida-de-fabricio-bruno-declaracao-de-gabigol-e-nota-oficial-as-ultimas-noticias-do-cruzeiro\/#breadcrumb","itemListElement":[{"@type":"ListItem","position":1,"name":"Home","item":"https:\/\/www.gaveanews.com\/"},{"@type":"ListItem","position":2,"name":"Sa\u00edda de Fabr\u00edcio Bruno, declara\u00e7\u00e3o de Gabigol e nota oficial: as \u00faltimas not\u00edcias do Cruzeiro"}]},{"@type":"WebSite","@id":"https:\/\/www.gaveanews.com\/#website","url":"https:\/\/www.gaveanews.com\/","name":"G\u00e1vea News","description":"Veja todas as not\u00edcias sobre o Flamengo: Contrata\u00e7\u00f5es, categorias de base, resultados das partidas, tabela de classifica\u00e7\u00e3o, pr\u00f3ximos jogos!","potentialAction":[{"@type":"SearchAction","target":{"@type":"EntryPoint","urlTemplate":"https:\/\/www.gaveanews.com\/?s={search_term_string}"},"query-input":{"@type":"PropertyValueSpecification","valueRequired":true,"valueName":"search_term_string"}}],"inLanguage":"pt-BR"},{"@type":"Person","@id":"https:\/\/www.gaveanews.com\/#\/schema\/person\/8207cd4627f56151707418bfc835b2fb","name":"Matheus Felipe","image":{"@type":"ImageObject","inLanguage":"pt-BR","@id":"https:\/\/www.gaveanews.com\/#\/schema\/person\/image\/","url":"https:\/\/secure.gravatar.com\/avatar\/a452ffbed9130f726358b298bb3a99ce4bd3c5338411f8440e87e14d74c7c087?s=96&d=mm&r=g","contentUrl":"https:\/\/secure.gravatar.com\/avatar\/a452ffbed9130f726358b298bb3a99ce4bd3c5338411f8440e87e14d74c7c087?s=96&d=mm&r=g","caption":"Matheus Felipe"}}]}},"_links":{"self":[{"href":"https:\/\/www.gaveanews.com\/index.php\/wp-json\/wp\/v2\/posts\/208781","targetHints":{"allow":["GET"]}}],"collection":[{"href":"https:\/\/www.gaveanews.com\/index.php\/wp-json\/wp\/v2\/posts"}],"about":[{"href":"https:\/\/www.gaveanews.com\/index.php\/wp-json\/wp\/v2\/types\/post"}],"author":[{"embeddable":true,"href":"https:\/\/www.gaveanews.com\/index.php\/wp-json\/wp\/v2\/users\/27"}],"replies":[{"embeddable":true,"href":"https:\/\/www.gaveanews.com\/index.php\/wp-json\/wp\/v2\/comments?post=208781"}],"version-history":[{"count":1,"href":"https:\/\/www.gaveanews.com\/index.php\/wp-json\/wp\/v2\/posts\/208781\/revisions"}],"predecessor-version":[{"id":208792,"href":"https:\/\/www.gaveanews.com\/index.php\/wp-json\/wp\/v2\/posts\/208781\/revisions\/208792"}],"wp:featuredmedia":[{"embeddable":true,"href":"https:\/\/www.gaveanews.com\/index.php\/wp-json\/wp\/v2\/media\/163709"}],"wp:attachment":[{"href":"https:\/\/www.gaveanews.com\/index.php\/wp-json\/wp\/v2\/media?parent=208781"}],"wp:term":[{"taxonomy":"category","embeddable":true,"href":"https:\/\/www.gaveanews.com\/index.php\/wp-json\/wp\/v2\/categories?post=208781"},{"taxonomy":"post_tag","embeddable":true,"href":"https:\/\/www.gaveanews.com\/index.php\/wp-json\/wp\/v2\/tags?post=208781"}],"curies":[{"name":"wp","href":"https:\/\/api.w.org\/{rel}","templated":true}]}}