{"id":208783,"date":"2025-01-07T04:15:00","date_gmt":"2025-01-07T07:15:00","guid":{"rendered":"https:\/\/www.gaveanews.com\/?p=208783"},"modified":"2025-01-07T01:53:34","modified_gmt":"2025-01-07T04:53:34","slug":"queridinhos-da-rede-globo-publicacao-direcionada-a-fernanda-torres-e-declaracao-de-hugo-souza-as-ultimas-noticias-do-corinthians","status":"publish","type":"post","link":"https:\/\/www.gaveanews.com\/index.php\/2025\/01\/07\/queridinhos-da-rede-globo-publicacao-direcionada-a-fernanda-torres-e-declaracao-de-hugo-souza-as-ultimas-noticias-do-corinthians\/","title":{"rendered":"Queridinhos da Rede Globo, publica\u00e7\u00e3o direcionada a Fernanda Torres e declara\u00e7\u00e3o de Hugo Souza: as \u00faltimas not\u00edcias do Corinthians"},"content":{"rendered":"\n<p>Nas \u00faltimas horas, o foco das not\u00edcias sobre o Corinthians se concentram nos bastidores do clube, com destaques do dia a dia do time.<\/p>\n\n\n\n<p>Por conta deste contexto, leia abaixo um resumo preparado pela equipe do portal G\u00e1vea News para lhe manter muito bem informado!<\/p>\n\n\n\n<h2 class=\"wp-block-heading\" id=\"h-declaracao-de-hugo-souza\">Declara\u00e7\u00e3o de Hugo Souza<\/h2>\n\n\n\n<p>Hugo Souza, goleiro do Corinthians, elogiou publicamente John, do Botafogo, e afirmou que ele foi o melhor goleiro do Brasileir\u00e3o em 2024. Em entrevista, Hugo destacou a regularidade e as atua\u00e7\u00f5es decisivas de John, fundamentais para as conquistas da Libertadores e do Campeonato Brasileiro pelo Botafogo. Segundo o arqueiro corintiano, enfrentar o time alvinegro na temporada passada foi um grande desafio, e ele parabenizou n\u00e3o s\u00f3 John, mas todo o elenco pelo desempenho <strong><a href=\"https:\/\/www.gaveanews.com\/index.php\/2025\/01\/06\/a-declaracao-de-hugo-souza-do-corinthians-direcionada-a-john-do-botafogo\/\">(leia a mat\u00e9ria completa).<\/a><\/strong><\/p>\n\n\n\n<figure class=\"wp-block-image size-full\"><img loading=\"lazy\" decoding=\"async\" width=\"768\" height=\"458\" src=\"https:\/\/www.gaveanews.com\/wp-content\/uploads\/IMG_0346-768x458-1.webp\" alt=\"\" class=\"wp-image-155879\" srcset=\"https:\/\/www.gaveanews.com\/wp-content\/uploads\/IMG_0346-768x458-1.webp 768w, https:\/\/www.gaveanews.com\/wp-content\/uploads\/IMG_0346-768x458-1-300x179.webp 300w, https:\/\/www.gaveanews.com\/wp-content\/uploads\/IMG_0346-768x458-1-704x420.webp 704w, https:\/\/www.gaveanews.com\/wp-content\/uploads\/IMG_0346-768x458-1-640x382.webp 640w, https:\/\/www.gaveanews.com\/wp-content\/uploads\/IMG_0346-768x458-1-681x406.webp 681w, https:\/\/www.gaveanews.com\/wp-content\/uploads\/IMG_0346-768x458-1-100x60.webp 100w\" sizes=\"auto, (max-width: 768px) 100vw, 768px\" \/><figcaption class=\"wp-element-caption\">Hugo Souza, goleiro do Corinthians, vive grande in\u00edcio &#8211; Instagram \/ @hugosouza\n<\/figcaption><\/figure>\n\n\n\n<p>Hugo tamb\u00e9m ressaltou a import\u00e2ncia de goleiros negros ganharem destaque na S\u00e9rie A e disse se identificar com John. &#8220;Temos que reconhecer o que o Botafogo fez este ano. Como goleiro, preciso elogiar o John pela seguran\u00e7a que ele trouxe ao time durante toda a temporada, com defesas cruciais que salvaram a equipe em momentos importantes&#8221;, comentou Hugo no programa <em>Boleiragem<\/em>, do SporTV.<\/p>\n\n\n\n<p>Al\u00e9m de eleger John como o melhor goleiro, Hugo apontou Rodrigo Garro, do Corinthians, como o craque do campeonato. O meia argentino foi descrito como um &#8220;maestro&#8221; pelo goleiro, que exaltou sua import\u00e2ncia na campanha corintiana de 2024. Para Hugo, a temporada de Garro foi memor\u00e1vel, consolidando-o como um dos principais nomes do futebol brasileiro.<\/p>\n\n\n\n<h2 class=\"wp-block-heading\" id=\"h-publicacao-direcionada-a-fernanda-torres\">Publica\u00e7\u00e3o direcionada a Fernanda Torres<\/h2>\n\n\n\n<p>O Corinthians utilizou suas redes sociais para homenagear a atriz Fernanda Torres, que conquistou o Globo de Ouro 2025 como melhor atriz por sua atua\u00e7\u00e3o em <em>Ainda Estou Aqui<\/em>. Com bom humor, o clube alvinegro publicou uma foto da camisa do zagueiro F\u00e9lix Torres, brincando sobre o uso do nome do jogador na homenagem: \u201cAcho que nosso zagueiro n\u00e3o vai se importar com o uso da camisa dele para celebrarmos a vencedora do Globo de Ouro!\u201d A a\u00e7\u00e3o, leve e simb\u00f3lica, destacou o talento da atriz e sua conquista hist\u00f3rica <strong><a href=\"https:\/\/www.gaveanews.com\/index.php\/2025\/01\/06\/corinthians-faz-publicacao-direcionada-a-fernanda-torres\/\">(leia a mat\u00e9ria completa).<\/a><\/strong><\/p>\n\n\n\n<blockquote class=\"instagram-media\" data-instgrm-permalink=\"https:\/\/www.instagram.com\/p\/DEdduQnPXTq\/?utm_source=ig_embed&amp;utm_campaign=loading\" data-instgrm-version=\"14\" style=\" background:#FFF; border:0; border-radius:3px; box-shadow:0 0 1px 0 rgba(0,0,0,0.5),0 1px 10px 0 rgba(0,0,0,0.15); margin: 1px; max-width:540px; min-width:326px; padding:0; width:99.375%; width:-webkit-calc(100% - 2px); width:calc(100% - 2px);\"><div style=\"padding:16px;\"> <a href=\"https:\/\/www.instagram.com\/p\/DEdduQnPXTq\/?utm_source=ig_embed&amp;utm_campaign=loading\" style=\" background:#FFFFFF; line-height:0; padding:0 0; text-align:center; text-decoration:none; width:100%;\" target=\"_blank\"> <div style=\" display: flex; flex-direction: row; align-items: center;\"> <div style=\"background-color: #F4F4F4; border-radius: 50%; flex-grow: 0; height: 40px; margin-right: 14px; width: 40px;\"><\/div> <div style=\"display: flex; flex-direction: column; flex-grow: 1; justify-content: center;\"> <div style=\" background-color: #F4F4F4; border-radius: 4px; flex-grow: 0; height: 14px; margin-bottom: 6px; width: 100px;\"><\/div> <div style=\" background-color: #F4F4F4; border-radius: 4px; flex-grow: 0; height: 14px; width: 60px;\"><\/div><\/div><\/div><div style=\"padding: 19% 0;\"><\/div> <div style=\"display:block; height:50px; margin:0 auto 12px; width:50px;\"><svg width=\"50px\" height=\"50px\" viewBox=\"0 0 60 60\" version=\"1.1\" xmlns=\"https:\/\/www.w3.org\/2000\/svg\" xmlns:xlink=\"https:\/\/www.w3.org\/1999\/xlink\"><g stroke=\"none\" stroke-width=\"1\" fill=\"none\" fill-rule=\"evenodd\"><g transform=\"translate(-511.000000, -20.000000)\" fill=\"#000000\"><g><path d=\"M556.869,30.41 C554.814,30.41 553.148,32.076 553.148,34.131 C553.148,36.186 554.814,37.852 556.869,37.852 C558.924,37.852 560.59,36.186 560.59,34.131 C560.59,32.076 558.924,30.41 556.869,30.41 M541,60.657 C535.114,60.657 530.342,55.887 530.342,50 C530.342,44.114 535.114,39.342 541,39.342 C546.887,39.342 551.658,44.114 551.658,50 C551.658,55.887 546.887,60.657 541,60.657 M541,33.886 C532.1,33.886 524.886,41.1 524.886,50 C524.886,58.899 532.1,66.113 541,66.113 C549.9,66.113 557.115,58.899 557.115,50 C557.115,41.1 549.9,33.886 541,33.886 M565.378,62.101 C565.244,65.022 564.756,66.606 564.346,67.663 C563.803,69.06 563.154,70.057 562.106,71.106 C561.058,72.155 560.06,72.803 558.662,73.347 C557.607,73.757 556.021,74.244 553.102,74.378 C549.944,74.521 548.997,74.552 541,74.552 C533.003,74.552 532.056,74.521 528.898,74.378 C525.979,74.244 524.393,73.757 523.338,73.347 C521.94,72.803 520.942,72.155 519.894,71.106 C518.846,70.057 518.197,69.06 517.654,67.663 C517.244,66.606 516.755,65.022 516.623,62.101 C516.479,58.943 516.448,57.996 516.448,50 C516.448,42.003 516.479,41.056 516.623,37.899 C516.755,34.978 517.244,33.391 517.654,32.338 C518.197,30.938 518.846,29.942 519.894,28.894 C520.942,27.846 521.94,27.196 523.338,26.654 C524.393,26.244 525.979,25.756 528.898,25.623 C532.057,25.479 533.004,25.448 541,25.448 C548.997,25.448 549.943,25.479 553.102,25.623 C556.021,25.756 557.607,26.244 558.662,26.654 C560.06,27.196 561.058,27.846 562.106,28.894 C563.154,29.942 563.803,30.938 564.346,32.338 C564.756,33.391 565.244,34.978 565.378,37.899 C565.522,41.056 565.552,42.003 565.552,50 C565.552,57.996 565.522,58.943 565.378,62.101 M570.82,37.631 C570.674,34.438 570.167,32.258 569.425,30.349 C568.659,28.377 567.633,26.702 565.965,25.035 C564.297,23.368 562.623,22.342 560.652,21.575 C558.743,20.834 556.562,20.326 553.369,20.18 C550.169,20.033 549.148,20 541,20 C532.853,20 531.831,20.033 528.631,20.18 C525.438,20.326 523.257,20.834 521.349,21.575 C519.376,22.342 517.703,23.368 516.035,25.035 C514.368,26.702 513.342,28.377 512.574,30.349 C511.834,32.258 511.326,34.438 511.181,37.631 C511.035,40.831 511,41.851 511,50 C511,58.147 511.035,59.17 511.181,62.369 C511.326,65.562 511.834,67.743 512.574,69.651 C513.342,71.625 514.368,73.296 516.035,74.965 C517.703,76.634 519.376,77.658 521.349,78.425 C523.257,79.167 525.438,79.673 528.631,79.82 C531.831,79.965 532.853,80.001 541,80.001 C549.148,80.001 550.169,79.965 553.369,79.82 C556.562,79.673 558.743,79.167 560.652,78.425 C562.623,77.658 564.297,76.634 565.965,74.965 C567.633,73.296 568.659,71.625 569.425,69.651 C570.167,67.743 570.674,65.562 570.82,62.369 C570.966,59.17 571,58.147 571,50 C571,41.851 570.966,40.831 570.82,37.631\"><\/path><\/g><\/g><\/g><\/svg><\/div><div style=\"padding-top: 8px;\"> <div style=\" color:#3897f0; font-family:Arial,sans-serif; font-size:14px; font-style:normal; font-weight:550; line-height:18px;\">Ver essa foto no Instagram<\/div><\/div><div style=\"padding: 12.5% 0;\"><\/div> <div style=\"display: flex; flex-direction: row; margin-bottom: 14px; align-items: center;\"><div> <div style=\"background-color: #F4F4F4; border-radius: 50%; height: 12.5px; width: 12.5px; transform: translateX(0px) translateY(7px);\"><\/div> <div style=\"background-color: #F4F4F4; height: 12.5px; transform: rotate(-45deg) translateX(3px) translateY(1px); width: 12.5px; flex-grow: 0; margin-right: 14px; margin-left: 2px;\"><\/div> <div style=\"background-color: #F4F4F4; border-radius: 50%; height: 12.5px; width: 12.5px; transform: translateX(9px) translateY(-18px);\"><\/div><\/div><div style=\"margin-left: 8px;\"> <div style=\" background-color: #F4F4F4; border-radius: 50%; flex-grow: 0; height: 20px; width: 20px;\"><\/div> <div style=\" width: 0; height: 0; border-top: 2px solid transparent; border-left: 6px solid #f4f4f4; border-bottom: 2px solid transparent; transform: translateX(16px) translateY(-4px) rotate(30deg)\"><\/div><\/div><div style=\"margin-left: auto;\"> <div style=\" width: 0px; border-top: 8px solid #F4F4F4; border-right: 8px solid transparent; transform: translateY(16px);\"><\/div> <div style=\" background-color: #F4F4F4; flex-grow: 0; height: 12px; width: 16px; transform: translateY(-4px);\"><\/div> <div style=\" width: 0; height: 0; border-top: 8px solid #F4F4F4; border-left: 8px solid transparent; transform: translateY(-4px) translateX(8px);\"><\/div><\/div><\/div> <div style=\"display: flex; flex-direction: column; flex-grow: 1; justify-content: center; margin-bottom: 24px;\"> <div style=\" background-color: #F4F4F4; border-radius: 4px; flex-grow: 0; height: 14px; margin-bottom: 6px; width: 224px;\"><\/div> <div style=\" background-color: #F4F4F4; border-radius: 4px; flex-grow: 0; height: 14px; width: 144px;\"><\/div><\/div><\/a><p style=\" color:#c9c8cd; font-family:Arial,sans-serif; font-size:14px; line-height:17px; margin-bottom:0; margin-top:8px; overflow:hidden; padding:8px 0 7px; text-align:center; text-overflow:ellipsis; white-space:nowrap;\"><a href=\"https:\/\/www.instagram.com\/p\/DEdduQnPXTq\/?utm_source=ig_embed&amp;utm_campaign=loading\" style=\" color:#c9c8cd; font-family:Arial,sans-serif; font-size:14px; font-style:normal; font-weight:normal; line-height:17px; text-decoration:none;\" target=\"_blank\">Uma publica\u00e7\u00e3o compartilhada por Fernanda Torres (@oficialfernandatorres)<\/a><\/p><\/div><\/blockquote>\n<script async src=\"\/\/www.instagram.com\/embed.js\"><\/script>\n\n\n\n<p>Fernanda Torres se tornou a primeira brasileira a vencer o Globo de Ouro, desbancando estrelas internacionais como Angelina Jolie e Nicole Kidman. Em <em>Ainda Estou Aqui<\/em>, a atriz interpretou Eunice Paiva, esposa do deputado Rubens Paiva, desaparecido durante a ditadura militar, em um papel que emocionou p\u00fablico e cr\u00edtica. <\/p>\n\n\n\n<p>O filme, baseado no livro de Marcelo Rubens Paiva, tamb\u00e9m foi indicado a melhor filme de l\u00edngua estrangeira, embora o pr\u00eamio tenha ficado com <em>Em\u00edlia P\u00e9rez<\/em>.<\/p>\n\n\n\n<p>A homenagem do Corinthians refor\u00e7a a import\u00e2ncia dessa conquista n\u00e3o s\u00f3 para o cinema brasileiro, mas para a cultura do pa\u00eds como um todo. Al\u00e9m de celebrar o talento de Fernanda, o gesto do clube mostra como o esporte e a arte podem se unir para enaltecer figuras que representam o Brasil no cen\u00e1rio internacional.<\/p>\n\n\n\n<h2 class=\"wp-block-heading\" id=\"h-queridinhos-da-rede-globo\">Queridinhos da Rede Globo<\/h2>\n\n\n\n<p>Walter Casagrande revelou em entrevista os clubes preferidos pela TV Globo nas transmiss\u00f5es de futebol, destacando que Corinthians, Flamengo, Palmeiras e Vasco s\u00e3o os times com maior presen\u00e7a na programa\u00e7\u00e3o. Segundo o ex-jogador e comentarista, a emissora prioriza clubes com grandes torcidas e apelo popular, especialmente em S\u00e3o Paulo e no Rio de Janeiro. No cen\u00e1rio carioca, o Flamengo lidera, mas Casagrande afirmou que Vasco, Botafogo e Fluminense tamb\u00e9m t\u00eam sua for\u00e7a. J\u00e1 em S\u00e3o Paulo, a prefer\u00eancia se concentra no Corinthians e no Palmeiras <strong><a href=\"https:\/\/www.gaveanews.com\/index.php\/2025\/01\/06\/walter-casagrande-aponta-os-times-queridinhos-da-rede-globo\/\">(leia a mat\u00e9ria completa).<\/a><\/strong><\/p>\n\n\n\n<figure class=\"wp-block-image size-large\"><img loading=\"lazy\" decoding=\"async\" width=\"1024\" height=\"536\" src=\"https:\/\/www.gaveanews.com\/wp-content\/uploads\/Logomarca-da-Rede-Globo-1024x536.webp\" alt=\"\" class=\"wp-image-96273\" srcset=\"https:\/\/www.gaveanews.com\/wp-content\/uploads\/Logomarca-da-Rede-Globo-1024x536.webp 1024w, https:\/\/www.gaveanews.com\/wp-content\/uploads\/Logomarca-da-Rede-Globo-300x157.webp 300w, https:\/\/www.gaveanews.com\/wp-content\/uploads\/Logomarca-da-Rede-Globo-768x402.webp 768w, https:\/\/www.gaveanews.com\/wp-content\/uploads\/Logomarca-da-Rede-Globo-802x420.webp 802w, https:\/\/www.gaveanews.com\/wp-content\/uploads\/Logomarca-da-Rede-Globo-640x335.webp 640w, https:\/\/www.gaveanews.com\/wp-content\/uploads\/Logomarca-da-Rede-Globo-681x356.webp 681w, https:\/\/www.gaveanews.com\/wp-content\/uploads\/Logomarca-da-Rede-Globo-100x52.webp 100w, https:\/\/www.gaveanews.com\/wp-content\/uploads\/Logomarca-da-Rede-Globo.webp 1280w\" sizes=\"auto, (max-width: 1024px) 100vw, 1024px\" \/><figcaption class=\"wp-element-caption\">Logomarca da Rede Globo (Foto: Reprodu\u00e7\u00e3o)<\/figcaption><\/figure>\n\n\n\n<p>Casagrande explicou que a escolha dos jogos para transmiss\u00e3o \u00e9 baseada no impacto dos clubes e na capacidade de atrair audi\u00eancia. Em sua vis\u00e3o, essa pol\u00edtica da Globo n\u00e3o \u00e9 recente, j\u00e1 que a emissora sempre focou em equipes com ampla base de f\u00e3s, o que historicamente garante altos \u00edndices de audi\u00eancia. Isso se mant\u00e9m mesmo com o crescimento das plataformas de streaming e a maior diversidade de op\u00e7\u00f5es para os torcedores.<\/p>\n\n\n\n<p>A for\u00e7a desses clubes nas telinhas refor\u00e7a sua import\u00e2ncia no futebol brasileiro, consolidando a presen\u00e7a de times como Corinthians e Flamengo como principais atrativos para o p\u00fablico. Apesar das cr\u00edticas de alguns torcedores que clamam por mais visibilidade para outras equipes, o crit\u00e9rio de escolha da emissora segue alinhado \u00e0 busca por grandes audi\u00eancias e relev\u00e2ncia nas pra\u00e7as regionais.<\/p>\n","protected":false},"excerpt":{"rendered":"<p>Nas \u00faltimas horas, o foco das not\u00edcias sobre o Corinthians se concentram nos bastidores do clube, com destaques do dia a dia do time. Por conta deste contexto, leia abaixo um resumo preparado pela equipe do portal G\u00e1vea News para lhe manter muito bem informado! Declara\u00e7\u00e3o de Hugo Souza Hugo Souza, goleiro do Corinthians, elogiou [&hellip;]<\/p>\n","protected":false},"author":27,"featured_media":123882,"comment_status":"open","ping_status":"closed","sticky":false,"template":"","format":"standard","meta":{"footnotes":""},"categories":[141],"tags":[],"class_list":["post-208783","post","type-post","status-publish","format-standard","has-post-thumbnail","hentry","category-corinthians"],"yoast_head":"<!-- This site is optimized with the Yoast SEO Premium plugin v24.2 (Yoast SEO v26.9) - https:\/\/yoast.com\/product\/yoast-seo-premium-wordpress\/ -->\n<title>Queridinhos da Rede Globo, publica\u00e7\u00e3o direcionada a Fernanda Torres e declara\u00e7\u00e3o de Hugo Souza: as \u00faltimas not\u00edcias do Corinthians<\/title>\n<meta name=\"robots\" content=\"index, follow, max-snippet:-1, max-image-preview:large, max-video-preview:-1\" \/>\n<link rel=\"canonical\" href=\"https:\/\/www.gaveanews.com\/index.php\/2025\/01\/07\/queridinhos-da-rede-globo-publicacao-direcionada-a-fernanda-torres-e-declaracao-de-hugo-souza-as-ultimas-noticias-do-corinthians\/\" \/>\n<meta property=\"og:locale\" content=\"pt_BR\" \/>\n<meta property=\"og:type\" content=\"article\" \/>\n<meta property=\"og:title\" content=\"Queridinhos da Rede Globo, publica\u00e7\u00e3o direcionada a Fernanda Torres e declara\u00e7\u00e3o de Hugo Souza: as \u00faltimas not\u00edcias do Corinthians\" \/>\n<meta property=\"og:description\" content=\"Nas \u00faltimas horas, o foco das not\u00edcias sobre o Corinthians se concentram nos bastidores do clube, com destaques do dia a dia do time. Por conta deste contexto, leia abaixo um resumo preparado pela equipe do portal G\u00e1vea News para lhe manter muito bem informado! Declara\u00e7\u00e3o de Hugo Souza Hugo Souza, goleiro do Corinthians, elogiou [&hellip;]\" \/>\n<meta property=\"og:url\" content=\"https:\/\/www.gaveanews.com\/index.php\/2025\/01\/07\/queridinhos-da-rede-globo-publicacao-direcionada-a-fernanda-torres-e-declaracao-de-hugo-souza-as-ultimas-noticias-do-corinthians\/\" \/>\n<meta property=\"og:site_name\" content=\"G\u00e1vea News\" \/>\n<meta property=\"article:publisher\" content=\"https:\/\/facebook.com\/gaveaNews\/\" \/>\n<meta property=\"article:published_time\" content=\"2025-01-07T07:15:00+00:00\" \/>\n<meta property=\"og:image\" content=\"https:\/\/www.gaveanews.com\/wp-content\/uploads\/01-edited.webp\" \/>\n\t<meta property=\"og:image:width\" content=\"984\" \/>\n\t<meta property=\"og:image:height\" content=\"656\" \/>\n\t<meta property=\"og:image:type\" content=\"image\/webp\" \/>\n<meta name=\"author\" content=\"Matheus Felipe\" \/>\n<meta name=\"twitter:card\" content=\"summary_large_image\" \/>\n<meta name=\"twitter:label1\" content=\"Escrito por\" \/>\n\t<meta name=\"twitter:data1\" content=\"Matheus Felipe\" \/>\n\t<meta name=\"twitter:label2\" content=\"Est. tempo de leitura\" \/>\n\t<meta name=\"twitter:data2\" content=\"5 minutos\" \/>\n<script type=\"application\/ld+json\" class=\"yoast-schema-graph\">{\"@context\":\"https:\/\/schema.org\",\"@graph\":[{\"@type\":\"NewsArticle\",\"@id\":\"https:\/\/www.gaveanews.com\/index.php\/2025\/01\/07\/queridinhos-da-rede-globo-publicacao-direcionada-a-fernanda-torres-e-declaracao-de-hugo-souza-as-ultimas-noticias-do-corinthians\/#article\",\"isPartOf\":{\"@id\":\"https:\/\/www.gaveanews.com\/index.php\/2025\/01\/07\/queridinhos-da-rede-globo-publicacao-direcionada-a-fernanda-torres-e-declaracao-de-hugo-souza-as-ultimas-noticias-do-corinthians\/\"},\"author\":{\"name\":\"Matheus Felipe\",\"@id\":\"https:\/\/www.gaveanews.com\/#\/schema\/person\/8207cd4627f56151707418bfc835b2fb\"},\"headline\":\"Queridinhos da Rede Globo, publica\u00e7\u00e3o direcionada a Fernanda Torres e declara\u00e7\u00e3o de Hugo Souza: as \u00faltimas not\u00edcias do Corinthians\",\"datePublished\":\"2025-01-07T07:15:00+00:00\",\"mainEntityOfPage\":{\"@id\":\"https:\/\/www.gaveanews.com\/index.php\/2025\/01\/07\/queridinhos-da-rede-globo-publicacao-direcionada-a-fernanda-torres-e-declaracao-de-hugo-souza-as-ultimas-noticias-do-corinthians\/\"},\"wordCount\":811,\"commentCount\":0,\"image\":{\"@id\":\"https:\/\/www.gaveanews.com\/index.php\/2025\/01\/07\/queridinhos-da-rede-globo-publicacao-direcionada-a-fernanda-torres-e-declaracao-de-hugo-souza-as-ultimas-noticias-do-corinthians\/#primaryimage\"},\"thumbnailUrl\":\"https:\/\/www.gaveanews.com\/wp-content\/uploads\/01-edited.webp\",\"articleSection\":[\"Corinthians\"],\"inLanguage\":\"pt-BR\",\"potentialAction\":[{\"@type\":\"CommentAction\",\"name\":\"Comment\",\"target\":[\"https:\/\/www.gaveanews.com\/index.php\/2025\/01\/07\/queridinhos-da-rede-globo-publicacao-direcionada-a-fernanda-torres-e-declaracao-de-hugo-souza-as-ultimas-noticias-do-corinthians\/#respond\"]}],\"copyrightYear\":\"2025\",\"copyrightHolder\":{\"@id\":\"https:\/\/www.gaveanews.com\/#organization\"}},{\"@type\":\"WebPage\",\"@id\":\"https:\/\/www.gaveanews.com\/index.php\/2025\/01\/07\/queridinhos-da-rede-globo-publicacao-direcionada-a-fernanda-torres-e-declaracao-de-hugo-souza-as-ultimas-noticias-do-corinthians\/\",\"url\":\"https:\/\/www.gaveanews.com\/index.php\/2025\/01\/07\/queridinhos-da-rede-globo-publicacao-direcionada-a-fernanda-torres-e-declaracao-de-hugo-souza-as-ultimas-noticias-do-corinthians\/\",\"name\":\"Queridinhos da Rede Globo, publica\u00e7\u00e3o direcionada a Fernanda Torres e declara\u00e7\u00e3o de Hugo Souza: as \u00faltimas not\u00edcias do Corinthians\",\"isPartOf\":{\"@id\":\"https:\/\/www.gaveanews.com\/#website\"},\"primaryImageOfPage\":{\"@id\":\"https:\/\/www.gaveanews.com\/index.php\/2025\/01\/07\/queridinhos-da-rede-globo-publicacao-direcionada-a-fernanda-torres-e-declaracao-de-hugo-souza-as-ultimas-noticias-do-corinthians\/#primaryimage\"},\"image\":{\"@id\":\"https:\/\/www.gaveanews.com\/index.php\/2025\/01\/07\/queridinhos-da-rede-globo-publicacao-direcionada-a-fernanda-torres-e-declaracao-de-hugo-souza-as-ultimas-noticias-do-corinthians\/#primaryimage\"},\"thumbnailUrl\":\"https:\/\/www.gaveanews.com\/wp-content\/uploads\/01-edited.webp\",\"datePublished\":\"2025-01-07T07:15:00+00:00\",\"author\":{\"@id\":\"https:\/\/www.gaveanews.com\/#\/schema\/person\/8207cd4627f56151707418bfc835b2fb\"},\"breadcrumb\":{\"@id\":\"https:\/\/www.gaveanews.com\/index.php\/2025\/01\/07\/queridinhos-da-rede-globo-publicacao-direcionada-a-fernanda-torres-e-declaracao-de-hugo-souza-as-ultimas-noticias-do-corinthians\/#breadcrumb\"},\"inLanguage\":\"pt-BR\",\"potentialAction\":[{\"@type\":\"ReadAction\",\"target\":[\"https:\/\/www.gaveanews.com\/index.php\/2025\/01\/07\/queridinhos-da-rede-globo-publicacao-direcionada-a-fernanda-torres-e-declaracao-de-hugo-souza-as-ultimas-noticias-do-corinthians\/\"]}]},{\"@type\":\"ImageObject\",\"inLanguage\":\"pt-BR\",\"@id\":\"https:\/\/www.gaveanews.com\/index.php\/2025\/01\/07\/queridinhos-da-rede-globo-publicacao-direcionada-a-fernanda-torres-e-declaracao-de-hugo-souza-as-ultimas-noticias-do-corinthians\/#primaryimage\",\"url\":\"https:\/\/www.gaveanews.com\/wp-content\/uploads\/01-edited.webp\",\"contentUrl\":\"https:\/\/www.gaveanews.com\/wp-content\/uploads\/01-edited.webp\",\"width\":984,\"height\":656,\"caption\":\"Escudo do Corinthians (Foto: Reprodu\u00e7\u00e3o\/Instagram)\"},{\"@type\":\"BreadcrumbList\",\"@id\":\"https:\/\/www.gaveanews.com\/index.php\/2025\/01\/07\/queridinhos-da-rede-globo-publicacao-direcionada-a-fernanda-torres-e-declaracao-de-hugo-souza-as-ultimas-noticias-do-corinthians\/#breadcrumb\",\"itemListElement\":[{\"@type\":\"ListItem\",\"position\":1,\"name\":\"Home\",\"item\":\"https:\/\/www.gaveanews.com\/\"},{\"@type\":\"ListItem\",\"position\":2,\"name\":\"Queridinhos da Rede Globo, publica\u00e7\u00e3o direcionada a Fernanda Torres e declara\u00e7\u00e3o de Hugo Souza: as \u00faltimas not\u00edcias do Corinthians\"}]},{\"@type\":\"WebSite\",\"@id\":\"https:\/\/www.gaveanews.com\/#website\",\"url\":\"https:\/\/www.gaveanews.com\/\",\"name\":\"G\u00e1vea News\",\"description\":\"Veja todas as not\u00edcias sobre o Flamengo: Contrata\u00e7\u00f5es, categorias de base, resultados das partidas, tabela de classifica\u00e7\u00e3o, pr\u00f3ximos jogos!\",\"potentialAction\":[{\"@type\":\"SearchAction\",\"target\":{\"@type\":\"EntryPoint\",\"urlTemplate\":\"https:\/\/www.gaveanews.com\/?s={search_term_string}\"},\"query-input\":{\"@type\":\"PropertyValueSpecification\",\"valueRequired\":true,\"valueName\":\"search_term_string\"}}],\"inLanguage\":\"pt-BR\"},{\"@type\":\"Person\",\"@id\":\"https:\/\/www.gaveanews.com\/#\/schema\/person\/8207cd4627f56151707418bfc835b2fb\",\"name\":\"Matheus Felipe\",\"image\":{\"@type\":\"ImageObject\",\"inLanguage\":\"pt-BR\",\"@id\":\"https:\/\/www.gaveanews.com\/#\/schema\/person\/image\/\",\"url\":\"https:\/\/secure.gravatar.com\/avatar\/a452ffbed9130f726358b298bb3a99ce4bd3c5338411f8440e87e14d74c7c087?s=96&d=mm&r=g\",\"contentUrl\":\"https:\/\/secure.gravatar.com\/avatar\/a452ffbed9130f726358b298bb3a99ce4bd3c5338411f8440e87e14d74c7c087?s=96&d=mm&r=g\",\"caption\":\"Matheus Felipe\"}}]}<\/script>\n<!-- \/ Yoast SEO Premium plugin. -->","yoast_head_json":{"title":"Queridinhos da Rede Globo, publica\u00e7\u00e3o direcionada a Fernanda Torres e declara\u00e7\u00e3o de Hugo Souza: as \u00faltimas not\u00edcias do Corinthians","robots":{"index":"index","follow":"follow","max-snippet":"max-snippet:-1","max-image-preview":"max-image-preview:large","max-video-preview":"max-video-preview:-1"},"canonical":"https:\/\/www.gaveanews.com\/index.php\/2025\/01\/07\/queridinhos-da-rede-globo-publicacao-direcionada-a-fernanda-torres-e-declaracao-de-hugo-souza-as-ultimas-noticias-do-corinthians\/","og_locale":"pt_BR","og_type":"article","og_title":"Queridinhos da Rede Globo, publica\u00e7\u00e3o direcionada a Fernanda Torres e declara\u00e7\u00e3o de Hugo Souza: as \u00faltimas not\u00edcias do Corinthians","og_description":"Nas \u00faltimas horas, o foco das not\u00edcias sobre o Corinthians se concentram nos bastidores do clube, com destaques do dia a dia do time. Por conta deste contexto, leia abaixo um resumo preparado pela equipe do portal G\u00e1vea News para lhe manter muito bem informado! Declara\u00e7\u00e3o de Hugo Souza Hugo Souza, goleiro do Corinthians, elogiou [&hellip;]","og_url":"https:\/\/www.gaveanews.com\/index.php\/2025\/01\/07\/queridinhos-da-rede-globo-publicacao-direcionada-a-fernanda-torres-e-declaracao-de-hugo-souza-as-ultimas-noticias-do-corinthians\/","og_site_name":"G\u00e1vea News","article_publisher":"https:\/\/facebook.com\/gaveaNews\/","article_published_time":"2025-01-07T07:15:00+00:00","og_image":[{"width":984,"height":656,"url":"https:\/\/www.gaveanews.com\/wp-content\/uploads\/01-edited.webp","type":"image\/webp"}],"author":"Matheus Felipe","twitter_card":"summary_large_image","twitter_misc":{"Escrito por":"Matheus Felipe","Est. tempo de leitura":"5 minutos"},"schema":{"@context":"https:\/\/schema.org","@graph":[{"@type":"NewsArticle","@id":"https:\/\/www.gaveanews.com\/index.php\/2025\/01\/07\/queridinhos-da-rede-globo-publicacao-direcionada-a-fernanda-torres-e-declaracao-de-hugo-souza-as-ultimas-noticias-do-corinthians\/#article","isPartOf":{"@id":"https:\/\/www.gaveanews.com\/index.php\/2025\/01\/07\/queridinhos-da-rede-globo-publicacao-direcionada-a-fernanda-torres-e-declaracao-de-hugo-souza-as-ultimas-noticias-do-corinthians\/"},"author":{"name":"Matheus Felipe","@id":"https:\/\/www.gaveanews.com\/#\/schema\/person\/8207cd4627f56151707418bfc835b2fb"},"headline":"Queridinhos da Rede Globo, publica\u00e7\u00e3o direcionada a Fernanda Torres e declara\u00e7\u00e3o de Hugo Souza: as \u00faltimas not\u00edcias do Corinthians","datePublished":"2025-01-07T07:15:00+00:00","mainEntityOfPage":{"@id":"https:\/\/www.gaveanews.com\/index.php\/2025\/01\/07\/queridinhos-da-rede-globo-publicacao-direcionada-a-fernanda-torres-e-declaracao-de-hugo-souza-as-ultimas-noticias-do-corinthians\/"},"wordCount":811,"commentCount":0,"image":{"@id":"https:\/\/www.gaveanews.com\/index.php\/2025\/01\/07\/queridinhos-da-rede-globo-publicacao-direcionada-a-fernanda-torres-e-declaracao-de-hugo-souza-as-ultimas-noticias-do-corinthians\/#primaryimage"},"thumbnailUrl":"https:\/\/www.gaveanews.com\/wp-content\/uploads\/01-edited.webp","articleSection":["Corinthians"],"inLanguage":"pt-BR","potentialAction":[{"@type":"CommentAction","name":"Comment","target":["https:\/\/www.gaveanews.com\/index.php\/2025\/01\/07\/queridinhos-da-rede-globo-publicacao-direcionada-a-fernanda-torres-e-declaracao-de-hugo-souza-as-ultimas-noticias-do-corinthians\/#respond"]}],"copyrightYear":"2025","copyrightHolder":{"@id":"https:\/\/www.gaveanews.com\/#organization"}},{"@type":"WebPage","@id":"https:\/\/www.gaveanews.com\/index.php\/2025\/01\/07\/queridinhos-da-rede-globo-publicacao-direcionada-a-fernanda-torres-e-declaracao-de-hugo-souza-as-ultimas-noticias-do-corinthians\/","url":"https:\/\/www.gaveanews.com\/index.php\/2025\/01\/07\/queridinhos-da-rede-globo-publicacao-direcionada-a-fernanda-torres-e-declaracao-de-hugo-souza-as-ultimas-noticias-do-corinthians\/","name":"Queridinhos da Rede Globo, publica\u00e7\u00e3o direcionada a Fernanda Torres e declara\u00e7\u00e3o de Hugo Souza: as \u00faltimas not\u00edcias do Corinthians","isPartOf":{"@id":"https:\/\/www.gaveanews.com\/#website"},"primaryImageOfPage":{"@id":"https:\/\/www.gaveanews.com\/index.php\/2025\/01\/07\/queridinhos-da-rede-globo-publicacao-direcionada-a-fernanda-torres-e-declaracao-de-hugo-souza-as-ultimas-noticias-do-corinthians\/#primaryimage"},"image":{"@id":"https:\/\/www.gaveanews.com\/index.php\/2025\/01\/07\/queridinhos-da-rede-globo-publicacao-direcionada-a-fernanda-torres-e-declaracao-de-hugo-souza-as-ultimas-noticias-do-corinthians\/#primaryimage"},"thumbnailUrl":"https:\/\/www.gaveanews.com\/wp-content\/uploads\/01-edited.webp","datePublished":"2025-01-07T07:15:00+00:00","author":{"@id":"https:\/\/www.gaveanews.com\/#\/schema\/person\/8207cd4627f56151707418bfc835b2fb"},"breadcrumb":{"@id":"https:\/\/www.gaveanews.com\/index.php\/2025\/01\/07\/queridinhos-da-rede-globo-publicacao-direcionada-a-fernanda-torres-e-declaracao-de-hugo-souza-as-ultimas-noticias-do-corinthians\/#breadcrumb"},"inLanguage":"pt-BR","potentialAction":[{"@type":"ReadAction","target":["https:\/\/www.gaveanews.com\/index.php\/2025\/01\/07\/queridinhos-da-rede-globo-publicacao-direcionada-a-fernanda-torres-e-declaracao-de-hugo-souza-as-ultimas-noticias-do-corinthians\/"]}]},{"@type":"ImageObject","inLanguage":"pt-BR","@id":"https:\/\/www.gaveanews.com\/index.php\/2025\/01\/07\/queridinhos-da-rede-globo-publicacao-direcionada-a-fernanda-torres-e-declaracao-de-hugo-souza-as-ultimas-noticias-do-corinthians\/#primaryimage","url":"https:\/\/www.gaveanews.com\/wp-content\/uploads\/01-edited.webp","contentUrl":"https:\/\/www.gaveanews.com\/wp-content\/uploads\/01-edited.webp","width":984,"height":656,"caption":"Escudo do Corinthians (Foto: Reprodu\u00e7\u00e3o\/Instagram)"},{"@type":"BreadcrumbList","@id":"https:\/\/www.gaveanews.com\/index.php\/2025\/01\/07\/queridinhos-da-rede-globo-publicacao-direcionada-a-fernanda-torres-e-declaracao-de-hugo-souza-as-ultimas-noticias-do-corinthians\/#breadcrumb","itemListElement":[{"@type":"ListItem","position":1,"name":"Home","item":"https:\/\/www.gaveanews.com\/"},{"@type":"ListItem","position":2,"name":"Queridinhos da Rede Globo, publica\u00e7\u00e3o direcionada a Fernanda Torres e declara\u00e7\u00e3o de Hugo Souza: as \u00faltimas not\u00edcias do Corinthians"}]},{"@type":"WebSite","@id":"https:\/\/www.gaveanews.com\/#website","url":"https:\/\/www.gaveanews.com\/","name":"G\u00e1vea News","description":"Veja todas as not\u00edcias sobre o Flamengo: Contrata\u00e7\u00f5es, categorias de base, resultados das partidas, tabela de classifica\u00e7\u00e3o, pr\u00f3ximos jogos!","potentialAction":[{"@type":"SearchAction","target":{"@type":"EntryPoint","urlTemplate":"https:\/\/www.gaveanews.com\/?s={search_term_string}"},"query-input":{"@type":"PropertyValueSpecification","valueRequired":true,"valueName":"search_term_string"}}],"inLanguage":"pt-BR"},{"@type":"Person","@id":"https:\/\/www.gaveanews.com\/#\/schema\/person\/8207cd4627f56151707418bfc835b2fb","name":"Matheus Felipe","image":{"@type":"ImageObject","inLanguage":"pt-BR","@id":"https:\/\/www.gaveanews.com\/#\/schema\/person\/image\/","url":"https:\/\/secure.gravatar.com\/avatar\/a452ffbed9130f726358b298bb3a99ce4bd3c5338411f8440e87e14d74c7c087?s=96&d=mm&r=g","contentUrl":"https:\/\/secure.gravatar.com\/avatar\/a452ffbed9130f726358b298bb3a99ce4bd3c5338411f8440e87e14d74c7c087?s=96&d=mm&r=g","caption":"Matheus Felipe"}}]}},"_links":{"self":[{"href":"https:\/\/www.gaveanews.com\/index.php\/wp-json\/wp\/v2\/posts\/208783","targetHints":{"allow":["GET"]}}],"collection":[{"href":"https:\/\/www.gaveanews.com\/index.php\/wp-json\/wp\/v2\/posts"}],"about":[{"href":"https:\/\/www.gaveanews.com\/index.php\/wp-json\/wp\/v2\/types\/post"}],"author":[{"embeddable":true,"href":"https:\/\/www.gaveanews.com\/index.php\/wp-json\/wp\/v2\/users\/27"}],"replies":[{"embeddable":true,"href":"https:\/\/www.gaveanews.com\/index.php\/wp-json\/wp\/v2\/comments?post=208783"}],"version-history":[{"count":1,"href":"https:\/\/www.gaveanews.com\/index.php\/wp-json\/wp\/v2\/posts\/208783\/revisions"}],"predecessor-version":[{"id":208787,"href":"https:\/\/www.gaveanews.com\/index.php\/wp-json\/wp\/v2\/posts\/208783\/revisions\/208787"}],"wp:featuredmedia":[{"embeddable":true,"href":"https:\/\/www.gaveanews.com\/index.php\/wp-json\/wp\/v2\/media\/123882"}],"wp:attachment":[{"href":"https:\/\/www.gaveanews.com\/index.php\/wp-json\/wp\/v2\/media?parent=208783"}],"wp:term":[{"taxonomy":"category","embeddable":true,"href":"https:\/\/www.gaveanews.com\/index.php\/wp-json\/wp\/v2\/categories?post=208783"},{"taxonomy":"post_tag","embeddable":true,"href":"https:\/\/www.gaveanews.com\/index.php\/wp-json\/wp\/v2\/tags?post=208783"}],"curies":[{"name":"wp","href":"https:\/\/api.w.org\/{rel}","templated":true}]}}