{"id":208784,"date":"2025-01-07T05:20:00","date_gmt":"2025-01-07T08:20:00","guid":{"rendered":"https:\/\/www.gaveanews.com\/?p=208784"},"modified":"2025-01-07T02:14:17","modified_gmt":"2025-01-07T05:14:17","slug":"declaracao-de-julio-gomes-contrato-de-lucas-silva-e-recado-de-eduardo-as-ultimas-noticias-do-cruzeiro","status":"publish","type":"post","link":"https:\/\/www.gaveanews.com\/index.php\/2025\/01\/07\/declaracao-de-julio-gomes-contrato-de-lucas-silva-e-recado-de-eduardo-as-ultimas-noticias-do-cruzeiro\/","title":{"rendered":"Declara\u00e7\u00e3o de Julio Gomes, contrato de Lucas Silva e recado de Eduardo: as \u00faltimas not\u00edcias do Cruzeiro"},"content":{"rendered":"\n<p>Nas \u00faltimas horas, o foco das not\u00edcias sobre o Cruzeiro se concentram nos bastidores do clube, com destaques do dia a dia do time.<\/p>\n\n\n\n<p>Por conta deste contexto, leia abaixo um resumo preparado pela equipe do portal G\u00e1vea News para lhe manter muito bem informado!<\/p>\n\n\n\n<h2 class=\"wp-block-heading\" id=\"h-recado-de-eduardo\">Recado de Eduardo\u00a0<\/h2>\n\n\n\n<p>O meio-campista Eduardo, um dos refor\u00e7os apresentados pelo Cruzeiro para a temporada 2025, expressou entusiasmo com a recep\u00e7\u00e3o calorosa da torcida e destacou sua ambi\u00e7\u00e3o de conquistar t\u00edtulos pelo clube. Aos 35 anos, Eduardo, que chega ap\u00f3s uma temporada de sucesso no Botafogo, afirmou que sua meta principal \u00e9 ajudar o Cruzeiro a alcan\u00e7ar grandes objetivos. Durante a apresenta\u00e7\u00e3o no Mineir\u00e3o, que reuniu milhares de torcedores, ele prometeu dedica\u00e7\u00e3o e empenho para retribuir o carinho da Na\u00e7\u00e3o Azul <strong><a href=\"https:\/\/www.gaveanews.com\/index.php\/2025\/01\/06\/a-declaracao-de-eduardo-direcionada-a-torcida-do-cruzeiro\/\">(leia a mat\u00e9ria completa).<\/a><\/strong><\/p>\n\n\n\n<blockquote class=\"instagram-media\" data-instgrm-permalink=\"https:\/\/www.instagram.com\/p\/DEXew1KuVdi\/?utm_source=ig_embed&amp;utm_campaign=loading\" data-instgrm-version=\"14\" style=\" background:#FFF; border:0; border-radius:3px; box-shadow:0 0 1px 0 rgba(0,0,0,0.5),0 1px 10px 0 rgba(0,0,0,0.15); margin: 1px; max-width:540px; min-width:326px; padding:0; width:99.375%; width:-webkit-calc(100% - 2px); width:calc(100% - 2px);\"><div style=\"padding:16px;\"> <a href=\"https:\/\/www.instagram.com\/p\/DEXew1KuVdi\/?utm_source=ig_embed&amp;utm_campaign=loading\" style=\" background:#FFFFFF; line-height:0; padding:0 0; text-align:center; text-decoration:none; width:100%;\" target=\"_blank\"> <div style=\" display: flex; flex-direction: row; align-items: center;\"> <div style=\"background-color: #F4F4F4; border-radius: 50%; flex-grow: 0; height: 40px; margin-right: 14px; width: 40px;\"><\/div> <div style=\"display: flex; flex-direction: column; flex-grow: 1; justify-content: center;\"> <div style=\" background-color: #F4F4F4; border-radius: 4px; flex-grow: 0; height: 14px; margin-bottom: 6px; width: 100px;\"><\/div> <div style=\" background-color: #F4F4F4; border-radius: 4px; flex-grow: 0; height: 14px; width: 60px;\"><\/div><\/div><\/div><div style=\"padding: 19% 0;\"><\/div> <div style=\"display:block; height:50px; margin:0 auto 12px; width:50px;\"><svg width=\"50px\" height=\"50px\" viewBox=\"0 0 60 60\" version=\"1.1\" xmlns=\"https:\/\/www.w3.org\/2000\/svg\" xmlns:xlink=\"https:\/\/www.w3.org\/1999\/xlink\"><g stroke=\"none\" stroke-width=\"1\" fill=\"none\" fill-rule=\"evenodd\"><g transform=\"translate(-511.000000, -20.000000)\" fill=\"#000000\"><g><path d=\"M556.869,30.41 C554.814,30.41 553.148,32.076 553.148,34.131 C553.148,36.186 554.814,37.852 556.869,37.852 C558.924,37.852 560.59,36.186 560.59,34.131 C560.59,32.076 558.924,30.41 556.869,30.41 M541,60.657 C535.114,60.657 530.342,55.887 530.342,50 C530.342,44.114 535.114,39.342 541,39.342 C546.887,39.342 551.658,44.114 551.658,50 C551.658,55.887 546.887,60.657 541,60.657 M541,33.886 C532.1,33.886 524.886,41.1 524.886,50 C524.886,58.899 532.1,66.113 541,66.113 C549.9,66.113 557.115,58.899 557.115,50 C557.115,41.1 549.9,33.886 541,33.886 M565.378,62.101 C565.244,65.022 564.756,66.606 564.346,67.663 C563.803,69.06 563.154,70.057 562.106,71.106 C561.058,72.155 560.06,72.803 558.662,73.347 C557.607,73.757 556.021,74.244 553.102,74.378 C549.944,74.521 548.997,74.552 541,74.552 C533.003,74.552 532.056,74.521 528.898,74.378 C525.979,74.244 524.393,73.757 523.338,73.347 C521.94,72.803 520.942,72.155 519.894,71.106 C518.846,70.057 518.197,69.06 517.654,67.663 C517.244,66.606 516.755,65.022 516.623,62.101 C516.479,58.943 516.448,57.996 516.448,50 C516.448,42.003 516.479,41.056 516.623,37.899 C516.755,34.978 517.244,33.391 517.654,32.338 C518.197,30.938 518.846,29.942 519.894,28.894 C520.942,27.846 521.94,27.196 523.338,26.654 C524.393,26.244 525.979,25.756 528.898,25.623 C532.057,25.479 533.004,25.448 541,25.448 C548.997,25.448 549.943,25.479 553.102,25.623 C556.021,25.756 557.607,26.244 558.662,26.654 C560.06,27.196 561.058,27.846 562.106,28.894 C563.154,29.942 563.803,30.938 564.346,32.338 C564.756,33.391 565.244,34.978 565.378,37.899 C565.522,41.056 565.552,42.003 565.552,50 C565.552,57.996 565.522,58.943 565.378,62.101 M570.82,37.631 C570.674,34.438 570.167,32.258 569.425,30.349 C568.659,28.377 567.633,26.702 565.965,25.035 C564.297,23.368 562.623,22.342 560.652,21.575 C558.743,20.834 556.562,20.326 553.369,20.18 C550.169,20.033 549.148,20 541,20 C532.853,20 531.831,20.033 528.631,20.18 C525.438,20.326 523.257,20.834 521.349,21.575 C519.376,22.342 517.703,23.368 516.035,25.035 C514.368,26.702 513.342,28.377 512.574,30.349 C511.834,32.258 511.326,34.438 511.181,37.631 C511.035,40.831 511,41.851 511,50 C511,58.147 511.035,59.17 511.181,62.369 C511.326,65.562 511.834,67.743 512.574,69.651 C513.342,71.625 514.368,73.296 516.035,74.965 C517.703,76.634 519.376,77.658 521.349,78.425 C523.257,79.167 525.438,79.673 528.631,79.82 C531.831,79.965 532.853,80.001 541,80.001 C549.148,80.001 550.169,79.965 553.369,79.82 C556.562,79.673 558.743,79.167 560.652,78.425 C562.623,77.658 564.297,76.634 565.965,74.965 C567.633,73.296 568.659,71.625 569.425,69.651 C570.167,67.743 570.674,65.562 570.82,62.369 C570.966,59.17 571,58.147 571,50 C571,41.851 570.966,40.831 570.82,37.631\"><\/path><\/g><\/g><\/g><\/svg><\/div><div style=\"padding-top: 8px;\"> <div style=\" color:#3897f0; font-family:Arial,sans-serif; font-size:14px; font-style:normal; font-weight:550; line-height:18px;\">Ver essa foto no Instagram<\/div><\/div><div style=\"padding: 12.5% 0;\"><\/div> <div style=\"display: flex; flex-direction: row; margin-bottom: 14px; align-items: center;\"><div> <div style=\"background-color: #F4F4F4; border-radius: 50%; height: 12.5px; width: 12.5px; transform: translateX(0px) translateY(7px);\"><\/div> <div style=\"background-color: #F4F4F4; height: 12.5px; transform: rotate(-45deg) translateX(3px) translateY(1px); width: 12.5px; flex-grow: 0; margin-right: 14px; margin-left: 2px;\"><\/div> <div style=\"background-color: #F4F4F4; border-radius: 50%; height: 12.5px; width: 12.5px; transform: translateX(9px) translateY(-18px);\"><\/div><\/div><div style=\"margin-left: 8px;\"> <div style=\" background-color: #F4F4F4; border-radius: 50%; flex-grow: 0; height: 20px; width: 20px;\"><\/div> <div style=\" width: 0; height: 0; border-top: 2px solid transparent; border-left: 6px solid #f4f4f4; border-bottom: 2px solid transparent; transform: translateX(16px) translateY(-4px) rotate(30deg)\"><\/div><\/div><div style=\"margin-left: auto;\"> <div style=\" width: 0px; border-top: 8px solid #F4F4F4; border-right: 8px solid transparent; transform: translateY(16px);\"><\/div> <div style=\" background-color: #F4F4F4; flex-grow: 0; height: 12px; width: 16px; transform: translateY(-4px);\"><\/div> <div style=\" width: 0; height: 0; border-top: 8px solid #F4F4F4; border-left: 8px solid transparent; transform: translateY(-4px) translateX(8px);\"><\/div><\/div><\/div> <div style=\"display: flex; flex-direction: column; flex-grow: 1; justify-content: center; margin-bottom: 24px;\"> <div style=\" background-color: #F4F4F4; border-radius: 4px; flex-grow: 0; height: 14px; margin-bottom: 6px; width: 224px;\"><\/div> <div style=\" background-color: #F4F4F4; border-radius: 4px; flex-grow: 0; height: 14px; width: 144px;\"><\/div><\/div><\/a><p style=\" color:#c9c8cd; font-family:Arial,sans-serif; font-size:14px; line-height:17px; margin-bottom:0; margin-top:8px; overflow:hidden; padding:8px 0 7px; text-align:center; text-overflow:ellipsis; white-space:nowrap;\"><a href=\"https:\/\/www.instagram.com\/p\/DEXew1KuVdi\/?utm_source=ig_embed&amp;utm_campaign=loading\" style=\" color:#c9c8cd; font-family:Arial,sans-serif; font-size:14px; font-style:normal; font-weight:normal; line-height:17px; text-decoration:none;\" target=\"_blank\">Uma publica\u00e7\u00e3o compartilhada por Cruzeiro (@cruzeiro)<\/a><\/p><\/div><\/blockquote>\n<script async src=\"\/\/www.instagram.com\/embed.js\"><\/script>\n\n\n\n<p>Em entrevista \u00e0 TV Cruzeiro, o jogador ressaltou a import\u00e2ncia de trabalho duro e uni\u00e3o para construir um ano vitorioso. \u201cVestir uma camisa de um grande clube como esse \u00e9 s\u00f3 pensar em t\u00edtulos. Vamos trabalhar firme para que 2025 seja um ano aben\u00e7oado e especial para o Cruzeiro\u201d, disse Eduardo, que usar\u00e1 a camisa 21 e ser\u00e1 uma das op\u00e7\u00f5es de Fernando Diniz no meio-campo.<\/p>\n\n\n\n<p>Com passagens por clubes como Al-Hilal, Nice, Porto e Fluminense, Eduardo chega ao Cruzeiro em um momento de renova\u00e7\u00e3o e ambi\u00e7\u00e3o por novas conquistas. O time disputar\u00e1 competi\u00e7\u00f5es importantes, como o Campeonato Mineiro, a S\u00e9rie A do Brasileir\u00e3o, a Copa do Brasil e a Copa Sul-Americana. A equipe j\u00e1 se prepara para iniciar a temporada com amistosos nos Estados Unidos, fortalecendo o elenco e ajustando os detalhes para buscar novos t\u00edtulos.<\/p>\n\n\n\n<h2 class=\"wp-block-heading\" id=\"h-contrato-de-lucas-silva\">Contrato de Lucas Silva<\/h2>\n\n\n\n<p>O Cruzeiro oficializou a renova\u00e7\u00e3o do contrato de Lucas Silva, que permanecer\u00e1 no clube at\u00e9 o final de 2026. O meio-campista, multicampe\u00e3o pela Raposa, decidiu permanecer em Belo Horizonte mesmo ap\u00f3s receber sondagens e uma proposta oficial do New England Revolution, dos Estados Unidos. A renova\u00e7\u00e3o encerra as especula\u00e7\u00f5es sobre sua sa\u00edda e refor\u00e7a sua import\u00e2ncia no elenco comandado por Fernando Diniz para a temporada de 2025 <strong><a href=\"https:\/\/www.gaveanews.com\/index.php\/2025\/01\/06\/e-oficial-meio-campista-assina-com-o-cruzeiro-ate-2026\/\">(leia a mat\u00e9ria completa)<\/a><\/strong><\/p>\n\n\n\n<figure class=\"wp-block-image size-full\"><img loading=\"lazy\" decoding=\"async\" width=\"800\" height=\"533\" src=\"https:\/\/www.gaveanews.com\/wp-content\/uploads\/Lucas-Silva-durante-o-jogo-entre-Cruzeiro-x-Botafogo-pelo-Brasileirao-2024.webp\" alt=\"\" class=\"wp-image-153495\" srcset=\"https:\/\/www.gaveanews.com\/wp-content\/uploads\/Lucas-Silva-durante-o-jogo-entre-Cruzeiro-x-Botafogo-pelo-Brasileirao-2024.webp 800w, https:\/\/www.gaveanews.com\/wp-content\/uploads\/Lucas-Silva-durante-o-jogo-entre-Cruzeiro-x-Botafogo-pelo-Brasileirao-2024-300x200.webp 300w, https:\/\/www.gaveanews.com\/wp-content\/uploads\/Lucas-Silva-durante-o-jogo-entre-Cruzeiro-x-Botafogo-pelo-Brasileirao-2024-768x512.webp 768w, https:\/\/www.gaveanews.com\/wp-content\/uploads\/Lucas-Silva-durante-o-jogo-entre-Cruzeiro-x-Botafogo-pelo-Brasileirao-2024-630x420.webp 630w, https:\/\/www.gaveanews.com\/wp-content\/uploads\/Lucas-Silva-durante-o-jogo-entre-Cruzeiro-x-Botafogo-pelo-Brasileirao-2024-640x426.webp 640w, https:\/\/www.gaveanews.com\/wp-content\/uploads\/Lucas-Silva-durante-o-jogo-entre-Cruzeiro-x-Botafogo-pelo-Brasileirao-2024-681x454.webp 681w, https:\/\/www.gaveanews.com\/wp-content\/uploads\/Lucas-Silva-durante-o-jogo-entre-Cruzeiro-x-Botafogo-pelo-Brasileirao-2024-100x67.webp 100w\" sizes=\"auto, (max-width: 800px) 100vw, 800px\" \/><figcaption class=\"wp-element-caption\">Lucas Silva durante o jogo entre Cruzeiro x Botafogo pelo Brasileir\u00e3o 2024 (Foto: Satff Images\/Cruzeiro)<\/figcaption><\/figure>\n\n\n\n<p>Lucas Silva, que vive sua terceira passagem pelo clube, terminou a temporada de 2024 em alta ap\u00f3s recuperar seu espa\u00e7o no time titular. <\/p>\n\n\n\n<p>Embora tenha enfrentado momentos de instabilidade durante o ano, especialmente ap\u00f3s a chegada de refor\u00e7os como Walace e Matheus Henrique, o jogador voltou a se destacar sob o comando de Diniz. Ele encerrou o Brasileir\u00e3o com uma assist\u00eancia decisiva para o gol de Tevis na \u00faltima rodada contra o Juventude, consolidando sua posi\u00e7\u00e3o como uma das lideran\u00e7as do elenco.<\/p>\n\n\n\n<p>Desde sua estreia no time principal em 2012, Lucas Silva acumula 252 partidas e sete gols pelo Cruzeiro, al\u00e9m de conquistas importantes, como os t\u00edtulos do Campeonato Brasileiro em 2013 e 2014, e das Copas do Brasil em 2017 e 2018. Com a renova\u00e7\u00e3o, o volante refor\u00e7a seu v\u00ednculo com o clube e ser\u00e1 pe\u00e7a importante na busca por t\u00edtulos em 2025, quando o Cruzeiro disputar\u00e1 competi\u00e7\u00f5es como o Campeonato Mineiro, Copa do Brasil, Copa Sul-Americana e Brasileir\u00e3o.<\/p>\n\n\n\n<h2 class=\"wp-block-heading\" id=\"h-declaracao-de-julio-gomes\">Declara\u00e7\u00e3o de Julio Gomes<\/h2>\n\n\n\n<p>O Cruzeiro est\u00e1 investindo pesado no mercado de transfer\u00eancias para 2025, apostando em jogadores veteranos e consagrados, mas as contrata\u00e7\u00f5es geram questionamentos sobre os riscos dessa estrat\u00e9gia. O jornalista Julio Gomes destacou que o sucesso ou fracasso do time depender\u00e1 de como os refor\u00e7os, como Gabigol e Dudu, ir\u00e3o se adaptar ao novo ambiente. Ele comparou o projeto ao Fluminense, que conquistou a Libertadores com um elenco experiente sob o comando de Fernando Diniz, mas alertou para os desafios que a Raposa enfrentar\u00e1 <strong><a href=\"https:\/\/www.gaveanews.com\/index.php\/2025\/01\/06\/cruzeiro-a-declaracao-de-julio-gomes-sobre-as-contratacoes-para-2025\/\">(leia a mat\u00e9ria completa).<\/a><\/strong><\/p>\n\n\n\n<figure class=\"wp-block-image size-large\"><img loading=\"lazy\" decoding=\"async\" width=\"1024\" height=\"639\" src=\"https:\/\/www.gaveanews.com\/wp-content\/uploads\/cruzeiro_anuncia-scaled-aspect-ratio-512-320-1024x639.webp\" alt=\"\" class=\"wp-image-207621\" srcset=\"https:\/\/www.gaveanews.com\/wp-content\/uploads\/cruzeiro_anuncia-scaled-aspect-ratio-512-320-1024x639.webp 1024w, https:\/\/www.gaveanews.com\/wp-content\/uploads\/cruzeiro_anuncia-scaled-aspect-ratio-512-320-300x187.webp 300w, https:\/\/www.gaveanews.com\/wp-content\/uploads\/cruzeiro_anuncia-scaled-aspect-ratio-512-320-768x479.webp 768w, https:\/\/www.gaveanews.com\/wp-content\/uploads\/cruzeiro_anuncia-scaled-aspect-ratio-512-320-673x420.webp 673w, https:\/\/www.gaveanews.com\/wp-content\/uploads\/cruzeiro_anuncia-scaled-aspect-ratio-512-320-640x399.webp 640w, https:\/\/www.gaveanews.com\/wp-content\/uploads\/cruzeiro_anuncia-scaled-aspect-ratio-512-320-681x425.webp 681w, https:\/\/www.gaveanews.com\/wp-content\/uploads\/cruzeiro_anuncia-scaled-aspect-ratio-512-320-100x62.webp 100w, https:\/\/www.gaveanews.com\/wp-content\/uploads\/cruzeiro_anuncia-scaled-aspect-ratio-512-320.webp 1080w\" sizes=\"auto, (max-width: 1024px) 100vw, 1024px\" \/><figcaption class=\"wp-element-caption\">Apresenta\u00e7\u00e3o do Cruzeiro- Foto: Divulga\u00e7\u00e3o\/Cruzeiro<\/figcaption><\/figure>\n\n\n\n<p>Entre os refor\u00e7os apresentados, al\u00e9m de Gabigol e Dudu, o Cruzeiro trouxe Fagner, Rodriguinho, Christian e Bolasie. Essa combina\u00e7\u00e3o de experi\u00eancia e juventude reflete a busca por equil\u00edbrio e competitividade em um ano que promete ser decisivo. A presen\u00e7a de nomes renomados aumenta a expectativa da torcida, mas tamb\u00e9m a press\u00e3o por resultados, especialmente em torneios importantes como o Brasileir\u00e3o e a Libertadores.<\/p>\n\n\n\n<p>Para 2025, o Cruzeiro busca n\u00e3o s\u00f3 fortalecer o elenco, mas tamb\u00e9m reviver sua tradi\u00e7\u00e3o de conquistas. A aposta em veteranos pode render t\u00edtulos, mas tamb\u00e9m apresenta riscos, como poss\u00edveis problemas de entrosamento ou queda de rendimento f\u00edsico. Resta saber se a estrat\u00e9gia adotada ser\u00e1 capaz de atender \u00e0s altas expectativas e levar o clube a um ano vitorioso.<\/p>\n","protected":false},"excerpt":{"rendered":"<p>Nas \u00faltimas horas, o foco das not\u00edcias sobre o Cruzeiro se concentram nos bastidores do clube, com destaques do dia a dia do time. Por conta deste contexto, leia abaixo um resumo preparado pela equipe do portal G\u00e1vea News para lhe manter muito bem informado! Recado de Eduardo\u00a0 O meio-campista Eduardo, um dos refor\u00e7os apresentados [&hellip;]<\/p>\n","protected":false},"author":27,"featured_media":165466,"comment_status":"open","ping_status":"closed","sticky":false,"template":"","format":"standard","meta":{"footnotes":""},"categories":[143],"tags":[],"class_list":["post-208784","post","type-post","status-publish","format-standard","has-post-thumbnail","hentry","category-cruzeiro"],"yoast_head":"<!-- This site is optimized with the Yoast SEO Premium plugin v24.2 (Yoast SEO v26.9) - https:\/\/yoast.com\/product\/yoast-seo-premium-wordpress\/ -->\n<title>Declara\u00e7\u00e3o de Julio Gomes, contrato de Lucas Silva e recado de Eduardo: as \u00faltimas not\u00edcias do Cruzeiro<\/title>\n<meta name=\"robots\" content=\"index, follow, max-snippet:-1, max-image-preview:large, max-video-preview:-1\" \/>\n<link rel=\"canonical\" href=\"https:\/\/www.gaveanews.com\/index.php\/2025\/01\/07\/declaracao-de-julio-gomes-contrato-de-lucas-silva-e-recado-de-eduardo-as-ultimas-noticias-do-cruzeiro\/\" \/>\n<meta property=\"og:locale\" content=\"pt_BR\" \/>\n<meta property=\"og:type\" content=\"article\" \/>\n<meta property=\"og:title\" content=\"Declara\u00e7\u00e3o de Julio Gomes, contrato de Lucas Silva e recado de Eduardo: as \u00faltimas not\u00edcias do Cruzeiro\" \/>\n<meta property=\"og:description\" content=\"Nas \u00faltimas horas, o foco das not\u00edcias sobre o Cruzeiro se concentram nos bastidores do clube, com destaques do dia a dia do time. Por conta deste contexto, leia abaixo um resumo preparado pela equipe do portal G\u00e1vea News para lhe manter muito bem informado! Recado de Eduardo\u00a0 O meio-campista Eduardo, um dos refor\u00e7os apresentados [&hellip;]\" \/>\n<meta property=\"og:url\" content=\"https:\/\/www.gaveanews.com\/index.php\/2025\/01\/07\/declaracao-de-julio-gomes-contrato-de-lucas-silva-e-recado-de-eduardo-as-ultimas-noticias-do-cruzeiro\/\" \/>\n<meta property=\"og:site_name\" content=\"G\u00e1vea News\" \/>\n<meta property=\"article:publisher\" content=\"https:\/\/facebook.com\/gaveaNews\/\" \/>\n<meta property=\"article:published_time\" content=\"2025-01-07T08:20:00+00:00\" \/>\n<meta property=\"og:image\" content=\"https:\/\/www.gaveanews.com\/wp-content\/uploads\/Escudo-do-Cruzeiro.webp\" \/>\n\t<meta property=\"og:image:width\" content=\"1387\" \/>\n\t<meta property=\"og:image:height\" content=\"924\" \/>\n\t<meta property=\"og:image:type\" content=\"image\/webp\" \/>\n<meta name=\"author\" content=\"Matheus Felipe\" \/>\n<meta name=\"twitter:card\" content=\"summary_large_image\" \/>\n<meta name=\"twitter:label1\" content=\"Escrito por\" \/>\n\t<meta name=\"twitter:data1\" content=\"Matheus Felipe\" \/>\n\t<meta name=\"twitter:label2\" content=\"Est. tempo de leitura\" \/>\n\t<meta name=\"twitter:data2\" content=\"5 minutos\" \/>\n<script type=\"application\/ld+json\" class=\"yoast-schema-graph\">{\"@context\":\"https:\/\/schema.org\",\"@graph\":[{\"@type\":\"NewsArticle\",\"@id\":\"https:\/\/www.gaveanews.com\/index.php\/2025\/01\/07\/declaracao-de-julio-gomes-contrato-de-lucas-silva-e-recado-de-eduardo-as-ultimas-noticias-do-cruzeiro\/#article\",\"isPartOf\":{\"@id\":\"https:\/\/www.gaveanews.com\/index.php\/2025\/01\/07\/declaracao-de-julio-gomes-contrato-de-lucas-silva-e-recado-de-eduardo-as-ultimas-noticias-do-cruzeiro\/\"},\"author\":{\"name\":\"Matheus Felipe\",\"@id\":\"https:\/\/www.gaveanews.com\/#\/schema\/person\/8207cd4627f56151707418bfc835b2fb\"},\"headline\":\"Declara\u00e7\u00e3o de Julio Gomes, contrato de Lucas Silva e recado de Eduardo: as \u00faltimas not\u00edcias do Cruzeiro\",\"datePublished\":\"2025-01-07T08:20:00+00:00\",\"mainEntityOfPage\":{\"@id\":\"https:\/\/www.gaveanews.com\/index.php\/2025\/01\/07\/declaracao-de-julio-gomes-contrato-de-lucas-silva-e-recado-de-eduardo-as-ultimas-noticias-do-cruzeiro\/\"},\"wordCount\":825,\"commentCount\":0,\"image\":{\"@id\":\"https:\/\/www.gaveanews.com\/index.php\/2025\/01\/07\/declaracao-de-julio-gomes-contrato-de-lucas-silva-e-recado-de-eduardo-as-ultimas-noticias-do-cruzeiro\/#primaryimage\"},\"thumbnailUrl\":\"https:\/\/www.gaveanews.com\/wp-content\/uploads\/Escudo-do-Cruzeiro.webp\",\"articleSection\":[\"Cruzeiro\"],\"inLanguage\":\"pt-BR\",\"potentialAction\":[{\"@type\":\"CommentAction\",\"name\":\"Comment\",\"target\":[\"https:\/\/www.gaveanews.com\/index.php\/2025\/01\/07\/declaracao-de-julio-gomes-contrato-de-lucas-silva-e-recado-de-eduardo-as-ultimas-noticias-do-cruzeiro\/#respond\"]}],\"copyrightYear\":\"2025\",\"copyrightHolder\":{\"@id\":\"https:\/\/www.gaveanews.com\/#organization\"}},{\"@type\":\"WebPage\",\"@id\":\"https:\/\/www.gaveanews.com\/index.php\/2025\/01\/07\/declaracao-de-julio-gomes-contrato-de-lucas-silva-e-recado-de-eduardo-as-ultimas-noticias-do-cruzeiro\/\",\"url\":\"https:\/\/www.gaveanews.com\/index.php\/2025\/01\/07\/declaracao-de-julio-gomes-contrato-de-lucas-silva-e-recado-de-eduardo-as-ultimas-noticias-do-cruzeiro\/\",\"name\":\"Declara\u00e7\u00e3o de Julio Gomes, contrato de Lucas Silva e recado de Eduardo: as \u00faltimas not\u00edcias do Cruzeiro\",\"isPartOf\":{\"@id\":\"https:\/\/www.gaveanews.com\/#website\"},\"primaryImageOfPage\":{\"@id\":\"https:\/\/www.gaveanews.com\/index.php\/2025\/01\/07\/declaracao-de-julio-gomes-contrato-de-lucas-silva-e-recado-de-eduardo-as-ultimas-noticias-do-cruzeiro\/#primaryimage\"},\"image\":{\"@id\":\"https:\/\/www.gaveanews.com\/index.php\/2025\/01\/07\/declaracao-de-julio-gomes-contrato-de-lucas-silva-e-recado-de-eduardo-as-ultimas-noticias-do-cruzeiro\/#primaryimage\"},\"thumbnailUrl\":\"https:\/\/www.gaveanews.com\/wp-content\/uploads\/Escudo-do-Cruzeiro.webp\",\"datePublished\":\"2025-01-07T08:20:00+00:00\",\"author\":{\"@id\":\"https:\/\/www.gaveanews.com\/#\/schema\/person\/8207cd4627f56151707418bfc835b2fb\"},\"breadcrumb\":{\"@id\":\"https:\/\/www.gaveanews.com\/index.php\/2025\/01\/07\/declaracao-de-julio-gomes-contrato-de-lucas-silva-e-recado-de-eduardo-as-ultimas-noticias-do-cruzeiro\/#breadcrumb\"},\"inLanguage\":\"pt-BR\",\"potentialAction\":[{\"@type\":\"ReadAction\",\"target\":[\"https:\/\/www.gaveanews.com\/index.php\/2025\/01\/07\/declaracao-de-julio-gomes-contrato-de-lucas-silva-e-recado-de-eduardo-as-ultimas-noticias-do-cruzeiro\/\"]}]},{\"@type\":\"ImageObject\",\"inLanguage\":\"pt-BR\",\"@id\":\"https:\/\/www.gaveanews.com\/index.php\/2025\/01\/07\/declaracao-de-julio-gomes-contrato-de-lucas-silva-e-recado-de-eduardo-as-ultimas-noticias-do-cruzeiro\/#primaryimage\",\"url\":\"https:\/\/www.gaveanews.com\/wp-content\/uploads\/Escudo-do-Cruzeiro.webp\",\"contentUrl\":\"https:\/\/www.gaveanews.com\/wp-content\/uploads\/Escudo-do-Cruzeiro.webp\",\"width\":1387,\"height\":924,\"caption\":\"Escudo do Cruzeiro (Foto: Reprodu\u00e7\u00e3o\/Cruzeiro)\"},{\"@type\":\"BreadcrumbList\",\"@id\":\"https:\/\/www.gaveanews.com\/index.php\/2025\/01\/07\/declaracao-de-julio-gomes-contrato-de-lucas-silva-e-recado-de-eduardo-as-ultimas-noticias-do-cruzeiro\/#breadcrumb\",\"itemListElement\":[{\"@type\":\"ListItem\",\"position\":1,\"name\":\"Home\",\"item\":\"https:\/\/www.gaveanews.com\/\"},{\"@type\":\"ListItem\",\"position\":2,\"name\":\"Declara\u00e7\u00e3o de Julio Gomes, contrato de Lucas Silva e recado de Eduardo: as \u00faltimas not\u00edcias do Cruzeiro\"}]},{\"@type\":\"WebSite\",\"@id\":\"https:\/\/www.gaveanews.com\/#website\",\"url\":\"https:\/\/www.gaveanews.com\/\",\"name\":\"G\u00e1vea News\",\"description\":\"Veja todas as not\u00edcias sobre o Flamengo: Contrata\u00e7\u00f5es, categorias de base, resultados das partidas, tabela de classifica\u00e7\u00e3o, pr\u00f3ximos jogos!\",\"potentialAction\":[{\"@type\":\"SearchAction\",\"target\":{\"@type\":\"EntryPoint\",\"urlTemplate\":\"https:\/\/www.gaveanews.com\/?s={search_term_string}\"},\"query-input\":{\"@type\":\"PropertyValueSpecification\",\"valueRequired\":true,\"valueName\":\"search_term_string\"}}],\"inLanguage\":\"pt-BR\"},{\"@type\":\"Person\",\"@id\":\"https:\/\/www.gaveanews.com\/#\/schema\/person\/8207cd4627f56151707418bfc835b2fb\",\"name\":\"Matheus Felipe\",\"image\":{\"@type\":\"ImageObject\",\"inLanguage\":\"pt-BR\",\"@id\":\"https:\/\/www.gaveanews.com\/#\/schema\/person\/image\/\",\"url\":\"https:\/\/secure.gravatar.com\/avatar\/a452ffbed9130f726358b298bb3a99ce4bd3c5338411f8440e87e14d74c7c087?s=96&d=mm&r=g\",\"contentUrl\":\"https:\/\/secure.gravatar.com\/avatar\/a452ffbed9130f726358b298bb3a99ce4bd3c5338411f8440e87e14d74c7c087?s=96&d=mm&r=g\",\"caption\":\"Matheus Felipe\"}}]}<\/script>\n<!-- \/ Yoast SEO Premium plugin. -->","yoast_head_json":{"title":"Declara\u00e7\u00e3o de Julio Gomes, contrato de Lucas Silva e recado de Eduardo: as \u00faltimas not\u00edcias do Cruzeiro","robots":{"index":"index","follow":"follow","max-snippet":"max-snippet:-1","max-image-preview":"max-image-preview:large","max-video-preview":"max-video-preview:-1"},"canonical":"https:\/\/www.gaveanews.com\/index.php\/2025\/01\/07\/declaracao-de-julio-gomes-contrato-de-lucas-silva-e-recado-de-eduardo-as-ultimas-noticias-do-cruzeiro\/","og_locale":"pt_BR","og_type":"article","og_title":"Declara\u00e7\u00e3o de Julio Gomes, contrato de Lucas Silva e recado de Eduardo: as \u00faltimas not\u00edcias do Cruzeiro","og_description":"Nas \u00faltimas horas, o foco das not\u00edcias sobre o Cruzeiro se concentram nos bastidores do clube, com destaques do dia a dia do time. Por conta deste contexto, leia abaixo um resumo preparado pela equipe do portal G\u00e1vea News para lhe manter muito bem informado! Recado de Eduardo\u00a0 O meio-campista Eduardo, um dos refor\u00e7os apresentados [&hellip;]","og_url":"https:\/\/www.gaveanews.com\/index.php\/2025\/01\/07\/declaracao-de-julio-gomes-contrato-de-lucas-silva-e-recado-de-eduardo-as-ultimas-noticias-do-cruzeiro\/","og_site_name":"G\u00e1vea News","article_publisher":"https:\/\/facebook.com\/gaveaNews\/","article_published_time":"2025-01-07T08:20:00+00:00","og_image":[{"width":1387,"height":924,"url":"https:\/\/www.gaveanews.com\/wp-content\/uploads\/Escudo-do-Cruzeiro.webp","type":"image\/webp"}],"author":"Matheus Felipe","twitter_card":"summary_large_image","twitter_misc":{"Escrito por":"Matheus Felipe","Est. tempo de leitura":"5 minutos"},"schema":{"@context":"https:\/\/schema.org","@graph":[{"@type":"NewsArticle","@id":"https:\/\/www.gaveanews.com\/index.php\/2025\/01\/07\/declaracao-de-julio-gomes-contrato-de-lucas-silva-e-recado-de-eduardo-as-ultimas-noticias-do-cruzeiro\/#article","isPartOf":{"@id":"https:\/\/www.gaveanews.com\/index.php\/2025\/01\/07\/declaracao-de-julio-gomes-contrato-de-lucas-silva-e-recado-de-eduardo-as-ultimas-noticias-do-cruzeiro\/"},"author":{"name":"Matheus Felipe","@id":"https:\/\/www.gaveanews.com\/#\/schema\/person\/8207cd4627f56151707418bfc835b2fb"},"headline":"Declara\u00e7\u00e3o de Julio Gomes, contrato de Lucas Silva e recado de Eduardo: as \u00faltimas not\u00edcias do Cruzeiro","datePublished":"2025-01-07T08:20:00+00:00","mainEntityOfPage":{"@id":"https:\/\/www.gaveanews.com\/index.php\/2025\/01\/07\/declaracao-de-julio-gomes-contrato-de-lucas-silva-e-recado-de-eduardo-as-ultimas-noticias-do-cruzeiro\/"},"wordCount":825,"commentCount":0,"image":{"@id":"https:\/\/www.gaveanews.com\/index.php\/2025\/01\/07\/declaracao-de-julio-gomes-contrato-de-lucas-silva-e-recado-de-eduardo-as-ultimas-noticias-do-cruzeiro\/#primaryimage"},"thumbnailUrl":"https:\/\/www.gaveanews.com\/wp-content\/uploads\/Escudo-do-Cruzeiro.webp","articleSection":["Cruzeiro"],"inLanguage":"pt-BR","potentialAction":[{"@type":"CommentAction","name":"Comment","target":["https:\/\/www.gaveanews.com\/index.php\/2025\/01\/07\/declaracao-de-julio-gomes-contrato-de-lucas-silva-e-recado-de-eduardo-as-ultimas-noticias-do-cruzeiro\/#respond"]}],"copyrightYear":"2025","copyrightHolder":{"@id":"https:\/\/www.gaveanews.com\/#organization"}},{"@type":"WebPage","@id":"https:\/\/www.gaveanews.com\/index.php\/2025\/01\/07\/declaracao-de-julio-gomes-contrato-de-lucas-silva-e-recado-de-eduardo-as-ultimas-noticias-do-cruzeiro\/","url":"https:\/\/www.gaveanews.com\/index.php\/2025\/01\/07\/declaracao-de-julio-gomes-contrato-de-lucas-silva-e-recado-de-eduardo-as-ultimas-noticias-do-cruzeiro\/","name":"Declara\u00e7\u00e3o de Julio Gomes, contrato de Lucas Silva e recado de Eduardo: as \u00faltimas not\u00edcias do Cruzeiro","isPartOf":{"@id":"https:\/\/www.gaveanews.com\/#website"},"primaryImageOfPage":{"@id":"https:\/\/www.gaveanews.com\/index.php\/2025\/01\/07\/declaracao-de-julio-gomes-contrato-de-lucas-silva-e-recado-de-eduardo-as-ultimas-noticias-do-cruzeiro\/#primaryimage"},"image":{"@id":"https:\/\/www.gaveanews.com\/index.php\/2025\/01\/07\/declaracao-de-julio-gomes-contrato-de-lucas-silva-e-recado-de-eduardo-as-ultimas-noticias-do-cruzeiro\/#primaryimage"},"thumbnailUrl":"https:\/\/www.gaveanews.com\/wp-content\/uploads\/Escudo-do-Cruzeiro.webp","datePublished":"2025-01-07T08:20:00+00:00","author":{"@id":"https:\/\/www.gaveanews.com\/#\/schema\/person\/8207cd4627f56151707418bfc835b2fb"},"breadcrumb":{"@id":"https:\/\/www.gaveanews.com\/index.php\/2025\/01\/07\/declaracao-de-julio-gomes-contrato-de-lucas-silva-e-recado-de-eduardo-as-ultimas-noticias-do-cruzeiro\/#breadcrumb"},"inLanguage":"pt-BR","potentialAction":[{"@type":"ReadAction","target":["https:\/\/www.gaveanews.com\/index.php\/2025\/01\/07\/declaracao-de-julio-gomes-contrato-de-lucas-silva-e-recado-de-eduardo-as-ultimas-noticias-do-cruzeiro\/"]}]},{"@type":"ImageObject","inLanguage":"pt-BR","@id":"https:\/\/www.gaveanews.com\/index.php\/2025\/01\/07\/declaracao-de-julio-gomes-contrato-de-lucas-silva-e-recado-de-eduardo-as-ultimas-noticias-do-cruzeiro\/#primaryimage","url":"https:\/\/www.gaveanews.com\/wp-content\/uploads\/Escudo-do-Cruzeiro.webp","contentUrl":"https:\/\/www.gaveanews.com\/wp-content\/uploads\/Escudo-do-Cruzeiro.webp","width":1387,"height":924,"caption":"Escudo do Cruzeiro (Foto: Reprodu\u00e7\u00e3o\/Cruzeiro)"},{"@type":"BreadcrumbList","@id":"https:\/\/www.gaveanews.com\/index.php\/2025\/01\/07\/declaracao-de-julio-gomes-contrato-de-lucas-silva-e-recado-de-eduardo-as-ultimas-noticias-do-cruzeiro\/#breadcrumb","itemListElement":[{"@type":"ListItem","position":1,"name":"Home","item":"https:\/\/www.gaveanews.com\/"},{"@type":"ListItem","position":2,"name":"Declara\u00e7\u00e3o de Julio Gomes, contrato de Lucas Silva e recado de Eduardo: as \u00faltimas not\u00edcias do Cruzeiro"}]},{"@type":"WebSite","@id":"https:\/\/www.gaveanews.com\/#website","url":"https:\/\/www.gaveanews.com\/","name":"G\u00e1vea News","description":"Veja todas as not\u00edcias sobre o Flamengo: Contrata\u00e7\u00f5es, categorias de base, resultados das partidas, tabela de classifica\u00e7\u00e3o, pr\u00f3ximos jogos!","potentialAction":[{"@type":"SearchAction","target":{"@type":"EntryPoint","urlTemplate":"https:\/\/www.gaveanews.com\/?s={search_term_string}"},"query-input":{"@type":"PropertyValueSpecification","valueRequired":true,"valueName":"search_term_string"}}],"inLanguage":"pt-BR"},{"@type":"Person","@id":"https:\/\/www.gaveanews.com\/#\/schema\/person\/8207cd4627f56151707418bfc835b2fb","name":"Matheus Felipe","image":{"@type":"ImageObject","inLanguage":"pt-BR","@id":"https:\/\/www.gaveanews.com\/#\/schema\/person\/image\/","url":"https:\/\/secure.gravatar.com\/avatar\/a452ffbed9130f726358b298bb3a99ce4bd3c5338411f8440e87e14d74c7c087?s=96&d=mm&r=g","contentUrl":"https:\/\/secure.gravatar.com\/avatar\/a452ffbed9130f726358b298bb3a99ce4bd3c5338411f8440e87e14d74c7c087?s=96&d=mm&r=g","caption":"Matheus Felipe"}}]}},"_links":{"self":[{"href":"https:\/\/www.gaveanews.com\/index.php\/wp-json\/wp\/v2\/posts\/208784","targetHints":{"allow":["GET"]}}],"collection":[{"href":"https:\/\/www.gaveanews.com\/index.php\/wp-json\/wp\/v2\/posts"}],"about":[{"href":"https:\/\/www.gaveanews.com\/index.php\/wp-json\/wp\/v2\/types\/post"}],"author":[{"embeddable":true,"href":"https:\/\/www.gaveanews.com\/index.php\/wp-json\/wp\/v2\/users\/27"}],"replies":[{"embeddable":true,"href":"https:\/\/www.gaveanews.com\/index.php\/wp-json\/wp\/v2\/comments?post=208784"}],"version-history":[{"count":1,"href":"https:\/\/www.gaveanews.com\/index.php\/wp-json\/wp\/v2\/posts\/208784\/revisions"}],"predecessor-version":[{"id":208795,"href":"https:\/\/www.gaveanews.com\/index.php\/wp-json\/wp\/v2\/posts\/208784\/revisions\/208795"}],"wp:featuredmedia":[{"embeddable":true,"href":"https:\/\/www.gaveanews.com\/index.php\/wp-json\/wp\/v2\/media\/165466"}],"wp:attachment":[{"href":"https:\/\/www.gaveanews.com\/index.php\/wp-json\/wp\/v2\/media?parent=208784"}],"wp:term":[{"taxonomy":"category","embeddable":true,"href":"https:\/\/www.gaveanews.com\/index.php\/wp-json\/wp\/v2\/categories?post=208784"},{"taxonomy":"post_tag","embeddable":true,"href":"https:\/\/www.gaveanews.com\/index.php\/wp-json\/wp\/v2\/tags?post=208784"}],"curies":[{"name":"wp","href":"https:\/\/api.w.org\/{rel}","templated":true}]}}