{"id":208793,"date":"2025-01-07T04:25:00","date_gmt":"2025-01-07T07:25:00","guid":{"rendered":"https:\/\/www.gaveanews.com\/?p=208793"},"modified":"2025-01-07T02:22:19","modified_gmt":"2025-01-07T05:22:19","slug":"contratacao-de-rony-negociacao-de-villasanti-e-declaracao-de-craque-neto-as-ultimas-noticias-do-palmeiras","status":"publish","type":"post","link":"https:\/\/www.gaveanews.com\/index.php\/2025\/01\/07\/contratacao-de-rony-negociacao-de-villasanti-e-declaracao-de-craque-neto-as-ultimas-noticias-do-palmeiras\/","title":{"rendered":"Contrata\u00e7\u00e3o de Rony, negocia\u00e7\u00e3o de Villasanti e declara\u00e7\u00e3o de Craque Neto: as \u00faltimas not\u00edcias do Palmeiras"},"content":{"rendered":"\n<p>Nas \u00faltimas horas, o foco das not\u00edcias sobre o Palmeiras se concentram nos bastidores do clube, com destaques do dia a dia do time.<\/p>\n\n\n\n<p>Por conta deste contexto, leia abaixo um resumo preparado pela equipe do portal G\u00e1vea News para lhe manter muito bem informado!<\/p>\n\n\n\n<h2 class=\"wp-block-heading\" id=\"h-declaracao-de-craque-neto\">Declara\u00e7\u00e3o de Craque Neto<\/h2>\n\n\n\n<p>Craque Neto fez uma an\u00e1lise cr\u00edtica sobre o atual cen\u00e1rio dos t\u00e9cnicos brasileiros, lamentando a escassez de treinadores com o impacto e a lideran\u00e7a de figuras hist\u00f3ricas como Felip\u00e3o, Luxemburgo e Mano Menezes. Em sua declara\u00e7\u00e3o no programa da Band, Neto afirmou que o futebol brasileiro carece de profissionais com &#8220;vol\u00fapia&#8221; e a capacidade de se destacar como esses \u00edcones do passado, ressaltando que atualmente n\u00e3o se v\u00ea sucessores \u00e0 altura.<\/p>\n\n\n\n<figure class=\"wp-block-image size-full\"><img loading=\"lazy\" decoding=\"async\" width=\"846\" height=\"476\" src=\"https:\/\/www.gaveanews.com\/wp-content\/uploads\/Comentarista-Neto-em-programa-da-Band.webp\" alt=\"\" class=\"wp-image-71983\" srcset=\"https:\/\/www.gaveanews.com\/wp-content\/uploads\/Comentarista-Neto-em-programa-da-Band.webp 846w, https:\/\/www.gaveanews.com\/wp-content\/uploads\/Comentarista-Neto-em-programa-da-Band-300x169.webp 300w, https:\/\/www.gaveanews.com\/wp-content\/uploads\/Comentarista-Neto-em-programa-da-Band-768x432.webp 768w, https:\/\/www.gaveanews.com\/wp-content\/uploads\/Comentarista-Neto-em-programa-da-Band-746x420.webp 746w, https:\/\/www.gaveanews.com\/wp-content\/uploads\/Comentarista-Neto-em-programa-da-Band-640x360.webp 640w, https:\/\/www.gaveanews.com\/wp-content\/uploads\/Comentarista-Neto-em-programa-da-Band-681x383.webp 681w, https:\/\/www.gaveanews.com\/wp-content\/uploads\/Comentarista-Neto-em-programa-da-Band-100x56.webp 100w\" sizes=\"auto, (max-width: 846px) 100vw, 846px\" \/><figcaption class=\"wp-element-caption\">Comentarista Neto em programa da Band (Foto: Reprodu\u00e7\u00e3o\/Band)<\/figcaption><\/figure>\n\n\n\n<p>O comentarista tamb\u00e9m questionou a busca do Botafogo por Andr\u00e9 Jardine, t\u00e9cnico com experi\u00eancia nas categorias de base, ap\u00f3s a conquista do Brasileir\u00e3o e da Libertadores. Para Neto, essa escolha evidencia a falta de grandes nomes dispon\u00edveis no mercado nacional. \u201cQual o treinador monstruoso que pode assumir o Botafogo? N\u00e3o tem!\u201d, destacou. Ele apontou essa car\u00eancia como um dos principais desafios do futebol brasileiro.<\/p>\n\n\n\n<p>Neto ainda comentou sobre Abel Ferreira, do Palmeiras, considerado por ele o melhor t\u00e9cnico do Brasil. No entanto, o comentarista alertou que o portugu\u00eas precisa mudar sua postura em 2025, pedindo menos confrontos com jornalistas e jogadores, al\u00e9m de evitar atitudes pol\u00eamicas, como chutar microfones. Segundo Neto, Abel tem muito a oferecer, mas deve ajustar seu comportamento para continuar no topo.<\/p>\n\n\n\n<h2 class=\"wp-block-heading\" id=\"h-negociacao-de-villasanti\">Negocia\u00e7\u00e3o de Villasanti<\/h2>\n\n\n\n<p>O Gr\u00eamio estabeleceu que s\u00f3 negociar\u00e1 o volante Math\u00edas Villasanti com o Palmeiras caso receba uma proposta &#8220;fora da curva&#8221;. Segundo o diretor de futebol do Tricolor, Guto Peixoto, o clube n\u00e3o tem a inten\u00e7\u00e3o de vender o jogador, mas consideraria a possibilidade diante de uma oferta excepcional, desde que fosse poss\u00edvel repor a posi\u00e7\u00e3o com qualidade e ainda utilizar os recursos para refor\u00e7ar o elenco. Villasanti \u00e9 considerado uma pe\u00e7a fundamental no planejamento do Gr\u00eamio para 2025.<\/p>\n\n\n\n<figure class=\"wp-block-image size-full\"><img loading=\"lazy\" decoding=\"async\" width=\"984\" height=\"656\" src=\"https:\/\/www.gaveanews.com\/wp-content\/uploads\/villasanti-gremio.webp\" alt=\"\" class=\"wp-image-109516\" srcset=\"https:\/\/www.gaveanews.com\/wp-content\/uploads\/villasanti-gremio.webp 984w, https:\/\/www.gaveanews.com\/wp-content\/uploads\/villasanti-gremio-300x200.webp 300w, https:\/\/www.gaveanews.com\/wp-content\/uploads\/villasanti-gremio-768x512.webp 768w, https:\/\/www.gaveanews.com\/wp-content\/uploads\/villasanti-gremio-630x420.webp 630w, https:\/\/www.gaveanews.com\/wp-content\/uploads\/villasanti-gremio-640x427.webp 640w, https:\/\/www.gaveanews.com\/wp-content\/uploads\/villasanti-gremio-681x454.webp 681w, https:\/\/www.gaveanews.com\/wp-content\/uploads\/villasanti-gremio-100x67.webp 100w\" sizes=\"auto, (max-width: 984px) 100vw, 984px\" \/><figcaption class=\"wp-element-caption\">Villasanti em a\u00e7\u00e3o pelo Gr\u00eamio (Foto: Lucas Uebel\/Gr\u00eamio FBPA)<\/figcaption><\/figure>\n\n\n\n<p>O interesse do Palmeiras em Villasanti surge como plano B, j\u00e1 que as negocia\u00e7\u00f5es com Andreas Pereira, do Fulham, ainda n\u00e3o foram conclu\u00eddas. <\/p>\n\n\n\n<p>O Verd\u00e3o teria uma oferta inicial de cerca de 10 milh\u00f5es de euros pelo paraguaio, enquanto Andreas poderia custar at\u00e9 22 milh\u00f5es de euros. Apesar disso, o Gr\u00eamio refor\u00e7a que n\u00e3o est\u00e1 oferecendo Villasanti e s\u00f3 abrir\u00e1 negocia\u00e7\u00f5es se as condi\u00e7\u00f5es forem extremamente vantajosas.<\/p>\n\n\n\n<p>Com um mercado aquecido e decis\u00f5es estrat\u00e9gicas a serem tomadas, o Palmeiras precisa avaliar se insistir\u00e1 em Andreas Pereira ou avan\u00e7ar\u00e1 por Villasanti. A postura firme do Gr\u00eamio indica que a negocia\u00e7\u00e3o n\u00e3o ser\u00e1 f\u00e1cil, mas o desfecho depender\u00e1 das pr\u00f3ximas movimenta\u00e7\u00f5es e das prioridades do Verd\u00e3o para a temporada 2025.<\/p>\n\n\n\n<h2 class=\"wp-block-heading\" id=\"h-contratacao-de-rony\">Contrata\u00e7\u00e3o de Rony<\/h2>\n\n\n\n<p>O Fluminense est\u00e1 de olho no atacante Rony, do Palmeiras, e deve iniciar negocia\u00e7\u00f5es para traz\u00ea-lo ao Rio de Janeiro. Embora Rony tenha sido pe\u00e7a-chave no Verd\u00e3o desde sua chegada em 2020, quando foi adquirido por 6 milh\u00f5es de euros, seu futuro no clube \u00e9 incerto ap\u00f3s uma temporada marcada por oscila\u00e7\u00f5es. Em 2024, ele marcou 10 gols em 63 jogos, mas perdeu espa\u00e7o no elenco, ficando mais vezes no banco. Apesar disso, Rony segue sendo o maior artilheiro do Palmeiras na Libertadores, com 23 gols, e \u00e9 visto pelo Fluminense como uma oportunidade de fortalecer o ataque para as competi\u00e7\u00f5es de 2025.<\/p>\n\n\n\n<figure class=\"wp-block-image size-full\"><img loading=\"lazy\" decoding=\"async\" width=\"729\" height=\"400\" src=\"https:\/\/www.gaveanews.com\/wp-content\/uploads\/rony-no-palmeiras-729x400-1.webp\" alt=\"\" class=\"wp-image-143006\" srcset=\"https:\/\/www.gaveanews.com\/wp-content\/uploads\/rony-no-palmeiras-729x400-1.webp 729w, https:\/\/www.gaveanews.com\/wp-content\/uploads\/rony-no-palmeiras-729x400-1-300x165.webp 300w, https:\/\/www.gaveanews.com\/wp-content\/uploads\/rony-no-palmeiras-729x400-1-640x350.webp 640w, https:\/\/www.gaveanews.com\/wp-content\/uploads\/rony-no-palmeiras-729x400-1-681x374.webp 681w, https:\/\/www.gaveanews.com\/wp-content\/uploads\/rony-no-palmeiras-729x400-1-100x55.webp 100w\" sizes=\"auto, (max-width: 729px) 100vw, 729px\" \/><\/figure>\n\n\n\n<p>Sob o comando de Abel Ferreira, Rony foi adaptado \u00e0 fun\u00e7\u00e3o de centroavante, onde viveu seus melhores momentos em temporadas anteriores, como em 2022, quando foi o artilheiro do time com 23 gols. No entanto, sua posi\u00e7\u00e3o no Palmeiras ficou menos segura ap\u00f3s o revezamento com Flaco L\u00f3pez e as cr\u00edticas recebidas pela torcida. Essa situa\u00e7\u00e3o chamou a aten\u00e7\u00e3o do Fluminense, que est\u00e1 atento ao mercado e busca refor\u00e7ar seu elenco para enfrentar desafios importantes no pr\u00f3ximo ano.<\/p>\n\n\n\n<p>Ainda n\u00e3o h\u00e1 uma defini\u00e7\u00e3o por parte do Palmeiras sobre uma poss\u00edvel negocia\u00e7\u00e3o, mas o Fluminense enxerga potencial no jogador para agregar experi\u00eancia e dinamismo ao ataque tricolor. Enquanto as tratativas n\u00e3o avan\u00e7am, Rony segue integrado ao elenco do Verd\u00e3o, aguardando o desenrolar das conversas e a decis\u00e3o final sobre seu futuro no futebol brasileiro.<\/p>\n","protected":false},"excerpt":{"rendered":"<p>Nas \u00faltimas horas, o foco das not\u00edcias sobre o Palmeiras se concentram nos bastidores do clube, com destaques do dia a dia do time. Por conta deste contexto, leia abaixo um resumo preparado pela equipe do portal G\u00e1vea News para lhe manter muito bem informado! Declara\u00e7\u00e3o de Craque Neto Craque Neto fez uma an\u00e1lise cr\u00edtica [&hellip;]<\/p>\n","protected":false},"author":27,"featured_media":142887,"comment_status":"open","ping_status":"closed","sticky":false,"template":"","format":"standard","meta":{"footnotes":""},"categories":[150],"tags":[],"class_list":["post-208793","post","type-post","status-publish","format-standard","has-post-thumbnail","hentry","category-palmeiras"],"yoast_head":"<!-- This site is optimized with the Yoast SEO Premium plugin v24.2 (Yoast SEO v26.9) - https:\/\/yoast.com\/product\/yoast-seo-premium-wordpress\/ -->\n<title>Contrata\u00e7\u00e3o de Rony, negocia\u00e7\u00e3o de Villasanti e declara\u00e7\u00e3o de Craque Neto: as \u00faltimas not\u00edcias do Palmeiras<\/title>\n<meta name=\"robots\" content=\"index, follow, max-snippet:-1, max-image-preview:large, max-video-preview:-1\" \/>\n<link rel=\"canonical\" href=\"https:\/\/www.gaveanews.com\/index.php\/2025\/01\/07\/contratacao-de-rony-negociacao-de-villasanti-e-declaracao-de-craque-neto-as-ultimas-noticias-do-palmeiras\/\" \/>\n<meta property=\"og:locale\" content=\"pt_BR\" \/>\n<meta property=\"og:type\" content=\"article\" \/>\n<meta property=\"og:title\" content=\"Contrata\u00e7\u00e3o de Rony, negocia\u00e7\u00e3o de Villasanti e declara\u00e7\u00e3o de Craque Neto: as \u00faltimas not\u00edcias do Palmeiras\" \/>\n<meta property=\"og:description\" content=\"Nas \u00faltimas horas, o foco das not\u00edcias sobre o Palmeiras se concentram nos bastidores do clube, com destaques do dia a dia do time. Por conta deste contexto, leia abaixo um resumo preparado pela equipe do portal G\u00e1vea News para lhe manter muito bem informado! Declara\u00e7\u00e3o de Craque Neto Craque Neto fez uma an\u00e1lise cr\u00edtica [&hellip;]\" \/>\n<meta property=\"og:url\" content=\"https:\/\/www.gaveanews.com\/index.php\/2025\/01\/07\/contratacao-de-rony-negociacao-de-villasanti-e-declaracao-de-craque-neto-as-ultimas-noticias-do-palmeiras\/\" \/>\n<meta property=\"og:site_name\" content=\"G\u00e1vea News\" \/>\n<meta property=\"article:publisher\" content=\"https:\/\/facebook.com\/gaveaNews\/\" \/>\n<meta property=\"article:published_time\" content=\"2025-01-07T07:25:00+00:00\" \/>\n<meta property=\"og:image\" content=\"https:\/\/www.gaveanews.com\/wp-content\/uploads\/Escudo-do-Palmeiras.webp\" \/>\n\t<meta property=\"og:image:width\" content=\"680\" \/>\n\t<meta property=\"og:image:height\" content=\"510\" \/>\n\t<meta property=\"og:image:type\" content=\"image\/jpeg\" \/>\n<meta name=\"author\" content=\"Matheus Felipe\" \/>\n<meta name=\"twitter:card\" content=\"summary_large_image\" \/>\n<meta name=\"twitter:label1\" content=\"Escrito por\" \/>\n\t<meta name=\"twitter:data1\" content=\"Matheus Felipe\" \/>\n\t<meta name=\"twitter:label2\" content=\"Est. tempo de leitura\" \/>\n\t<meta name=\"twitter:data2\" content=\"5 minutos\" \/>\n<script type=\"application\/ld+json\" class=\"yoast-schema-graph\">{\"@context\":\"https:\/\/schema.org\",\"@graph\":[{\"@type\":\"NewsArticle\",\"@id\":\"https:\/\/www.gaveanews.com\/index.php\/2025\/01\/07\/contratacao-de-rony-negociacao-de-villasanti-e-declaracao-de-craque-neto-as-ultimas-noticias-do-palmeiras\/#article\",\"isPartOf\":{\"@id\":\"https:\/\/www.gaveanews.com\/index.php\/2025\/01\/07\/contratacao-de-rony-negociacao-de-villasanti-e-declaracao-de-craque-neto-as-ultimas-noticias-do-palmeiras\/\"},\"author\":{\"name\":\"Matheus Felipe\",\"@id\":\"https:\/\/www.gaveanews.com\/#\/schema\/person\/8207cd4627f56151707418bfc835b2fb\"},\"headline\":\"Contrata\u00e7\u00e3o de Rony, negocia\u00e7\u00e3o de Villasanti e declara\u00e7\u00e3o de Craque Neto: as \u00faltimas not\u00edcias do Palmeiras\",\"datePublished\":\"2025-01-07T07:25:00+00:00\",\"mainEntityOfPage\":{\"@id\":\"https:\/\/www.gaveanews.com\/index.php\/2025\/01\/07\/contratacao-de-rony-negociacao-de-villasanti-e-declaracao-de-craque-neto-as-ultimas-noticias-do-palmeiras\/\"},\"wordCount\":791,\"commentCount\":0,\"image\":{\"@id\":\"https:\/\/www.gaveanews.com\/index.php\/2025\/01\/07\/contratacao-de-rony-negociacao-de-villasanti-e-declaracao-de-craque-neto-as-ultimas-noticias-do-palmeiras\/#primaryimage\"},\"thumbnailUrl\":\"https:\/\/www.gaveanews.com\/wp-content\/uploads\/Escudo-do-Palmeiras.webp\",\"articleSection\":[\"Palmeiras\"],\"inLanguage\":\"pt-BR\",\"potentialAction\":[{\"@type\":\"CommentAction\",\"name\":\"Comment\",\"target\":[\"https:\/\/www.gaveanews.com\/index.php\/2025\/01\/07\/contratacao-de-rony-negociacao-de-villasanti-e-declaracao-de-craque-neto-as-ultimas-noticias-do-palmeiras\/#respond\"]}],\"copyrightYear\":\"2025\",\"copyrightHolder\":{\"@id\":\"https:\/\/www.gaveanews.com\/#organization\"}},{\"@type\":\"WebPage\",\"@id\":\"https:\/\/www.gaveanews.com\/index.php\/2025\/01\/07\/contratacao-de-rony-negociacao-de-villasanti-e-declaracao-de-craque-neto-as-ultimas-noticias-do-palmeiras\/\",\"url\":\"https:\/\/www.gaveanews.com\/index.php\/2025\/01\/07\/contratacao-de-rony-negociacao-de-villasanti-e-declaracao-de-craque-neto-as-ultimas-noticias-do-palmeiras\/\",\"name\":\"Contrata\u00e7\u00e3o de Rony, negocia\u00e7\u00e3o de Villasanti e declara\u00e7\u00e3o de Craque Neto: as \u00faltimas not\u00edcias do Palmeiras\",\"isPartOf\":{\"@id\":\"https:\/\/www.gaveanews.com\/#website\"},\"primaryImageOfPage\":{\"@id\":\"https:\/\/www.gaveanews.com\/index.php\/2025\/01\/07\/contratacao-de-rony-negociacao-de-villasanti-e-declaracao-de-craque-neto-as-ultimas-noticias-do-palmeiras\/#primaryimage\"},\"image\":{\"@id\":\"https:\/\/www.gaveanews.com\/index.php\/2025\/01\/07\/contratacao-de-rony-negociacao-de-villasanti-e-declaracao-de-craque-neto-as-ultimas-noticias-do-palmeiras\/#primaryimage\"},\"thumbnailUrl\":\"https:\/\/www.gaveanews.com\/wp-content\/uploads\/Escudo-do-Palmeiras.webp\",\"datePublished\":\"2025-01-07T07:25:00+00:00\",\"author\":{\"@id\":\"https:\/\/www.gaveanews.com\/#\/schema\/person\/8207cd4627f56151707418bfc835b2fb\"},\"breadcrumb\":{\"@id\":\"https:\/\/www.gaveanews.com\/index.php\/2025\/01\/07\/contratacao-de-rony-negociacao-de-villasanti-e-declaracao-de-craque-neto-as-ultimas-noticias-do-palmeiras\/#breadcrumb\"},\"inLanguage\":\"pt-BR\",\"potentialAction\":[{\"@type\":\"ReadAction\",\"target\":[\"https:\/\/www.gaveanews.com\/index.php\/2025\/01\/07\/contratacao-de-rony-negociacao-de-villasanti-e-declaracao-de-craque-neto-as-ultimas-noticias-do-palmeiras\/\"]}]},{\"@type\":\"ImageObject\",\"inLanguage\":\"pt-BR\",\"@id\":\"https:\/\/www.gaveanews.com\/index.php\/2025\/01\/07\/contratacao-de-rony-negociacao-de-villasanti-e-declaracao-de-craque-neto-as-ultimas-noticias-do-palmeiras\/#primaryimage\",\"url\":\"https:\/\/www.gaveanews.com\/wp-content\/uploads\/Escudo-do-Palmeiras.webp\",\"contentUrl\":\"https:\/\/www.gaveanews.com\/wp-content\/uploads\/Escudo-do-Palmeiras.webp\",\"width\":680,\"height\":510,\"caption\":\"Escudo do Palmeiras (Foto Reprodu\u00e7\u00e3o\/Instagram)\"},{\"@type\":\"BreadcrumbList\",\"@id\":\"https:\/\/www.gaveanews.com\/index.php\/2025\/01\/07\/contratacao-de-rony-negociacao-de-villasanti-e-declaracao-de-craque-neto-as-ultimas-noticias-do-palmeiras\/#breadcrumb\",\"itemListElement\":[{\"@type\":\"ListItem\",\"position\":1,\"name\":\"Home\",\"item\":\"https:\/\/www.gaveanews.com\/\"},{\"@type\":\"ListItem\",\"position\":2,\"name\":\"Contrata\u00e7\u00e3o de Rony, negocia\u00e7\u00e3o de Villasanti e declara\u00e7\u00e3o de Craque Neto: as \u00faltimas not\u00edcias do Palmeiras\"}]},{\"@type\":\"WebSite\",\"@id\":\"https:\/\/www.gaveanews.com\/#website\",\"url\":\"https:\/\/www.gaveanews.com\/\",\"name\":\"G\u00e1vea News\",\"description\":\"Veja todas as not\u00edcias sobre o Flamengo: Contrata\u00e7\u00f5es, categorias de base, resultados das partidas, tabela de classifica\u00e7\u00e3o, pr\u00f3ximos jogos!\",\"potentialAction\":[{\"@type\":\"SearchAction\",\"target\":{\"@type\":\"EntryPoint\",\"urlTemplate\":\"https:\/\/www.gaveanews.com\/?s={search_term_string}\"},\"query-input\":{\"@type\":\"PropertyValueSpecification\",\"valueRequired\":true,\"valueName\":\"search_term_string\"}}],\"inLanguage\":\"pt-BR\"},{\"@type\":\"Person\",\"@id\":\"https:\/\/www.gaveanews.com\/#\/schema\/person\/8207cd4627f56151707418bfc835b2fb\",\"name\":\"Matheus Felipe\",\"image\":{\"@type\":\"ImageObject\",\"inLanguage\":\"pt-BR\",\"@id\":\"https:\/\/www.gaveanews.com\/#\/schema\/person\/image\/\",\"url\":\"https:\/\/secure.gravatar.com\/avatar\/a452ffbed9130f726358b298bb3a99ce4bd3c5338411f8440e87e14d74c7c087?s=96&d=mm&r=g\",\"contentUrl\":\"https:\/\/secure.gravatar.com\/avatar\/a452ffbed9130f726358b298bb3a99ce4bd3c5338411f8440e87e14d74c7c087?s=96&d=mm&r=g\",\"caption\":\"Matheus Felipe\"}}]}<\/script>\n<!-- \/ Yoast SEO Premium plugin. -->","yoast_head_json":{"title":"Contrata\u00e7\u00e3o de Rony, negocia\u00e7\u00e3o de Villasanti e declara\u00e7\u00e3o de Craque Neto: as \u00faltimas not\u00edcias do Palmeiras","robots":{"index":"index","follow":"follow","max-snippet":"max-snippet:-1","max-image-preview":"max-image-preview:large","max-video-preview":"max-video-preview:-1"},"canonical":"https:\/\/www.gaveanews.com\/index.php\/2025\/01\/07\/contratacao-de-rony-negociacao-de-villasanti-e-declaracao-de-craque-neto-as-ultimas-noticias-do-palmeiras\/","og_locale":"pt_BR","og_type":"article","og_title":"Contrata\u00e7\u00e3o de Rony, negocia\u00e7\u00e3o de Villasanti e declara\u00e7\u00e3o de Craque Neto: as \u00faltimas not\u00edcias do Palmeiras","og_description":"Nas \u00faltimas horas, o foco das not\u00edcias sobre o Palmeiras se concentram nos bastidores do clube, com destaques do dia a dia do time. Por conta deste contexto, leia abaixo um resumo preparado pela equipe do portal G\u00e1vea News para lhe manter muito bem informado! Declara\u00e7\u00e3o de Craque Neto Craque Neto fez uma an\u00e1lise cr\u00edtica [&hellip;]","og_url":"https:\/\/www.gaveanews.com\/index.php\/2025\/01\/07\/contratacao-de-rony-negociacao-de-villasanti-e-declaracao-de-craque-neto-as-ultimas-noticias-do-palmeiras\/","og_site_name":"G\u00e1vea News","article_publisher":"https:\/\/facebook.com\/gaveaNews\/","article_published_time":"2025-01-07T07:25:00+00:00","og_image":[{"width":680,"height":510,"url":"https:\/\/www.gaveanews.com\/wp-content\/uploads\/Escudo-do-Palmeiras.webp","type":"image\/jpeg"}],"author":"Matheus Felipe","twitter_card":"summary_large_image","twitter_misc":{"Escrito por":"Matheus Felipe","Est. tempo de leitura":"5 minutos"},"schema":{"@context":"https:\/\/schema.org","@graph":[{"@type":"NewsArticle","@id":"https:\/\/www.gaveanews.com\/index.php\/2025\/01\/07\/contratacao-de-rony-negociacao-de-villasanti-e-declaracao-de-craque-neto-as-ultimas-noticias-do-palmeiras\/#article","isPartOf":{"@id":"https:\/\/www.gaveanews.com\/index.php\/2025\/01\/07\/contratacao-de-rony-negociacao-de-villasanti-e-declaracao-de-craque-neto-as-ultimas-noticias-do-palmeiras\/"},"author":{"name":"Matheus Felipe","@id":"https:\/\/www.gaveanews.com\/#\/schema\/person\/8207cd4627f56151707418bfc835b2fb"},"headline":"Contrata\u00e7\u00e3o de Rony, negocia\u00e7\u00e3o de Villasanti e declara\u00e7\u00e3o de Craque Neto: as \u00faltimas not\u00edcias do Palmeiras","datePublished":"2025-01-07T07:25:00+00:00","mainEntityOfPage":{"@id":"https:\/\/www.gaveanews.com\/index.php\/2025\/01\/07\/contratacao-de-rony-negociacao-de-villasanti-e-declaracao-de-craque-neto-as-ultimas-noticias-do-palmeiras\/"},"wordCount":791,"commentCount":0,"image":{"@id":"https:\/\/www.gaveanews.com\/index.php\/2025\/01\/07\/contratacao-de-rony-negociacao-de-villasanti-e-declaracao-de-craque-neto-as-ultimas-noticias-do-palmeiras\/#primaryimage"},"thumbnailUrl":"https:\/\/www.gaveanews.com\/wp-content\/uploads\/Escudo-do-Palmeiras.webp","articleSection":["Palmeiras"],"inLanguage":"pt-BR","potentialAction":[{"@type":"CommentAction","name":"Comment","target":["https:\/\/www.gaveanews.com\/index.php\/2025\/01\/07\/contratacao-de-rony-negociacao-de-villasanti-e-declaracao-de-craque-neto-as-ultimas-noticias-do-palmeiras\/#respond"]}],"copyrightYear":"2025","copyrightHolder":{"@id":"https:\/\/www.gaveanews.com\/#organization"}},{"@type":"WebPage","@id":"https:\/\/www.gaveanews.com\/index.php\/2025\/01\/07\/contratacao-de-rony-negociacao-de-villasanti-e-declaracao-de-craque-neto-as-ultimas-noticias-do-palmeiras\/","url":"https:\/\/www.gaveanews.com\/index.php\/2025\/01\/07\/contratacao-de-rony-negociacao-de-villasanti-e-declaracao-de-craque-neto-as-ultimas-noticias-do-palmeiras\/","name":"Contrata\u00e7\u00e3o de Rony, negocia\u00e7\u00e3o de Villasanti e declara\u00e7\u00e3o de Craque Neto: as \u00faltimas not\u00edcias do Palmeiras","isPartOf":{"@id":"https:\/\/www.gaveanews.com\/#website"},"primaryImageOfPage":{"@id":"https:\/\/www.gaveanews.com\/index.php\/2025\/01\/07\/contratacao-de-rony-negociacao-de-villasanti-e-declaracao-de-craque-neto-as-ultimas-noticias-do-palmeiras\/#primaryimage"},"image":{"@id":"https:\/\/www.gaveanews.com\/index.php\/2025\/01\/07\/contratacao-de-rony-negociacao-de-villasanti-e-declaracao-de-craque-neto-as-ultimas-noticias-do-palmeiras\/#primaryimage"},"thumbnailUrl":"https:\/\/www.gaveanews.com\/wp-content\/uploads\/Escudo-do-Palmeiras.webp","datePublished":"2025-01-07T07:25:00+00:00","author":{"@id":"https:\/\/www.gaveanews.com\/#\/schema\/person\/8207cd4627f56151707418bfc835b2fb"},"breadcrumb":{"@id":"https:\/\/www.gaveanews.com\/index.php\/2025\/01\/07\/contratacao-de-rony-negociacao-de-villasanti-e-declaracao-de-craque-neto-as-ultimas-noticias-do-palmeiras\/#breadcrumb"},"inLanguage":"pt-BR","potentialAction":[{"@type":"ReadAction","target":["https:\/\/www.gaveanews.com\/index.php\/2025\/01\/07\/contratacao-de-rony-negociacao-de-villasanti-e-declaracao-de-craque-neto-as-ultimas-noticias-do-palmeiras\/"]}]},{"@type":"ImageObject","inLanguage":"pt-BR","@id":"https:\/\/www.gaveanews.com\/index.php\/2025\/01\/07\/contratacao-de-rony-negociacao-de-villasanti-e-declaracao-de-craque-neto-as-ultimas-noticias-do-palmeiras\/#primaryimage","url":"https:\/\/www.gaveanews.com\/wp-content\/uploads\/Escudo-do-Palmeiras.webp","contentUrl":"https:\/\/www.gaveanews.com\/wp-content\/uploads\/Escudo-do-Palmeiras.webp","width":680,"height":510,"caption":"Escudo do Palmeiras (Foto Reprodu\u00e7\u00e3o\/Instagram)"},{"@type":"BreadcrumbList","@id":"https:\/\/www.gaveanews.com\/index.php\/2025\/01\/07\/contratacao-de-rony-negociacao-de-villasanti-e-declaracao-de-craque-neto-as-ultimas-noticias-do-palmeiras\/#breadcrumb","itemListElement":[{"@type":"ListItem","position":1,"name":"Home","item":"https:\/\/www.gaveanews.com\/"},{"@type":"ListItem","position":2,"name":"Contrata\u00e7\u00e3o de Rony, negocia\u00e7\u00e3o de Villasanti e declara\u00e7\u00e3o de Craque Neto: as \u00faltimas not\u00edcias do Palmeiras"}]},{"@type":"WebSite","@id":"https:\/\/www.gaveanews.com\/#website","url":"https:\/\/www.gaveanews.com\/","name":"G\u00e1vea News","description":"Veja todas as not\u00edcias sobre o Flamengo: Contrata\u00e7\u00f5es, categorias de base, resultados das partidas, tabela de classifica\u00e7\u00e3o, pr\u00f3ximos jogos!","potentialAction":[{"@type":"SearchAction","target":{"@type":"EntryPoint","urlTemplate":"https:\/\/www.gaveanews.com\/?s={search_term_string}"},"query-input":{"@type":"PropertyValueSpecification","valueRequired":true,"valueName":"search_term_string"}}],"inLanguage":"pt-BR"},{"@type":"Person","@id":"https:\/\/www.gaveanews.com\/#\/schema\/person\/8207cd4627f56151707418bfc835b2fb","name":"Matheus Felipe","image":{"@type":"ImageObject","inLanguage":"pt-BR","@id":"https:\/\/www.gaveanews.com\/#\/schema\/person\/image\/","url":"https:\/\/secure.gravatar.com\/avatar\/a452ffbed9130f726358b298bb3a99ce4bd3c5338411f8440e87e14d74c7c087?s=96&d=mm&r=g","contentUrl":"https:\/\/secure.gravatar.com\/avatar\/a452ffbed9130f726358b298bb3a99ce4bd3c5338411f8440e87e14d74c7c087?s=96&d=mm&r=g","caption":"Matheus Felipe"}}]}},"_links":{"self":[{"href":"https:\/\/www.gaveanews.com\/index.php\/wp-json\/wp\/v2\/posts\/208793","targetHints":{"allow":["GET"]}}],"collection":[{"href":"https:\/\/www.gaveanews.com\/index.php\/wp-json\/wp\/v2\/posts"}],"about":[{"href":"https:\/\/www.gaveanews.com\/index.php\/wp-json\/wp\/v2\/types\/post"}],"author":[{"embeddable":true,"href":"https:\/\/www.gaveanews.com\/index.php\/wp-json\/wp\/v2\/users\/27"}],"replies":[{"embeddable":true,"href":"https:\/\/www.gaveanews.com\/index.php\/wp-json\/wp\/v2\/comments?post=208793"}],"version-history":[{"count":1,"href":"https:\/\/www.gaveanews.com\/index.php\/wp-json\/wp\/v2\/posts\/208793\/revisions"}],"predecessor-version":[{"id":208810,"href":"https:\/\/www.gaveanews.com\/index.php\/wp-json\/wp\/v2\/posts\/208793\/revisions\/208810"}],"wp:featuredmedia":[{"embeddable":true,"href":"https:\/\/www.gaveanews.com\/index.php\/wp-json\/wp\/v2\/media\/142887"}],"wp:attachment":[{"href":"https:\/\/www.gaveanews.com\/index.php\/wp-json\/wp\/v2\/media?parent=208793"}],"wp:term":[{"taxonomy":"category","embeddable":true,"href":"https:\/\/www.gaveanews.com\/index.php\/wp-json\/wp\/v2\/categories?post=208793"},{"taxonomy":"post_tag","embeddable":true,"href":"https:\/\/www.gaveanews.com\/index.php\/wp-json\/wp\/v2\/tags?post=208793"}],"curies":[{"name":"wp","href":"https:\/\/api.w.org\/{rel}","templated":true}]}}