{"id":208813,"date":"2025-01-07T04:30:00","date_gmt":"2025-01-07T07:30:00","guid":{"rendered":"https:\/\/www.gaveanews.com\/?p=208813"},"modified":"2025-01-07T02:29:29","modified_gmt":"2025-01-07T05:29:29","slug":"multa-rescisoria-reforco-na-pre-temporada-e-saida-de-rodrigo-nestor-as-ultimas-noticias-do-sao-paulo","status":"publish","type":"post","link":"https:\/\/www.gaveanews.com\/index.php\/2025\/01\/07\/multa-rescisoria-reforco-na-pre-temporada-e-saida-de-rodrigo-nestor-as-ultimas-noticias-do-sao-paulo\/","title":{"rendered":"Multa rescis\u00f3ria, refor\u00e7o na pr\u00e9-temporada e sa\u00edda de Rodrigo Nestor: as \u00faltimas not\u00edcias do S\u00e3o Paulo"},"content":{"rendered":"\n<p>Nas \u00faltimas horas, o foco das not\u00edcias sobre o S\u00e3o Paulo se concentram nos bastidores do clube, com destaques do dia a dia do time.<\/p>\n\n\n\n<p>Por conta deste contexto, leia abaixo um resumo preparado pela equipe do portal G\u00e1vea News para lhe manter muito bem informado!<\/p>\n\n\n\n<h2 class=\"wp-block-heading\" id=\"h-saida-de-rodrigo-nestor\">Sa\u00edda de Rodrigo Nestor<\/h2>\n\n\n\n<p>Rodrigo Nestor, autor do gol que garantiu o t\u00edtulo da Copa do Brasil de 2023 pelo S\u00e3o Paulo, est\u00e1 de sa\u00edda do clube. O meio-campista foi emprestado ao Bahia at\u00e9 o final de 2025, em uma negocia\u00e7\u00e3o que render\u00e1 1,5 milh\u00e3o de euros (cerca de R$ 9,5 milh\u00f5es) ao Tricolor Paulista. O acordo ainda prev\u00ea uma cl\u00e1usula de compra obrigat\u00f3ria, caso Nestor atinja metas estipuladas, o que pode render ao S\u00e3o Paulo mais 4,7 milh\u00f5es de euros (aproximadamente R$ 29,8 milh\u00f5es).<\/p>\n\n\n\n<figure class=\"wp-block-image size-full\"><img loading=\"lazy\" decoding=\"async\" width=\"799\" height=\"533\" src=\"https:\/\/www.gaveanews.com\/wp-content\/uploads\/Rodrigo-Nestor-durante-o-jogo-entre-Sao-Paulo-x-Vasco-pelo-Brasileirao-2023-no-Morumbi.webp\" alt=\"\" class=\"wp-image-153396\" srcset=\"https:\/\/www.gaveanews.com\/wp-content\/uploads\/Rodrigo-Nestor-durante-o-jogo-entre-Sao-Paulo-x-Vasco-pelo-Brasileirao-2023-no-Morumbi.webp 799w, https:\/\/www.gaveanews.com\/wp-content\/uploads\/Rodrigo-Nestor-durante-o-jogo-entre-Sao-Paulo-x-Vasco-pelo-Brasileirao-2023-no-Morumbi-300x200.webp 300w, https:\/\/www.gaveanews.com\/wp-content\/uploads\/Rodrigo-Nestor-durante-o-jogo-entre-Sao-Paulo-x-Vasco-pelo-Brasileirao-2023-no-Morumbi-768x512.webp 768w, https:\/\/www.gaveanews.com\/wp-content\/uploads\/Rodrigo-Nestor-durante-o-jogo-entre-Sao-Paulo-x-Vasco-pelo-Brasileirao-2023-no-Morumbi-630x420.webp 630w, https:\/\/www.gaveanews.com\/wp-content\/uploads\/Rodrigo-Nestor-durante-o-jogo-entre-Sao-Paulo-x-Vasco-pelo-Brasileirao-2023-no-Morumbi-640x427.webp 640w, https:\/\/www.gaveanews.com\/wp-content\/uploads\/Rodrigo-Nestor-durante-o-jogo-entre-Sao-Paulo-x-Vasco-pelo-Brasileirao-2023-no-Morumbi-681x454.webp 681w, https:\/\/www.gaveanews.com\/wp-content\/uploads\/Rodrigo-Nestor-durante-o-jogo-entre-Sao-Paulo-x-Vasco-pelo-Brasileirao-2023-no-Morumbi-100x67.webp 100w\" sizes=\"auto, (max-width: 799px) 100vw, 799px\" \/><figcaption class=\"wp-element-caption\">Rodrigo Nestor durante o jogo entre S\u00e3o Paulo x Vasco pelo Brasileir\u00e3o 2023 no Morumbi (Foto: Rubens Chiri\/S\u00e3o Paulo)<\/figcaption><\/figure>\n\n\n\n<p>Revelado nas categorias de base do S\u00e3o Paulo, Nestor disputou 219 jogos pelo clube, com 12 gols e 26 assist\u00eancias, e conquistou t\u00edtulos importantes, como o Paulist\u00e3o de 2021, a Supercopa do Brasil de 2024 e a Copinha. <\/p>\n\n\n\n<p>Apesar disso, em 2024, o meia enfrentou desafios, incluindo uma grave les\u00e3o no joelho que o afastou dos gramados por meses. Sua retomada foi marcada por altos e baixos sob o comando do t\u00e9cnico Luis Zubeld\u00eda, culminando em sua inclus\u00e3o na lista de jogadores negoci\u00e1veis para 2025.<\/p>\n\n\n\n<p>A transfer\u00eancia de Nestor \u00e9 a 11\u00aa sa\u00edda confirmada pelo S\u00e3o Paulo nesta temporada, refletindo o esfor\u00e7o do clube em reestruturar o elenco e equilibrar as finan\u00e7as. O jogador se despediu oficialmente no CT da Barra Funda, recebendo o carinho de colegas e torcedores, e agora buscar\u00e1 escrever um novo cap\u00edtulo de sua carreira no Bahia, sob o comando de Rog\u00e9rio Ceni.<\/p>\n\n\n\n<h2 class=\"wp-block-heading\" id=\"h-reforco-na-pre-temporada\">Refor\u00e7o na pr\u00e9-temporada<\/h2>\n\n\n\n<p>O S\u00e3o Paulo est\u00e1 pr\u00f3ximo de fechar a contrata\u00e7\u00e3o do lateral-esquerdo argentino Enzo D\u00edaz, do River Plate, para refor\u00e7ar o elenco na temporada de 2025. O jogador de 29 anos ser\u00e1 emprestado por um ano, em uma negocia\u00e7\u00e3o que envolve a ida do meia Giuliano Galoppo ao River Plate. O Tricolor ter\u00e1 a op\u00e7\u00e3o de compra ao final do empr\u00e9stimo, e o neg\u00f3cio n\u00e3o envolver\u00e1 custos iniciais, algo que a diretoria considera positivo para o momento financeiro do clube.<\/p>\n\n\n\n<figure class=\"wp-block-image size-large\"><img loading=\"lazy\" decoding=\"async\" width=\"1024\" height=\"576\" src=\"https:\/\/www.gaveanews.com\/wp-content\/uploads\/River-Plate-1024x576.webp\" alt=\"\" class=\"wp-image-133076\" srcset=\"https:\/\/www.gaveanews.com\/wp-content\/uploads\/River-Plate-1024x576.webp 1024w, https:\/\/www.gaveanews.com\/wp-content\/uploads\/River-Plate-300x169.webp 300w, https:\/\/www.gaveanews.com\/wp-content\/uploads\/River-Plate-768x432.webp 768w, https:\/\/www.gaveanews.com\/wp-content\/uploads\/River-Plate-747x420.webp 747w, https:\/\/www.gaveanews.com\/wp-content\/uploads\/River-Plate-640x360.webp 640w, https:\/\/www.gaveanews.com\/wp-content\/uploads\/River-Plate-1280x720.webp 1280w, https:\/\/www.gaveanews.com\/wp-content\/uploads\/River-Plate-681x383.webp 681w, https:\/\/www.gaveanews.com\/wp-content\/uploads\/River-Plate-1362x768.webp 1362w, https:\/\/www.gaveanews.com\/wp-content\/uploads\/River-Plate-100x56.webp 100w, https:\/\/www.gaveanews.com\/wp-content\/uploads\/River-Plate.webp 1366w\" sizes=\"auto, (max-width: 1024px) 100vw, 1024px\" \/><figcaption class=\"wp-element-caption\">Bandeira do River Plate &#8211; Foto: reprodu\u00e7\u00e3o<\/figcaption><\/figure>\n\n\n\n<p>A chegada de Enzo D\u00edaz \u00e9 tratada como prioridade, j\u00e1 que o S\u00e3o Paulo perdeu Welington, que foi para o Southampton, e Jamal Lewis, que retornou ao Newcastle. Atualmente, apenas o jovem Patryck est\u00e1 dispon\u00edvel para a posi\u00e7\u00e3o, o que aumenta a necessidade de refor\u00e7ar a lateral-esquerda. O argentino, que teve uma passagem de destaque pelo Talleres antes de atuar no River Plate, chega para trazer experi\u00eancia e qualidade ao setor.<\/p>\n\n\n\n<p>Apesar de sua \u00faltima temporada ter sido marcada por uma les\u00e3o muscular e cirurgia, o S\u00e3o Paulo confia na recupera\u00e7\u00e3o do atleta, que disputou 35 partidas pelo River em 2024. A expectativa \u00e9 de que Enzo D\u00edaz se junte \u00e0 delega\u00e7\u00e3o s\u00e3o-paulina nos Estados Unidos, onde a equipe realizar\u00e1 a pr\u00e9-temporada. O refor\u00e7o ser\u00e1 crucial para o planejamento do t\u00e9cnico Dorival J\u00fanior, que busca equilibrar o elenco e brigar por t\u00edtulos em 2025.<\/p>\n\n\n\n<h2 class=\"wp-block-heading\" id=\"h-multa-rescisoria\">Multa rescis\u00f3ria<\/h2>\n\n\n\n<p>O jovem meia-atacante Luiz Henrique, de 20 anos, \u00e9 uma das grandes promessas do S\u00e3o Paulo e iniciou 2025 com uma excelente not\u00edcia: a renova\u00e7\u00e3o de seu contrato, agora com uma multa rescis\u00f3ria de 60 milh\u00f5es de euros (cerca de R$ 381 milh\u00f5es). Ap\u00f3s um ano dif\u00edcil em 2024, quando sofreu uma grave les\u00e3o ligamentar no joelho durante a Copa S\u00e3o Paulo, Luiz Henrique retornou aos gramados em uma partida emocionante contra o Serra Branca-PB, na qual o Tricolor venceu por 2 a 0. Em agradecimento por sua supera\u00e7\u00e3o, ele atravessou o campo de joelhos em celebra\u00e7\u00e3o.<\/p>\n\n\n\n<figure class=\"wp-block-image size-large\"><img loading=\"lazy\" decoding=\"async\" width=\"1024\" height=\"576\" src=\"https:\/\/www.gaveanews.com\/wp-content\/uploads\/Futebol-e-dinheiro-1024x576.webp\" alt=\"\" class=\"wp-image-167240\" srcset=\"https:\/\/www.gaveanews.com\/wp-content\/uploads\/Futebol-e-dinheiro-1024x576.webp 1024w, https:\/\/www.gaveanews.com\/wp-content\/uploads\/Futebol-e-dinheiro-300x169.webp 300w, https:\/\/www.gaveanews.com\/wp-content\/uploads\/Futebol-e-dinheiro-768x432.webp 768w, https:\/\/www.gaveanews.com\/wp-content\/uploads\/Futebol-e-dinheiro-747x420.webp 747w, https:\/\/www.gaveanews.com\/wp-content\/uploads\/Futebol-e-dinheiro-640x360.webp 640w, https:\/\/www.gaveanews.com\/wp-content\/uploads\/Futebol-e-dinheiro-681x383.webp 681w, https:\/\/www.gaveanews.com\/wp-content\/uploads\/Futebol-e-dinheiro-100x56.webp 100w, https:\/\/www.gaveanews.com\/wp-content\/uploads\/Futebol-e-dinheiro.webp 1280w\" sizes=\"auto, (max-width: 1024px) 100vw, 1024px\" \/><figcaption class=\"wp-element-caption\">Futebol e dinheiro (Imagem: Editoria de arte\/G\u00e1vea News\/Henrique Machado)<\/figcaption><\/figure>\n\n\n\n<p>A renova\u00e7\u00e3o contratual do jogador reflete a confian\u00e7a do clube em seu talento e potencial, mesmo ap\u00f3s um ano de recupera\u00e7\u00e3o. Luiz Henrique, que come\u00e7ou sua carreira nas categorias de base de Cotia, destacou-se como uma das joias do S\u00e3o Paulo antes de sua les\u00e3o. Agora, com um v\u00ednculo estendido e uma cl\u00e1usula milion\u00e1ria, o Tricolor assegura sua perman\u00eancia e prote\u00e7\u00e3o contra o interesse de clubes estrangeiros, pr\u00e1tica que tem sido comum para promessas da base.<\/p>\n\n\n\n<p>Com a volta de Luiz Henrique, o S\u00e3o Paulo se prepara para aproveitar seu talento nos pr\u00f3ximos anos. A renova\u00e7\u00e3o tamb\u00e9m marca um importante passo na valoriza\u00e7\u00e3o das categorias de base do clube, refor\u00e7ando a estrat\u00e9gia de formar e preservar jovens talentos que possam contribuir de forma significativa no futuro do time principal.<\/p>\n","protected":false},"excerpt":{"rendered":"<p>Nas \u00faltimas horas, o foco das not\u00edcias sobre o S\u00e3o Paulo se concentram nos bastidores do clube, com destaques do dia a dia do time. Por conta deste contexto, leia abaixo um resumo preparado pela equipe do portal G\u00e1vea News para lhe manter muito bem informado! Sa\u00edda de Rodrigo Nestor Rodrigo Nestor, autor do gol [&hellip;]<\/p>\n","protected":false},"author":27,"featured_media":120199,"comment_status":"open","ping_status":"closed","sticky":false,"template":"","format":"standard","meta":{"footnotes":""},"categories":[151],"tags":[],"class_list":["post-208813","post","type-post","status-publish","format-standard","has-post-thumbnail","hentry","category-sao-paulo"],"yoast_head":"<!-- This site is optimized with the Yoast SEO Premium plugin v24.2 (Yoast SEO v26.9) - https:\/\/yoast.com\/product\/yoast-seo-premium-wordpress\/ -->\n<title>Multa rescis\u00f3ria, refor\u00e7o na pr\u00e9-temporada e sa\u00edda de Rodrigo Nestor: as \u00faltimas not\u00edcias do S\u00e3o Paulo<\/title>\n<meta name=\"robots\" content=\"index, follow, max-snippet:-1, max-image-preview:large, max-video-preview:-1\" \/>\n<link rel=\"canonical\" href=\"https:\/\/www.gaveanews.com\/index.php\/2025\/01\/07\/multa-rescisoria-reforco-na-pre-temporada-e-saida-de-rodrigo-nestor-as-ultimas-noticias-do-sao-paulo\/\" \/>\n<meta property=\"og:locale\" content=\"pt_BR\" \/>\n<meta property=\"og:type\" content=\"article\" \/>\n<meta property=\"og:title\" content=\"Multa rescis\u00f3ria, refor\u00e7o na pr\u00e9-temporada e sa\u00edda de Rodrigo Nestor: as \u00faltimas not\u00edcias do S\u00e3o Paulo\" \/>\n<meta property=\"og:description\" content=\"Nas \u00faltimas horas, o foco das not\u00edcias sobre o S\u00e3o Paulo se concentram nos bastidores do clube, com destaques do dia a dia do time. Por conta deste contexto, leia abaixo um resumo preparado pela equipe do portal G\u00e1vea News para lhe manter muito bem informado! Sa\u00edda de Rodrigo Nestor Rodrigo Nestor, autor do gol [&hellip;]\" \/>\n<meta property=\"og:url\" content=\"https:\/\/www.gaveanews.com\/index.php\/2025\/01\/07\/multa-rescisoria-reforco-na-pre-temporada-e-saida-de-rodrigo-nestor-as-ultimas-noticias-do-sao-paulo\/\" \/>\n<meta property=\"og:site_name\" content=\"G\u00e1vea News\" \/>\n<meta property=\"article:publisher\" content=\"https:\/\/facebook.com\/gaveaNews\/\" \/>\n<meta property=\"article:published_time\" content=\"2025-01-07T07:30:00+00:00\" \/>\n<meta property=\"og:image\" content=\"https:\/\/www.gaveanews.com\/wp-content\/uploads\/sao-paulo-escudo.webp\" \/>\n\t<meta property=\"og:image:width\" content=\"800\" \/>\n\t<meta property=\"og:image:height\" content=\"533\" \/>\n\t<meta property=\"og:image:type\" content=\"image\/webp\" \/>\n<meta name=\"author\" content=\"Matheus Felipe\" \/>\n<meta name=\"twitter:card\" content=\"summary_large_image\" \/>\n<meta name=\"twitter:label1\" content=\"Escrito por\" \/>\n\t<meta name=\"twitter:data1\" content=\"Matheus Felipe\" \/>\n\t<meta name=\"twitter:label2\" content=\"Est. tempo de leitura\" \/>\n\t<meta name=\"twitter:data2\" content=\"6 minutos\" \/>\n<script type=\"application\/ld+json\" class=\"yoast-schema-graph\">{\"@context\":\"https:\/\/schema.org\",\"@graph\":[{\"@type\":\"NewsArticle\",\"@id\":\"https:\/\/www.gaveanews.com\/index.php\/2025\/01\/07\/multa-rescisoria-reforco-na-pre-temporada-e-saida-de-rodrigo-nestor-as-ultimas-noticias-do-sao-paulo\/#article\",\"isPartOf\":{\"@id\":\"https:\/\/www.gaveanews.com\/index.php\/2025\/01\/07\/multa-rescisoria-reforco-na-pre-temporada-e-saida-de-rodrigo-nestor-as-ultimas-noticias-do-sao-paulo\/\"},\"author\":{\"name\":\"Matheus Felipe\",\"@id\":\"https:\/\/www.gaveanews.com\/#\/schema\/person\/8207cd4627f56151707418bfc835b2fb\"},\"headline\":\"Multa rescis\u00f3ria, refor\u00e7o na pr\u00e9-temporada e sa\u00edda de Rodrigo Nestor: as \u00faltimas not\u00edcias do S\u00e3o Paulo\",\"datePublished\":\"2025-01-07T07:30:00+00:00\",\"mainEntityOfPage\":{\"@id\":\"https:\/\/www.gaveanews.com\/index.php\/2025\/01\/07\/multa-rescisoria-reforco-na-pre-temporada-e-saida-de-rodrigo-nestor-as-ultimas-noticias-do-sao-paulo\/\"},\"wordCount\":858,\"commentCount\":0,\"image\":{\"@id\":\"https:\/\/www.gaveanews.com\/index.php\/2025\/01\/07\/multa-rescisoria-reforco-na-pre-temporada-e-saida-de-rodrigo-nestor-as-ultimas-noticias-do-sao-paulo\/#primaryimage\"},\"thumbnailUrl\":\"https:\/\/www.gaveanews.com\/wp-content\/uploads\/sao-paulo-escudo.webp\",\"articleSection\":[\"S\u00e3o Paulo\"],\"inLanguage\":\"pt-BR\",\"potentialAction\":[{\"@type\":\"CommentAction\",\"name\":\"Comment\",\"target\":[\"https:\/\/www.gaveanews.com\/index.php\/2025\/01\/07\/multa-rescisoria-reforco-na-pre-temporada-e-saida-de-rodrigo-nestor-as-ultimas-noticias-do-sao-paulo\/#respond\"]}],\"copyrightYear\":\"2025\",\"copyrightHolder\":{\"@id\":\"https:\/\/www.gaveanews.com\/#organization\"}},{\"@type\":\"WebPage\",\"@id\":\"https:\/\/www.gaveanews.com\/index.php\/2025\/01\/07\/multa-rescisoria-reforco-na-pre-temporada-e-saida-de-rodrigo-nestor-as-ultimas-noticias-do-sao-paulo\/\",\"url\":\"https:\/\/www.gaveanews.com\/index.php\/2025\/01\/07\/multa-rescisoria-reforco-na-pre-temporada-e-saida-de-rodrigo-nestor-as-ultimas-noticias-do-sao-paulo\/\",\"name\":\"Multa rescis\u00f3ria, refor\u00e7o na pr\u00e9-temporada e sa\u00edda de Rodrigo Nestor: as \u00faltimas not\u00edcias do S\u00e3o Paulo\",\"isPartOf\":{\"@id\":\"https:\/\/www.gaveanews.com\/#website\"},\"primaryImageOfPage\":{\"@id\":\"https:\/\/www.gaveanews.com\/index.php\/2025\/01\/07\/multa-rescisoria-reforco-na-pre-temporada-e-saida-de-rodrigo-nestor-as-ultimas-noticias-do-sao-paulo\/#primaryimage\"},\"image\":{\"@id\":\"https:\/\/www.gaveanews.com\/index.php\/2025\/01\/07\/multa-rescisoria-reforco-na-pre-temporada-e-saida-de-rodrigo-nestor-as-ultimas-noticias-do-sao-paulo\/#primaryimage\"},\"thumbnailUrl\":\"https:\/\/www.gaveanews.com\/wp-content\/uploads\/sao-paulo-escudo.webp\",\"datePublished\":\"2025-01-07T07:30:00+00:00\",\"author\":{\"@id\":\"https:\/\/www.gaveanews.com\/#\/schema\/person\/8207cd4627f56151707418bfc835b2fb\"},\"breadcrumb\":{\"@id\":\"https:\/\/www.gaveanews.com\/index.php\/2025\/01\/07\/multa-rescisoria-reforco-na-pre-temporada-e-saida-de-rodrigo-nestor-as-ultimas-noticias-do-sao-paulo\/#breadcrumb\"},\"inLanguage\":\"pt-BR\",\"potentialAction\":[{\"@type\":\"ReadAction\",\"target\":[\"https:\/\/www.gaveanews.com\/index.php\/2025\/01\/07\/multa-rescisoria-reforco-na-pre-temporada-e-saida-de-rodrigo-nestor-as-ultimas-noticias-do-sao-paulo\/\"]}]},{\"@type\":\"ImageObject\",\"inLanguage\":\"pt-BR\",\"@id\":\"https:\/\/www.gaveanews.com\/index.php\/2025\/01\/07\/multa-rescisoria-reforco-na-pre-temporada-e-saida-de-rodrigo-nestor-as-ultimas-noticias-do-sao-paulo\/#primaryimage\",\"url\":\"https:\/\/www.gaveanews.com\/wp-content\/uploads\/sao-paulo-escudo.webp\",\"contentUrl\":\"https:\/\/www.gaveanews.com\/wp-content\/uploads\/sao-paulo-escudo.webp\",\"width\":800,\"height\":533,\"caption\":\"Escudo do S\u00e3o Paulo (Foto: Reprodu\u00e7\u00e3o)\"},{\"@type\":\"BreadcrumbList\",\"@id\":\"https:\/\/www.gaveanews.com\/index.php\/2025\/01\/07\/multa-rescisoria-reforco-na-pre-temporada-e-saida-de-rodrigo-nestor-as-ultimas-noticias-do-sao-paulo\/#breadcrumb\",\"itemListElement\":[{\"@type\":\"ListItem\",\"position\":1,\"name\":\"Home\",\"item\":\"https:\/\/www.gaveanews.com\/\"},{\"@type\":\"ListItem\",\"position\":2,\"name\":\"Multa rescis\u00f3ria, refor\u00e7o na pr\u00e9-temporada e sa\u00edda de Rodrigo Nestor: as \u00faltimas not\u00edcias do S\u00e3o Paulo\"}]},{\"@type\":\"WebSite\",\"@id\":\"https:\/\/www.gaveanews.com\/#website\",\"url\":\"https:\/\/www.gaveanews.com\/\",\"name\":\"G\u00e1vea News\",\"description\":\"Veja todas as not\u00edcias sobre o Flamengo: Contrata\u00e7\u00f5es, categorias de base, resultados das partidas, tabela de classifica\u00e7\u00e3o, pr\u00f3ximos jogos!\",\"potentialAction\":[{\"@type\":\"SearchAction\",\"target\":{\"@type\":\"EntryPoint\",\"urlTemplate\":\"https:\/\/www.gaveanews.com\/?s={search_term_string}\"},\"query-input\":{\"@type\":\"PropertyValueSpecification\",\"valueRequired\":true,\"valueName\":\"search_term_string\"}}],\"inLanguage\":\"pt-BR\"},{\"@type\":\"Person\",\"@id\":\"https:\/\/www.gaveanews.com\/#\/schema\/person\/8207cd4627f56151707418bfc835b2fb\",\"name\":\"Matheus Felipe\",\"image\":{\"@type\":\"ImageObject\",\"inLanguage\":\"pt-BR\",\"@id\":\"https:\/\/www.gaveanews.com\/#\/schema\/person\/image\/\",\"url\":\"https:\/\/secure.gravatar.com\/avatar\/a452ffbed9130f726358b298bb3a99ce4bd3c5338411f8440e87e14d74c7c087?s=96&d=mm&r=g\",\"contentUrl\":\"https:\/\/secure.gravatar.com\/avatar\/a452ffbed9130f726358b298bb3a99ce4bd3c5338411f8440e87e14d74c7c087?s=96&d=mm&r=g\",\"caption\":\"Matheus Felipe\"}}]}<\/script>\n<!-- \/ Yoast SEO Premium plugin. -->","yoast_head_json":{"title":"Multa rescis\u00f3ria, refor\u00e7o na pr\u00e9-temporada e sa\u00edda de Rodrigo Nestor: as \u00faltimas not\u00edcias do S\u00e3o Paulo","robots":{"index":"index","follow":"follow","max-snippet":"max-snippet:-1","max-image-preview":"max-image-preview:large","max-video-preview":"max-video-preview:-1"},"canonical":"https:\/\/www.gaveanews.com\/index.php\/2025\/01\/07\/multa-rescisoria-reforco-na-pre-temporada-e-saida-de-rodrigo-nestor-as-ultimas-noticias-do-sao-paulo\/","og_locale":"pt_BR","og_type":"article","og_title":"Multa rescis\u00f3ria, refor\u00e7o na pr\u00e9-temporada e sa\u00edda de Rodrigo Nestor: as \u00faltimas not\u00edcias do S\u00e3o Paulo","og_description":"Nas \u00faltimas horas, o foco das not\u00edcias sobre o S\u00e3o Paulo se concentram nos bastidores do clube, com destaques do dia a dia do time. Por conta deste contexto, leia abaixo um resumo preparado pela equipe do portal G\u00e1vea News para lhe manter muito bem informado! Sa\u00edda de Rodrigo Nestor Rodrigo Nestor, autor do gol [&hellip;]","og_url":"https:\/\/www.gaveanews.com\/index.php\/2025\/01\/07\/multa-rescisoria-reforco-na-pre-temporada-e-saida-de-rodrigo-nestor-as-ultimas-noticias-do-sao-paulo\/","og_site_name":"G\u00e1vea News","article_publisher":"https:\/\/facebook.com\/gaveaNews\/","article_published_time":"2025-01-07T07:30:00+00:00","og_image":[{"width":800,"height":533,"url":"https:\/\/www.gaveanews.com\/wp-content\/uploads\/sao-paulo-escudo.webp","type":"image\/webp"}],"author":"Matheus Felipe","twitter_card":"summary_large_image","twitter_misc":{"Escrito por":"Matheus Felipe","Est. tempo de leitura":"6 minutos"},"schema":{"@context":"https:\/\/schema.org","@graph":[{"@type":"NewsArticle","@id":"https:\/\/www.gaveanews.com\/index.php\/2025\/01\/07\/multa-rescisoria-reforco-na-pre-temporada-e-saida-de-rodrigo-nestor-as-ultimas-noticias-do-sao-paulo\/#article","isPartOf":{"@id":"https:\/\/www.gaveanews.com\/index.php\/2025\/01\/07\/multa-rescisoria-reforco-na-pre-temporada-e-saida-de-rodrigo-nestor-as-ultimas-noticias-do-sao-paulo\/"},"author":{"name":"Matheus Felipe","@id":"https:\/\/www.gaveanews.com\/#\/schema\/person\/8207cd4627f56151707418bfc835b2fb"},"headline":"Multa rescis\u00f3ria, refor\u00e7o na pr\u00e9-temporada e sa\u00edda de Rodrigo Nestor: as \u00faltimas not\u00edcias do S\u00e3o Paulo","datePublished":"2025-01-07T07:30:00+00:00","mainEntityOfPage":{"@id":"https:\/\/www.gaveanews.com\/index.php\/2025\/01\/07\/multa-rescisoria-reforco-na-pre-temporada-e-saida-de-rodrigo-nestor-as-ultimas-noticias-do-sao-paulo\/"},"wordCount":858,"commentCount":0,"image":{"@id":"https:\/\/www.gaveanews.com\/index.php\/2025\/01\/07\/multa-rescisoria-reforco-na-pre-temporada-e-saida-de-rodrigo-nestor-as-ultimas-noticias-do-sao-paulo\/#primaryimage"},"thumbnailUrl":"https:\/\/www.gaveanews.com\/wp-content\/uploads\/sao-paulo-escudo.webp","articleSection":["S\u00e3o Paulo"],"inLanguage":"pt-BR","potentialAction":[{"@type":"CommentAction","name":"Comment","target":["https:\/\/www.gaveanews.com\/index.php\/2025\/01\/07\/multa-rescisoria-reforco-na-pre-temporada-e-saida-de-rodrigo-nestor-as-ultimas-noticias-do-sao-paulo\/#respond"]}],"copyrightYear":"2025","copyrightHolder":{"@id":"https:\/\/www.gaveanews.com\/#organization"}},{"@type":"WebPage","@id":"https:\/\/www.gaveanews.com\/index.php\/2025\/01\/07\/multa-rescisoria-reforco-na-pre-temporada-e-saida-de-rodrigo-nestor-as-ultimas-noticias-do-sao-paulo\/","url":"https:\/\/www.gaveanews.com\/index.php\/2025\/01\/07\/multa-rescisoria-reforco-na-pre-temporada-e-saida-de-rodrigo-nestor-as-ultimas-noticias-do-sao-paulo\/","name":"Multa rescis\u00f3ria, refor\u00e7o na pr\u00e9-temporada e sa\u00edda de Rodrigo Nestor: as \u00faltimas not\u00edcias do S\u00e3o Paulo","isPartOf":{"@id":"https:\/\/www.gaveanews.com\/#website"},"primaryImageOfPage":{"@id":"https:\/\/www.gaveanews.com\/index.php\/2025\/01\/07\/multa-rescisoria-reforco-na-pre-temporada-e-saida-de-rodrigo-nestor-as-ultimas-noticias-do-sao-paulo\/#primaryimage"},"image":{"@id":"https:\/\/www.gaveanews.com\/index.php\/2025\/01\/07\/multa-rescisoria-reforco-na-pre-temporada-e-saida-de-rodrigo-nestor-as-ultimas-noticias-do-sao-paulo\/#primaryimage"},"thumbnailUrl":"https:\/\/www.gaveanews.com\/wp-content\/uploads\/sao-paulo-escudo.webp","datePublished":"2025-01-07T07:30:00+00:00","author":{"@id":"https:\/\/www.gaveanews.com\/#\/schema\/person\/8207cd4627f56151707418bfc835b2fb"},"breadcrumb":{"@id":"https:\/\/www.gaveanews.com\/index.php\/2025\/01\/07\/multa-rescisoria-reforco-na-pre-temporada-e-saida-de-rodrigo-nestor-as-ultimas-noticias-do-sao-paulo\/#breadcrumb"},"inLanguage":"pt-BR","potentialAction":[{"@type":"ReadAction","target":["https:\/\/www.gaveanews.com\/index.php\/2025\/01\/07\/multa-rescisoria-reforco-na-pre-temporada-e-saida-de-rodrigo-nestor-as-ultimas-noticias-do-sao-paulo\/"]}]},{"@type":"ImageObject","inLanguage":"pt-BR","@id":"https:\/\/www.gaveanews.com\/index.php\/2025\/01\/07\/multa-rescisoria-reforco-na-pre-temporada-e-saida-de-rodrigo-nestor-as-ultimas-noticias-do-sao-paulo\/#primaryimage","url":"https:\/\/www.gaveanews.com\/wp-content\/uploads\/sao-paulo-escudo.webp","contentUrl":"https:\/\/www.gaveanews.com\/wp-content\/uploads\/sao-paulo-escudo.webp","width":800,"height":533,"caption":"Escudo do S\u00e3o Paulo (Foto: Reprodu\u00e7\u00e3o)"},{"@type":"BreadcrumbList","@id":"https:\/\/www.gaveanews.com\/index.php\/2025\/01\/07\/multa-rescisoria-reforco-na-pre-temporada-e-saida-de-rodrigo-nestor-as-ultimas-noticias-do-sao-paulo\/#breadcrumb","itemListElement":[{"@type":"ListItem","position":1,"name":"Home","item":"https:\/\/www.gaveanews.com\/"},{"@type":"ListItem","position":2,"name":"Multa rescis\u00f3ria, refor\u00e7o na pr\u00e9-temporada e sa\u00edda de Rodrigo Nestor: as \u00faltimas not\u00edcias do S\u00e3o Paulo"}]},{"@type":"WebSite","@id":"https:\/\/www.gaveanews.com\/#website","url":"https:\/\/www.gaveanews.com\/","name":"G\u00e1vea News","description":"Veja todas as not\u00edcias sobre o Flamengo: Contrata\u00e7\u00f5es, categorias de base, resultados das partidas, tabela de classifica\u00e7\u00e3o, pr\u00f3ximos jogos!","potentialAction":[{"@type":"SearchAction","target":{"@type":"EntryPoint","urlTemplate":"https:\/\/www.gaveanews.com\/?s={search_term_string}"},"query-input":{"@type":"PropertyValueSpecification","valueRequired":true,"valueName":"search_term_string"}}],"inLanguage":"pt-BR"},{"@type":"Person","@id":"https:\/\/www.gaveanews.com\/#\/schema\/person\/8207cd4627f56151707418bfc835b2fb","name":"Matheus Felipe","image":{"@type":"ImageObject","inLanguage":"pt-BR","@id":"https:\/\/www.gaveanews.com\/#\/schema\/person\/image\/","url":"https:\/\/secure.gravatar.com\/avatar\/a452ffbed9130f726358b298bb3a99ce4bd3c5338411f8440e87e14d74c7c087?s=96&d=mm&r=g","contentUrl":"https:\/\/secure.gravatar.com\/avatar\/a452ffbed9130f726358b298bb3a99ce4bd3c5338411f8440e87e14d74c7c087?s=96&d=mm&r=g","caption":"Matheus Felipe"}}]}},"_links":{"self":[{"href":"https:\/\/www.gaveanews.com\/index.php\/wp-json\/wp\/v2\/posts\/208813","targetHints":{"allow":["GET"]}}],"collection":[{"href":"https:\/\/www.gaveanews.com\/index.php\/wp-json\/wp\/v2\/posts"}],"about":[{"href":"https:\/\/www.gaveanews.com\/index.php\/wp-json\/wp\/v2\/types\/post"}],"author":[{"embeddable":true,"href":"https:\/\/www.gaveanews.com\/index.php\/wp-json\/wp\/v2\/users\/27"}],"replies":[{"embeddable":true,"href":"https:\/\/www.gaveanews.com\/index.php\/wp-json\/wp\/v2\/comments?post=208813"}],"version-history":[{"count":1,"href":"https:\/\/www.gaveanews.com\/index.php\/wp-json\/wp\/v2\/posts\/208813\/revisions"}],"predecessor-version":[{"id":208823,"href":"https:\/\/www.gaveanews.com\/index.php\/wp-json\/wp\/v2\/posts\/208813\/revisions\/208823"}],"wp:featuredmedia":[{"embeddable":true,"href":"https:\/\/www.gaveanews.com\/index.php\/wp-json\/wp\/v2\/media\/120199"}],"wp:attachment":[{"href":"https:\/\/www.gaveanews.com\/index.php\/wp-json\/wp\/v2\/media?parent=208813"}],"wp:term":[{"taxonomy":"category","embeddable":true,"href":"https:\/\/www.gaveanews.com\/index.php\/wp-json\/wp\/v2\/categories?post=208813"},{"taxonomy":"post_tag","embeddable":true,"href":"https:\/\/www.gaveanews.com\/index.php\/wp-json\/wp\/v2\/tags?post=208813"}],"curies":[{"name":"wp","href":"https:\/\/api.w.org\/{rel}","templated":true}]}}