{"id":208822,"date":"2025-01-07T04:35:00","date_gmt":"2025-01-07T07:35:00","guid":{"rendered":"https:\/\/www.gaveanews.com\/?p=208822"},"modified":"2025-01-07T02:42:46","modified_gmt":"2025-01-07T05:42:46","slug":"alteracao-importante-declaracao-de-kaua-elias-e-negociacao-de-wendell-as-ultimas-noticias-do-fluminense","status":"publish","type":"post","link":"https:\/\/www.gaveanews.com\/index.php\/2025\/01\/07\/alteracao-importante-declaracao-de-kaua-elias-e-negociacao-de-wendell-as-ultimas-noticias-do-fluminense\/","title":{"rendered":"Altera\u00e7\u00e3o importante, declara\u00e7\u00e3o de Kau\u00e3 Elias e negocia\u00e7\u00e3o de Wendell: as \u00faltimas not\u00edcias do Fluminense"},"content":{"rendered":"\n<p>Nas \u00faltimas horas, o foco das not\u00edcias sobre o Fluminense se concentram nos bastidores do clube, com destaques do dia a dia do time.<\/p>\n\n\n\n<p>Por conta deste contexto, leia abaixo um resumo preparado pela equipe do portal G\u00e1vea News para lhe manter muito bem informado!<\/p>\n\n\n\n<h2 class=\"wp-block-heading\" id=\"h-negociacao-de-wendell\">Negocia\u00e7\u00e3o de Wendell<\/h2>\n\n\n\n<p>O Fluminense tentou contratar o lateral-esquerdo Wendell, do FC Porto, oferecendo 1,5 milh\u00e3o de euros mais 500 mil em b\u00f4nus, mas a negocia\u00e7\u00e3o foi inviabilizada ap\u00f3s o jogador acertar com o S\u00e3o Paulo. <\/p>\n\n\n\n<figure class=\"wp-block-image size-full\"><img loading=\"lazy\" decoding=\"async\" width=\"860\" height=\"484\" src=\"https:\/\/www.gaveanews.com\/wp-content\/uploads\/Wendel-cria-do-Flamengo-deixa-o-Porto-para-acertar-com-o-Santos.webp\" alt=\"\" class=\"wp-image-158121\" srcset=\"https:\/\/www.gaveanews.com\/wp-content\/uploads\/Wendel-cria-do-Flamengo-deixa-o-Porto-para-acertar-com-o-Santos.webp 860w, https:\/\/www.gaveanews.com\/wp-content\/uploads\/Wendel-cria-do-Flamengo-deixa-o-Porto-para-acertar-com-o-Santos-300x169.webp 300w, https:\/\/www.gaveanews.com\/wp-content\/uploads\/Wendel-cria-do-Flamengo-deixa-o-Porto-para-acertar-com-o-Santos-768x432.webp 768w, https:\/\/www.gaveanews.com\/wp-content\/uploads\/Wendel-cria-do-Flamengo-deixa-o-Porto-para-acertar-com-o-Santos-746x420.webp 746w, https:\/\/www.gaveanews.com\/wp-content\/uploads\/Wendel-cria-do-Flamengo-deixa-o-Porto-para-acertar-com-o-Santos-640x360.webp 640w, https:\/\/www.gaveanews.com\/wp-content\/uploads\/Wendel-cria-do-Flamengo-deixa-o-Porto-para-acertar-com-o-Santos-681x383.webp 681w, https:\/\/www.gaveanews.com\/wp-content\/uploads\/Wendel-cria-do-Flamengo-deixa-o-Porto-para-acertar-com-o-Santos-100x56.webp 100w\" sizes=\"auto, (max-width: 860px) 100vw, 860px\" \/><figcaption class=\"wp-element-caption\">Wendel, cria do Flamengo, deixa o Porto para acertar com o Santos (Foto: Divulga\u00e7\u00e3o\/Porto)<\/figcaption><\/figure>\n\n\n\n<p>Segundo o jornal <em>O Jogo<\/em>, o clube paulista planeja assinar um pr\u00e9-contrato com Wendell, que tem v\u00ednculo com o Porto at\u00e9 junho de 2025. No entanto, a situa\u00e7\u00e3o pode se complicar, pois o time portugu\u00eas avalia levar o caso \u00e0 FIFA, alegando que as conversas come\u00e7aram antes do per\u00edodo permitido.<\/p>\n\n\n\n<p>A pol\u00eamica se intensificou ap\u00f3s declara\u00e7\u00f5es do presidente do S\u00e3o Paulo, mencionando contatos com Wendell durante a Copa Am\u00e9rica de 2024, o que violaria as regras da entidade. Wendell, que n\u00e3o est\u00e1 nos planos do t\u00e9cnico V\u00edtor Bruno e atuou por apenas 47 minutos nesta temporada, expressou seu desejo de jogar pelo Tricolor paulista, mesmo com propostas de outros clubes brasileiros como Fluminense, Corinthians, Cruzeiro, Gr\u00eamio e Internacional.<\/p>\n\n\n\n<p>Como parte das negocia\u00e7\u00f5es, o S\u00e3o Paulo chegou a oferecer o lateral-direito Jo\u00e3o Moreira como moeda de troca, mas o FC Porto n\u00e3o se mostrou satisfeito com os termos financeiros. Wendell, que est\u00e1 no Porto desde 2021, ap\u00f3s sete anos no Bayer Leverkusen, aguarda a defini\u00e7\u00e3o de seu futuro enquanto o clube portugu\u00eas busca uma solu\u00e7\u00e3o econ\u00f4mica para sua sa\u00edda.<\/p>\n\n\n\n<h2 class=\"wp-block-heading\" id=\"h-declaracao-de-kaua-elias\">Declara\u00e7\u00e3o de Kau\u00e3 Elias<\/h2>\n\n\n\n<p>O Fluminense deu in\u00edcio \u00e0 sua pr\u00e9-temporada no CT Carlos Castilho, mas o atacante Kau\u00e3 Elias chamou a aten\u00e7\u00e3o ao retornar das f\u00e9rias dois dias antes do previsto. O jovem, revelado nas categorias de base do clube, demonstrou comprometimento e vontade de come\u00e7ar sua prepara\u00e7\u00e3o antecipadamente. Em entrevista \u00e0 <em>FluTV<\/em>, Kau\u00e3 destacou sua ansiedade por voltar aos treinamentos e projetou uma temporada de vit\u00f3rias e t\u00edtulos para a torcida tricolor (leia a mat\u00e9ria completa).<\/p>\n\n\n\n<figure class=\"wp-block-image size-large\"><img loading=\"lazy\" decoding=\"async\" width=\"820\" height=\"1024\" src=\"https:\/\/www.gaveanews.com\/wp-content\/uploads\/Kaua-Elias-vibra-apos-marcar-um-gol-pelo-Fluminense-820x1024.webp\" alt=\"\" class=\"wp-image-155609\" srcset=\"https:\/\/www.gaveanews.com\/wp-content\/uploads\/Kaua-Elias-vibra-apos-marcar-um-gol-pelo-Fluminense-820x1024.webp 820w, https:\/\/www.gaveanews.com\/wp-content\/uploads\/Kaua-Elias-vibra-apos-marcar-um-gol-pelo-Fluminense-240x300.webp 240w, https:\/\/www.gaveanews.com\/wp-content\/uploads\/Kaua-Elias-vibra-apos-marcar-um-gol-pelo-Fluminense-768x959.webp 768w, https:\/\/www.gaveanews.com\/wp-content\/uploads\/Kaua-Elias-vibra-apos-marcar-um-gol-pelo-Fluminense-336x420.webp 336w, https:\/\/www.gaveanews.com\/wp-content\/uploads\/Kaua-Elias-vibra-apos-marcar-um-gol-pelo-Fluminense-672x840.webp 672w, https:\/\/www.gaveanews.com\/wp-content\/uploads\/Kaua-Elias-vibra-apos-marcar-um-gol-pelo-Fluminense-640x799.webp 640w, https:\/\/www.gaveanews.com\/wp-content\/uploads\/Kaua-Elias-vibra-apos-marcar-um-gol-pelo-Fluminense-681x851.webp 681w, https:\/\/www.gaveanews.com\/wp-content\/uploads\/Kaua-Elias-vibra-apos-marcar-um-gol-pelo-Fluminense-100x125.webp 100w, https:\/\/www.gaveanews.com\/wp-content\/uploads\/Kaua-Elias-vibra-apos-marcar-um-gol-pelo-Fluminense.webp 1080w\" sizes=\"auto, (max-width: 820px) 100vw, 820px\" \/><figcaption class=\"wp-element-caption\">Kau\u00e3 Elias vibra ap\u00f3s marcar um gol pelo Fluminense (Foto: Reprodu\u00e7\u00e3o\/Instagram)<\/figcaption><\/figure>\n\n\n\n<p>Na temporada de 2024, Kau\u00e3 Elias teve um papel importante, sendo decisivo em momentos cruciais do Campeonato Brasileiro. Ele marcou gols decisivos nas vit\u00f3rias sobre Cuiab\u00e1, Red Bull Bragantino, Bahia e S\u00e3o Paulo, al\u00e9m de ter balan\u00e7ado as redes nos empates contra Crici\u00fama e Gr\u00eamio. Sua contribui\u00e7\u00e3o tamb\u00e9m incluiu uma assist\u00eancia na vit\u00f3ria sobre o Flamengo. Apesar de ter terminado o ano como op\u00e7\u00e3o no banco de reservas, sua efici\u00eancia em campo foi not\u00e1vel.<\/p>\n\n\n\n<p>Agora, o atacante est\u00e1 focado em seu recondicionamento f\u00edsico, participando de trabalhos de fisiologia antes de retomar os treinos no gramado. Sua antecipa\u00e7\u00e3o no retorno reflete n\u00e3o apenas sua determina\u00e7\u00e3o pessoal, mas tamb\u00e9m a ambi\u00e7\u00e3o do Fluminense em come\u00e7ar 2025 com intensidade e foco, mirando grandes conquistas na temporada.<\/p>\n\n\n\n<h2 class=\"wp-block-heading\" id=\"h-alteracao-importante\">Altera\u00e7\u00e3o importante<\/h2>\n\n\n\n<p>A Copa do Brasil de 2025 come\u00e7ar\u00e1 com uma importante mudan\u00e7a no regulamento, anunciada pela Confedera\u00e7\u00e3o Brasileira de Futebol (CBF). A partir desta edi\u00e7\u00e3o, a vantagem do visitante na primeira fase ser\u00e1 eliminada. Antes, em caso de empate, o time visitante avan\u00e7ava automaticamente. Agora, qualquer igualdade no placar levar\u00e1 a disputa para os p\u00eanaltis, garantindo momentos de maior tens\u00e3o e imprevisibilidade para torcedores e jogadores<strong><a href=\"https:\/\/www.gaveanews.com\/index.php\/2025\/01\/06\/cbf-promove-alteracao-importante-para-a-copa-do-brasil-de-2025\/\"> (leia a mat\u00e9ria completa).<\/a><\/strong><\/p>\n\n\n\n<figure class=\"wp-block-image size-large\"><img loading=\"lazy\" decoding=\"async\" width=\"1024\" height=\"683\" src=\"https:\/\/www.gaveanews.com\/wp-content\/uploads\/Escudo-da-CBF-1024x683.webp\" alt=\"\" class=\"wp-image-172597\" srcset=\"https:\/\/www.gaveanews.com\/wp-content\/uploads\/Escudo-da-CBF-1024x683.webp 1024w, https:\/\/www.gaveanews.com\/wp-content\/uploads\/Escudo-da-CBF-300x200.webp 300w, https:\/\/www.gaveanews.com\/wp-content\/uploads\/Escudo-da-CBF-768x512.webp 768w, https:\/\/www.gaveanews.com\/wp-content\/uploads\/Escudo-da-CBF-630x420.webp 630w, https:\/\/www.gaveanews.com\/wp-content\/uploads\/Escudo-da-CBF-1260x840.webp 1260w, https:\/\/www.gaveanews.com\/wp-content\/uploads\/Escudo-da-CBF-640x427.webp 640w, https:\/\/www.gaveanews.com\/wp-content\/uploads\/Escudo-da-CBF-1280x853.webp 1280w, https:\/\/www.gaveanews.com\/wp-content\/uploads\/Escudo-da-CBF-681x454.webp 681w, https:\/\/www.gaveanews.com\/wp-content\/uploads\/Escudo-da-CBF-100x67.webp 100w, https:\/\/www.gaveanews.com\/wp-content\/uploads\/Escudo-da-CBF.webp 1350w\" sizes=\"auto, (max-width: 1024px) 100vw, 1024px\" \/><figcaption class=\"wp-element-caption\">Escudo da CBF (Foto: Reprodu\u00e7\u00e3o)<\/figcaption><\/figure>\n\n\n\n<p>Essa altera\u00e7\u00e3o tem como objetivo tornar a competi\u00e7\u00e3o mais equilibrada e justa. Em edi\u00e7\u00f5es anteriores, o time mandante frequentemente adotava uma postura mais ofensiva para evitar o empate, enquanto o visitante podia se beneficiar jogando de forma mais conservadora. Com a mudan\u00e7a, ambas as equipes precisar\u00e3o buscar o resultado durante os 90 minutos, j\u00e1 que a decis\u00e3o nas penalidades traz um elemento de sorte e aumenta a emo\u00e7\u00e3o do torneio.<\/p>\n\n\n\n<p>A CBF justificou a medida como parte de sua busca por formatos mais competitivos e atrativos, priorizando o m\u00e9rito esportivo. A Copa do Brasil, conhecida por seu car\u00e1ter imprevis\u00edvel, promete ser ainda mais emocionante em 2025, especialmente com o novo regulamento que pode mudar estrat\u00e9gias e nivelar as disputas, aumentando o interesse do p\u00fablico por essa competi\u00e7\u00e3o t\u00e3o tradicional no calend\u00e1rio nacional.<\/p>\n","protected":false},"excerpt":{"rendered":"<p>Nas \u00faltimas horas, o foco das not\u00edcias sobre o Fluminense se concentram nos bastidores do clube, com destaques do dia a dia do time. Por conta deste contexto, leia abaixo um resumo preparado pela equipe do portal G\u00e1vea News para lhe manter muito bem informado! Negocia\u00e7\u00e3o de Wendell O Fluminense tentou contratar o lateral-esquerdo Wendell, [&hellip;]<\/p>\n","protected":false},"author":27,"featured_media":139474,"comment_status":"open","ping_status":"closed","sticky":false,"template":"","format":"standard","meta":{"footnotes":""},"categories":[145],"tags":[],"class_list":["post-208822","post","type-post","status-publish","format-standard","has-post-thumbnail","hentry","category-fluminense"],"yoast_head":"<!-- This site is optimized with the Yoast SEO Premium plugin v24.2 (Yoast SEO v26.9) - https:\/\/yoast.com\/product\/yoast-seo-premium-wordpress\/ -->\n<title>Altera\u00e7\u00e3o importante, declara\u00e7\u00e3o de Kau\u00e3 Elias e negocia\u00e7\u00e3o de Wendell: as \u00faltimas not\u00edcias do Fluminense<\/title>\n<meta name=\"robots\" content=\"index, follow, max-snippet:-1, max-image-preview:large, max-video-preview:-1\" \/>\n<link rel=\"canonical\" href=\"https:\/\/www.gaveanews.com\/index.php\/2025\/01\/07\/alteracao-importante-declaracao-de-kaua-elias-e-negociacao-de-wendell-as-ultimas-noticias-do-fluminense\/\" \/>\n<meta property=\"og:locale\" content=\"pt_BR\" \/>\n<meta property=\"og:type\" content=\"article\" \/>\n<meta property=\"og:title\" content=\"Altera\u00e7\u00e3o importante, declara\u00e7\u00e3o de Kau\u00e3 Elias e negocia\u00e7\u00e3o de Wendell: as \u00faltimas not\u00edcias do Fluminense\" \/>\n<meta property=\"og:description\" content=\"Nas \u00faltimas horas, o foco das not\u00edcias sobre o Fluminense se concentram nos bastidores do clube, com destaques do dia a dia do time. Por conta deste contexto, leia abaixo um resumo preparado pela equipe do portal G\u00e1vea News para lhe manter muito bem informado! Negocia\u00e7\u00e3o de Wendell O Fluminense tentou contratar o lateral-esquerdo Wendell, [&hellip;]\" \/>\n<meta property=\"og:url\" content=\"https:\/\/www.gaveanews.com\/index.php\/2025\/01\/07\/alteracao-importante-declaracao-de-kaua-elias-e-negociacao-de-wendell-as-ultimas-noticias-do-fluminense\/\" \/>\n<meta property=\"og:site_name\" content=\"G\u00e1vea News\" \/>\n<meta property=\"article:publisher\" content=\"https:\/\/facebook.com\/gaveaNews\/\" \/>\n<meta property=\"article:published_time\" content=\"2025-01-07T07:35:00+00:00\" \/>\n<meta property=\"og:image\" content=\"https:\/\/www.gaveanews.com\/wp-content\/uploads\/Bandeira-Fluminense.webp\" \/>\n\t<meta property=\"og:image:width\" content=\"700\" \/>\n\t<meta property=\"og:image:height\" content=\"438\" \/>\n\t<meta property=\"og:image:type\" content=\"image\/jpeg\" \/>\n<meta name=\"author\" content=\"Matheus Felipe\" \/>\n<meta name=\"twitter:card\" content=\"summary_large_image\" \/>\n<meta name=\"twitter:label1\" content=\"Escrito por\" \/>\n\t<meta name=\"twitter:data1\" content=\"Matheus Felipe\" \/>\n\t<meta name=\"twitter:label2\" content=\"Est. tempo de leitura\" \/>\n\t<meta name=\"twitter:data2\" content=\"5 minutos\" \/>\n<script type=\"application\/ld+json\" class=\"yoast-schema-graph\">{\"@context\":\"https:\/\/schema.org\",\"@graph\":[{\"@type\":\"NewsArticle\",\"@id\":\"https:\/\/www.gaveanews.com\/index.php\/2025\/01\/07\/alteracao-importante-declaracao-de-kaua-elias-e-negociacao-de-wendell-as-ultimas-noticias-do-fluminense\/#article\",\"isPartOf\":{\"@id\":\"https:\/\/www.gaveanews.com\/index.php\/2025\/01\/07\/alteracao-importante-declaracao-de-kaua-elias-e-negociacao-de-wendell-as-ultimas-noticias-do-fluminense\/\"},\"author\":{\"name\":\"Matheus Felipe\",\"@id\":\"https:\/\/www.gaveanews.com\/#\/schema\/person\/8207cd4627f56151707418bfc835b2fb\"},\"headline\":\"Altera\u00e7\u00e3o importante, declara\u00e7\u00e3o de Kau\u00e3 Elias e negocia\u00e7\u00e3o de Wendell: as \u00faltimas not\u00edcias do Fluminense\",\"datePublished\":\"2025-01-07T07:35:00+00:00\",\"mainEntityOfPage\":{\"@id\":\"https:\/\/www.gaveanews.com\/index.php\/2025\/01\/07\/alteracao-importante-declaracao-de-kaua-elias-e-negociacao-de-wendell-as-ultimas-noticias-do-fluminense\/\"},\"wordCount\":791,\"commentCount\":0,\"image\":{\"@id\":\"https:\/\/www.gaveanews.com\/index.php\/2025\/01\/07\/alteracao-importante-declaracao-de-kaua-elias-e-negociacao-de-wendell-as-ultimas-noticias-do-fluminense\/#primaryimage\"},\"thumbnailUrl\":\"https:\/\/www.gaveanews.com\/wp-content\/uploads\/Bandeira-Fluminense.webp\",\"articleSection\":[\"Fluminense\"],\"inLanguage\":\"pt-BR\",\"potentialAction\":[{\"@type\":\"CommentAction\",\"name\":\"Comment\",\"target\":[\"https:\/\/www.gaveanews.com\/index.php\/2025\/01\/07\/alteracao-importante-declaracao-de-kaua-elias-e-negociacao-de-wendell-as-ultimas-noticias-do-fluminense\/#respond\"]}],\"copyrightYear\":\"2025\",\"copyrightHolder\":{\"@id\":\"https:\/\/www.gaveanews.com\/#organization\"}},{\"@type\":\"WebPage\",\"@id\":\"https:\/\/www.gaveanews.com\/index.php\/2025\/01\/07\/alteracao-importante-declaracao-de-kaua-elias-e-negociacao-de-wendell-as-ultimas-noticias-do-fluminense\/\",\"url\":\"https:\/\/www.gaveanews.com\/index.php\/2025\/01\/07\/alteracao-importante-declaracao-de-kaua-elias-e-negociacao-de-wendell-as-ultimas-noticias-do-fluminense\/\",\"name\":\"Altera\u00e7\u00e3o importante, declara\u00e7\u00e3o de Kau\u00e3 Elias e negocia\u00e7\u00e3o de Wendell: as \u00faltimas not\u00edcias do Fluminense\",\"isPartOf\":{\"@id\":\"https:\/\/www.gaveanews.com\/#website\"},\"primaryImageOfPage\":{\"@id\":\"https:\/\/www.gaveanews.com\/index.php\/2025\/01\/07\/alteracao-importante-declaracao-de-kaua-elias-e-negociacao-de-wendell-as-ultimas-noticias-do-fluminense\/#primaryimage\"},\"image\":{\"@id\":\"https:\/\/www.gaveanews.com\/index.php\/2025\/01\/07\/alteracao-importante-declaracao-de-kaua-elias-e-negociacao-de-wendell-as-ultimas-noticias-do-fluminense\/#primaryimage\"},\"thumbnailUrl\":\"https:\/\/www.gaveanews.com\/wp-content\/uploads\/Bandeira-Fluminense.webp\",\"datePublished\":\"2025-01-07T07:35:00+00:00\",\"author\":{\"@id\":\"https:\/\/www.gaveanews.com\/#\/schema\/person\/8207cd4627f56151707418bfc835b2fb\"},\"breadcrumb\":{\"@id\":\"https:\/\/www.gaveanews.com\/index.php\/2025\/01\/07\/alteracao-importante-declaracao-de-kaua-elias-e-negociacao-de-wendell-as-ultimas-noticias-do-fluminense\/#breadcrumb\"},\"inLanguage\":\"pt-BR\",\"potentialAction\":[{\"@type\":\"ReadAction\",\"target\":[\"https:\/\/www.gaveanews.com\/index.php\/2025\/01\/07\/alteracao-importante-declaracao-de-kaua-elias-e-negociacao-de-wendell-as-ultimas-noticias-do-fluminense\/\"]}]},{\"@type\":\"ImageObject\",\"inLanguage\":\"pt-BR\",\"@id\":\"https:\/\/www.gaveanews.com\/index.php\/2025\/01\/07\/alteracao-importante-declaracao-de-kaua-elias-e-negociacao-de-wendell-as-ultimas-noticias-do-fluminense\/#primaryimage\",\"url\":\"https:\/\/www.gaveanews.com\/wp-content\/uploads\/Bandeira-Fluminense.webp\",\"contentUrl\":\"https:\/\/www.gaveanews.com\/wp-content\/uploads\/Bandeira-Fluminense.webp\",\"width\":700,\"height\":438,\"caption\":\"Bandeira Fluminense\"},{\"@type\":\"BreadcrumbList\",\"@id\":\"https:\/\/www.gaveanews.com\/index.php\/2025\/01\/07\/alteracao-importante-declaracao-de-kaua-elias-e-negociacao-de-wendell-as-ultimas-noticias-do-fluminense\/#breadcrumb\",\"itemListElement\":[{\"@type\":\"ListItem\",\"position\":1,\"name\":\"Home\",\"item\":\"https:\/\/www.gaveanews.com\/\"},{\"@type\":\"ListItem\",\"position\":2,\"name\":\"Altera\u00e7\u00e3o importante, declara\u00e7\u00e3o de Kau\u00e3 Elias e negocia\u00e7\u00e3o de Wendell: as \u00faltimas not\u00edcias do Fluminense\"}]},{\"@type\":\"WebSite\",\"@id\":\"https:\/\/www.gaveanews.com\/#website\",\"url\":\"https:\/\/www.gaveanews.com\/\",\"name\":\"G\u00e1vea News\",\"description\":\"Veja todas as not\u00edcias sobre o Flamengo: Contrata\u00e7\u00f5es, categorias de base, resultados das partidas, tabela de classifica\u00e7\u00e3o, pr\u00f3ximos jogos!\",\"potentialAction\":[{\"@type\":\"SearchAction\",\"target\":{\"@type\":\"EntryPoint\",\"urlTemplate\":\"https:\/\/www.gaveanews.com\/?s={search_term_string}\"},\"query-input\":{\"@type\":\"PropertyValueSpecification\",\"valueRequired\":true,\"valueName\":\"search_term_string\"}}],\"inLanguage\":\"pt-BR\"},{\"@type\":\"Person\",\"@id\":\"https:\/\/www.gaveanews.com\/#\/schema\/person\/8207cd4627f56151707418bfc835b2fb\",\"name\":\"Matheus Felipe\",\"image\":{\"@type\":\"ImageObject\",\"inLanguage\":\"pt-BR\",\"@id\":\"https:\/\/www.gaveanews.com\/#\/schema\/person\/image\/\",\"url\":\"https:\/\/secure.gravatar.com\/avatar\/a452ffbed9130f726358b298bb3a99ce4bd3c5338411f8440e87e14d74c7c087?s=96&d=mm&r=g\",\"contentUrl\":\"https:\/\/secure.gravatar.com\/avatar\/a452ffbed9130f726358b298bb3a99ce4bd3c5338411f8440e87e14d74c7c087?s=96&d=mm&r=g\",\"caption\":\"Matheus Felipe\"}}]}<\/script>\n<!-- \/ Yoast SEO Premium plugin. -->","yoast_head_json":{"title":"Altera\u00e7\u00e3o importante, declara\u00e7\u00e3o de Kau\u00e3 Elias e negocia\u00e7\u00e3o de Wendell: as \u00faltimas not\u00edcias do Fluminense","robots":{"index":"index","follow":"follow","max-snippet":"max-snippet:-1","max-image-preview":"max-image-preview:large","max-video-preview":"max-video-preview:-1"},"canonical":"https:\/\/www.gaveanews.com\/index.php\/2025\/01\/07\/alteracao-importante-declaracao-de-kaua-elias-e-negociacao-de-wendell-as-ultimas-noticias-do-fluminense\/","og_locale":"pt_BR","og_type":"article","og_title":"Altera\u00e7\u00e3o importante, declara\u00e7\u00e3o de Kau\u00e3 Elias e negocia\u00e7\u00e3o de Wendell: as \u00faltimas not\u00edcias do Fluminense","og_description":"Nas \u00faltimas horas, o foco das not\u00edcias sobre o Fluminense se concentram nos bastidores do clube, com destaques do dia a dia do time. Por conta deste contexto, leia abaixo um resumo preparado pela equipe do portal G\u00e1vea News para lhe manter muito bem informado! Negocia\u00e7\u00e3o de Wendell O Fluminense tentou contratar o lateral-esquerdo Wendell, [&hellip;]","og_url":"https:\/\/www.gaveanews.com\/index.php\/2025\/01\/07\/alteracao-importante-declaracao-de-kaua-elias-e-negociacao-de-wendell-as-ultimas-noticias-do-fluminense\/","og_site_name":"G\u00e1vea News","article_publisher":"https:\/\/facebook.com\/gaveaNews\/","article_published_time":"2025-01-07T07:35:00+00:00","og_image":[{"width":700,"height":438,"url":"https:\/\/www.gaveanews.com\/wp-content\/uploads\/Bandeira-Fluminense.webp","type":"image\/jpeg"}],"author":"Matheus Felipe","twitter_card":"summary_large_image","twitter_misc":{"Escrito por":"Matheus Felipe","Est. tempo de leitura":"5 minutos"},"schema":{"@context":"https:\/\/schema.org","@graph":[{"@type":"NewsArticle","@id":"https:\/\/www.gaveanews.com\/index.php\/2025\/01\/07\/alteracao-importante-declaracao-de-kaua-elias-e-negociacao-de-wendell-as-ultimas-noticias-do-fluminense\/#article","isPartOf":{"@id":"https:\/\/www.gaveanews.com\/index.php\/2025\/01\/07\/alteracao-importante-declaracao-de-kaua-elias-e-negociacao-de-wendell-as-ultimas-noticias-do-fluminense\/"},"author":{"name":"Matheus Felipe","@id":"https:\/\/www.gaveanews.com\/#\/schema\/person\/8207cd4627f56151707418bfc835b2fb"},"headline":"Altera\u00e7\u00e3o importante, declara\u00e7\u00e3o de Kau\u00e3 Elias e negocia\u00e7\u00e3o de Wendell: as \u00faltimas not\u00edcias do Fluminense","datePublished":"2025-01-07T07:35:00+00:00","mainEntityOfPage":{"@id":"https:\/\/www.gaveanews.com\/index.php\/2025\/01\/07\/alteracao-importante-declaracao-de-kaua-elias-e-negociacao-de-wendell-as-ultimas-noticias-do-fluminense\/"},"wordCount":791,"commentCount":0,"image":{"@id":"https:\/\/www.gaveanews.com\/index.php\/2025\/01\/07\/alteracao-importante-declaracao-de-kaua-elias-e-negociacao-de-wendell-as-ultimas-noticias-do-fluminense\/#primaryimage"},"thumbnailUrl":"https:\/\/www.gaveanews.com\/wp-content\/uploads\/Bandeira-Fluminense.webp","articleSection":["Fluminense"],"inLanguage":"pt-BR","potentialAction":[{"@type":"CommentAction","name":"Comment","target":["https:\/\/www.gaveanews.com\/index.php\/2025\/01\/07\/alteracao-importante-declaracao-de-kaua-elias-e-negociacao-de-wendell-as-ultimas-noticias-do-fluminense\/#respond"]}],"copyrightYear":"2025","copyrightHolder":{"@id":"https:\/\/www.gaveanews.com\/#organization"}},{"@type":"WebPage","@id":"https:\/\/www.gaveanews.com\/index.php\/2025\/01\/07\/alteracao-importante-declaracao-de-kaua-elias-e-negociacao-de-wendell-as-ultimas-noticias-do-fluminense\/","url":"https:\/\/www.gaveanews.com\/index.php\/2025\/01\/07\/alteracao-importante-declaracao-de-kaua-elias-e-negociacao-de-wendell-as-ultimas-noticias-do-fluminense\/","name":"Altera\u00e7\u00e3o importante, declara\u00e7\u00e3o de Kau\u00e3 Elias e negocia\u00e7\u00e3o de Wendell: as \u00faltimas not\u00edcias do Fluminense","isPartOf":{"@id":"https:\/\/www.gaveanews.com\/#website"},"primaryImageOfPage":{"@id":"https:\/\/www.gaveanews.com\/index.php\/2025\/01\/07\/alteracao-importante-declaracao-de-kaua-elias-e-negociacao-de-wendell-as-ultimas-noticias-do-fluminense\/#primaryimage"},"image":{"@id":"https:\/\/www.gaveanews.com\/index.php\/2025\/01\/07\/alteracao-importante-declaracao-de-kaua-elias-e-negociacao-de-wendell-as-ultimas-noticias-do-fluminense\/#primaryimage"},"thumbnailUrl":"https:\/\/www.gaveanews.com\/wp-content\/uploads\/Bandeira-Fluminense.webp","datePublished":"2025-01-07T07:35:00+00:00","author":{"@id":"https:\/\/www.gaveanews.com\/#\/schema\/person\/8207cd4627f56151707418bfc835b2fb"},"breadcrumb":{"@id":"https:\/\/www.gaveanews.com\/index.php\/2025\/01\/07\/alteracao-importante-declaracao-de-kaua-elias-e-negociacao-de-wendell-as-ultimas-noticias-do-fluminense\/#breadcrumb"},"inLanguage":"pt-BR","potentialAction":[{"@type":"ReadAction","target":["https:\/\/www.gaveanews.com\/index.php\/2025\/01\/07\/alteracao-importante-declaracao-de-kaua-elias-e-negociacao-de-wendell-as-ultimas-noticias-do-fluminense\/"]}]},{"@type":"ImageObject","inLanguage":"pt-BR","@id":"https:\/\/www.gaveanews.com\/index.php\/2025\/01\/07\/alteracao-importante-declaracao-de-kaua-elias-e-negociacao-de-wendell-as-ultimas-noticias-do-fluminense\/#primaryimage","url":"https:\/\/www.gaveanews.com\/wp-content\/uploads\/Bandeira-Fluminense.webp","contentUrl":"https:\/\/www.gaveanews.com\/wp-content\/uploads\/Bandeira-Fluminense.webp","width":700,"height":438,"caption":"Bandeira Fluminense"},{"@type":"BreadcrumbList","@id":"https:\/\/www.gaveanews.com\/index.php\/2025\/01\/07\/alteracao-importante-declaracao-de-kaua-elias-e-negociacao-de-wendell-as-ultimas-noticias-do-fluminense\/#breadcrumb","itemListElement":[{"@type":"ListItem","position":1,"name":"Home","item":"https:\/\/www.gaveanews.com\/"},{"@type":"ListItem","position":2,"name":"Altera\u00e7\u00e3o importante, declara\u00e7\u00e3o de Kau\u00e3 Elias e negocia\u00e7\u00e3o de Wendell: as \u00faltimas not\u00edcias do Fluminense"}]},{"@type":"WebSite","@id":"https:\/\/www.gaveanews.com\/#website","url":"https:\/\/www.gaveanews.com\/","name":"G\u00e1vea News","description":"Veja todas as not\u00edcias sobre o Flamengo: Contrata\u00e7\u00f5es, categorias de base, resultados das partidas, tabela de classifica\u00e7\u00e3o, pr\u00f3ximos jogos!","potentialAction":[{"@type":"SearchAction","target":{"@type":"EntryPoint","urlTemplate":"https:\/\/www.gaveanews.com\/?s={search_term_string}"},"query-input":{"@type":"PropertyValueSpecification","valueRequired":true,"valueName":"search_term_string"}}],"inLanguage":"pt-BR"},{"@type":"Person","@id":"https:\/\/www.gaveanews.com\/#\/schema\/person\/8207cd4627f56151707418bfc835b2fb","name":"Matheus Felipe","image":{"@type":"ImageObject","inLanguage":"pt-BR","@id":"https:\/\/www.gaveanews.com\/#\/schema\/person\/image\/","url":"https:\/\/secure.gravatar.com\/avatar\/a452ffbed9130f726358b298bb3a99ce4bd3c5338411f8440e87e14d74c7c087?s=96&d=mm&r=g","contentUrl":"https:\/\/secure.gravatar.com\/avatar\/a452ffbed9130f726358b298bb3a99ce4bd3c5338411f8440e87e14d74c7c087?s=96&d=mm&r=g","caption":"Matheus Felipe"}}]}},"_links":{"self":[{"href":"https:\/\/www.gaveanews.com\/index.php\/wp-json\/wp\/v2\/posts\/208822","targetHints":{"allow":["GET"]}}],"collection":[{"href":"https:\/\/www.gaveanews.com\/index.php\/wp-json\/wp\/v2\/posts"}],"about":[{"href":"https:\/\/www.gaveanews.com\/index.php\/wp-json\/wp\/v2\/types\/post"}],"author":[{"embeddable":true,"href":"https:\/\/www.gaveanews.com\/index.php\/wp-json\/wp\/v2\/users\/27"}],"replies":[{"embeddable":true,"href":"https:\/\/www.gaveanews.com\/index.php\/wp-json\/wp\/v2\/comments?post=208822"}],"version-history":[{"count":1,"href":"https:\/\/www.gaveanews.com\/index.php\/wp-json\/wp\/v2\/posts\/208822\/revisions"}],"predecessor-version":[{"id":208829,"href":"https:\/\/www.gaveanews.com\/index.php\/wp-json\/wp\/v2\/posts\/208822\/revisions\/208829"}],"wp:featuredmedia":[{"embeddable":true,"href":"https:\/\/www.gaveanews.com\/index.php\/wp-json\/wp\/v2\/media\/139474"}],"wp:attachment":[{"href":"https:\/\/www.gaveanews.com\/index.php\/wp-json\/wp\/v2\/media?parent=208822"}],"wp:term":[{"taxonomy":"category","embeddable":true,"href":"https:\/\/www.gaveanews.com\/index.php\/wp-json\/wp\/v2\/categories?post=208822"},{"taxonomy":"post_tag","embeddable":true,"href":"https:\/\/www.gaveanews.com\/index.php\/wp-json\/wp\/v2\/tags?post=208822"}],"curies":[{"name":"wp","href":"https:\/\/api.w.org\/{rel}","templated":true}]}}