{"id":208840,"date":"2025-01-07T04:55:00","date_gmt":"2025-01-07T07:55:00","guid":{"rendered":"https:\/\/www.gaveanews.com\/?p=208840"},"modified":"2025-01-07T04:00:21","modified_gmt":"2025-01-07T07:00:21","slug":"recado-de-gustavo-quinteros-declaracao-de-reinaldo-e-reforcos-para-2025-as-ultimas-noticias-do-gremio","status":"publish","type":"post","link":"https:\/\/www.gaveanews.com\/index.php\/2025\/01\/07\/recado-de-gustavo-quinteros-declaracao-de-reinaldo-e-reforcos-para-2025-as-ultimas-noticias-do-gremio\/","title":{"rendered":"Recado de Gustavo Quinteros, declara\u00e7\u00e3o de Reinaldo e refor\u00e7os para 2025: as \u00faltimas not\u00edcias do Gr\u00eamio"},"content":{"rendered":"\n<p>Nas \u00faltimas horas, o foco das not\u00edcias sobre o Gr\u00eamio se concentram nos bastidores do clube, com destaques do dia a dia do time.<\/p>\n\n\n\n<p>Por conta deste contexto, leia abaixo um resumo preparado pela equipe do portal G\u00e1vea News para lhe manter muito bem informado!<\/p>\n\n\n\n<h2 class=\"wp-block-heading\" id=\"h-reforcos-para-2025\">Refor\u00e7os para 2025<\/h2>\n\n\n\n<p>O Gr\u00eamio apresentou oficialmente Gustavo Quinteros como seu novo treinador, em coletiva realizada no CT Luiz Carvalho. O t\u00e9cnico argentino, que conquistou o Campeonato Argentino pelo V\u00e9lez Sarsfield, chega com contrato at\u00e9 o final de 2025. Em seu discurso, Quinteros destacou a grandeza do Gr\u00eamio e a necessidade de construir uma equipe competitiva, valorizando tanto os jogadores experientes quanto os jovens talentos da base.<\/p>\n\n\n\n<figure class=\"wp-block-image size-large\"><img loading=\"lazy\" decoding=\"async\" width=\"1024\" height=\"684\" src=\"https:\/\/www.gaveanews.com\/wp-content\/uploads\/Jogadores-do-Gremio-durante-partida-do-Brasileirao-em-2024-1024x684.webp\" alt=\"\" class=\"wp-image-154838\" srcset=\"https:\/\/www.gaveanews.com\/wp-content\/uploads\/Jogadores-do-Gremio-durante-partida-do-Brasileirao-em-2024-1024x684.webp 1024w, https:\/\/www.gaveanews.com\/wp-content\/uploads\/Jogadores-do-Gremio-durante-partida-do-Brasileirao-em-2024-300x200.webp 300w, https:\/\/www.gaveanews.com\/wp-content\/uploads\/Jogadores-do-Gremio-durante-partida-do-Brasileirao-em-2024-768x513.webp 768w, https:\/\/www.gaveanews.com\/wp-content\/uploads\/Jogadores-do-Gremio-durante-partida-do-Brasileirao-em-2024-629x420.webp 629w, https:\/\/www.gaveanews.com\/wp-content\/uploads\/Jogadores-do-Gremio-durante-partida-do-Brasileirao-em-2024-1257x840.webp 1257w, https:\/\/www.gaveanews.com\/wp-content\/uploads\/Jogadores-do-Gremio-durante-partida-do-Brasileirao-em-2024-537x360.webp 537w, https:\/\/www.gaveanews.com\/wp-content\/uploads\/Jogadores-do-Gremio-durante-partida-do-Brasileirao-em-2024-640x428.webp 640w, https:\/\/www.gaveanews.com\/wp-content\/uploads\/Jogadores-do-Gremio-durante-partida-do-Brasileirao-em-2024-1280x855.webp 1280w, https:\/\/www.gaveanews.com\/wp-content\/uploads\/Jogadores-do-Gremio-durante-partida-do-Brasileirao-em-2024-681x455.webp 681w, https:\/\/www.gaveanews.com\/wp-content\/uploads\/Jogadores-do-Gremio-durante-partida-do-Brasileirao-em-2024-1362x910.webp 1362w, https:\/\/www.gaveanews.com\/wp-content\/uploads\/Jogadores-do-Gremio-durante-partida-do-Brasileirao-em-2024-100x67.webp 100w, https:\/\/www.gaveanews.com\/wp-content\/uploads\/Jogadores-do-Gremio-durante-partida-do-Brasileirao-em-2024.webp 1440w\" sizes=\"auto, (max-width: 1024px) 100vw, 1024px\" \/><figcaption class=\"wp-element-caption\">Jogadores do Gr\u00eamio durante partida do Brasileir\u00e3o em 2024 (Foto: Reprodu\u00e7\u00e3o\/Gr\u00eamio)<\/figcaption><\/figure>\n\n\n\n<p>Durante a coletiva, Quinteros foi enf\u00e1tico ao afirmar que refor\u00e7os s\u00e3o prioridade para a temporada. Entre as posi\u00e7\u00f5es identificadas est\u00e3o laterais, um volante, um atacante de lado para substituir Soteldo, e um zagueiro central. Ele garantiu que est\u00e1 em contato direto com a diretoria para alinhar a busca por atletas com o perfil ideal para o clube.<\/p>\n\n\n\n<p>A chegada do novo treinador gerou expectativa na torcida, que espera ver uma equipe mais s\u00f3lida em 2025. Al\u00e9m de refor\u00e7ar o elenco, Quinteros tamb\u00e9m pretende explorar o potencial das categorias de base, promovendo uma integra\u00e7\u00e3o que fortale\u00e7a o time e mantenha a tradi\u00e7\u00e3o formadora do Gr\u00eamio.<\/p>\n\n\n\n<h2 class=\"wp-block-heading\" id=\"h-declaracao-de-reinaldo\">Declara\u00e7\u00e3o de Reinaldo<\/h2>\n\n\n\n<p>O lateral-direito Reinaldo, ex-Gr\u00eamio, foi oficialmente apresentado como refor\u00e7o do Mirassol para a temporada 2025. Aos 35 anos, o jogador chega com a miss\u00e3o de ajudar o clube em sua primeira participa\u00e7\u00e3o na S\u00e9rie A do Campeonato Brasileiro, al\u00e9m do Campeonato Paulista. <\/p>\n\n\n\n<figure class=\"wp-block-image size-large\"><img loading=\"lazy\" decoding=\"async\" width=\"1024\" height=\"768\" src=\"https:\/\/www.gaveanews.com\/wp-content\/uploads\/Reinaldo-apresentado-pelo-Gremio-1024x768.webp\" alt=\"\" class=\"wp-image-167367\" srcset=\"https:\/\/www.gaveanews.com\/wp-content\/uploads\/Reinaldo-apresentado-pelo-Gremio-1024x768.webp 1024w, https:\/\/www.gaveanews.com\/wp-content\/uploads\/Reinaldo-apresentado-pelo-Gremio-300x225.webp 300w, https:\/\/www.gaveanews.com\/wp-content\/uploads\/Reinaldo-apresentado-pelo-Gremio-768x576.webp 768w, https:\/\/www.gaveanews.com\/wp-content\/uploads\/Reinaldo-apresentado-pelo-Gremio-1536x1152.webp 1536w, https:\/\/www.gaveanews.com\/wp-content\/uploads\/Reinaldo-apresentado-pelo-Gremio-560x420.webp 560w, https:\/\/www.gaveanews.com\/wp-content\/uploads\/Reinaldo-apresentado-pelo-Gremio-1120x840.webp 1120w, https:\/\/www.gaveanews.com\/wp-content\/uploads\/Reinaldo-apresentado-pelo-Gremio-80x60.webp 80w, https:\/\/www.gaveanews.com\/wp-content\/uploads\/Reinaldo-apresentado-pelo-Gremio-160x120.webp 160w, https:\/\/www.gaveanews.com\/wp-content\/uploads\/Reinaldo-apresentado-pelo-Gremio-100x75.webp 100w, https:\/\/www.gaveanews.com\/wp-content\/uploads\/Reinaldo-apresentado-pelo-Gremio-200x150.webp 200w, https:\/\/www.gaveanews.com\/wp-content\/uploads\/Reinaldo-apresentado-pelo-Gremio-180x135.webp 180w, https:\/\/www.gaveanews.com\/wp-content\/uploads\/Reinaldo-apresentado-pelo-Gremio-360x270.webp 360w, https:\/\/www.gaveanews.com\/wp-content\/uploads\/Reinaldo-apresentado-pelo-Gremio-238x178.webp 238w, https:\/\/www.gaveanews.com\/wp-content\/uploads\/Reinaldo-apresentado-pelo-Gremio-476x356.webp 476w, https:\/\/www.gaveanews.com\/wp-content\/uploads\/Reinaldo-apresentado-pelo-Gremio-640x480.webp 640w, https:\/\/www.gaveanews.com\/wp-content\/uploads\/Reinaldo-apresentado-pelo-Gremio-1280x960.webp 1280w, https:\/\/www.gaveanews.com\/wp-content\/uploads\/Reinaldo-apresentado-pelo-Gremio-681x511.webp 681w, https:\/\/www.gaveanews.com\/wp-content\/uploads\/Reinaldo-apresentado-pelo-Gremio-1362x1022.webp 1362w, https:\/\/www.gaveanews.com\/wp-content\/uploads\/Reinaldo-apresentado-pelo-Gremio.webp 1600w\" sizes=\"auto, (max-width: 1024px) 100vw, 1024px\" \/><figcaption class=\"wp-element-caption\">Reinaldo apresentado pelo Gr\u00eamio (Foto: Lucas Uebel\/Gr\u00eamio)<\/figcaption><\/figure>\n\n\n\n<p>Com um contrato v\u00e1lido at\u00e9 o final de 2025, Reinaldo destacou a estrutura do clube e sua motiva\u00e7\u00e3o em contribuir para o crescimento do Mirassol no cen\u00e1rio nacional.<\/p>\n\n\n\n<p>Reinaldo, que j\u00e1 atuou por clubes como S\u00e3o Paulo, Chapecoense e Sport, n\u00e3o teve seu v\u00ednculo renovado pelo Gr\u00eamio ap\u00f3s duas temporadas. Na apresenta\u00e7\u00e3o, o lateral elogiou o centro de treinamento e enfatizou sua vontade de se dedicar aos treinos e jogos para conquistar resultados expressivos. Ele j\u00e1 participou de atividades de integra\u00e7\u00e3o com o elenco e a comiss\u00e3o t\u00e9cnica.<\/p>\n\n\n\n<p>A contrata\u00e7\u00e3o do lateral \u00e9 parte do planejamento estrat\u00e9gico do Mirassol para montar um elenco competitivo. O clube, que vem ganhando destaque por sua organiza\u00e7\u00e3o, j\u00e1 anunciou seis refor\u00e7os e espera continuar surpreendendo em 2025, especialmente em sua estreia na elite do futebol brasileiro.<\/p>\n\n\n\n<h2 class=\"wp-block-heading\" id=\"h-recado-de-gustavo-quinteros\">Recado de Gustavo Quinteros<\/h2>\n\n\n\n<p>O t\u00e9cnico Gustavo Quinteros, novo comandante do Gr\u00eamio, concedeu sua primeira entrevista \u00e0 TV oficial do clube, destacando suas metas para 2025. Quinteros revelou que as negocia\u00e7\u00f5es com o clube come\u00e7aram logo ap\u00f3s o fim do Campeonato Argentino e ressaltou a r\u00e1pida evolu\u00e7\u00e3o do acordo devido ao alinhamento de objetivos entre as partes.<\/p>\n\n\n\n<figure class=\"wp-block-image size-large\"><img loading=\"lazy\" decoding=\"async\" width=\"1024\" height=\"682\" src=\"https:\/\/www.gaveanews.com\/wp-content\/uploads\/Escudo-do-Gremio-1024x682.webp\" alt=\"\" class=\"wp-image-154785\" srcset=\"https:\/\/www.gaveanews.com\/wp-content\/uploads\/Escudo-do-Gremio-1024x682.webp 1024w, https:\/\/www.gaveanews.com\/wp-content\/uploads\/Escudo-do-Gremio-300x200.webp 300w, https:\/\/www.gaveanews.com\/wp-content\/uploads\/Escudo-do-Gremio-768x512.webp 768w, https:\/\/www.gaveanews.com\/wp-content\/uploads\/Escudo-do-Gremio-630x420.webp 630w, https:\/\/www.gaveanews.com\/wp-content\/uploads\/Escudo-do-Gremio-640x426.webp 640w, https:\/\/www.gaveanews.com\/wp-content\/uploads\/Escudo-do-Gremio-681x454.webp 681w, https:\/\/www.gaveanews.com\/wp-content\/uploads\/Escudo-do-Gremio-100x67.webp 100w, https:\/\/www.gaveanews.com\/wp-content\/uploads\/Escudo-do-Gremio.webp 1163w\" sizes=\"auto, (max-width: 1024px) 100vw, 1024px\" \/><figcaption class=\"wp-element-caption\">Escudo do Gr\u00eamio (Foto: Reprodu\u00e7\u00e3o\/Gr\u00eamio)<\/figcaption><\/figure>\n\n\n\n<p>O treinador enfatizou que o foco principal ser\u00e1 melhorar o desempenho do Gr\u00eamio em rela\u00e7\u00e3o \u00e0 temporada passada, al\u00e9m de buscar t\u00edtulos e consolidar o time entre os protagonistas do futebol brasileiro. Para atingir essas metas, ele planeja refor\u00e7ar o elenco atual com novas contrata\u00e7\u00f5es estrat\u00e9gicas.<\/p>\n\n\n\n<p>Quinteros tamb\u00e9m pediu o comprometimento de todos no clube, desde os jogadores at\u00e9 a comiss\u00e3o t\u00e9cnica e a diretoria, apontando que o sucesso s\u00f3 ser\u00e1 alcan\u00e7ado com um esfor\u00e7o coletivo. Motivado pelo desafio, o t\u00e9cnico ressaltou a grandeza do Gr\u00eamio e a paix\u00e3o de sua torcida como est\u00edmulos para essa nova etapa.<\/p>\n","protected":false},"excerpt":{"rendered":"<p>Nas \u00faltimas horas, o foco das not\u00edcias sobre o Gr\u00eamio se concentram nos bastidores do clube, com destaques do dia a dia do time. Por conta deste contexto, leia abaixo um resumo preparado pela equipe do portal G\u00e1vea News para lhe manter muito bem informado! Refor\u00e7os para 2025 O Gr\u00eamio apresentou oficialmente Gustavo Quinteros como [&hellip;]<\/p>\n","protected":false},"author":27,"featured_media":165925,"comment_status":"open","ping_status":"closed","sticky":false,"template":"","format":"standard","meta":{"footnotes":""},"categories":[147],"tags":[],"class_list":["post-208840","post","type-post","status-publish","format-standard","has-post-thumbnail","hentry","category-gremio"],"yoast_head":"<!-- This site is optimized with the Yoast SEO Premium plugin v24.2 (Yoast SEO v26.9) - https:\/\/yoast.com\/product\/yoast-seo-premium-wordpress\/ -->\n<title>Recado de Gustavo Quinteros, declara\u00e7\u00e3o de Reinaldo e refor\u00e7os para 2025: as \u00faltimas not\u00edcias do Gr\u00eamio<\/title>\n<meta name=\"robots\" content=\"index, follow, max-snippet:-1, max-image-preview:large, max-video-preview:-1\" \/>\n<link rel=\"canonical\" href=\"https:\/\/www.gaveanews.com\/index.php\/2025\/01\/07\/recado-de-gustavo-quinteros-declaracao-de-reinaldo-e-reforcos-para-2025-as-ultimas-noticias-do-gremio\/\" \/>\n<meta property=\"og:locale\" content=\"pt_BR\" \/>\n<meta property=\"og:type\" content=\"article\" \/>\n<meta property=\"og:title\" content=\"Recado de Gustavo Quinteros, declara\u00e7\u00e3o de Reinaldo e refor\u00e7os para 2025: as \u00faltimas not\u00edcias do Gr\u00eamio\" \/>\n<meta property=\"og:description\" content=\"Nas \u00faltimas horas, o foco das not\u00edcias sobre o Gr\u00eamio se concentram nos bastidores do clube, com destaques do dia a dia do time. Por conta deste contexto, leia abaixo um resumo preparado pela equipe do portal G\u00e1vea News para lhe manter muito bem informado! Refor\u00e7os para 2025 O Gr\u00eamio apresentou oficialmente Gustavo Quinteros como [&hellip;]\" \/>\n<meta property=\"og:url\" content=\"https:\/\/www.gaveanews.com\/index.php\/2025\/01\/07\/recado-de-gustavo-quinteros-declaracao-de-reinaldo-e-reforcos-para-2025-as-ultimas-noticias-do-gremio\/\" \/>\n<meta property=\"og:site_name\" content=\"G\u00e1vea News\" \/>\n<meta property=\"article:publisher\" content=\"https:\/\/facebook.com\/gaveaNews\/\" \/>\n<meta property=\"article:published_time\" content=\"2025-01-07T07:55:00+00:00\" \/>\n<meta property=\"og:image\" content=\"https:\/\/www.gaveanews.com\/wp-content\/uploads\/Bandeira-do-Gremio.webp\" \/>\n\t<meta property=\"og:image:width\" content=\"1043\" \/>\n\t<meta property=\"og:image:height\" content=\"695\" \/>\n\t<meta property=\"og:image:type\" content=\"image\/webp\" \/>\n<meta name=\"author\" content=\"Matheus Felipe\" \/>\n<meta name=\"twitter:card\" content=\"summary_large_image\" \/>\n<meta name=\"twitter:label1\" content=\"Escrito por\" \/>\n\t<meta name=\"twitter:data1\" content=\"Matheus Felipe\" \/>\n\t<meta name=\"twitter:label2\" content=\"Est. tempo de leitura\" \/>\n\t<meta name=\"twitter:data2\" content=\"4 minutos\" \/>\n<script type=\"application\/ld+json\" class=\"yoast-schema-graph\">{\"@context\":\"https:\/\/schema.org\",\"@graph\":[{\"@type\":\"NewsArticle\",\"@id\":\"https:\/\/www.gaveanews.com\/index.php\/2025\/01\/07\/recado-de-gustavo-quinteros-declaracao-de-reinaldo-e-reforcos-para-2025-as-ultimas-noticias-do-gremio\/#article\",\"isPartOf\":{\"@id\":\"https:\/\/www.gaveanews.com\/index.php\/2025\/01\/07\/recado-de-gustavo-quinteros-declaracao-de-reinaldo-e-reforcos-para-2025-as-ultimas-noticias-do-gremio\/\"},\"author\":{\"name\":\"Matheus Felipe\",\"@id\":\"https:\/\/www.gaveanews.com\/#\/schema\/person\/8207cd4627f56151707418bfc835b2fb\"},\"headline\":\"Recado de Gustavo Quinteros, declara\u00e7\u00e3o de Reinaldo e refor\u00e7os para 2025: as \u00faltimas not\u00edcias do Gr\u00eamio\",\"datePublished\":\"2025-01-07T07:55:00+00:00\",\"mainEntityOfPage\":{\"@id\":\"https:\/\/www.gaveanews.com\/index.php\/2025\/01\/07\/recado-de-gustavo-quinteros-declaracao-de-reinaldo-e-reforcos-para-2025-as-ultimas-noticias-do-gremio\/\"},\"wordCount\":657,\"commentCount\":0,\"image\":{\"@id\":\"https:\/\/www.gaveanews.com\/index.php\/2025\/01\/07\/recado-de-gustavo-quinteros-declaracao-de-reinaldo-e-reforcos-para-2025-as-ultimas-noticias-do-gremio\/#primaryimage\"},\"thumbnailUrl\":\"https:\/\/www.gaveanews.com\/wp-content\/uploads\/Bandeira-do-Gremio.webp\",\"articleSection\":[\"Gr\u00eamio\"],\"inLanguage\":\"pt-BR\",\"potentialAction\":[{\"@type\":\"CommentAction\",\"name\":\"Comment\",\"target\":[\"https:\/\/www.gaveanews.com\/index.php\/2025\/01\/07\/recado-de-gustavo-quinteros-declaracao-de-reinaldo-e-reforcos-para-2025-as-ultimas-noticias-do-gremio\/#respond\"]}],\"copyrightYear\":\"2025\",\"copyrightHolder\":{\"@id\":\"https:\/\/www.gaveanews.com\/#organization\"}},{\"@type\":\"WebPage\",\"@id\":\"https:\/\/www.gaveanews.com\/index.php\/2025\/01\/07\/recado-de-gustavo-quinteros-declaracao-de-reinaldo-e-reforcos-para-2025-as-ultimas-noticias-do-gremio\/\",\"url\":\"https:\/\/www.gaveanews.com\/index.php\/2025\/01\/07\/recado-de-gustavo-quinteros-declaracao-de-reinaldo-e-reforcos-para-2025-as-ultimas-noticias-do-gremio\/\",\"name\":\"Recado de Gustavo Quinteros, declara\u00e7\u00e3o de Reinaldo e refor\u00e7os para 2025: as \u00faltimas not\u00edcias do Gr\u00eamio\",\"isPartOf\":{\"@id\":\"https:\/\/www.gaveanews.com\/#website\"},\"primaryImageOfPage\":{\"@id\":\"https:\/\/www.gaveanews.com\/index.php\/2025\/01\/07\/recado-de-gustavo-quinteros-declaracao-de-reinaldo-e-reforcos-para-2025-as-ultimas-noticias-do-gremio\/#primaryimage\"},\"image\":{\"@id\":\"https:\/\/www.gaveanews.com\/index.php\/2025\/01\/07\/recado-de-gustavo-quinteros-declaracao-de-reinaldo-e-reforcos-para-2025-as-ultimas-noticias-do-gremio\/#primaryimage\"},\"thumbnailUrl\":\"https:\/\/www.gaveanews.com\/wp-content\/uploads\/Bandeira-do-Gremio.webp\",\"datePublished\":\"2025-01-07T07:55:00+00:00\",\"author\":{\"@id\":\"https:\/\/www.gaveanews.com\/#\/schema\/person\/8207cd4627f56151707418bfc835b2fb\"},\"breadcrumb\":{\"@id\":\"https:\/\/www.gaveanews.com\/index.php\/2025\/01\/07\/recado-de-gustavo-quinteros-declaracao-de-reinaldo-e-reforcos-para-2025-as-ultimas-noticias-do-gremio\/#breadcrumb\"},\"inLanguage\":\"pt-BR\",\"potentialAction\":[{\"@type\":\"ReadAction\",\"target\":[\"https:\/\/www.gaveanews.com\/index.php\/2025\/01\/07\/recado-de-gustavo-quinteros-declaracao-de-reinaldo-e-reforcos-para-2025-as-ultimas-noticias-do-gremio\/\"]}]},{\"@type\":\"ImageObject\",\"inLanguage\":\"pt-BR\",\"@id\":\"https:\/\/www.gaveanews.com\/index.php\/2025\/01\/07\/recado-de-gustavo-quinteros-declaracao-de-reinaldo-e-reforcos-para-2025-as-ultimas-noticias-do-gremio\/#primaryimage\",\"url\":\"https:\/\/www.gaveanews.com\/wp-content\/uploads\/Bandeira-do-Gremio.webp\",\"contentUrl\":\"https:\/\/www.gaveanews.com\/wp-content\/uploads\/Bandeira-do-Gremio.webp\",\"width\":1043,\"height\":695,\"caption\":\"Bandeira do Gr\u00eamio (Foto: Reprodu\u00e7\u00e3o\/Gr\u00eamio)\"},{\"@type\":\"BreadcrumbList\",\"@id\":\"https:\/\/www.gaveanews.com\/index.php\/2025\/01\/07\/recado-de-gustavo-quinteros-declaracao-de-reinaldo-e-reforcos-para-2025-as-ultimas-noticias-do-gremio\/#breadcrumb\",\"itemListElement\":[{\"@type\":\"ListItem\",\"position\":1,\"name\":\"Home\",\"item\":\"https:\/\/www.gaveanews.com\/\"},{\"@type\":\"ListItem\",\"position\":2,\"name\":\"Recado de Gustavo Quinteros, declara\u00e7\u00e3o de Reinaldo e refor\u00e7os para 2025: as \u00faltimas not\u00edcias do Gr\u00eamio\"}]},{\"@type\":\"WebSite\",\"@id\":\"https:\/\/www.gaveanews.com\/#website\",\"url\":\"https:\/\/www.gaveanews.com\/\",\"name\":\"G\u00e1vea News\",\"description\":\"Veja todas as not\u00edcias sobre o Flamengo: Contrata\u00e7\u00f5es, categorias de base, resultados das partidas, tabela de classifica\u00e7\u00e3o, pr\u00f3ximos jogos!\",\"potentialAction\":[{\"@type\":\"SearchAction\",\"target\":{\"@type\":\"EntryPoint\",\"urlTemplate\":\"https:\/\/www.gaveanews.com\/?s={search_term_string}\"},\"query-input\":{\"@type\":\"PropertyValueSpecification\",\"valueRequired\":true,\"valueName\":\"search_term_string\"}}],\"inLanguage\":\"pt-BR\"},{\"@type\":\"Person\",\"@id\":\"https:\/\/www.gaveanews.com\/#\/schema\/person\/8207cd4627f56151707418bfc835b2fb\",\"name\":\"Matheus Felipe\",\"image\":{\"@type\":\"ImageObject\",\"inLanguage\":\"pt-BR\",\"@id\":\"https:\/\/www.gaveanews.com\/#\/schema\/person\/image\/\",\"url\":\"https:\/\/secure.gravatar.com\/avatar\/a452ffbed9130f726358b298bb3a99ce4bd3c5338411f8440e87e14d74c7c087?s=96&d=mm&r=g\",\"contentUrl\":\"https:\/\/secure.gravatar.com\/avatar\/a452ffbed9130f726358b298bb3a99ce4bd3c5338411f8440e87e14d74c7c087?s=96&d=mm&r=g\",\"caption\":\"Matheus Felipe\"}}]}<\/script>\n<!-- \/ Yoast SEO Premium plugin. -->","yoast_head_json":{"title":"Recado de Gustavo Quinteros, declara\u00e7\u00e3o de Reinaldo e refor\u00e7os para 2025: as \u00faltimas not\u00edcias do Gr\u00eamio","robots":{"index":"index","follow":"follow","max-snippet":"max-snippet:-1","max-image-preview":"max-image-preview:large","max-video-preview":"max-video-preview:-1"},"canonical":"https:\/\/www.gaveanews.com\/index.php\/2025\/01\/07\/recado-de-gustavo-quinteros-declaracao-de-reinaldo-e-reforcos-para-2025-as-ultimas-noticias-do-gremio\/","og_locale":"pt_BR","og_type":"article","og_title":"Recado de Gustavo Quinteros, declara\u00e7\u00e3o de Reinaldo e refor\u00e7os para 2025: as \u00faltimas not\u00edcias do Gr\u00eamio","og_description":"Nas \u00faltimas horas, o foco das not\u00edcias sobre o Gr\u00eamio se concentram nos bastidores do clube, com destaques do dia a dia do time. Por conta deste contexto, leia abaixo um resumo preparado pela equipe do portal G\u00e1vea News para lhe manter muito bem informado! Refor\u00e7os para 2025 O Gr\u00eamio apresentou oficialmente Gustavo Quinteros como [&hellip;]","og_url":"https:\/\/www.gaveanews.com\/index.php\/2025\/01\/07\/recado-de-gustavo-quinteros-declaracao-de-reinaldo-e-reforcos-para-2025-as-ultimas-noticias-do-gremio\/","og_site_name":"G\u00e1vea News","article_publisher":"https:\/\/facebook.com\/gaveaNews\/","article_published_time":"2025-01-07T07:55:00+00:00","og_image":[{"width":1043,"height":695,"url":"https:\/\/www.gaveanews.com\/wp-content\/uploads\/Bandeira-do-Gremio.webp","type":"image\/webp"}],"author":"Matheus Felipe","twitter_card":"summary_large_image","twitter_misc":{"Escrito por":"Matheus Felipe","Est. tempo de leitura":"4 minutos"},"schema":{"@context":"https:\/\/schema.org","@graph":[{"@type":"NewsArticle","@id":"https:\/\/www.gaveanews.com\/index.php\/2025\/01\/07\/recado-de-gustavo-quinteros-declaracao-de-reinaldo-e-reforcos-para-2025-as-ultimas-noticias-do-gremio\/#article","isPartOf":{"@id":"https:\/\/www.gaveanews.com\/index.php\/2025\/01\/07\/recado-de-gustavo-quinteros-declaracao-de-reinaldo-e-reforcos-para-2025-as-ultimas-noticias-do-gremio\/"},"author":{"name":"Matheus Felipe","@id":"https:\/\/www.gaveanews.com\/#\/schema\/person\/8207cd4627f56151707418bfc835b2fb"},"headline":"Recado de Gustavo Quinteros, declara\u00e7\u00e3o de Reinaldo e refor\u00e7os para 2025: as \u00faltimas not\u00edcias do Gr\u00eamio","datePublished":"2025-01-07T07:55:00+00:00","mainEntityOfPage":{"@id":"https:\/\/www.gaveanews.com\/index.php\/2025\/01\/07\/recado-de-gustavo-quinteros-declaracao-de-reinaldo-e-reforcos-para-2025-as-ultimas-noticias-do-gremio\/"},"wordCount":657,"commentCount":0,"image":{"@id":"https:\/\/www.gaveanews.com\/index.php\/2025\/01\/07\/recado-de-gustavo-quinteros-declaracao-de-reinaldo-e-reforcos-para-2025-as-ultimas-noticias-do-gremio\/#primaryimage"},"thumbnailUrl":"https:\/\/www.gaveanews.com\/wp-content\/uploads\/Bandeira-do-Gremio.webp","articleSection":["Gr\u00eamio"],"inLanguage":"pt-BR","potentialAction":[{"@type":"CommentAction","name":"Comment","target":["https:\/\/www.gaveanews.com\/index.php\/2025\/01\/07\/recado-de-gustavo-quinteros-declaracao-de-reinaldo-e-reforcos-para-2025-as-ultimas-noticias-do-gremio\/#respond"]}],"copyrightYear":"2025","copyrightHolder":{"@id":"https:\/\/www.gaveanews.com\/#organization"}},{"@type":"WebPage","@id":"https:\/\/www.gaveanews.com\/index.php\/2025\/01\/07\/recado-de-gustavo-quinteros-declaracao-de-reinaldo-e-reforcos-para-2025-as-ultimas-noticias-do-gremio\/","url":"https:\/\/www.gaveanews.com\/index.php\/2025\/01\/07\/recado-de-gustavo-quinteros-declaracao-de-reinaldo-e-reforcos-para-2025-as-ultimas-noticias-do-gremio\/","name":"Recado de Gustavo Quinteros, declara\u00e7\u00e3o de Reinaldo e refor\u00e7os para 2025: as \u00faltimas not\u00edcias do Gr\u00eamio","isPartOf":{"@id":"https:\/\/www.gaveanews.com\/#website"},"primaryImageOfPage":{"@id":"https:\/\/www.gaveanews.com\/index.php\/2025\/01\/07\/recado-de-gustavo-quinteros-declaracao-de-reinaldo-e-reforcos-para-2025-as-ultimas-noticias-do-gremio\/#primaryimage"},"image":{"@id":"https:\/\/www.gaveanews.com\/index.php\/2025\/01\/07\/recado-de-gustavo-quinteros-declaracao-de-reinaldo-e-reforcos-para-2025-as-ultimas-noticias-do-gremio\/#primaryimage"},"thumbnailUrl":"https:\/\/www.gaveanews.com\/wp-content\/uploads\/Bandeira-do-Gremio.webp","datePublished":"2025-01-07T07:55:00+00:00","author":{"@id":"https:\/\/www.gaveanews.com\/#\/schema\/person\/8207cd4627f56151707418bfc835b2fb"},"breadcrumb":{"@id":"https:\/\/www.gaveanews.com\/index.php\/2025\/01\/07\/recado-de-gustavo-quinteros-declaracao-de-reinaldo-e-reforcos-para-2025-as-ultimas-noticias-do-gremio\/#breadcrumb"},"inLanguage":"pt-BR","potentialAction":[{"@type":"ReadAction","target":["https:\/\/www.gaveanews.com\/index.php\/2025\/01\/07\/recado-de-gustavo-quinteros-declaracao-de-reinaldo-e-reforcos-para-2025-as-ultimas-noticias-do-gremio\/"]}]},{"@type":"ImageObject","inLanguage":"pt-BR","@id":"https:\/\/www.gaveanews.com\/index.php\/2025\/01\/07\/recado-de-gustavo-quinteros-declaracao-de-reinaldo-e-reforcos-para-2025-as-ultimas-noticias-do-gremio\/#primaryimage","url":"https:\/\/www.gaveanews.com\/wp-content\/uploads\/Bandeira-do-Gremio.webp","contentUrl":"https:\/\/www.gaveanews.com\/wp-content\/uploads\/Bandeira-do-Gremio.webp","width":1043,"height":695,"caption":"Bandeira do Gr\u00eamio (Foto: Reprodu\u00e7\u00e3o\/Gr\u00eamio)"},{"@type":"BreadcrumbList","@id":"https:\/\/www.gaveanews.com\/index.php\/2025\/01\/07\/recado-de-gustavo-quinteros-declaracao-de-reinaldo-e-reforcos-para-2025-as-ultimas-noticias-do-gremio\/#breadcrumb","itemListElement":[{"@type":"ListItem","position":1,"name":"Home","item":"https:\/\/www.gaveanews.com\/"},{"@type":"ListItem","position":2,"name":"Recado de Gustavo Quinteros, declara\u00e7\u00e3o de Reinaldo e refor\u00e7os para 2025: as \u00faltimas not\u00edcias do Gr\u00eamio"}]},{"@type":"WebSite","@id":"https:\/\/www.gaveanews.com\/#website","url":"https:\/\/www.gaveanews.com\/","name":"G\u00e1vea News","description":"Veja todas as not\u00edcias sobre o Flamengo: Contrata\u00e7\u00f5es, categorias de base, resultados das partidas, tabela de classifica\u00e7\u00e3o, pr\u00f3ximos jogos!","potentialAction":[{"@type":"SearchAction","target":{"@type":"EntryPoint","urlTemplate":"https:\/\/www.gaveanews.com\/?s={search_term_string}"},"query-input":{"@type":"PropertyValueSpecification","valueRequired":true,"valueName":"search_term_string"}}],"inLanguage":"pt-BR"},{"@type":"Person","@id":"https:\/\/www.gaveanews.com\/#\/schema\/person\/8207cd4627f56151707418bfc835b2fb","name":"Matheus Felipe","image":{"@type":"ImageObject","inLanguage":"pt-BR","@id":"https:\/\/www.gaveanews.com\/#\/schema\/person\/image\/","url":"https:\/\/secure.gravatar.com\/avatar\/a452ffbed9130f726358b298bb3a99ce4bd3c5338411f8440e87e14d74c7c087?s=96&d=mm&r=g","contentUrl":"https:\/\/secure.gravatar.com\/avatar\/a452ffbed9130f726358b298bb3a99ce4bd3c5338411f8440e87e14d74c7c087?s=96&d=mm&r=g","caption":"Matheus Felipe"}}]}},"_links":{"self":[{"href":"https:\/\/www.gaveanews.com\/index.php\/wp-json\/wp\/v2\/posts\/208840","targetHints":{"allow":["GET"]}}],"collection":[{"href":"https:\/\/www.gaveanews.com\/index.php\/wp-json\/wp\/v2\/posts"}],"about":[{"href":"https:\/\/www.gaveanews.com\/index.php\/wp-json\/wp\/v2\/types\/post"}],"author":[{"embeddable":true,"href":"https:\/\/www.gaveanews.com\/index.php\/wp-json\/wp\/v2\/users\/27"}],"replies":[{"embeddable":true,"href":"https:\/\/www.gaveanews.com\/index.php\/wp-json\/wp\/v2\/comments?post=208840"}],"version-history":[{"count":1,"href":"https:\/\/www.gaveanews.com\/index.php\/wp-json\/wp\/v2\/posts\/208840\/revisions"}],"predecessor-version":[{"id":208846,"href":"https:\/\/www.gaveanews.com\/index.php\/wp-json\/wp\/v2\/posts\/208840\/revisions\/208846"}],"wp:featuredmedia":[{"embeddable":true,"href":"https:\/\/www.gaveanews.com\/index.php\/wp-json\/wp\/v2\/media\/165925"}],"wp:attachment":[{"href":"https:\/\/www.gaveanews.com\/index.php\/wp-json\/wp\/v2\/media?parent=208840"}],"wp:term":[{"taxonomy":"category","embeddable":true,"href":"https:\/\/www.gaveanews.com\/index.php\/wp-json\/wp\/v2\/categories?post=208840"},{"taxonomy":"post_tag","embeddable":true,"href":"https:\/\/www.gaveanews.com\/index.php\/wp-json\/wp\/v2\/tags?post=208840"}],"curies":[{"name":"wp","href":"https:\/\/api.w.org\/{rel}","templated":true}]}}