{"id":208872,"date":"2025-01-07T13:05:00","date_gmt":"2025-01-07T16:05:00","guid":{"rendered":"https:\/\/www.gaveanews.com\/?p=208872"},"modified":"2025-01-07T12:03:40","modified_gmt":"2025-01-07T15:03:40","slug":"botafogo-esta-muito-proximo-de-anunciar-reforco-de-88-milhoes","status":"publish","type":"post","link":"https:\/\/www.gaveanews.com\/index.php\/2025\/01\/07\/botafogo-esta-muito-proximo-de-anunciar-reforco-de-88-milhoes\/","title":{"rendered":"Botafogo est\u00e1 muito pr\u00f3ximo de anunciar refor\u00e7o de 88 milh\u00f5es"},"content":{"rendered":"\n<h2 class=\"wp-block-heading\" id=\"h-botafogo-encaminha-compra-de-jair\">Botafogo encaminha compra de Jair<\/h2>\n\n\n\n<p>Com o objetivo de refor\u00e7ar seu time para a temporada de 2025, o Botafogo negociou a aquisi\u00e7\u00e3o de Jair Cunha, um defensor de apenas 19 anos que atua pelo Santos e se destacou na disputa da S\u00e9rie B em 2024.<\/p>\n\n\n\n<ul class=\"wp-block-list\">\n<li><a href=\"https:\/\/www.gaveanews.com\/index.php\/2025\/01\/07\/publicacao-de-bastos-previsao-de-sormani-e-declaracao-de-julio-gomes-as-ultimas-noticias-do-botafogo\/\">Publica\u00e7\u00e3o de Bastos, previs\u00e3o de Sormani e declara\u00e7\u00e3o de Julio Gomes: as \u00faltimas not\u00edcias do Botafogo<\/a><\/li>\n\n\n\n<li><a href=\"https:\/\/www.gaveanews.com\/index.php\/2025\/01\/07\/declaracao-de-craque-neto-reacao-dos-jogadores-e-contracao-para-2025-as-ultimas-noticias-do-botafogo\/\">Declara\u00e7\u00e3o de Craque Neto, rea\u00e7\u00e3o dos jogadores e contra\u00e7\u00e3o para 2025: as \u00faltimas not\u00edcias do Botafogo<br><\/a><\/li>\n<\/ul>\n\n\n\n<p>Jair, de 19 anos, conquistou um lugar na equipe principal do Santos na temporada passada. No total, ele jogou 22 partidas pelo Santos nas competi\u00e7\u00f5es do Paulist\u00e3o e S\u00e9rie B, apresentando performances not\u00e1veis que resultaram no interesse de Porto e Atalanta em sua contrata\u00e7\u00e3o nos meses recentes.<\/p>\n\n\n\n<p>Para fechar a parceria com a equipe de S\u00e3o Paulo, o Botafogo pagar\u00e1 14 milh\u00f5es de euros (aproximadamente R$ 90 milh\u00f5es), al\u00e9m de ceder Tiquinho Soares, um atacante de 33 anos, ao Alvinegro Praiano. O &#8220;ge&#8221; publicou a informa\u00e7\u00e3o.<\/p>\n\n\n\n<figure class=\"wp-block-image size-full\"><img loading=\"lazy\" decoding=\"async\" width=\"808\" height=\"655\" src=\"https:\/\/www.gaveanews.com\/wp-content\/uploads\/Jair-Paula-pelo-Santos.webp\" alt=\"\" class=\"wp-image-176781\" srcset=\"https:\/\/www.gaveanews.com\/wp-content\/uploads\/Jair-Paula-pelo-Santos.webp 808w, https:\/\/www.gaveanews.com\/wp-content\/uploads\/Jair-Paula-pelo-Santos-300x243.webp 300w, https:\/\/www.gaveanews.com\/wp-content\/uploads\/Jair-Paula-pelo-Santos-768x623.webp 768w, https:\/\/www.gaveanews.com\/wp-content\/uploads\/Jair-Paula-pelo-Santos-518x420.webp 518w, https:\/\/www.gaveanews.com\/wp-content\/uploads\/Jair-Paula-pelo-Santos-640x519.webp 640w, https:\/\/www.gaveanews.com\/wp-content\/uploads\/Jair-Paula-pelo-Santos-681x552.webp 681w, https:\/\/www.gaveanews.com\/wp-content\/uploads\/Jair-Paula-pelo-Santos-100x81.webp 100w\" sizes=\"auto, (max-width: 808px) 100vw, 808px\" \/><figcaption class=\"wp-element-caption\">Jair Paula pelo Santos (Foto: Pedro Ernesto Guerra Azevedo\/Santos FC)<\/figcaption><\/figure>\n\n\n\n<p>O site tamb\u00e9m indica que o Santos det\u00e9m 10% dos direitos econ\u00f4micos do defensor, com o objetivo de uma poss\u00edvel venda para o mercado europeu no futuro. O atleta teve seu nome ventilado pela Atalanta, da It\u00e1lia, por\u00e9m nenhuma oferta foi confirmada oficialmente.<\/p>\n\n\n\n<p>Tiquinho, Danilo Barbosa e Lucas Halter tamb\u00e9m surgiram como poss\u00edveis moedas de troca na negocia\u00e7\u00e3o. O volante continua no Botafogo ap\u00f3s manifestar seu desejo de permanecer na cidade do Rio de Janeiro, enquanto o defensor foi descartado ap\u00f3s o Santos confirmar a aquisi\u00e7\u00e3o de Z\u00e9 Ivaldo.<\/p>\n\n\n\n<p>Contudo, Tiquinho Soares chegou ao Botafogo e se destacou significativamente na fase final do Brasileir\u00e3o de 2022 e ao longo de 2023. Contudo, apresentou uma acentuada diminui\u00e7\u00e3o de desempenho no ano anterior e perdeu a posi\u00e7\u00e3o de titular com a entrada de Igor Jesus. No entanto, ele marcou oito gols e contribuiu com nove assist\u00eancias em 53 partidas pelo Alvinegro no ano anterior.<\/p>\n\n\n\n<p>Jair, uma das maiores promessas do Brasil para a defesa, fez sua estreia como profissional pelo Santos em 2023, diante do Goi\u00e1s, na fase final do Campeonato Brasileiro que resultou no descenso do time.<\/p>\n\n\n\n<p><\/p>\n\n\n\n<p>Em 2024, foi definitivamente incorporado ao time profissional, tornando-se um componente crucial do grupo sob o comando de F\u00e1bio Carille, participando de 20 jogos da campanha da S\u00e9rie B.<\/p>\n","protected":false},"excerpt":{"rendered":"<p>Botafogo encaminha compra de Jair Com o objetivo de refor\u00e7ar seu time para a temporada de 2025, o Botafogo negociou a aquisi\u00e7\u00e3o de Jair Cunha, um defensor de apenas 19 anos que atua pelo Santos e se destacou na disputa da S\u00e9rie B em 2024. Jair, de 19 anos, conquistou um lugar na equipe principal [&hellip;]<\/p>\n","protected":false},"author":16,"featured_media":182060,"comment_status":"open","ping_status":"closed","sticky":false,"template":"","format":"standard","meta":{"footnotes":""},"categories":[138],"tags":[],"class_list":["post-208872","post","type-post","status-publish","format-standard","has-post-thumbnail","hentry","category-botafogo"],"yoast_head":"<!-- This site is optimized with the Yoast SEO Premium plugin v24.2 (Yoast SEO v26.9) - https:\/\/yoast.com\/product\/yoast-seo-premium-wordpress\/ -->\n<title>Botafogo est\u00e1 muito pr\u00f3ximo de anunciar refor\u00e7o de 88 milh\u00f5es<\/title>\n<meta name=\"robots\" content=\"index, follow, max-snippet:-1, max-image-preview:large, max-video-preview:-1\" \/>\n<link rel=\"canonical\" href=\"https:\/\/www.gaveanews.com\/index.php\/2025\/01\/07\/botafogo-esta-muito-proximo-de-anunciar-reforco-de-88-milhoes\/\" \/>\n<meta property=\"og:locale\" content=\"pt_BR\" \/>\n<meta property=\"og:type\" content=\"article\" \/>\n<meta property=\"og:title\" content=\"Botafogo est\u00e1 muito pr\u00f3ximo de anunciar refor\u00e7o de 88 milh\u00f5es\" \/>\n<meta property=\"og:description\" content=\"Botafogo encaminha compra de Jair Com o objetivo de refor\u00e7ar seu time para a temporada de 2025, o Botafogo negociou a aquisi\u00e7\u00e3o de Jair Cunha, um defensor de apenas 19 anos que atua pelo Santos e se destacou na disputa da S\u00e9rie B em 2024. Jair, de 19 anos, conquistou um lugar na equipe principal [&hellip;]\" \/>\n<meta property=\"og:url\" content=\"https:\/\/www.gaveanews.com\/index.php\/2025\/01\/07\/botafogo-esta-muito-proximo-de-anunciar-reforco-de-88-milhoes\/\" \/>\n<meta property=\"og:site_name\" content=\"G\u00e1vea News\" \/>\n<meta property=\"article:publisher\" content=\"https:\/\/facebook.com\/gaveaNews\/\" \/>\n<meta property=\"article:published_time\" content=\"2025-01-07T16:05:00+00:00\" \/>\n<meta property=\"og:image\" content=\"https:\/\/www.gaveanews.com\/wp-content\/uploads\/Escudo-do-Botafogo-1.webp\" \/>\n\t<meta property=\"og:image:width\" content=\"787\" \/>\n\t<meta property=\"og:image:height\" content=\"525\" \/>\n\t<meta property=\"og:image:type\" content=\"image\/webp\" \/>\n<meta name=\"author\" content=\"D\u00e9bora Figueiredo\" \/>\n<meta name=\"twitter:card\" content=\"summary_large_image\" \/>\n<meta name=\"twitter:label1\" content=\"Escrito por\" \/>\n\t<meta name=\"twitter:data1\" content=\"D\u00e9bora Figueiredo\" \/>\n\t<meta name=\"twitter:label2\" content=\"Est. tempo de leitura\" \/>\n\t<meta name=\"twitter:data2\" content=\"3 minutos\" \/>\n<script type=\"application\/ld+json\" class=\"yoast-schema-graph\">{\"@context\":\"https:\/\/schema.org\",\"@graph\":[{\"@type\":\"NewsArticle\",\"@id\":\"https:\/\/www.gaveanews.com\/index.php\/2025\/01\/07\/botafogo-esta-muito-proximo-de-anunciar-reforco-de-88-milhoes\/#article\",\"isPartOf\":{\"@id\":\"https:\/\/www.gaveanews.com\/index.php\/2025\/01\/07\/botafogo-esta-muito-proximo-de-anunciar-reforco-de-88-milhoes\/\"},\"author\":{\"name\":\"D\u00e9bora Figueiredo\",\"@id\":\"https:\/\/www.gaveanews.com\/#\/schema\/person\/37122681a8575a5c8db05a56f099a5e4\"},\"headline\":\"Botafogo est\u00e1 muito pr\u00f3ximo de anunciar refor\u00e7o de 88 milh\u00f5es\",\"datePublished\":\"2025-01-07T16:05:00+00:00\",\"mainEntityOfPage\":{\"@id\":\"https:\/\/www.gaveanews.com\/index.php\/2025\/01\/07\/botafogo-esta-muito-proximo-de-anunciar-reforco-de-88-milhoes\/\"},\"wordCount\":425,\"commentCount\":0,\"image\":{\"@id\":\"https:\/\/www.gaveanews.com\/index.php\/2025\/01\/07\/botafogo-esta-muito-proximo-de-anunciar-reforco-de-88-milhoes\/#primaryimage\"},\"thumbnailUrl\":\"https:\/\/www.gaveanews.com\/wp-content\/uploads\/Escudo-do-Botafogo-1.webp\",\"articleSection\":[\"Botafogo\"],\"inLanguage\":\"pt-BR\",\"potentialAction\":[{\"@type\":\"CommentAction\",\"name\":\"Comment\",\"target\":[\"https:\/\/www.gaveanews.com\/index.php\/2025\/01\/07\/botafogo-esta-muito-proximo-de-anunciar-reforco-de-88-milhoes\/#respond\"]}],\"copyrightYear\":\"2025\",\"copyrightHolder\":{\"@id\":\"https:\/\/www.gaveanews.com\/#organization\"}},{\"@type\":\"WebPage\",\"@id\":\"https:\/\/www.gaveanews.com\/index.php\/2025\/01\/07\/botafogo-esta-muito-proximo-de-anunciar-reforco-de-88-milhoes\/\",\"url\":\"https:\/\/www.gaveanews.com\/index.php\/2025\/01\/07\/botafogo-esta-muito-proximo-de-anunciar-reforco-de-88-milhoes\/\",\"name\":\"Botafogo est\u00e1 muito pr\u00f3ximo de anunciar refor\u00e7o de 88 milh\u00f5es\",\"isPartOf\":{\"@id\":\"https:\/\/www.gaveanews.com\/#website\"},\"primaryImageOfPage\":{\"@id\":\"https:\/\/www.gaveanews.com\/index.php\/2025\/01\/07\/botafogo-esta-muito-proximo-de-anunciar-reforco-de-88-milhoes\/#primaryimage\"},\"image\":{\"@id\":\"https:\/\/www.gaveanews.com\/index.php\/2025\/01\/07\/botafogo-esta-muito-proximo-de-anunciar-reforco-de-88-milhoes\/#primaryimage\"},\"thumbnailUrl\":\"https:\/\/www.gaveanews.com\/wp-content\/uploads\/Escudo-do-Botafogo-1.webp\",\"datePublished\":\"2025-01-07T16:05:00+00:00\",\"author\":{\"@id\":\"https:\/\/www.gaveanews.com\/#\/schema\/person\/37122681a8575a5c8db05a56f099a5e4\"},\"breadcrumb\":{\"@id\":\"https:\/\/www.gaveanews.com\/index.php\/2025\/01\/07\/botafogo-esta-muito-proximo-de-anunciar-reforco-de-88-milhoes\/#breadcrumb\"},\"inLanguage\":\"pt-BR\",\"potentialAction\":[{\"@type\":\"ReadAction\",\"target\":[\"https:\/\/www.gaveanews.com\/index.php\/2025\/01\/07\/botafogo-esta-muito-proximo-de-anunciar-reforco-de-88-milhoes\/\"]}]},{\"@type\":\"ImageObject\",\"inLanguage\":\"pt-BR\",\"@id\":\"https:\/\/www.gaveanews.com\/index.php\/2025\/01\/07\/botafogo-esta-muito-proximo-de-anunciar-reforco-de-88-milhoes\/#primaryimage\",\"url\":\"https:\/\/www.gaveanews.com\/wp-content\/uploads\/Escudo-do-Botafogo-1.webp\",\"contentUrl\":\"https:\/\/www.gaveanews.com\/wp-content\/uploads\/Escudo-do-Botafogo-1.webp\",\"width\":787,\"height\":525,\"caption\":\"Escudo do Botafogo (Foto: Reprodu\u00e7\u00e3o\/Botafogo)\"},{\"@type\":\"BreadcrumbList\",\"@id\":\"https:\/\/www.gaveanews.com\/index.php\/2025\/01\/07\/botafogo-esta-muito-proximo-de-anunciar-reforco-de-88-milhoes\/#breadcrumb\",\"itemListElement\":[{\"@type\":\"ListItem\",\"position\":1,\"name\":\"Home\",\"item\":\"https:\/\/www.gaveanews.com\/\"},{\"@type\":\"ListItem\",\"position\":2,\"name\":\"Botafogo est\u00e1 muito pr\u00f3ximo de anunciar refor\u00e7o de 88 milh\u00f5es\"}]},{\"@type\":\"WebSite\",\"@id\":\"https:\/\/www.gaveanews.com\/#website\",\"url\":\"https:\/\/www.gaveanews.com\/\",\"name\":\"G\u00e1vea News\",\"description\":\"Veja todas as not\u00edcias sobre o Flamengo: Contrata\u00e7\u00f5es, categorias de base, resultados das partidas, tabela de classifica\u00e7\u00e3o, pr\u00f3ximos jogos!\",\"potentialAction\":[{\"@type\":\"SearchAction\",\"target\":{\"@type\":\"EntryPoint\",\"urlTemplate\":\"https:\/\/www.gaveanews.com\/?s={search_term_string}\"},\"query-input\":{\"@type\":\"PropertyValueSpecification\",\"valueRequired\":true,\"valueName\":\"search_term_string\"}}],\"inLanguage\":\"pt-BR\"},{\"@type\":\"Person\",\"@id\":\"https:\/\/www.gaveanews.com\/#\/schema\/person\/37122681a8575a5c8db05a56f099a5e4\",\"name\":\"D\u00e9bora Figueiredo\",\"image\":{\"@type\":\"ImageObject\",\"inLanguage\":\"pt-BR\",\"@id\":\"https:\/\/www.gaveanews.com\/#\/schema\/person\/image\/\",\"url\":\"https:\/\/secure.gravatar.com\/avatar\/1f44802859351588499d26f52aed1d15796ce17e67602895b72837c08018868d?s=96&d=mm&r=g\",\"contentUrl\":\"https:\/\/secure.gravatar.com\/avatar\/1f44802859351588499d26f52aed1d15796ce17e67602895b72837c08018868d?s=96&d=mm&r=g\",\"caption\":\"D\u00e9bora Figueiredo\"}}]}<\/script>\n<!-- \/ Yoast SEO Premium plugin. -->","yoast_head_json":{"title":"Botafogo est\u00e1 muito pr\u00f3ximo de anunciar refor\u00e7o de 88 milh\u00f5es","robots":{"index":"index","follow":"follow","max-snippet":"max-snippet:-1","max-image-preview":"max-image-preview:large","max-video-preview":"max-video-preview:-1"},"canonical":"https:\/\/www.gaveanews.com\/index.php\/2025\/01\/07\/botafogo-esta-muito-proximo-de-anunciar-reforco-de-88-milhoes\/","og_locale":"pt_BR","og_type":"article","og_title":"Botafogo est\u00e1 muito pr\u00f3ximo de anunciar refor\u00e7o de 88 milh\u00f5es","og_description":"Botafogo encaminha compra de Jair Com o objetivo de refor\u00e7ar seu time para a temporada de 2025, o Botafogo negociou a aquisi\u00e7\u00e3o de Jair Cunha, um defensor de apenas 19 anos que atua pelo Santos e se destacou na disputa da S\u00e9rie B em 2024. Jair, de 19 anos, conquistou um lugar na equipe principal [&hellip;]","og_url":"https:\/\/www.gaveanews.com\/index.php\/2025\/01\/07\/botafogo-esta-muito-proximo-de-anunciar-reforco-de-88-milhoes\/","og_site_name":"G\u00e1vea News","article_publisher":"https:\/\/facebook.com\/gaveaNews\/","article_published_time":"2025-01-07T16:05:00+00:00","og_image":[{"width":787,"height":525,"url":"https:\/\/www.gaveanews.com\/wp-content\/uploads\/Escudo-do-Botafogo-1.webp","type":"image\/webp"}],"author":"D\u00e9bora Figueiredo","twitter_card":"summary_large_image","twitter_misc":{"Escrito por":"D\u00e9bora Figueiredo","Est. tempo de leitura":"3 minutos"},"schema":{"@context":"https:\/\/schema.org","@graph":[{"@type":"NewsArticle","@id":"https:\/\/www.gaveanews.com\/index.php\/2025\/01\/07\/botafogo-esta-muito-proximo-de-anunciar-reforco-de-88-milhoes\/#article","isPartOf":{"@id":"https:\/\/www.gaveanews.com\/index.php\/2025\/01\/07\/botafogo-esta-muito-proximo-de-anunciar-reforco-de-88-milhoes\/"},"author":{"name":"D\u00e9bora Figueiredo","@id":"https:\/\/www.gaveanews.com\/#\/schema\/person\/37122681a8575a5c8db05a56f099a5e4"},"headline":"Botafogo est\u00e1 muito pr\u00f3ximo de anunciar refor\u00e7o de 88 milh\u00f5es","datePublished":"2025-01-07T16:05:00+00:00","mainEntityOfPage":{"@id":"https:\/\/www.gaveanews.com\/index.php\/2025\/01\/07\/botafogo-esta-muito-proximo-de-anunciar-reforco-de-88-milhoes\/"},"wordCount":425,"commentCount":0,"image":{"@id":"https:\/\/www.gaveanews.com\/index.php\/2025\/01\/07\/botafogo-esta-muito-proximo-de-anunciar-reforco-de-88-milhoes\/#primaryimage"},"thumbnailUrl":"https:\/\/www.gaveanews.com\/wp-content\/uploads\/Escudo-do-Botafogo-1.webp","articleSection":["Botafogo"],"inLanguage":"pt-BR","potentialAction":[{"@type":"CommentAction","name":"Comment","target":["https:\/\/www.gaveanews.com\/index.php\/2025\/01\/07\/botafogo-esta-muito-proximo-de-anunciar-reforco-de-88-milhoes\/#respond"]}],"copyrightYear":"2025","copyrightHolder":{"@id":"https:\/\/www.gaveanews.com\/#organization"}},{"@type":"WebPage","@id":"https:\/\/www.gaveanews.com\/index.php\/2025\/01\/07\/botafogo-esta-muito-proximo-de-anunciar-reforco-de-88-milhoes\/","url":"https:\/\/www.gaveanews.com\/index.php\/2025\/01\/07\/botafogo-esta-muito-proximo-de-anunciar-reforco-de-88-milhoes\/","name":"Botafogo est\u00e1 muito pr\u00f3ximo de anunciar refor\u00e7o de 88 milh\u00f5es","isPartOf":{"@id":"https:\/\/www.gaveanews.com\/#website"},"primaryImageOfPage":{"@id":"https:\/\/www.gaveanews.com\/index.php\/2025\/01\/07\/botafogo-esta-muito-proximo-de-anunciar-reforco-de-88-milhoes\/#primaryimage"},"image":{"@id":"https:\/\/www.gaveanews.com\/index.php\/2025\/01\/07\/botafogo-esta-muito-proximo-de-anunciar-reforco-de-88-milhoes\/#primaryimage"},"thumbnailUrl":"https:\/\/www.gaveanews.com\/wp-content\/uploads\/Escudo-do-Botafogo-1.webp","datePublished":"2025-01-07T16:05:00+00:00","author":{"@id":"https:\/\/www.gaveanews.com\/#\/schema\/person\/37122681a8575a5c8db05a56f099a5e4"},"breadcrumb":{"@id":"https:\/\/www.gaveanews.com\/index.php\/2025\/01\/07\/botafogo-esta-muito-proximo-de-anunciar-reforco-de-88-milhoes\/#breadcrumb"},"inLanguage":"pt-BR","potentialAction":[{"@type":"ReadAction","target":["https:\/\/www.gaveanews.com\/index.php\/2025\/01\/07\/botafogo-esta-muito-proximo-de-anunciar-reforco-de-88-milhoes\/"]}]},{"@type":"ImageObject","inLanguage":"pt-BR","@id":"https:\/\/www.gaveanews.com\/index.php\/2025\/01\/07\/botafogo-esta-muito-proximo-de-anunciar-reforco-de-88-milhoes\/#primaryimage","url":"https:\/\/www.gaveanews.com\/wp-content\/uploads\/Escudo-do-Botafogo-1.webp","contentUrl":"https:\/\/www.gaveanews.com\/wp-content\/uploads\/Escudo-do-Botafogo-1.webp","width":787,"height":525,"caption":"Escudo do Botafogo (Foto: Reprodu\u00e7\u00e3o\/Botafogo)"},{"@type":"BreadcrumbList","@id":"https:\/\/www.gaveanews.com\/index.php\/2025\/01\/07\/botafogo-esta-muito-proximo-de-anunciar-reforco-de-88-milhoes\/#breadcrumb","itemListElement":[{"@type":"ListItem","position":1,"name":"Home","item":"https:\/\/www.gaveanews.com\/"},{"@type":"ListItem","position":2,"name":"Botafogo est\u00e1 muito pr\u00f3ximo de anunciar refor\u00e7o de 88 milh\u00f5es"}]},{"@type":"WebSite","@id":"https:\/\/www.gaveanews.com\/#website","url":"https:\/\/www.gaveanews.com\/","name":"G\u00e1vea News","description":"Veja todas as not\u00edcias sobre o Flamengo: Contrata\u00e7\u00f5es, categorias de base, resultados das partidas, tabela de classifica\u00e7\u00e3o, pr\u00f3ximos jogos!","potentialAction":[{"@type":"SearchAction","target":{"@type":"EntryPoint","urlTemplate":"https:\/\/www.gaveanews.com\/?s={search_term_string}"},"query-input":{"@type":"PropertyValueSpecification","valueRequired":true,"valueName":"search_term_string"}}],"inLanguage":"pt-BR"},{"@type":"Person","@id":"https:\/\/www.gaveanews.com\/#\/schema\/person\/37122681a8575a5c8db05a56f099a5e4","name":"D\u00e9bora Figueiredo","image":{"@type":"ImageObject","inLanguage":"pt-BR","@id":"https:\/\/www.gaveanews.com\/#\/schema\/person\/image\/","url":"https:\/\/secure.gravatar.com\/avatar\/1f44802859351588499d26f52aed1d15796ce17e67602895b72837c08018868d?s=96&d=mm&r=g","contentUrl":"https:\/\/secure.gravatar.com\/avatar\/1f44802859351588499d26f52aed1d15796ce17e67602895b72837c08018868d?s=96&d=mm&r=g","caption":"D\u00e9bora Figueiredo"}}]}},"_links":{"self":[{"href":"https:\/\/www.gaveanews.com\/index.php\/wp-json\/wp\/v2\/posts\/208872","targetHints":{"allow":["GET"]}}],"collection":[{"href":"https:\/\/www.gaveanews.com\/index.php\/wp-json\/wp\/v2\/posts"}],"about":[{"href":"https:\/\/www.gaveanews.com\/index.php\/wp-json\/wp\/v2\/types\/post"}],"author":[{"embeddable":true,"href":"https:\/\/www.gaveanews.com\/index.php\/wp-json\/wp\/v2\/users\/16"}],"replies":[{"embeddable":true,"href":"https:\/\/www.gaveanews.com\/index.php\/wp-json\/wp\/v2\/comments?post=208872"}],"version-history":[{"count":1,"href":"https:\/\/www.gaveanews.com\/index.php\/wp-json\/wp\/v2\/posts\/208872\/revisions"}],"predecessor-version":[{"id":208878,"href":"https:\/\/www.gaveanews.com\/index.php\/wp-json\/wp\/v2\/posts\/208872\/revisions\/208878"}],"wp:featuredmedia":[{"embeddable":true,"href":"https:\/\/www.gaveanews.com\/index.php\/wp-json\/wp\/v2\/media\/182060"}],"wp:attachment":[{"href":"https:\/\/www.gaveanews.com\/index.php\/wp-json\/wp\/v2\/media?parent=208872"}],"wp:term":[{"taxonomy":"category","embeddable":true,"href":"https:\/\/www.gaveanews.com\/index.php\/wp-json\/wp\/v2\/categories?post=208872"},{"taxonomy":"post_tag","embeddable":true,"href":"https:\/\/www.gaveanews.com\/index.php\/wp-json\/wp\/v2\/tags?post=208872"}],"curies":[{"name":"wp","href":"https:\/\/api.w.org\/{rel}","templated":true}]}}