{"id":208874,"date":"2025-01-07T13:10:00","date_gmt":"2025-01-07T16:10:00","guid":{"rendered":"https:\/\/www.gaveanews.com\/?p=208874"},"modified":"2025-01-07T12:03:58","modified_gmt":"2025-01-07T15:03:58","slug":"zinho-crava-campeao-do-paulistao-2025","status":"publish","type":"post","link":"https:\/\/www.gaveanews.com\/index.php\/2025\/01\/07\/zinho-crava-campeao-do-paulistao-2025\/","title":{"rendered":"Zinho crava campe\u00e3o do Paulist\u00e3o 2025"},"content":{"rendered":"\n<p>Ao vivo no ESPN FC, o ex-jogador e atualmente comentarista esportivo, Zinho, abriu o jogo sobre quem ele acredita que ser\u00e1 o grande campe\u00e3o Paulista deste ano.<\/p>\n\n\n\n<p>Para Zinho, assim como foi nos \u00faltimos tr\u00eas anos, tem uma equipe que \u00e9 superior no favoritismo para a disputa do t\u00edtulo, e para ele, essa equipe \u00e9 o Palmeiras.<\/p>\n\n\n\n<ul class=\"wp-block-list\">\n<li><a href=\"https:\/\/www.gaveanews.com\/index.php\/2025\/01\/06\/sao-paulo-zinho-indica-contratacao-de-idolo-do-fluminense\/\">S\u00e3o Paulo: Zinho indica contrata\u00e7\u00e3o de \u00eddolo do Fluminense<\/a><\/li>\n\n\n\n<li><a href=\"https:\/\/www.gaveanews.com\/index.php\/2024\/12\/31\/gremio-a-declaracao-de-zinho-direcionada-a-gustavo-quinteros\/\">Gr\u00eamio: a declara\u00e7\u00e3o de Zinho direcionada a Gustavo Quinteros<\/a><\/li>\n<\/ul>\n\n\n\n<p>Zinho acredita que os refor\u00e7os trazidos por Leila Pereira nessa janela de transfer\u00eancias s\u00e3o cruciais para o Palmeiras conseguir brigar pelo t\u00edtulo Paulista.<\/p>\n\n\n\n<p>Vale destacar que o Verd\u00e3o \u00e9 o atual tricampe\u00e3o da competi\u00e7\u00e3o e por isso \u00e9 o favorito a conquistar o 4\u00ba t\u00edtulo seguido.<\/p>\n\n\n\n<p>\u201cPra mim \u00e9 o favorito. O Corinthians terminou muito bem, mas o Palmeiras \u00e9 o atual vice-campe\u00e3o brasileiro, chegou brigando com o Botafogo e por um jogo ruim perdeu o campeonato\u201d, iniciou Zinho.<\/p>\n\n\n\n<p>\u201cO Paulinho n\u00e3o vai jogar no in\u00edcio, mas o Facundo pode, e ainda deve buscar um outro jogador. E ainda tem o melhor t\u00e9cnico do futebol brasileiro, que \u00e9 o Abel Ferreira\u201d, acrescentou o ex-jogador.<\/p>\n\n\n\n<h2 class=\"wp-block-heading\" id=\"h-quando-comeca-a-temporada-do-palmeiras\">Quando come\u00e7a a temporada do Palmeiras?<\/h2>\n\n\n\n<p>O Palmeiras come\u00e7a a briga pelo Paulist\u00e3o no dia 16 de janeiro, enfrentando a equipe da Portuguesa em pleno Allianz Parque, casa do Verd\u00e3o.<\/p>\n\n\n\n<p>O Palmeiras tenta conquistar o quarto t\u00edtulo de paulist\u00e3o seguido do clube, j\u00e1 que venceu em 24, 23 e 22, perdendo em 21 a final para o S\u00e3o Paulo.<\/p>\n\n\n\n<p>Em 2024, o Verd\u00e3o bateu o Santos na grande final, e se consagrou o campe\u00e3o em mais uma edi\u00e7\u00e3o sendo o \u00fanico t\u00edtulo do clube em 2024.<\/p>\n\n\n\n<p>O Palmeiras, ali\u00e1s, mesmo com essa grande sequ\u00eancia de t\u00edtulos, ainda n\u00e3o \u00e9 o maior campe\u00e3o paulista j\u00e1 que o Corinthians segue com o maior n\u00famero de conquistas, sendo 30.<\/p>\n","protected":false},"excerpt":{"rendered":"<p>Ao vivo no ESPN FC, o ex-jogador e atualmente comentarista esportivo, Zinho, abriu o jogo sobre quem ele acredita que ser\u00e1 o grande campe\u00e3o Paulista deste ano. Para Zinho, assim como foi nos \u00faltimos tr\u00eas anos, tem uma equipe que \u00e9 superior no favoritismo para a disputa do t\u00edtulo, e para ele, essa equipe \u00e9 [&hellip;]<\/p>\n","protected":false},"author":19,"featured_media":128167,"comment_status":"open","ping_status":"closed","sticky":false,"template":"","format":"standard","meta":{"footnotes":""},"categories":[150],"tags":[],"class_list":["post-208874","post","type-post","status-publish","format-standard","has-post-thumbnail","hentry","category-palmeiras"],"yoast_head":"<!-- This site is optimized with the Yoast SEO Premium plugin v24.2 (Yoast SEO v26.9) - https:\/\/yoast.com\/product\/yoast-seo-premium-wordpress\/ -->\n<title>Zinho crava campe\u00e3o do Paulist\u00e3o 2025<\/title>\n<meta name=\"robots\" content=\"index, follow, max-snippet:-1, max-image-preview:large, max-video-preview:-1\" \/>\n<link rel=\"canonical\" href=\"https:\/\/www.gaveanews.com\/index.php\/2025\/01\/07\/zinho-crava-campeao-do-paulistao-2025\/\" \/>\n<meta property=\"og:locale\" content=\"pt_BR\" \/>\n<meta property=\"og:type\" content=\"article\" \/>\n<meta property=\"og:title\" content=\"Zinho crava campe\u00e3o do Paulist\u00e3o 2025\" \/>\n<meta property=\"og:description\" content=\"Ao vivo no ESPN FC, o ex-jogador e atualmente comentarista esportivo, Zinho, abriu o jogo sobre quem ele acredita que ser\u00e1 o grande campe\u00e3o Paulista deste ano. Para Zinho, assim como foi nos \u00faltimos tr\u00eas anos, tem uma equipe que \u00e9 superior no favoritismo para a disputa do t\u00edtulo, e para ele, essa equipe \u00e9 [&hellip;]\" \/>\n<meta property=\"og:url\" content=\"https:\/\/www.gaveanews.com\/index.php\/2025\/01\/07\/zinho-crava-campeao-do-paulistao-2025\/\" \/>\n<meta property=\"og:site_name\" content=\"G\u00e1vea News\" \/>\n<meta property=\"article:publisher\" content=\"https:\/\/facebook.com\/gaveaNews\/\" \/>\n<meta property=\"article:published_time\" content=\"2025-01-07T16:10:00+00:00\" \/>\n<meta property=\"og:image\" content=\"https:\/\/www.gaveanews.com\/wp-content\/uploads\/Zinho-ex-jogador-e-comentarista-esportivo.webp\" \/>\n\t<meta property=\"og:image:width\" content=\"800\" \/>\n\t<meta property=\"og:image:height\" content=\"450\" \/>\n\t<meta property=\"og:image:type\" content=\"image\/webp\" \/>\n<meta name=\"author\" content=\"Bruno Zanchetta\" \/>\n<meta name=\"twitter:card\" content=\"summary_large_image\" \/>\n<meta name=\"twitter:label1\" content=\"Escrito por\" \/>\n\t<meta name=\"twitter:data1\" content=\"Bruno Zanchetta\" \/>\n\t<meta name=\"twitter:label2\" content=\"Est. tempo de leitura\" \/>\n\t<meta name=\"twitter:data2\" content=\"2 minutos\" \/>\n<script type=\"application\/ld+json\" class=\"yoast-schema-graph\">{\"@context\":\"https:\/\/schema.org\",\"@graph\":[{\"@type\":\"NewsArticle\",\"@id\":\"https:\/\/www.gaveanews.com\/index.php\/2025\/01\/07\/zinho-crava-campeao-do-paulistao-2025\/#article\",\"isPartOf\":{\"@id\":\"https:\/\/www.gaveanews.com\/index.php\/2025\/01\/07\/zinho-crava-campeao-do-paulistao-2025\/\"},\"author\":{\"name\":\"Bruno Zanchetta\",\"@id\":\"https:\/\/www.gaveanews.com\/#\/schema\/person\/32fddefab25b466689f181be346cd98c\"},\"headline\":\"Zinho crava campe\u00e3o do Paulist\u00e3o 2025\",\"datePublished\":\"2025-01-07T16:10:00+00:00\",\"mainEntityOfPage\":{\"@id\":\"https:\/\/www.gaveanews.com\/index.php\/2025\/01\/07\/zinho-crava-campeao-do-paulistao-2025\/\"},\"wordCount\":331,\"commentCount\":0,\"image\":{\"@id\":\"https:\/\/www.gaveanews.com\/index.php\/2025\/01\/07\/zinho-crava-campeao-do-paulistao-2025\/#primaryimage\"},\"thumbnailUrl\":\"https:\/\/www.gaveanews.com\/wp-content\/uploads\/Zinho-ex-jogador-e-comentarista-esportivo.webp\",\"articleSection\":[\"Palmeiras\"],\"inLanguage\":\"pt-BR\",\"potentialAction\":[{\"@type\":\"CommentAction\",\"name\":\"Comment\",\"target\":[\"https:\/\/www.gaveanews.com\/index.php\/2025\/01\/07\/zinho-crava-campeao-do-paulistao-2025\/#respond\"]}],\"copyrightYear\":\"2025\",\"copyrightHolder\":{\"@id\":\"https:\/\/www.gaveanews.com\/#organization\"}},{\"@type\":\"WebPage\",\"@id\":\"https:\/\/www.gaveanews.com\/index.php\/2025\/01\/07\/zinho-crava-campeao-do-paulistao-2025\/\",\"url\":\"https:\/\/www.gaveanews.com\/index.php\/2025\/01\/07\/zinho-crava-campeao-do-paulistao-2025\/\",\"name\":\"Zinho crava campe\u00e3o do Paulist\u00e3o 2025\",\"isPartOf\":{\"@id\":\"https:\/\/www.gaveanews.com\/#website\"},\"primaryImageOfPage\":{\"@id\":\"https:\/\/www.gaveanews.com\/index.php\/2025\/01\/07\/zinho-crava-campeao-do-paulistao-2025\/#primaryimage\"},\"image\":{\"@id\":\"https:\/\/www.gaveanews.com\/index.php\/2025\/01\/07\/zinho-crava-campeao-do-paulistao-2025\/#primaryimage\"},\"thumbnailUrl\":\"https:\/\/www.gaveanews.com\/wp-content\/uploads\/Zinho-ex-jogador-e-comentarista-esportivo.webp\",\"datePublished\":\"2025-01-07T16:10:00+00:00\",\"author\":{\"@id\":\"https:\/\/www.gaveanews.com\/#\/schema\/person\/32fddefab25b466689f181be346cd98c\"},\"breadcrumb\":{\"@id\":\"https:\/\/www.gaveanews.com\/index.php\/2025\/01\/07\/zinho-crava-campeao-do-paulistao-2025\/#breadcrumb\"},\"inLanguage\":\"pt-BR\",\"potentialAction\":[{\"@type\":\"ReadAction\",\"target\":[\"https:\/\/www.gaveanews.com\/index.php\/2025\/01\/07\/zinho-crava-campeao-do-paulistao-2025\/\"]}]},{\"@type\":\"ImageObject\",\"inLanguage\":\"pt-BR\",\"@id\":\"https:\/\/www.gaveanews.com\/index.php\/2025\/01\/07\/zinho-crava-campeao-do-paulistao-2025\/#primaryimage\",\"url\":\"https:\/\/www.gaveanews.com\/wp-content\/uploads\/Zinho-ex-jogador-e-comentarista-esportivo.webp\",\"contentUrl\":\"https:\/\/www.gaveanews.com\/wp-content\/uploads\/Zinho-ex-jogador-e-comentarista-esportivo.webp\",\"width\":800,\"height\":450,\"caption\":\"Zinho ex-jogador e comentarista esportivo - Foto: Divulga\u00e7\u00e3o\"},{\"@type\":\"BreadcrumbList\",\"@id\":\"https:\/\/www.gaveanews.com\/index.php\/2025\/01\/07\/zinho-crava-campeao-do-paulistao-2025\/#breadcrumb\",\"itemListElement\":[{\"@type\":\"ListItem\",\"position\":1,\"name\":\"Home\",\"item\":\"https:\/\/www.gaveanews.com\/\"},{\"@type\":\"ListItem\",\"position\":2,\"name\":\"Zinho crava campe\u00e3o do Paulist\u00e3o 2025\"}]},{\"@type\":\"WebSite\",\"@id\":\"https:\/\/www.gaveanews.com\/#website\",\"url\":\"https:\/\/www.gaveanews.com\/\",\"name\":\"G\u00e1vea News\",\"description\":\"Veja todas as not\u00edcias sobre o Flamengo: Contrata\u00e7\u00f5es, categorias de base, resultados das partidas, tabela de classifica\u00e7\u00e3o, pr\u00f3ximos jogos!\",\"potentialAction\":[{\"@type\":\"SearchAction\",\"target\":{\"@type\":\"EntryPoint\",\"urlTemplate\":\"https:\/\/www.gaveanews.com\/?s={search_term_string}\"},\"query-input\":{\"@type\":\"PropertyValueSpecification\",\"valueRequired\":true,\"valueName\":\"search_term_string\"}}],\"inLanguage\":\"pt-BR\"},{\"@type\":\"Person\",\"@id\":\"https:\/\/www.gaveanews.com\/#\/schema\/person\/32fddefab25b466689f181be346cd98c\",\"name\":\"Bruno Zanchetta\",\"image\":{\"@type\":\"ImageObject\",\"inLanguage\":\"pt-BR\",\"@id\":\"https:\/\/www.gaveanews.com\/#\/schema\/person\/image\/\",\"url\":\"https:\/\/secure.gravatar.com\/avatar\/3ba2d39f8a912ad65276975a996d6ad8d9e3dd13448684be8dc4d7c17099d2ee?s=96&d=mm&r=g\",\"contentUrl\":\"https:\/\/secure.gravatar.com\/avatar\/3ba2d39f8a912ad65276975a996d6ad8d9e3dd13448684be8dc4d7c17099d2ee?s=96&d=mm&r=g\",\"caption\":\"Bruno Zanchetta\"}}]}<\/script>\n<!-- \/ Yoast SEO Premium plugin. -->","yoast_head_json":{"title":"Zinho crava campe\u00e3o do Paulist\u00e3o 2025","robots":{"index":"index","follow":"follow","max-snippet":"max-snippet:-1","max-image-preview":"max-image-preview:large","max-video-preview":"max-video-preview:-1"},"canonical":"https:\/\/www.gaveanews.com\/index.php\/2025\/01\/07\/zinho-crava-campeao-do-paulistao-2025\/","og_locale":"pt_BR","og_type":"article","og_title":"Zinho crava campe\u00e3o do Paulist\u00e3o 2025","og_description":"Ao vivo no ESPN FC, o ex-jogador e atualmente comentarista esportivo, Zinho, abriu o jogo sobre quem ele acredita que ser\u00e1 o grande campe\u00e3o Paulista deste ano. Para Zinho, assim como foi nos \u00faltimos tr\u00eas anos, tem uma equipe que \u00e9 superior no favoritismo para a disputa do t\u00edtulo, e para ele, essa equipe \u00e9 [&hellip;]","og_url":"https:\/\/www.gaveanews.com\/index.php\/2025\/01\/07\/zinho-crava-campeao-do-paulistao-2025\/","og_site_name":"G\u00e1vea News","article_publisher":"https:\/\/facebook.com\/gaveaNews\/","article_published_time":"2025-01-07T16:10:00+00:00","og_image":[{"width":800,"height":450,"url":"https:\/\/www.gaveanews.com\/wp-content\/uploads\/Zinho-ex-jogador-e-comentarista-esportivo.webp","type":"image\/webp"}],"author":"Bruno Zanchetta","twitter_card":"summary_large_image","twitter_misc":{"Escrito por":"Bruno Zanchetta","Est. tempo de leitura":"2 minutos"},"schema":{"@context":"https:\/\/schema.org","@graph":[{"@type":"NewsArticle","@id":"https:\/\/www.gaveanews.com\/index.php\/2025\/01\/07\/zinho-crava-campeao-do-paulistao-2025\/#article","isPartOf":{"@id":"https:\/\/www.gaveanews.com\/index.php\/2025\/01\/07\/zinho-crava-campeao-do-paulistao-2025\/"},"author":{"name":"Bruno Zanchetta","@id":"https:\/\/www.gaveanews.com\/#\/schema\/person\/32fddefab25b466689f181be346cd98c"},"headline":"Zinho crava campe\u00e3o do Paulist\u00e3o 2025","datePublished":"2025-01-07T16:10:00+00:00","mainEntityOfPage":{"@id":"https:\/\/www.gaveanews.com\/index.php\/2025\/01\/07\/zinho-crava-campeao-do-paulistao-2025\/"},"wordCount":331,"commentCount":0,"image":{"@id":"https:\/\/www.gaveanews.com\/index.php\/2025\/01\/07\/zinho-crava-campeao-do-paulistao-2025\/#primaryimage"},"thumbnailUrl":"https:\/\/www.gaveanews.com\/wp-content\/uploads\/Zinho-ex-jogador-e-comentarista-esportivo.webp","articleSection":["Palmeiras"],"inLanguage":"pt-BR","potentialAction":[{"@type":"CommentAction","name":"Comment","target":["https:\/\/www.gaveanews.com\/index.php\/2025\/01\/07\/zinho-crava-campeao-do-paulistao-2025\/#respond"]}],"copyrightYear":"2025","copyrightHolder":{"@id":"https:\/\/www.gaveanews.com\/#organization"}},{"@type":"WebPage","@id":"https:\/\/www.gaveanews.com\/index.php\/2025\/01\/07\/zinho-crava-campeao-do-paulistao-2025\/","url":"https:\/\/www.gaveanews.com\/index.php\/2025\/01\/07\/zinho-crava-campeao-do-paulistao-2025\/","name":"Zinho crava campe\u00e3o do Paulist\u00e3o 2025","isPartOf":{"@id":"https:\/\/www.gaveanews.com\/#website"},"primaryImageOfPage":{"@id":"https:\/\/www.gaveanews.com\/index.php\/2025\/01\/07\/zinho-crava-campeao-do-paulistao-2025\/#primaryimage"},"image":{"@id":"https:\/\/www.gaveanews.com\/index.php\/2025\/01\/07\/zinho-crava-campeao-do-paulistao-2025\/#primaryimage"},"thumbnailUrl":"https:\/\/www.gaveanews.com\/wp-content\/uploads\/Zinho-ex-jogador-e-comentarista-esportivo.webp","datePublished":"2025-01-07T16:10:00+00:00","author":{"@id":"https:\/\/www.gaveanews.com\/#\/schema\/person\/32fddefab25b466689f181be346cd98c"},"breadcrumb":{"@id":"https:\/\/www.gaveanews.com\/index.php\/2025\/01\/07\/zinho-crava-campeao-do-paulistao-2025\/#breadcrumb"},"inLanguage":"pt-BR","potentialAction":[{"@type":"ReadAction","target":["https:\/\/www.gaveanews.com\/index.php\/2025\/01\/07\/zinho-crava-campeao-do-paulistao-2025\/"]}]},{"@type":"ImageObject","inLanguage":"pt-BR","@id":"https:\/\/www.gaveanews.com\/index.php\/2025\/01\/07\/zinho-crava-campeao-do-paulistao-2025\/#primaryimage","url":"https:\/\/www.gaveanews.com\/wp-content\/uploads\/Zinho-ex-jogador-e-comentarista-esportivo.webp","contentUrl":"https:\/\/www.gaveanews.com\/wp-content\/uploads\/Zinho-ex-jogador-e-comentarista-esportivo.webp","width":800,"height":450,"caption":"Zinho ex-jogador e comentarista esportivo - Foto: Divulga\u00e7\u00e3o"},{"@type":"BreadcrumbList","@id":"https:\/\/www.gaveanews.com\/index.php\/2025\/01\/07\/zinho-crava-campeao-do-paulistao-2025\/#breadcrumb","itemListElement":[{"@type":"ListItem","position":1,"name":"Home","item":"https:\/\/www.gaveanews.com\/"},{"@type":"ListItem","position":2,"name":"Zinho crava campe\u00e3o do Paulist\u00e3o 2025"}]},{"@type":"WebSite","@id":"https:\/\/www.gaveanews.com\/#website","url":"https:\/\/www.gaveanews.com\/","name":"G\u00e1vea News","description":"Veja todas as not\u00edcias sobre o Flamengo: Contrata\u00e7\u00f5es, categorias de base, resultados das partidas, tabela de classifica\u00e7\u00e3o, pr\u00f3ximos jogos!","potentialAction":[{"@type":"SearchAction","target":{"@type":"EntryPoint","urlTemplate":"https:\/\/www.gaveanews.com\/?s={search_term_string}"},"query-input":{"@type":"PropertyValueSpecification","valueRequired":true,"valueName":"search_term_string"}}],"inLanguage":"pt-BR"},{"@type":"Person","@id":"https:\/\/www.gaveanews.com\/#\/schema\/person\/32fddefab25b466689f181be346cd98c","name":"Bruno Zanchetta","image":{"@type":"ImageObject","inLanguage":"pt-BR","@id":"https:\/\/www.gaveanews.com\/#\/schema\/person\/image\/","url":"https:\/\/secure.gravatar.com\/avatar\/3ba2d39f8a912ad65276975a996d6ad8d9e3dd13448684be8dc4d7c17099d2ee?s=96&d=mm&r=g","contentUrl":"https:\/\/secure.gravatar.com\/avatar\/3ba2d39f8a912ad65276975a996d6ad8d9e3dd13448684be8dc4d7c17099d2ee?s=96&d=mm&r=g","caption":"Bruno Zanchetta"}}]}},"_links":{"self":[{"href":"https:\/\/www.gaveanews.com\/index.php\/wp-json\/wp\/v2\/posts\/208874","targetHints":{"allow":["GET"]}}],"collection":[{"href":"https:\/\/www.gaveanews.com\/index.php\/wp-json\/wp\/v2\/posts"}],"about":[{"href":"https:\/\/www.gaveanews.com\/index.php\/wp-json\/wp\/v2\/types\/post"}],"author":[{"embeddable":true,"href":"https:\/\/www.gaveanews.com\/index.php\/wp-json\/wp\/v2\/users\/19"}],"replies":[{"embeddable":true,"href":"https:\/\/www.gaveanews.com\/index.php\/wp-json\/wp\/v2\/comments?post=208874"}],"version-history":[{"count":1,"href":"https:\/\/www.gaveanews.com\/index.php\/wp-json\/wp\/v2\/posts\/208874\/revisions"}],"predecessor-version":[{"id":208886,"href":"https:\/\/www.gaveanews.com\/index.php\/wp-json\/wp\/v2\/posts\/208874\/revisions\/208886"}],"wp:featuredmedia":[{"embeddable":true,"href":"https:\/\/www.gaveanews.com\/index.php\/wp-json\/wp\/v2\/media\/128167"}],"wp:attachment":[{"href":"https:\/\/www.gaveanews.com\/index.php\/wp-json\/wp\/v2\/media?parent=208874"}],"wp:term":[{"taxonomy":"category","embeddable":true,"href":"https:\/\/www.gaveanews.com\/index.php\/wp-json\/wp\/v2\/categories?post=208874"},{"taxonomy":"post_tag","embeddable":true,"href":"https:\/\/www.gaveanews.com\/index.php\/wp-json\/wp\/v2\/tags?post=208874"}],"curies":[{"name":"wp","href":"https:\/\/api.w.org\/{rel}","templated":true}]}}