{"id":208891,"date":"2025-01-07T13:25:00","date_gmt":"2025-01-07T16:25:00","guid":{"rendered":"https:\/\/www.gaveanews.com\/?p=208891"},"modified":"2025-01-07T12:04:59","modified_gmt":"2025-01-07T15:04:59","slug":"flamengo-define-data-para-anunciar-reforcos","status":"publish","type":"post","link":"https:\/\/www.gaveanews.com\/index.php\/2025\/01\/07\/flamengo-define-data-para-anunciar-reforcos\/","title":{"rendered":"Flamengo define data para anunciar refor\u00e7os"},"content":{"rendered":"\n<p>O Flamengo est\u00e1 prestes a dar os primeiros passos no mercado de transfer\u00eancias de 2025. Ap\u00f3s iniciar o ano sem an\u00fancios oficiais, o clube planeja refor\u00e7ar o elenco durante a pr\u00e9-temporada nos Estados Unidos.&nbsp;<\/p>\n\n\n\n<ul class=\"wp-block-list\">\n<li><a href=\"https:\/\/www.gaveanews.com\/index.php\/2025\/01\/07\/cria-do-flamengo-e-oferecido-ao-vasco\/\">Cria do Flamengo \u00e9 oferecido ao Vasco<\/a><\/li>\n\n\n\n<li><a href=\"https:\/\/www.gaveanews.com\/index.php\/2025\/01\/07\/e-oficial-bap-sacramenta-mais-saidas-do-flamengo\/\">\u00c9 oficial! BAP sacramenta mais sa\u00eddas do Flamengo<\/a><\/li>\n<\/ul>\n\n\n\n<p>As negocia\u00e7\u00f5es avan\u00e7am nos bastidores, e a expectativa \u00e9 de que as primeiras novidades sejam reveladas nos pr\u00f3ximos dias, atendendo \u00e0s principais car\u00eancias identificadas pela comiss\u00e3o t\u00e9cnica.<\/p>\n\n\n\n<h2 class=\"wp-block-heading\" id=\"h-nova-referencia-no-ataque-esta-no-radar\">Nova refer\u00eancia no ataque est\u00e1 no radar<\/h2>\n\n\n\n<p>Com a sa\u00edda de Gabigol, a diretoria rubro-negra definiu a contrata\u00e7\u00e3o de um novo camisa 9 como prioridade. O clube busca um atacante promissor e pouco conhecido no Brasil, mas com potencial para ser decisivo em campo. O investimento previsto para essa negocia\u00e7\u00e3o gira entre 5 e 6 milh\u00f5es de euros (cerca de R$ 40 milh\u00f5es).<\/p>\n\n\n\n<p>Propostas por nomes como Roger Guedes e Lassina Traor\u00e9 foram descartadas, e o alvo atual permanece sob sigilo. Al\u00e9m disso, o Flamengo planeja apresentar o refor\u00e7o ainda na pr\u00e9-temporada, demonstrando agilidade na montagem do elenco para 2025.<\/p>\n\n\n\n<h2 class=\"wp-block-heading\" id=\"h-reforcos-em-outras-posicoes\">Refor\u00e7os em outras posi\u00e7\u00f5es<\/h2>\n\n\n\n<p>Cabe ressaltar que o clube tamb\u00e9m busca um volante experiente para fortalecer o meio-campo. A ideia \u00e9 contar com um jogador consagrado, capaz de agregar qualidade t\u00e9cnica e lideran\u00e7a \u00e0 equipe. Por isso, essa \u00e9 a segunda prioridade do Flamengo na atual janela de transfer\u00eancias.<\/p>\n\n\n\n<p>Outro setor que pode receber refor\u00e7os \u00e9 a zaga, mas a decis\u00e3o est\u00e1 atrelada \u00e0 sa\u00edda de algum jogador. Fabr\u00edcio Bruno, por exemplo, tem uma proposta do Cruzeiro, e sua eventual transfer\u00eancia pode abrir espa\u00e7o para a chegada de um novo defensor.<\/p>\n\n\n\n<p>J\u00e1 na lateral direita, o planejamento \u00e9 diferente. O Flamengo pretende negociar Wesley no meio do ano, com expectativas de vend\u00ea-lo por at\u00e9 35 milh\u00f5es de euros (R$ 222 milh\u00f5es). Sendo assim, um substituto s\u00f3 ser\u00e1 avaliado na pr\u00f3xima janela.<\/p>\n\n\n\n<h2 class=\"wp-block-heading\" id=\"h-data-da-chegada-dos-reforcos\">Data da chegada dos refor\u00e7os<\/h2>\n\n\n\n<p>O elenco principal do Flamengo se reapresenta no dia 8 de janeiro e viaja no dia 10 para os Estados Unidos. Ainda durante a pr\u00e9-temporada, o clube deseja anunciar o nome dos novos refor\u00e7os para 2025.&nbsp;<\/p>\n\n\n\n<p>A equipe treinar\u00e1 em Gainesville, na Universidade da Fl\u00f3rida, e encerra a passagem internacional com um amistoso contra o S\u00e3o Paulo, no dia 19, em Fort Lauderdale. Com isso, o time retornar\u00e1 ao Brasil para continuar a prepara\u00e7\u00e3o visando uma temporada intensa.<\/p>\n","protected":false},"excerpt":{"rendered":"<p>O Flamengo est\u00e1 prestes a dar os primeiros passos no mercado de transfer\u00eancias de 2025. Ap\u00f3s iniciar o ano sem an\u00fancios oficiais, o clube planeja refor\u00e7ar o elenco durante a pr\u00e9-temporada nos Estados Unidos.&nbsp; As negocia\u00e7\u00f5es avan\u00e7am nos bastidores, e a expectativa \u00e9 de que as primeiras novidades sejam reveladas nos pr\u00f3ximos dias, atendendo \u00e0s [&hellip;]<\/p>\n","protected":false},"author":25,"featured_media":205638,"comment_status":"open","ping_status":"closed","sticky":false,"template":"","format":"standard","meta":{"footnotes":""},"categories":[1],"tags":[],"class_list":["post-208891","post","type-post","status-publish","format-standard","has-post-thumbnail","hentry","category-flamengo"],"yoast_head":"<!-- This site is optimized with the Yoast SEO Premium plugin v24.2 (Yoast SEO v26.9) - https:\/\/yoast.com\/product\/yoast-seo-premium-wordpress\/ -->\n<title>Flamengo define data para anunciar refor\u00e7os<\/title>\n<meta name=\"robots\" content=\"index, follow, max-snippet:-1, max-image-preview:large, max-video-preview:-1\" \/>\n<link rel=\"canonical\" href=\"https:\/\/www.gaveanews.com\/index.php\/2025\/01\/07\/flamengo-define-data-para-anunciar-reforcos\/\" \/>\n<meta property=\"og:locale\" content=\"pt_BR\" \/>\n<meta property=\"og:type\" content=\"article\" \/>\n<meta property=\"og:title\" content=\"Flamengo define data para anunciar refor\u00e7os\" \/>\n<meta property=\"og:description\" content=\"O Flamengo est\u00e1 prestes a dar os primeiros passos no mercado de transfer\u00eancias de 2025. Ap\u00f3s iniciar o ano sem an\u00fancios oficiais, o clube planeja refor\u00e7ar o elenco durante a pr\u00e9-temporada nos Estados Unidos.&nbsp; As negocia\u00e7\u00f5es avan\u00e7am nos bastidores, e a expectativa \u00e9 de que as primeiras novidades sejam reveladas nos pr\u00f3ximos dias, atendendo \u00e0s [&hellip;]\" \/>\n<meta property=\"og:url\" content=\"https:\/\/www.gaveanews.com\/index.php\/2025\/01\/07\/flamengo-define-data-para-anunciar-reforcos\/\" \/>\n<meta property=\"og:site_name\" content=\"G\u00e1vea News\" \/>\n<meta property=\"article:publisher\" content=\"https:\/\/facebook.com\/gaveaNews\/\" \/>\n<meta property=\"article:published_time\" content=\"2025-01-07T16:25:00+00:00\" \/>\n<meta property=\"og:image\" content=\"https:\/\/www.gaveanews.com\/wp-content\/uploads\/Apresentacao-de-Jose-Boto-no-Flamengo-Foto_-Marcelo-Cortes_CRF.webp\" \/>\n\t<meta property=\"og:image:width\" content=\"2048\" \/>\n\t<meta property=\"og:image:height\" content=\"1362\" \/>\n\t<meta property=\"og:image:type\" content=\"image\/webp\" \/>\n<meta name=\"author\" content=\"Rafaela Ladeira\" \/>\n<meta name=\"twitter:card\" content=\"summary_large_image\" \/>\n<meta name=\"twitter:label1\" content=\"Escrito por\" \/>\n\t<meta name=\"twitter:data1\" content=\"Rafaela Ladeira\" \/>\n\t<meta name=\"twitter:label2\" content=\"Est. tempo de leitura\" \/>\n\t<meta name=\"twitter:data2\" content=\"3 minutos\" \/>\n<script type=\"application\/ld+json\" class=\"yoast-schema-graph\">{\"@context\":\"https:\/\/schema.org\",\"@graph\":[{\"@type\":\"NewsArticle\",\"@id\":\"https:\/\/www.gaveanews.com\/index.php\/2025\/01\/07\/flamengo-define-data-para-anunciar-reforcos\/#article\",\"isPartOf\":{\"@id\":\"https:\/\/www.gaveanews.com\/index.php\/2025\/01\/07\/flamengo-define-data-para-anunciar-reforcos\/\"},\"author\":{\"name\":\"Rafaela Ladeira\",\"@id\":\"https:\/\/www.gaveanews.com\/#\/schema\/person\/0eb3e3fe1754f0205218538adbe8f5ed\"},\"headline\":\"Flamengo define data para anunciar refor\u00e7os\",\"datePublished\":\"2025-01-07T16:25:00+00:00\",\"mainEntityOfPage\":{\"@id\":\"https:\/\/www.gaveanews.com\/index.php\/2025\/01\/07\/flamengo-define-data-para-anunciar-reforcos\/\"},\"wordCount\":421,\"commentCount\":0,\"image\":{\"@id\":\"https:\/\/www.gaveanews.com\/index.php\/2025\/01\/07\/flamengo-define-data-para-anunciar-reforcos\/#primaryimage\"},\"thumbnailUrl\":\"https:\/\/www.gaveanews.com\/wp-content\/uploads\/Apresentacao-de-Jose-Boto-no-Flamengo-Foto_-Marcelo-Cortes_CRF.webp\",\"articleSection\":[\"Flamengo\"],\"inLanguage\":\"pt-BR\",\"potentialAction\":[{\"@type\":\"CommentAction\",\"name\":\"Comment\",\"target\":[\"https:\/\/www.gaveanews.com\/index.php\/2025\/01\/07\/flamengo-define-data-para-anunciar-reforcos\/#respond\"]}],\"copyrightYear\":\"2025\",\"copyrightHolder\":{\"@id\":\"https:\/\/www.gaveanews.com\/#organization\"}},{\"@type\":\"WebPage\",\"@id\":\"https:\/\/www.gaveanews.com\/index.php\/2025\/01\/07\/flamengo-define-data-para-anunciar-reforcos\/\",\"url\":\"https:\/\/www.gaveanews.com\/index.php\/2025\/01\/07\/flamengo-define-data-para-anunciar-reforcos\/\",\"name\":\"Flamengo define data para anunciar refor\u00e7os\",\"isPartOf\":{\"@id\":\"https:\/\/www.gaveanews.com\/#website\"},\"primaryImageOfPage\":{\"@id\":\"https:\/\/www.gaveanews.com\/index.php\/2025\/01\/07\/flamengo-define-data-para-anunciar-reforcos\/#primaryimage\"},\"image\":{\"@id\":\"https:\/\/www.gaveanews.com\/index.php\/2025\/01\/07\/flamengo-define-data-para-anunciar-reforcos\/#primaryimage\"},\"thumbnailUrl\":\"https:\/\/www.gaveanews.com\/wp-content\/uploads\/Apresentacao-de-Jose-Boto-no-Flamengo-Foto_-Marcelo-Cortes_CRF.webp\",\"datePublished\":\"2025-01-07T16:25:00+00:00\",\"author\":{\"@id\":\"https:\/\/www.gaveanews.com\/#\/schema\/person\/0eb3e3fe1754f0205218538adbe8f5ed\"},\"breadcrumb\":{\"@id\":\"https:\/\/www.gaveanews.com\/index.php\/2025\/01\/07\/flamengo-define-data-para-anunciar-reforcos\/#breadcrumb\"},\"inLanguage\":\"pt-BR\",\"potentialAction\":[{\"@type\":\"ReadAction\",\"target\":[\"https:\/\/www.gaveanews.com\/index.php\/2025\/01\/07\/flamengo-define-data-para-anunciar-reforcos\/\"]}]},{\"@type\":\"ImageObject\",\"inLanguage\":\"pt-BR\",\"@id\":\"https:\/\/www.gaveanews.com\/index.php\/2025\/01\/07\/flamengo-define-data-para-anunciar-reforcos\/#primaryimage\",\"url\":\"https:\/\/www.gaveanews.com\/wp-content\/uploads\/Apresentacao-de-Jose-Boto-no-Flamengo-Foto_-Marcelo-Cortes_CRF.webp\",\"contentUrl\":\"https:\/\/www.gaveanews.com\/wp-content\/uploads\/Apresentacao-de-Jose-Boto-no-Flamengo-Foto_-Marcelo-Cortes_CRF.webp\",\"width\":2048,\"height\":1362,\"caption\":\"Entrevista coletiva de Jos\u00e9 Boto (Foto: Reprodu\u00e7\u00e3o\/FlaTV)\"},{\"@type\":\"BreadcrumbList\",\"@id\":\"https:\/\/www.gaveanews.com\/index.php\/2025\/01\/07\/flamengo-define-data-para-anunciar-reforcos\/#breadcrumb\",\"itemListElement\":[{\"@type\":\"ListItem\",\"position\":1,\"name\":\"Home\",\"item\":\"https:\/\/www.gaveanews.com\/\"},{\"@type\":\"ListItem\",\"position\":2,\"name\":\"Flamengo define data para anunciar refor\u00e7os\"}]},{\"@type\":\"WebSite\",\"@id\":\"https:\/\/www.gaveanews.com\/#website\",\"url\":\"https:\/\/www.gaveanews.com\/\",\"name\":\"G\u00e1vea News\",\"description\":\"Veja todas as not\u00edcias sobre o Flamengo: Contrata\u00e7\u00f5es, categorias de base, resultados das partidas, tabela de classifica\u00e7\u00e3o, pr\u00f3ximos jogos!\",\"potentialAction\":[{\"@type\":\"SearchAction\",\"target\":{\"@type\":\"EntryPoint\",\"urlTemplate\":\"https:\/\/www.gaveanews.com\/?s={search_term_string}\"},\"query-input\":{\"@type\":\"PropertyValueSpecification\",\"valueRequired\":true,\"valueName\":\"search_term_string\"}}],\"inLanguage\":\"pt-BR\"},{\"@type\":\"Person\",\"@id\":\"https:\/\/www.gaveanews.com\/#\/schema\/person\/0eb3e3fe1754f0205218538adbe8f5ed\",\"name\":\"Rafaela Ladeira\",\"image\":{\"@type\":\"ImageObject\",\"inLanguage\":\"pt-BR\",\"@id\":\"https:\/\/www.gaveanews.com\/#\/schema\/person\/image\/\",\"url\":\"https:\/\/secure.gravatar.com\/avatar\/c31f513acffd85eacab5730cbdfdbbf59f21ba5aeada8cd890acea879fbb2455?s=96&d=mm&r=g\",\"contentUrl\":\"https:\/\/secure.gravatar.com\/avatar\/c31f513acffd85eacab5730cbdfdbbf59f21ba5aeada8cd890acea879fbb2455?s=96&d=mm&r=g\",\"caption\":\"Rafaela Ladeira\"}}]}<\/script>\n<!-- \/ Yoast SEO Premium plugin. -->","yoast_head_json":{"title":"Flamengo define data para anunciar refor\u00e7os","robots":{"index":"index","follow":"follow","max-snippet":"max-snippet:-1","max-image-preview":"max-image-preview:large","max-video-preview":"max-video-preview:-1"},"canonical":"https:\/\/www.gaveanews.com\/index.php\/2025\/01\/07\/flamengo-define-data-para-anunciar-reforcos\/","og_locale":"pt_BR","og_type":"article","og_title":"Flamengo define data para anunciar refor\u00e7os","og_description":"O Flamengo est\u00e1 prestes a dar os primeiros passos no mercado de transfer\u00eancias de 2025. Ap\u00f3s iniciar o ano sem an\u00fancios oficiais, o clube planeja refor\u00e7ar o elenco durante a pr\u00e9-temporada nos Estados Unidos.&nbsp; As negocia\u00e7\u00f5es avan\u00e7am nos bastidores, e a expectativa \u00e9 de que as primeiras novidades sejam reveladas nos pr\u00f3ximos dias, atendendo \u00e0s [&hellip;]","og_url":"https:\/\/www.gaveanews.com\/index.php\/2025\/01\/07\/flamengo-define-data-para-anunciar-reforcos\/","og_site_name":"G\u00e1vea News","article_publisher":"https:\/\/facebook.com\/gaveaNews\/","article_published_time":"2025-01-07T16:25:00+00:00","og_image":[{"width":2048,"height":1362,"url":"https:\/\/www.gaveanews.com\/wp-content\/uploads\/Apresentacao-de-Jose-Boto-no-Flamengo-Foto_-Marcelo-Cortes_CRF.webp","type":"image\/webp"}],"author":"Rafaela Ladeira","twitter_card":"summary_large_image","twitter_misc":{"Escrito por":"Rafaela Ladeira","Est. tempo de leitura":"3 minutos"},"schema":{"@context":"https:\/\/schema.org","@graph":[{"@type":"NewsArticle","@id":"https:\/\/www.gaveanews.com\/index.php\/2025\/01\/07\/flamengo-define-data-para-anunciar-reforcos\/#article","isPartOf":{"@id":"https:\/\/www.gaveanews.com\/index.php\/2025\/01\/07\/flamengo-define-data-para-anunciar-reforcos\/"},"author":{"name":"Rafaela Ladeira","@id":"https:\/\/www.gaveanews.com\/#\/schema\/person\/0eb3e3fe1754f0205218538adbe8f5ed"},"headline":"Flamengo define data para anunciar refor\u00e7os","datePublished":"2025-01-07T16:25:00+00:00","mainEntityOfPage":{"@id":"https:\/\/www.gaveanews.com\/index.php\/2025\/01\/07\/flamengo-define-data-para-anunciar-reforcos\/"},"wordCount":421,"commentCount":0,"image":{"@id":"https:\/\/www.gaveanews.com\/index.php\/2025\/01\/07\/flamengo-define-data-para-anunciar-reforcos\/#primaryimage"},"thumbnailUrl":"https:\/\/www.gaveanews.com\/wp-content\/uploads\/Apresentacao-de-Jose-Boto-no-Flamengo-Foto_-Marcelo-Cortes_CRF.webp","articleSection":["Flamengo"],"inLanguage":"pt-BR","potentialAction":[{"@type":"CommentAction","name":"Comment","target":["https:\/\/www.gaveanews.com\/index.php\/2025\/01\/07\/flamengo-define-data-para-anunciar-reforcos\/#respond"]}],"copyrightYear":"2025","copyrightHolder":{"@id":"https:\/\/www.gaveanews.com\/#organization"}},{"@type":"WebPage","@id":"https:\/\/www.gaveanews.com\/index.php\/2025\/01\/07\/flamengo-define-data-para-anunciar-reforcos\/","url":"https:\/\/www.gaveanews.com\/index.php\/2025\/01\/07\/flamengo-define-data-para-anunciar-reforcos\/","name":"Flamengo define data para anunciar refor\u00e7os","isPartOf":{"@id":"https:\/\/www.gaveanews.com\/#website"},"primaryImageOfPage":{"@id":"https:\/\/www.gaveanews.com\/index.php\/2025\/01\/07\/flamengo-define-data-para-anunciar-reforcos\/#primaryimage"},"image":{"@id":"https:\/\/www.gaveanews.com\/index.php\/2025\/01\/07\/flamengo-define-data-para-anunciar-reforcos\/#primaryimage"},"thumbnailUrl":"https:\/\/www.gaveanews.com\/wp-content\/uploads\/Apresentacao-de-Jose-Boto-no-Flamengo-Foto_-Marcelo-Cortes_CRF.webp","datePublished":"2025-01-07T16:25:00+00:00","author":{"@id":"https:\/\/www.gaveanews.com\/#\/schema\/person\/0eb3e3fe1754f0205218538adbe8f5ed"},"breadcrumb":{"@id":"https:\/\/www.gaveanews.com\/index.php\/2025\/01\/07\/flamengo-define-data-para-anunciar-reforcos\/#breadcrumb"},"inLanguage":"pt-BR","potentialAction":[{"@type":"ReadAction","target":["https:\/\/www.gaveanews.com\/index.php\/2025\/01\/07\/flamengo-define-data-para-anunciar-reforcos\/"]}]},{"@type":"ImageObject","inLanguage":"pt-BR","@id":"https:\/\/www.gaveanews.com\/index.php\/2025\/01\/07\/flamengo-define-data-para-anunciar-reforcos\/#primaryimage","url":"https:\/\/www.gaveanews.com\/wp-content\/uploads\/Apresentacao-de-Jose-Boto-no-Flamengo-Foto_-Marcelo-Cortes_CRF.webp","contentUrl":"https:\/\/www.gaveanews.com\/wp-content\/uploads\/Apresentacao-de-Jose-Boto-no-Flamengo-Foto_-Marcelo-Cortes_CRF.webp","width":2048,"height":1362,"caption":"Entrevista coletiva de Jos\u00e9 Boto (Foto: Reprodu\u00e7\u00e3o\/FlaTV)"},{"@type":"BreadcrumbList","@id":"https:\/\/www.gaveanews.com\/index.php\/2025\/01\/07\/flamengo-define-data-para-anunciar-reforcos\/#breadcrumb","itemListElement":[{"@type":"ListItem","position":1,"name":"Home","item":"https:\/\/www.gaveanews.com\/"},{"@type":"ListItem","position":2,"name":"Flamengo define data para anunciar refor\u00e7os"}]},{"@type":"WebSite","@id":"https:\/\/www.gaveanews.com\/#website","url":"https:\/\/www.gaveanews.com\/","name":"G\u00e1vea News","description":"Veja todas as not\u00edcias sobre o Flamengo: Contrata\u00e7\u00f5es, categorias de base, resultados das partidas, tabela de classifica\u00e7\u00e3o, pr\u00f3ximos jogos!","potentialAction":[{"@type":"SearchAction","target":{"@type":"EntryPoint","urlTemplate":"https:\/\/www.gaveanews.com\/?s={search_term_string}"},"query-input":{"@type":"PropertyValueSpecification","valueRequired":true,"valueName":"search_term_string"}}],"inLanguage":"pt-BR"},{"@type":"Person","@id":"https:\/\/www.gaveanews.com\/#\/schema\/person\/0eb3e3fe1754f0205218538adbe8f5ed","name":"Rafaela Ladeira","image":{"@type":"ImageObject","inLanguage":"pt-BR","@id":"https:\/\/www.gaveanews.com\/#\/schema\/person\/image\/","url":"https:\/\/secure.gravatar.com\/avatar\/c31f513acffd85eacab5730cbdfdbbf59f21ba5aeada8cd890acea879fbb2455?s=96&d=mm&r=g","contentUrl":"https:\/\/secure.gravatar.com\/avatar\/c31f513acffd85eacab5730cbdfdbbf59f21ba5aeada8cd890acea879fbb2455?s=96&d=mm&r=g","caption":"Rafaela Ladeira"}}]}},"_links":{"self":[{"href":"https:\/\/www.gaveanews.com\/index.php\/wp-json\/wp\/v2\/posts\/208891","targetHints":{"allow":["GET"]}}],"collection":[{"href":"https:\/\/www.gaveanews.com\/index.php\/wp-json\/wp\/v2\/posts"}],"about":[{"href":"https:\/\/www.gaveanews.com\/index.php\/wp-json\/wp\/v2\/types\/post"}],"author":[{"embeddable":true,"href":"https:\/\/www.gaveanews.com\/index.php\/wp-json\/wp\/v2\/users\/25"}],"replies":[{"embeddable":true,"href":"https:\/\/www.gaveanews.com\/index.php\/wp-json\/wp\/v2\/comments?post=208891"}],"version-history":[{"count":1,"href":"https:\/\/www.gaveanews.com\/index.php\/wp-json\/wp\/v2\/posts\/208891\/revisions"}],"predecessor-version":[{"id":208892,"href":"https:\/\/www.gaveanews.com\/index.php\/wp-json\/wp\/v2\/posts\/208891\/revisions\/208892"}],"wp:featuredmedia":[{"embeddable":true,"href":"https:\/\/www.gaveanews.com\/index.php\/wp-json\/wp\/v2\/media\/205638"}],"wp:attachment":[{"href":"https:\/\/www.gaveanews.com\/index.php\/wp-json\/wp\/v2\/media?parent=208891"}],"wp:term":[{"taxonomy":"category","embeddable":true,"href":"https:\/\/www.gaveanews.com\/index.php\/wp-json\/wp\/v2\/categories?post=208891"},{"taxonomy":"post_tag","embeddable":true,"href":"https:\/\/www.gaveanews.com\/index.php\/wp-json\/wp\/v2\/tags?post=208891"}],"curies":[{"name":"wp","href":"https:\/\/api.w.org\/{rel}","templated":true}]}}