{"id":208894,"date":"2025-01-07T13:35:00","date_gmt":"2025-01-07T16:35:00","guid":{"rendered":"https:\/\/www.gaveanews.com\/?p=208894"},"modified":"2025-01-07T12:09:40","modified_gmt":"2025-01-07T15:09:40","slug":"real-madrid-a-declaracao-de-ancelotti-direcionada-a-vini-jr-2","status":"publish","type":"post","link":"https:\/\/www.gaveanews.com\/index.php\/2025\/01\/07\/real-madrid-a-declaracao-de-ancelotti-direcionada-a-vini-jr-2\/","title":{"rendered":"Real Madrid: a declara\u00e7\u00e3o de Ancelotti direcionada a Vini Jr"},"content":{"rendered":"\n<p>O Real Madrid mesclou o time para passar o trator em cima da pequena equipe do Deportivo Minera, pela Copa do Rei.<\/p>\n\n\n\n<p>Sem sustos e sem dificuldades, o Real Madrid aplicou um tranquilo 5 a 0 no l\u00edder do grupo 13 da quarta divis\u00e3o do Campeonato Espanhol. Vale destacar que a quarta divis\u00e3o na Espanha \u00e9 como se fosse um campeonato de equipes amadoras.<\/p>\n\n\n\n<ul class=\"wp-block-list\">\n<li><a href=\"https:\/\/www.gaveanews.com\/index.php\/2025\/01\/04\/real-madrid-a-declaracao-de-ancelotti-direcionada-a-vini-jr\/\">Real Madrid: a declara\u00e7\u00e3o de Ancelotti direcionada a Vini Jr<\/a><\/li>\n\n\n\n<li><a href=\"https:\/\/www.gaveanews.com\/index.php\/2024\/12\/27\/real-madrid-a-declaracao-de-vini-jr-direcionada-a-cristiano-ronaldo\/\">Real Madrid: a declara\u00e7\u00e3o de Vini Jr direcionada a Cristiano Ronaldo<\/a><\/li>\n<\/ul>\n\n\n\n<p>Valverde, Arda G\u00fcller duas vezes, Modric e Camavinga foram os respons\u00e1veis por fazer os 5 gols que marcaram a vit\u00f3ria e a classifica\u00e7\u00e3o do Real Madrid.<\/p>\n\n\n\n<p>Ao final da partida, o Vini Jr recebeu alguns elogios de Ancelotti, mas, tamb\u00e9m teve a expuls\u00e3o contra o Valencia colocada em pauta.<\/p>\n\n\n\n<p>Vini Jr foi expulso no \u00faltimo jogo do Campeonato Espanhol por ter agredido o goleiro do Valencia. Ancelotti acredita que o brasileiro vai conseguir escapar da suspens\u00e3o de mais jogos.<\/p>\n\n\n\n<p>\u201cN\u00e3o foi um vermelho, foi um amarelo, e \u00e9 por isso que esperamos que ele n\u00e3o sofra nenhuma suspens\u00e3o\u201d.<\/p>\n\n\n\n<p>Vini Jr pega a suspens\u00e3o autom\u00e1tica e vai a julgamento para saber se ser\u00e1 suspenso por mais jogos na La Liga.<\/p>\n\n\n\n<p>At\u00e9 o momento, \u00e9 certeza que ele n\u00e3o jogar\u00e1 contra o Las Palmas, no dia 19 de janeiro, pelo Campeonato Espanhol, mas, jogou ontem e estar\u00e1 com o grupo na semifinal da Supercopa da Espanha contra a equipe do Mallorca.<\/p>\n\n\n\n<h2 class=\"wp-block-heading\" id=\"h-qual-a-proxima-partida-do-real-madrid\">Qual a pr\u00f3xima partida do Real Madrid?<\/h2>\n\n\n\n<p>O Real Madrid volta a campo nesta quinta-feira (09\/01), \u00e0s 16h (hor\u00e1rio de Bras\u00edlia), contra o Mallorca, pela semifinal da Supercopa da Espanha. O duelo, em jogo \u00fanico, ser\u00e1 no&nbsp;King Abdullah Sports City, em Jed\u00e1.<\/p>\n\n\n\n<p>Quem vencer o confronto far\u00e1 a final da Supercopa contra Athletic Bilbao e Barcelona, que fazem a outra semifinal.<\/p>\n","protected":false},"excerpt":{"rendered":"<p>O Real Madrid mesclou o time para passar o trator em cima da pequena equipe do Deportivo Minera, pela Copa do Rei. Sem sustos e sem dificuldades, o Real Madrid aplicou um tranquilo 5 a 0 no l\u00edder do grupo 13 da quarta divis\u00e3o do Campeonato Espanhol. Vale destacar que a quarta divis\u00e3o na Espanha [&hellip;]<\/p>\n","protected":false},"author":19,"featured_media":153811,"comment_status":"open","ping_status":"closed","sticky":false,"template":"","format":"standard","meta":{"footnotes":""},"categories":[88],"tags":[],"class_list":["post-208894","post","type-post","status-publish","format-standard","has-post-thumbnail","hentry","category-real-madrid"],"yoast_head":"<!-- This site is optimized with the Yoast SEO Premium plugin v24.2 (Yoast SEO v26.9) - https:\/\/yoast.com\/product\/yoast-seo-premium-wordpress\/ -->\n<title>Real Madrid: a declara\u00e7\u00e3o de Ancelotti direcionada a Vini Jr<\/title>\n<meta name=\"robots\" content=\"index, follow, max-snippet:-1, max-image-preview:large, max-video-preview:-1\" \/>\n<link rel=\"canonical\" href=\"https:\/\/www.gaveanews.com\/index.php\/2025\/01\/07\/real-madrid-a-declaracao-de-ancelotti-direcionada-a-vini-jr-2\/\" \/>\n<meta property=\"og:locale\" content=\"pt_BR\" \/>\n<meta property=\"og:type\" content=\"article\" \/>\n<meta property=\"og:title\" content=\"Real Madrid: a declara\u00e7\u00e3o de Ancelotti direcionada a Vini Jr\" \/>\n<meta property=\"og:description\" content=\"O Real Madrid mesclou o time para passar o trator em cima da pequena equipe do Deportivo Minera, pela Copa do Rei. Sem sustos e sem dificuldades, o Real Madrid aplicou um tranquilo 5 a 0 no l\u00edder do grupo 13 da quarta divis\u00e3o do Campeonato Espanhol. Vale destacar que a quarta divis\u00e3o na Espanha [&hellip;]\" \/>\n<meta property=\"og:url\" content=\"https:\/\/www.gaveanews.com\/index.php\/2025\/01\/07\/real-madrid-a-declaracao-de-ancelotti-direcionada-a-vini-jr-2\/\" \/>\n<meta property=\"og:site_name\" content=\"G\u00e1vea News\" \/>\n<meta property=\"article:publisher\" content=\"https:\/\/facebook.com\/gaveaNews\/\" \/>\n<meta property=\"article:published_time\" content=\"2025-01-07T16:35:00+00:00\" \/>\n<meta property=\"og:image\" content=\"https:\/\/www.gaveanews.com\/wp-content\/uploads\/Vini-Jr-posou-para-foto-com-o-uniforme-do-Real-Madrid.webp\" \/>\n\t<meta property=\"og:image:width\" content=\"960\" \/>\n\t<meta property=\"og:image:height\" content=\"1200\" \/>\n\t<meta property=\"og:image:type\" content=\"image\/jpeg\" \/>\n<meta name=\"author\" content=\"Bruno Zanchetta\" \/>\n<meta name=\"twitter:card\" content=\"summary_large_image\" \/>\n<meta name=\"twitter:label1\" content=\"Escrito por\" \/>\n\t<meta name=\"twitter:data1\" content=\"Bruno Zanchetta\" \/>\n\t<meta name=\"twitter:label2\" content=\"Est. tempo de leitura\" \/>\n\t<meta name=\"twitter:data2\" content=\"2 minutos\" \/>\n<script type=\"application\/ld+json\" class=\"yoast-schema-graph\">{\"@context\":\"https:\/\/schema.org\",\"@graph\":[{\"@type\":\"NewsArticle\",\"@id\":\"https:\/\/www.gaveanews.com\/index.php\/2025\/01\/07\/real-madrid-a-declaracao-de-ancelotti-direcionada-a-vini-jr-2\/#article\",\"isPartOf\":{\"@id\":\"https:\/\/www.gaveanews.com\/index.php\/2025\/01\/07\/real-madrid-a-declaracao-de-ancelotti-direcionada-a-vini-jr-2\/\"},\"author\":{\"name\":\"Bruno Zanchetta\",\"@id\":\"https:\/\/www.gaveanews.com\/#\/schema\/person\/32fddefab25b466689f181be346cd98c\"},\"headline\":\"Real Madrid: a declara\u00e7\u00e3o de Ancelotti direcionada a Vini Jr\",\"datePublished\":\"2025-01-07T16:35:00+00:00\",\"mainEntityOfPage\":{\"@id\":\"https:\/\/www.gaveanews.com\/index.php\/2025\/01\/07\/real-madrid-a-declaracao-de-ancelotti-direcionada-a-vini-jr-2\/\"},\"wordCount\":330,\"commentCount\":0,\"image\":{\"@id\":\"https:\/\/www.gaveanews.com\/index.php\/2025\/01\/07\/real-madrid-a-declaracao-de-ancelotti-direcionada-a-vini-jr-2\/#primaryimage\"},\"thumbnailUrl\":\"https:\/\/www.gaveanews.com\/wp-content\/uploads\/Vini-Jr-posou-para-foto-com-o-uniforme-do-Real-Madrid.webp\",\"articleSection\":[\"Real Madrid\"],\"inLanguage\":\"pt-BR\",\"potentialAction\":[{\"@type\":\"CommentAction\",\"name\":\"Comment\",\"target\":[\"https:\/\/www.gaveanews.com\/index.php\/2025\/01\/07\/real-madrid-a-declaracao-de-ancelotti-direcionada-a-vini-jr-2\/#respond\"]}],\"copyrightYear\":\"2025\",\"copyrightHolder\":{\"@id\":\"https:\/\/www.gaveanews.com\/#organization\"}},{\"@type\":\"WebPage\",\"@id\":\"https:\/\/www.gaveanews.com\/index.php\/2025\/01\/07\/real-madrid-a-declaracao-de-ancelotti-direcionada-a-vini-jr-2\/\",\"url\":\"https:\/\/www.gaveanews.com\/index.php\/2025\/01\/07\/real-madrid-a-declaracao-de-ancelotti-direcionada-a-vini-jr-2\/\",\"name\":\"Real Madrid: a declara\u00e7\u00e3o de Ancelotti direcionada a Vini Jr\",\"isPartOf\":{\"@id\":\"https:\/\/www.gaveanews.com\/#website\"},\"primaryImageOfPage\":{\"@id\":\"https:\/\/www.gaveanews.com\/index.php\/2025\/01\/07\/real-madrid-a-declaracao-de-ancelotti-direcionada-a-vini-jr-2\/#primaryimage\"},\"image\":{\"@id\":\"https:\/\/www.gaveanews.com\/index.php\/2025\/01\/07\/real-madrid-a-declaracao-de-ancelotti-direcionada-a-vini-jr-2\/#primaryimage\"},\"thumbnailUrl\":\"https:\/\/www.gaveanews.com\/wp-content\/uploads\/Vini-Jr-posou-para-foto-com-o-uniforme-do-Real-Madrid.webp\",\"datePublished\":\"2025-01-07T16:35:00+00:00\",\"author\":{\"@id\":\"https:\/\/www.gaveanews.com\/#\/schema\/person\/32fddefab25b466689f181be346cd98c\"},\"breadcrumb\":{\"@id\":\"https:\/\/www.gaveanews.com\/index.php\/2025\/01\/07\/real-madrid-a-declaracao-de-ancelotti-direcionada-a-vini-jr-2\/#breadcrumb\"},\"inLanguage\":\"pt-BR\",\"potentialAction\":[{\"@type\":\"ReadAction\",\"target\":[\"https:\/\/www.gaveanews.com\/index.php\/2025\/01\/07\/real-madrid-a-declaracao-de-ancelotti-direcionada-a-vini-jr-2\/\"]}]},{\"@type\":\"ImageObject\",\"inLanguage\":\"pt-BR\",\"@id\":\"https:\/\/www.gaveanews.com\/index.php\/2025\/01\/07\/real-madrid-a-declaracao-de-ancelotti-direcionada-a-vini-jr-2\/#primaryimage\",\"url\":\"https:\/\/www.gaveanews.com\/wp-content\/uploads\/Vini-Jr-posou-para-foto-com-o-uniforme-do-Real-Madrid.webp\",\"contentUrl\":\"https:\/\/www.gaveanews.com\/wp-content\/uploads\/Vini-Jr-posou-para-foto-com-o-uniforme-do-Real-Madrid.webp\",\"width\":960,\"height\":1200},{\"@type\":\"BreadcrumbList\",\"@id\":\"https:\/\/www.gaveanews.com\/index.php\/2025\/01\/07\/real-madrid-a-declaracao-de-ancelotti-direcionada-a-vini-jr-2\/#breadcrumb\",\"itemListElement\":[{\"@type\":\"ListItem\",\"position\":1,\"name\":\"Home\",\"item\":\"https:\/\/www.gaveanews.com\/\"},{\"@type\":\"ListItem\",\"position\":2,\"name\":\"Real Madrid: a declara\u00e7\u00e3o de Ancelotti direcionada a Vini Jr\"}]},{\"@type\":\"WebSite\",\"@id\":\"https:\/\/www.gaveanews.com\/#website\",\"url\":\"https:\/\/www.gaveanews.com\/\",\"name\":\"G\u00e1vea News\",\"description\":\"Veja todas as not\u00edcias sobre o Flamengo: Contrata\u00e7\u00f5es, categorias de base, resultados das partidas, tabela de classifica\u00e7\u00e3o, pr\u00f3ximos jogos!\",\"potentialAction\":[{\"@type\":\"SearchAction\",\"target\":{\"@type\":\"EntryPoint\",\"urlTemplate\":\"https:\/\/www.gaveanews.com\/?s={search_term_string}\"},\"query-input\":{\"@type\":\"PropertyValueSpecification\",\"valueRequired\":true,\"valueName\":\"search_term_string\"}}],\"inLanguage\":\"pt-BR\"},{\"@type\":\"Person\",\"@id\":\"https:\/\/www.gaveanews.com\/#\/schema\/person\/32fddefab25b466689f181be346cd98c\",\"name\":\"Bruno Zanchetta\",\"image\":{\"@type\":\"ImageObject\",\"inLanguage\":\"pt-BR\",\"@id\":\"https:\/\/www.gaveanews.com\/#\/schema\/person\/image\/\",\"url\":\"https:\/\/secure.gravatar.com\/avatar\/3ba2d39f8a912ad65276975a996d6ad8d9e3dd13448684be8dc4d7c17099d2ee?s=96&d=mm&r=g\",\"contentUrl\":\"https:\/\/secure.gravatar.com\/avatar\/3ba2d39f8a912ad65276975a996d6ad8d9e3dd13448684be8dc4d7c17099d2ee?s=96&d=mm&r=g\",\"caption\":\"Bruno Zanchetta\"}}]}<\/script>\n<!-- \/ Yoast SEO Premium plugin. -->","yoast_head_json":{"title":"Real Madrid: a declara\u00e7\u00e3o de Ancelotti direcionada a Vini Jr","robots":{"index":"index","follow":"follow","max-snippet":"max-snippet:-1","max-image-preview":"max-image-preview:large","max-video-preview":"max-video-preview:-1"},"canonical":"https:\/\/www.gaveanews.com\/index.php\/2025\/01\/07\/real-madrid-a-declaracao-de-ancelotti-direcionada-a-vini-jr-2\/","og_locale":"pt_BR","og_type":"article","og_title":"Real Madrid: a declara\u00e7\u00e3o de Ancelotti direcionada a Vini Jr","og_description":"O Real Madrid mesclou o time para passar o trator em cima da pequena equipe do Deportivo Minera, pela Copa do Rei. Sem sustos e sem dificuldades, o Real Madrid aplicou um tranquilo 5 a 0 no l\u00edder do grupo 13 da quarta divis\u00e3o do Campeonato Espanhol. Vale destacar que a quarta divis\u00e3o na Espanha [&hellip;]","og_url":"https:\/\/www.gaveanews.com\/index.php\/2025\/01\/07\/real-madrid-a-declaracao-de-ancelotti-direcionada-a-vini-jr-2\/","og_site_name":"G\u00e1vea News","article_publisher":"https:\/\/facebook.com\/gaveaNews\/","article_published_time":"2025-01-07T16:35:00+00:00","og_image":[{"width":960,"height":1200,"url":"https:\/\/www.gaveanews.com\/wp-content\/uploads\/Vini-Jr-posou-para-foto-com-o-uniforme-do-Real-Madrid.webp","type":"image\/jpeg"}],"author":"Bruno Zanchetta","twitter_card":"summary_large_image","twitter_misc":{"Escrito por":"Bruno Zanchetta","Est. tempo de leitura":"2 minutos"},"schema":{"@context":"https:\/\/schema.org","@graph":[{"@type":"NewsArticle","@id":"https:\/\/www.gaveanews.com\/index.php\/2025\/01\/07\/real-madrid-a-declaracao-de-ancelotti-direcionada-a-vini-jr-2\/#article","isPartOf":{"@id":"https:\/\/www.gaveanews.com\/index.php\/2025\/01\/07\/real-madrid-a-declaracao-de-ancelotti-direcionada-a-vini-jr-2\/"},"author":{"name":"Bruno Zanchetta","@id":"https:\/\/www.gaveanews.com\/#\/schema\/person\/32fddefab25b466689f181be346cd98c"},"headline":"Real Madrid: a declara\u00e7\u00e3o de Ancelotti direcionada a Vini Jr","datePublished":"2025-01-07T16:35:00+00:00","mainEntityOfPage":{"@id":"https:\/\/www.gaveanews.com\/index.php\/2025\/01\/07\/real-madrid-a-declaracao-de-ancelotti-direcionada-a-vini-jr-2\/"},"wordCount":330,"commentCount":0,"image":{"@id":"https:\/\/www.gaveanews.com\/index.php\/2025\/01\/07\/real-madrid-a-declaracao-de-ancelotti-direcionada-a-vini-jr-2\/#primaryimage"},"thumbnailUrl":"https:\/\/www.gaveanews.com\/wp-content\/uploads\/Vini-Jr-posou-para-foto-com-o-uniforme-do-Real-Madrid.webp","articleSection":["Real Madrid"],"inLanguage":"pt-BR","potentialAction":[{"@type":"CommentAction","name":"Comment","target":["https:\/\/www.gaveanews.com\/index.php\/2025\/01\/07\/real-madrid-a-declaracao-de-ancelotti-direcionada-a-vini-jr-2\/#respond"]}],"copyrightYear":"2025","copyrightHolder":{"@id":"https:\/\/www.gaveanews.com\/#organization"}},{"@type":"WebPage","@id":"https:\/\/www.gaveanews.com\/index.php\/2025\/01\/07\/real-madrid-a-declaracao-de-ancelotti-direcionada-a-vini-jr-2\/","url":"https:\/\/www.gaveanews.com\/index.php\/2025\/01\/07\/real-madrid-a-declaracao-de-ancelotti-direcionada-a-vini-jr-2\/","name":"Real Madrid: a declara\u00e7\u00e3o de Ancelotti direcionada a Vini Jr","isPartOf":{"@id":"https:\/\/www.gaveanews.com\/#website"},"primaryImageOfPage":{"@id":"https:\/\/www.gaveanews.com\/index.php\/2025\/01\/07\/real-madrid-a-declaracao-de-ancelotti-direcionada-a-vini-jr-2\/#primaryimage"},"image":{"@id":"https:\/\/www.gaveanews.com\/index.php\/2025\/01\/07\/real-madrid-a-declaracao-de-ancelotti-direcionada-a-vini-jr-2\/#primaryimage"},"thumbnailUrl":"https:\/\/www.gaveanews.com\/wp-content\/uploads\/Vini-Jr-posou-para-foto-com-o-uniforme-do-Real-Madrid.webp","datePublished":"2025-01-07T16:35:00+00:00","author":{"@id":"https:\/\/www.gaveanews.com\/#\/schema\/person\/32fddefab25b466689f181be346cd98c"},"breadcrumb":{"@id":"https:\/\/www.gaveanews.com\/index.php\/2025\/01\/07\/real-madrid-a-declaracao-de-ancelotti-direcionada-a-vini-jr-2\/#breadcrumb"},"inLanguage":"pt-BR","potentialAction":[{"@type":"ReadAction","target":["https:\/\/www.gaveanews.com\/index.php\/2025\/01\/07\/real-madrid-a-declaracao-de-ancelotti-direcionada-a-vini-jr-2\/"]}]},{"@type":"ImageObject","inLanguage":"pt-BR","@id":"https:\/\/www.gaveanews.com\/index.php\/2025\/01\/07\/real-madrid-a-declaracao-de-ancelotti-direcionada-a-vini-jr-2\/#primaryimage","url":"https:\/\/www.gaveanews.com\/wp-content\/uploads\/Vini-Jr-posou-para-foto-com-o-uniforme-do-Real-Madrid.webp","contentUrl":"https:\/\/www.gaveanews.com\/wp-content\/uploads\/Vini-Jr-posou-para-foto-com-o-uniforme-do-Real-Madrid.webp","width":960,"height":1200},{"@type":"BreadcrumbList","@id":"https:\/\/www.gaveanews.com\/index.php\/2025\/01\/07\/real-madrid-a-declaracao-de-ancelotti-direcionada-a-vini-jr-2\/#breadcrumb","itemListElement":[{"@type":"ListItem","position":1,"name":"Home","item":"https:\/\/www.gaveanews.com\/"},{"@type":"ListItem","position":2,"name":"Real Madrid: a declara\u00e7\u00e3o de Ancelotti direcionada a Vini Jr"}]},{"@type":"WebSite","@id":"https:\/\/www.gaveanews.com\/#website","url":"https:\/\/www.gaveanews.com\/","name":"G\u00e1vea News","description":"Veja todas as not\u00edcias sobre o Flamengo: Contrata\u00e7\u00f5es, categorias de base, resultados das partidas, tabela de classifica\u00e7\u00e3o, pr\u00f3ximos jogos!","potentialAction":[{"@type":"SearchAction","target":{"@type":"EntryPoint","urlTemplate":"https:\/\/www.gaveanews.com\/?s={search_term_string}"},"query-input":{"@type":"PropertyValueSpecification","valueRequired":true,"valueName":"search_term_string"}}],"inLanguage":"pt-BR"},{"@type":"Person","@id":"https:\/\/www.gaveanews.com\/#\/schema\/person\/32fddefab25b466689f181be346cd98c","name":"Bruno Zanchetta","image":{"@type":"ImageObject","inLanguage":"pt-BR","@id":"https:\/\/www.gaveanews.com\/#\/schema\/person\/image\/","url":"https:\/\/secure.gravatar.com\/avatar\/3ba2d39f8a912ad65276975a996d6ad8d9e3dd13448684be8dc4d7c17099d2ee?s=96&d=mm&r=g","contentUrl":"https:\/\/secure.gravatar.com\/avatar\/3ba2d39f8a912ad65276975a996d6ad8d9e3dd13448684be8dc4d7c17099d2ee?s=96&d=mm&r=g","caption":"Bruno Zanchetta"}}]}},"_links":{"self":[{"href":"https:\/\/www.gaveanews.com\/index.php\/wp-json\/wp\/v2\/posts\/208894","targetHints":{"allow":["GET"]}}],"collection":[{"href":"https:\/\/www.gaveanews.com\/index.php\/wp-json\/wp\/v2\/posts"}],"about":[{"href":"https:\/\/www.gaveanews.com\/index.php\/wp-json\/wp\/v2\/types\/post"}],"author":[{"embeddable":true,"href":"https:\/\/www.gaveanews.com\/index.php\/wp-json\/wp\/v2\/users\/19"}],"replies":[{"embeddable":true,"href":"https:\/\/www.gaveanews.com\/index.php\/wp-json\/wp\/v2\/comments?post=208894"}],"version-history":[{"count":2,"href":"https:\/\/www.gaveanews.com\/index.php\/wp-json\/wp\/v2\/posts\/208894\/revisions"}],"predecessor-version":[{"id":208927,"href":"https:\/\/www.gaveanews.com\/index.php\/wp-json\/wp\/v2\/posts\/208894\/revisions\/208927"}],"wp:featuredmedia":[{"embeddable":true,"href":"https:\/\/www.gaveanews.com\/index.php\/wp-json\/wp\/v2\/media\/153811"}],"wp:attachment":[{"href":"https:\/\/www.gaveanews.com\/index.php\/wp-json\/wp\/v2\/media?parent=208894"}],"wp:term":[{"taxonomy":"category","embeddable":true,"href":"https:\/\/www.gaveanews.com\/index.php\/wp-json\/wp\/v2\/categories?post=208894"},{"taxonomy":"post_tag","embeddable":true,"href":"https:\/\/www.gaveanews.com\/index.php\/wp-json\/wp\/v2\/tags?post=208894"}],"curies":[{"name":"wp","href":"https:\/\/api.w.org\/{rel}","templated":true}]}}