{"id":208900,"date":"2025-01-07T14:00:00","date_gmt":"2025-01-07T17:00:00","guid":{"rendered":"https:\/\/www.gaveanews.com\/?p=208900"},"modified":"2025-01-07T12:15:16","modified_gmt":"2025-01-07T15:15:16","slug":"com-aval-de-john-textor-botafogo-vai-buscar-reforco-na-europa","status":"publish","type":"post","link":"https:\/\/www.gaveanews.com\/index.php\/2025\/01\/07\/com-aval-de-john-textor-botafogo-vai-buscar-reforco-na-europa\/","title":{"rendered":"Com aval de John Textor, Botafogo vai buscar refor\u00e7o na Europa"},"content":{"rendered":"\n<h2 class=\"wp-block-heading\" id=\"h-veja-quem-e\">Veja quem \u00e9<\/h2>\n\n\n\n<p>O Botafogo, vencedor da Libertadores e do Brasileir\u00e3o em 2024, est\u00e1 no mercado para fazer uma reformula\u00e7\u00e3o no seu elenco. Veja a seguir as \u00faltimas aquisi\u00e7\u00f5es do Botafogo, quem chega, permanece e se despede do clube para a temporada que se inicia com o Campeonato Carioca.<\/p>\n\n\n\n<ul class=\"wp-block-list\">\n<li><a href=\"https:\/\/www.gaveanews.com\/index.php\/2025\/01\/07\/oficial-botafogo-acerta-contracao-para-2025\/\">Oficial! Botafogo acerta contra\u00e7\u00e3o para 2025<\/a><\/li>\n\n\n\n<li><a href=\"https:\/\/www.gaveanews.com\/index.php\/2025\/01\/07\/publicacao-de-bastos-previsao-de-sormani-e-declaracao-de-julio-gomes-as-ultimas-noticias-do-botafogo\/\">Publica\u00e7\u00e3o de Bastos, previs\u00e3o de Sormani e declara\u00e7\u00e3o de Julio Gomes: as \u00faltimas not\u00edcias do Botafogo<br><\/a><\/li>\n<\/ul>\n\n\n\n<p>O Botafogo realizou uma varredura no grupo de jogadores com contratos terminando. O clube perdeu Tch\u00ea Tch\u00ea, Mar\u00e7al, Eduardo e Gatito Fern\u00e1ndez. Adryelson, que estava cedido pelo Lyon, voltou tamb\u00e9m ao futebol franc\u00eas.<\/p>\n\n\n\n<p>O clube enfrentou algumas adversidades fora de campo. A principal mudan\u00e7a foi a transfer\u00eancia de Artur Jorge para o Al Rayyan, do Catar. Pedro Martins, CEO, transferiu-se para o Santos, enquanto Paulo Ribeiro, psic\u00f3logo, transferiu-se para o Flamengo. No \u00e2mbito social, Jo\u00e3o Paulo Magalh\u00e3es e Andr\u00e9 Silva conquistaram a presid\u00eancia para o per\u00edodo de 2025 a 2028.<\/p>\n\n\n\n<h2 class=\"wp-block-heading\" id=\"h-diretoria-do-botafogo-mira-contratacao\">Diretoria do Botafogo mira contrata\u00e7\u00e3o:<\/h2>\n\n\n\n<p>O Botafogo demonstrou interesse em Mauro Arambarri, um meia uruguaio de 29 anos que joga no Getate. O site Fichajes informa que o clube alvinegro pode oferecer \u20ac 5 milh\u00f5es (aproximadamente R$ 31,8 milh\u00f5es) pelo atleta.<\/p>\n\n\n\n<figure class=\"wp-block-image size-full\"><img loading=\"lazy\" decoding=\"async\" width=\"1002\" height=\"560\" src=\"https:\/\/www.gaveanews.com\/wp-content\/uploads\/mauro-arambarri-getafe-cf-2024-2025-1731335712-153884.webp\" alt=\"\" class=\"wp-image-208909\" srcset=\"https:\/\/www.gaveanews.com\/wp-content\/uploads\/mauro-arambarri-getafe-cf-2024-2025-1731335712-153884.webp 1002w, https:\/\/www.gaveanews.com\/wp-content\/uploads\/mauro-arambarri-getafe-cf-2024-2025-1731335712-153884-300x168.webp 300w, https:\/\/www.gaveanews.com\/wp-content\/uploads\/mauro-arambarri-getafe-cf-2024-2025-1731335712-153884-768x429.webp 768w, https:\/\/www.gaveanews.com\/wp-content\/uploads\/mauro-arambarri-getafe-cf-2024-2025-1731335712-153884-752x420.webp 752w, https:\/\/www.gaveanews.com\/wp-content\/uploads\/mauro-arambarri-getafe-cf-2024-2025-1731335712-153884-640x358.webp 640w, https:\/\/www.gaveanews.com\/wp-content\/uploads\/mauro-arambarri-getafe-cf-2024-2025-1731335712-153884-681x381.webp 681w, https:\/\/www.gaveanews.com\/wp-content\/uploads\/mauro-arambarri-getafe-cf-2024-2025-1731335712-153884-100x56.webp 100w\" sizes=\"auto, (max-width: 1002px) 100vw, 1002px\" \/><\/figure>\n\n\n\n<p>Arambarri est\u00e1 no Getafe desde 2017, vindo emprestado do Boston River e adquirido no ano seguinte. Ele j\u00e1 defendeu a sele\u00e7\u00e3o do Uruguai.<\/p>\n\n\n\n<p>De acordo com o Fichajes, o atleta \u00e9 um componente crucial do Getafe, possuindo lideran\u00e7a, talento, intensidade e habilidade para recuperar a posse da bola. Arambarri considera atraente a possibilidade de retornar \u00e0 Am\u00e9rica do Sul e competir em alto n\u00edvel.<\/p>\n\n\n\n<p>\u00c9 visto internamente no Glorioso como um estrangeiro de grande qualidade, com passagens pela sele\u00e7\u00e3o uruguaia e se sobressai pela lideran\u00e7a, talento, intensidade e habilidade para recuperar a bola.<\/p>\n\n\n\n<p>\u00c9 crucial enfatizar que os brasileiros possuem uma vantagem em sua tentativa: a chance de retornar \u00e0 Am\u00e9rica do Sul e competir em alto n\u00edvel \u00e9 atraente para Arambarri.<br><br>Desde que desembarcou na Espanha, o atleta acumula as seguintes marcas 211 partidas, 10 gols e 10 assist\u00eancias.<\/p>\n","protected":false},"excerpt":{"rendered":"<p>Veja quem \u00e9 O Botafogo, vencedor da Libertadores e do Brasileir\u00e3o em 2024, est\u00e1 no mercado para fazer uma reformula\u00e7\u00e3o no seu elenco. Veja a seguir as \u00faltimas aquisi\u00e7\u00f5es do Botafogo, quem chega, permanece e se despede do clube para a temporada que se inicia com o Campeonato Carioca. O Botafogo realizou uma varredura no [&hellip;]<\/p>\n","protected":false},"author":16,"featured_media":146326,"comment_status":"open","ping_status":"closed","sticky":false,"template":"","format":"standard","meta":{"footnotes":""},"categories":[138],"tags":[],"class_list":["post-208900","post","type-post","status-publish","format-standard","has-post-thumbnail","hentry","category-botafogo"],"yoast_head":"<!-- This site is optimized with the Yoast SEO Premium plugin v24.2 (Yoast SEO v26.9) - https:\/\/yoast.com\/product\/yoast-seo-premium-wordpress\/ -->\n<title>Com aval de John Textor, Botafogo vai buscar refor\u00e7o na Europa<\/title>\n<meta name=\"robots\" content=\"index, follow, max-snippet:-1, max-image-preview:large, max-video-preview:-1\" \/>\n<link rel=\"canonical\" href=\"https:\/\/www.gaveanews.com\/index.php\/2025\/01\/07\/com-aval-de-john-textor-botafogo-vai-buscar-reforco-na-europa\/\" \/>\n<meta property=\"og:locale\" content=\"pt_BR\" \/>\n<meta property=\"og:type\" content=\"article\" \/>\n<meta property=\"og:title\" content=\"Com aval de John Textor, Botafogo vai buscar refor\u00e7o na Europa\" \/>\n<meta property=\"og:description\" content=\"Veja quem \u00e9 O Botafogo, vencedor da Libertadores e do Brasileir\u00e3o em 2024, est\u00e1 no mercado para fazer uma reformula\u00e7\u00e3o no seu elenco. Veja a seguir as \u00faltimas aquisi\u00e7\u00f5es do Botafogo, quem chega, permanece e se despede do clube para a temporada que se inicia com o Campeonato Carioca. O Botafogo realizou uma varredura no [&hellip;]\" \/>\n<meta property=\"og:url\" content=\"https:\/\/www.gaveanews.com\/index.php\/2025\/01\/07\/com-aval-de-john-textor-botafogo-vai-buscar-reforco-na-europa\/\" \/>\n<meta property=\"og:site_name\" content=\"G\u00e1vea News\" \/>\n<meta property=\"article:publisher\" content=\"https:\/\/facebook.com\/gaveaNews\/\" \/>\n<meta property=\"article:published_time\" content=\"2025-01-07T17:00:00+00:00\" \/>\n<meta name=\"author\" content=\"D\u00e9bora Figueiredo\" \/>\n<meta name=\"twitter:card\" content=\"summary_large_image\" \/>\n<meta name=\"twitter:label1\" content=\"Escrito por\" \/>\n\t<meta name=\"twitter:data1\" content=\"D\u00e9bora Figueiredo\" \/>\n\t<meta name=\"twitter:label2\" content=\"Est. tempo de leitura\" \/>\n\t<meta name=\"twitter:data2\" content=\"3 minutos\" \/>\n<script type=\"application\/ld+json\" class=\"yoast-schema-graph\">{\"@context\":\"https:\/\/schema.org\",\"@graph\":[{\"@type\":\"NewsArticle\",\"@id\":\"https:\/\/www.gaveanews.com\/index.php\/2025\/01\/07\/com-aval-de-john-textor-botafogo-vai-buscar-reforco-na-europa\/#article\",\"isPartOf\":{\"@id\":\"https:\/\/www.gaveanews.com\/index.php\/2025\/01\/07\/com-aval-de-john-textor-botafogo-vai-buscar-reforco-na-europa\/\"},\"author\":{\"name\":\"D\u00e9bora Figueiredo\",\"@id\":\"https:\/\/www.gaveanews.com\/#\/schema\/person\/37122681a8575a5c8db05a56f099a5e4\"},\"headline\":\"Com aval de John Textor, Botafogo vai buscar refor\u00e7o na Europa\",\"datePublished\":\"2025-01-07T17:00:00+00:00\",\"mainEntityOfPage\":{\"@id\":\"https:\/\/www.gaveanews.com\/index.php\/2025\/01\/07\/com-aval-de-john-textor-botafogo-vai-buscar-reforco-na-europa\/\"},\"wordCount\":366,\"commentCount\":0,\"image\":{\"@id\":\"https:\/\/www.gaveanews.com\/index.php\/2025\/01\/07\/com-aval-de-john-textor-botafogo-vai-buscar-reforco-na-europa\/#primaryimage\"},\"thumbnailUrl\":\"https:\/\/www.gaveanews.com\/wp-content\/uploads\/textor4.avif\",\"articleSection\":[\"Botafogo\"],\"inLanguage\":\"pt-BR\",\"potentialAction\":[{\"@type\":\"CommentAction\",\"name\":\"Comment\",\"target\":[\"https:\/\/www.gaveanews.com\/index.php\/2025\/01\/07\/com-aval-de-john-textor-botafogo-vai-buscar-reforco-na-europa\/#respond\"]}],\"copyrightYear\":\"2025\",\"copyrightHolder\":{\"@id\":\"https:\/\/www.gaveanews.com\/#organization\"}},{\"@type\":\"WebPage\",\"@id\":\"https:\/\/www.gaveanews.com\/index.php\/2025\/01\/07\/com-aval-de-john-textor-botafogo-vai-buscar-reforco-na-europa\/\",\"url\":\"https:\/\/www.gaveanews.com\/index.php\/2025\/01\/07\/com-aval-de-john-textor-botafogo-vai-buscar-reforco-na-europa\/\",\"name\":\"Com aval de John Textor, Botafogo vai buscar refor\u00e7o na Europa\",\"isPartOf\":{\"@id\":\"https:\/\/www.gaveanews.com\/#website\"},\"primaryImageOfPage\":{\"@id\":\"https:\/\/www.gaveanews.com\/index.php\/2025\/01\/07\/com-aval-de-john-textor-botafogo-vai-buscar-reforco-na-europa\/#primaryimage\"},\"image\":{\"@id\":\"https:\/\/www.gaveanews.com\/index.php\/2025\/01\/07\/com-aval-de-john-textor-botafogo-vai-buscar-reforco-na-europa\/#primaryimage\"},\"thumbnailUrl\":\"https:\/\/www.gaveanews.com\/wp-content\/uploads\/textor4.avif\",\"datePublished\":\"2025-01-07T17:00:00+00:00\",\"author\":{\"@id\":\"https:\/\/www.gaveanews.com\/#\/schema\/person\/37122681a8575a5c8db05a56f099a5e4\"},\"breadcrumb\":{\"@id\":\"https:\/\/www.gaveanews.com\/index.php\/2025\/01\/07\/com-aval-de-john-textor-botafogo-vai-buscar-reforco-na-europa\/#breadcrumb\"},\"inLanguage\":\"pt-BR\",\"potentialAction\":[{\"@type\":\"ReadAction\",\"target\":[\"https:\/\/www.gaveanews.com\/index.php\/2025\/01\/07\/com-aval-de-john-textor-botafogo-vai-buscar-reforco-na-europa\/\"]}]},{\"@type\":\"ImageObject\",\"inLanguage\":\"pt-BR\",\"@id\":\"https:\/\/www.gaveanews.com\/index.php\/2025\/01\/07\/com-aval-de-john-textor-botafogo-vai-buscar-reforco-na-europa\/#primaryimage\",\"url\":\"https:\/\/www.gaveanews.com\/wp-content\/uploads\/textor4.avif\",\"contentUrl\":\"https:\/\/www.gaveanews.com\/wp-content\/uploads\/textor4.avif\",\"width\":888,\"height\":602,\"caption\":\"John Textor, dono da SAF do Botafogo \u2014 Foto: Reprodu\u00e7\u00e3o\"},{\"@type\":\"BreadcrumbList\",\"@id\":\"https:\/\/www.gaveanews.com\/index.php\/2025\/01\/07\/com-aval-de-john-textor-botafogo-vai-buscar-reforco-na-europa\/#breadcrumb\",\"itemListElement\":[{\"@type\":\"ListItem\",\"position\":1,\"name\":\"Home\",\"item\":\"https:\/\/www.gaveanews.com\/\"},{\"@type\":\"ListItem\",\"position\":2,\"name\":\"Com aval de John Textor, Botafogo vai buscar refor\u00e7o na Europa\"}]},{\"@type\":\"WebSite\",\"@id\":\"https:\/\/www.gaveanews.com\/#website\",\"url\":\"https:\/\/www.gaveanews.com\/\",\"name\":\"G\u00e1vea News\",\"description\":\"Veja todas as not\u00edcias sobre o Flamengo: Contrata\u00e7\u00f5es, categorias de base, resultados das partidas, tabela de classifica\u00e7\u00e3o, pr\u00f3ximos jogos!\",\"potentialAction\":[{\"@type\":\"SearchAction\",\"target\":{\"@type\":\"EntryPoint\",\"urlTemplate\":\"https:\/\/www.gaveanews.com\/?s={search_term_string}\"},\"query-input\":{\"@type\":\"PropertyValueSpecification\",\"valueRequired\":true,\"valueName\":\"search_term_string\"}}],\"inLanguage\":\"pt-BR\"},{\"@type\":\"Person\",\"@id\":\"https:\/\/www.gaveanews.com\/#\/schema\/person\/37122681a8575a5c8db05a56f099a5e4\",\"name\":\"D\u00e9bora Figueiredo\",\"image\":{\"@type\":\"ImageObject\",\"inLanguage\":\"pt-BR\",\"@id\":\"https:\/\/www.gaveanews.com\/#\/schema\/person\/image\/\",\"url\":\"https:\/\/secure.gravatar.com\/avatar\/1f44802859351588499d26f52aed1d15796ce17e67602895b72837c08018868d?s=96&d=mm&r=g\",\"contentUrl\":\"https:\/\/secure.gravatar.com\/avatar\/1f44802859351588499d26f52aed1d15796ce17e67602895b72837c08018868d?s=96&d=mm&r=g\",\"caption\":\"D\u00e9bora Figueiredo\"}}]}<\/script>\n<!-- \/ Yoast SEO Premium plugin. -->","yoast_head_json":{"title":"Com aval de John Textor, Botafogo vai buscar refor\u00e7o na Europa","robots":{"index":"index","follow":"follow","max-snippet":"max-snippet:-1","max-image-preview":"max-image-preview:large","max-video-preview":"max-video-preview:-1"},"canonical":"https:\/\/www.gaveanews.com\/index.php\/2025\/01\/07\/com-aval-de-john-textor-botafogo-vai-buscar-reforco-na-europa\/","og_locale":"pt_BR","og_type":"article","og_title":"Com aval de John Textor, Botafogo vai buscar refor\u00e7o na Europa","og_description":"Veja quem \u00e9 O Botafogo, vencedor da Libertadores e do Brasileir\u00e3o em 2024, est\u00e1 no mercado para fazer uma reformula\u00e7\u00e3o no seu elenco. Veja a seguir as \u00faltimas aquisi\u00e7\u00f5es do Botafogo, quem chega, permanece e se despede do clube para a temporada que se inicia com o Campeonato Carioca. O Botafogo realizou uma varredura no [&hellip;]","og_url":"https:\/\/www.gaveanews.com\/index.php\/2025\/01\/07\/com-aval-de-john-textor-botafogo-vai-buscar-reforco-na-europa\/","og_site_name":"G\u00e1vea News","article_publisher":"https:\/\/facebook.com\/gaveaNews\/","article_published_time":"2025-01-07T17:00:00+00:00","author":"D\u00e9bora Figueiredo","twitter_card":"summary_large_image","twitter_misc":{"Escrito por":"D\u00e9bora Figueiredo","Est. tempo de leitura":"3 minutos"},"schema":{"@context":"https:\/\/schema.org","@graph":[{"@type":"NewsArticle","@id":"https:\/\/www.gaveanews.com\/index.php\/2025\/01\/07\/com-aval-de-john-textor-botafogo-vai-buscar-reforco-na-europa\/#article","isPartOf":{"@id":"https:\/\/www.gaveanews.com\/index.php\/2025\/01\/07\/com-aval-de-john-textor-botafogo-vai-buscar-reforco-na-europa\/"},"author":{"name":"D\u00e9bora Figueiredo","@id":"https:\/\/www.gaveanews.com\/#\/schema\/person\/37122681a8575a5c8db05a56f099a5e4"},"headline":"Com aval de John Textor, Botafogo vai buscar refor\u00e7o na Europa","datePublished":"2025-01-07T17:00:00+00:00","mainEntityOfPage":{"@id":"https:\/\/www.gaveanews.com\/index.php\/2025\/01\/07\/com-aval-de-john-textor-botafogo-vai-buscar-reforco-na-europa\/"},"wordCount":366,"commentCount":0,"image":{"@id":"https:\/\/www.gaveanews.com\/index.php\/2025\/01\/07\/com-aval-de-john-textor-botafogo-vai-buscar-reforco-na-europa\/#primaryimage"},"thumbnailUrl":"https:\/\/www.gaveanews.com\/wp-content\/uploads\/textor4.avif","articleSection":["Botafogo"],"inLanguage":"pt-BR","potentialAction":[{"@type":"CommentAction","name":"Comment","target":["https:\/\/www.gaveanews.com\/index.php\/2025\/01\/07\/com-aval-de-john-textor-botafogo-vai-buscar-reforco-na-europa\/#respond"]}],"copyrightYear":"2025","copyrightHolder":{"@id":"https:\/\/www.gaveanews.com\/#organization"}},{"@type":"WebPage","@id":"https:\/\/www.gaveanews.com\/index.php\/2025\/01\/07\/com-aval-de-john-textor-botafogo-vai-buscar-reforco-na-europa\/","url":"https:\/\/www.gaveanews.com\/index.php\/2025\/01\/07\/com-aval-de-john-textor-botafogo-vai-buscar-reforco-na-europa\/","name":"Com aval de John Textor, Botafogo vai buscar refor\u00e7o na Europa","isPartOf":{"@id":"https:\/\/www.gaveanews.com\/#website"},"primaryImageOfPage":{"@id":"https:\/\/www.gaveanews.com\/index.php\/2025\/01\/07\/com-aval-de-john-textor-botafogo-vai-buscar-reforco-na-europa\/#primaryimage"},"image":{"@id":"https:\/\/www.gaveanews.com\/index.php\/2025\/01\/07\/com-aval-de-john-textor-botafogo-vai-buscar-reforco-na-europa\/#primaryimage"},"thumbnailUrl":"https:\/\/www.gaveanews.com\/wp-content\/uploads\/textor4.avif","datePublished":"2025-01-07T17:00:00+00:00","author":{"@id":"https:\/\/www.gaveanews.com\/#\/schema\/person\/37122681a8575a5c8db05a56f099a5e4"},"breadcrumb":{"@id":"https:\/\/www.gaveanews.com\/index.php\/2025\/01\/07\/com-aval-de-john-textor-botafogo-vai-buscar-reforco-na-europa\/#breadcrumb"},"inLanguage":"pt-BR","potentialAction":[{"@type":"ReadAction","target":["https:\/\/www.gaveanews.com\/index.php\/2025\/01\/07\/com-aval-de-john-textor-botafogo-vai-buscar-reforco-na-europa\/"]}]},{"@type":"ImageObject","inLanguage":"pt-BR","@id":"https:\/\/www.gaveanews.com\/index.php\/2025\/01\/07\/com-aval-de-john-textor-botafogo-vai-buscar-reforco-na-europa\/#primaryimage","url":"https:\/\/www.gaveanews.com\/wp-content\/uploads\/textor4.avif","contentUrl":"https:\/\/www.gaveanews.com\/wp-content\/uploads\/textor4.avif","width":888,"height":602,"caption":"John Textor, dono da SAF do Botafogo \u2014 Foto: Reprodu\u00e7\u00e3o"},{"@type":"BreadcrumbList","@id":"https:\/\/www.gaveanews.com\/index.php\/2025\/01\/07\/com-aval-de-john-textor-botafogo-vai-buscar-reforco-na-europa\/#breadcrumb","itemListElement":[{"@type":"ListItem","position":1,"name":"Home","item":"https:\/\/www.gaveanews.com\/"},{"@type":"ListItem","position":2,"name":"Com aval de John Textor, Botafogo vai buscar refor\u00e7o na Europa"}]},{"@type":"WebSite","@id":"https:\/\/www.gaveanews.com\/#website","url":"https:\/\/www.gaveanews.com\/","name":"G\u00e1vea News","description":"Veja todas as not\u00edcias sobre o Flamengo: Contrata\u00e7\u00f5es, categorias de base, resultados das partidas, tabela de classifica\u00e7\u00e3o, pr\u00f3ximos jogos!","potentialAction":[{"@type":"SearchAction","target":{"@type":"EntryPoint","urlTemplate":"https:\/\/www.gaveanews.com\/?s={search_term_string}"},"query-input":{"@type":"PropertyValueSpecification","valueRequired":true,"valueName":"search_term_string"}}],"inLanguage":"pt-BR"},{"@type":"Person","@id":"https:\/\/www.gaveanews.com\/#\/schema\/person\/37122681a8575a5c8db05a56f099a5e4","name":"D\u00e9bora Figueiredo","image":{"@type":"ImageObject","inLanguage":"pt-BR","@id":"https:\/\/www.gaveanews.com\/#\/schema\/person\/image\/","url":"https:\/\/secure.gravatar.com\/avatar\/1f44802859351588499d26f52aed1d15796ce17e67602895b72837c08018868d?s=96&d=mm&r=g","contentUrl":"https:\/\/secure.gravatar.com\/avatar\/1f44802859351588499d26f52aed1d15796ce17e67602895b72837c08018868d?s=96&d=mm&r=g","caption":"D\u00e9bora Figueiredo"}}]}},"_links":{"self":[{"href":"https:\/\/www.gaveanews.com\/index.php\/wp-json\/wp\/v2\/posts\/208900","targetHints":{"allow":["GET"]}}],"collection":[{"href":"https:\/\/www.gaveanews.com\/index.php\/wp-json\/wp\/v2\/posts"}],"about":[{"href":"https:\/\/www.gaveanews.com\/index.php\/wp-json\/wp\/v2\/types\/post"}],"author":[{"embeddable":true,"href":"https:\/\/www.gaveanews.com\/index.php\/wp-json\/wp\/v2\/users\/16"}],"replies":[{"embeddable":true,"href":"https:\/\/www.gaveanews.com\/index.php\/wp-json\/wp\/v2\/comments?post=208900"}],"version-history":[{"count":1,"href":"https:\/\/www.gaveanews.com\/index.php\/wp-json\/wp\/v2\/posts\/208900\/revisions"}],"predecessor-version":[{"id":208910,"href":"https:\/\/www.gaveanews.com\/index.php\/wp-json\/wp\/v2\/posts\/208900\/revisions\/208910"}],"wp:featuredmedia":[{"embeddable":true,"href":"https:\/\/www.gaveanews.com\/index.php\/wp-json\/wp\/v2\/media\/146326"}],"wp:attachment":[{"href":"https:\/\/www.gaveanews.com\/index.php\/wp-json\/wp\/v2\/media?parent=208900"}],"wp:term":[{"taxonomy":"category","embeddable":true,"href":"https:\/\/www.gaveanews.com\/index.php\/wp-json\/wp\/v2\/categories?post=208900"},{"taxonomy":"post_tag","embeddable":true,"href":"https:\/\/www.gaveanews.com\/index.php\/wp-json\/wp\/v2\/tags?post=208900"}],"curies":[{"name":"wp","href":"https:\/\/api.w.org\/{rel}","templated":true}]}}