{"id":208929,"date":"2025-01-07T14:35:46","date_gmt":"2025-01-07T17:35:46","guid":{"rendered":"https:\/\/www.gaveanews.com\/?p=208929"},"modified":"2025-01-07T14:22:14","modified_gmt":"2025-01-07T17:22:14","slug":"palmeiras-a-declaracao-de-casagrande-sobre-a-chegada-de-andreas-pereira","status":"publish","type":"post","link":"https:\/\/www.gaveanews.com\/index.php\/2025\/01\/07\/palmeiras-a-declaracao-de-casagrande-sobre-a-chegada-de-andreas-pereira\/","title":{"rendered":"Palmeiras: a declara\u00e7\u00e3o de Casagrande sobre a contrata\u00e7\u00e3o de Andreas Pereira"},"content":{"rendered":"\n<p>O Palmeiras est\u00e1 sempre em busca de refor\u00e7os de peso para continuar sua trajet\u00f3ria de sucesso, e o nome de Andreas Pereira ganhou destaque recentemente. O comentarista Casagrande, ex-jogador de futebol, se mostrou entusiasta da poss\u00edvel contrata\u00e7\u00e3o do meio-campista do Fulham. Para ele, o jogador possui as caracter\u00edsticas ideais para agregar qualidade ao elenco comandado por Abel Ferreira, podendo ser uma pe\u00e7a fundamental no esquema do treinador.<\/p>\n\n\n\n<ul class=\"wp-block-list\">\n<li><a href=\"https:\/\/www.gaveanews.com\/index.php\/2025\/01\/07\/fluminense-vai-buscar-seu-proximo-reforco-no-palmeiras\/\">Fluminense vai buscar seu pr\u00f3ximo refor\u00e7o no Palmeiras<\/a><\/li>\n\n\n\n<li><a href=\"https:\/\/www.gaveanews.com\/index.php\/2025\/01\/06\/palmeiras-a-declaracao-de-dunga-direcionada-a-estevao\/\">Palmeiras: a declara\u00e7\u00e3o de Dunga direcionada a Est\u00eav\u00e3o<\/a><\/li>\n<\/ul>\n\n\n\n<h2 class=\"wp-block-heading\" id=\"h-casagrande-ve-andreas-pereira-como-peca-chave-para-o-palmeiras\">Casagrande v\u00ea Andreas Pereira como pe\u00e7a chave para o Palmeiras<\/h2>\n\n\n\n<p>Casagrande n\u00e3o poupou elogios ao avaliar o futebol de Andreas Pereira. O comentarista acredita que, se o Palmeiras fechar a contrata\u00e7\u00e3o do atleta, o time ganhar\u00e1 um refor\u00e7o extraordin\u00e1rio. Para Cas\u00e3o, o jogador se encaixa perfeitamente no estilo de jogo de Abel Ferreira, um treinador que sabe potencializar a qualidade de seus jogadores.<\/p>\n\n\n\n<p>&#8220;\u00c9 uma pe\u00e7a que cairia como uma luva para o Abel. \u00c9 um jogador que gosta de construir no meio-campo. Um segundo volante que bate bem de longa dist\u00e2ncia, tem a enfiada de bola, batida de faltas, escanteios e falta lateral&#8221;, disse Casagrande no UOL News. Isso porque o futebol din\u00e2mico de Andreas, que contribui tanto na constru\u00e7\u00e3o de jogadas quanto na chegada \u00e0 \u00e1rea advers\u00e1ria, \u00e9 exatamente o tipo de jogador que Abel costuma utilizar.<\/p>\n\n\n\n<h2 class=\"wp-block-heading\" id=\"h-o-que-pesa-na-decisao-de-andreas-pereira\">O que pesa na decis\u00e3o de Andreas Pereira?<\/h2>\n\n\n\n<p>Apesar da empolga\u00e7\u00e3o com a poss\u00edvel contrata\u00e7\u00e3o, Casagrande levantou uma quest\u00e3o importante sobre a escolha de Andreas Pereira. O jogador, que atualmente defende o Fulham na Premier League, j\u00e1 teve uma experi\u00eancia no Brasil com a camisa do Flamengo, mas n\u00e3o foi feliz, principalmente em uma final de Libertadores contra o pr\u00f3prio Palmeiras, onde ficou marcado por uma falha crucial. &#8220;O cara t\u00e1 no futebol ingl\u00eas e jogando em um time m\u00e9dio que joga bem. Largar a Premier League para voltar ao Brasil? Ele fez isso no Flamengo e n\u00e3o deu certo&#8221;, afirmou Casagrande, lembrando do &#8220;trauma&#8221; vivido por Andreas.<\/p>\n\n\n\n<h2 class=\"wp-block-heading\" id=\"h-a-diferenca-de-patamar-entre-palmeiras-e-fulham\">A diferen\u00e7a de patamar entre Palmeiras e Fulham<\/h2>\n\n\n\n<p>Casagrande tamb\u00e9m destacou a diferen\u00e7a de patamar entre o Palmeiras e o Fulham. &#8220;O Palmeiras \u00e9 muito mais time e com muito mais hist\u00f3ria que o Fulham. N\u00e3o tem nem compara\u00e7\u00e3o. Jogar no Palmeiras \u00e9 outro planeta&#8221;, afirmou Cas\u00e3o. Sendo assim, jogar pelo time alviverde representaria um grande salto na carreira de Andreas Pereira, principalmente se ele buscar uma consolida\u00e7\u00e3o na sele\u00e7\u00e3o brasileira, como ocorreu com Gerson, do Flamengo.<\/p>\n\n\n\n<p>Vale destacar que, apesar de todos os fatores, a decis\u00e3o de retornar ao Brasil ainda ser\u00e1 dif\u00edcil para o jogador, pois ele j\u00e1 passou por um momento complicado em sua passagem pelo Flamengo. Portanto, \u00e9 preciso pesar se as condi\u00e7\u00f5es para o retorno ser\u00e3o favor\u00e1veis a Andreas, n\u00e3o apenas profissionalmente, mas tamb\u00e9m psicologicamente.<\/p>\n\n\n\n<p>Com isso, o futuro de Andreas Pereira permanece incerto. Embora o Palmeiras seja uma oportunidade tentadora para qualquer jogador, o meio-campista precisa refletir sobre sua experi\u00eancia passada e tomar uma decis\u00e3o cuidadosa sobre o que seria melhor para sua carreira. Sendo assim, o que est\u00e1 em jogo vai al\u00e9m de uma simples transfer\u00eancia, pois trata-se de uma escolha que pode influenciar diretamente o futuro de Andreas no futebol europeu e na sele\u00e7\u00e3o brasileira.<\/p>\n","protected":false},"excerpt":{"rendered":"<p>O Palmeiras est\u00e1 sempre em busca de refor\u00e7os de peso para continuar sua trajet\u00f3ria de sucesso, e o nome de Andreas Pereira ganhou destaque recentemente. O comentarista Casagrande, ex-jogador de futebol, se mostrou entusiasta da poss\u00edvel contrata\u00e7\u00e3o do meio-campista do Fulham. Para ele, o jogador possui as caracter\u00edsticas ideais para agregar qualidade ao elenco comandado [&hellip;]<\/p>\n","protected":false},"author":24,"featured_media":66729,"comment_status":"open","ping_status":"closed","sticky":false,"template":"","format":"standard","meta":{"footnotes":""},"categories":[161,150],"tags":[],"class_list":["post-208929","post","type-post","status-publish","format-standard","has-post-thumbnail","hentry","category-fulham","category-palmeiras"],"yoast_head":"<!-- This site is optimized with the Yoast SEO Premium plugin v24.2 (Yoast SEO v26.9) - https:\/\/yoast.com\/product\/yoast-seo-premium-wordpress\/ -->\n<title>Palmeiras: a declara\u00e7\u00e3o de Casagrande sobre a contrata\u00e7\u00e3o de Andreas Pereira<\/title>\n<meta name=\"robots\" content=\"index, follow, max-snippet:-1, max-image-preview:large, max-video-preview:-1\" \/>\n<link rel=\"canonical\" href=\"https:\/\/www.gaveanews.com\/index.php\/2025\/01\/07\/palmeiras-a-declaracao-de-casagrande-sobre-a-chegada-de-andreas-pereira\/\" \/>\n<meta property=\"og:locale\" content=\"pt_BR\" \/>\n<meta property=\"og:type\" content=\"article\" \/>\n<meta property=\"og:title\" content=\"Palmeiras: a declara\u00e7\u00e3o de Casagrande sobre a contrata\u00e7\u00e3o de Andreas Pereira\" \/>\n<meta property=\"og:description\" content=\"O Palmeiras est\u00e1 sempre em busca de refor\u00e7os de peso para continuar sua trajet\u00f3ria de sucesso, e o nome de Andreas Pereira ganhou destaque recentemente. O comentarista Casagrande, ex-jogador de futebol, se mostrou entusiasta da poss\u00edvel contrata\u00e7\u00e3o do meio-campista do Fulham. Para ele, o jogador possui as caracter\u00edsticas ideais para agregar qualidade ao elenco comandado [&hellip;]\" \/>\n<meta property=\"og:url\" content=\"https:\/\/www.gaveanews.com\/index.php\/2025\/01\/07\/palmeiras-a-declaracao-de-casagrande-sobre-a-chegada-de-andreas-pereira\/\" \/>\n<meta property=\"og:site_name\" content=\"G\u00e1vea News\" \/>\n<meta property=\"article:publisher\" content=\"https:\/\/facebook.com\/gaveaNews\/\" \/>\n<meta property=\"article:published_time\" content=\"2025-01-07T17:35:46+00:00\" \/>\n<meta property=\"og:image\" content=\"https:\/\/www.gaveanews.com\/wp-content\/uploads\/Casagrande-comentarista-do-Grupo-Globo.webp\" \/>\n\t<meta property=\"og:image:width\" content=\"829\" \/>\n\t<meta property=\"og:image:height\" content=\"397\" \/>\n\t<meta property=\"og:image:type\" content=\"image\/jpeg\" \/>\n<meta name=\"author\" content=\"Leandro Cardoso\" \/>\n<meta name=\"twitter:card\" content=\"summary_large_image\" \/>\n<meta name=\"twitter:label1\" content=\"Escrito por\" \/>\n\t<meta name=\"twitter:data1\" content=\"Leandro Cardoso\" \/>\n\t<meta name=\"twitter:label2\" content=\"Est. tempo de leitura\" \/>\n\t<meta name=\"twitter:data2\" content=\"4 minutos\" \/>\n<script type=\"application\/ld+json\" class=\"yoast-schema-graph\">{\"@context\":\"https:\/\/schema.org\",\"@graph\":[{\"@type\":\"NewsArticle\",\"@id\":\"https:\/\/www.gaveanews.com\/index.php\/2025\/01\/07\/palmeiras-a-declaracao-de-casagrande-sobre-a-chegada-de-andreas-pereira\/#article\",\"isPartOf\":{\"@id\":\"https:\/\/www.gaveanews.com\/index.php\/2025\/01\/07\/palmeiras-a-declaracao-de-casagrande-sobre-a-chegada-de-andreas-pereira\/\"},\"author\":{\"name\":\"Leandro Cardoso\",\"@id\":\"https:\/\/www.gaveanews.com\/#\/schema\/person\/2424ec6409bc3f068411fc5e4e9b6168\"},\"headline\":\"Palmeiras: a declara\u00e7\u00e3o de Casagrande sobre a contrata\u00e7\u00e3o de Andreas Pereira\",\"datePublished\":\"2025-01-07T17:35:46+00:00\",\"mainEntityOfPage\":{\"@id\":\"https:\/\/www.gaveanews.com\/index.php\/2025\/01\/07\/palmeiras-a-declaracao-de-casagrande-sobre-a-chegada-de-andreas-pereira\/\"},\"wordCount\":593,\"commentCount\":0,\"image\":{\"@id\":\"https:\/\/www.gaveanews.com\/index.php\/2025\/01\/07\/palmeiras-a-declaracao-de-casagrande-sobre-a-chegada-de-andreas-pereira\/#primaryimage\"},\"thumbnailUrl\":\"https:\/\/www.gaveanews.com\/wp-content\/uploads\/Casagrande-comentarista-do-Grupo-Globo.webp\",\"articleSection\":[\"Fulham\",\"Palmeiras\"],\"inLanguage\":\"pt-BR\",\"potentialAction\":[{\"@type\":\"CommentAction\",\"name\":\"Comment\",\"target\":[\"https:\/\/www.gaveanews.com\/index.php\/2025\/01\/07\/palmeiras-a-declaracao-de-casagrande-sobre-a-chegada-de-andreas-pereira\/#respond\"]}],\"copyrightYear\":\"2025\",\"copyrightHolder\":{\"@id\":\"https:\/\/www.gaveanews.com\/#organization\"}},{\"@type\":\"WebPage\",\"@id\":\"https:\/\/www.gaveanews.com\/index.php\/2025\/01\/07\/palmeiras-a-declaracao-de-casagrande-sobre-a-chegada-de-andreas-pereira\/\",\"url\":\"https:\/\/www.gaveanews.com\/index.php\/2025\/01\/07\/palmeiras-a-declaracao-de-casagrande-sobre-a-chegada-de-andreas-pereira\/\",\"name\":\"Palmeiras: a declara\u00e7\u00e3o de Casagrande sobre a contrata\u00e7\u00e3o de Andreas Pereira\",\"isPartOf\":{\"@id\":\"https:\/\/www.gaveanews.com\/#website\"},\"primaryImageOfPage\":{\"@id\":\"https:\/\/www.gaveanews.com\/index.php\/2025\/01\/07\/palmeiras-a-declaracao-de-casagrande-sobre-a-chegada-de-andreas-pereira\/#primaryimage\"},\"image\":{\"@id\":\"https:\/\/www.gaveanews.com\/index.php\/2025\/01\/07\/palmeiras-a-declaracao-de-casagrande-sobre-a-chegada-de-andreas-pereira\/#primaryimage\"},\"thumbnailUrl\":\"https:\/\/www.gaveanews.com\/wp-content\/uploads\/Casagrande-comentarista-do-Grupo-Globo.webp\",\"datePublished\":\"2025-01-07T17:35:46+00:00\",\"author\":{\"@id\":\"https:\/\/www.gaveanews.com\/#\/schema\/person\/2424ec6409bc3f068411fc5e4e9b6168\"},\"breadcrumb\":{\"@id\":\"https:\/\/www.gaveanews.com\/index.php\/2025\/01\/07\/palmeiras-a-declaracao-de-casagrande-sobre-a-chegada-de-andreas-pereira\/#breadcrumb\"},\"inLanguage\":\"pt-BR\",\"potentialAction\":[{\"@type\":\"ReadAction\",\"target\":[\"https:\/\/www.gaveanews.com\/index.php\/2025\/01\/07\/palmeiras-a-declaracao-de-casagrande-sobre-a-chegada-de-andreas-pereira\/\"]}]},{\"@type\":\"ImageObject\",\"inLanguage\":\"pt-BR\",\"@id\":\"https:\/\/www.gaveanews.com\/index.php\/2025\/01\/07\/palmeiras-a-declaracao-de-casagrande-sobre-a-chegada-de-andreas-pereira\/#primaryimage\",\"url\":\"https:\/\/www.gaveanews.com\/wp-content\/uploads\/Casagrande-comentarista-do-Grupo-Globo.webp\",\"contentUrl\":\"https:\/\/www.gaveanews.com\/wp-content\/uploads\/Casagrande-comentarista-do-Grupo-Globo.webp\",\"width\":829,\"height\":397,\"caption\":\"Casagrande (Foto: Reprodu\u00e7\u00e3o\/SporTV)\"},{\"@type\":\"BreadcrumbList\",\"@id\":\"https:\/\/www.gaveanews.com\/index.php\/2025\/01\/07\/palmeiras-a-declaracao-de-casagrande-sobre-a-chegada-de-andreas-pereira\/#breadcrumb\",\"itemListElement\":[{\"@type\":\"ListItem\",\"position\":1,\"name\":\"Home\",\"item\":\"https:\/\/www.gaveanews.com\/\"},{\"@type\":\"ListItem\",\"position\":2,\"name\":\"Palmeiras: a declara\u00e7\u00e3o de Casagrande sobre a contrata\u00e7\u00e3o de Andreas Pereira\"}]},{\"@type\":\"WebSite\",\"@id\":\"https:\/\/www.gaveanews.com\/#website\",\"url\":\"https:\/\/www.gaveanews.com\/\",\"name\":\"G\u00e1vea News\",\"description\":\"Veja todas as not\u00edcias sobre o Flamengo: Contrata\u00e7\u00f5es, categorias de base, resultados das partidas, tabela de classifica\u00e7\u00e3o, pr\u00f3ximos jogos!\",\"potentialAction\":[{\"@type\":\"SearchAction\",\"target\":{\"@type\":\"EntryPoint\",\"urlTemplate\":\"https:\/\/www.gaveanews.com\/?s={search_term_string}\"},\"query-input\":{\"@type\":\"PropertyValueSpecification\",\"valueRequired\":true,\"valueName\":\"search_term_string\"}}],\"inLanguage\":\"pt-BR\"},{\"@type\":\"Person\",\"@id\":\"https:\/\/www.gaveanews.com\/#\/schema\/person\/2424ec6409bc3f068411fc5e4e9b6168\",\"name\":\"Leandro Cardoso\",\"image\":{\"@type\":\"ImageObject\",\"inLanguage\":\"pt-BR\",\"@id\":\"https:\/\/www.gaveanews.com\/#\/schema\/person\/image\/\",\"url\":\"https:\/\/secure.gravatar.com\/avatar\/8ca179f9b55eefe9f376f5493ef25475bfa59fbc28ce937f6076ce20e523098f?s=96&d=mm&r=g\",\"contentUrl\":\"https:\/\/secure.gravatar.com\/avatar\/8ca179f9b55eefe9f376f5493ef25475bfa59fbc28ce937f6076ce20e523098f?s=96&d=mm&r=g\",\"caption\":\"Leandro Cardoso\"}}]}<\/script>\n<!-- \/ Yoast SEO Premium plugin. -->","yoast_head_json":{"title":"Palmeiras: a declara\u00e7\u00e3o de Casagrande sobre a contrata\u00e7\u00e3o de Andreas Pereira","robots":{"index":"index","follow":"follow","max-snippet":"max-snippet:-1","max-image-preview":"max-image-preview:large","max-video-preview":"max-video-preview:-1"},"canonical":"https:\/\/www.gaveanews.com\/index.php\/2025\/01\/07\/palmeiras-a-declaracao-de-casagrande-sobre-a-chegada-de-andreas-pereira\/","og_locale":"pt_BR","og_type":"article","og_title":"Palmeiras: a declara\u00e7\u00e3o de Casagrande sobre a contrata\u00e7\u00e3o de Andreas Pereira","og_description":"O Palmeiras est\u00e1 sempre em busca de refor\u00e7os de peso para continuar sua trajet\u00f3ria de sucesso, e o nome de Andreas Pereira ganhou destaque recentemente. O comentarista Casagrande, ex-jogador de futebol, se mostrou entusiasta da poss\u00edvel contrata\u00e7\u00e3o do meio-campista do Fulham. Para ele, o jogador possui as caracter\u00edsticas ideais para agregar qualidade ao elenco comandado [&hellip;]","og_url":"https:\/\/www.gaveanews.com\/index.php\/2025\/01\/07\/palmeiras-a-declaracao-de-casagrande-sobre-a-chegada-de-andreas-pereira\/","og_site_name":"G\u00e1vea News","article_publisher":"https:\/\/facebook.com\/gaveaNews\/","article_published_time":"2025-01-07T17:35:46+00:00","og_image":[{"width":829,"height":397,"url":"https:\/\/www.gaveanews.com\/wp-content\/uploads\/Casagrande-comentarista-do-Grupo-Globo.webp","type":"image\/jpeg"}],"author":"Leandro Cardoso","twitter_card":"summary_large_image","twitter_misc":{"Escrito por":"Leandro Cardoso","Est. tempo de leitura":"4 minutos"},"schema":{"@context":"https:\/\/schema.org","@graph":[{"@type":"NewsArticle","@id":"https:\/\/www.gaveanews.com\/index.php\/2025\/01\/07\/palmeiras-a-declaracao-de-casagrande-sobre-a-chegada-de-andreas-pereira\/#article","isPartOf":{"@id":"https:\/\/www.gaveanews.com\/index.php\/2025\/01\/07\/palmeiras-a-declaracao-de-casagrande-sobre-a-chegada-de-andreas-pereira\/"},"author":{"name":"Leandro Cardoso","@id":"https:\/\/www.gaveanews.com\/#\/schema\/person\/2424ec6409bc3f068411fc5e4e9b6168"},"headline":"Palmeiras: a declara\u00e7\u00e3o de Casagrande sobre a contrata\u00e7\u00e3o de Andreas Pereira","datePublished":"2025-01-07T17:35:46+00:00","mainEntityOfPage":{"@id":"https:\/\/www.gaveanews.com\/index.php\/2025\/01\/07\/palmeiras-a-declaracao-de-casagrande-sobre-a-chegada-de-andreas-pereira\/"},"wordCount":593,"commentCount":0,"image":{"@id":"https:\/\/www.gaveanews.com\/index.php\/2025\/01\/07\/palmeiras-a-declaracao-de-casagrande-sobre-a-chegada-de-andreas-pereira\/#primaryimage"},"thumbnailUrl":"https:\/\/www.gaveanews.com\/wp-content\/uploads\/Casagrande-comentarista-do-Grupo-Globo.webp","articleSection":["Fulham","Palmeiras"],"inLanguage":"pt-BR","potentialAction":[{"@type":"CommentAction","name":"Comment","target":["https:\/\/www.gaveanews.com\/index.php\/2025\/01\/07\/palmeiras-a-declaracao-de-casagrande-sobre-a-chegada-de-andreas-pereira\/#respond"]}],"copyrightYear":"2025","copyrightHolder":{"@id":"https:\/\/www.gaveanews.com\/#organization"}},{"@type":"WebPage","@id":"https:\/\/www.gaveanews.com\/index.php\/2025\/01\/07\/palmeiras-a-declaracao-de-casagrande-sobre-a-chegada-de-andreas-pereira\/","url":"https:\/\/www.gaveanews.com\/index.php\/2025\/01\/07\/palmeiras-a-declaracao-de-casagrande-sobre-a-chegada-de-andreas-pereira\/","name":"Palmeiras: a declara\u00e7\u00e3o de Casagrande sobre a contrata\u00e7\u00e3o de Andreas Pereira","isPartOf":{"@id":"https:\/\/www.gaveanews.com\/#website"},"primaryImageOfPage":{"@id":"https:\/\/www.gaveanews.com\/index.php\/2025\/01\/07\/palmeiras-a-declaracao-de-casagrande-sobre-a-chegada-de-andreas-pereira\/#primaryimage"},"image":{"@id":"https:\/\/www.gaveanews.com\/index.php\/2025\/01\/07\/palmeiras-a-declaracao-de-casagrande-sobre-a-chegada-de-andreas-pereira\/#primaryimage"},"thumbnailUrl":"https:\/\/www.gaveanews.com\/wp-content\/uploads\/Casagrande-comentarista-do-Grupo-Globo.webp","datePublished":"2025-01-07T17:35:46+00:00","author":{"@id":"https:\/\/www.gaveanews.com\/#\/schema\/person\/2424ec6409bc3f068411fc5e4e9b6168"},"breadcrumb":{"@id":"https:\/\/www.gaveanews.com\/index.php\/2025\/01\/07\/palmeiras-a-declaracao-de-casagrande-sobre-a-chegada-de-andreas-pereira\/#breadcrumb"},"inLanguage":"pt-BR","potentialAction":[{"@type":"ReadAction","target":["https:\/\/www.gaveanews.com\/index.php\/2025\/01\/07\/palmeiras-a-declaracao-de-casagrande-sobre-a-chegada-de-andreas-pereira\/"]}]},{"@type":"ImageObject","inLanguage":"pt-BR","@id":"https:\/\/www.gaveanews.com\/index.php\/2025\/01\/07\/palmeiras-a-declaracao-de-casagrande-sobre-a-chegada-de-andreas-pereira\/#primaryimage","url":"https:\/\/www.gaveanews.com\/wp-content\/uploads\/Casagrande-comentarista-do-Grupo-Globo.webp","contentUrl":"https:\/\/www.gaveanews.com\/wp-content\/uploads\/Casagrande-comentarista-do-Grupo-Globo.webp","width":829,"height":397,"caption":"Casagrande (Foto: Reprodu\u00e7\u00e3o\/SporTV)"},{"@type":"BreadcrumbList","@id":"https:\/\/www.gaveanews.com\/index.php\/2025\/01\/07\/palmeiras-a-declaracao-de-casagrande-sobre-a-chegada-de-andreas-pereira\/#breadcrumb","itemListElement":[{"@type":"ListItem","position":1,"name":"Home","item":"https:\/\/www.gaveanews.com\/"},{"@type":"ListItem","position":2,"name":"Palmeiras: a declara\u00e7\u00e3o de Casagrande sobre a contrata\u00e7\u00e3o de Andreas Pereira"}]},{"@type":"WebSite","@id":"https:\/\/www.gaveanews.com\/#website","url":"https:\/\/www.gaveanews.com\/","name":"G\u00e1vea News","description":"Veja todas as not\u00edcias sobre o Flamengo: Contrata\u00e7\u00f5es, categorias de base, resultados das partidas, tabela de classifica\u00e7\u00e3o, pr\u00f3ximos jogos!","potentialAction":[{"@type":"SearchAction","target":{"@type":"EntryPoint","urlTemplate":"https:\/\/www.gaveanews.com\/?s={search_term_string}"},"query-input":{"@type":"PropertyValueSpecification","valueRequired":true,"valueName":"search_term_string"}}],"inLanguage":"pt-BR"},{"@type":"Person","@id":"https:\/\/www.gaveanews.com\/#\/schema\/person\/2424ec6409bc3f068411fc5e4e9b6168","name":"Leandro Cardoso","image":{"@type":"ImageObject","inLanguage":"pt-BR","@id":"https:\/\/www.gaveanews.com\/#\/schema\/person\/image\/","url":"https:\/\/secure.gravatar.com\/avatar\/8ca179f9b55eefe9f376f5493ef25475bfa59fbc28ce937f6076ce20e523098f?s=96&d=mm&r=g","contentUrl":"https:\/\/secure.gravatar.com\/avatar\/8ca179f9b55eefe9f376f5493ef25475bfa59fbc28ce937f6076ce20e523098f?s=96&d=mm&r=g","caption":"Leandro Cardoso"}}]}},"_links":{"self":[{"href":"https:\/\/www.gaveanews.com\/index.php\/wp-json\/wp\/v2\/posts\/208929","targetHints":{"allow":["GET"]}}],"collection":[{"href":"https:\/\/www.gaveanews.com\/index.php\/wp-json\/wp\/v2\/posts"}],"about":[{"href":"https:\/\/www.gaveanews.com\/index.php\/wp-json\/wp\/v2\/types\/post"}],"author":[{"embeddable":true,"href":"https:\/\/www.gaveanews.com\/index.php\/wp-json\/wp\/v2\/users\/24"}],"replies":[{"embeddable":true,"href":"https:\/\/www.gaveanews.com\/index.php\/wp-json\/wp\/v2\/comments?post=208929"}],"version-history":[{"count":3,"href":"https:\/\/www.gaveanews.com\/index.php\/wp-json\/wp\/v2\/posts\/208929\/revisions"}],"predecessor-version":[{"id":208988,"href":"https:\/\/www.gaveanews.com\/index.php\/wp-json\/wp\/v2\/posts\/208929\/revisions\/208988"}],"wp:featuredmedia":[{"embeddable":true,"href":"https:\/\/www.gaveanews.com\/index.php\/wp-json\/wp\/v2\/media\/66729"}],"wp:attachment":[{"href":"https:\/\/www.gaveanews.com\/index.php\/wp-json\/wp\/v2\/media?parent=208929"}],"wp:term":[{"taxonomy":"category","embeddable":true,"href":"https:\/\/www.gaveanews.com\/index.php\/wp-json\/wp\/v2\/categories?post=208929"},{"taxonomy":"post_tag","embeddable":true,"href":"https:\/\/www.gaveanews.com\/index.php\/wp-json\/wp\/v2\/tags?post=208929"}],"curies":[{"name":"wp","href":"https:\/\/api.w.org\/{rel}","templated":true}]}}