{"id":209029,"date":"2025-01-07T17:10:00","date_gmt":"2025-01-07T20:10:00","guid":{"rendered":"https:\/\/www.gaveanews.com\/?p=209029"},"modified":"2025-01-07T16:57:10","modified_gmt":"2025-01-07T19:57:10","slug":"internacional-contrata-atacante-para-roger-machado","status":"publish","type":"post","link":"https:\/\/www.gaveanews.com\/index.php\/2025\/01\/07\/internacional-contrata-atacante-para-roger-machado\/","title":{"rendered":"Internacional contrata atacante para Roger Machado"},"content":{"rendered":"\n<p>O Internacional est\u00e1 perto de refor\u00e7ar seu ataque com Vitinho, atualmente no Red Bull Bragantino. O jogador, que pertence ao D\u00ednamo de Kiev, da Ucr\u00e2nia, surge como uma das pe\u00e7as para atender \u00e0s necessidades do t\u00e9cnico Roger Machado. Essa movimenta\u00e7\u00e3o no mercado demonstra a ambi\u00e7\u00e3o do Colorado em fortalecer o setor ofensivo para a temporada de 2025.<\/p>\n\n\n\n<ul class=\"wp-block-list\">\n<li><a href=\"https:\/\/www.gaveanews.com\/index.php\/2025\/01\/03\/cruzeiro-recebe-recusa-de-craque-do-internacional\/\">Cruzeiro recebe recusa de craque do Internacional<\/a><\/li>\n\n\n\n<li><a href=\"https:\/\/www.gaveanews.com\/index.php\/2025\/01\/06\/internacional-faz-contraposta-ao-santos-por-thiago-maia\/\">Internacional faz contraposta ao Santos por Thiago Maia<\/a><\/li>\n<\/ul>\n\n\n\n<h2 class=\"wp-block-heading\" id=\"h-vitinho-numeros-que-justificam-a-aposta\">Vitinho: n\u00fameros que justificam a aposta<\/h2>\n\n\n\n<p>Vitinho, de 24 anos, acumula passagens pelo Athletico e se destacou no futebol brasileiro antes de ser vendido para o D\u00ednamo de Kiev em 2021. Durante 2024, ele disputou 58 jogos pelo Bragantino, anotando cinco gols e contribuindo com cinco assist\u00eancias. Apesar de n\u00fameros discretos, seu desempenho chamou a aten\u00e7\u00e3o do Inter, que v\u00ea no atleta um potencial para evoluir no Beira-Rio.<\/p>\n\n\n\n<p>Vale destacar que o contrato de Vitinho com o Bragantino foi prorrogado at\u00e9 junho de 2025, mas o clube paulista n\u00e3o deve impor barreiras \u00e0 sua libera\u00e7\u00e3o. Com isso, o Inter negocia diretamente com o D\u00ednamo de Kiev para garantir um empr\u00e9stimo de um ano.<\/p>\n\n\n\n<blockquote class=\"twitter-tweet\"><p lang=\"pt\" dir=\"ltr\">\u26a0\ufe0f Internacional acertou a contrata\u00e7\u00e3o do atacante Vitinho, que pertence ao D\u00ednamo de Kiev e estava emprestado ao Red Bull Bragantino.<br><br>\ud83d\uddde <a href=\"https:\/\/twitter.com\/_olucasdias?ref_src=twsrc%5Etfw\">@_olucasdias<\/a> <br>\ud83d\udcf8 Ari Ferreira\/RBB <a href=\"https:\/\/t.co\/ipBmYOlbHg\">pic.twitter.com\/ipBmYOlbHg<\/a><\/p>&mdash; Planeta do Futebol \ud83c\udf0e (@futebol_info) <a href=\"https:\/\/twitter.com\/futebol_info\/status\/1876657728179065287?ref_src=twsrc%5Etfw\">January 7, 2025<\/a><\/blockquote> <script async src=\"https:\/\/platform.twitter.com\/widgets.js\" charset=\"utf-8\"><\/script>\n\n\n\n<h2 class=\"wp-block-heading\" id=\"h-a-visao-estrategica-do-inter\">A vis\u00e3o estrat\u00e9gica do Inter<\/h2>\n\n\n\n<p>Al\u00e9m disso, a busca por Vitinho refor\u00e7a a estrat\u00e9gia do Colorado de buscar refor\u00e7os pontuais. Isso porque o clube tamb\u00e9m est\u00e1 pr\u00f3ximo de anunciar o volante Ronaldo, que seria o primeiro nome confirmado para a temporada. Ronaldo estava acertado com o Vit\u00f3ria, mas o Inter atravessou a negocia\u00e7\u00e3o para garantir o atleta.<\/p>\n\n\n\n<p>Sendo assim, o Internacional quer iniciar o ano com um elenco robusto e competitivo, algo que Roger Machado considera essencial. Por isso, o foco est\u00e1 em trazer jogadores que contribuam n\u00e3o apenas com n\u00fameros, mas tamb\u00e9m com intensidade e versatilidade dentro de campo.<\/p>\n\n\n\n<p>Dessa maneira, a torcida colorada aguarda ansiosa pelo desfecho das negocia\u00e7\u00f5es. Desse jeito, Vitinho pode ser a pe\u00e7a que faltava para complementar o ataque e oferecer novas possibilidades ao esquema do treinador. At\u00e9 l\u00e1, os bastidores seguem movimentados, com expectativa de novidades nos pr\u00f3ximos dias.<\/p>\n","protected":false},"excerpt":{"rendered":"<p>O Internacional est\u00e1 perto de refor\u00e7ar seu ataque com Vitinho, atualmente no Red Bull Bragantino. O jogador, que pertence ao D\u00ednamo de Kiev, da Ucr\u00e2nia, surge como uma das pe\u00e7as para atender \u00e0s necessidades do t\u00e9cnico Roger Machado. Essa movimenta\u00e7\u00e3o no mercado demonstra a ambi\u00e7\u00e3o do Colorado em fortalecer o setor ofensivo para a temporada [&hellip;]<\/p>\n","protected":false},"author":24,"featured_media":154272,"comment_status":"open","ping_status":"closed","sticky":false,"template":"","format":"standard","meta":{"footnotes":""},"categories":[148],"tags":[],"class_list":["post-209029","post","type-post","status-publish","format-standard","has-post-thumbnail","hentry","category-internacional"],"yoast_head":"<!-- This site is optimized with the Yoast SEO Premium plugin v24.2 (Yoast SEO v26.9) - https:\/\/yoast.com\/product\/yoast-seo-premium-wordpress\/ -->\n<title>Internacional contrata atacante para Roger Machado<\/title>\n<meta name=\"robots\" content=\"index, follow, max-snippet:-1, max-image-preview:large, max-video-preview:-1\" \/>\n<link rel=\"canonical\" href=\"https:\/\/www.gaveanews.com\/index.php\/2025\/01\/07\/internacional-contrata-atacante-para-roger-machado\/\" \/>\n<meta property=\"og:locale\" content=\"pt_BR\" \/>\n<meta property=\"og:type\" content=\"article\" \/>\n<meta property=\"og:title\" content=\"Internacional contrata atacante para Roger Machado\" \/>\n<meta property=\"og:description\" content=\"O Internacional est\u00e1 perto de refor\u00e7ar seu ataque com Vitinho, atualmente no Red Bull Bragantino. O jogador, que pertence ao D\u00ednamo de Kiev, da Ucr\u00e2nia, surge como uma das pe\u00e7as para atender \u00e0s necessidades do t\u00e9cnico Roger Machado. Essa movimenta\u00e7\u00e3o no mercado demonstra a ambi\u00e7\u00e3o do Colorado em fortalecer o setor ofensivo para a temporada [&hellip;]\" \/>\n<meta property=\"og:url\" content=\"https:\/\/www.gaveanews.com\/index.php\/2025\/01\/07\/internacional-contrata-atacante-para-roger-machado\/\" \/>\n<meta property=\"og:site_name\" content=\"G\u00e1vea News\" \/>\n<meta property=\"article:publisher\" content=\"https:\/\/facebook.com\/gaveaNews\/\" \/>\n<meta property=\"article:published_time\" content=\"2025-01-07T20:10:00+00:00\" \/>\n<meta property=\"og:image\" content=\"https:\/\/www.gaveanews.com\/wp-content\/uploads\/Roger-Machado-durante-coletiva-pelo-Internacional-em-2024.webp\" \/>\n\t<meta property=\"og:image:width\" content=\"1419\" \/>\n\t<meta property=\"og:image:height\" content=\"1065\" \/>\n\t<meta property=\"og:image:type\" content=\"image\/webp\" \/>\n<meta name=\"author\" content=\"Leandro Cardoso\" \/>\n<meta name=\"twitter:card\" content=\"summary_large_image\" \/>\n<meta name=\"twitter:label1\" content=\"Escrito por\" \/>\n\t<meta name=\"twitter:data1\" content=\"Leandro Cardoso\" \/>\n\t<meta name=\"twitter:label2\" content=\"Est. tempo de leitura\" \/>\n\t<meta name=\"twitter:data2\" content=\"3 minutos\" \/>\n<script type=\"application\/ld+json\" class=\"yoast-schema-graph\">{\"@context\":\"https:\/\/schema.org\",\"@graph\":[{\"@type\":\"NewsArticle\",\"@id\":\"https:\/\/www.gaveanews.com\/index.php\/2025\/01\/07\/internacional-contrata-atacante-para-roger-machado\/#article\",\"isPartOf\":{\"@id\":\"https:\/\/www.gaveanews.com\/index.php\/2025\/01\/07\/internacional-contrata-atacante-para-roger-machado\/\"},\"author\":{\"name\":\"Leandro Cardoso\",\"@id\":\"https:\/\/www.gaveanews.com\/#\/schema\/person\/2424ec6409bc3f068411fc5e4e9b6168\"},\"headline\":\"Internacional contrata atacante para Roger Machado\",\"datePublished\":\"2025-01-07T20:10:00+00:00\",\"mainEntityOfPage\":{\"@id\":\"https:\/\/www.gaveanews.com\/index.php\/2025\/01\/07\/internacional-contrata-atacante-para-roger-machado\/\"},\"wordCount\":398,\"commentCount\":0,\"image\":{\"@id\":\"https:\/\/www.gaveanews.com\/index.php\/2025\/01\/07\/internacional-contrata-atacante-para-roger-machado\/#primaryimage\"},\"thumbnailUrl\":\"https:\/\/www.gaveanews.com\/wp-content\/uploads\/Roger-Machado-durante-coletiva-pelo-Internacional-em-2024.webp\",\"articleSection\":[\"Internacional\"],\"inLanguage\":\"pt-BR\",\"potentialAction\":[{\"@type\":\"CommentAction\",\"name\":\"Comment\",\"target\":[\"https:\/\/www.gaveanews.com\/index.php\/2025\/01\/07\/internacional-contrata-atacante-para-roger-machado\/#respond\"]}],\"copyrightYear\":\"2025\",\"copyrightHolder\":{\"@id\":\"https:\/\/www.gaveanews.com\/#organization\"}},{\"@type\":\"WebPage\",\"@id\":\"https:\/\/www.gaveanews.com\/index.php\/2025\/01\/07\/internacional-contrata-atacante-para-roger-machado\/\",\"url\":\"https:\/\/www.gaveanews.com\/index.php\/2025\/01\/07\/internacional-contrata-atacante-para-roger-machado\/\",\"name\":\"Internacional contrata atacante para Roger Machado\",\"isPartOf\":{\"@id\":\"https:\/\/www.gaveanews.com\/#website\"},\"primaryImageOfPage\":{\"@id\":\"https:\/\/www.gaveanews.com\/index.php\/2025\/01\/07\/internacional-contrata-atacante-para-roger-machado\/#primaryimage\"},\"image\":{\"@id\":\"https:\/\/www.gaveanews.com\/index.php\/2025\/01\/07\/internacional-contrata-atacante-para-roger-machado\/#primaryimage\"},\"thumbnailUrl\":\"https:\/\/www.gaveanews.com\/wp-content\/uploads\/Roger-Machado-durante-coletiva-pelo-Internacional-em-2024.webp\",\"datePublished\":\"2025-01-07T20:10:00+00:00\",\"author\":{\"@id\":\"https:\/\/www.gaveanews.com\/#\/schema\/person\/2424ec6409bc3f068411fc5e4e9b6168\"},\"breadcrumb\":{\"@id\":\"https:\/\/www.gaveanews.com\/index.php\/2025\/01\/07\/internacional-contrata-atacante-para-roger-machado\/#breadcrumb\"},\"inLanguage\":\"pt-BR\",\"potentialAction\":[{\"@type\":\"ReadAction\",\"target\":[\"https:\/\/www.gaveanews.com\/index.php\/2025\/01\/07\/internacional-contrata-atacante-para-roger-machado\/\"]}]},{\"@type\":\"ImageObject\",\"inLanguage\":\"pt-BR\",\"@id\":\"https:\/\/www.gaveanews.com\/index.php\/2025\/01\/07\/internacional-contrata-atacante-para-roger-machado\/#primaryimage\",\"url\":\"https:\/\/www.gaveanews.com\/wp-content\/uploads\/Roger-Machado-durante-coletiva-pelo-Internacional-em-2024.webp\",\"contentUrl\":\"https:\/\/www.gaveanews.com\/wp-content\/uploads\/Roger-Machado-durante-coletiva-pelo-Internacional-em-2024.webp\",\"width\":1419,\"height\":1065,\"caption\":\"Roger Machado durante coletiva pelo Internacional em 2024 (Foto: Reprodu\u00e7\u00e3o\/Internacional)\"},{\"@type\":\"BreadcrumbList\",\"@id\":\"https:\/\/www.gaveanews.com\/index.php\/2025\/01\/07\/internacional-contrata-atacante-para-roger-machado\/#breadcrumb\",\"itemListElement\":[{\"@type\":\"ListItem\",\"position\":1,\"name\":\"Home\",\"item\":\"https:\/\/www.gaveanews.com\/\"},{\"@type\":\"ListItem\",\"position\":2,\"name\":\"Internacional contrata atacante para Roger Machado\"}]},{\"@type\":\"WebSite\",\"@id\":\"https:\/\/www.gaveanews.com\/#website\",\"url\":\"https:\/\/www.gaveanews.com\/\",\"name\":\"G\u00e1vea News\",\"description\":\"Veja todas as not\u00edcias sobre o Flamengo: Contrata\u00e7\u00f5es, categorias de base, resultados das partidas, tabela de classifica\u00e7\u00e3o, pr\u00f3ximos jogos!\",\"potentialAction\":[{\"@type\":\"SearchAction\",\"target\":{\"@type\":\"EntryPoint\",\"urlTemplate\":\"https:\/\/www.gaveanews.com\/?s={search_term_string}\"},\"query-input\":{\"@type\":\"PropertyValueSpecification\",\"valueRequired\":true,\"valueName\":\"search_term_string\"}}],\"inLanguage\":\"pt-BR\"},{\"@type\":\"Person\",\"@id\":\"https:\/\/www.gaveanews.com\/#\/schema\/person\/2424ec6409bc3f068411fc5e4e9b6168\",\"name\":\"Leandro Cardoso\",\"image\":{\"@type\":\"ImageObject\",\"inLanguage\":\"pt-BR\",\"@id\":\"https:\/\/www.gaveanews.com\/#\/schema\/person\/image\/\",\"url\":\"https:\/\/secure.gravatar.com\/avatar\/8ca179f9b55eefe9f376f5493ef25475bfa59fbc28ce937f6076ce20e523098f?s=96&d=mm&r=g\",\"contentUrl\":\"https:\/\/secure.gravatar.com\/avatar\/8ca179f9b55eefe9f376f5493ef25475bfa59fbc28ce937f6076ce20e523098f?s=96&d=mm&r=g\",\"caption\":\"Leandro Cardoso\"}}]}<\/script>\n<!-- \/ Yoast SEO Premium plugin. -->","yoast_head_json":{"title":"Internacional contrata atacante para Roger Machado","robots":{"index":"index","follow":"follow","max-snippet":"max-snippet:-1","max-image-preview":"max-image-preview:large","max-video-preview":"max-video-preview:-1"},"canonical":"https:\/\/www.gaveanews.com\/index.php\/2025\/01\/07\/internacional-contrata-atacante-para-roger-machado\/","og_locale":"pt_BR","og_type":"article","og_title":"Internacional contrata atacante para Roger Machado","og_description":"O Internacional est\u00e1 perto de refor\u00e7ar seu ataque com Vitinho, atualmente no Red Bull Bragantino. O jogador, que pertence ao D\u00ednamo de Kiev, da Ucr\u00e2nia, surge como uma das pe\u00e7as para atender \u00e0s necessidades do t\u00e9cnico Roger Machado. Essa movimenta\u00e7\u00e3o no mercado demonstra a ambi\u00e7\u00e3o do Colorado em fortalecer o setor ofensivo para a temporada [&hellip;]","og_url":"https:\/\/www.gaveanews.com\/index.php\/2025\/01\/07\/internacional-contrata-atacante-para-roger-machado\/","og_site_name":"G\u00e1vea News","article_publisher":"https:\/\/facebook.com\/gaveaNews\/","article_published_time":"2025-01-07T20:10:00+00:00","og_image":[{"width":1419,"height":1065,"url":"https:\/\/www.gaveanews.com\/wp-content\/uploads\/Roger-Machado-durante-coletiva-pelo-Internacional-em-2024.webp","type":"image\/webp"}],"author":"Leandro Cardoso","twitter_card":"summary_large_image","twitter_misc":{"Escrito por":"Leandro Cardoso","Est. tempo de leitura":"3 minutos"},"schema":{"@context":"https:\/\/schema.org","@graph":[{"@type":"NewsArticle","@id":"https:\/\/www.gaveanews.com\/index.php\/2025\/01\/07\/internacional-contrata-atacante-para-roger-machado\/#article","isPartOf":{"@id":"https:\/\/www.gaveanews.com\/index.php\/2025\/01\/07\/internacional-contrata-atacante-para-roger-machado\/"},"author":{"name":"Leandro Cardoso","@id":"https:\/\/www.gaveanews.com\/#\/schema\/person\/2424ec6409bc3f068411fc5e4e9b6168"},"headline":"Internacional contrata atacante para Roger Machado","datePublished":"2025-01-07T20:10:00+00:00","mainEntityOfPage":{"@id":"https:\/\/www.gaveanews.com\/index.php\/2025\/01\/07\/internacional-contrata-atacante-para-roger-machado\/"},"wordCount":398,"commentCount":0,"image":{"@id":"https:\/\/www.gaveanews.com\/index.php\/2025\/01\/07\/internacional-contrata-atacante-para-roger-machado\/#primaryimage"},"thumbnailUrl":"https:\/\/www.gaveanews.com\/wp-content\/uploads\/Roger-Machado-durante-coletiva-pelo-Internacional-em-2024.webp","articleSection":["Internacional"],"inLanguage":"pt-BR","potentialAction":[{"@type":"CommentAction","name":"Comment","target":["https:\/\/www.gaveanews.com\/index.php\/2025\/01\/07\/internacional-contrata-atacante-para-roger-machado\/#respond"]}],"copyrightYear":"2025","copyrightHolder":{"@id":"https:\/\/www.gaveanews.com\/#organization"}},{"@type":"WebPage","@id":"https:\/\/www.gaveanews.com\/index.php\/2025\/01\/07\/internacional-contrata-atacante-para-roger-machado\/","url":"https:\/\/www.gaveanews.com\/index.php\/2025\/01\/07\/internacional-contrata-atacante-para-roger-machado\/","name":"Internacional contrata atacante para Roger Machado","isPartOf":{"@id":"https:\/\/www.gaveanews.com\/#website"},"primaryImageOfPage":{"@id":"https:\/\/www.gaveanews.com\/index.php\/2025\/01\/07\/internacional-contrata-atacante-para-roger-machado\/#primaryimage"},"image":{"@id":"https:\/\/www.gaveanews.com\/index.php\/2025\/01\/07\/internacional-contrata-atacante-para-roger-machado\/#primaryimage"},"thumbnailUrl":"https:\/\/www.gaveanews.com\/wp-content\/uploads\/Roger-Machado-durante-coletiva-pelo-Internacional-em-2024.webp","datePublished":"2025-01-07T20:10:00+00:00","author":{"@id":"https:\/\/www.gaveanews.com\/#\/schema\/person\/2424ec6409bc3f068411fc5e4e9b6168"},"breadcrumb":{"@id":"https:\/\/www.gaveanews.com\/index.php\/2025\/01\/07\/internacional-contrata-atacante-para-roger-machado\/#breadcrumb"},"inLanguage":"pt-BR","potentialAction":[{"@type":"ReadAction","target":["https:\/\/www.gaveanews.com\/index.php\/2025\/01\/07\/internacional-contrata-atacante-para-roger-machado\/"]}]},{"@type":"ImageObject","inLanguage":"pt-BR","@id":"https:\/\/www.gaveanews.com\/index.php\/2025\/01\/07\/internacional-contrata-atacante-para-roger-machado\/#primaryimage","url":"https:\/\/www.gaveanews.com\/wp-content\/uploads\/Roger-Machado-durante-coletiva-pelo-Internacional-em-2024.webp","contentUrl":"https:\/\/www.gaveanews.com\/wp-content\/uploads\/Roger-Machado-durante-coletiva-pelo-Internacional-em-2024.webp","width":1419,"height":1065,"caption":"Roger Machado durante coletiva pelo Internacional em 2024 (Foto: Reprodu\u00e7\u00e3o\/Internacional)"},{"@type":"BreadcrumbList","@id":"https:\/\/www.gaveanews.com\/index.php\/2025\/01\/07\/internacional-contrata-atacante-para-roger-machado\/#breadcrumb","itemListElement":[{"@type":"ListItem","position":1,"name":"Home","item":"https:\/\/www.gaveanews.com\/"},{"@type":"ListItem","position":2,"name":"Internacional contrata atacante para Roger Machado"}]},{"@type":"WebSite","@id":"https:\/\/www.gaveanews.com\/#website","url":"https:\/\/www.gaveanews.com\/","name":"G\u00e1vea News","description":"Veja todas as not\u00edcias sobre o Flamengo: Contrata\u00e7\u00f5es, categorias de base, resultados das partidas, tabela de classifica\u00e7\u00e3o, pr\u00f3ximos jogos!","potentialAction":[{"@type":"SearchAction","target":{"@type":"EntryPoint","urlTemplate":"https:\/\/www.gaveanews.com\/?s={search_term_string}"},"query-input":{"@type":"PropertyValueSpecification","valueRequired":true,"valueName":"search_term_string"}}],"inLanguage":"pt-BR"},{"@type":"Person","@id":"https:\/\/www.gaveanews.com\/#\/schema\/person\/2424ec6409bc3f068411fc5e4e9b6168","name":"Leandro Cardoso","image":{"@type":"ImageObject","inLanguage":"pt-BR","@id":"https:\/\/www.gaveanews.com\/#\/schema\/person\/image\/","url":"https:\/\/secure.gravatar.com\/avatar\/8ca179f9b55eefe9f376f5493ef25475bfa59fbc28ce937f6076ce20e523098f?s=96&d=mm&r=g","contentUrl":"https:\/\/secure.gravatar.com\/avatar\/8ca179f9b55eefe9f376f5493ef25475bfa59fbc28ce937f6076ce20e523098f?s=96&d=mm&r=g","caption":"Leandro Cardoso"}}]}},"_links":{"self":[{"href":"https:\/\/www.gaveanews.com\/index.php\/wp-json\/wp\/v2\/posts\/209029","targetHints":{"allow":["GET"]}}],"collection":[{"href":"https:\/\/www.gaveanews.com\/index.php\/wp-json\/wp\/v2\/posts"}],"about":[{"href":"https:\/\/www.gaveanews.com\/index.php\/wp-json\/wp\/v2\/types\/post"}],"author":[{"embeddable":true,"href":"https:\/\/www.gaveanews.com\/index.php\/wp-json\/wp\/v2\/users\/24"}],"replies":[{"embeddable":true,"href":"https:\/\/www.gaveanews.com\/index.php\/wp-json\/wp\/v2\/comments?post=209029"}],"version-history":[{"count":2,"href":"https:\/\/www.gaveanews.com\/index.php\/wp-json\/wp\/v2\/posts\/209029\/revisions"}],"predecessor-version":[{"id":209037,"href":"https:\/\/www.gaveanews.com\/index.php\/wp-json\/wp\/v2\/posts\/209029\/revisions\/209037"}],"wp:featuredmedia":[{"embeddable":true,"href":"https:\/\/www.gaveanews.com\/index.php\/wp-json\/wp\/v2\/media\/154272"}],"wp:attachment":[{"href":"https:\/\/www.gaveanews.com\/index.php\/wp-json\/wp\/v2\/media?parent=209029"}],"wp:term":[{"taxonomy":"category","embeddable":true,"href":"https:\/\/www.gaveanews.com\/index.php\/wp-json\/wp\/v2\/categories?post=209029"},{"taxonomy":"post_tag","embeddable":true,"href":"https:\/\/www.gaveanews.com\/index.php\/wp-json\/wp\/v2\/tags?post=209029"}],"curies":[{"name":"wp","href":"https:\/\/api.w.org\/{rel}","templated":true}]}}