{"id":209219,"date":"2025-01-08T00:05:00","date_gmt":"2025-01-08T03:05:00","guid":{"rendered":"https:\/\/www.gaveanews.com\/?p=209219"},"modified":"2025-01-07T22:34:21","modified_gmt":"2025-01-08T01:34:21","slug":"real-madrid-atuacao-de-endrick-ganha-destaque-na-midia-internacional","status":"publish","type":"post","link":"https:\/\/www.gaveanews.com\/index.php\/2025\/01\/08\/real-madrid-atuacao-de-endrick-ganha-destaque-na-midia-internacional\/","title":{"rendered":"Real Madrid: atua\u00e7\u00e3o de Endrick ganha destaque na m\u00eddia internacional"},"content":{"rendered":"\n<h2 class=\"wp-block-heading\" id=\"h-endrick-divide-opinioes-em-vitoria-do-real-madrid-pela-copa-do-rei\">Endrick divide opini\u00f5es em vit\u00f3ria do Real Madrid pela Copa do Rei<\/h2>\n\n\n\n<p>Endrick, uma das maiores promessas do Real Madrid nos \u00faltimos anos, voltou a chamar aten\u00e7\u00e3o no triunfo por 5 a 0 sobre o Deportivo Minera, pela Copa do Rei. Apesar de contribuir com boas jogadas ofensivas, o jovem brasileiro foi alvo de cr\u00edticas por sua \u201cteimosia\u201d e \u201cafoba\u00e7\u00e3o\u201d no ataque, conforme an\u00e1lise publicada pelo jornal espanhol <em>As<\/em> nesta ter\u00e7a-feira.<\/p>\n\n\n\n<ul class=\"wp-block-list\">\n<li><a href=\"https:\/\/www.gaveanews.com\/index.php\/2025\/01\/07\/real-madrid-bellingham-e-guler-impedem-chegada-de-reforco\/\">Real Madrid: Bellingham e G\u00fcler \u2018impedem\u2019 chegada de refor\u00e7o<\/a><\/li>\n\n\n\n<li><a href=\"https:\/\/www.gaveanews.com\/index.php\/2025\/01\/07\/real-madrid-a-declaracao-de-ancelotti-direcionada-a-vini-jr-2\/\">Real Madrid: a declara\u00e7\u00e3o de Ancelotti direcionada a Vini Jr<\/a><\/li>\n<\/ul>\n\n\n\n<p>Na partida, enquanto o turco Arda G\u00fcler brilhou com dois gols e foi elogiado por sua versatilidade, Endrick teve um desempenho mais discreto, apesar de ativo. O atacante de 18 anos chegou perto de marcar em uma finaliza\u00e7\u00e3o defendida pelo goleiro Fran Mart\u00ednez, al\u00e9m de oferecer uma assist\u00eancia quase perfeita para Loren, que acabou desperdi\u00e7ada. O <em>As<\/em> destacou que o brasileiro come\u00e7ou a temporada com boas atua\u00e7\u00f5es e gols, mas caiu de rendimento, o que o levou ao banco de reservas nas \u00faltimas semanas.<\/p>\n\n\n\n<p>\u201cO copo meio vazio \u00e9 o de Endrick, que chegou a Cartagena com a convic\u00e7\u00e3o de se tornar importante aos olhos de Ancelotti, mas saiu tosquiado. N\u00e3o porque ele fez um jogo ruim, n\u00e3o foi o caso. Ele foi ativo e intenso (\u2026). Acima de tudo, como 9, foi impreciso e afobado\u201d, avaliou o jornal.<\/p>\n\n\n\n<p>Enquanto Endrick luta para se firmar como titular, Arda G\u00fcler segue em ascens\u00e3o. Ap\u00f3s superar les\u00f5es musculares que adiaram sua estreia na temporada, o jovem turco foi descrito como um jogador em \u201cevolu\u00e7\u00e3o completa\u201d e que, com seu desempenho, \u201caperta Ancelotti pela titularidade\u201d.<\/p>\n\n\n\n<p>Na mesma reportagem, o <em>As<\/em> afirmou que o contraste entre os desempenhos de G\u00fcler e Endrick evidencia os desafios enfrentados por jovens talentos no Real Madrid.<\/p>\n\n\n\n<p>Aos 18 anos, Endrick ainda busca espa\u00e7o no elenco merengue e trabalha para adaptar seu estilo ao n\u00edvel exigido pela equipe. Apesar das cr\u00edticas, o brasileiro continua sendo considerado uma das maiores promessas do futebol mundial, e sua evolu\u00e7\u00e3o ser\u00e1 acompanhada de perto pela torcida e pela comiss\u00e3o t\u00e9cnica do clube.<\/p>\n","protected":false},"excerpt":{"rendered":"<p>Endrick divide opini\u00f5es em vit\u00f3ria do Real Madrid pela Copa do Rei Endrick, uma das maiores promessas do Real Madrid nos \u00faltimos anos, voltou a chamar aten\u00e7\u00e3o no triunfo por 5 a 0 sobre o Deportivo Minera, pela Copa do Rei. Apesar de contribuir com boas jogadas ofensivas, o jovem brasileiro foi alvo de cr\u00edticas [&hellip;]<\/p>\n","protected":false},"author":17,"featured_media":161086,"comment_status":"open","ping_status":"closed","sticky":false,"template":"","format":"standard","meta":{"footnotes":""},"categories":[88],"tags":[],"class_list":["post-209219","post","type-post","status-publish","format-standard","has-post-thumbnail","hentry","category-real-madrid"],"yoast_head":"<!-- This site is optimized with the Yoast SEO Premium plugin v24.2 (Yoast SEO v26.9) - https:\/\/yoast.com\/product\/yoast-seo-premium-wordpress\/ -->\n<title>Real Madrid: atua\u00e7\u00e3o de Endrick ganha destaque na m\u00eddia internacional<\/title>\n<meta name=\"robots\" content=\"index, follow, max-snippet:-1, max-image-preview:large, max-video-preview:-1\" \/>\n<link rel=\"canonical\" href=\"https:\/\/www.gaveanews.com\/index.php\/2025\/01\/08\/real-madrid-atuacao-de-endrick-ganha-destaque-na-midia-internacional\/\" \/>\n<meta property=\"og:locale\" content=\"pt_BR\" \/>\n<meta property=\"og:type\" content=\"article\" \/>\n<meta property=\"og:title\" content=\"Real Madrid: atua\u00e7\u00e3o de Endrick ganha destaque na m\u00eddia internacional\" \/>\n<meta property=\"og:description\" content=\"Endrick divide opini\u00f5es em vit\u00f3ria do Real Madrid pela Copa do Rei Endrick, uma das maiores promessas do Real Madrid nos \u00faltimos anos, voltou a chamar aten\u00e7\u00e3o no triunfo por 5 a 0 sobre o Deportivo Minera, pela Copa do Rei. Apesar de contribuir com boas jogadas ofensivas, o jovem brasileiro foi alvo de cr\u00edticas [&hellip;]\" \/>\n<meta property=\"og:url\" content=\"https:\/\/www.gaveanews.com\/index.php\/2025\/01\/08\/real-madrid-atuacao-de-endrick-ganha-destaque-na-midia-internacional\/\" \/>\n<meta property=\"og:site_name\" content=\"G\u00e1vea News\" \/>\n<meta property=\"article:publisher\" content=\"https:\/\/facebook.com\/gaveaNews\/\" \/>\n<meta property=\"article:published_time\" content=\"2025-01-08T03:05:00+00:00\" \/>\n<meta property=\"og:image\" content=\"https:\/\/www.gaveanews.com\/wp-content\/uploads\/endrick_-_real_madrid_1.jpg_554688468.webp\" \/>\n\t<meta property=\"og:image:width\" content=\"1200\" \/>\n\t<meta property=\"og:image:height\" content=\"675\" \/>\n\t<meta property=\"og:image:type\" content=\"image\/webp\" \/>\n<meta name=\"author\" content=\"Geovanna Thomaz\" \/>\n<meta name=\"twitter:card\" content=\"summary_large_image\" \/>\n<meta name=\"twitter:label1\" content=\"Escrito por\" \/>\n\t<meta name=\"twitter:data1\" content=\"Geovanna Thomaz\" \/>\n\t<meta name=\"twitter:label2\" content=\"Est. tempo de leitura\" \/>\n\t<meta name=\"twitter:data2\" content=\"3 minutos\" \/>\n<script type=\"application\/ld+json\" class=\"yoast-schema-graph\">{\"@context\":\"https:\/\/schema.org\",\"@graph\":[{\"@type\":\"NewsArticle\",\"@id\":\"https:\/\/www.gaveanews.com\/index.php\/2025\/01\/08\/real-madrid-atuacao-de-endrick-ganha-destaque-na-midia-internacional\/#article\",\"isPartOf\":{\"@id\":\"https:\/\/www.gaveanews.com\/index.php\/2025\/01\/08\/real-madrid-atuacao-de-endrick-ganha-destaque-na-midia-internacional\/\"},\"author\":{\"name\":\"Geovanna Thomaz\",\"@id\":\"https:\/\/www.gaveanews.com\/#\/schema\/person\/f42654babcd2b2014a1a65af82b081f1\"},\"headline\":\"Real Madrid: atua\u00e7\u00e3o de Endrick ganha destaque na m\u00eddia internacional\",\"datePublished\":\"2025-01-08T03:05:00+00:00\",\"mainEntityOfPage\":{\"@id\":\"https:\/\/www.gaveanews.com\/index.php\/2025\/01\/08\/real-madrid-atuacao-de-endrick-ganha-destaque-na-midia-internacional\/\"},\"wordCount\":387,\"commentCount\":0,\"image\":{\"@id\":\"https:\/\/www.gaveanews.com\/index.php\/2025\/01\/08\/real-madrid-atuacao-de-endrick-ganha-destaque-na-midia-internacional\/#primaryimage\"},\"thumbnailUrl\":\"https:\/\/www.gaveanews.com\/wp-content\/uploads\/endrick_-_real_madrid_1.jpg_554688468.webp\",\"articleSection\":[\"Real Madrid\"],\"inLanguage\":\"pt-BR\",\"potentialAction\":[{\"@type\":\"CommentAction\",\"name\":\"Comment\",\"target\":[\"https:\/\/www.gaveanews.com\/index.php\/2025\/01\/08\/real-madrid-atuacao-de-endrick-ganha-destaque-na-midia-internacional\/#respond\"]}],\"copyrightYear\":\"2025\",\"copyrightHolder\":{\"@id\":\"https:\/\/www.gaveanews.com\/#organization\"}},{\"@type\":\"WebPage\",\"@id\":\"https:\/\/www.gaveanews.com\/index.php\/2025\/01\/08\/real-madrid-atuacao-de-endrick-ganha-destaque-na-midia-internacional\/\",\"url\":\"https:\/\/www.gaveanews.com\/index.php\/2025\/01\/08\/real-madrid-atuacao-de-endrick-ganha-destaque-na-midia-internacional\/\",\"name\":\"Real Madrid: atua\u00e7\u00e3o de Endrick ganha destaque na m\u00eddia internacional\",\"isPartOf\":{\"@id\":\"https:\/\/www.gaveanews.com\/#website\"},\"primaryImageOfPage\":{\"@id\":\"https:\/\/www.gaveanews.com\/index.php\/2025\/01\/08\/real-madrid-atuacao-de-endrick-ganha-destaque-na-midia-internacional\/#primaryimage\"},\"image\":{\"@id\":\"https:\/\/www.gaveanews.com\/index.php\/2025\/01\/08\/real-madrid-atuacao-de-endrick-ganha-destaque-na-midia-internacional\/#primaryimage\"},\"thumbnailUrl\":\"https:\/\/www.gaveanews.com\/wp-content\/uploads\/endrick_-_real_madrid_1.jpg_554688468.webp\",\"datePublished\":\"2025-01-08T03:05:00+00:00\",\"author\":{\"@id\":\"https:\/\/www.gaveanews.com\/#\/schema\/person\/f42654babcd2b2014a1a65af82b081f1\"},\"breadcrumb\":{\"@id\":\"https:\/\/www.gaveanews.com\/index.php\/2025\/01\/08\/real-madrid-atuacao-de-endrick-ganha-destaque-na-midia-internacional\/#breadcrumb\"},\"inLanguage\":\"pt-BR\",\"potentialAction\":[{\"@type\":\"ReadAction\",\"target\":[\"https:\/\/www.gaveanews.com\/index.php\/2025\/01\/08\/real-madrid-atuacao-de-endrick-ganha-destaque-na-midia-internacional\/\"]}]},{\"@type\":\"ImageObject\",\"inLanguage\":\"pt-BR\",\"@id\":\"https:\/\/www.gaveanews.com\/index.php\/2025\/01\/08\/real-madrid-atuacao-de-endrick-ganha-destaque-na-midia-internacional\/#primaryimage\",\"url\":\"https:\/\/www.gaveanews.com\/wp-content\/uploads\/endrick_-_real_madrid_1.jpg_554688468.webp\",\"contentUrl\":\"https:\/\/www.gaveanews.com\/wp-content\/uploads\/endrick_-_real_madrid_1.jpg_554688468.webp\",\"width\":1200,\"height\":675,\"caption\":\"Endrick marcou seu primeiro gol pelo Real Madrid - Angel Martinez (2024 Getty Images, Getty Images Europe)\"},{\"@type\":\"BreadcrumbList\",\"@id\":\"https:\/\/www.gaveanews.com\/index.php\/2025\/01\/08\/real-madrid-atuacao-de-endrick-ganha-destaque-na-midia-internacional\/#breadcrumb\",\"itemListElement\":[{\"@type\":\"ListItem\",\"position\":1,\"name\":\"Home\",\"item\":\"https:\/\/www.gaveanews.com\/\"},{\"@type\":\"ListItem\",\"position\":2,\"name\":\"Real Madrid: atua\u00e7\u00e3o de Endrick ganha destaque na m\u00eddia internacional\"}]},{\"@type\":\"WebSite\",\"@id\":\"https:\/\/www.gaveanews.com\/#website\",\"url\":\"https:\/\/www.gaveanews.com\/\",\"name\":\"G\u00e1vea News\",\"description\":\"Veja todas as not\u00edcias sobre o Flamengo: Contrata\u00e7\u00f5es, categorias de base, resultados das partidas, tabela de classifica\u00e7\u00e3o, pr\u00f3ximos jogos!\",\"potentialAction\":[{\"@type\":\"SearchAction\",\"target\":{\"@type\":\"EntryPoint\",\"urlTemplate\":\"https:\/\/www.gaveanews.com\/?s={search_term_string}\"},\"query-input\":{\"@type\":\"PropertyValueSpecification\",\"valueRequired\":true,\"valueName\":\"search_term_string\"}}],\"inLanguage\":\"pt-BR\"},{\"@type\":\"Person\",\"@id\":\"https:\/\/www.gaveanews.com\/#\/schema\/person\/f42654babcd2b2014a1a65af82b081f1\",\"name\":\"Geovanna Thomaz\",\"image\":{\"@type\":\"ImageObject\",\"inLanguage\":\"pt-BR\",\"@id\":\"https:\/\/www.gaveanews.com\/#\/schema\/person\/image\/\",\"url\":\"https:\/\/secure.gravatar.com\/avatar\/4092073255489533afb558984b49b64268c47198af8623cc82a925ae9fb7118a?s=96&d=mm&r=g\",\"contentUrl\":\"https:\/\/secure.gravatar.com\/avatar\/4092073255489533afb558984b49b64268c47198af8623cc82a925ae9fb7118a?s=96&d=mm&r=g\",\"caption\":\"Geovanna Thomaz\"}}]}<\/script>\n<!-- \/ Yoast SEO Premium plugin. -->","yoast_head_json":{"title":"Real Madrid: atua\u00e7\u00e3o de Endrick ganha destaque na m\u00eddia internacional","robots":{"index":"index","follow":"follow","max-snippet":"max-snippet:-1","max-image-preview":"max-image-preview:large","max-video-preview":"max-video-preview:-1"},"canonical":"https:\/\/www.gaveanews.com\/index.php\/2025\/01\/08\/real-madrid-atuacao-de-endrick-ganha-destaque-na-midia-internacional\/","og_locale":"pt_BR","og_type":"article","og_title":"Real Madrid: atua\u00e7\u00e3o de Endrick ganha destaque na m\u00eddia internacional","og_description":"Endrick divide opini\u00f5es em vit\u00f3ria do Real Madrid pela Copa do Rei Endrick, uma das maiores promessas do Real Madrid nos \u00faltimos anos, voltou a chamar aten\u00e7\u00e3o no triunfo por 5 a 0 sobre o Deportivo Minera, pela Copa do Rei. Apesar de contribuir com boas jogadas ofensivas, o jovem brasileiro foi alvo de cr\u00edticas [&hellip;]","og_url":"https:\/\/www.gaveanews.com\/index.php\/2025\/01\/08\/real-madrid-atuacao-de-endrick-ganha-destaque-na-midia-internacional\/","og_site_name":"G\u00e1vea News","article_publisher":"https:\/\/facebook.com\/gaveaNews\/","article_published_time":"2025-01-08T03:05:00+00:00","og_image":[{"width":1200,"height":675,"url":"https:\/\/www.gaveanews.com\/wp-content\/uploads\/endrick_-_real_madrid_1.jpg_554688468.webp","type":"image\/webp"}],"author":"Geovanna Thomaz","twitter_card":"summary_large_image","twitter_misc":{"Escrito por":"Geovanna Thomaz","Est. tempo de leitura":"3 minutos"},"schema":{"@context":"https:\/\/schema.org","@graph":[{"@type":"NewsArticle","@id":"https:\/\/www.gaveanews.com\/index.php\/2025\/01\/08\/real-madrid-atuacao-de-endrick-ganha-destaque-na-midia-internacional\/#article","isPartOf":{"@id":"https:\/\/www.gaveanews.com\/index.php\/2025\/01\/08\/real-madrid-atuacao-de-endrick-ganha-destaque-na-midia-internacional\/"},"author":{"name":"Geovanna Thomaz","@id":"https:\/\/www.gaveanews.com\/#\/schema\/person\/f42654babcd2b2014a1a65af82b081f1"},"headline":"Real Madrid: atua\u00e7\u00e3o de Endrick ganha destaque na m\u00eddia internacional","datePublished":"2025-01-08T03:05:00+00:00","mainEntityOfPage":{"@id":"https:\/\/www.gaveanews.com\/index.php\/2025\/01\/08\/real-madrid-atuacao-de-endrick-ganha-destaque-na-midia-internacional\/"},"wordCount":387,"commentCount":0,"image":{"@id":"https:\/\/www.gaveanews.com\/index.php\/2025\/01\/08\/real-madrid-atuacao-de-endrick-ganha-destaque-na-midia-internacional\/#primaryimage"},"thumbnailUrl":"https:\/\/www.gaveanews.com\/wp-content\/uploads\/endrick_-_real_madrid_1.jpg_554688468.webp","articleSection":["Real Madrid"],"inLanguage":"pt-BR","potentialAction":[{"@type":"CommentAction","name":"Comment","target":["https:\/\/www.gaveanews.com\/index.php\/2025\/01\/08\/real-madrid-atuacao-de-endrick-ganha-destaque-na-midia-internacional\/#respond"]}],"copyrightYear":"2025","copyrightHolder":{"@id":"https:\/\/www.gaveanews.com\/#organization"}},{"@type":"WebPage","@id":"https:\/\/www.gaveanews.com\/index.php\/2025\/01\/08\/real-madrid-atuacao-de-endrick-ganha-destaque-na-midia-internacional\/","url":"https:\/\/www.gaveanews.com\/index.php\/2025\/01\/08\/real-madrid-atuacao-de-endrick-ganha-destaque-na-midia-internacional\/","name":"Real Madrid: atua\u00e7\u00e3o de Endrick ganha destaque na m\u00eddia internacional","isPartOf":{"@id":"https:\/\/www.gaveanews.com\/#website"},"primaryImageOfPage":{"@id":"https:\/\/www.gaveanews.com\/index.php\/2025\/01\/08\/real-madrid-atuacao-de-endrick-ganha-destaque-na-midia-internacional\/#primaryimage"},"image":{"@id":"https:\/\/www.gaveanews.com\/index.php\/2025\/01\/08\/real-madrid-atuacao-de-endrick-ganha-destaque-na-midia-internacional\/#primaryimage"},"thumbnailUrl":"https:\/\/www.gaveanews.com\/wp-content\/uploads\/endrick_-_real_madrid_1.jpg_554688468.webp","datePublished":"2025-01-08T03:05:00+00:00","author":{"@id":"https:\/\/www.gaveanews.com\/#\/schema\/person\/f42654babcd2b2014a1a65af82b081f1"},"breadcrumb":{"@id":"https:\/\/www.gaveanews.com\/index.php\/2025\/01\/08\/real-madrid-atuacao-de-endrick-ganha-destaque-na-midia-internacional\/#breadcrumb"},"inLanguage":"pt-BR","potentialAction":[{"@type":"ReadAction","target":["https:\/\/www.gaveanews.com\/index.php\/2025\/01\/08\/real-madrid-atuacao-de-endrick-ganha-destaque-na-midia-internacional\/"]}]},{"@type":"ImageObject","inLanguage":"pt-BR","@id":"https:\/\/www.gaveanews.com\/index.php\/2025\/01\/08\/real-madrid-atuacao-de-endrick-ganha-destaque-na-midia-internacional\/#primaryimage","url":"https:\/\/www.gaveanews.com\/wp-content\/uploads\/endrick_-_real_madrid_1.jpg_554688468.webp","contentUrl":"https:\/\/www.gaveanews.com\/wp-content\/uploads\/endrick_-_real_madrid_1.jpg_554688468.webp","width":1200,"height":675,"caption":"Endrick marcou seu primeiro gol pelo Real Madrid - Angel Martinez (2024 Getty Images, Getty Images Europe)"},{"@type":"BreadcrumbList","@id":"https:\/\/www.gaveanews.com\/index.php\/2025\/01\/08\/real-madrid-atuacao-de-endrick-ganha-destaque-na-midia-internacional\/#breadcrumb","itemListElement":[{"@type":"ListItem","position":1,"name":"Home","item":"https:\/\/www.gaveanews.com\/"},{"@type":"ListItem","position":2,"name":"Real Madrid: atua\u00e7\u00e3o de Endrick ganha destaque na m\u00eddia internacional"}]},{"@type":"WebSite","@id":"https:\/\/www.gaveanews.com\/#website","url":"https:\/\/www.gaveanews.com\/","name":"G\u00e1vea News","description":"Veja todas as not\u00edcias sobre o Flamengo: Contrata\u00e7\u00f5es, categorias de base, resultados das partidas, tabela de classifica\u00e7\u00e3o, pr\u00f3ximos jogos!","potentialAction":[{"@type":"SearchAction","target":{"@type":"EntryPoint","urlTemplate":"https:\/\/www.gaveanews.com\/?s={search_term_string}"},"query-input":{"@type":"PropertyValueSpecification","valueRequired":true,"valueName":"search_term_string"}}],"inLanguage":"pt-BR"},{"@type":"Person","@id":"https:\/\/www.gaveanews.com\/#\/schema\/person\/f42654babcd2b2014a1a65af82b081f1","name":"Geovanna Thomaz","image":{"@type":"ImageObject","inLanguage":"pt-BR","@id":"https:\/\/www.gaveanews.com\/#\/schema\/person\/image\/","url":"https:\/\/secure.gravatar.com\/avatar\/4092073255489533afb558984b49b64268c47198af8623cc82a925ae9fb7118a?s=96&d=mm&r=g","contentUrl":"https:\/\/secure.gravatar.com\/avatar\/4092073255489533afb558984b49b64268c47198af8623cc82a925ae9fb7118a?s=96&d=mm&r=g","caption":"Geovanna Thomaz"}}]}},"_links":{"self":[{"href":"https:\/\/www.gaveanews.com\/index.php\/wp-json\/wp\/v2\/posts\/209219","targetHints":{"allow":["GET"]}}],"collection":[{"href":"https:\/\/www.gaveanews.com\/index.php\/wp-json\/wp\/v2\/posts"}],"about":[{"href":"https:\/\/www.gaveanews.com\/index.php\/wp-json\/wp\/v2\/types\/post"}],"author":[{"embeddable":true,"href":"https:\/\/www.gaveanews.com\/index.php\/wp-json\/wp\/v2\/users\/17"}],"replies":[{"embeddable":true,"href":"https:\/\/www.gaveanews.com\/index.php\/wp-json\/wp\/v2\/comments?post=209219"}],"version-history":[{"count":1,"href":"https:\/\/www.gaveanews.com\/index.php\/wp-json\/wp\/v2\/posts\/209219\/revisions"}],"predecessor-version":[{"id":209221,"href":"https:\/\/www.gaveanews.com\/index.php\/wp-json\/wp\/v2\/posts\/209219\/revisions\/209221"}],"wp:featuredmedia":[{"embeddable":true,"href":"https:\/\/www.gaveanews.com\/index.php\/wp-json\/wp\/v2\/media\/161086"}],"wp:attachment":[{"href":"https:\/\/www.gaveanews.com\/index.php\/wp-json\/wp\/v2\/media?parent=209219"}],"wp:term":[{"taxonomy":"category","embeddable":true,"href":"https:\/\/www.gaveanews.com\/index.php\/wp-json\/wp\/v2\/categories?post=209219"},{"taxonomy":"post_tag","embeddable":true,"href":"https:\/\/www.gaveanews.com\/index.php\/wp-json\/wp\/v2\/tags?post=209219"}],"curies":[{"name":"wp","href":"https:\/\/api.w.org\/{rel}","templated":true}]}}