{"id":209246,"date":"2025-01-08T00:10:00","date_gmt":"2025-01-08T03:10:00","guid":{"rendered":"https:\/\/www.gaveanews.com\/?p=209246"},"modified":"2025-01-07T22:34:41","modified_gmt":"2025-01-08T01:34:41","slug":"a-declaracao-de-tche-tche-apos-ser-anunciado-pelo-vasco","status":"publish","type":"post","link":"https:\/\/www.gaveanews.com\/index.php\/2025\/01\/08\/a-declaracao-de-tche-tche-apos-ser-anunciado-pelo-vasco\/","title":{"rendered":"A declara\u00e7\u00e3o de Tch\u00ea Tch\u00ea ap\u00f3s ser anunciado pelo Vasco"},"content":{"rendered":"\n<h2 class=\"wp-block-heading\" id=\"h-vasco-anuncia-contratacao-do-meia-tche-tche-para-a-temporada-2025\">Vasco anuncia contrata\u00e7\u00e3o do meia Tch\u00ea Tch\u00ea para a temporada 2025<\/h2>\n\n\n\n<p>O Vasco da Gama anunciou, nesta ter\u00e7a-feira, a contrata\u00e7\u00e3o do meia Tch\u00ea Tch\u00ea, ex-Botafogo, para a temporada de 2025. O jogador, campe\u00e3o da Libertadores e do Campeonato Brasileiro em 2024 pelo rival carioca, chega ao clube de S\u00e3o Janu\u00e1rio ap\u00f3s o t\u00e9rmino do seu contrato com o Botafogo. Ele vestir\u00e1 a camisa 3 vasca\u00edna e j\u00e1 se apresentou ao elenco.<\/p>\n\n\n\n<ul class=\"wp-block-list\">\n<li><a href=\"https:\/\/www.gaveanews.com\/index.php\/2025\/01\/07\/oficial-vasco-contrata-volante-do-botafogo\/\">Oficial! Vasco contrata volante do Botafogo<\/a><\/li>\n\n\n\n<li><a href=\"https:\/\/www.gaveanews.com\/index.php\/2025\/01\/07\/vasco-define-futuro-de-capasso\/\">Vasco define futuro de Capasso<\/a><\/li>\n<\/ul>\n\n\n\n<p>Em v\u00eddeo divulgado pelo clube, Tch\u00ea Tch\u00ea falou com empolga\u00e7\u00e3o sobre sua chegada ao Vasco.<\/p>\n\n\n\n<p>\u201cFala, torcida vasca\u00edna! Aqui \u00e9 o Tch\u00ea Tch\u00ea. Estou muito feliz de estar aqui e vamos juntos para 2025\u201d, afirmou o novo refor\u00e7o, destacando sua determina\u00e7\u00e3o em conquistar t\u00edtulos e alegrar os torcedores. Ele tamb\u00e9m ressaltou que valores como empenho e dedica\u00e7\u00e3o s\u00e3o inegoci\u00e1veis.<\/p>\n\n\n\n<p>\u201cA hist\u00f3ria fala por si s\u00f3 o que \u00e9 essa camisa. A gente vai trabalhar arduamente todos os dias para conquistar t\u00edtulos e dar alegria aos torcedores. Tem valores que s\u00e3o inegoci\u00e1veis, como correr, se empenhar, deixar tudo o que for poss\u00edvel dentro do campo\u201d, completou.<\/p>\n\n\n\n<p>Aos 32 anos, Tch\u00ea Tch\u00ea assinou um contrato v\u00e1lido por dois anos com o Vasco e participou da reapresenta\u00e7\u00e3o do elenco nesta ter\u00e7a-feira. O meia se mostrou ansioso para jogar em S\u00e3o Janu\u00e1rio pela primeira vez como jogador vasca\u00edno, afirmando:<\/p>\n\n\n\n<p> \u201cS\u00e3o Janu\u00e1rio \u00e9 o Caldeir\u00e3o, n\u00e9 (risos). A expectativa \u00e9 enorme. Na cabe\u00e7a do torcedor, ficam os jogadores que vencem. Quero deixar meu nome aqui tamb\u00e9m.\u201d<\/p>\n\n\n\n<p>A contrata\u00e7\u00e3o foi considerada bastante positiva pelo departamento de futebol do Vasco, que avaliou Tch\u00ea Tch\u00ea como um jogador pronto para atuar no clube, sem ser uma aposta que necessite de adapta\u00e7\u00e3o ao futebol brasileiro. Al\u00e9m disso, o atleta chega ao clube sem custos, ap\u00f3s o t\u00e9rmino do seu v\u00ednculo com o Botafogo, o que foi um fator importante na negocia\u00e7\u00e3o. <\/p>\n\n\n\n<p>O fato de sua fam\u00edlia j\u00e1 residir no Rio de Janeiro h\u00e1 tr\u00eas anos tamb\u00e9m pesou na decis\u00e3o de Tch\u00ea Tch\u00ea de permanecer na cidade e acertar com o Vasco.<\/p>\n\n\n\n<p>O meia agora se junta ao elenco do clube carioca, que conta com op\u00e7\u00f5es como Hugo Moura, Mateus Carvalho, Paulinho, Jair, Sforza, Souza, Coutinho, Payet, Estrella, JP e Alex Teixeira para o meio-campo na temporada de 2025.<\/p>\n","protected":false},"excerpt":{"rendered":"<p>Vasco anuncia contrata\u00e7\u00e3o do meia Tch\u00ea Tch\u00ea para a temporada 2025 O Vasco da Gama anunciou, nesta ter\u00e7a-feira, a contrata\u00e7\u00e3o do meia Tch\u00ea Tch\u00ea, ex-Botafogo, para a temporada de 2025. O jogador, campe\u00e3o da Libertadores e do Campeonato Brasileiro em 2024 pelo rival carioca, chega ao clube de S\u00e3o Janu\u00e1rio ap\u00f3s o t\u00e9rmino do seu [&hellip;]<\/p>\n","protected":false},"author":17,"featured_media":167058,"comment_status":"open","ping_status":"closed","sticky":false,"template":"","format":"standard","meta":{"footnotes":""},"categories":[152],"tags":[],"class_list":["post-209246","post","type-post","status-publish","format-standard","has-post-thumbnail","hentry","category-vasco"],"yoast_head":"<!-- This site is optimized with the Yoast SEO Premium plugin v24.2 (Yoast SEO v26.9) - https:\/\/yoast.com\/product\/yoast-seo-premium-wordpress\/ -->\n<title>A declara\u00e7\u00e3o de Tch\u00ea Tch\u00ea ap\u00f3s ser anunciado pelo Vasco<\/title>\n<meta name=\"robots\" content=\"index, follow, max-snippet:-1, max-image-preview:large, max-video-preview:-1\" \/>\n<link rel=\"canonical\" href=\"https:\/\/www.gaveanews.com\/index.php\/2025\/01\/08\/a-declaracao-de-tche-tche-apos-ser-anunciado-pelo-vasco\/\" \/>\n<meta property=\"og:locale\" content=\"pt_BR\" \/>\n<meta property=\"og:type\" content=\"article\" \/>\n<meta property=\"og:title\" content=\"A declara\u00e7\u00e3o de Tch\u00ea Tch\u00ea ap\u00f3s ser anunciado pelo Vasco\" \/>\n<meta property=\"og:description\" content=\"Vasco anuncia contrata\u00e7\u00e3o do meia Tch\u00ea Tch\u00ea para a temporada 2025 O Vasco da Gama anunciou, nesta ter\u00e7a-feira, a contrata\u00e7\u00e3o do meia Tch\u00ea Tch\u00ea, ex-Botafogo, para a temporada de 2025. O jogador, campe\u00e3o da Libertadores e do Campeonato Brasileiro em 2024 pelo rival carioca, chega ao clube de S\u00e3o Janu\u00e1rio ap\u00f3s o t\u00e9rmino do seu [&hellip;]\" \/>\n<meta property=\"og:url\" content=\"https:\/\/www.gaveanews.com\/index.php\/2025\/01\/08\/a-declaracao-de-tche-tche-apos-ser-anunciado-pelo-vasco\/\" \/>\n<meta property=\"og:site_name\" content=\"G\u00e1vea News\" \/>\n<meta property=\"article:publisher\" content=\"https:\/\/facebook.com\/gaveaNews\/\" \/>\n<meta property=\"article:published_time\" content=\"2025-01-08T03:10:00+00:00\" \/>\n<meta property=\"og:image\" content=\"https:\/\/www.gaveanews.com\/wp-content\/uploads\/Tche-Tche-apresentado-pelo-Botafogo.webp\" \/>\n\t<meta property=\"og:image:width\" content=\"984\" \/>\n\t<meta property=\"og:image:height\" content=\"656\" \/>\n\t<meta property=\"og:image:type\" content=\"image\/jpeg\" \/>\n<meta name=\"author\" content=\"Geovanna Thomaz\" \/>\n<meta name=\"twitter:card\" content=\"summary_large_image\" \/>\n<meta name=\"twitter:label1\" content=\"Escrito por\" \/>\n\t<meta name=\"twitter:data1\" content=\"Geovanna Thomaz\" \/>\n\t<meta name=\"twitter:label2\" content=\"Est. tempo de leitura\" \/>\n\t<meta name=\"twitter:data2\" content=\"3 minutos\" \/>\n<script type=\"application\/ld+json\" class=\"yoast-schema-graph\">{\"@context\":\"https:\/\/schema.org\",\"@graph\":[{\"@type\":\"NewsArticle\",\"@id\":\"https:\/\/www.gaveanews.com\/index.php\/2025\/01\/08\/a-declaracao-de-tche-tche-apos-ser-anunciado-pelo-vasco\/#article\",\"isPartOf\":{\"@id\":\"https:\/\/www.gaveanews.com\/index.php\/2025\/01\/08\/a-declaracao-de-tche-tche-apos-ser-anunciado-pelo-vasco\/\"},\"author\":{\"name\":\"Geovanna Thomaz\",\"@id\":\"https:\/\/www.gaveanews.com\/#\/schema\/person\/f42654babcd2b2014a1a65af82b081f1\"},\"headline\":\"A declara\u00e7\u00e3o de Tch\u00ea Tch\u00ea ap\u00f3s ser anunciado pelo Vasco\",\"datePublished\":\"2025-01-08T03:10:00+00:00\",\"mainEntityOfPage\":{\"@id\":\"https:\/\/www.gaveanews.com\/index.php\/2025\/01\/08\/a-declaracao-de-tche-tche-apos-ser-anunciado-pelo-vasco\/\"},\"wordCount\":429,\"commentCount\":0,\"image\":{\"@id\":\"https:\/\/www.gaveanews.com\/index.php\/2025\/01\/08\/a-declaracao-de-tche-tche-apos-ser-anunciado-pelo-vasco\/#primaryimage\"},\"thumbnailUrl\":\"https:\/\/www.gaveanews.com\/wp-content\/uploads\/Tche-Tche-apresentado-pelo-Botafogo.webp\",\"articleSection\":[\"Vasco\"],\"inLanguage\":\"pt-BR\",\"potentialAction\":[{\"@type\":\"CommentAction\",\"name\":\"Comment\",\"target\":[\"https:\/\/www.gaveanews.com\/index.php\/2025\/01\/08\/a-declaracao-de-tche-tche-apos-ser-anunciado-pelo-vasco\/#respond\"]}],\"copyrightYear\":\"2025\",\"copyrightHolder\":{\"@id\":\"https:\/\/www.gaveanews.com\/#organization\"}},{\"@type\":\"WebPage\",\"@id\":\"https:\/\/www.gaveanews.com\/index.php\/2025\/01\/08\/a-declaracao-de-tche-tche-apos-ser-anunciado-pelo-vasco\/\",\"url\":\"https:\/\/www.gaveanews.com\/index.php\/2025\/01\/08\/a-declaracao-de-tche-tche-apos-ser-anunciado-pelo-vasco\/\",\"name\":\"A declara\u00e7\u00e3o de Tch\u00ea Tch\u00ea ap\u00f3s ser anunciado pelo Vasco\",\"isPartOf\":{\"@id\":\"https:\/\/www.gaveanews.com\/#website\"},\"primaryImageOfPage\":{\"@id\":\"https:\/\/www.gaveanews.com\/index.php\/2025\/01\/08\/a-declaracao-de-tche-tche-apos-ser-anunciado-pelo-vasco\/#primaryimage\"},\"image\":{\"@id\":\"https:\/\/www.gaveanews.com\/index.php\/2025\/01\/08\/a-declaracao-de-tche-tche-apos-ser-anunciado-pelo-vasco\/#primaryimage\"},\"thumbnailUrl\":\"https:\/\/www.gaveanews.com\/wp-content\/uploads\/Tche-Tche-apresentado-pelo-Botafogo.webp\",\"datePublished\":\"2025-01-08T03:10:00+00:00\",\"author\":{\"@id\":\"https:\/\/www.gaveanews.com\/#\/schema\/person\/f42654babcd2b2014a1a65af82b081f1\"},\"breadcrumb\":{\"@id\":\"https:\/\/www.gaveanews.com\/index.php\/2025\/01\/08\/a-declaracao-de-tche-tche-apos-ser-anunciado-pelo-vasco\/#breadcrumb\"},\"inLanguage\":\"pt-BR\",\"potentialAction\":[{\"@type\":\"ReadAction\",\"target\":[\"https:\/\/www.gaveanews.com\/index.php\/2025\/01\/08\/a-declaracao-de-tche-tche-apos-ser-anunciado-pelo-vasco\/\"]}]},{\"@type\":\"ImageObject\",\"inLanguage\":\"pt-BR\",\"@id\":\"https:\/\/www.gaveanews.com\/index.php\/2025\/01\/08\/a-declaracao-de-tche-tche-apos-ser-anunciado-pelo-vasco\/#primaryimage\",\"url\":\"https:\/\/www.gaveanews.com\/wp-content\/uploads\/Tche-Tche-apresentado-pelo-Botafogo.webp\",\"contentUrl\":\"https:\/\/www.gaveanews.com\/wp-content\/uploads\/Tche-Tche-apresentado-pelo-Botafogo.webp\",\"width\":984,\"height\":656,\"caption\":\"Tch\u00ea Tch\u00ea apresentado pelo Botafogo (Foto: Vitor Silva\/Botafogo)\"},{\"@type\":\"BreadcrumbList\",\"@id\":\"https:\/\/www.gaveanews.com\/index.php\/2025\/01\/08\/a-declaracao-de-tche-tche-apos-ser-anunciado-pelo-vasco\/#breadcrumb\",\"itemListElement\":[{\"@type\":\"ListItem\",\"position\":1,\"name\":\"Home\",\"item\":\"https:\/\/www.gaveanews.com\/\"},{\"@type\":\"ListItem\",\"position\":2,\"name\":\"A declara\u00e7\u00e3o de Tch\u00ea Tch\u00ea ap\u00f3s ser anunciado pelo Vasco\"}]},{\"@type\":\"WebSite\",\"@id\":\"https:\/\/www.gaveanews.com\/#website\",\"url\":\"https:\/\/www.gaveanews.com\/\",\"name\":\"G\u00e1vea News\",\"description\":\"Veja todas as not\u00edcias sobre o Flamengo: Contrata\u00e7\u00f5es, categorias de base, resultados das partidas, tabela de classifica\u00e7\u00e3o, pr\u00f3ximos jogos!\",\"potentialAction\":[{\"@type\":\"SearchAction\",\"target\":{\"@type\":\"EntryPoint\",\"urlTemplate\":\"https:\/\/www.gaveanews.com\/?s={search_term_string}\"},\"query-input\":{\"@type\":\"PropertyValueSpecification\",\"valueRequired\":true,\"valueName\":\"search_term_string\"}}],\"inLanguage\":\"pt-BR\"},{\"@type\":\"Person\",\"@id\":\"https:\/\/www.gaveanews.com\/#\/schema\/person\/f42654babcd2b2014a1a65af82b081f1\",\"name\":\"Geovanna Thomaz\",\"image\":{\"@type\":\"ImageObject\",\"inLanguage\":\"pt-BR\",\"@id\":\"https:\/\/www.gaveanews.com\/#\/schema\/person\/image\/\",\"url\":\"https:\/\/secure.gravatar.com\/avatar\/4092073255489533afb558984b49b64268c47198af8623cc82a925ae9fb7118a?s=96&d=mm&r=g\",\"contentUrl\":\"https:\/\/secure.gravatar.com\/avatar\/4092073255489533afb558984b49b64268c47198af8623cc82a925ae9fb7118a?s=96&d=mm&r=g\",\"caption\":\"Geovanna Thomaz\"}}]}<\/script>\n<!-- \/ Yoast SEO Premium plugin. -->","yoast_head_json":{"title":"A declara\u00e7\u00e3o de Tch\u00ea Tch\u00ea ap\u00f3s ser anunciado pelo Vasco","robots":{"index":"index","follow":"follow","max-snippet":"max-snippet:-1","max-image-preview":"max-image-preview:large","max-video-preview":"max-video-preview:-1"},"canonical":"https:\/\/www.gaveanews.com\/index.php\/2025\/01\/08\/a-declaracao-de-tche-tche-apos-ser-anunciado-pelo-vasco\/","og_locale":"pt_BR","og_type":"article","og_title":"A declara\u00e7\u00e3o de Tch\u00ea Tch\u00ea ap\u00f3s ser anunciado pelo Vasco","og_description":"Vasco anuncia contrata\u00e7\u00e3o do meia Tch\u00ea Tch\u00ea para a temporada 2025 O Vasco da Gama anunciou, nesta ter\u00e7a-feira, a contrata\u00e7\u00e3o do meia Tch\u00ea Tch\u00ea, ex-Botafogo, para a temporada de 2025. O jogador, campe\u00e3o da Libertadores e do Campeonato Brasileiro em 2024 pelo rival carioca, chega ao clube de S\u00e3o Janu\u00e1rio ap\u00f3s o t\u00e9rmino do seu [&hellip;]","og_url":"https:\/\/www.gaveanews.com\/index.php\/2025\/01\/08\/a-declaracao-de-tche-tche-apos-ser-anunciado-pelo-vasco\/","og_site_name":"G\u00e1vea News","article_publisher":"https:\/\/facebook.com\/gaveaNews\/","article_published_time":"2025-01-08T03:10:00+00:00","og_image":[{"width":984,"height":656,"url":"https:\/\/www.gaveanews.com\/wp-content\/uploads\/Tche-Tche-apresentado-pelo-Botafogo.webp","type":"image\/jpeg"}],"author":"Geovanna Thomaz","twitter_card":"summary_large_image","twitter_misc":{"Escrito por":"Geovanna Thomaz","Est. tempo de leitura":"3 minutos"},"schema":{"@context":"https:\/\/schema.org","@graph":[{"@type":"NewsArticle","@id":"https:\/\/www.gaveanews.com\/index.php\/2025\/01\/08\/a-declaracao-de-tche-tche-apos-ser-anunciado-pelo-vasco\/#article","isPartOf":{"@id":"https:\/\/www.gaveanews.com\/index.php\/2025\/01\/08\/a-declaracao-de-tche-tche-apos-ser-anunciado-pelo-vasco\/"},"author":{"name":"Geovanna Thomaz","@id":"https:\/\/www.gaveanews.com\/#\/schema\/person\/f42654babcd2b2014a1a65af82b081f1"},"headline":"A declara\u00e7\u00e3o de Tch\u00ea Tch\u00ea ap\u00f3s ser anunciado pelo Vasco","datePublished":"2025-01-08T03:10:00+00:00","mainEntityOfPage":{"@id":"https:\/\/www.gaveanews.com\/index.php\/2025\/01\/08\/a-declaracao-de-tche-tche-apos-ser-anunciado-pelo-vasco\/"},"wordCount":429,"commentCount":0,"image":{"@id":"https:\/\/www.gaveanews.com\/index.php\/2025\/01\/08\/a-declaracao-de-tche-tche-apos-ser-anunciado-pelo-vasco\/#primaryimage"},"thumbnailUrl":"https:\/\/www.gaveanews.com\/wp-content\/uploads\/Tche-Tche-apresentado-pelo-Botafogo.webp","articleSection":["Vasco"],"inLanguage":"pt-BR","potentialAction":[{"@type":"CommentAction","name":"Comment","target":["https:\/\/www.gaveanews.com\/index.php\/2025\/01\/08\/a-declaracao-de-tche-tche-apos-ser-anunciado-pelo-vasco\/#respond"]}],"copyrightYear":"2025","copyrightHolder":{"@id":"https:\/\/www.gaveanews.com\/#organization"}},{"@type":"WebPage","@id":"https:\/\/www.gaveanews.com\/index.php\/2025\/01\/08\/a-declaracao-de-tche-tche-apos-ser-anunciado-pelo-vasco\/","url":"https:\/\/www.gaveanews.com\/index.php\/2025\/01\/08\/a-declaracao-de-tche-tche-apos-ser-anunciado-pelo-vasco\/","name":"A declara\u00e7\u00e3o de Tch\u00ea Tch\u00ea ap\u00f3s ser anunciado pelo Vasco","isPartOf":{"@id":"https:\/\/www.gaveanews.com\/#website"},"primaryImageOfPage":{"@id":"https:\/\/www.gaveanews.com\/index.php\/2025\/01\/08\/a-declaracao-de-tche-tche-apos-ser-anunciado-pelo-vasco\/#primaryimage"},"image":{"@id":"https:\/\/www.gaveanews.com\/index.php\/2025\/01\/08\/a-declaracao-de-tche-tche-apos-ser-anunciado-pelo-vasco\/#primaryimage"},"thumbnailUrl":"https:\/\/www.gaveanews.com\/wp-content\/uploads\/Tche-Tche-apresentado-pelo-Botafogo.webp","datePublished":"2025-01-08T03:10:00+00:00","author":{"@id":"https:\/\/www.gaveanews.com\/#\/schema\/person\/f42654babcd2b2014a1a65af82b081f1"},"breadcrumb":{"@id":"https:\/\/www.gaveanews.com\/index.php\/2025\/01\/08\/a-declaracao-de-tche-tche-apos-ser-anunciado-pelo-vasco\/#breadcrumb"},"inLanguage":"pt-BR","potentialAction":[{"@type":"ReadAction","target":["https:\/\/www.gaveanews.com\/index.php\/2025\/01\/08\/a-declaracao-de-tche-tche-apos-ser-anunciado-pelo-vasco\/"]}]},{"@type":"ImageObject","inLanguage":"pt-BR","@id":"https:\/\/www.gaveanews.com\/index.php\/2025\/01\/08\/a-declaracao-de-tche-tche-apos-ser-anunciado-pelo-vasco\/#primaryimage","url":"https:\/\/www.gaveanews.com\/wp-content\/uploads\/Tche-Tche-apresentado-pelo-Botafogo.webp","contentUrl":"https:\/\/www.gaveanews.com\/wp-content\/uploads\/Tche-Tche-apresentado-pelo-Botafogo.webp","width":984,"height":656,"caption":"Tch\u00ea Tch\u00ea apresentado pelo Botafogo (Foto: Vitor Silva\/Botafogo)"},{"@type":"BreadcrumbList","@id":"https:\/\/www.gaveanews.com\/index.php\/2025\/01\/08\/a-declaracao-de-tche-tche-apos-ser-anunciado-pelo-vasco\/#breadcrumb","itemListElement":[{"@type":"ListItem","position":1,"name":"Home","item":"https:\/\/www.gaveanews.com\/"},{"@type":"ListItem","position":2,"name":"A declara\u00e7\u00e3o de Tch\u00ea Tch\u00ea ap\u00f3s ser anunciado pelo Vasco"}]},{"@type":"WebSite","@id":"https:\/\/www.gaveanews.com\/#website","url":"https:\/\/www.gaveanews.com\/","name":"G\u00e1vea News","description":"Veja todas as not\u00edcias sobre o Flamengo: Contrata\u00e7\u00f5es, categorias de base, resultados das partidas, tabela de classifica\u00e7\u00e3o, pr\u00f3ximos jogos!","potentialAction":[{"@type":"SearchAction","target":{"@type":"EntryPoint","urlTemplate":"https:\/\/www.gaveanews.com\/?s={search_term_string}"},"query-input":{"@type":"PropertyValueSpecification","valueRequired":true,"valueName":"search_term_string"}}],"inLanguage":"pt-BR"},{"@type":"Person","@id":"https:\/\/www.gaveanews.com\/#\/schema\/person\/f42654babcd2b2014a1a65af82b081f1","name":"Geovanna Thomaz","image":{"@type":"ImageObject","inLanguage":"pt-BR","@id":"https:\/\/www.gaveanews.com\/#\/schema\/person\/image\/","url":"https:\/\/secure.gravatar.com\/avatar\/4092073255489533afb558984b49b64268c47198af8623cc82a925ae9fb7118a?s=96&d=mm&r=g","contentUrl":"https:\/\/secure.gravatar.com\/avatar\/4092073255489533afb558984b49b64268c47198af8623cc82a925ae9fb7118a?s=96&d=mm&r=g","caption":"Geovanna Thomaz"}}]}},"_links":{"self":[{"href":"https:\/\/www.gaveanews.com\/index.php\/wp-json\/wp\/v2\/posts\/209246","targetHints":{"allow":["GET"]}}],"collection":[{"href":"https:\/\/www.gaveanews.com\/index.php\/wp-json\/wp\/v2\/posts"}],"about":[{"href":"https:\/\/www.gaveanews.com\/index.php\/wp-json\/wp\/v2\/types\/post"}],"author":[{"embeddable":true,"href":"https:\/\/www.gaveanews.com\/index.php\/wp-json\/wp\/v2\/users\/17"}],"replies":[{"embeddable":true,"href":"https:\/\/www.gaveanews.com\/index.php\/wp-json\/wp\/v2\/comments?post=209246"}],"version-history":[{"count":1,"href":"https:\/\/www.gaveanews.com\/index.php\/wp-json\/wp\/v2\/posts\/209246\/revisions"}],"predecessor-version":[{"id":209249,"href":"https:\/\/www.gaveanews.com\/index.php\/wp-json\/wp\/v2\/posts\/209246\/revisions\/209249"}],"wp:featuredmedia":[{"embeddable":true,"href":"https:\/\/www.gaveanews.com\/index.php\/wp-json\/wp\/v2\/media\/167058"}],"wp:attachment":[{"href":"https:\/\/www.gaveanews.com\/index.php\/wp-json\/wp\/v2\/media?parent=209246"}],"wp:term":[{"taxonomy":"category","embeddable":true,"href":"https:\/\/www.gaveanews.com\/index.php\/wp-json\/wp\/v2\/categories?post=209246"},{"taxonomy":"post_tag","embeddable":true,"href":"https:\/\/www.gaveanews.com\/index.php\/wp-json\/wp\/v2\/tags?post=209246"}],"curies":[{"name":"wp","href":"https:\/\/api.w.org\/{rel}","templated":true}]}}