{"id":209251,"date":"2025-01-08T00:55:00","date_gmt":"2025-01-08T03:55:00","guid":{"rendered":"https:\/\/www.gaveanews.com\/?p=209251"},"modified":"2025-01-07T22:46:52","modified_gmt":"2025-01-08T01:46:52","slug":"diretoria-do-flamengo-surpreende-e-define-mais-uma-alteracao","status":"publish","type":"post","link":"https:\/\/www.gaveanews.com\/index.php\/2025\/01\/08\/diretoria-do-flamengo-surpreende-e-define-mais-uma-alteracao\/","title":{"rendered":"Diretoria do Flamengo surpreende e define mais uma altera\u00e7\u00e3o"},"content":{"rendered":"\n<p>A diretoria do Flamengo segue promovendo mudan\u00e7as estruturais no clube. A mais recente altera\u00e7\u00e3o ocorreu no Departamento M\u00e9dico do futebol profissional, \u00e1rea considerada estrat\u00e9gica para o rendimento da equipe ao longo da temporada. A troca no comando foi uma decis\u00e3o alinhada \u00e0 nova gest\u00e3o e faz parte de um processo mais amplo de reformula\u00e7\u00e3o interna.<\/p>\n\n\n\n<h2 class=\"wp-block-heading\" id=\"h-fernando-sassaki-assume-o-comando\">Fernando Sassaki assume o comando<\/h2>\n\n\n\n<p>Fernando Sassaki foi nomeado como o novo chefe do Departamento M\u00e9dico do futebol do Flamengo. Antes de assumir a nova fun\u00e7\u00e3o, ele era respons\u00e1vel pela \u00e1rea m\u00e9dica das categorias de base do clube. A decis\u00e3o de promov\u00ea-lo foi tomada por Jos\u00e9 Luiz Runco, diretor m\u00e9dico geral, que retornou ao Flamengo para padronizar a atua\u00e7\u00e3o da medicina esportiva no clube.<\/p>\n\n\n\n<p>Sassaki substituir\u00e1 M\u00e1rcio Tannure, demitido no \u00faltimo fim de semana. A mudan\u00e7a marca o fim de um ciclo para Tannure, que esteve \u00e0 frente do departamento por anos e participou diretamente da estrutura\u00e7\u00e3o do setor durante gest\u00f5es anteriores.<\/p>\n\n\n\n<figure class=\"wp-block-embed is-type-photo is-provider-flickr wp-block-embed-flickr\"><div class=\"wp-block-embed__wrapper\">\n<a href=\"https:\/\/www.flickr.com\/photos\/201155970@N03\/54253612935\/in\/dateposted-public\/\"><img loading=\"lazy\" decoding=\"async\" src=\"https:\/\/live.staticflickr.com\/65535\/54253612935_cf38690607_z.webp\" alt=\"imagem_2025-01-07_212627251\" width=\"640\" height=\"640\" \/><\/a>\n<\/div><\/figure>\n\n\n\n<h2 class=\"wp-block-heading\" id=\"h-novos-profissionais-chegam\">Novos profissionais chegam<\/h2>\n\n\n\n<p>Al\u00e9m da troca no comando, o Flamengo tamb\u00e9m anunciou a chegada de outros profissionais para compor a equipe m\u00e9dica. F\u00e1bio Marcelo (fisioterapeuta), Claudio Pavanelli (fisiologista) e Silvia Ferreira (nutricionista) foram contratados para refor\u00e7ar o setor.<\/p>\n\n\n\n<p>Outra novidade foi a recontrata\u00e7\u00e3o de um psic\u00f3logo para o futebol profissional. O clube acertou com Paulo Ribeiro para assumir a fun\u00e7\u00e3o, retomando a presen\u00e7a desse profissional ap\u00f3s um per\u00edodo de seis anos sem um especialista na \u00e1rea.<\/p>\n\n\n\n<h2 class=\"wp-block-heading\" id=\"h-demissoes-e-impacto-interno\">Demiss\u00f5es e impacto interno<\/h2>\n\n\n\n<p>A reformula\u00e7\u00e3o tamb\u00e9m trouxe mudan\u00e7as significativas na equipe m\u00e9dica. Na manh\u00e3 de ter\u00e7a-feira (07 de janeiro), o Flamengo promoveu uma demiss\u00e3o em massa no Departamento de Sa\u00fade e Performance. Ao todo, 13 profissionais foram desligados, incluindo m\u00e9dicos, fisiologistas, fisioterapeutas e nutricionistas.<\/p>\n\n\n\n<p>Al\u00e9m disso, todo o Departamento M\u00e9dico das categorias de base foi desfeito, com exce\u00e7\u00e3o de Fernando Sassaki, que foi promovido ao time principal. A decis\u00e3o reflete o novo planejamento da diretoria, que busca implementar um novo modelo de gest\u00e3o no setor.<\/p>\n","protected":false},"excerpt":{"rendered":"<p>A diretoria do Flamengo segue promovendo mudan\u00e7as estruturais no clube. A mais recente altera\u00e7\u00e3o ocorreu no Departamento M\u00e9dico do futebol profissional, \u00e1rea considerada estrat\u00e9gica para o rendimento da equipe ao longo da temporada. A troca no comando foi uma decis\u00e3o alinhada \u00e0 nova gest\u00e3o e faz parte de um processo mais amplo de reformula\u00e7\u00e3o interna. [&hellip;]<\/p>\n","protected":false},"author":15,"featured_media":122174,"comment_status":"open","ping_status":"closed","sticky":false,"template":"","format":"standard","meta":{"footnotes":""},"categories":[1],"tags":[],"class_list":["post-209251","post","type-post","status-publish","format-standard","has-post-thumbnail","hentry","category-flamengo"],"yoast_head":"<!-- This site is optimized with the Yoast SEO Premium plugin v24.2 (Yoast SEO v26.9) - https:\/\/yoast.com\/product\/yoast-seo-premium-wordpress\/ -->\n<title>Diretoria do Flamengo surpreende e define mais uma altera\u00e7\u00e3o<\/title>\n<meta name=\"robots\" content=\"index, follow, max-snippet:-1, max-image-preview:large, max-video-preview:-1\" \/>\n<link rel=\"canonical\" href=\"https:\/\/www.gaveanews.com\/index.php\/2025\/01\/08\/diretoria-do-flamengo-surpreende-e-define-mais-uma-alteracao\/\" \/>\n<meta property=\"og:locale\" content=\"pt_BR\" \/>\n<meta property=\"og:type\" content=\"article\" \/>\n<meta property=\"og:title\" content=\"Diretoria do Flamengo surpreende e define mais uma altera\u00e7\u00e3o\" \/>\n<meta property=\"og:description\" content=\"A diretoria do Flamengo segue promovendo mudan\u00e7as estruturais no clube. A mais recente altera\u00e7\u00e3o ocorreu no Departamento M\u00e9dico do futebol profissional, \u00e1rea considerada estrat\u00e9gica para o rendimento da equipe ao longo da temporada. A troca no comando foi uma decis\u00e3o alinhada \u00e0 nova gest\u00e3o e faz parte de um processo mais amplo de reformula\u00e7\u00e3o interna. [&hellip;]\" \/>\n<meta property=\"og:url\" content=\"https:\/\/www.gaveanews.com\/index.php\/2025\/01\/08\/diretoria-do-flamengo-surpreende-e-define-mais-uma-alteracao\/\" \/>\n<meta property=\"og:site_name\" content=\"G\u00e1vea News\" \/>\n<meta property=\"article:publisher\" content=\"https:\/\/facebook.com\/gaveaNews\/\" \/>\n<meta property=\"article:published_time\" content=\"2025-01-08T03:55:00+00:00\" \/>\n<meta property=\"og:image\" content=\"https:\/\/www.gaveanews.com\/wp-content\/uploads\/ninhodourubu.webp\" \/>\n\t<meta property=\"og:image:width\" content=\"1218\" \/>\n\t<meta property=\"og:image:height\" content=\"812\" \/>\n\t<meta property=\"og:image:type\" content=\"image\/webp\" \/>\n<meta name=\"author\" content=\"Henrique Machado\" \/>\n<meta name=\"twitter:card\" content=\"summary_large_image\" \/>\n<meta name=\"twitter:label1\" content=\"Escrito por\" \/>\n\t<meta name=\"twitter:data1\" content=\"Henrique Machado\" \/>\n\t<meta name=\"twitter:label2\" content=\"Est. tempo de leitura\" \/>\n\t<meta name=\"twitter:data2\" content=\"2 minutos\" \/>\n<script type=\"application\/ld+json\" class=\"yoast-schema-graph\">{\"@context\":\"https:\/\/schema.org\",\"@graph\":[{\"@type\":\"NewsArticle\",\"@id\":\"https:\/\/www.gaveanews.com\/index.php\/2025\/01\/08\/diretoria-do-flamengo-surpreende-e-define-mais-uma-alteracao\/#article\",\"isPartOf\":{\"@id\":\"https:\/\/www.gaveanews.com\/index.php\/2025\/01\/08\/diretoria-do-flamengo-surpreende-e-define-mais-uma-alteracao\/\"},\"author\":{\"name\":\"Henrique Machado\",\"@id\":\"https:\/\/www.gaveanews.com\/#\/schema\/person\/fd07635ec039ec3ba74ad18ec8a6dbd6\"},\"headline\":\"Diretoria do Flamengo surpreende e define mais uma altera\u00e7\u00e3o\",\"datePublished\":\"2025-01-08T03:55:00+00:00\",\"mainEntityOfPage\":{\"@id\":\"https:\/\/www.gaveanews.com\/index.php\/2025\/01\/08\/diretoria-do-flamengo-surpreende-e-define-mais-uma-alteracao\/\"},\"wordCount\":377,\"commentCount\":0,\"image\":{\"@id\":\"https:\/\/www.gaveanews.com\/index.php\/2025\/01\/08\/diretoria-do-flamengo-surpreende-e-define-mais-uma-alteracao\/#primaryimage\"},\"thumbnailUrl\":\"https:\/\/www.gaveanews.com\/wp-content\/uploads\/ninhodourubu.webp\",\"articleSection\":[\"Flamengo\"],\"inLanguage\":\"pt-BR\",\"potentialAction\":[{\"@type\":\"CommentAction\",\"name\":\"Comment\",\"target\":[\"https:\/\/www.gaveanews.com\/index.php\/2025\/01\/08\/diretoria-do-flamengo-surpreende-e-define-mais-uma-alteracao\/#respond\"]}],\"copyrightYear\":\"2025\",\"copyrightHolder\":{\"@id\":\"https:\/\/www.gaveanews.com\/#organization\"}},{\"@type\":\"WebPage\",\"@id\":\"https:\/\/www.gaveanews.com\/index.php\/2025\/01\/08\/diretoria-do-flamengo-surpreende-e-define-mais-uma-alteracao\/\",\"url\":\"https:\/\/www.gaveanews.com\/index.php\/2025\/01\/08\/diretoria-do-flamengo-surpreende-e-define-mais-uma-alteracao\/\",\"name\":\"Diretoria do Flamengo surpreende e define mais uma altera\u00e7\u00e3o\",\"isPartOf\":{\"@id\":\"https:\/\/www.gaveanews.com\/#website\"},\"primaryImageOfPage\":{\"@id\":\"https:\/\/www.gaveanews.com\/index.php\/2025\/01\/08\/diretoria-do-flamengo-surpreende-e-define-mais-uma-alteracao\/#primaryimage\"},\"image\":{\"@id\":\"https:\/\/www.gaveanews.com\/index.php\/2025\/01\/08\/diretoria-do-flamengo-surpreende-e-define-mais-uma-alteracao\/#primaryimage\"},\"thumbnailUrl\":\"https:\/\/www.gaveanews.com\/wp-content\/uploads\/ninhodourubu.webp\",\"datePublished\":\"2025-01-08T03:55:00+00:00\",\"author\":{\"@id\":\"https:\/\/www.gaveanews.com\/#\/schema\/person\/fd07635ec039ec3ba74ad18ec8a6dbd6\"},\"breadcrumb\":{\"@id\":\"https:\/\/www.gaveanews.com\/index.php\/2025\/01\/08\/diretoria-do-flamengo-surpreende-e-define-mais-uma-alteracao\/#breadcrumb\"},\"inLanguage\":\"pt-BR\",\"potentialAction\":[{\"@type\":\"ReadAction\",\"target\":[\"https:\/\/www.gaveanews.com\/index.php\/2025\/01\/08\/diretoria-do-flamengo-surpreende-e-define-mais-uma-alteracao\/\"]}]},{\"@type\":\"ImageObject\",\"inLanguage\":\"pt-BR\",\"@id\":\"https:\/\/www.gaveanews.com\/index.php\/2025\/01\/08\/diretoria-do-flamengo-surpreende-e-define-mais-uma-alteracao\/#primaryimage\",\"url\":\"https:\/\/www.gaveanews.com\/wp-content\/uploads\/ninhodourubu.webp\",\"contentUrl\":\"https:\/\/www.gaveanews.com\/wp-content\/uploads\/ninhodourubu.webp\",\"width\":1218,\"height\":812,\"caption\":\"Centro de treinamento do Flamengo (Foto: Reprodu\u00e7\u00e3o)\"},{\"@type\":\"BreadcrumbList\",\"@id\":\"https:\/\/www.gaveanews.com\/index.php\/2025\/01\/08\/diretoria-do-flamengo-surpreende-e-define-mais-uma-alteracao\/#breadcrumb\",\"itemListElement\":[{\"@type\":\"ListItem\",\"position\":1,\"name\":\"Home\",\"item\":\"https:\/\/www.gaveanews.com\/\"},{\"@type\":\"ListItem\",\"position\":2,\"name\":\"Diretoria do Flamengo surpreende e define mais uma altera\u00e7\u00e3o\"}]},{\"@type\":\"WebSite\",\"@id\":\"https:\/\/www.gaveanews.com\/#website\",\"url\":\"https:\/\/www.gaveanews.com\/\",\"name\":\"G\u00e1vea News\",\"description\":\"Veja todas as not\u00edcias sobre o Flamengo: Contrata\u00e7\u00f5es, categorias de base, resultados das partidas, tabela de classifica\u00e7\u00e3o, pr\u00f3ximos jogos!\",\"potentialAction\":[{\"@type\":\"SearchAction\",\"target\":{\"@type\":\"EntryPoint\",\"urlTemplate\":\"https:\/\/www.gaveanews.com\/?s={search_term_string}\"},\"query-input\":{\"@type\":\"PropertyValueSpecification\",\"valueRequired\":true,\"valueName\":\"search_term_string\"}}],\"inLanguage\":\"pt-BR\"},{\"@type\":\"Person\",\"@id\":\"https:\/\/www.gaveanews.com\/#\/schema\/person\/fd07635ec039ec3ba74ad18ec8a6dbd6\",\"name\":\"Henrique Machado\",\"image\":{\"@type\":\"ImageObject\",\"inLanguage\":\"pt-BR\",\"@id\":\"https:\/\/www.gaveanews.com\/#\/schema\/person\/image\/\",\"url\":\"https:\/\/secure.gravatar.com\/avatar\/b95e35997e01d9800c1b6184bd79d4d898d370a3fce2584f5c77b907d5c7d9e9?s=96&d=mm&r=g\",\"contentUrl\":\"https:\/\/secure.gravatar.com\/avatar\/b95e35997e01d9800c1b6184bd79d4d898d370a3fce2584f5c77b907d5c7d9e9?s=96&d=mm&r=g\",\"caption\":\"Henrique Machado\"}}]}<\/script>\n<!-- \/ Yoast SEO Premium plugin. -->","yoast_head_json":{"title":"Diretoria do Flamengo surpreende e define mais uma altera\u00e7\u00e3o","robots":{"index":"index","follow":"follow","max-snippet":"max-snippet:-1","max-image-preview":"max-image-preview:large","max-video-preview":"max-video-preview:-1"},"canonical":"https:\/\/www.gaveanews.com\/index.php\/2025\/01\/08\/diretoria-do-flamengo-surpreende-e-define-mais-uma-alteracao\/","og_locale":"pt_BR","og_type":"article","og_title":"Diretoria do Flamengo surpreende e define mais uma altera\u00e7\u00e3o","og_description":"A diretoria do Flamengo segue promovendo mudan\u00e7as estruturais no clube. A mais recente altera\u00e7\u00e3o ocorreu no Departamento M\u00e9dico do futebol profissional, \u00e1rea considerada estrat\u00e9gica para o rendimento da equipe ao longo da temporada. A troca no comando foi uma decis\u00e3o alinhada \u00e0 nova gest\u00e3o e faz parte de um processo mais amplo de reformula\u00e7\u00e3o interna. [&hellip;]","og_url":"https:\/\/www.gaveanews.com\/index.php\/2025\/01\/08\/diretoria-do-flamengo-surpreende-e-define-mais-uma-alteracao\/","og_site_name":"G\u00e1vea News","article_publisher":"https:\/\/facebook.com\/gaveaNews\/","article_published_time":"2025-01-08T03:55:00+00:00","og_image":[{"width":1218,"height":812,"url":"https:\/\/www.gaveanews.com\/wp-content\/uploads\/ninhodourubu.webp","type":"image\/webp"}],"author":"Henrique Machado","twitter_card":"summary_large_image","twitter_misc":{"Escrito por":"Henrique Machado","Est. tempo de leitura":"2 minutos"},"schema":{"@context":"https:\/\/schema.org","@graph":[{"@type":"NewsArticle","@id":"https:\/\/www.gaveanews.com\/index.php\/2025\/01\/08\/diretoria-do-flamengo-surpreende-e-define-mais-uma-alteracao\/#article","isPartOf":{"@id":"https:\/\/www.gaveanews.com\/index.php\/2025\/01\/08\/diretoria-do-flamengo-surpreende-e-define-mais-uma-alteracao\/"},"author":{"name":"Henrique Machado","@id":"https:\/\/www.gaveanews.com\/#\/schema\/person\/fd07635ec039ec3ba74ad18ec8a6dbd6"},"headline":"Diretoria do Flamengo surpreende e define mais uma altera\u00e7\u00e3o","datePublished":"2025-01-08T03:55:00+00:00","mainEntityOfPage":{"@id":"https:\/\/www.gaveanews.com\/index.php\/2025\/01\/08\/diretoria-do-flamengo-surpreende-e-define-mais-uma-alteracao\/"},"wordCount":377,"commentCount":0,"image":{"@id":"https:\/\/www.gaveanews.com\/index.php\/2025\/01\/08\/diretoria-do-flamengo-surpreende-e-define-mais-uma-alteracao\/#primaryimage"},"thumbnailUrl":"https:\/\/www.gaveanews.com\/wp-content\/uploads\/ninhodourubu.webp","articleSection":["Flamengo"],"inLanguage":"pt-BR","potentialAction":[{"@type":"CommentAction","name":"Comment","target":["https:\/\/www.gaveanews.com\/index.php\/2025\/01\/08\/diretoria-do-flamengo-surpreende-e-define-mais-uma-alteracao\/#respond"]}],"copyrightYear":"2025","copyrightHolder":{"@id":"https:\/\/www.gaveanews.com\/#organization"}},{"@type":"WebPage","@id":"https:\/\/www.gaveanews.com\/index.php\/2025\/01\/08\/diretoria-do-flamengo-surpreende-e-define-mais-uma-alteracao\/","url":"https:\/\/www.gaveanews.com\/index.php\/2025\/01\/08\/diretoria-do-flamengo-surpreende-e-define-mais-uma-alteracao\/","name":"Diretoria do Flamengo surpreende e define mais uma altera\u00e7\u00e3o","isPartOf":{"@id":"https:\/\/www.gaveanews.com\/#website"},"primaryImageOfPage":{"@id":"https:\/\/www.gaveanews.com\/index.php\/2025\/01\/08\/diretoria-do-flamengo-surpreende-e-define-mais-uma-alteracao\/#primaryimage"},"image":{"@id":"https:\/\/www.gaveanews.com\/index.php\/2025\/01\/08\/diretoria-do-flamengo-surpreende-e-define-mais-uma-alteracao\/#primaryimage"},"thumbnailUrl":"https:\/\/www.gaveanews.com\/wp-content\/uploads\/ninhodourubu.webp","datePublished":"2025-01-08T03:55:00+00:00","author":{"@id":"https:\/\/www.gaveanews.com\/#\/schema\/person\/fd07635ec039ec3ba74ad18ec8a6dbd6"},"breadcrumb":{"@id":"https:\/\/www.gaveanews.com\/index.php\/2025\/01\/08\/diretoria-do-flamengo-surpreende-e-define-mais-uma-alteracao\/#breadcrumb"},"inLanguage":"pt-BR","potentialAction":[{"@type":"ReadAction","target":["https:\/\/www.gaveanews.com\/index.php\/2025\/01\/08\/diretoria-do-flamengo-surpreende-e-define-mais-uma-alteracao\/"]}]},{"@type":"ImageObject","inLanguage":"pt-BR","@id":"https:\/\/www.gaveanews.com\/index.php\/2025\/01\/08\/diretoria-do-flamengo-surpreende-e-define-mais-uma-alteracao\/#primaryimage","url":"https:\/\/www.gaveanews.com\/wp-content\/uploads\/ninhodourubu.webp","contentUrl":"https:\/\/www.gaveanews.com\/wp-content\/uploads\/ninhodourubu.webp","width":1218,"height":812,"caption":"Centro de treinamento do Flamengo (Foto: Reprodu\u00e7\u00e3o)"},{"@type":"BreadcrumbList","@id":"https:\/\/www.gaveanews.com\/index.php\/2025\/01\/08\/diretoria-do-flamengo-surpreende-e-define-mais-uma-alteracao\/#breadcrumb","itemListElement":[{"@type":"ListItem","position":1,"name":"Home","item":"https:\/\/www.gaveanews.com\/"},{"@type":"ListItem","position":2,"name":"Diretoria do Flamengo surpreende e define mais uma altera\u00e7\u00e3o"}]},{"@type":"WebSite","@id":"https:\/\/www.gaveanews.com\/#website","url":"https:\/\/www.gaveanews.com\/","name":"G\u00e1vea News","description":"Veja todas as not\u00edcias sobre o Flamengo: Contrata\u00e7\u00f5es, categorias de base, resultados das partidas, tabela de classifica\u00e7\u00e3o, pr\u00f3ximos jogos!","potentialAction":[{"@type":"SearchAction","target":{"@type":"EntryPoint","urlTemplate":"https:\/\/www.gaveanews.com\/?s={search_term_string}"},"query-input":{"@type":"PropertyValueSpecification","valueRequired":true,"valueName":"search_term_string"}}],"inLanguage":"pt-BR"},{"@type":"Person","@id":"https:\/\/www.gaveanews.com\/#\/schema\/person\/fd07635ec039ec3ba74ad18ec8a6dbd6","name":"Henrique Machado","image":{"@type":"ImageObject","inLanguage":"pt-BR","@id":"https:\/\/www.gaveanews.com\/#\/schema\/person\/image\/","url":"https:\/\/secure.gravatar.com\/avatar\/b95e35997e01d9800c1b6184bd79d4d898d370a3fce2584f5c77b907d5c7d9e9?s=96&d=mm&r=g","contentUrl":"https:\/\/secure.gravatar.com\/avatar\/b95e35997e01d9800c1b6184bd79d4d898d370a3fce2584f5c77b907d5c7d9e9?s=96&d=mm&r=g","caption":"Henrique Machado"}}]}},"_links":{"self":[{"href":"https:\/\/www.gaveanews.com\/index.php\/wp-json\/wp\/v2\/posts\/209251","targetHints":{"allow":["GET"]}}],"collection":[{"href":"https:\/\/www.gaveanews.com\/index.php\/wp-json\/wp\/v2\/posts"}],"about":[{"href":"https:\/\/www.gaveanews.com\/index.php\/wp-json\/wp\/v2\/types\/post"}],"author":[{"embeddable":true,"href":"https:\/\/www.gaveanews.com\/index.php\/wp-json\/wp\/v2\/users\/15"}],"replies":[{"embeddable":true,"href":"https:\/\/www.gaveanews.com\/index.php\/wp-json\/wp\/v2\/comments?post=209251"}],"version-history":[{"count":2,"href":"https:\/\/www.gaveanews.com\/index.php\/wp-json\/wp\/v2\/posts\/209251\/revisions"}],"predecessor-version":[{"id":209267,"href":"https:\/\/www.gaveanews.com\/index.php\/wp-json\/wp\/v2\/posts\/209251\/revisions\/209267"}],"wp:featuredmedia":[{"embeddable":true,"href":"https:\/\/www.gaveanews.com\/index.php\/wp-json\/wp\/v2\/media\/122174"}],"wp:attachment":[{"href":"https:\/\/www.gaveanews.com\/index.php\/wp-json\/wp\/v2\/media?parent=209251"}],"wp:term":[{"taxonomy":"category","embeddable":true,"href":"https:\/\/www.gaveanews.com\/index.php\/wp-json\/wp\/v2\/categories?post=209251"},{"taxonomy":"post_tag","embeddable":true,"href":"https:\/\/www.gaveanews.com\/index.php\/wp-json\/wp\/v2\/tags?post=209251"}],"curies":[{"name":"wp","href":"https:\/\/api.w.org\/{rel}","templated":true}]}}