{"id":209312,"date":"2025-01-08T04:15:00","date_gmt":"2025-01-08T07:15:00","guid":{"rendered":"https:\/\/www.gaveanews.com\/?p=209312"},"modified":"2025-01-07T22:04:31","modified_gmt":"2025-01-08T01:04:31","slug":"publicacao-de-bastos-alteracao-na-copa-do-brasil-e-mercado-da-bola-as-ultimas-noticias-do-corinthians","status":"publish","type":"post","link":"https:\/\/www.gaveanews.com\/index.php\/2025\/01\/08\/publicacao-de-bastos-alteracao-na-copa-do-brasil-e-mercado-da-bola-as-ultimas-noticias-do-corinthians\/","title":{"rendered":"Publica\u00e7\u00e3o de Bastos, altera\u00e7\u00e3o na Copa do Brasil e mercado da bola: as \u00faltimas not\u00edcias do Corinthians"},"content":{"rendered":"\n<p>Nas \u00faltimas horas, o foco das not\u00edcias sobre Corinthians se concentram nos bastidores do<br>clube, com destaques do dia a dia do time.<\/p>\n\n\n\n<p>Por conta deste contexto, leia abaixo um resumo preparado pela equipe do portal G\u00e1vea News para lhe manter muito bem informado!<\/p>\n\n\n\n<h2 class=\"wp-block-heading\" id=\"h-mercado-da-bola\">Mercado da Bola<\/h2>\n\n\n\n<p>O Corinthians movimenta o mercado da bola para 2025 com sa\u00eddas e perman\u00eancias. Matheus Ara\u00fajo e Caetano deixaram o clube rumo ao Cear\u00e1 e Vissel Kobe, respectivamente, enquanto Ruan Oliveira retornou ao Metropolitano e Roni foi para o Mirassol. O lateral Fagner foi emprestado ao Cruzeiro, e Pedro Henrique transferiu-se para o Cear\u00e1. Por outro lado, \u00c1ngel Romero renovou por mais um ano, e Andr\u00e9 Carrillo permanece como titular sob o comando de Ram\u00f3n D\u00edaz <strong><a href=\"https:\/\/www.gaveanews.com\/index.php\/2025\/01\/06\/yuri-alberto-pedro-raul-andre-carrillo-romero-pedro-henrique-fagner-matheus-araujo-caetano-ruan-oliveira-e-roni-as-movimentacoes-do-corinthians-no-mercado-da-bola\/\">(leia a mat\u00e9ria completa).<\/a><\/strong><\/p>\n\n\n\n<figure class=\"wp-block-image size-full\"><img loading=\"lazy\" decoding=\"async\" width=\"941\" height=\"604\" src=\"https:\/\/www.gaveanews.com\/wp-content\/uploads\/Yuri-Alberto-em-acao-pelo-Corinthians.webp\" alt=\"\" class=\"wp-image-171334\" srcset=\"https:\/\/www.gaveanews.com\/wp-content\/uploads\/Yuri-Alberto-em-acao-pelo-Corinthians.webp 941w, https:\/\/www.gaveanews.com\/wp-content\/uploads\/Yuri-Alberto-em-acao-pelo-Corinthians-300x194.webp 300w, https:\/\/www.gaveanews.com\/wp-content\/uploads\/Yuri-Alberto-em-acao-pelo-Corinthians-768x493.webp 768w, https:\/\/www.gaveanews.com\/wp-content\/uploads\/Yuri-Alberto-em-acao-pelo-Corinthians-654x420.webp 654w, https:\/\/www.gaveanews.com\/wp-content\/uploads\/Yuri-Alberto-em-acao-pelo-Corinthians-341x220.webp 341w, https:\/\/www.gaveanews.com\/wp-content\/uploads\/Yuri-Alberto-em-acao-pelo-Corinthians-640x411.webp 640w, https:\/\/www.gaveanews.com\/wp-content\/uploads\/Yuri-Alberto-em-acao-pelo-Corinthians-681x437.webp 681w, https:\/\/www.gaveanews.com\/wp-content\/uploads\/Yuri-Alberto-em-acao-pelo-Corinthians-100x64.webp 100w\" sizes=\"auto, (max-width: 941px) 100vw, 941px\" \/><figcaption class=\"wp-element-caption\">Yuri Alberto em a\u00e7\u00e3o pelo Corinthians (Foto: Rodrigo Coca\/Ag\u00eancia Corinthians)<\/figcaption><\/figure>\n\n\n\n<p>Yuri Alberto, artilheiro do Campeonato Brasileiro, atrai interesse de clubes europeus, mas o Corinthians n\u00e3o planeja negoci\u00e1-lo nesta janela. <\/p>\n\n\n\n<p>O atacante Talles Magno, contratado junto ao New York City, tamb\u00e9m busca estender sua perman\u00eancia. J\u00e1 Pedro Raul, que chegou em 2024, perdeu espa\u00e7o e pode ser negociado ap\u00f3s custar R$ 25 milh\u00f5es ao clube.<\/p>\n\n\n\n<p>A diretoria segue trabalhando para equilibrar a equipe, mantendo pe\u00e7as-chave enquanto realiza ajustes no elenco. O Tim\u00e3o se prepara para a pr\u00f3xima temporada com foco em competi\u00e7\u00f5es nacionais e internacionais, apostando em refor\u00e7os e no desempenho de seus jogadores mais valiosos.<\/p>\n\n\n\n<h2 class=\"wp-block-heading\" id=\"h-alteracao-na-copa-do-brasil\">Altera\u00e7\u00e3o na Copa do Brasil<\/h2>\n\n\n\n<p>A CBF anunciou uma mudan\u00e7a significativa no regulamento da Copa do Brasil de 2025. Na primeira fase, a vantagem do time visitante em caso de empate foi eliminada; agora, jogos empatados ser\u00e3o decididos nos p\u00eanaltis. A medida promete aumentar a emo\u00e7\u00e3o e a imprevisibilidade das partidas, deixando o torneio mais din\u00e2mico e competitivo <strong><a href=\"https:\/\/www.gaveanews.com\/index.php\/2025\/01\/06\/cbf-promove-alteracao-importante-para-a-copa-do-brasil-de-2025\/\">(leia a mat\u00e9ria completa).<\/a><\/strong><\/p>\n\n\n\n<figure class=\"wp-block-image size-full\"><img loading=\"lazy\" decoding=\"async\" width=\"799\" height=\"534\" src=\"https:\/\/www.gaveanews.com\/wp-content\/uploads\/Taca-da-Copa-do-Brasil-1.webp\" alt=\"\" class=\"wp-image-89335\" srcset=\"https:\/\/www.gaveanews.com\/wp-content\/uploads\/Taca-da-Copa-do-Brasil-1.webp 799w, https:\/\/www.gaveanews.com\/wp-content\/uploads\/Taca-da-Copa-do-Brasil-1-300x201.webp 300w, https:\/\/www.gaveanews.com\/wp-content\/uploads\/Taca-da-Copa-do-Brasil-1-768x513.webp 768w, https:\/\/www.gaveanews.com\/wp-content\/uploads\/Taca-da-Copa-do-Brasil-1-628x420.webp 628w, https:\/\/www.gaveanews.com\/wp-content\/uploads\/Taca-da-Copa-do-Brasil-1-537x360.webp 537w, https:\/\/www.gaveanews.com\/wp-content\/uploads\/Taca-da-Copa-do-Brasil-1-640x428.webp 640w, https:\/\/www.gaveanews.com\/wp-content\/uploads\/Taca-da-Copa-do-Brasil-1-681x455.webp 681w, https:\/\/www.gaveanews.com\/wp-content\/uploads\/Taca-da-Copa-do-Brasil-1-100x67.webp 100w\" sizes=\"auto, (max-width: 799px) 100vw, 799px\" \/><figcaption class=\"wp-element-caption\">Ta\u00e7a da Copa do Brasil (Foto: Paula Reis\/Flamengo)<\/figcaption><\/figure>\n\n\n\n<p>Antes, equipes visitantes avan\u00e7avam automaticamente em caso de igualdade, o que levava times da casa a assumirem posturas mais arriscadas. Com a nova regra, tanto anfitri\u00f5es quanto visitantes precisar\u00e3o se concentrar ainda mais durante os 90 minutos para evitar a loteria dos p\u00eanaltis.<\/p>\n\n\n\n<p>A altera\u00e7\u00e3o visa equilibrar as condi\u00e7\u00f5es de disputa e valorizar o m\u00e9rito esportivo, garantindo partidas mais atrativas e equilibradas. Para os torcedores, a temporada 2025 j\u00e1 se desenha como uma das mais eletrizantes, refor\u00e7ando o car\u00e1ter imprevis\u00edvel e competitivo da Copa do Brasil.<\/p>\n\n\n\n<h2 class=\"wp-block-heading\" id=\"h-publicacao-de-bastos\">Publica\u00e7\u00e3o de Bastos<\/h2>\n\n\n\n<p>O zagueiro Bastos, pe\u00e7a-chave nas conquistas da Libertadores e do Brasileir\u00e3o pelo Botafogo em 2024, gerou grande repercuss\u00e3o ao compartilhar uma publica\u00e7\u00e3o sugerindo sua poss\u00edvel ida para o Corinthians. A intera\u00e7\u00e3o, que veio de um texto do portal \u201cMeu Tim\u00e3o\u201d elogiando seu desempenho, dividiu opini\u00f5es entre torcedores cariocas e paulistas. A especula\u00e7\u00e3o colocou o defensor no centro das conversas, mas nenhuma negocia\u00e7\u00e3o foi confirmada <strong><a href=\"https:\/\/www.gaveanews.com\/index.php\/2025\/01\/06\/bastos-do-botafogo-faz-publicacao-envolvendo-o-corinthians\/\">(leia a mat\u00e9ria completa).<\/a><\/strong><\/p>\n\n\n\n<figure class=\"wp-block-image size-full\"><img loading=\"lazy\" decoding=\"async\" width=\"667\" height=\"592\" src=\"https:\/\/www.gaveanews.com\/wp-content\/uploads\/Bastos-em-acao-pelo-Botafogo.webp\" alt=\"\" class=\"wp-image-170336\" srcset=\"https:\/\/www.gaveanews.com\/wp-content\/uploads\/Bastos-em-acao-pelo-Botafogo.webp 667w, https:\/\/www.gaveanews.com\/wp-content\/uploads\/Bastos-em-acao-pelo-Botafogo-300x266.webp 300w, https:\/\/www.gaveanews.com\/wp-content\/uploads\/Bastos-em-acao-pelo-Botafogo-473x420.webp 473w, https:\/\/www.gaveanews.com\/wp-content\/uploads\/Bastos-em-acao-pelo-Botafogo-640x568.webp 640w, https:\/\/www.gaveanews.com\/wp-content\/uploads\/Bastos-em-acao-pelo-Botafogo-100x89.webp 100w\" sizes=\"auto, (max-width: 667px) 100vw, 667px\" \/><figcaption class=\"wp-element-caption\">Bastos em a\u00e7\u00e3o pelo Botafogo (Foto: Vitor Silva\/Botafogo)<\/figcaption><\/figure>\n\n\n\n<p>Apesar da movimenta\u00e7\u00e3o nas redes sociais, Bastos possui contrato com o Botafogo at\u00e9 2026, tornando improv\u00e1vel sua sa\u00edda sem uma compensa\u00e7\u00e3o financeira significativa. O jogador, que formou uma s\u00f3lida dupla defensiva com Alexander Barboza, \u00e9 considerado um dos pilares do time carioca, e o clube conta com sua perman\u00eancia para a temporada de 2025.<\/p>\n\n\n\n<p>Enquanto isso, o Botafogo segue ativo no mercado, em busca de refor\u00e7os para fortalecer o elenco. A atitude de Bastos gerou tanto empolga\u00e7\u00e3o nos torcedores do Corinthians quanto reafirma\u00e7\u00e3o da confian\u00e7a dos botafoguenses, que esperam ver o defensor continuar a desempenhar papel fundamental nas pr\u00f3ximas competi\u00e7\u00f5es.<\/p>\n","protected":false},"excerpt":{"rendered":"<p>Nas \u00faltimas horas, o foco das not\u00edcias sobre Corinthians se concentram nos bastidores doclube, com destaques do dia a dia do time. Por conta deste contexto, leia abaixo um resumo preparado pela equipe do portal G\u00e1vea News para lhe manter muito bem informado! Mercado da Bola O Corinthians movimenta o mercado da bola para 2025 [&hellip;]<\/p>\n","protected":false},"author":27,"featured_media":155584,"comment_status":"open","ping_status":"closed","sticky":false,"template":"","format":"standard","meta":{"footnotes":""},"categories":[141],"tags":[],"class_list":["post-209312","post","type-post","status-publish","format-standard","has-post-thumbnail","hentry","category-corinthians"],"yoast_head":"<!-- This site is optimized with the Yoast SEO Premium plugin v24.2 (Yoast SEO v26.9) - https:\/\/yoast.com\/product\/yoast-seo-premium-wordpress\/ -->\n<title>Publica\u00e7\u00e3o de Bastos, altera\u00e7\u00e3o na Copa do Brasil e mercado da bola: as \u00faltimas not\u00edcias do Corinthians<\/title>\n<meta name=\"robots\" content=\"index, follow, max-snippet:-1, max-image-preview:large, max-video-preview:-1\" \/>\n<link rel=\"canonical\" href=\"https:\/\/www.gaveanews.com\/index.php\/2025\/01\/08\/publicacao-de-bastos-alteracao-na-copa-do-brasil-e-mercado-da-bola-as-ultimas-noticias-do-corinthians\/\" \/>\n<meta property=\"og:locale\" content=\"pt_BR\" \/>\n<meta property=\"og:type\" content=\"article\" \/>\n<meta property=\"og:title\" content=\"Publica\u00e7\u00e3o de Bastos, altera\u00e7\u00e3o na Copa do Brasil e mercado da bola: as \u00faltimas not\u00edcias do Corinthians\" \/>\n<meta property=\"og:description\" content=\"Nas \u00faltimas horas, o foco das not\u00edcias sobre Corinthians se concentram nos bastidores doclube, com destaques do dia a dia do time. Por conta deste contexto, leia abaixo um resumo preparado pela equipe do portal G\u00e1vea News para lhe manter muito bem informado! Mercado da Bola O Corinthians movimenta o mercado da bola para 2025 [&hellip;]\" \/>\n<meta property=\"og:url\" content=\"https:\/\/www.gaveanews.com\/index.php\/2025\/01\/08\/publicacao-de-bastos-alteracao-na-copa-do-brasil-e-mercado-da-bola-as-ultimas-noticias-do-corinthians\/\" \/>\n<meta property=\"og:site_name\" content=\"G\u00e1vea News\" \/>\n<meta property=\"article:publisher\" content=\"https:\/\/facebook.com\/gaveaNews\/\" \/>\n<meta property=\"article:published_time\" content=\"2025-01-08T07:15:00+00:00\" \/>\n<meta property=\"og:image\" content=\"https:\/\/www.gaveanews.com\/wp-content\/uploads\/Elenco-do-Corinthians-durante-partida-do-Brasileirao-2024.webp\" \/>\n\t<meta property=\"og:image:width\" content=\"1814\" \/>\n\t<meta property=\"og:image:height\" content=\"1440\" \/>\n\t<meta property=\"og:image:type\" content=\"image\/jpeg\" \/>\n<meta name=\"author\" content=\"Matheus Felipe\" \/>\n<meta name=\"twitter:card\" content=\"summary_large_image\" \/>\n<meta name=\"twitter:label1\" content=\"Escrito por\" \/>\n\t<meta name=\"twitter:data1\" content=\"Matheus Felipe\" \/>\n\t<meta name=\"twitter:label2\" content=\"Est. tempo de leitura\" \/>\n\t<meta name=\"twitter:data2\" content=\"4 minutos\" \/>\n<script type=\"application\/ld+json\" class=\"yoast-schema-graph\">{\"@context\":\"https:\/\/schema.org\",\"@graph\":[{\"@type\":\"NewsArticle\",\"@id\":\"https:\/\/www.gaveanews.com\/index.php\/2025\/01\/08\/publicacao-de-bastos-alteracao-na-copa-do-brasil-e-mercado-da-bola-as-ultimas-noticias-do-corinthians\/#article\",\"isPartOf\":{\"@id\":\"https:\/\/www.gaveanews.com\/index.php\/2025\/01\/08\/publicacao-de-bastos-alteracao-na-copa-do-brasil-e-mercado-da-bola-as-ultimas-noticias-do-corinthians\/\"},\"author\":{\"name\":\"Matheus Felipe\",\"@id\":\"https:\/\/www.gaveanews.com\/#\/schema\/person\/8207cd4627f56151707418bfc835b2fb\"},\"headline\":\"Publica\u00e7\u00e3o de Bastos, altera\u00e7\u00e3o na Copa do Brasil e mercado da bola: as \u00faltimas not\u00edcias do Corinthians\",\"datePublished\":\"2025-01-08T07:15:00+00:00\",\"mainEntityOfPage\":{\"@id\":\"https:\/\/www.gaveanews.com\/index.php\/2025\/01\/08\/publicacao-de-bastos-alteracao-na-copa-do-brasil-e-mercado-da-bola-as-ultimas-noticias-do-corinthians\/\"},\"wordCount\":643,\"commentCount\":0,\"image\":{\"@id\":\"https:\/\/www.gaveanews.com\/index.php\/2025\/01\/08\/publicacao-de-bastos-alteracao-na-copa-do-brasil-e-mercado-da-bola-as-ultimas-noticias-do-corinthians\/#primaryimage\"},\"thumbnailUrl\":\"https:\/\/www.gaveanews.com\/wp-content\/uploads\/Elenco-do-Corinthians-durante-partida-do-Brasileirao-2024.webp\",\"articleSection\":[\"Corinthians\"],\"inLanguage\":\"pt-BR\",\"potentialAction\":[{\"@type\":\"CommentAction\",\"name\":\"Comment\",\"target\":[\"https:\/\/www.gaveanews.com\/index.php\/2025\/01\/08\/publicacao-de-bastos-alteracao-na-copa-do-brasil-e-mercado-da-bola-as-ultimas-noticias-do-corinthians\/#respond\"]}],\"copyrightYear\":\"2025\",\"copyrightHolder\":{\"@id\":\"https:\/\/www.gaveanews.com\/#organization\"}},{\"@type\":\"WebPage\",\"@id\":\"https:\/\/www.gaveanews.com\/index.php\/2025\/01\/08\/publicacao-de-bastos-alteracao-na-copa-do-brasil-e-mercado-da-bola-as-ultimas-noticias-do-corinthians\/\",\"url\":\"https:\/\/www.gaveanews.com\/index.php\/2025\/01\/08\/publicacao-de-bastos-alteracao-na-copa-do-brasil-e-mercado-da-bola-as-ultimas-noticias-do-corinthians\/\",\"name\":\"Publica\u00e7\u00e3o de Bastos, altera\u00e7\u00e3o na Copa do Brasil e mercado da bola: as \u00faltimas not\u00edcias do Corinthians\",\"isPartOf\":{\"@id\":\"https:\/\/www.gaveanews.com\/#website\"},\"primaryImageOfPage\":{\"@id\":\"https:\/\/www.gaveanews.com\/index.php\/2025\/01\/08\/publicacao-de-bastos-alteracao-na-copa-do-brasil-e-mercado-da-bola-as-ultimas-noticias-do-corinthians\/#primaryimage\"},\"image\":{\"@id\":\"https:\/\/www.gaveanews.com\/index.php\/2025\/01\/08\/publicacao-de-bastos-alteracao-na-copa-do-brasil-e-mercado-da-bola-as-ultimas-noticias-do-corinthians\/#primaryimage\"},\"thumbnailUrl\":\"https:\/\/www.gaveanews.com\/wp-content\/uploads\/Elenco-do-Corinthians-durante-partida-do-Brasileirao-2024.webp\",\"datePublished\":\"2025-01-08T07:15:00+00:00\",\"author\":{\"@id\":\"https:\/\/www.gaveanews.com\/#\/schema\/person\/8207cd4627f56151707418bfc835b2fb\"},\"breadcrumb\":{\"@id\":\"https:\/\/www.gaveanews.com\/index.php\/2025\/01\/08\/publicacao-de-bastos-alteracao-na-copa-do-brasil-e-mercado-da-bola-as-ultimas-noticias-do-corinthians\/#breadcrumb\"},\"inLanguage\":\"pt-BR\",\"potentialAction\":[{\"@type\":\"ReadAction\",\"target\":[\"https:\/\/www.gaveanews.com\/index.php\/2025\/01\/08\/publicacao-de-bastos-alteracao-na-copa-do-brasil-e-mercado-da-bola-as-ultimas-noticias-do-corinthians\/\"]}]},{\"@type\":\"ImageObject\",\"inLanguage\":\"pt-BR\",\"@id\":\"https:\/\/www.gaveanews.com\/index.php\/2025\/01\/08\/publicacao-de-bastos-alteracao-na-copa-do-brasil-e-mercado-da-bola-as-ultimas-noticias-do-corinthians\/#primaryimage\",\"url\":\"https:\/\/www.gaveanews.com\/wp-content\/uploads\/Elenco-do-Corinthians-durante-partida-do-Brasileirao-2024.webp\",\"contentUrl\":\"https:\/\/www.gaveanews.com\/wp-content\/uploads\/Elenco-do-Corinthians-durante-partida-do-Brasileirao-2024.webp\",\"width\":1814,\"height\":1440,\"caption\":\"Elenco do Corinthians durante partida do Brasileir\u00e3o 2024 (Foto: Reprodu\u00e7\u00e3o\/Instagram)\"},{\"@type\":\"BreadcrumbList\",\"@id\":\"https:\/\/www.gaveanews.com\/index.php\/2025\/01\/08\/publicacao-de-bastos-alteracao-na-copa-do-brasil-e-mercado-da-bola-as-ultimas-noticias-do-corinthians\/#breadcrumb\",\"itemListElement\":[{\"@type\":\"ListItem\",\"position\":1,\"name\":\"Home\",\"item\":\"https:\/\/www.gaveanews.com\/\"},{\"@type\":\"ListItem\",\"position\":2,\"name\":\"Publica\u00e7\u00e3o de Bastos, altera\u00e7\u00e3o na Copa do Brasil e mercado da bola: as \u00faltimas not\u00edcias do Corinthians\"}]},{\"@type\":\"WebSite\",\"@id\":\"https:\/\/www.gaveanews.com\/#website\",\"url\":\"https:\/\/www.gaveanews.com\/\",\"name\":\"G\u00e1vea News\",\"description\":\"Veja todas as not\u00edcias sobre o Flamengo: Contrata\u00e7\u00f5es, categorias de base, resultados das partidas, tabela de classifica\u00e7\u00e3o, pr\u00f3ximos jogos!\",\"potentialAction\":[{\"@type\":\"SearchAction\",\"target\":{\"@type\":\"EntryPoint\",\"urlTemplate\":\"https:\/\/www.gaveanews.com\/?s={search_term_string}\"},\"query-input\":{\"@type\":\"PropertyValueSpecification\",\"valueRequired\":true,\"valueName\":\"search_term_string\"}}],\"inLanguage\":\"pt-BR\"},{\"@type\":\"Person\",\"@id\":\"https:\/\/www.gaveanews.com\/#\/schema\/person\/8207cd4627f56151707418bfc835b2fb\",\"name\":\"Matheus Felipe\",\"image\":{\"@type\":\"ImageObject\",\"inLanguage\":\"pt-BR\",\"@id\":\"https:\/\/www.gaveanews.com\/#\/schema\/person\/image\/\",\"url\":\"https:\/\/secure.gravatar.com\/avatar\/a452ffbed9130f726358b298bb3a99ce4bd3c5338411f8440e87e14d74c7c087?s=96&d=mm&r=g\",\"contentUrl\":\"https:\/\/secure.gravatar.com\/avatar\/a452ffbed9130f726358b298bb3a99ce4bd3c5338411f8440e87e14d74c7c087?s=96&d=mm&r=g\",\"caption\":\"Matheus Felipe\"}}]}<\/script>\n<!-- \/ Yoast SEO Premium plugin. -->","yoast_head_json":{"title":"Publica\u00e7\u00e3o de Bastos, altera\u00e7\u00e3o na Copa do Brasil e mercado da bola: as \u00faltimas not\u00edcias do Corinthians","robots":{"index":"index","follow":"follow","max-snippet":"max-snippet:-1","max-image-preview":"max-image-preview:large","max-video-preview":"max-video-preview:-1"},"canonical":"https:\/\/www.gaveanews.com\/index.php\/2025\/01\/08\/publicacao-de-bastos-alteracao-na-copa-do-brasil-e-mercado-da-bola-as-ultimas-noticias-do-corinthians\/","og_locale":"pt_BR","og_type":"article","og_title":"Publica\u00e7\u00e3o de Bastos, altera\u00e7\u00e3o na Copa do Brasil e mercado da bola: as \u00faltimas not\u00edcias do Corinthians","og_description":"Nas \u00faltimas horas, o foco das not\u00edcias sobre Corinthians se concentram nos bastidores doclube, com destaques do dia a dia do time. Por conta deste contexto, leia abaixo um resumo preparado pela equipe do portal G\u00e1vea News para lhe manter muito bem informado! Mercado da Bola O Corinthians movimenta o mercado da bola para 2025 [&hellip;]","og_url":"https:\/\/www.gaveanews.com\/index.php\/2025\/01\/08\/publicacao-de-bastos-alteracao-na-copa-do-brasil-e-mercado-da-bola-as-ultimas-noticias-do-corinthians\/","og_site_name":"G\u00e1vea News","article_publisher":"https:\/\/facebook.com\/gaveaNews\/","article_published_time":"2025-01-08T07:15:00+00:00","og_image":[{"width":1814,"height":1440,"url":"https:\/\/www.gaveanews.com\/wp-content\/uploads\/Elenco-do-Corinthians-durante-partida-do-Brasileirao-2024.webp","type":"image\/jpeg"}],"author":"Matheus Felipe","twitter_card":"summary_large_image","twitter_misc":{"Escrito por":"Matheus Felipe","Est. tempo de leitura":"4 minutos"},"schema":{"@context":"https:\/\/schema.org","@graph":[{"@type":"NewsArticle","@id":"https:\/\/www.gaveanews.com\/index.php\/2025\/01\/08\/publicacao-de-bastos-alteracao-na-copa-do-brasil-e-mercado-da-bola-as-ultimas-noticias-do-corinthians\/#article","isPartOf":{"@id":"https:\/\/www.gaveanews.com\/index.php\/2025\/01\/08\/publicacao-de-bastos-alteracao-na-copa-do-brasil-e-mercado-da-bola-as-ultimas-noticias-do-corinthians\/"},"author":{"name":"Matheus Felipe","@id":"https:\/\/www.gaveanews.com\/#\/schema\/person\/8207cd4627f56151707418bfc835b2fb"},"headline":"Publica\u00e7\u00e3o de Bastos, altera\u00e7\u00e3o na Copa do Brasil e mercado da bola: as \u00faltimas not\u00edcias do Corinthians","datePublished":"2025-01-08T07:15:00+00:00","mainEntityOfPage":{"@id":"https:\/\/www.gaveanews.com\/index.php\/2025\/01\/08\/publicacao-de-bastos-alteracao-na-copa-do-brasil-e-mercado-da-bola-as-ultimas-noticias-do-corinthians\/"},"wordCount":643,"commentCount":0,"image":{"@id":"https:\/\/www.gaveanews.com\/index.php\/2025\/01\/08\/publicacao-de-bastos-alteracao-na-copa-do-brasil-e-mercado-da-bola-as-ultimas-noticias-do-corinthians\/#primaryimage"},"thumbnailUrl":"https:\/\/www.gaveanews.com\/wp-content\/uploads\/Elenco-do-Corinthians-durante-partida-do-Brasileirao-2024.webp","articleSection":["Corinthians"],"inLanguage":"pt-BR","potentialAction":[{"@type":"CommentAction","name":"Comment","target":["https:\/\/www.gaveanews.com\/index.php\/2025\/01\/08\/publicacao-de-bastos-alteracao-na-copa-do-brasil-e-mercado-da-bola-as-ultimas-noticias-do-corinthians\/#respond"]}],"copyrightYear":"2025","copyrightHolder":{"@id":"https:\/\/www.gaveanews.com\/#organization"}},{"@type":"WebPage","@id":"https:\/\/www.gaveanews.com\/index.php\/2025\/01\/08\/publicacao-de-bastos-alteracao-na-copa-do-brasil-e-mercado-da-bola-as-ultimas-noticias-do-corinthians\/","url":"https:\/\/www.gaveanews.com\/index.php\/2025\/01\/08\/publicacao-de-bastos-alteracao-na-copa-do-brasil-e-mercado-da-bola-as-ultimas-noticias-do-corinthians\/","name":"Publica\u00e7\u00e3o de Bastos, altera\u00e7\u00e3o na Copa do Brasil e mercado da bola: as \u00faltimas not\u00edcias do Corinthians","isPartOf":{"@id":"https:\/\/www.gaveanews.com\/#website"},"primaryImageOfPage":{"@id":"https:\/\/www.gaveanews.com\/index.php\/2025\/01\/08\/publicacao-de-bastos-alteracao-na-copa-do-brasil-e-mercado-da-bola-as-ultimas-noticias-do-corinthians\/#primaryimage"},"image":{"@id":"https:\/\/www.gaveanews.com\/index.php\/2025\/01\/08\/publicacao-de-bastos-alteracao-na-copa-do-brasil-e-mercado-da-bola-as-ultimas-noticias-do-corinthians\/#primaryimage"},"thumbnailUrl":"https:\/\/www.gaveanews.com\/wp-content\/uploads\/Elenco-do-Corinthians-durante-partida-do-Brasileirao-2024.webp","datePublished":"2025-01-08T07:15:00+00:00","author":{"@id":"https:\/\/www.gaveanews.com\/#\/schema\/person\/8207cd4627f56151707418bfc835b2fb"},"breadcrumb":{"@id":"https:\/\/www.gaveanews.com\/index.php\/2025\/01\/08\/publicacao-de-bastos-alteracao-na-copa-do-brasil-e-mercado-da-bola-as-ultimas-noticias-do-corinthians\/#breadcrumb"},"inLanguage":"pt-BR","potentialAction":[{"@type":"ReadAction","target":["https:\/\/www.gaveanews.com\/index.php\/2025\/01\/08\/publicacao-de-bastos-alteracao-na-copa-do-brasil-e-mercado-da-bola-as-ultimas-noticias-do-corinthians\/"]}]},{"@type":"ImageObject","inLanguage":"pt-BR","@id":"https:\/\/www.gaveanews.com\/index.php\/2025\/01\/08\/publicacao-de-bastos-alteracao-na-copa-do-brasil-e-mercado-da-bola-as-ultimas-noticias-do-corinthians\/#primaryimage","url":"https:\/\/www.gaveanews.com\/wp-content\/uploads\/Elenco-do-Corinthians-durante-partida-do-Brasileirao-2024.webp","contentUrl":"https:\/\/www.gaveanews.com\/wp-content\/uploads\/Elenco-do-Corinthians-durante-partida-do-Brasileirao-2024.webp","width":1814,"height":1440,"caption":"Elenco do Corinthians durante partida do Brasileir\u00e3o 2024 (Foto: Reprodu\u00e7\u00e3o\/Instagram)"},{"@type":"BreadcrumbList","@id":"https:\/\/www.gaveanews.com\/index.php\/2025\/01\/08\/publicacao-de-bastos-alteracao-na-copa-do-brasil-e-mercado-da-bola-as-ultimas-noticias-do-corinthians\/#breadcrumb","itemListElement":[{"@type":"ListItem","position":1,"name":"Home","item":"https:\/\/www.gaveanews.com\/"},{"@type":"ListItem","position":2,"name":"Publica\u00e7\u00e3o de Bastos, altera\u00e7\u00e3o na Copa do Brasil e mercado da bola: as \u00faltimas not\u00edcias do Corinthians"}]},{"@type":"WebSite","@id":"https:\/\/www.gaveanews.com\/#website","url":"https:\/\/www.gaveanews.com\/","name":"G\u00e1vea News","description":"Veja todas as not\u00edcias sobre o Flamengo: Contrata\u00e7\u00f5es, categorias de base, resultados das partidas, tabela de classifica\u00e7\u00e3o, pr\u00f3ximos jogos!","potentialAction":[{"@type":"SearchAction","target":{"@type":"EntryPoint","urlTemplate":"https:\/\/www.gaveanews.com\/?s={search_term_string}"},"query-input":{"@type":"PropertyValueSpecification","valueRequired":true,"valueName":"search_term_string"}}],"inLanguage":"pt-BR"},{"@type":"Person","@id":"https:\/\/www.gaveanews.com\/#\/schema\/person\/8207cd4627f56151707418bfc835b2fb","name":"Matheus Felipe","image":{"@type":"ImageObject","inLanguage":"pt-BR","@id":"https:\/\/www.gaveanews.com\/#\/schema\/person\/image\/","url":"https:\/\/secure.gravatar.com\/avatar\/a452ffbed9130f726358b298bb3a99ce4bd3c5338411f8440e87e14d74c7c087?s=96&d=mm&r=g","contentUrl":"https:\/\/secure.gravatar.com\/avatar\/a452ffbed9130f726358b298bb3a99ce4bd3c5338411f8440e87e14d74c7c087?s=96&d=mm&r=g","caption":"Matheus Felipe"}}]}},"_links":{"self":[{"href":"https:\/\/www.gaveanews.com\/index.php\/wp-json\/wp\/v2\/posts\/209312","targetHints":{"allow":["GET"]}}],"collection":[{"href":"https:\/\/www.gaveanews.com\/index.php\/wp-json\/wp\/v2\/posts"}],"about":[{"href":"https:\/\/www.gaveanews.com\/index.php\/wp-json\/wp\/v2\/types\/post"}],"author":[{"embeddable":true,"href":"https:\/\/www.gaveanews.com\/index.php\/wp-json\/wp\/v2\/users\/27"}],"replies":[{"embeddable":true,"href":"https:\/\/www.gaveanews.com\/index.php\/wp-json\/wp\/v2\/comments?post=209312"}],"version-history":[{"count":1,"href":"https:\/\/www.gaveanews.com\/index.php\/wp-json\/wp\/v2\/posts\/209312\/revisions"}],"predecessor-version":[{"id":209339,"href":"https:\/\/www.gaveanews.com\/index.php\/wp-json\/wp\/v2\/posts\/209312\/revisions\/209339"}],"wp:featuredmedia":[{"embeddable":true,"href":"https:\/\/www.gaveanews.com\/index.php\/wp-json\/wp\/v2\/media\/155584"}],"wp:attachment":[{"href":"https:\/\/www.gaveanews.com\/index.php\/wp-json\/wp\/v2\/media?parent=209312"}],"wp:term":[{"taxonomy":"category","embeddable":true,"href":"https:\/\/www.gaveanews.com\/index.php\/wp-json\/wp\/v2\/categories?post=209312"},{"taxonomy":"post_tag","embeddable":true,"href":"https:\/\/www.gaveanews.com\/index.php\/wp-json\/wp\/v2\/tags?post=209312"}],"curies":[{"name":"wp","href":"https:\/\/api.w.org\/{rel}","templated":true}]}}