{"id":209358,"date":"2025-01-08T16:20:09","date_gmt":"2025-01-08T19:20:09","guid":{"rendered":"https:\/\/www.gaveanews.com\/?p=209358"},"modified":"2025-01-08T16:11:28","modified_gmt":"2025-01-08T19:11:28","slug":"palmeiras-acerta-renovacao-de-atacante","status":"publish","type":"post","link":"https:\/\/www.gaveanews.com\/index.php\/2025\/01\/08\/palmeiras-acerta-renovacao-de-atacante\/","title":{"rendered":"Palmeiras acerta renova\u00e7\u00e3o de atacante"},"content":{"rendered":"\n<h2 class=\"wp-block-heading\" id=\"h-veja-quem-e\">Veja quem \u00e9<\/h2>\n\n\n\n<p>O Palmeiras mant\u00e9m o planejamento para o time feminino em 2025 e anunciou a renova\u00e7\u00e3o dos contratos de sete atacantes nesta ter\u00e7a-feira. Amanda Gutierrez, Bianca Gomes, Gaby Santos, Soll, Stefanie, Tain\u00e1 Maranh\u00e3o e Victoria Liss s\u00e3o as participantes.<\/p>\n\n\n\n<ul class=\"wp-block-list\">\n<li><a href=\"https:\/\/www.gaveanews.com\/index.php\/2025\/01\/07\/a-declaracao-de-muller-sobre-o-futuro-de-rony-do-palmeiras\/\">A declara\u00e7\u00e3o de Muller sobre o futuro de Rony, do Palmeiras<\/a><\/li>\n\n\n\n<li><a href=\"https:\/\/www.gaveanews.com\/index.php\/2025\/01\/07\/real-madrid-paga-caminhao-de-dinheiro-ao-palmeiras-por-endrick\/\">Real Madrid paga caminh\u00e3o de dinheiro ao Palmeiras por Endrick<\/a><\/li>\n<\/ul>\n\n\n\n<p>Anteriormente, o Verd\u00e3o j\u00e1 tinha confirmado a renova\u00e7\u00e3o de contratos de outras atletas. O clube renovou o contrato com 26 jogadoras para a atual temporada. Em contrapartida, seis se despediram ao t\u00e9rmino do \u00faltimo ano.<\/p>\n\n\n\n<p>Amanda Gutierres se destacou pelo Palmeiras em 2024, marcando gols no Campeonato Paulista e no Campeonato Brasileiro de futebol feminino. Na temporada passada, ela participou de 32 partidas e marcou 22 gols. A camisa 9 do clube verde vai entrar em sua terceira temporada.<\/p>\n\n\n\n<figure class=\"wp-block-embed is-type-rich is-provider-twitter wp-block-embed-twitter\"><div class=\"wp-block-embed__wrapper\">\n<blockquote class=\"twitter-tweet\" data-width=\"550\" data-dnt=\"true\"><p lang=\"pt\" dir=\"ltr\">Linha atacante de ra\u00e7a \ud83d\udc37<br><br>As atletas Amanda Gutierres, Bianca Gomes, Gaby Santos, Taina Maranh\u00e3o, Stefanie, Victoria Liss e Soll continuar\u00e3o vestindo o manto alviverde! Avanti, Palestrinas \ud83d\udc9a\u2728\u27a4 <a href=\"https:\/\/t.co\/1WgmPRbFf5\">https:\/\/t.co\/1WgmPRbFf5<\/a><a href=\"https:\/\/twitter.com\/hashtag\/AvantiPalestrinas?src=hash&amp;ref_src=twsrc%5Etfw\">#AvantiPalestrinas<\/a> <a href=\"https:\/\/t.co\/sZ2iXRHjq2\">pic.twitter.com\/sZ2iXRHjq2<\/a><\/p>&mdash; Palmeiras Feminino (@Palmeiras_FEM) <a href=\"https:\/\/twitter.com\/Palmeiras_FEM\/status\/1876675311942955144?ref_src=twsrc%5Etfw\">January 7, 2025<\/a><\/blockquote><script async src=\"https:\/\/platform.twitter.com\/widgets.js\" charset=\"utf-8\"><\/script>\n<\/div><\/figure>\n\n\n\n<p>Gaby Santos, Stefanie, Tain\u00e1 Maranh\u00e3o e Victoria Liss ir\u00e3o defender as cores do Verd\u00e3o pelo segundo ano seguido. Soll ingressou no meio do \u00faltimo ano e mant\u00e9m o contrato em vigor. Bianca Gomes est\u00e1 atualmente em seu segundo ano no clube. Inicialmente, jogou de 2019 a 2020, passou por Santos e Corinthians, retornando no ano seguinte.<\/p>\n\n\n\n<p>No final de 2024, Gaby, Stefanie e Tain\u00e1 Maranh\u00e3o se uniram ao time sub-20 e competiram na Copa S\u00e3o Paulo de Futebol J\u00fanior, a primeira competi\u00e7\u00e3o que o Verd\u00e3o disputou. Na primeira fase, as Palestrinas foram eliminadas.<\/p>\n\n\n\n<p>Com as recentes contrata\u00e7\u00f5es, o Palmeiras evidencia seu empenho em preservar uma equipe competitiva e focada na continuidade de vit\u00f3rias. Os jogadores rejuvenescidos n\u00e3o s\u00f3 possuem talento, como tamb\u00e9m uma qu\u00edmica incompar\u00e1vel que pode ser um fator decisivo nas pr\u00f3ximas competi\u00e7\u00f5es nacionais e internacionais.<\/p>\n\n\n\n<p>A perspectiva para os pr\u00f3ximos desafios \u00e9 animadora para o Palmeiras. Ap\u00f3s as recentes vit\u00f3rias, a torcida espera por continuidade e equil\u00edbrio entre experi\u00eancia e juventude. A meta \u00e9 manter a lideran\u00e7a do Palmeiras no futebol feminino e expandir ainda mais a sua cole\u00e7\u00e3o de trof\u00e9us.<\/p>\n","protected":false},"excerpt":{"rendered":"<p>Veja quem \u00e9 O Palmeiras mant\u00e9m o planejamento para o time feminino em 2025 e anunciou a renova\u00e7\u00e3o dos contratos de sete atacantes nesta ter\u00e7a-feira. Amanda Gutierrez, Bianca Gomes, Gaby Santos, Soll, Stefanie, Tain\u00e1 Maranh\u00e3o e Victoria Liss s\u00e3o as participantes. Anteriormente, o Verd\u00e3o j\u00e1 tinha confirmado a renova\u00e7\u00e3o de contratos de outras atletas. O [&hellip;]<\/p>\n","protected":false},"author":16,"featured_media":152159,"comment_status":"open","ping_status":"closed","sticky":false,"template":"","format":"standard","meta":{"footnotes":""},"categories":[150],"tags":[],"class_list":["post-209358","post","type-post","status-publish","format-standard","has-post-thumbnail","hentry","category-palmeiras"],"yoast_head":"<!-- This site is optimized with the Yoast SEO Premium plugin v24.2 (Yoast SEO v26.9) - https:\/\/yoast.com\/product\/yoast-seo-premium-wordpress\/ -->\n<title>Palmeiras acerta renova\u00e7\u00e3o de atacante<\/title>\n<meta name=\"robots\" content=\"index, follow, max-snippet:-1, max-image-preview:large, max-video-preview:-1\" \/>\n<link rel=\"canonical\" href=\"https:\/\/www.gaveanews.com\/index.php\/2025\/01\/08\/palmeiras-acerta-renovacao-de-atacante\/\" \/>\n<meta property=\"og:locale\" content=\"pt_BR\" \/>\n<meta property=\"og:type\" content=\"article\" \/>\n<meta property=\"og:title\" content=\"Palmeiras acerta renova\u00e7\u00e3o de atacante\" \/>\n<meta property=\"og:description\" content=\"Veja quem \u00e9 O Palmeiras mant\u00e9m o planejamento para o time feminino em 2025 e anunciou a renova\u00e7\u00e3o dos contratos de sete atacantes nesta ter\u00e7a-feira. Amanda Gutierrez, Bianca Gomes, Gaby Santos, Soll, Stefanie, Tain\u00e1 Maranh\u00e3o e Victoria Liss s\u00e3o as participantes. Anteriormente, o Verd\u00e3o j\u00e1 tinha confirmado a renova\u00e7\u00e3o de contratos de outras atletas. O [&hellip;]\" \/>\n<meta property=\"og:url\" content=\"https:\/\/www.gaveanews.com\/index.php\/2025\/01\/08\/palmeiras-acerta-renovacao-de-atacante\/\" \/>\n<meta property=\"og:site_name\" content=\"G\u00e1vea News\" \/>\n<meta property=\"article:publisher\" content=\"https:\/\/facebook.com\/gaveaNews\/\" \/>\n<meta property=\"article:published_time\" content=\"2025-01-08T19:20:09+00:00\" \/>\n<meta property=\"og:image\" content=\"https:\/\/www.gaveanews.com\/wp-content\/uploads\/Escudo-do-Palmeiras.webp\" \/>\n\t<meta property=\"og:image:width\" content=\"1000\" \/>\n\t<meta property=\"og:image:height\" content=\"667\" \/>\n\t<meta property=\"og:image:type\" content=\"image\/webp\" \/>\n<meta name=\"author\" content=\"D\u00e9bora Figueiredo\" \/>\n<meta name=\"twitter:card\" content=\"summary_large_image\" \/>\n<meta name=\"twitter:label1\" content=\"Escrito por\" \/>\n\t<meta name=\"twitter:data1\" content=\"D\u00e9bora Figueiredo\" \/>\n\t<meta name=\"twitter:label2\" content=\"Est. tempo de leitura\" \/>\n\t<meta name=\"twitter:data2\" content=\"2 minutos\" \/>\n<script type=\"application\/ld+json\" class=\"yoast-schema-graph\">{\"@context\":\"https:\/\/schema.org\",\"@graph\":[{\"@type\":\"NewsArticle\",\"@id\":\"https:\/\/www.gaveanews.com\/index.php\/2025\/01\/08\/palmeiras-acerta-renovacao-de-atacante\/#article\",\"isPartOf\":{\"@id\":\"https:\/\/www.gaveanews.com\/index.php\/2025\/01\/08\/palmeiras-acerta-renovacao-de-atacante\/\"},\"author\":{\"name\":\"D\u00e9bora Figueiredo\",\"@id\":\"https:\/\/www.gaveanews.com\/#\/schema\/person\/37122681a8575a5c8db05a56f099a5e4\"},\"headline\":\"Palmeiras acerta renova\u00e7\u00e3o de atacante\",\"datePublished\":\"2025-01-08T19:20:09+00:00\",\"mainEntityOfPage\":{\"@id\":\"https:\/\/www.gaveanews.com\/index.php\/2025\/01\/08\/palmeiras-acerta-renovacao-de-atacante\/\"},\"wordCount\":390,\"commentCount\":0,\"image\":{\"@id\":\"https:\/\/www.gaveanews.com\/index.php\/2025\/01\/08\/palmeiras-acerta-renovacao-de-atacante\/#primaryimage\"},\"thumbnailUrl\":\"https:\/\/www.gaveanews.com\/wp-content\/uploads\/Escudo-do-Palmeiras.webp\",\"articleSection\":[\"Palmeiras\"],\"inLanguage\":\"pt-BR\",\"potentialAction\":[{\"@type\":\"CommentAction\",\"name\":\"Comment\",\"target\":[\"https:\/\/www.gaveanews.com\/index.php\/2025\/01\/08\/palmeiras-acerta-renovacao-de-atacante\/#respond\"]}],\"copyrightYear\":\"2025\",\"copyrightHolder\":{\"@id\":\"https:\/\/www.gaveanews.com\/#organization\"}},{\"@type\":\"WebPage\",\"@id\":\"https:\/\/www.gaveanews.com\/index.php\/2025\/01\/08\/palmeiras-acerta-renovacao-de-atacante\/\",\"url\":\"https:\/\/www.gaveanews.com\/index.php\/2025\/01\/08\/palmeiras-acerta-renovacao-de-atacante\/\",\"name\":\"Palmeiras acerta renova\u00e7\u00e3o de atacante\",\"isPartOf\":{\"@id\":\"https:\/\/www.gaveanews.com\/#website\"},\"primaryImageOfPage\":{\"@id\":\"https:\/\/www.gaveanews.com\/index.php\/2025\/01\/08\/palmeiras-acerta-renovacao-de-atacante\/#primaryimage\"},\"image\":{\"@id\":\"https:\/\/www.gaveanews.com\/index.php\/2025\/01\/08\/palmeiras-acerta-renovacao-de-atacante\/#primaryimage\"},\"thumbnailUrl\":\"https:\/\/www.gaveanews.com\/wp-content\/uploads\/Escudo-do-Palmeiras.webp\",\"datePublished\":\"2025-01-08T19:20:09+00:00\",\"author\":{\"@id\":\"https:\/\/www.gaveanews.com\/#\/schema\/person\/37122681a8575a5c8db05a56f099a5e4\"},\"breadcrumb\":{\"@id\":\"https:\/\/www.gaveanews.com\/index.php\/2025\/01\/08\/palmeiras-acerta-renovacao-de-atacante\/#breadcrumb\"},\"inLanguage\":\"pt-BR\",\"potentialAction\":[{\"@type\":\"ReadAction\",\"target\":[\"https:\/\/www.gaveanews.com\/index.php\/2025\/01\/08\/palmeiras-acerta-renovacao-de-atacante\/\"]}]},{\"@type\":\"ImageObject\",\"inLanguage\":\"pt-BR\",\"@id\":\"https:\/\/www.gaveanews.com\/index.php\/2025\/01\/08\/palmeiras-acerta-renovacao-de-atacante\/#primaryimage\",\"url\":\"https:\/\/www.gaveanews.com\/wp-content\/uploads\/Escudo-do-Palmeiras.webp\",\"contentUrl\":\"https:\/\/www.gaveanews.com\/wp-content\/uploads\/Escudo-do-Palmeiras.webp\",\"width\":1000,\"height\":667,\"caption\":\"Escudo do Palmeiras (Foto Reprodu\u00e7\u00e3o\/Instagram)\"},{\"@type\":\"BreadcrumbList\",\"@id\":\"https:\/\/www.gaveanews.com\/index.php\/2025\/01\/08\/palmeiras-acerta-renovacao-de-atacante\/#breadcrumb\",\"itemListElement\":[{\"@type\":\"ListItem\",\"position\":1,\"name\":\"Home\",\"item\":\"https:\/\/www.gaveanews.com\/\"},{\"@type\":\"ListItem\",\"position\":2,\"name\":\"Palmeiras acerta renova\u00e7\u00e3o de atacante\"}]},{\"@type\":\"WebSite\",\"@id\":\"https:\/\/www.gaveanews.com\/#website\",\"url\":\"https:\/\/www.gaveanews.com\/\",\"name\":\"G\u00e1vea News\",\"description\":\"Veja todas as not\u00edcias sobre o Flamengo: Contrata\u00e7\u00f5es, categorias de base, resultados das partidas, tabela de classifica\u00e7\u00e3o, pr\u00f3ximos jogos!\",\"potentialAction\":[{\"@type\":\"SearchAction\",\"target\":{\"@type\":\"EntryPoint\",\"urlTemplate\":\"https:\/\/www.gaveanews.com\/?s={search_term_string}\"},\"query-input\":{\"@type\":\"PropertyValueSpecification\",\"valueRequired\":true,\"valueName\":\"search_term_string\"}}],\"inLanguage\":\"pt-BR\"},{\"@type\":\"Person\",\"@id\":\"https:\/\/www.gaveanews.com\/#\/schema\/person\/37122681a8575a5c8db05a56f099a5e4\",\"name\":\"D\u00e9bora Figueiredo\",\"image\":{\"@type\":\"ImageObject\",\"inLanguage\":\"pt-BR\",\"@id\":\"https:\/\/www.gaveanews.com\/#\/schema\/person\/image\/\",\"url\":\"https:\/\/secure.gravatar.com\/avatar\/1f44802859351588499d26f52aed1d15796ce17e67602895b72837c08018868d?s=96&d=mm&r=g\",\"contentUrl\":\"https:\/\/secure.gravatar.com\/avatar\/1f44802859351588499d26f52aed1d15796ce17e67602895b72837c08018868d?s=96&d=mm&r=g\",\"caption\":\"D\u00e9bora Figueiredo\"}}]}<\/script>\n<!-- \/ Yoast SEO Premium plugin. -->","yoast_head_json":{"title":"Palmeiras acerta renova\u00e7\u00e3o de atacante","robots":{"index":"index","follow":"follow","max-snippet":"max-snippet:-1","max-image-preview":"max-image-preview:large","max-video-preview":"max-video-preview:-1"},"canonical":"https:\/\/www.gaveanews.com\/index.php\/2025\/01\/08\/palmeiras-acerta-renovacao-de-atacante\/","og_locale":"pt_BR","og_type":"article","og_title":"Palmeiras acerta renova\u00e7\u00e3o de atacante","og_description":"Veja quem \u00e9 O Palmeiras mant\u00e9m o planejamento para o time feminino em 2025 e anunciou a renova\u00e7\u00e3o dos contratos de sete atacantes nesta ter\u00e7a-feira. Amanda Gutierrez, Bianca Gomes, Gaby Santos, Soll, Stefanie, Tain\u00e1 Maranh\u00e3o e Victoria Liss s\u00e3o as participantes. Anteriormente, o Verd\u00e3o j\u00e1 tinha confirmado a renova\u00e7\u00e3o de contratos de outras atletas. O [&hellip;]","og_url":"https:\/\/www.gaveanews.com\/index.php\/2025\/01\/08\/palmeiras-acerta-renovacao-de-atacante\/","og_site_name":"G\u00e1vea News","article_publisher":"https:\/\/facebook.com\/gaveaNews\/","article_published_time":"2025-01-08T19:20:09+00:00","og_image":[{"width":1000,"height":667,"url":"https:\/\/www.gaveanews.com\/wp-content\/uploads\/Escudo-do-Palmeiras.webp","type":"image\/webp"}],"author":"D\u00e9bora Figueiredo","twitter_card":"summary_large_image","twitter_misc":{"Escrito por":"D\u00e9bora Figueiredo","Est. tempo de leitura":"2 minutos"},"schema":{"@context":"https:\/\/schema.org","@graph":[{"@type":"NewsArticle","@id":"https:\/\/www.gaveanews.com\/index.php\/2025\/01\/08\/palmeiras-acerta-renovacao-de-atacante\/#article","isPartOf":{"@id":"https:\/\/www.gaveanews.com\/index.php\/2025\/01\/08\/palmeiras-acerta-renovacao-de-atacante\/"},"author":{"name":"D\u00e9bora Figueiredo","@id":"https:\/\/www.gaveanews.com\/#\/schema\/person\/37122681a8575a5c8db05a56f099a5e4"},"headline":"Palmeiras acerta renova\u00e7\u00e3o de atacante","datePublished":"2025-01-08T19:20:09+00:00","mainEntityOfPage":{"@id":"https:\/\/www.gaveanews.com\/index.php\/2025\/01\/08\/palmeiras-acerta-renovacao-de-atacante\/"},"wordCount":390,"commentCount":0,"image":{"@id":"https:\/\/www.gaveanews.com\/index.php\/2025\/01\/08\/palmeiras-acerta-renovacao-de-atacante\/#primaryimage"},"thumbnailUrl":"https:\/\/www.gaveanews.com\/wp-content\/uploads\/Escudo-do-Palmeiras.webp","articleSection":["Palmeiras"],"inLanguage":"pt-BR","potentialAction":[{"@type":"CommentAction","name":"Comment","target":["https:\/\/www.gaveanews.com\/index.php\/2025\/01\/08\/palmeiras-acerta-renovacao-de-atacante\/#respond"]}],"copyrightYear":"2025","copyrightHolder":{"@id":"https:\/\/www.gaveanews.com\/#organization"}},{"@type":"WebPage","@id":"https:\/\/www.gaveanews.com\/index.php\/2025\/01\/08\/palmeiras-acerta-renovacao-de-atacante\/","url":"https:\/\/www.gaveanews.com\/index.php\/2025\/01\/08\/palmeiras-acerta-renovacao-de-atacante\/","name":"Palmeiras acerta renova\u00e7\u00e3o de atacante","isPartOf":{"@id":"https:\/\/www.gaveanews.com\/#website"},"primaryImageOfPage":{"@id":"https:\/\/www.gaveanews.com\/index.php\/2025\/01\/08\/palmeiras-acerta-renovacao-de-atacante\/#primaryimage"},"image":{"@id":"https:\/\/www.gaveanews.com\/index.php\/2025\/01\/08\/palmeiras-acerta-renovacao-de-atacante\/#primaryimage"},"thumbnailUrl":"https:\/\/www.gaveanews.com\/wp-content\/uploads\/Escudo-do-Palmeiras.webp","datePublished":"2025-01-08T19:20:09+00:00","author":{"@id":"https:\/\/www.gaveanews.com\/#\/schema\/person\/37122681a8575a5c8db05a56f099a5e4"},"breadcrumb":{"@id":"https:\/\/www.gaveanews.com\/index.php\/2025\/01\/08\/palmeiras-acerta-renovacao-de-atacante\/#breadcrumb"},"inLanguage":"pt-BR","potentialAction":[{"@type":"ReadAction","target":["https:\/\/www.gaveanews.com\/index.php\/2025\/01\/08\/palmeiras-acerta-renovacao-de-atacante\/"]}]},{"@type":"ImageObject","inLanguage":"pt-BR","@id":"https:\/\/www.gaveanews.com\/index.php\/2025\/01\/08\/palmeiras-acerta-renovacao-de-atacante\/#primaryimage","url":"https:\/\/www.gaveanews.com\/wp-content\/uploads\/Escudo-do-Palmeiras.webp","contentUrl":"https:\/\/www.gaveanews.com\/wp-content\/uploads\/Escudo-do-Palmeiras.webp","width":1000,"height":667,"caption":"Escudo do Palmeiras (Foto Reprodu\u00e7\u00e3o\/Instagram)"},{"@type":"BreadcrumbList","@id":"https:\/\/www.gaveanews.com\/index.php\/2025\/01\/08\/palmeiras-acerta-renovacao-de-atacante\/#breadcrumb","itemListElement":[{"@type":"ListItem","position":1,"name":"Home","item":"https:\/\/www.gaveanews.com\/"},{"@type":"ListItem","position":2,"name":"Palmeiras acerta renova\u00e7\u00e3o de atacante"}]},{"@type":"WebSite","@id":"https:\/\/www.gaveanews.com\/#website","url":"https:\/\/www.gaveanews.com\/","name":"G\u00e1vea News","description":"Veja todas as not\u00edcias sobre o Flamengo: Contrata\u00e7\u00f5es, categorias de base, resultados das partidas, tabela de classifica\u00e7\u00e3o, pr\u00f3ximos jogos!","potentialAction":[{"@type":"SearchAction","target":{"@type":"EntryPoint","urlTemplate":"https:\/\/www.gaveanews.com\/?s={search_term_string}"},"query-input":{"@type":"PropertyValueSpecification","valueRequired":true,"valueName":"search_term_string"}}],"inLanguage":"pt-BR"},{"@type":"Person","@id":"https:\/\/www.gaveanews.com\/#\/schema\/person\/37122681a8575a5c8db05a56f099a5e4","name":"D\u00e9bora Figueiredo","image":{"@type":"ImageObject","inLanguage":"pt-BR","@id":"https:\/\/www.gaveanews.com\/#\/schema\/person\/image\/","url":"https:\/\/secure.gravatar.com\/avatar\/1f44802859351588499d26f52aed1d15796ce17e67602895b72837c08018868d?s=96&d=mm&r=g","contentUrl":"https:\/\/secure.gravatar.com\/avatar\/1f44802859351588499d26f52aed1d15796ce17e67602895b72837c08018868d?s=96&d=mm&r=g","caption":"D\u00e9bora Figueiredo"}}]}},"_links":{"self":[{"href":"https:\/\/www.gaveanews.com\/index.php\/wp-json\/wp\/v2\/posts\/209358","targetHints":{"allow":["GET"]}}],"collection":[{"href":"https:\/\/www.gaveanews.com\/index.php\/wp-json\/wp\/v2\/posts"}],"about":[{"href":"https:\/\/www.gaveanews.com\/index.php\/wp-json\/wp\/v2\/types\/post"}],"author":[{"embeddable":true,"href":"https:\/\/www.gaveanews.com\/index.php\/wp-json\/wp\/v2\/users\/16"}],"replies":[{"embeddable":true,"href":"https:\/\/www.gaveanews.com\/index.php\/wp-json\/wp\/v2\/comments?post=209358"}],"version-history":[{"count":1,"href":"https:\/\/www.gaveanews.com\/index.php\/wp-json\/wp\/v2\/posts\/209358\/revisions"}],"predecessor-version":[{"id":209373,"href":"https:\/\/www.gaveanews.com\/index.php\/wp-json\/wp\/v2\/posts\/209358\/revisions\/209373"}],"wp:featuredmedia":[{"embeddable":true,"href":"https:\/\/www.gaveanews.com\/index.php\/wp-json\/wp\/v2\/media\/152159"}],"wp:attachment":[{"href":"https:\/\/www.gaveanews.com\/index.php\/wp-json\/wp\/v2\/media?parent=209358"}],"wp:term":[{"taxonomy":"category","embeddable":true,"href":"https:\/\/www.gaveanews.com\/index.php\/wp-json\/wp\/v2\/categories?post=209358"},{"taxonomy":"post_tag","embeddable":true,"href":"https:\/\/www.gaveanews.com\/index.php\/wp-json\/wp\/v2\/tags?post=209358"}],"curies":[{"name":"wp","href":"https:\/\/api.w.org\/{rel}","templated":true}]}}