{"id":209394,"date":"2025-01-08T16:50:00","date_gmt":"2025-01-08T19:50:00","guid":{"rendered":"https:\/\/www.gaveanews.com\/?p=209394"},"modified":"2025-01-08T16:35:52","modified_gmt":"2025-01-08T19:35:52","slug":"a-declaracao-de-renata-fan-apos-a-saida-de-denilson-da-band","status":"publish","type":"post","link":"https:\/\/www.gaveanews.com\/index.php\/2025\/01\/08\/a-declaracao-de-renata-fan-apos-a-saida-de-denilson-da-band\/","title":{"rendered":"A declara\u00e7\u00e3o de Renata Fan ap\u00f3s a sa\u00edda de Den\u00edlson da Band"},"content":{"rendered":"\n<p>Renata Fan acredita que, ao trabalhar com Den\u00edlson, alcan\u00e7ou uma posi\u00e7\u00e3o \u00fanica no Jogo Aberto. Devido \u00e0 parceria que se estendeu ao longo dos anos, a apresentadora do programa n\u00e3o v\u00ea possibilidade de que essa din\u00e2mica seja replicada em outro programa esportivo. Nesse contexto, a f\u00f3rmula adotada pela Band apresenta uma identidade que outros canais n\u00e3o conseguem imitar.<\/p>\n\n\n\n<ul class=\"wp-block-list\">\n<li><a href=\"https:\/\/www.gaveanews.com\/index.php\/2024\/12\/14\/video-declaracao-de-renata-fan-sobre-o-flamengo-ganha-repercussao\/\">V\u00eddeo: declara\u00e7\u00e3o de Renata Fan sobre o Flamengo ganha repercuss\u00e3o<\/a><\/li>\n\n\n\n<li><a href=\"https:\/\/www.gaveanews.com\/index.php\/2024\/11\/01\/a-declaracao-de-renata-fan-direcionada-a-abel-ferreira-do-palmeiras-2\/\">A declara\u00e7\u00e3o de Renata Fan direcionada a Abel Ferreira, do Palmeiras<\/a><\/li>\n<\/ul>\n\n\n\n<p>\u201cDespedida \u00e9 uma palavra que n\u00e3o vai existir entre Den\u00edlson, Renata Fan e Jogo Aberto. Uma hist\u00f3ria muito linda, intensa, de aprendizados, conquistas e propostas muito diferentes para a m\u00eddia esportiva brasileira. Fizemos algo revolucion\u00e1rio, bonito e \u00fanico. N\u00e3o adianta copiar ou repetir.\u201d, disse Renata Fan, em v\u00eddeo no canal Den\u00edlson Show.<\/p>\n\n\n\n<p>Em 2025, Den\u00edlson pode se tornar um competidor da Band, uma vez que foi contratado pela Globo. Embora n\u00e3o revele detalhes sobre o futuro do ex-atleta, Renata Fan torce para que seu amigo continue atingindo grandes conquistas em sua carreira.<\/p>\n\n\n\n<figure class=\"wp-block-image size-full\"><img loading=\"lazy\" decoding=\"async\" width=\"720\" height=\"412\" src=\"https:\/\/www.gaveanews.com\/wp-content\/uploads\/IMAGEM6-3.webp\" alt=\"\" class=\"wp-image-126323\" srcset=\"https:\/\/www.gaveanews.com\/wp-content\/uploads\/IMAGEM6-3.webp 720w, https:\/\/www.gaveanews.com\/wp-content\/uploads\/IMAGEM6-3-300x172.webp 300w, https:\/\/www.gaveanews.com\/wp-content\/uploads\/IMAGEM6-3-640x366.webp 640w, https:\/\/www.gaveanews.com\/wp-content\/uploads\/IMAGEM6-3-681x390.webp 681w, https:\/\/www.gaveanews.com\/wp-content\/uploads\/IMAGEM6-3-100x57.webp 100w\" sizes=\"auto, (max-width: 720px) 100vw, 720px\" \/><figcaption class=\"wp-element-caption\">Renata Fan e Den\u00edlson (Foto: Reprodu\u00e7\u00e3o)<\/figcaption><\/figure>\n\n\n\n<p>\u201cPara o Den\u00edlson, que ele tenha sucesso, felicidade e que se aproxime da fam\u00edlia. Que ele possa continuar com essa alegria, esse jeito simples e sendo essa pessoa que nasceu para brilhar. De longe ou perto, eu sempre estarei torcendo pelo seu sucesso e que voc\u00ea seja sempre esse cara top.\u201d, concluiu.<\/p>\n\n\n\n<p>Anteriormente, Den\u00edlson teve chances de deixar a Band, mas decidiu permanecer na emissora. Apesar de ocupar uma posi\u00e7\u00e3o privilegiada, o pentacampe\u00e3o mundial, em busca de novos desafios, escolheu rescindir seu contrato ap\u00f3s quase 15 anos.<\/p>\n\n\n\n<p>\u201cEu comecei um juvenil na comunica\u00e7\u00e3o e amadureci no Grupo Bandeirantes. Entrei um menino e sa\u00ed um homem da Band. Obviamente que foi uma decis\u00e3o dif\u00edcil e bem pensada. Eu nunca imaginei sair da Band. Mas, nos \u00faltimos meses, me despertou essa vontade de viver outras experi\u00eancias. Chegou o momento.\u201d<\/p>\n\n\n\n<p>\u201cTeve alguns momentos que eu tive oportunidades de sair, pelo menos umas tr\u00eas. Minha voz embargava e meu cora\u00e7\u00e3o apertava. Dessa vez, est\u00e1 sendo muito natural. O cora\u00e7\u00e3o est\u00e1 leve. Um sentimento de dever cumprido.\u201d, externou.<\/p>\n","protected":false},"excerpt":{"rendered":"<p>Renata Fan acredita que, ao trabalhar com Den\u00edlson, alcan\u00e7ou uma posi\u00e7\u00e3o \u00fanica no Jogo Aberto. Devido \u00e0 parceria que se estendeu ao longo dos anos, a apresentadora do programa n\u00e3o v\u00ea possibilidade de que essa din\u00e2mica seja replicada em outro programa esportivo. Nesse contexto, a f\u00f3rmula adotada pela Band apresenta uma identidade que outros canais [&hellip;]<\/p>\n","protected":false},"author":16,"featured_media":155640,"comment_status":"open","ping_status":"closed","sticky":false,"template":"","format":"standard","meta":{"footnotes":""},"categories":[433],"tags":[],"class_list":["post-209394","post","type-post","status-publish","format-standard","has-post-thumbnail","hentry","category-entretenimento"],"yoast_head":"<!-- This site is optimized with the Yoast SEO Premium plugin v24.2 (Yoast SEO v26.9) - https:\/\/yoast.com\/product\/yoast-seo-premium-wordpress\/ -->\n<title>A declara\u00e7\u00e3o de Renata Fan ap\u00f3s a sa\u00edda de Den\u00edlson da Band<\/title>\n<meta name=\"robots\" content=\"index, follow, max-snippet:-1, max-image-preview:large, max-video-preview:-1\" \/>\n<link rel=\"canonical\" href=\"https:\/\/www.gaveanews.com\/index.php\/2025\/01\/08\/a-declaracao-de-renata-fan-apos-a-saida-de-denilson-da-band\/\" \/>\n<meta property=\"og:locale\" content=\"pt_BR\" \/>\n<meta property=\"og:type\" content=\"article\" \/>\n<meta property=\"og:title\" content=\"A declara\u00e7\u00e3o de Renata Fan ap\u00f3s a sa\u00edda de Den\u00edlson da Band\" \/>\n<meta property=\"og:description\" content=\"Renata Fan acredita que, ao trabalhar com Den\u00edlson, alcan\u00e7ou uma posi\u00e7\u00e3o \u00fanica no Jogo Aberto. Devido \u00e0 parceria que se estendeu ao longo dos anos, a apresentadora do programa n\u00e3o v\u00ea possibilidade de que essa din\u00e2mica seja replicada em outro programa esportivo. Nesse contexto, a f\u00f3rmula adotada pela Band apresenta uma identidade que outros canais [&hellip;]\" \/>\n<meta property=\"og:url\" content=\"https:\/\/www.gaveanews.com\/index.php\/2025\/01\/08\/a-declaracao-de-renata-fan-apos-a-saida-de-denilson-da-band\/\" \/>\n<meta property=\"og:site_name\" content=\"G\u00e1vea News\" \/>\n<meta property=\"article:publisher\" content=\"https:\/\/facebook.com\/gaveaNews\/\" \/>\n<meta property=\"article:published_time\" content=\"2025-01-08T19:50:00+00:00\" \/>\n<meta property=\"og:image\" content=\"https:\/\/www.gaveanews.com\/wp-content\/uploads\/Renata-Fan-posa-para-foto-no-estudio-do-programa-Jogo-Aberto.webp\" \/>\n\t<meta property=\"og:image:width\" content=\"1080\" \/>\n\t<meta property=\"og:image:height\" content=\"1395\" \/>\n\t<meta property=\"og:image:type\" content=\"image\/jpeg\" \/>\n<meta name=\"author\" content=\"D\u00e9bora Figueiredo\" \/>\n<meta name=\"twitter:card\" content=\"summary_large_image\" \/>\n<meta name=\"twitter:label1\" content=\"Escrito por\" \/>\n\t<meta name=\"twitter:data1\" content=\"D\u00e9bora Figueiredo\" \/>\n\t<meta name=\"twitter:label2\" content=\"Est. tempo de leitura\" \/>\n\t<meta name=\"twitter:data2\" content=\"3 minutos\" \/>\n<script type=\"application\/ld+json\" class=\"yoast-schema-graph\">{\"@context\":\"https:\/\/schema.org\",\"@graph\":[{\"@type\":\"NewsArticle\",\"@id\":\"https:\/\/www.gaveanews.com\/index.php\/2025\/01\/08\/a-declaracao-de-renata-fan-apos-a-saida-de-denilson-da-band\/#article\",\"isPartOf\":{\"@id\":\"https:\/\/www.gaveanews.com\/index.php\/2025\/01\/08\/a-declaracao-de-renata-fan-apos-a-saida-de-denilson-da-band\/\"},\"author\":{\"name\":\"D\u00e9bora Figueiredo\",\"@id\":\"https:\/\/www.gaveanews.com\/#\/schema\/person\/37122681a8575a5c8db05a56f099a5e4\"},\"headline\":\"A declara\u00e7\u00e3o de Renata Fan ap\u00f3s a sa\u00edda de Den\u00edlson da Band\",\"datePublished\":\"2025-01-08T19:50:00+00:00\",\"mainEntityOfPage\":{\"@id\":\"https:\/\/www.gaveanews.com\/index.php\/2025\/01\/08\/a-declaracao-de-renata-fan-apos-a-saida-de-denilson-da-band\/\"},\"wordCount\":398,\"commentCount\":0,\"image\":{\"@id\":\"https:\/\/www.gaveanews.com\/index.php\/2025\/01\/08\/a-declaracao-de-renata-fan-apos-a-saida-de-denilson-da-band\/#primaryimage\"},\"thumbnailUrl\":\"https:\/\/www.gaveanews.com\/wp-content\/uploads\/Renata-Fan-posa-para-foto-no-estudio-do-programa-Jogo-Aberto.webp\",\"articleSection\":[\"Entretenimento\"],\"inLanguage\":\"pt-BR\",\"potentialAction\":[{\"@type\":\"CommentAction\",\"name\":\"Comment\",\"target\":[\"https:\/\/www.gaveanews.com\/index.php\/2025\/01\/08\/a-declaracao-de-renata-fan-apos-a-saida-de-denilson-da-band\/#respond\"]}],\"copyrightYear\":\"2025\",\"copyrightHolder\":{\"@id\":\"https:\/\/www.gaveanews.com\/#organization\"}},{\"@type\":\"WebPage\",\"@id\":\"https:\/\/www.gaveanews.com\/index.php\/2025\/01\/08\/a-declaracao-de-renata-fan-apos-a-saida-de-denilson-da-band\/\",\"url\":\"https:\/\/www.gaveanews.com\/index.php\/2025\/01\/08\/a-declaracao-de-renata-fan-apos-a-saida-de-denilson-da-band\/\",\"name\":\"A declara\u00e7\u00e3o de Renata Fan ap\u00f3s a sa\u00edda de Den\u00edlson da Band\",\"isPartOf\":{\"@id\":\"https:\/\/www.gaveanews.com\/#website\"},\"primaryImageOfPage\":{\"@id\":\"https:\/\/www.gaveanews.com\/index.php\/2025\/01\/08\/a-declaracao-de-renata-fan-apos-a-saida-de-denilson-da-band\/#primaryimage\"},\"image\":{\"@id\":\"https:\/\/www.gaveanews.com\/index.php\/2025\/01\/08\/a-declaracao-de-renata-fan-apos-a-saida-de-denilson-da-band\/#primaryimage\"},\"thumbnailUrl\":\"https:\/\/www.gaveanews.com\/wp-content\/uploads\/Renata-Fan-posa-para-foto-no-estudio-do-programa-Jogo-Aberto.webp\",\"datePublished\":\"2025-01-08T19:50:00+00:00\",\"author\":{\"@id\":\"https:\/\/www.gaveanews.com\/#\/schema\/person\/37122681a8575a5c8db05a56f099a5e4\"},\"breadcrumb\":{\"@id\":\"https:\/\/www.gaveanews.com\/index.php\/2025\/01\/08\/a-declaracao-de-renata-fan-apos-a-saida-de-denilson-da-band\/#breadcrumb\"},\"inLanguage\":\"pt-BR\",\"potentialAction\":[{\"@type\":\"ReadAction\",\"target\":[\"https:\/\/www.gaveanews.com\/index.php\/2025\/01\/08\/a-declaracao-de-renata-fan-apos-a-saida-de-denilson-da-band\/\"]}]},{\"@type\":\"ImageObject\",\"inLanguage\":\"pt-BR\",\"@id\":\"https:\/\/www.gaveanews.com\/index.php\/2025\/01\/08\/a-declaracao-de-renata-fan-apos-a-saida-de-denilson-da-band\/#primaryimage\",\"url\":\"https:\/\/www.gaveanews.com\/wp-content\/uploads\/Renata-Fan-posa-para-foto-no-estudio-do-programa-Jogo-Aberto.webp\",\"contentUrl\":\"https:\/\/www.gaveanews.com\/wp-content\/uploads\/Renata-Fan-posa-para-foto-no-estudio-do-programa-Jogo-Aberto.webp\",\"width\":1080,\"height\":1395,\"caption\":\"Renata Fan posa para foto no est\u00fadio do programa Jogo Aberto (Foto: Reprodu\u00e7\u00e3o\/Instagram)\"},{\"@type\":\"BreadcrumbList\",\"@id\":\"https:\/\/www.gaveanews.com\/index.php\/2025\/01\/08\/a-declaracao-de-renata-fan-apos-a-saida-de-denilson-da-band\/#breadcrumb\",\"itemListElement\":[{\"@type\":\"ListItem\",\"position\":1,\"name\":\"Home\",\"item\":\"https:\/\/www.gaveanews.com\/\"},{\"@type\":\"ListItem\",\"position\":2,\"name\":\"A declara\u00e7\u00e3o de Renata Fan ap\u00f3s a sa\u00edda de Den\u00edlson da Band\"}]},{\"@type\":\"WebSite\",\"@id\":\"https:\/\/www.gaveanews.com\/#website\",\"url\":\"https:\/\/www.gaveanews.com\/\",\"name\":\"G\u00e1vea News\",\"description\":\"Veja todas as not\u00edcias sobre o Flamengo: Contrata\u00e7\u00f5es, categorias de base, resultados das partidas, tabela de classifica\u00e7\u00e3o, pr\u00f3ximos jogos!\",\"potentialAction\":[{\"@type\":\"SearchAction\",\"target\":{\"@type\":\"EntryPoint\",\"urlTemplate\":\"https:\/\/www.gaveanews.com\/?s={search_term_string}\"},\"query-input\":{\"@type\":\"PropertyValueSpecification\",\"valueRequired\":true,\"valueName\":\"search_term_string\"}}],\"inLanguage\":\"pt-BR\"},{\"@type\":\"Person\",\"@id\":\"https:\/\/www.gaveanews.com\/#\/schema\/person\/37122681a8575a5c8db05a56f099a5e4\",\"name\":\"D\u00e9bora Figueiredo\",\"image\":{\"@type\":\"ImageObject\",\"inLanguage\":\"pt-BR\",\"@id\":\"https:\/\/www.gaveanews.com\/#\/schema\/person\/image\/\",\"url\":\"https:\/\/secure.gravatar.com\/avatar\/1f44802859351588499d26f52aed1d15796ce17e67602895b72837c08018868d?s=96&d=mm&r=g\",\"contentUrl\":\"https:\/\/secure.gravatar.com\/avatar\/1f44802859351588499d26f52aed1d15796ce17e67602895b72837c08018868d?s=96&d=mm&r=g\",\"caption\":\"D\u00e9bora Figueiredo\"}}]}<\/script>\n<!-- \/ Yoast SEO Premium plugin. -->","yoast_head_json":{"title":"A declara\u00e7\u00e3o de Renata Fan ap\u00f3s a sa\u00edda de Den\u00edlson da Band","robots":{"index":"index","follow":"follow","max-snippet":"max-snippet:-1","max-image-preview":"max-image-preview:large","max-video-preview":"max-video-preview:-1"},"canonical":"https:\/\/www.gaveanews.com\/index.php\/2025\/01\/08\/a-declaracao-de-renata-fan-apos-a-saida-de-denilson-da-band\/","og_locale":"pt_BR","og_type":"article","og_title":"A declara\u00e7\u00e3o de Renata Fan ap\u00f3s a sa\u00edda de Den\u00edlson da Band","og_description":"Renata Fan acredita que, ao trabalhar com Den\u00edlson, alcan\u00e7ou uma posi\u00e7\u00e3o \u00fanica no Jogo Aberto. Devido \u00e0 parceria que se estendeu ao longo dos anos, a apresentadora do programa n\u00e3o v\u00ea possibilidade de que essa din\u00e2mica seja replicada em outro programa esportivo. Nesse contexto, a f\u00f3rmula adotada pela Band apresenta uma identidade que outros canais [&hellip;]","og_url":"https:\/\/www.gaveanews.com\/index.php\/2025\/01\/08\/a-declaracao-de-renata-fan-apos-a-saida-de-denilson-da-band\/","og_site_name":"G\u00e1vea News","article_publisher":"https:\/\/facebook.com\/gaveaNews\/","article_published_time":"2025-01-08T19:50:00+00:00","og_image":[{"width":1080,"height":1395,"url":"https:\/\/www.gaveanews.com\/wp-content\/uploads\/Renata-Fan-posa-para-foto-no-estudio-do-programa-Jogo-Aberto.webp","type":"image\/jpeg"}],"author":"D\u00e9bora Figueiredo","twitter_card":"summary_large_image","twitter_misc":{"Escrito por":"D\u00e9bora Figueiredo","Est. tempo de leitura":"3 minutos"},"schema":{"@context":"https:\/\/schema.org","@graph":[{"@type":"NewsArticle","@id":"https:\/\/www.gaveanews.com\/index.php\/2025\/01\/08\/a-declaracao-de-renata-fan-apos-a-saida-de-denilson-da-band\/#article","isPartOf":{"@id":"https:\/\/www.gaveanews.com\/index.php\/2025\/01\/08\/a-declaracao-de-renata-fan-apos-a-saida-de-denilson-da-band\/"},"author":{"name":"D\u00e9bora Figueiredo","@id":"https:\/\/www.gaveanews.com\/#\/schema\/person\/37122681a8575a5c8db05a56f099a5e4"},"headline":"A declara\u00e7\u00e3o de Renata Fan ap\u00f3s a sa\u00edda de Den\u00edlson da Band","datePublished":"2025-01-08T19:50:00+00:00","mainEntityOfPage":{"@id":"https:\/\/www.gaveanews.com\/index.php\/2025\/01\/08\/a-declaracao-de-renata-fan-apos-a-saida-de-denilson-da-band\/"},"wordCount":398,"commentCount":0,"image":{"@id":"https:\/\/www.gaveanews.com\/index.php\/2025\/01\/08\/a-declaracao-de-renata-fan-apos-a-saida-de-denilson-da-band\/#primaryimage"},"thumbnailUrl":"https:\/\/www.gaveanews.com\/wp-content\/uploads\/Renata-Fan-posa-para-foto-no-estudio-do-programa-Jogo-Aberto.webp","articleSection":["Entretenimento"],"inLanguage":"pt-BR","potentialAction":[{"@type":"CommentAction","name":"Comment","target":["https:\/\/www.gaveanews.com\/index.php\/2025\/01\/08\/a-declaracao-de-renata-fan-apos-a-saida-de-denilson-da-band\/#respond"]}],"copyrightYear":"2025","copyrightHolder":{"@id":"https:\/\/www.gaveanews.com\/#organization"}},{"@type":"WebPage","@id":"https:\/\/www.gaveanews.com\/index.php\/2025\/01\/08\/a-declaracao-de-renata-fan-apos-a-saida-de-denilson-da-band\/","url":"https:\/\/www.gaveanews.com\/index.php\/2025\/01\/08\/a-declaracao-de-renata-fan-apos-a-saida-de-denilson-da-band\/","name":"A declara\u00e7\u00e3o de Renata Fan ap\u00f3s a sa\u00edda de Den\u00edlson da Band","isPartOf":{"@id":"https:\/\/www.gaveanews.com\/#website"},"primaryImageOfPage":{"@id":"https:\/\/www.gaveanews.com\/index.php\/2025\/01\/08\/a-declaracao-de-renata-fan-apos-a-saida-de-denilson-da-band\/#primaryimage"},"image":{"@id":"https:\/\/www.gaveanews.com\/index.php\/2025\/01\/08\/a-declaracao-de-renata-fan-apos-a-saida-de-denilson-da-band\/#primaryimage"},"thumbnailUrl":"https:\/\/www.gaveanews.com\/wp-content\/uploads\/Renata-Fan-posa-para-foto-no-estudio-do-programa-Jogo-Aberto.webp","datePublished":"2025-01-08T19:50:00+00:00","author":{"@id":"https:\/\/www.gaveanews.com\/#\/schema\/person\/37122681a8575a5c8db05a56f099a5e4"},"breadcrumb":{"@id":"https:\/\/www.gaveanews.com\/index.php\/2025\/01\/08\/a-declaracao-de-renata-fan-apos-a-saida-de-denilson-da-band\/#breadcrumb"},"inLanguage":"pt-BR","potentialAction":[{"@type":"ReadAction","target":["https:\/\/www.gaveanews.com\/index.php\/2025\/01\/08\/a-declaracao-de-renata-fan-apos-a-saida-de-denilson-da-band\/"]}]},{"@type":"ImageObject","inLanguage":"pt-BR","@id":"https:\/\/www.gaveanews.com\/index.php\/2025\/01\/08\/a-declaracao-de-renata-fan-apos-a-saida-de-denilson-da-band\/#primaryimage","url":"https:\/\/www.gaveanews.com\/wp-content\/uploads\/Renata-Fan-posa-para-foto-no-estudio-do-programa-Jogo-Aberto.webp","contentUrl":"https:\/\/www.gaveanews.com\/wp-content\/uploads\/Renata-Fan-posa-para-foto-no-estudio-do-programa-Jogo-Aberto.webp","width":1080,"height":1395,"caption":"Renata Fan posa para foto no est\u00fadio do programa Jogo Aberto (Foto: Reprodu\u00e7\u00e3o\/Instagram)"},{"@type":"BreadcrumbList","@id":"https:\/\/www.gaveanews.com\/index.php\/2025\/01\/08\/a-declaracao-de-renata-fan-apos-a-saida-de-denilson-da-band\/#breadcrumb","itemListElement":[{"@type":"ListItem","position":1,"name":"Home","item":"https:\/\/www.gaveanews.com\/"},{"@type":"ListItem","position":2,"name":"A declara\u00e7\u00e3o de Renata Fan ap\u00f3s a sa\u00edda de Den\u00edlson da Band"}]},{"@type":"WebSite","@id":"https:\/\/www.gaveanews.com\/#website","url":"https:\/\/www.gaveanews.com\/","name":"G\u00e1vea News","description":"Veja todas as not\u00edcias sobre o Flamengo: Contrata\u00e7\u00f5es, categorias de base, resultados das partidas, tabela de classifica\u00e7\u00e3o, pr\u00f3ximos jogos!","potentialAction":[{"@type":"SearchAction","target":{"@type":"EntryPoint","urlTemplate":"https:\/\/www.gaveanews.com\/?s={search_term_string}"},"query-input":{"@type":"PropertyValueSpecification","valueRequired":true,"valueName":"search_term_string"}}],"inLanguage":"pt-BR"},{"@type":"Person","@id":"https:\/\/www.gaveanews.com\/#\/schema\/person\/37122681a8575a5c8db05a56f099a5e4","name":"D\u00e9bora Figueiredo","image":{"@type":"ImageObject","inLanguage":"pt-BR","@id":"https:\/\/www.gaveanews.com\/#\/schema\/person\/image\/","url":"https:\/\/secure.gravatar.com\/avatar\/1f44802859351588499d26f52aed1d15796ce17e67602895b72837c08018868d?s=96&d=mm&r=g","contentUrl":"https:\/\/secure.gravatar.com\/avatar\/1f44802859351588499d26f52aed1d15796ce17e67602895b72837c08018868d?s=96&d=mm&r=g","caption":"D\u00e9bora Figueiredo"}}]}},"_links":{"self":[{"href":"https:\/\/www.gaveanews.com\/index.php\/wp-json\/wp\/v2\/posts\/209394","targetHints":{"allow":["GET"]}}],"collection":[{"href":"https:\/\/www.gaveanews.com\/index.php\/wp-json\/wp\/v2\/posts"}],"about":[{"href":"https:\/\/www.gaveanews.com\/index.php\/wp-json\/wp\/v2\/types\/post"}],"author":[{"embeddable":true,"href":"https:\/\/www.gaveanews.com\/index.php\/wp-json\/wp\/v2\/users\/16"}],"replies":[{"embeddable":true,"href":"https:\/\/www.gaveanews.com\/index.php\/wp-json\/wp\/v2\/comments?post=209394"}],"version-history":[{"count":2,"href":"https:\/\/www.gaveanews.com\/index.php\/wp-json\/wp\/v2\/posts\/209394\/revisions"}],"predecessor-version":[{"id":209668,"href":"https:\/\/www.gaveanews.com\/index.php\/wp-json\/wp\/v2\/posts\/209394\/revisions\/209668"}],"wp:featuredmedia":[{"embeddable":true,"href":"https:\/\/www.gaveanews.com\/index.php\/wp-json\/wp\/v2\/media\/155640"}],"wp:attachment":[{"href":"https:\/\/www.gaveanews.com\/index.php\/wp-json\/wp\/v2\/media?parent=209394"}],"wp:term":[{"taxonomy":"category","embeddable":true,"href":"https:\/\/www.gaveanews.com\/index.php\/wp-json\/wp\/v2\/categories?post=209394"},{"taxonomy":"post_tag","embeddable":true,"href":"https:\/\/www.gaveanews.com\/index.php\/wp-json\/wp\/v2\/tags?post=209394"}],"curies":[{"name":"wp","href":"https:\/\/api.w.org\/{rel}","templated":true}]}}