{"id":209430,"date":"2025-01-08T11:45:55","date_gmt":"2025-01-08T14:45:55","guid":{"rendered":"https:\/\/www.gaveanews.com\/?p=209430"},"modified":"2025-01-08T11:12:13","modified_gmt":"2025-01-08T14:12:13","slug":"a-declaracao-de-fabio-carille-direcionada-a-philippe-coutinho-e-payet","status":"publish","type":"post","link":"https:\/\/www.gaveanews.com\/index.php\/2025\/01\/08\/a-declaracao-de-fabio-carille-direcionada-a-philippe-coutinho-e-payet\/","title":{"rendered":"A declara\u00e7\u00e3o de F\u00e1bio Carille direcionada a Philippe Coutinho e Payet"},"content":{"rendered":"\n<p>O Vasco apresentou oficialmente F\u00e1bio Carille como seu novo t\u00e9cnico em 7 de janeiro. O evento ocorreu em S\u00e3o Janu\u00e1rio. Carille, que j\u00e1 treinou o Santos, chega ao clube com o objetivo de liderar a equipe durante a temporada de 2025.<\/p>\n\n\n\n<ul class=\"wp-block-list\">\n<li><a href=\"https:\/\/www.gaveanews.com\/index.php\/2025\/01\/04\/vasco-abre-conversas-para-contratar-zagueiro\/\">Vasco abre conversas para contratar zagueiro<\/a><\/li>\n\n\n\n<li><a href=\"https:\/\/www.gaveanews.com\/index.php\/2024\/12\/21\/vasco-a-declaracao-de-lucas-piton-direcionada-a-payet\/\">Vasco: a declara\u00e7\u00e3o de Lucas Piton direcionada a Payet<\/a><\/li>\n<\/ul>\n\n\n\n<p>Durante a apresenta\u00e7\u00e3o, Carille abordou sua vis\u00e3o sobre o estilo de jogo que pretende implementar no Vasco. Ele mencionou a possibilidade de utilizar Philippe Coutinho e Dimitri Payet no mesmo esquema t\u00e1tico. Al\u00e9m disso, o t\u00e9cnico considerou outras alternativas para a forma\u00e7\u00e3o da equipe. <\/p>\n\n\n\n<p>O novo t\u00e9cnico demonstrou interesse em trabalhar com jogadores experientes, como Alex Teixeira. Ademais, ele pretende investir em jovens talentos, como Guilherme Estrella. O jogador busca consolidar seu espa\u00e7o na equipe principal. Carille planeja testar diferentes combina\u00e7\u00f5es em campo. <\/p>\n\n\n\n<p>\u201cPenso que, quando se tem qualidade, temos que tentar botar estes caras todos juntos. Se estiverem bem, temos que dar suporte para que atuem juntos. Tem o Alex Teixeira, o (Guilherme) Estrella daqui a pouco, que \u00e9 um menino. Mas os outros jogadores s\u00e3o mais experientes. Tenho pensado nisso, sim. Mas quero levar para a pr\u00e1tica para ver se d\u00e1 certo\u201d, disparou Carille.<\/p>\n\n\n\n<p>Al\u00e9m de reconhecer a qualidade t\u00e9cnica do elenco, o treinador enfatizou a necessidade de oferecer suporte aos atletas em suas respectivas fun\u00e7\u00f5es. O intuito \u00e9 otimizar o desempenho coletivo em campo. A equipe t\u00e9cnica priorizar\u00e1 solu\u00e7\u00f5es pr\u00e1ticas e eficazes. A busca por resultados orienta o trabalho.<\/p>\n\n\n\n<h2 class=\"wp-block-heading\" id=\"h-reforcos-e-retornos-fortalecem-o-vasco-para-2025\">Refor\u00e7os e retornos fortalecem o Vasco para 2025<\/h2>\n\n\n\n<p>O Vasco contratou quatro refor\u00e7os para a temporada de 2025: Tch\u00ea Tch\u00ea, Lucas Oliveira, Daniel Fuzato e Lucas Freitas. Esses jogadores se juntam ao elenco sob o comando do novo t\u00e9cnico. Carille expressou confian\u00e7a no grupo atual. Ele tamb\u00e9m demonstrou otimismo com o retorno de jogadores que estavam em recupera\u00e7\u00e3o no departamento m\u00e9dico.<\/p>\n\n\n\n<p>Entre os atletas que retornar\u00e3o aos gramados e refor\u00e7ar\u00e3o o time, est\u00e3o Jair, Paulinho, Adson e o pr\u00f3prio Guilherme Estrella. Conforme Carille, esses retornos s\u00e3o fundamentais para ampliar as op\u00e7\u00f5es dispon\u00edveis para a comiss\u00e3o t\u00e9cnica. Consequentemente, o elenco se fortalece para as competi\u00e7\u00f5es futuras. O t\u00e9cnico aguarda ansiosamente o retorno dos jogadores.<\/p>\n\n\n\n<p>Carille enfatizou que sua abordagem de trabalho foca no pr\u00f3ximo jogo, independentemente da competi\u00e7\u00e3o. Segundo ele, essa estrat\u00e9gia mant\u00e9m o grupo concentrado e preparado para os desafios a curto prazo. Ele tamb\u00e9m destacou o esfor\u00e7o da diretoria em viabilizar novas contrata\u00e7\u00f5es para complementar o elenco. A diretoria busca fortalecer ainda mais o time.<\/p>\n\n\n\n<p>Dessa maneira, o t\u00e9cnico afirmou que a parceria entre a comiss\u00e3o t\u00e9cnica e a diretoria tem sido essencial para potencializar o grupo. Ele ressaltou que a dedica\u00e7\u00e3o nos bastidores demonstra o compromisso de alcan\u00e7ar bons resultados. Assim, o objetivo \u00e9 colocar o Vasco em destaque no cen\u00e1rio esportivo.<\/p>\n","protected":false},"excerpt":{"rendered":"<p>O Vasco apresentou oficialmente F\u00e1bio Carille como seu novo t\u00e9cnico em 7 de janeiro. O evento ocorreu em S\u00e3o Janu\u00e1rio. Carille, que j\u00e1 treinou o Santos, chega ao clube com o objetivo de liderar a equipe durante a temporada de 2025. Durante a apresenta\u00e7\u00e3o, Carille abordou sua vis\u00e3o sobre o estilo de jogo que pretende [&hellip;]<\/p>\n","protected":false},"author":28,"featured_media":153906,"comment_status":"open","ping_status":"closed","sticky":false,"template":"","format":"standard","meta":{"footnotes":""},"categories":[152],"tags":[],"class_list":["post-209430","post","type-post","status-publish","format-standard","has-post-thumbnail","hentry","category-vasco"],"yoast_head":"<!-- This site is optimized with the Yoast SEO Premium plugin v24.2 (Yoast SEO v26.9) - https:\/\/yoast.com\/product\/yoast-seo-premium-wordpress\/ -->\n<title>A declara\u00e7\u00e3o de F\u00e1bio Carille direcionada a Philippe Coutinho e Payet<\/title>\n<meta name=\"robots\" content=\"index, follow, max-snippet:-1, max-image-preview:large, max-video-preview:-1\" \/>\n<link rel=\"canonical\" href=\"https:\/\/www.gaveanews.com\/index.php\/2025\/01\/08\/a-declaracao-de-fabio-carille-direcionada-a-philippe-coutinho-e-payet\/\" \/>\n<meta property=\"og:locale\" content=\"pt_BR\" \/>\n<meta property=\"og:type\" content=\"article\" \/>\n<meta property=\"og:title\" content=\"A declara\u00e7\u00e3o de F\u00e1bio Carille direcionada a Philippe Coutinho e Payet\" \/>\n<meta property=\"og:description\" content=\"O Vasco apresentou oficialmente F\u00e1bio Carille como seu novo t\u00e9cnico em 7 de janeiro. O evento ocorreu em S\u00e3o Janu\u00e1rio. Carille, que j\u00e1 treinou o Santos, chega ao clube com o objetivo de liderar a equipe durante a temporada de 2025. Durante a apresenta\u00e7\u00e3o, Carille abordou sua vis\u00e3o sobre o estilo de jogo que pretende [&hellip;]\" \/>\n<meta property=\"og:url\" content=\"https:\/\/www.gaveanews.com\/index.php\/2025\/01\/08\/a-declaracao-de-fabio-carille-direcionada-a-philippe-coutinho-e-payet\/\" \/>\n<meta property=\"og:site_name\" content=\"G\u00e1vea News\" \/>\n<meta property=\"article:publisher\" content=\"https:\/\/facebook.com\/gaveaNews\/\" \/>\n<meta property=\"article:published_time\" content=\"2025-01-08T14:45:55+00:00\" \/>\n<meta property=\"og:image\" content=\"https:\/\/www.gaveanews.com\/wp-content\/uploads\/Fabio-Carille-treinando-o-Santos.webp\" \/>\n\t<meta property=\"og:image:width\" content=\"1600\" \/>\n\t<meta property=\"og:image:height\" content=\"1054\" \/>\n\t<meta property=\"og:image:type\" content=\"image\/jpeg\" \/>\n<meta name=\"author\" content=\"Hudson Pereira\" \/>\n<meta name=\"twitter:card\" content=\"summary_large_image\" \/>\n<meta name=\"twitter:label1\" content=\"Escrito por\" \/>\n\t<meta name=\"twitter:data1\" content=\"Hudson Pereira\" \/>\n\t<meta name=\"twitter:label2\" content=\"Est. tempo de leitura\" \/>\n\t<meta name=\"twitter:data2\" content=\"3 minutos\" \/>\n<script type=\"application\/ld+json\" class=\"yoast-schema-graph\">{\"@context\":\"https:\/\/schema.org\",\"@graph\":[{\"@type\":\"NewsArticle\",\"@id\":\"https:\/\/www.gaveanews.com\/index.php\/2025\/01\/08\/a-declaracao-de-fabio-carille-direcionada-a-philippe-coutinho-e-payet\/#article\",\"isPartOf\":{\"@id\":\"https:\/\/www.gaveanews.com\/index.php\/2025\/01\/08\/a-declaracao-de-fabio-carille-direcionada-a-philippe-coutinho-e-payet\/\"},\"author\":{\"name\":\"Hudson Pereira\",\"@id\":\"https:\/\/www.gaveanews.com\/#\/schema\/person\/bd08f00534b403119b92741a6d469ef0\"},\"headline\":\"A declara\u00e7\u00e3o de F\u00e1bio Carille direcionada a Philippe Coutinho e Payet\",\"datePublished\":\"2025-01-08T14:45:55+00:00\",\"mainEntityOfPage\":{\"@id\":\"https:\/\/www.gaveanews.com\/index.php\/2025\/01\/08\/a-declaracao-de-fabio-carille-direcionada-a-philippe-coutinho-e-payet\/\"},\"wordCount\":522,\"commentCount\":0,\"image\":{\"@id\":\"https:\/\/www.gaveanews.com\/index.php\/2025\/01\/08\/a-declaracao-de-fabio-carille-direcionada-a-philippe-coutinho-e-payet\/#primaryimage\"},\"thumbnailUrl\":\"https:\/\/www.gaveanews.com\/wp-content\/uploads\/Fabio-Carille-treinando-o-Santos.webp\",\"articleSection\":[\"Vasco\"],\"inLanguage\":\"pt-BR\",\"potentialAction\":[{\"@type\":\"CommentAction\",\"name\":\"Comment\",\"target\":[\"https:\/\/www.gaveanews.com\/index.php\/2025\/01\/08\/a-declaracao-de-fabio-carille-direcionada-a-philippe-coutinho-e-payet\/#respond\"]}],\"copyrightYear\":\"2025\",\"copyrightHolder\":{\"@id\":\"https:\/\/www.gaveanews.com\/#organization\"}},{\"@type\":\"WebPage\",\"@id\":\"https:\/\/www.gaveanews.com\/index.php\/2025\/01\/08\/a-declaracao-de-fabio-carille-direcionada-a-philippe-coutinho-e-payet\/\",\"url\":\"https:\/\/www.gaveanews.com\/index.php\/2025\/01\/08\/a-declaracao-de-fabio-carille-direcionada-a-philippe-coutinho-e-payet\/\",\"name\":\"A declara\u00e7\u00e3o de F\u00e1bio Carille direcionada a Philippe Coutinho e Payet\",\"isPartOf\":{\"@id\":\"https:\/\/www.gaveanews.com\/#website\"},\"primaryImageOfPage\":{\"@id\":\"https:\/\/www.gaveanews.com\/index.php\/2025\/01\/08\/a-declaracao-de-fabio-carille-direcionada-a-philippe-coutinho-e-payet\/#primaryimage\"},\"image\":{\"@id\":\"https:\/\/www.gaveanews.com\/index.php\/2025\/01\/08\/a-declaracao-de-fabio-carille-direcionada-a-philippe-coutinho-e-payet\/#primaryimage\"},\"thumbnailUrl\":\"https:\/\/www.gaveanews.com\/wp-content\/uploads\/Fabio-Carille-treinando-o-Santos.webp\",\"datePublished\":\"2025-01-08T14:45:55+00:00\",\"author\":{\"@id\":\"https:\/\/www.gaveanews.com\/#\/schema\/person\/bd08f00534b403119b92741a6d469ef0\"},\"breadcrumb\":{\"@id\":\"https:\/\/www.gaveanews.com\/index.php\/2025\/01\/08\/a-declaracao-de-fabio-carille-direcionada-a-philippe-coutinho-e-payet\/#breadcrumb\"},\"inLanguage\":\"pt-BR\",\"potentialAction\":[{\"@type\":\"ReadAction\",\"target\":[\"https:\/\/www.gaveanews.com\/index.php\/2025\/01\/08\/a-declaracao-de-fabio-carille-direcionada-a-philippe-coutinho-e-payet\/\"]}]},{\"@type\":\"ImageObject\",\"inLanguage\":\"pt-BR\",\"@id\":\"https:\/\/www.gaveanews.com\/index.php\/2025\/01\/08\/a-declaracao-de-fabio-carille-direcionada-a-philippe-coutinho-e-payet\/#primaryimage\",\"url\":\"https:\/\/www.gaveanews.com\/wp-content\/uploads\/Fabio-Carille-treinando-o-Santos.webp\",\"contentUrl\":\"https:\/\/www.gaveanews.com\/wp-content\/uploads\/Fabio-Carille-treinando-o-Santos.webp\",\"width\":1600,\"height\":1054,\"caption\":\"F\u00e1bio Carille treinando o Santos (Foto: Reprodu\u00e7\u00e3o\/Santos)\"},{\"@type\":\"BreadcrumbList\",\"@id\":\"https:\/\/www.gaveanews.com\/index.php\/2025\/01\/08\/a-declaracao-de-fabio-carille-direcionada-a-philippe-coutinho-e-payet\/#breadcrumb\",\"itemListElement\":[{\"@type\":\"ListItem\",\"position\":1,\"name\":\"Home\",\"item\":\"https:\/\/www.gaveanews.com\/\"},{\"@type\":\"ListItem\",\"position\":2,\"name\":\"A declara\u00e7\u00e3o de F\u00e1bio Carille direcionada a Philippe Coutinho e Payet\"}]},{\"@type\":\"WebSite\",\"@id\":\"https:\/\/www.gaveanews.com\/#website\",\"url\":\"https:\/\/www.gaveanews.com\/\",\"name\":\"G\u00e1vea News\",\"description\":\"Veja todas as not\u00edcias sobre o Flamengo: Contrata\u00e7\u00f5es, categorias de base, resultados das partidas, tabela de classifica\u00e7\u00e3o, pr\u00f3ximos jogos!\",\"potentialAction\":[{\"@type\":\"SearchAction\",\"target\":{\"@type\":\"EntryPoint\",\"urlTemplate\":\"https:\/\/www.gaveanews.com\/?s={search_term_string}\"},\"query-input\":{\"@type\":\"PropertyValueSpecification\",\"valueRequired\":true,\"valueName\":\"search_term_string\"}}],\"inLanguage\":\"pt-BR\"},{\"@type\":\"Person\",\"@id\":\"https:\/\/www.gaveanews.com\/#\/schema\/person\/bd08f00534b403119b92741a6d469ef0\",\"name\":\"Hudson Pereira\",\"image\":{\"@type\":\"ImageObject\",\"inLanguage\":\"pt-BR\",\"@id\":\"https:\/\/www.gaveanews.com\/#\/schema\/person\/image\/\",\"url\":\"https:\/\/secure.gravatar.com\/avatar\/ecc491b489e454e510efffc9b23c1052ce5fb4f2e05555768ba65819cd55f03e?s=96&d=mm&r=g\",\"contentUrl\":\"https:\/\/secure.gravatar.com\/avatar\/ecc491b489e454e510efffc9b23c1052ce5fb4f2e05555768ba65819cd55f03e?s=96&d=mm&r=g\",\"caption\":\"Hudson Pereira\"}}]}<\/script>\n<!-- \/ Yoast SEO Premium plugin. -->","yoast_head_json":{"title":"A declara\u00e7\u00e3o de F\u00e1bio Carille direcionada a Philippe Coutinho e Payet","robots":{"index":"index","follow":"follow","max-snippet":"max-snippet:-1","max-image-preview":"max-image-preview:large","max-video-preview":"max-video-preview:-1"},"canonical":"https:\/\/www.gaveanews.com\/index.php\/2025\/01\/08\/a-declaracao-de-fabio-carille-direcionada-a-philippe-coutinho-e-payet\/","og_locale":"pt_BR","og_type":"article","og_title":"A declara\u00e7\u00e3o de F\u00e1bio Carille direcionada a Philippe Coutinho e Payet","og_description":"O Vasco apresentou oficialmente F\u00e1bio Carille como seu novo t\u00e9cnico em 7 de janeiro. O evento ocorreu em S\u00e3o Janu\u00e1rio. Carille, que j\u00e1 treinou o Santos, chega ao clube com o objetivo de liderar a equipe durante a temporada de 2025. Durante a apresenta\u00e7\u00e3o, Carille abordou sua vis\u00e3o sobre o estilo de jogo que pretende [&hellip;]","og_url":"https:\/\/www.gaveanews.com\/index.php\/2025\/01\/08\/a-declaracao-de-fabio-carille-direcionada-a-philippe-coutinho-e-payet\/","og_site_name":"G\u00e1vea News","article_publisher":"https:\/\/facebook.com\/gaveaNews\/","article_published_time":"2025-01-08T14:45:55+00:00","og_image":[{"width":1600,"height":1054,"url":"https:\/\/www.gaveanews.com\/wp-content\/uploads\/Fabio-Carille-treinando-o-Santos.webp","type":"image\/jpeg"}],"author":"Hudson Pereira","twitter_card":"summary_large_image","twitter_misc":{"Escrito por":"Hudson Pereira","Est. tempo de leitura":"3 minutos"},"schema":{"@context":"https:\/\/schema.org","@graph":[{"@type":"NewsArticle","@id":"https:\/\/www.gaveanews.com\/index.php\/2025\/01\/08\/a-declaracao-de-fabio-carille-direcionada-a-philippe-coutinho-e-payet\/#article","isPartOf":{"@id":"https:\/\/www.gaveanews.com\/index.php\/2025\/01\/08\/a-declaracao-de-fabio-carille-direcionada-a-philippe-coutinho-e-payet\/"},"author":{"name":"Hudson Pereira","@id":"https:\/\/www.gaveanews.com\/#\/schema\/person\/bd08f00534b403119b92741a6d469ef0"},"headline":"A declara\u00e7\u00e3o de F\u00e1bio Carille direcionada a Philippe Coutinho e Payet","datePublished":"2025-01-08T14:45:55+00:00","mainEntityOfPage":{"@id":"https:\/\/www.gaveanews.com\/index.php\/2025\/01\/08\/a-declaracao-de-fabio-carille-direcionada-a-philippe-coutinho-e-payet\/"},"wordCount":522,"commentCount":0,"image":{"@id":"https:\/\/www.gaveanews.com\/index.php\/2025\/01\/08\/a-declaracao-de-fabio-carille-direcionada-a-philippe-coutinho-e-payet\/#primaryimage"},"thumbnailUrl":"https:\/\/www.gaveanews.com\/wp-content\/uploads\/Fabio-Carille-treinando-o-Santos.webp","articleSection":["Vasco"],"inLanguage":"pt-BR","potentialAction":[{"@type":"CommentAction","name":"Comment","target":["https:\/\/www.gaveanews.com\/index.php\/2025\/01\/08\/a-declaracao-de-fabio-carille-direcionada-a-philippe-coutinho-e-payet\/#respond"]}],"copyrightYear":"2025","copyrightHolder":{"@id":"https:\/\/www.gaveanews.com\/#organization"}},{"@type":"WebPage","@id":"https:\/\/www.gaveanews.com\/index.php\/2025\/01\/08\/a-declaracao-de-fabio-carille-direcionada-a-philippe-coutinho-e-payet\/","url":"https:\/\/www.gaveanews.com\/index.php\/2025\/01\/08\/a-declaracao-de-fabio-carille-direcionada-a-philippe-coutinho-e-payet\/","name":"A declara\u00e7\u00e3o de F\u00e1bio Carille direcionada a Philippe Coutinho e Payet","isPartOf":{"@id":"https:\/\/www.gaveanews.com\/#website"},"primaryImageOfPage":{"@id":"https:\/\/www.gaveanews.com\/index.php\/2025\/01\/08\/a-declaracao-de-fabio-carille-direcionada-a-philippe-coutinho-e-payet\/#primaryimage"},"image":{"@id":"https:\/\/www.gaveanews.com\/index.php\/2025\/01\/08\/a-declaracao-de-fabio-carille-direcionada-a-philippe-coutinho-e-payet\/#primaryimage"},"thumbnailUrl":"https:\/\/www.gaveanews.com\/wp-content\/uploads\/Fabio-Carille-treinando-o-Santos.webp","datePublished":"2025-01-08T14:45:55+00:00","author":{"@id":"https:\/\/www.gaveanews.com\/#\/schema\/person\/bd08f00534b403119b92741a6d469ef0"},"breadcrumb":{"@id":"https:\/\/www.gaveanews.com\/index.php\/2025\/01\/08\/a-declaracao-de-fabio-carille-direcionada-a-philippe-coutinho-e-payet\/#breadcrumb"},"inLanguage":"pt-BR","potentialAction":[{"@type":"ReadAction","target":["https:\/\/www.gaveanews.com\/index.php\/2025\/01\/08\/a-declaracao-de-fabio-carille-direcionada-a-philippe-coutinho-e-payet\/"]}]},{"@type":"ImageObject","inLanguage":"pt-BR","@id":"https:\/\/www.gaveanews.com\/index.php\/2025\/01\/08\/a-declaracao-de-fabio-carille-direcionada-a-philippe-coutinho-e-payet\/#primaryimage","url":"https:\/\/www.gaveanews.com\/wp-content\/uploads\/Fabio-Carille-treinando-o-Santos.webp","contentUrl":"https:\/\/www.gaveanews.com\/wp-content\/uploads\/Fabio-Carille-treinando-o-Santos.webp","width":1600,"height":1054,"caption":"F\u00e1bio Carille treinando o Santos (Foto: Reprodu\u00e7\u00e3o\/Santos)"},{"@type":"BreadcrumbList","@id":"https:\/\/www.gaveanews.com\/index.php\/2025\/01\/08\/a-declaracao-de-fabio-carille-direcionada-a-philippe-coutinho-e-payet\/#breadcrumb","itemListElement":[{"@type":"ListItem","position":1,"name":"Home","item":"https:\/\/www.gaveanews.com\/"},{"@type":"ListItem","position":2,"name":"A declara\u00e7\u00e3o de F\u00e1bio Carille direcionada a Philippe Coutinho e Payet"}]},{"@type":"WebSite","@id":"https:\/\/www.gaveanews.com\/#website","url":"https:\/\/www.gaveanews.com\/","name":"G\u00e1vea News","description":"Veja todas as not\u00edcias sobre o Flamengo: Contrata\u00e7\u00f5es, categorias de base, resultados das partidas, tabela de classifica\u00e7\u00e3o, pr\u00f3ximos jogos!","potentialAction":[{"@type":"SearchAction","target":{"@type":"EntryPoint","urlTemplate":"https:\/\/www.gaveanews.com\/?s={search_term_string}"},"query-input":{"@type":"PropertyValueSpecification","valueRequired":true,"valueName":"search_term_string"}}],"inLanguage":"pt-BR"},{"@type":"Person","@id":"https:\/\/www.gaveanews.com\/#\/schema\/person\/bd08f00534b403119b92741a6d469ef0","name":"Hudson Pereira","image":{"@type":"ImageObject","inLanguage":"pt-BR","@id":"https:\/\/www.gaveanews.com\/#\/schema\/person\/image\/","url":"https:\/\/secure.gravatar.com\/avatar\/ecc491b489e454e510efffc9b23c1052ce5fb4f2e05555768ba65819cd55f03e?s=96&d=mm&r=g","contentUrl":"https:\/\/secure.gravatar.com\/avatar\/ecc491b489e454e510efffc9b23c1052ce5fb4f2e05555768ba65819cd55f03e?s=96&d=mm&r=g","caption":"Hudson Pereira"}}]}},"_links":{"self":[{"href":"https:\/\/www.gaveanews.com\/index.php\/wp-json\/wp\/v2\/posts\/209430","targetHints":{"allow":["GET"]}}],"collection":[{"href":"https:\/\/www.gaveanews.com\/index.php\/wp-json\/wp\/v2\/posts"}],"about":[{"href":"https:\/\/www.gaveanews.com\/index.php\/wp-json\/wp\/v2\/types\/post"}],"author":[{"embeddable":true,"href":"https:\/\/www.gaveanews.com\/index.php\/wp-json\/wp\/v2\/users\/28"}],"replies":[{"embeddable":true,"href":"https:\/\/www.gaveanews.com\/index.php\/wp-json\/wp\/v2\/comments?post=209430"}],"version-history":[{"count":2,"href":"https:\/\/www.gaveanews.com\/index.php\/wp-json\/wp\/v2\/posts\/209430\/revisions"}],"predecessor-version":[{"id":209432,"href":"https:\/\/www.gaveanews.com\/index.php\/wp-json\/wp\/v2\/posts\/209430\/revisions\/209432"}],"wp:featuredmedia":[{"embeddable":true,"href":"https:\/\/www.gaveanews.com\/index.php\/wp-json\/wp\/v2\/media\/153906"}],"wp:attachment":[{"href":"https:\/\/www.gaveanews.com\/index.php\/wp-json\/wp\/v2\/media?parent=209430"}],"wp:term":[{"taxonomy":"category","embeddable":true,"href":"https:\/\/www.gaveanews.com\/index.php\/wp-json\/wp\/v2\/categories?post=209430"},{"taxonomy":"post_tag","embeddable":true,"href":"https:\/\/www.gaveanews.com\/index.php\/wp-json\/wp\/v2\/tags?post=209430"}],"curies":[{"name":"wp","href":"https:\/\/api.w.org\/{rel}","templated":true}]}}