{"id":209433,"date":"2025-01-08T14:40:12","date_gmt":"2025-01-08T17:40:12","guid":{"rendered":"https:\/\/www.gaveanews.com\/?p=209433"},"modified":"2025-01-08T14:37:00","modified_gmt":"2025-01-08T17:37:00","slug":"renato-mauricio-prado-aponta-time-que-vai-decepcionar-em-2025","status":"publish","type":"post","link":"https:\/\/www.gaveanews.com\/index.php\/2025\/01\/08\/renato-mauricio-prado-aponta-time-que-vai-decepcionar-em-2025\/","title":{"rendered":"Renato Maur\u00edcio Prado aponta time que vai decepcionar em 2025"},"content":{"rendered":"\n<p>O Botafogo encara um per\u00edodo de transi\u00e7\u00e3o significativa para a temporada de 2025. A equipe, que recentemente celebrou importantes conquistas, enfrenta a iminente sa\u00edda de jogadores-chave e a necessidade de reestruturar sua comiss\u00e3o t\u00e9cnica. <\/p>\n\n\n\n<ul class=\"wp-block-list\">\n<li><a href=\"https:\/\/www.gaveanews.com\/index.php\/2025\/01\/05\/botafogo-pode-ajudar-o-fluminense-a-faturar-montante-milionario\/\">Botafogo pode ajudar o Fluminense a faturar montante milion\u00e1rio<\/a><\/li>\n\n\n\n<li><a href=\"https:\/\/www.gaveanews.com\/index.php\/2025\/01\/04\/botafogo-essa-e-a-postura-de-john-textor-sobre-a-venda-de-luiz-henrique\/\">Botafogo: essa \u00e9 a postura de John Textor sobre a venda de Luiz Henrique<\/a><\/li>\n<\/ul>\n\n\n\n<p>Nesse sentido, o comentarista Renato Maur\u00edcio Prado avaliou que a perda de figuras centrais, como Artur Jorge e Thiago Almada, impacta diretamente o planejamento do clube. <\/p>\n\n\n\n<p>\u201cO Botafogo perdeu duas de suas maiores figuras nas duas conquistas. Perdeu o Artur Jorge e o Almada, e est\u00e1 perdendo o Luiz Henrique. N\u00e3o \u00e9 qualquer perda. Perdeu as duas maiores estrelas, Almada e Luiz Henrique, embora eu considere que o Savarino jogou mais que os dois. Mas o Luiz Henrique ganhou os pr\u00eamios e foi o Rei da Am\u00e9rica.\u201d, declarou para o &#8216;UOL News Esportes&#8217;.<\/p>\n\n\n\n<p>Al\u00e9m disso, a prov\u00e1vel transfer\u00eancia de Luiz Henrique adiciona um novo desafio \u00e0 diretoria. Consequentemente, a busca por substitutos \u00e0 altura se torna uma prioridade para a equipe.<\/p>\n\n\n\n<p>\u201cNo caso do Luiz Henrique, o Textor fez tudo para ele ficar. Mas ele veio como uma promessa que iria voltar para o futebol europeu. Parece que tem interesse da Premier League.\u201d, afirmou.<\/p>\n\n\n\n<figure class=\"wp-block-image size-full\"><img loading=\"lazy\" decoding=\"async\" width=\"888\" height=\"602\" src=\"https:\/\/www.gaveanews.com\/wp-content\/uploads\/textor4.avif\" alt=\"\" class=\"wp-image-146326\"\/><figcaption class=\"wp-element-caption\">John Textor, dono da SAF do Botafogo \u2014 Foto: Reprodu\u00e7\u00e3o<\/figcaption><\/figure>\n\n\n\n<h2 class=\"wp-block-heading\" id=\"h-desafios-na-busca-por-um-novo-comando-tecnico\">Desafios na busca por um novo comando t\u00e9cnico<\/h2>\n\n\n\n<p>A instabilidade no comando t\u00e9cnico tamb\u00e9m representa um ponto de aten\u00e7\u00e3o para o Botafogo. A recusa de Andr\u00e9 Jardine em assumir o cargo, optando por permanecer no Am\u00e9rica-MEX, demonstra a complexidade da situa\u00e7\u00e3o. A princ\u00edpio, a sequ\u00eancia de mudan\u00e7as no comando t\u00e9cnico desde a sa\u00edda de Luis Castro pode ter influenciado a decis\u00e3o de Jardine.<\/p>\n\n\n\n<p>A sucess\u00e3o de treinadores, incluindo Ca\u00e7apa, Lucio Fl\u00e1vio, Bruno Lage e Tiago Nunes, culminou na chegada de Artur Jorge. Contudo, a falta de continuidade no cargo gera questionamentos sobre a estabilidade do clube. Portanto, essa rotatividade pode dificultar a atra\u00e7\u00e3o de profissionais renomados.<\/p>\n\n\n\n<p>Para ele, apesar das recentes conquistas de t\u00edtulos importantes, a constante mudan\u00e7a de t\u00e9cnicos levanta d\u00favidas sobre a capacidade do clube de manter um projeto a longo prazo. Logo, essa incerteza pode afetar o desempenho da equipe em competi\u00e7\u00f5es futuras.<\/p>\n\n\n\n<p>\u201cO Andr\u00e9 Jardine est\u00e1 no topo da pir\u00e2mide no M\u00e9xico. N\u00e3o faz sentido ele sair para ganhar dois trocados a mais nessa instabilidade que \u00e9 o Botafogo. Ganhou os dois t\u00edtulos, mas a gente esquece da sequ\u00eancia de t\u00e9cnicos que ele trocou. Quando \u00e9 o Flamengo, fazem contas. Teve o Ca\u00e7apa, Lucio Flavio, o Bruno Lage e o Tiago Nunes. Acertou com o Artur Jorge\u201d, alegou.<\/p>\n\n\n\n<p>\u00c9 v\u00e1lido ressaltar que cen\u00e1rio do Botafogo para 2025 apresenta incertezas tanto no elenco quanto na comiss\u00e3o t\u00e9cnica. Por conseguinte, os pr\u00f3ximos meses ser\u00e3o decisivos para a defini\u00e7\u00e3o do futuro competitivo do clube. Dessa forma, a diretoria trabalha na busca por solu\u00e7\u00f5es que mantenham o Botafogo em alto n\u00edvel.<\/p>\n","protected":false},"excerpt":{"rendered":"<p>O Botafogo encara um per\u00edodo de transi\u00e7\u00e3o significativa para a temporada de 2025. A equipe, que recentemente celebrou importantes conquistas, enfrenta a iminente sa\u00edda de jogadores-chave e a necessidade de reestruturar sua comiss\u00e3o t\u00e9cnica. Nesse sentido, o comentarista Renato Maur\u00edcio Prado avaliou que a perda de figuras centrais, como Artur Jorge e Thiago Almada, impacta [&hellip;]<\/p>\n","protected":false},"author":28,"featured_media":142549,"comment_status":"open","ping_status":"closed","sticky":false,"template":"","format":"standard","meta":{"footnotes":""},"categories":[138],"tags":[],"class_list":["post-209433","post","type-post","status-publish","format-standard","has-post-thumbnail","hentry","category-botafogo"],"yoast_head":"<!-- This site is optimized with the Yoast SEO Premium plugin v24.2 (Yoast SEO v26.9) - https:\/\/yoast.com\/product\/yoast-seo-premium-wordpress\/ -->\n<title>Renato Maur\u00edcio Prado aponta time que vai decepcionar em 2025<\/title>\n<meta name=\"robots\" content=\"index, follow, max-snippet:-1, max-image-preview:large, max-video-preview:-1\" \/>\n<link rel=\"canonical\" href=\"https:\/\/www.gaveanews.com\/index.php\/2025\/01\/08\/renato-mauricio-prado-aponta-time-que-vai-decepcionar-em-2025\/\" \/>\n<meta property=\"og:locale\" content=\"pt_BR\" \/>\n<meta property=\"og:type\" content=\"article\" \/>\n<meta property=\"og:title\" content=\"Renato Maur\u00edcio Prado aponta time que vai decepcionar em 2025\" \/>\n<meta property=\"og:description\" content=\"O Botafogo encara um per\u00edodo de transi\u00e7\u00e3o significativa para a temporada de 2025. A equipe, que recentemente celebrou importantes conquistas, enfrenta a iminente sa\u00edda de jogadores-chave e a necessidade de reestruturar sua comiss\u00e3o t\u00e9cnica. Nesse sentido, o comentarista Renato Maur\u00edcio Prado avaliou que a perda de figuras centrais, como Artur Jorge e Thiago Almada, impacta [&hellip;]\" \/>\n<meta property=\"og:url\" content=\"https:\/\/www.gaveanews.com\/index.php\/2025\/01\/08\/renato-mauricio-prado-aponta-time-que-vai-decepcionar-em-2025\/\" \/>\n<meta property=\"og:site_name\" content=\"G\u00e1vea News\" \/>\n<meta property=\"article:publisher\" content=\"https:\/\/facebook.com\/gaveaNews\/\" \/>\n<meta property=\"article:published_time\" content=\"2025-01-08T17:40:12+00:00\" \/>\n<meta property=\"og:image\" content=\"https:\/\/www.gaveanews.com\/wp-content\/uploads\/rmp-flamengo-tite-729x400-1.webp\" \/>\n\t<meta property=\"og:image:width\" content=\"729\" \/>\n\t<meta property=\"og:image:height\" content=\"400\" \/>\n\t<meta property=\"og:image:type\" content=\"image\/jpeg\" \/>\n<meta name=\"author\" content=\"Hudson Pereira\" \/>\n<meta name=\"twitter:card\" content=\"summary_large_image\" \/>\n<meta name=\"twitter:label1\" content=\"Escrito por\" \/>\n\t<meta name=\"twitter:data1\" content=\"Hudson Pereira\" \/>\n\t<meta name=\"twitter:label2\" content=\"Est. tempo de leitura\" \/>\n\t<meta name=\"twitter:data2\" content=\"4 minutos\" \/>\n<script type=\"application\/ld+json\" class=\"yoast-schema-graph\">{\"@context\":\"https:\/\/schema.org\",\"@graph\":[{\"@type\":\"NewsArticle\",\"@id\":\"https:\/\/www.gaveanews.com\/index.php\/2025\/01\/08\/renato-mauricio-prado-aponta-time-que-vai-decepcionar-em-2025\/#article\",\"isPartOf\":{\"@id\":\"https:\/\/www.gaveanews.com\/index.php\/2025\/01\/08\/renato-mauricio-prado-aponta-time-que-vai-decepcionar-em-2025\/\"},\"author\":{\"name\":\"Hudson Pereira\",\"@id\":\"https:\/\/www.gaveanews.com\/#\/schema\/person\/bd08f00534b403119b92741a6d469ef0\"},\"headline\":\"Renato Maur\u00edcio Prado aponta time que vai decepcionar em 2025\",\"datePublished\":\"2025-01-08T17:40:12+00:00\",\"mainEntityOfPage\":{\"@id\":\"https:\/\/www.gaveanews.com\/index.php\/2025\/01\/08\/renato-mauricio-prado-aponta-time-que-vai-decepcionar-em-2025\/\"},\"wordCount\":533,\"commentCount\":0,\"image\":{\"@id\":\"https:\/\/www.gaveanews.com\/index.php\/2025\/01\/08\/renato-mauricio-prado-aponta-time-que-vai-decepcionar-em-2025\/#primaryimage\"},\"thumbnailUrl\":\"https:\/\/www.gaveanews.com\/wp-content\/uploads\/rmp-flamengo-tite-729x400-1.webp\",\"articleSection\":[\"Botafogo\"],\"inLanguage\":\"pt-BR\",\"potentialAction\":[{\"@type\":\"CommentAction\",\"name\":\"Comment\",\"target\":[\"https:\/\/www.gaveanews.com\/index.php\/2025\/01\/08\/renato-mauricio-prado-aponta-time-que-vai-decepcionar-em-2025\/#respond\"]}],\"copyrightYear\":\"2025\",\"copyrightHolder\":{\"@id\":\"https:\/\/www.gaveanews.com\/#organization\"}},{\"@type\":\"WebPage\",\"@id\":\"https:\/\/www.gaveanews.com\/index.php\/2025\/01\/08\/renato-mauricio-prado-aponta-time-que-vai-decepcionar-em-2025\/\",\"url\":\"https:\/\/www.gaveanews.com\/index.php\/2025\/01\/08\/renato-mauricio-prado-aponta-time-que-vai-decepcionar-em-2025\/\",\"name\":\"Renato Maur\u00edcio Prado aponta time que vai decepcionar em 2025\",\"isPartOf\":{\"@id\":\"https:\/\/www.gaveanews.com\/#website\"},\"primaryImageOfPage\":{\"@id\":\"https:\/\/www.gaveanews.com\/index.php\/2025\/01\/08\/renato-mauricio-prado-aponta-time-que-vai-decepcionar-em-2025\/#primaryimage\"},\"image\":{\"@id\":\"https:\/\/www.gaveanews.com\/index.php\/2025\/01\/08\/renato-mauricio-prado-aponta-time-que-vai-decepcionar-em-2025\/#primaryimage\"},\"thumbnailUrl\":\"https:\/\/www.gaveanews.com\/wp-content\/uploads\/rmp-flamengo-tite-729x400-1.webp\",\"datePublished\":\"2025-01-08T17:40:12+00:00\",\"author\":{\"@id\":\"https:\/\/www.gaveanews.com\/#\/schema\/person\/bd08f00534b403119b92741a6d469ef0\"},\"breadcrumb\":{\"@id\":\"https:\/\/www.gaveanews.com\/index.php\/2025\/01\/08\/renato-mauricio-prado-aponta-time-que-vai-decepcionar-em-2025\/#breadcrumb\"},\"inLanguage\":\"pt-BR\",\"potentialAction\":[{\"@type\":\"ReadAction\",\"target\":[\"https:\/\/www.gaveanews.com\/index.php\/2025\/01\/08\/renato-mauricio-prado-aponta-time-que-vai-decepcionar-em-2025\/\"]}]},{\"@type\":\"ImageObject\",\"inLanguage\":\"pt-BR\",\"@id\":\"https:\/\/www.gaveanews.com\/index.php\/2025\/01\/08\/renato-mauricio-prado-aponta-time-que-vai-decepcionar-em-2025\/#primaryimage\",\"url\":\"https:\/\/www.gaveanews.com\/wp-content\/uploads\/rmp-flamengo-tite-729x400-1.webp\",\"contentUrl\":\"https:\/\/www.gaveanews.com\/wp-content\/uploads\/rmp-flamengo-tite-729x400-1.webp\",\"width\":729,\"height\":400,\"caption\":\"RMP, em live no YouTube (Foto: Reprodu\u00e7\u00e3o)\"},{\"@type\":\"BreadcrumbList\",\"@id\":\"https:\/\/www.gaveanews.com\/index.php\/2025\/01\/08\/renato-mauricio-prado-aponta-time-que-vai-decepcionar-em-2025\/#breadcrumb\",\"itemListElement\":[{\"@type\":\"ListItem\",\"position\":1,\"name\":\"Home\",\"item\":\"https:\/\/www.gaveanews.com\/\"},{\"@type\":\"ListItem\",\"position\":2,\"name\":\"Renato Maur\u00edcio Prado aponta time que vai decepcionar em 2025\"}]},{\"@type\":\"WebSite\",\"@id\":\"https:\/\/www.gaveanews.com\/#website\",\"url\":\"https:\/\/www.gaveanews.com\/\",\"name\":\"G\u00e1vea News\",\"description\":\"Veja todas as not\u00edcias sobre o Flamengo: Contrata\u00e7\u00f5es, categorias de base, resultados das partidas, tabela de classifica\u00e7\u00e3o, pr\u00f3ximos jogos!\",\"potentialAction\":[{\"@type\":\"SearchAction\",\"target\":{\"@type\":\"EntryPoint\",\"urlTemplate\":\"https:\/\/www.gaveanews.com\/?s={search_term_string}\"},\"query-input\":{\"@type\":\"PropertyValueSpecification\",\"valueRequired\":true,\"valueName\":\"search_term_string\"}}],\"inLanguage\":\"pt-BR\"},{\"@type\":\"Person\",\"@id\":\"https:\/\/www.gaveanews.com\/#\/schema\/person\/bd08f00534b403119b92741a6d469ef0\",\"name\":\"Hudson Pereira\",\"image\":{\"@type\":\"ImageObject\",\"inLanguage\":\"pt-BR\",\"@id\":\"https:\/\/www.gaveanews.com\/#\/schema\/person\/image\/\",\"url\":\"https:\/\/secure.gravatar.com\/avatar\/ecc491b489e454e510efffc9b23c1052ce5fb4f2e05555768ba65819cd55f03e?s=96&d=mm&r=g\",\"contentUrl\":\"https:\/\/secure.gravatar.com\/avatar\/ecc491b489e454e510efffc9b23c1052ce5fb4f2e05555768ba65819cd55f03e?s=96&d=mm&r=g\",\"caption\":\"Hudson Pereira\"}}]}<\/script>\n<!-- \/ Yoast SEO Premium plugin. -->","yoast_head_json":{"title":"Renato Maur\u00edcio Prado aponta time que vai decepcionar em 2025","robots":{"index":"index","follow":"follow","max-snippet":"max-snippet:-1","max-image-preview":"max-image-preview:large","max-video-preview":"max-video-preview:-1"},"canonical":"https:\/\/www.gaveanews.com\/index.php\/2025\/01\/08\/renato-mauricio-prado-aponta-time-que-vai-decepcionar-em-2025\/","og_locale":"pt_BR","og_type":"article","og_title":"Renato Maur\u00edcio Prado aponta time que vai decepcionar em 2025","og_description":"O Botafogo encara um per\u00edodo de transi\u00e7\u00e3o significativa para a temporada de 2025. A equipe, que recentemente celebrou importantes conquistas, enfrenta a iminente sa\u00edda de jogadores-chave e a necessidade de reestruturar sua comiss\u00e3o t\u00e9cnica. Nesse sentido, o comentarista Renato Maur\u00edcio Prado avaliou que a perda de figuras centrais, como Artur Jorge e Thiago Almada, impacta [&hellip;]","og_url":"https:\/\/www.gaveanews.com\/index.php\/2025\/01\/08\/renato-mauricio-prado-aponta-time-que-vai-decepcionar-em-2025\/","og_site_name":"G\u00e1vea News","article_publisher":"https:\/\/facebook.com\/gaveaNews\/","article_published_time":"2025-01-08T17:40:12+00:00","og_image":[{"width":729,"height":400,"url":"https:\/\/www.gaveanews.com\/wp-content\/uploads\/rmp-flamengo-tite-729x400-1.webp","type":"image\/jpeg"}],"author":"Hudson Pereira","twitter_card":"summary_large_image","twitter_misc":{"Escrito por":"Hudson Pereira","Est. tempo de leitura":"4 minutos"},"schema":{"@context":"https:\/\/schema.org","@graph":[{"@type":"NewsArticle","@id":"https:\/\/www.gaveanews.com\/index.php\/2025\/01\/08\/renato-mauricio-prado-aponta-time-que-vai-decepcionar-em-2025\/#article","isPartOf":{"@id":"https:\/\/www.gaveanews.com\/index.php\/2025\/01\/08\/renato-mauricio-prado-aponta-time-que-vai-decepcionar-em-2025\/"},"author":{"name":"Hudson Pereira","@id":"https:\/\/www.gaveanews.com\/#\/schema\/person\/bd08f00534b403119b92741a6d469ef0"},"headline":"Renato Maur\u00edcio Prado aponta time que vai decepcionar em 2025","datePublished":"2025-01-08T17:40:12+00:00","mainEntityOfPage":{"@id":"https:\/\/www.gaveanews.com\/index.php\/2025\/01\/08\/renato-mauricio-prado-aponta-time-que-vai-decepcionar-em-2025\/"},"wordCount":533,"commentCount":0,"image":{"@id":"https:\/\/www.gaveanews.com\/index.php\/2025\/01\/08\/renato-mauricio-prado-aponta-time-que-vai-decepcionar-em-2025\/#primaryimage"},"thumbnailUrl":"https:\/\/www.gaveanews.com\/wp-content\/uploads\/rmp-flamengo-tite-729x400-1.webp","articleSection":["Botafogo"],"inLanguage":"pt-BR","potentialAction":[{"@type":"CommentAction","name":"Comment","target":["https:\/\/www.gaveanews.com\/index.php\/2025\/01\/08\/renato-mauricio-prado-aponta-time-que-vai-decepcionar-em-2025\/#respond"]}],"copyrightYear":"2025","copyrightHolder":{"@id":"https:\/\/www.gaveanews.com\/#organization"}},{"@type":"WebPage","@id":"https:\/\/www.gaveanews.com\/index.php\/2025\/01\/08\/renato-mauricio-prado-aponta-time-que-vai-decepcionar-em-2025\/","url":"https:\/\/www.gaveanews.com\/index.php\/2025\/01\/08\/renato-mauricio-prado-aponta-time-que-vai-decepcionar-em-2025\/","name":"Renato Maur\u00edcio Prado aponta time que vai decepcionar em 2025","isPartOf":{"@id":"https:\/\/www.gaveanews.com\/#website"},"primaryImageOfPage":{"@id":"https:\/\/www.gaveanews.com\/index.php\/2025\/01\/08\/renato-mauricio-prado-aponta-time-que-vai-decepcionar-em-2025\/#primaryimage"},"image":{"@id":"https:\/\/www.gaveanews.com\/index.php\/2025\/01\/08\/renato-mauricio-prado-aponta-time-que-vai-decepcionar-em-2025\/#primaryimage"},"thumbnailUrl":"https:\/\/www.gaveanews.com\/wp-content\/uploads\/rmp-flamengo-tite-729x400-1.webp","datePublished":"2025-01-08T17:40:12+00:00","author":{"@id":"https:\/\/www.gaveanews.com\/#\/schema\/person\/bd08f00534b403119b92741a6d469ef0"},"breadcrumb":{"@id":"https:\/\/www.gaveanews.com\/index.php\/2025\/01\/08\/renato-mauricio-prado-aponta-time-que-vai-decepcionar-em-2025\/#breadcrumb"},"inLanguage":"pt-BR","potentialAction":[{"@type":"ReadAction","target":["https:\/\/www.gaveanews.com\/index.php\/2025\/01\/08\/renato-mauricio-prado-aponta-time-que-vai-decepcionar-em-2025\/"]}]},{"@type":"ImageObject","inLanguage":"pt-BR","@id":"https:\/\/www.gaveanews.com\/index.php\/2025\/01\/08\/renato-mauricio-prado-aponta-time-que-vai-decepcionar-em-2025\/#primaryimage","url":"https:\/\/www.gaveanews.com\/wp-content\/uploads\/rmp-flamengo-tite-729x400-1.webp","contentUrl":"https:\/\/www.gaveanews.com\/wp-content\/uploads\/rmp-flamengo-tite-729x400-1.webp","width":729,"height":400,"caption":"RMP, em live no YouTube (Foto: Reprodu\u00e7\u00e3o)"},{"@type":"BreadcrumbList","@id":"https:\/\/www.gaveanews.com\/index.php\/2025\/01\/08\/renato-mauricio-prado-aponta-time-que-vai-decepcionar-em-2025\/#breadcrumb","itemListElement":[{"@type":"ListItem","position":1,"name":"Home","item":"https:\/\/www.gaveanews.com\/"},{"@type":"ListItem","position":2,"name":"Renato Maur\u00edcio Prado aponta time que vai decepcionar em 2025"}]},{"@type":"WebSite","@id":"https:\/\/www.gaveanews.com\/#website","url":"https:\/\/www.gaveanews.com\/","name":"G\u00e1vea News","description":"Veja todas as not\u00edcias sobre o Flamengo: Contrata\u00e7\u00f5es, categorias de base, resultados das partidas, tabela de classifica\u00e7\u00e3o, pr\u00f3ximos jogos!","potentialAction":[{"@type":"SearchAction","target":{"@type":"EntryPoint","urlTemplate":"https:\/\/www.gaveanews.com\/?s={search_term_string}"},"query-input":{"@type":"PropertyValueSpecification","valueRequired":true,"valueName":"search_term_string"}}],"inLanguage":"pt-BR"},{"@type":"Person","@id":"https:\/\/www.gaveanews.com\/#\/schema\/person\/bd08f00534b403119b92741a6d469ef0","name":"Hudson Pereira","image":{"@type":"ImageObject","inLanguage":"pt-BR","@id":"https:\/\/www.gaveanews.com\/#\/schema\/person\/image\/","url":"https:\/\/secure.gravatar.com\/avatar\/ecc491b489e454e510efffc9b23c1052ce5fb4f2e05555768ba65819cd55f03e?s=96&d=mm&r=g","contentUrl":"https:\/\/secure.gravatar.com\/avatar\/ecc491b489e454e510efffc9b23c1052ce5fb4f2e05555768ba65819cd55f03e?s=96&d=mm&r=g","caption":"Hudson Pereira"}}]}},"_links":{"self":[{"href":"https:\/\/www.gaveanews.com\/index.php\/wp-json\/wp\/v2\/posts\/209433","targetHints":{"allow":["GET"]}}],"collection":[{"href":"https:\/\/www.gaveanews.com\/index.php\/wp-json\/wp\/v2\/posts"}],"about":[{"href":"https:\/\/www.gaveanews.com\/index.php\/wp-json\/wp\/v2\/types\/post"}],"author":[{"embeddable":true,"href":"https:\/\/www.gaveanews.com\/index.php\/wp-json\/wp\/v2\/users\/28"}],"replies":[{"embeddable":true,"href":"https:\/\/www.gaveanews.com\/index.php\/wp-json\/wp\/v2\/comments?post=209433"}],"version-history":[{"count":2,"href":"https:\/\/www.gaveanews.com\/index.php\/wp-json\/wp\/v2\/posts\/209433\/revisions"}],"predecessor-version":[{"id":209435,"href":"https:\/\/www.gaveanews.com\/index.php\/wp-json\/wp\/v2\/posts\/209433\/revisions\/209435"}],"wp:featuredmedia":[{"embeddable":true,"href":"https:\/\/www.gaveanews.com\/index.php\/wp-json\/wp\/v2\/media\/142549"}],"wp:attachment":[{"href":"https:\/\/www.gaveanews.com\/index.php\/wp-json\/wp\/v2\/media?parent=209433"}],"wp:term":[{"taxonomy":"category","embeddable":true,"href":"https:\/\/www.gaveanews.com\/index.php\/wp-json\/wp\/v2\/categories?post=209433"},{"taxonomy":"post_tag","embeddable":true,"href":"https:\/\/www.gaveanews.com\/index.php\/wp-json\/wp\/v2\/tags?post=209433"}],"curies":[{"name":"wp","href":"https:\/\/api.w.org\/{rel}","templated":true}]}}