{"id":209599,"date":"2025-01-08T20:50:00","date_gmt":"2025-01-08T23:50:00","guid":{"rendered":"https:\/\/www.gaveanews.com\/?p=209599"},"modified":"2025-01-08T19:51:30","modified_gmt":"2025-01-08T22:51:30","slug":"a-declaracao-de-quinteros-direcionada-a-villasanti","status":"publish","type":"post","link":"https:\/\/www.gaveanews.com\/index.php\/2025\/01\/08\/a-declaracao-de-quinteros-direcionada-a-villasanti\/","title":{"rendered":"A declara\u00e7\u00e3o de Quinteros direcionada \u00e0 Villasanti"},"content":{"rendered":"\n<h2 class=\"wp-block-heading\" id=\"h-meio-campista-esta-no-radar-do-palmeiras\">Meio-campista est\u00e1 no radar do Palmeiras <\/h2>\n\n\n\n<p>O t\u00e9cnico Gustavo Quinteros foi apresentado no Gr\u00eamio de forma oficial na \u00faltima segunda-feira (6). Por\u00e9m, antes mesmo de sua apresenta\u00e7\u00e3o, o treinador j\u00e1 estava trabalhando. Isso porque Quinteros conversou com Villasanti sobre sua perman\u00eancia no Imortal. <\/p>\n\n\n\n<ul class=\"wp-block-list\">\n<li><a href=\"https:\/\/www.gaveanews.com\/index.php\/2025\/01\/07\/gustavo-quinteros-manda-recado-para-torcedores-do-gremio\/\">Gustavo Quinteros manda recado para torcedores do Gr\u00eamio<\/a><\/li>\n\n\n\n<li><a href=\"https:\/\/www.gaveanews.com\/index.php\/2025\/01\/07\/joao-lucas-gustavo-quinteros-du-queiroz-brenno-rafael-cabral-diego-costa-soteldo-reinaldo-rodrigo-caio-e-geromel-as-movimentacoes-do-gremio-no-mercado-da-bola\/\">Jo\u00e3o Lucas, Gustavo Quinteros, Du Queiroz, Brenno, Rafael Cabral, Diego Costa, Soteldo, Reinaldo, Rodrigo Caio e Geromel: as movimenta\u00e7\u00f5es do Gr\u00eamio no mercado da bola<\/a><\/li>\n<\/ul>\n\n\n\n<p>Villasanti est\u00e1 na mira do Palmeiras para esta temporada, no entanto, o clube alviverde tem Andreas Pereira, do Fulham-ING, como plano A. Apesar disso, o t\u00e9cnico Gustavo Quinteros n\u00e3o quer correr o risco de perder um jogador t\u00e3o importante dentro do elenco. <\/p>\n\n\n\n<p>O empres\u00e1rio de Villasanti assumiu recentemente que o Palmeiras realizou alguns contatos e disse que o neg\u00f3cio poderia acontecer. Por\u00e9m, o mesmo afirmou que a sa\u00edda do meio-campista ser\u00e1 muito dif\u00edcil, muito por conta de que o jogador n\u00e3o pensa em se mudar. <\/p>\n\n\n\n<p>A prioridade tamb\u00e9m \u00e9 garantir a perman\u00eancia de Cristaldo, que despertou interesse no mercado. O meia argentino est\u00e1 em meio a uma negocia\u00e7\u00e3o para renovar seu contrato, um processo que se arrasta desde o ano passado. O atleta busca uma valoriza\u00e7\u00e3o salarial, mas as partes ainda n\u00e3o chegaram a um acordo.<\/p>\n\n\n\n<p>&#8220;J\u00e1 estou conversando com Villasanti um pouco para que esteja feliz. N\u00e3o sei se estou me saindo bem (risos). Mas s\u00e3o muito importantes (Villasanti e Cristaldo), at\u00e9 como disse a ele, para ter uma temporada melhor e ir para a Europa, n\u00e3o em uma equipe daqui. Que v\u00e1 direto!&#8221;, iniciou o treinador gremista. <\/p>\n\n\n\n<p>&#8220;Seria fant\u00e1stico que ficassem (Villasanti e Cristaldo). S\u00e3o dois jogadores dos melhores nas suas posi\u00e7\u00f5es que podem se encontrar no futebol brasileiro e em outros pa\u00edses tamb\u00e9m. S\u00e3o jogadores importantes para introduzir na equipe o que queremos. N\u00e3o seria f\u00e1cil substitu\u00ed-los&#8221;, finalizou Gustavo Quinteros. <\/p>\n","protected":false},"excerpt":{"rendered":"<p>Meio-campista est\u00e1 no radar do Palmeiras O t\u00e9cnico Gustavo Quinteros foi apresentado no Gr\u00eamio de forma oficial na \u00faltima segunda-feira (6). Por\u00e9m, antes mesmo de sua apresenta\u00e7\u00e3o, o treinador j\u00e1 estava trabalhando. Isso porque Quinteros conversou com Villasanti sobre sua perman\u00eancia no Imortal. Villasanti est\u00e1 na mira do Palmeiras para esta temporada, no entanto, o [&hellip;]<\/p>\n","protected":false},"author":21,"featured_media":109516,"comment_status":"open","ping_status":"closed","sticky":false,"template":"","format":"standard","meta":{"footnotes":""},"categories":[147],"tags":[],"class_list":["post-209599","post","type-post","status-publish","format-standard","has-post-thumbnail","hentry","category-gremio"],"yoast_head":"<!-- This site is optimized with the Yoast SEO Premium plugin v24.2 (Yoast SEO v26.9) - https:\/\/yoast.com\/product\/yoast-seo-premium-wordpress\/ -->\n<title>A declara\u00e7\u00e3o de Quinteros direcionada \u00e0 Villasanti<\/title>\n<meta name=\"robots\" content=\"index, follow, max-snippet:-1, max-image-preview:large, max-video-preview:-1\" \/>\n<link rel=\"canonical\" href=\"https:\/\/www.gaveanews.com\/index.php\/2025\/01\/08\/a-declaracao-de-quinteros-direcionada-a-villasanti\/\" \/>\n<meta property=\"og:locale\" content=\"pt_BR\" \/>\n<meta property=\"og:type\" content=\"article\" \/>\n<meta property=\"og:title\" content=\"A declara\u00e7\u00e3o de Quinteros direcionada \u00e0 Villasanti\" \/>\n<meta property=\"og:description\" content=\"Meio-campista est\u00e1 no radar do Palmeiras O t\u00e9cnico Gustavo Quinteros foi apresentado no Gr\u00eamio de forma oficial na \u00faltima segunda-feira (6). Por\u00e9m, antes mesmo de sua apresenta\u00e7\u00e3o, o treinador j\u00e1 estava trabalhando. Isso porque Quinteros conversou com Villasanti sobre sua perman\u00eancia no Imortal. Villasanti est\u00e1 na mira do Palmeiras para esta temporada, no entanto, o [&hellip;]\" \/>\n<meta property=\"og:url\" content=\"https:\/\/www.gaveanews.com\/index.php\/2025\/01\/08\/a-declaracao-de-quinteros-direcionada-a-villasanti\/\" \/>\n<meta property=\"og:site_name\" content=\"G\u00e1vea News\" \/>\n<meta property=\"article:publisher\" content=\"https:\/\/facebook.com\/gaveaNews\/\" \/>\n<meta property=\"article:published_time\" content=\"2025-01-08T23:50:00+00:00\" \/>\n<meta property=\"og:image\" content=\"https:\/\/www.gaveanews.com\/wp-content\/uploads\/villasanti-gremio.webp\" \/>\n\t<meta property=\"og:image:width\" content=\"984\" \/>\n\t<meta property=\"og:image:height\" content=\"656\" \/>\n\t<meta property=\"og:image:type\" content=\"image\/webp\" \/>\n<meta name=\"author\" content=\"Andr\u00e9 Serra\" \/>\n<meta name=\"twitter:card\" content=\"summary_large_image\" \/>\n<meta name=\"twitter:label1\" content=\"Escrito por\" \/>\n\t<meta name=\"twitter:data1\" content=\"Andr\u00e9 Serra\" \/>\n\t<meta name=\"twitter:label2\" content=\"Est. tempo de leitura\" \/>\n\t<meta name=\"twitter:data2\" content=\"2 minutos\" \/>\n<script type=\"application\/ld+json\" class=\"yoast-schema-graph\">{\"@context\":\"https:\/\/schema.org\",\"@graph\":[{\"@type\":\"NewsArticle\",\"@id\":\"https:\/\/www.gaveanews.com\/index.php\/2025\/01\/08\/a-declaracao-de-quinteros-direcionada-a-villasanti\/#article\",\"isPartOf\":{\"@id\":\"https:\/\/www.gaveanews.com\/index.php\/2025\/01\/08\/a-declaracao-de-quinteros-direcionada-a-villasanti\/\"},\"author\":{\"name\":\"Andr\u00e9 Serra\",\"@id\":\"https:\/\/www.gaveanews.com\/#\/schema\/person\/0277a79a1289c451c281ec0411d84f0c\"},\"headline\":\"A declara\u00e7\u00e3o de Quinteros direcionada \u00e0 Villasanti\",\"datePublished\":\"2025-01-08T23:50:00+00:00\",\"mainEntityOfPage\":{\"@id\":\"https:\/\/www.gaveanews.com\/index.php\/2025\/01\/08\/a-declaracao-de-quinteros-direcionada-a-villasanti\/\"},\"wordCount\":349,\"commentCount\":0,\"image\":{\"@id\":\"https:\/\/www.gaveanews.com\/index.php\/2025\/01\/08\/a-declaracao-de-quinteros-direcionada-a-villasanti\/#primaryimage\"},\"thumbnailUrl\":\"https:\/\/www.gaveanews.com\/wp-content\/uploads\/villasanti-gremio.webp\",\"articleSection\":[\"Gr\u00eamio\"],\"inLanguage\":\"pt-BR\",\"potentialAction\":[{\"@type\":\"CommentAction\",\"name\":\"Comment\",\"target\":[\"https:\/\/www.gaveanews.com\/index.php\/2025\/01\/08\/a-declaracao-de-quinteros-direcionada-a-villasanti\/#respond\"]}],\"copyrightYear\":\"2025\",\"copyrightHolder\":{\"@id\":\"https:\/\/www.gaveanews.com\/#organization\"}},{\"@type\":\"WebPage\",\"@id\":\"https:\/\/www.gaveanews.com\/index.php\/2025\/01\/08\/a-declaracao-de-quinteros-direcionada-a-villasanti\/\",\"url\":\"https:\/\/www.gaveanews.com\/index.php\/2025\/01\/08\/a-declaracao-de-quinteros-direcionada-a-villasanti\/\",\"name\":\"A declara\u00e7\u00e3o de Quinteros direcionada \u00e0 Villasanti\",\"isPartOf\":{\"@id\":\"https:\/\/www.gaveanews.com\/#website\"},\"primaryImageOfPage\":{\"@id\":\"https:\/\/www.gaveanews.com\/index.php\/2025\/01\/08\/a-declaracao-de-quinteros-direcionada-a-villasanti\/#primaryimage\"},\"image\":{\"@id\":\"https:\/\/www.gaveanews.com\/index.php\/2025\/01\/08\/a-declaracao-de-quinteros-direcionada-a-villasanti\/#primaryimage\"},\"thumbnailUrl\":\"https:\/\/www.gaveanews.com\/wp-content\/uploads\/villasanti-gremio.webp\",\"datePublished\":\"2025-01-08T23:50:00+00:00\",\"author\":{\"@id\":\"https:\/\/www.gaveanews.com\/#\/schema\/person\/0277a79a1289c451c281ec0411d84f0c\"},\"breadcrumb\":{\"@id\":\"https:\/\/www.gaveanews.com\/index.php\/2025\/01\/08\/a-declaracao-de-quinteros-direcionada-a-villasanti\/#breadcrumb\"},\"inLanguage\":\"pt-BR\",\"potentialAction\":[{\"@type\":\"ReadAction\",\"target\":[\"https:\/\/www.gaveanews.com\/index.php\/2025\/01\/08\/a-declaracao-de-quinteros-direcionada-a-villasanti\/\"]}]},{\"@type\":\"ImageObject\",\"inLanguage\":\"pt-BR\",\"@id\":\"https:\/\/www.gaveanews.com\/index.php\/2025\/01\/08\/a-declaracao-de-quinteros-direcionada-a-villasanti\/#primaryimage\",\"url\":\"https:\/\/www.gaveanews.com\/wp-content\/uploads\/villasanti-gremio.webp\",\"contentUrl\":\"https:\/\/www.gaveanews.com\/wp-content\/uploads\/villasanti-gremio.webp\",\"width\":984,\"height\":656,\"caption\":\"Villasanti em a\u00e7\u00e3o pelo Gr\u00eamio (Foto: Lucas Uebel\/Gr\u00eamio FBPA)\"},{\"@type\":\"BreadcrumbList\",\"@id\":\"https:\/\/www.gaveanews.com\/index.php\/2025\/01\/08\/a-declaracao-de-quinteros-direcionada-a-villasanti\/#breadcrumb\",\"itemListElement\":[{\"@type\":\"ListItem\",\"position\":1,\"name\":\"Home\",\"item\":\"https:\/\/www.gaveanews.com\/\"},{\"@type\":\"ListItem\",\"position\":2,\"name\":\"A declara\u00e7\u00e3o de Quinteros direcionada \u00e0 Villasanti\"}]},{\"@type\":\"WebSite\",\"@id\":\"https:\/\/www.gaveanews.com\/#website\",\"url\":\"https:\/\/www.gaveanews.com\/\",\"name\":\"G\u00e1vea News\",\"description\":\"Veja todas as not\u00edcias sobre o Flamengo: Contrata\u00e7\u00f5es, categorias de base, resultados das partidas, tabela de classifica\u00e7\u00e3o, pr\u00f3ximos jogos!\",\"potentialAction\":[{\"@type\":\"SearchAction\",\"target\":{\"@type\":\"EntryPoint\",\"urlTemplate\":\"https:\/\/www.gaveanews.com\/?s={search_term_string}\"},\"query-input\":{\"@type\":\"PropertyValueSpecification\",\"valueRequired\":true,\"valueName\":\"search_term_string\"}}],\"inLanguage\":\"pt-BR\"},{\"@type\":\"Person\",\"@id\":\"https:\/\/www.gaveanews.com\/#\/schema\/person\/0277a79a1289c451c281ec0411d84f0c\",\"name\":\"Andr\u00e9 Serra\",\"image\":{\"@type\":\"ImageObject\",\"inLanguage\":\"pt-BR\",\"@id\":\"https:\/\/www.gaveanews.com\/#\/schema\/person\/image\/\",\"url\":\"https:\/\/secure.gravatar.com\/avatar\/d7231369fe48db93292b3e88eb2162dbd9a34a47a8437d9ef3bcaca2a86a83d7?s=96&d=mm&r=g\",\"contentUrl\":\"https:\/\/secure.gravatar.com\/avatar\/d7231369fe48db93292b3e88eb2162dbd9a34a47a8437d9ef3bcaca2a86a83d7?s=96&d=mm&r=g\",\"caption\":\"Andr\u00e9 Serra\"}}]}<\/script>\n<!-- \/ Yoast SEO Premium plugin. -->","yoast_head_json":{"title":"A declara\u00e7\u00e3o de Quinteros direcionada \u00e0 Villasanti","robots":{"index":"index","follow":"follow","max-snippet":"max-snippet:-1","max-image-preview":"max-image-preview:large","max-video-preview":"max-video-preview:-1"},"canonical":"https:\/\/www.gaveanews.com\/index.php\/2025\/01\/08\/a-declaracao-de-quinteros-direcionada-a-villasanti\/","og_locale":"pt_BR","og_type":"article","og_title":"A declara\u00e7\u00e3o de Quinteros direcionada \u00e0 Villasanti","og_description":"Meio-campista est\u00e1 no radar do Palmeiras O t\u00e9cnico Gustavo Quinteros foi apresentado no Gr\u00eamio de forma oficial na \u00faltima segunda-feira (6). Por\u00e9m, antes mesmo de sua apresenta\u00e7\u00e3o, o treinador j\u00e1 estava trabalhando. Isso porque Quinteros conversou com Villasanti sobre sua perman\u00eancia no Imortal. Villasanti est\u00e1 na mira do Palmeiras para esta temporada, no entanto, o [&hellip;]","og_url":"https:\/\/www.gaveanews.com\/index.php\/2025\/01\/08\/a-declaracao-de-quinteros-direcionada-a-villasanti\/","og_site_name":"G\u00e1vea News","article_publisher":"https:\/\/facebook.com\/gaveaNews\/","article_published_time":"2025-01-08T23:50:00+00:00","og_image":[{"width":984,"height":656,"url":"https:\/\/www.gaveanews.com\/wp-content\/uploads\/villasanti-gremio.webp","type":"image\/webp"}],"author":"Andr\u00e9 Serra","twitter_card":"summary_large_image","twitter_misc":{"Escrito por":"Andr\u00e9 Serra","Est. tempo de leitura":"2 minutos"},"schema":{"@context":"https:\/\/schema.org","@graph":[{"@type":"NewsArticle","@id":"https:\/\/www.gaveanews.com\/index.php\/2025\/01\/08\/a-declaracao-de-quinteros-direcionada-a-villasanti\/#article","isPartOf":{"@id":"https:\/\/www.gaveanews.com\/index.php\/2025\/01\/08\/a-declaracao-de-quinteros-direcionada-a-villasanti\/"},"author":{"name":"Andr\u00e9 Serra","@id":"https:\/\/www.gaveanews.com\/#\/schema\/person\/0277a79a1289c451c281ec0411d84f0c"},"headline":"A declara\u00e7\u00e3o de Quinteros direcionada \u00e0 Villasanti","datePublished":"2025-01-08T23:50:00+00:00","mainEntityOfPage":{"@id":"https:\/\/www.gaveanews.com\/index.php\/2025\/01\/08\/a-declaracao-de-quinteros-direcionada-a-villasanti\/"},"wordCount":349,"commentCount":0,"image":{"@id":"https:\/\/www.gaveanews.com\/index.php\/2025\/01\/08\/a-declaracao-de-quinteros-direcionada-a-villasanti\/#primaryimage"},"thumbnailUrl":"https:\/\/www.gaveanews.com\/wp-content\/uploads\/villasanti-gremio.webp","articleSection":["Gr\u00eamio"],"inLanguage":"pt-BR","potentialAction":[{"@type":"CommentAction","name":"Comment","target":["https:\/\/www.gaveanews.com\/index.php\/2025\/01\/08\/a-declaracao-de-quinteros-direcionada-a-villasanti\/#respond"]}],"copyrightYear":"2025","copyrightHolder":{"@id":"https:\/\/www.gaveanews.com\/#organization"}},{"@type":"WebPage","@id":"https:\/\/www.gaveanews.com\/index.php\/2025\/01\/08\/a-declaracao-de-quinteros-direcionada-a-villasanti\/","url":"https:\/\/www.gaveanews.com\/index.php\/2025\/01\/08\/a-declaracao-de-quinteros-direcionada-a-villasanti\/","name":"A declara\u00e7\u00e3o de Quinteros direcionada \u00e0 Villasanti","isPartOf":{"@id":"https:\/\/www.gaveanews.com\/#website"},"primaryImageOfPage":{"@id":"https:\/\/www.gaveanews.com\/index.php\/2025\/01\/08\/a-declaracao-de-quinteros-direcionada-a-villasanti\/#primaryimage"},"image":{"@id":"https:\/\/www.gaveanews.com\/index.php\/2025\/01\/08\/a-declaracao-de-quinteros-direcionada-a-villasanti\/#primaryimage"},"thumbnailUrl":"https:\/\/www.gaveanews.com\/wp-content\/uploads\/villasanti-gremio.webp","datePublished":"2025-01-08T23:50:00+00:00","author":{"@id":"https:\/\/www.gaveanews.com\/#\/schema\/person\/0277a79a1289c451c281ec0411d84f0c"},"breadcrumb":{"@id":"https:\/\/www.gaveanews.com\/index.php\/2025\/01\/08\/a-declaracao-de-quinteros-direcionada-a-villasanti\/#breadcrumb"},"inLanguage":"pt-BR","potentialAction":[{"@type":"ReadAction","target":["https:\/\/www.gaveanews.com\/index.php\/2025\/01\/08\/a-declaracao-de-quinteros-direcionada-a-villasanti\/"]}]},{"@type":"ImageObject","inLanguage":"pt-BR","@id":"https:\/\/www.gaveanews.com\/index.php\/2025\/01\/08\/a-declaracao-de-quinteros-direcionada-a-villasanti\/#primaryimage","url":"https:\/\/www.gaveanews.com\/wp-content\/uploads\/villasanti-gremio.webp","contentUrl":"https:\/\/www.gaveanews.com\/wp-content\/uploads\/villasanti-gremio.webp","width":984,"height":656,"caption":"Villasanti em a\u00e7\u00e3o pelo Gr\u00eamio (Foto: Lucas Uebel\/Gr\u00eamio FBPA)"},{"@type":"BreadcrumbList","@id":"https:\/\/www.gaveanews.com\/index.php\/2025\/01\/08\/a-declaracao-de-quinteros-direcionada-a-villasanti\/#breadcrumb","itemListElement":[{"@type":"ListItem","position":1,"name":"Home","item":"https:\/\/www.gaveanews.com\/"},{"@type":"ListItem","position":2,"name":"A declara\u00e7\u00e3o de Quinteros direcionada \u00e0 Villasanti"}]},{"@type":"WebSite","@id":"https:\/\/www.gaveanews.com\/#website","url":"https:\/\/www.gaveanews.com\/","name":"G\u00e1vea News","description":"Veja todas as not\u00edcias sobre o Flamengo: Contrata\u00e7\u00f5es, categorias de base, resultados das partidas, tabela de classifica\u00e7\u00e3o, pr\u00f3ximos jogos!","potentialAction":[{"@type":"SearchAction","target":{"@type":"EntryPoint","urlTemplate":"https:\/\/www.gaveanews.com\/?s={search_term_string}"},"query-input":{"@type":"PropertyValueSpecification","valueRequired":true,"valueName":"search_term_string"}}],"inLanguage":"pt-BR"},{"@type":"Person","@id":"https:\/\/www.gaveanews.com\/#\/schema\/person\/0277a79a1289c451c281ec0411d84f0c","name":"Andr\u00e9 Serra","image":{"@type":"ImageObject","inLanguage":"pt-BR","@id":"https:\/\/www.gaveanews.com\/#\/schema\/person\/image\/","url":"https:\/\/secure.gravatar.com\/avatar\/d7231369fe48db93292b3e88eb2162dbd9a34a47a8437d9ef3bcaca2a86a83d7?s=96&d=mm&r=g","contentUrl":"https:\/\/secure.gravatar.com\/avatar\/d7231369fe48db93292b3e88eb2162dbd9a34a47a8437d9ef3bcaca2a86a83d7?s=96&d=mm&r=g","caption":"Andr\u00e9 Serra"}}]}},"_links":{"self":[{"href":"https:\/\/www.gaveanews.com\/index.php\/wp-json\/wp\/v2\/posts\/209599","targetHints":{"allow":["GET"]}}],"collection":[{"href":"https:\/\/www.gaveanews.com\/index.php\/wp-json\/wp\/v2\/posts"}],"about":[{"href":"https:\/\/www.gaveanews.com\/index.php\/wp-json\/wp\/v2\/types\/post"}],"author":[{"embeddable":true,"href":"https:\/\/www.gaveanews.com\/index.php\/wp-json\/wp\/v2\/users\/21"}],"replies":[{"embeddable":true,"href":"https:\/\/www.gaveanews.com\/index.php\/wp-json\/wp\/v2\/comments?post=209599"}],"version-history":[{"count":1,"href":"https:\/\/www.gaveanews.com\/index.php\/wp-json\/wp\/v2\/posts\/209599\/revisions"}],"predecessor-version":[{"id":209604,"href":"https:\/\/www.gaveanews.com\/index.php\/wp-json\/wp\/v2\/posts\/209599\/revisions\/209604"}],"wp:featuredmedia":[{"embeddable":true,"href":"https:\/\/www.gaveanews.com\/index.php\/wp-json\/wp\/v2\/media\/109516"}],"wp:attachment":[{"href":"https:\/\/www.gaveanews.com\/index.php\/wp-json\/wp\/v2\/media?parent=209599"}],"wp:term":[{"taxonomy":"category","embeddable":true,"href":"https:\/\/www.gaveanews.com\/index.php\/wp-json\/wp\/v2\/categories?post=209599"},{"taxonomy":"post_tag","embeddable":true,"href":"https:\/\/www.gaveanews.com\/index.php\/wp-json\/wp\/v2\/tags?post=209599"}],"curies":[{"name":"wp","href":"https:\/\/api.w.org\/{rel}","templated":true}]}}