{"id":209624,"date":"2025-01-08T18:30:00","date_gmt":"2025-01-08T21:30:00","guid":{"rendered":"https:\/\/www.gaveanews.com\/?p=209624"},"modified":"2025-01-08T16:57:33","modified_gmt":"2025-01-08T19:57:33","slug":"jose-boto-prepara-novas-mudancas-no-flamengo","status":"publish","type":"post","link":"https:\/\/www.gaveanews.com\/index.php\/2025\/01\/08\/jose-boto-prepara-novas-mudancas-no-flamengo\/","title":{"rendered":"Jos\u00e9 Boto prepara novas mudan\u00e7as no Flamengo"},"content":{"rendered":"\n<p>Jos\u00e9 Boto, novo diretor de futebol do Flamengo, est\u00e1 determinado a iniciar uma nova era no clube. Em sua segunda coletiva \u00e0 frente do cargo, realizada nesta quarta-feira, o portugu\u00eas detalhou mudan\u00e7as importantes no planejamento rubro-negro. A entrevista aconteceu antes da reapresenta\u00e7\u00e3o do elenco para a pr\u00e9-temporada de 2025, com novidades que prometem impactar positivamente a rotina do Flamengo.<\/p>\n\n\n\n<ul class=\"wp-block-list\">\n<li><a href=\"https:\/\/www.gaveanews.com\/index.php\/2025\/01\/08\/flamengo-conselho-deliberativo-aprova-tres-novos-patrocinios\/\">Flamengo: Conselho Deliberativo aprova tr\u00eas novos patroc\u00ednios<\/a><\/li>\n\n\n\n<li><a href=\"https:\/\/www.gaveanews.com\/index.php\/2025\/01\/07\/cria-do-flamengo-atrai-interesse-do-internacional\/\">Cria do Flamengo atrai interesse do Internacional<\/a><\/li>\n<\/ul>\n\n\n\n<h2 class=\"wp-block-heading\" id=\"h-um-novo-olhar-para-a-comunicacao\">Um novo olhar para a comunica\u00e7\u00e3o<\/h2>\n\n\n\n<p>Vale destacar que uma das principais medidas anunciadas por Jos\u00e9 Boto foi a maior transpar\u00eancia no dia a dia do clube. Ele informou que o Flamengo passar\u00e1 a divulgar hor\u00e1rios de treinos e viagens, abrir\u00e1 alguns treinos ao p\u00fablico e permitir\u00e1 entrevistas com jogadores. Dessa maneira, o diretor busca aproximar ainda mais o clube de sua torcida.<\/p>\n\n\n\n<blockquote class=\"twitter-tweet\"><p lang=\"pt\" dir=\"ltr\">Jos\u00e9 Boto anuncia que, a partir de agora, o Flamengo vai divulgar hor\u00e1rios de treinos e viagens, al\u00e9m de abrir alguns treinos e disponibilizar alguns jogadores para entrevistas.<br><br>\ud83d\uddde | \ud83d\udcf8 <a href=\"https:\/\/twitter.com\/simpraisa?ref_src=twsrc%5Etfw\">@simpraisa<\/a> <a href=\"https:\/\/t.co\/193jeldm9z\">pic.twitter.com\/193jeldm9z<\/a><\/p>&mdash; Planeta do Futebol \ud83c\udf0e (@futebol_info) <a href=\"https:\/\/twitter.com\/futebol_info\/status\/1877046475642843472?ref_src=twsrc%5Etfw\">January 8, 2025<\/a><\/blockquote> <script async src=\"https:\/\/platform.twitter.com\/widgets.js\" charset=\"utf-8\"><\/script>\n\n\n\n<p>Al\u00e9m disso, Boto apresentou seu assistente direto, Alfredo Almeida, e o novo chefe do departamento m\u00e9dico, Fernando Sassaki. Essas mudan\u00e7as refor\u00e7am o compromisso do portugu\u00eas em reestruturar \u00e1reas estrat\u00e9gicas do clube.<\/p>\n\n\n\n<h2 class=\"wp-block-heading\" id=\"h-autonomia-e-experiencia-no-comando\">Autonomia e experi\u00eancia no comando<\/h2>\n\n\n\n<p>Jos\u00e9 Boto chegou ao Flamengo com total respaldo do novo presidente Luiz Eduardo Baptista (Bap). Isso porque Bap acredita que o ex-Benfica, Shakhtar Donetsk, PAOK e NK Osijek tem o perfil ideal para comandar o departamento de futebol. Sendo assim, Boto ter\u00e1 autonomia para implementar todas as altera\u00e7\u00f5es que considerar necess\u00e1rias.<\/p>\n\n\n\n<p>Cabe ressaltar que o diretor ser\u00e1 um dos respons\u00e1veis pelas contrata\u00e7\u00f5es no futebol. Por isso, sua experi\u00eancia em identificar talentos com grande potencial ser\u00e1 um diferencial. Vale lembrar que Boto \u00e9 conhecido por descobrir jogadores que se valorizaram no mercado, gerando lucros expressivos para os clubes por onde passou.<\/p>\n\n\n\n<h2 class=\"wp-block-heading\" id=\"h-flamengo-sob-nova-gestao\">Flamengo sob nova gest\u00e3o<\/h2>\n\n\n\n<p>Com isso, o Flamengo d\u00e1 sinais de que est\u00e1 disposto a se reinventar, investindo em planejamento e inova\u00e7\u00e3o. Jos\u00e9 Boto j\u00e1 demonstra que est\u00e1 focado em transformar o clube em refer\u00eancia de organiza\u00e7\u00e3o e gest\u00e3o. Portanto, os pr\u00f3ximos meses ser\u00e3o decisivos para consolidar essas mudan\u00e7as e levar o Flamengo a um novo patamar no cen\u00e1rio esportivo.<\/p>\n","protected":false},"excerpt":{"rendered":"<p>Jos\u00e9 Boto, novo diretor de futebol do Flamengo, est\u00e1 determinado a iniciar uma nova era no clube. Em sua segunda coletiva \u00e0 frente do cargo, realizada nesta quarta-feira, o portugu\u00eas detalhou mudan\u00e7as importantes no planejamento rubro-negro. A entrevista aconteceu antes da reapresenta\u00e7\u00e3o do elenco para a pr\u00e9-temporada de 2025, com novidades que prometem impactar positivamente [&hellip;]<\/p>\n","protected":false},"author":24,"featured_media":205636,"comment_status":"open","ping_status":"closed","sticky":false,"template":"","format":"standard","meta":{"footnotes":""},"categories":[1],"tags":[],"class_list":["post-209624","post","type-post","status-publish","format-standard","has-post-thumbnail","hentry","category-flamengo"],"yoast_head":"<!-- This site is optimized with the Yoast SEO Premium plugin v24.2 (Yoast SEO v26.9) - https:\/\/yoast.com\/product\/yoast-seo-premium-wordpress\/ -->\n<title>Jos\u00e9 Boto prepara novas mudan\u00e7as no Flamengo<\/title>\n<meta name=\"robots\" content=\"index, follow, max-snippet:-1, max-image-preview:large, max-video-preview:-1\" \/>\n<link rel=\"canonical\" href=\"https:\/\/www.gaveanews.com\/index.php\/2025\/01\/08\/jose-boto-prepara-novas-mudancas-no-flamengo\/\" \/>\n<meta property=\"og:locale\" content=\"pt_BR\" \/>\n<meta property=\"og:type\" content=\"article\" \/>\n<meta property=\"og:title\" content=\"Jos\u00e9 Boto prepara novas mudan\u00e7as no Flamengo\" \/>\n<meta property=\"og:description\" content=\"Jos\u00e9 Boto, novo diretor de futebol do Flamengo, est\u00e1 determinado a iniciar uma nova era no clube. Em sua segunda coletiva \u00e0 frente do cargo, realizada nesta quarta-feira, o portugu\u00eas detalhou mudan\u00e7as importantes no planejamento rubro-negro. A entrevista aconteceu antes da reapresenta\u00e7\u00e3o do elenco para a pr\u00e9-temporada de 2025, com novidades que prometem impactar positivamente [&hellip;]\" \/>\n<meta property=\"og:url\" content=\"https:\/\/www.gaveanews.com\/index.php\/2025\/01\/08\/jose-boto-prepara-novas-mudancas-no-flamengo\/\" \/>\n<meta property=\"og:site_name\" content=\"G\u00e1vea News\" \/>\n<meta property=\"article:publisher\" content=\"https:\/\/facebook.com\/gaveaNews\/\" \/>\n<meta property=\"article:published_time\" content=\"2025-01-08T21:30:00+00:00\" \/>\n<meta property=\"og:image\" content=\"https:\/\/www.gaveanews.com\/wp-content\/uploads\/Apresentacao-de-Jose-Boto-no-Flamengo-Foto_-Marcelo-Cortes-_-CRF.webp\" \/>\n\t<meta property=\"og:image:width\" content=\"2048\" \/>\n\t<meta property=\"og:image:height\" content=\"1364\" \/>\n\t<meta property=\"og:image:type\" content=\"image\/webp\" \/>\n<meta name=\"author\" content=\"Leandro Cardoso\" \/>\n<meta name=\"twitter:card\" content=\"summary_large_image\" \/>\n<meta name=\"twitter:label1\" content=\"Escrito por\" \/>\n\t<meta name=\"twitter:data1\" content=\"Leandro Cardoso\" \/>\n\t<meta name=\"twitter:label2\" content=\"Est. tempo de leitura\" \/>\n\t<meta name=\"twitter:data2\" content=\"3 minutos\" \/>\n<script type=\"application\/ld+json\" class=\"yoast-schema-graph\">{\"@context\":\"https:\/\/schema.org\",\"@graph\":[{\"@type\":\"NewsArticle\",\"@id\":\"https:\/\/www.gaveanews.com\/index.php\/2025\/01\/08\/jose-boto-prepara-novas-mudancas-no-flamengo\/#article\",\"isPartOf\":{\"@id\":\"https:\/\/www.gaveanews.com\/index.php\/2025\/01\/08\/jose-boto-prepara-novas-mudancas-no-flamengo\/\"},\"author\":{\"name\":\"Leandro Cardoso\",\"@id\":\"https:\/\/www.gaveanews.com\/#\/schema\/person\/2424ec6409bc3f068411fc5e4e9b6168\"},\"headline\":\"Jos\u00e9 Boto prepara novas mudan\u00e7as no Flamengo\",\"datePublished\":\"2025-01-08T21:30:00+00:00\",\"mainEntityOfPage\":{\"@id\":\"https:\/\/www.gaveanews.com\/index.php\/2025\/01\/08\/jose-boto-prepara-novas-mudancas-no-flamengo\/\"},\"wordCount\":411,\"commentCount\":0,\"image\":{\"@id\":\"https:\/\/www.gaveanews.com\/index.php\/2025\/01\/08\/jose-boto-prepara-novas-mudancas-no-flamengo\/#primaryimage\"},\"thumbnailUrl\":\"https:\/\/www.gaveanews.com\/wp-content\/uploads\/Apresentacao-de-Jose-Boto-no-Flamengo-Foto_-Marcelo-Cortes-_-CRF.webp\",\"articleSection\":[\"Flamengo\"],\"inLanguage\":\"pt-BR\",\"potentialAction\":[{\"@type\":\"CommentAction\",\"name\":\"Comment\",\"target\":[\"https:\/\/www.gaveanews.com\/index.php\/2025\/01\/08\/jose-boto-prepara-novas-mudancas-no-flamengo\/#respond\"]}],\"copyrightYear\":\"2025\",\"copyrightHolder\":{\"@id\":\"https:\/\/www.gaveanews.com\/#organization\"}},{\"@type\":\"WebPage\",\"@id\":\"https:\/\/www.gaveanews.com\/index.php\/2025\/01\/08\/jose-boto-prepara-novas-mudancas-no-flamengo\/\",\"url\":\"https:\/\/www.gaveanews.com\/index.php\/2025\/01\/08\/jose-boto-prepara-novas-mudancas-no-flamengo\/\",\"name\":\"Jos\u00e9 Boto prepara novas mudan\u00e7as no Flamengo\",\"isPartOf\":{\"@id\":\"https:\/\/www.gaveanews.com\/#website\"},\"primaryImageOfPage\":{\"@id\":\"https:\/\/www.gaveanews.com\/index.php\/2025\/01\/08\/jose-boto-prepara-novas-mudancas-no-flamengo\/#primaryimage\"},\"image\":{\"@id\":\"https:\/\/www.gaveanews.com\/index.php\/2025\/01\/08\/jose-boto-prepara-novas-mudancas-no-flamengo\/#primaryimage\"},\"thumbnailUrl\":\"https:\/\/www.gaveanews.com\/wp-content\/uploads\/Apresentacao-de-Jose-Boto-no-Flamengo-Foto_-Marcelo-Cortes-_-CRF.webp\",\"datePublished\":\"2025-01-08T21:30:00+00:00\",\"author\":{\"@id\":\"https:\/\/www.gaveanews.com\/#\/schema\/person\/2424ec6409bc3f068411fc5e4e9b6168\"},\"breadcrumb\":{\"@id\":\"https:\/\/www.gaveanews.com\/index.php\/2025\/01\/08\/jose-boto-prepara-novas-mudancas-no-flamengo\/#breadcrumb\"},\"inLanguage\":\"pt-BR\",\"potentialAction\":[{\"@type\":\"ReadAction\",\"target\":[\"https:\/\/www.gaveanews.com\/index.php\/2025\/01\/08\/jose-boto-prepara-novas-mudancas-no-flamengo\/\"]}]},{\"@type\":\"ImageObject\",\"inLanguage\":\"pt-BR\",\"@id\":\"https:\/\/www.gaveanews.com\/index.php\/2025\/01\/08\/jose-boto-prepara-novas-mudancas-no-flamengo\/#primaryimage\",\"url\":\"https:\/\/www.gaveanews.com\/wp-content\/uploads\/Apresentacao-de-Jose-Boto-no-Flamengo-Foto_-Marcelo-Cortes-_-CRF.webp\",\"contentUrl\":\"https:\/\/www.gaveanews.com\/wp-content\/uploads\/Apresentacao-de-Jose-Boto-no-Flamengo-Foto_-Marcelo-Cortes-_-CRF.webp\",\"width\":2048,\"height\":1364},{\"@type\":\"BreadcrumbList\",\"@id\":\"https:\/\/www.gaveanews.com\/index.php\/2025\/01\/08\/jose-boto-prepara-novas-mudancas-no-flamengo\/#breadcrumb\",\"itemListElement\":[{\"@type\":\"ListItem\",\"position\":1,\"name\":\"Home\",\"item\":\"https:\/\/www.gaveanews.com\/\"},{\"@type\":\"ListItem\",\"position\":2,\"name\":\"Jos\u00e9 Boto prepara novas mudan\u00e7as no Flamengo\"}]},{\"@type\":\"WebSite\",\"@id\":\"https:\/\/www.gaveanews.com\/#website\",\"url\":\"https:\/\/www.gaveanews.com\/\",\"name\":\"G\u00e1vea News\",\"description\":\"Veja todas as not\u00edcias sobre o Flamengo: Contrata\u00e7\u00f5es, categorias de base, resultados das partidas, tabela de classifica\u00e7\u00e3o, pr\u00f3ximos jogos!\",\"potentialAction\":[{\"@type\":\"SearchAction\",\"target\":{\"@type\":\"EntryPoint\",\"urlTemplate\":\"https:\/\/www.gaveanews.com\/?s={search_term_string}\"},\"query-input\":{\"@type\":\"PropertyValueSpecification\",\"valueRequired\":true,\"valueName\":\"search_term_string\"}}],\"inLanguage\":\"pt-BR\"},{\"@type\":\"Person\",\"@id\":\"https:\/\/www.gaveanews.com\/#\/schema\/person\/2424ec6409bc3f068411fc5e4e9b6168\",\"name\":\"Leandro Cardoso\",\"image\":{\"@type\":\"ImageObject\",\"inLanguage\":\"pt-BR\",\"@id\":\"https:\/\/www.gaveanews.com\/#\/schema\/person\/image\/\",\"url\":\"https:\/\/secure.gravatar.com\/avatar\/8ca179f9b55eefe9f376f5493ef25475bfa59fbc28ce937f6076ce20e523098f?s=96&d=mm&r=g\",\"contentUrl\":\"https:\/\/secure.gravatar.com\/avatar\/8ca179f9b55eefe9f376f5493ef25475bfa59fbc28ce937f6076ce20e523098f?s=96&d=mm&r=g\",\"caption\":\"Leandro Cardoso\"}}]}<\/script>\n<!-- \/ Yoast SEO Premium plugin. -->","yoast_head_json":{"title":"Jos\u00e9 Boto prepara novas mudan\u00e7as no Flamengo","robots":{"index":"index","follow":"follow","max-snippet":"max-snippet:-1","max-image-preview":"max-image-preview:large","max-video-preview":"max-video-preview:-1"},"canonical":"https:\/\/www.gaveanews.com\/index.php\/2025\/01\/08\/jose-boto-prepara-novas-mudancas-no-flamengo\/","og_locale":"pt_BR","og_type":"article","og_title":"Jos\u00e9 Boto prepara novas mudan\u00e7as no Flamengo","og_description":"Jos\u00e9 Boto, novo diretor de futebol do Flamengo, est\u00e1 determinado a iniciar uma nova era no clube. Em sua segunda coletiva \u00e0 frente do cargo, realizada nesta quarta-feira, o portugu\u00eas detalhou mudan\u00e7as importantes no planejamento rubro-negro. A entrevista aconteceu antes da reapresenta\u00e7\u00e3o do elenco para a pr\u00e9-temporada de 2025, com novidades que prometem impactar positivamente [&hellip;]","og_url":"https:\/\/www.gaveanews.com\/index.php\/2025\/01\/08\/jose-boto-prepara-novas-mudancas-no-flamengo\/","og_site_name":"G\u00e1vea News","article_publisher":"https:\/\/facebook.com\/gaveaNews\/","article_published_time":"2025-01-08T21:30:00+00:00","og_image":[{"width":2048,"height":1364,"url":"https:\/\/www.gaveanews.com\/wp-content\/uploads\/Apresentacao-de-Jose-Boto-no-Flamengo-Foto_-Marcelo-Cortes-_-CRF.webp","type":"image\/webp"}],"author":"Leandro Cardoso","twitter_card":"summary_large_image","twitter_misc":{"Escrito por":"Leandro Cardoso","Est. tempo de leitura":"3 minutos"},"schema":{"@context":"https:\/\/schema.org","@graph":[{"@type":"NewsArticle","@id":"https:\/\/www.gaveanews.com\/index.php\/2025\/01\/08\/jose-boto-prepara-novas-mudancas-no-flamengo\/#article","isPartOf":{"@id":"https:\/\/www.gaveanews.com\/index.php\/2025\/01\/08\/jose-boto-prepara-novas-mudancas-no-flamengo\/"},"author":{"name":"Leandro Cardoso","@id":"https:\/\/www.gaveanews.com\/#\/schema\/person\/2424ec6409bc3f068411fc5e4e9b6168"},"headline":"Jos\u00e9 Boto prepara novas mudan\u00e7as no Flamengo","datePublished":"2025-01-08T21:30:00+00:00","mainEntityOfPage":{"@id":"https:\/\/www.gaveanews.com\/index.php\/2025\/01\/08\/jose-boto-prepara-novas-mudancas-no-flamengo\/"},"wordCount":411,"commentCount":0,"image":{"@id":"https:\/\/www.gaveanews.com\/index.php\/2025\/01\/08\/jose-boto-prepara-novas-mudancas-no-flamengo\/#primaryimage"},"thumbnailUrl":"https:\/\/www.gaveanews.com\/wp-content\/uploads\/Apresentacao-de-Jose-Boto-no-Flamengo-Foto_-Marcelo-Cortes-_-CRF.webp","articleSection":["Flamengo"],"inLanguage":"pt-BR","potentialAction":[{"@type":"CommentAction","name":"Comment","target":["https:\/\/www.gaveanews.com\/index.php\/2025\/01\/08\/jose-boto-prepara-novas-mudancas-no-flamengo\/#respond"]}],"copyrightYear":"2025","copyrightHolder":{"@id":"https:\/\/www.gaveanews.com\/#organization"}},{"@type":"WebPage","@id":"https:\/\/www.gaveanews.com\/index.php\/2025\/01\/08\/jose-boto-prepara-novas-mudancas-no-flamengo\/","url":"https:\/\/www.gaveanews.com\/index.php\/2025\/01\/08\/jose-boto-prepara-novas-mudancas-no-flamengo\/","name":"Jos\u00e9 Boto prepara novas mudan\u00e7as no Flamengo","isPartOf":{"@id":"https:\/\/www.gaveanews.com\/#website"},"primaryImageOfPage":{"@id":"https:\/\/www.gaveanews.com\/index.php\/2025\/01\/08\/jose-boto-prepara-novas-mudancas-no-flamengo\/#primaryimage"},"image":{"@id":"https:\/\/www.gaveanews.com\/index.php\/2025\/01\/08\/jose-boto-prepara-novas-mudancas-no-flamengo\/#primaryimage"},"thumbnailUrl":"https:\/\/www.gaveanews.com\/wp-content\/uploads\/Apresentacao-de-Jose-Boto-no-Flamengo-Foto_-Marcelo-Cortes-_-CRF.webp","datePublished":"2025-01-08T21:30:00+00:00","author":{"@id":"https:\/\/www.gaveanews.com\/#\/schema\/person\/2424ec6409bc3f068411fc5e4e9b6168"},"breadcrumb":{"@id":"https:\/\/www.gaveanews.com\/index.php\/2025\/01\/08\/jose-boto-prepara-novas-mudancas-no-flamengo\/#breadcrumb"},"inLanguage":"pt-BR","potentialAction":[{"@type":"ReadAction","target":["https:\/\/www.gaveanews.com\/index.php\/2025\/01\/08\/jose-boto-prepara-novas-mudancas-no-flamengo\/"]}]},{"@type":"ImageObject","inLanguage":"pt-BR","@id":"https:\/\/www.gaveanews.com\/index.php\/2025\/01\/08\/jose-boto-prepara-novas-mudancas-no-flamengo\/#primaryimage","url":"https:\/\/www.gaveanews.com\/wp-content\/uploads\/Apresentacao-de-Jose-Boto-no-Flamengo-Foto_-Marcelo-Cortes-_-CRF.webp","contentUrl":"https:\/\/www.gaveanews.com\/wp-content\/uploads\/Apresentacao-de-Jose-Boto-no-Flamengo-Foto_-Marcelo-Cortes-_-CRF.webp","width":2048,"height":1364},{"@type":"BreadcrumbList","@id":"https:\/\/www.gaveanews.com\/index.php\/2025\/01\/08\/jose-boto-prepara-novas-mudancas-no-flamengo\/#breadcrumb","itemListElement":[{"@type":"ListItem","position":1,"name":"Home","item":"https:\/\/www.gaveanews.com\/"},{"@type":"ListItem","position":2,"name":"Jos\u00e9 Boto prepara novas mudan\u00e7as no Flamengo"}]},{"@type":"WebSite","@id":"https:\/\/www.gaveanews.com\/#website","url":"https:\/\/www.gaveanews.com\/","name":"G\u00e1vea News","description":"Veja todas as not\u00edcias sobre o Flamengo: Contrata\u00e7\u00f5es, categorias de base, resultados das partidas, tabela de classifica\u00e7\u00e3o, pr\u00f3ximos jogos!","potentialAction":[{"@type":"SearchAction","target":{"@type":"EntryPoint","urlTemplate":"https:\/\/www.gaveanews.com\/?s={search_term_string}"},"query-input":{"@type":"PropertyValueSpecification","valueRequired":true,"valueName":"search_term_string"}}],"inLanguage":"pt-BR"},{"@type":"Person","@id":"https:\/\/www.gaveanews.com\/#\/schema\/person\/2424ec6409bc3f068411fc5e4e9b6168","name":"Leandro Cardoso","image":{"@type":"ImageObject","inLanguage":"pt-BR","@id":"https:\/\/www.gaveanews.com\/#\/schema\/person\/image\/","url":"https:\/\/secure.gravatar.com\/avatar\/8ca179f9b55eefe9f376f5493ef25475bfa59fbc28ce937f6076ce20e523098f?s=96&d=mm&r=g","contentUrl":"https:\/\/secure.gravatar.com\/avatar\/8ca179f9b55eefe9f376f5493ef25475bfa59fbc28ce937f6076ce20e523098f?s=96&d=mm&r=g","caption":"Leandro Cardoso"}}]}},"_links":{"self":[{"href":"https:\/\/www.gaveanews.com\/index.php\/wp-json\/wp\/v2\/posts\/209624","targetHints":{"allow":["GET"]}}],"collection":[{"href":"https:\/\/www.gaveanews.com\/index.php\/wp-json\/wp\/v2\/posts"}],"about":[{"href":"https:\/\/www.gaveanews.com\/index.php\/wp-json\/wp\/v2\/types\/post"}],"author":[{"embeddable":true,"href":"https:\/\/www.gaveanews.com\/index.php\/wp-json\/wp\/v2\/users\/24"}],"replies":[{"embeddable":true,"href":"https:\/\/www.gaveanews.com\/index.php\/wp-json\/wp\/v2\/comments?post=209624"}],"version-history":[{"count":1,"href":"https:\/\/www.gaveanews.com\/index.php\/wp-json\/wp\/v2\/posts\/209624\/revisions"}],"predecessor-version":[{"id":209626,"href":"https:\/\/www.gaveanews.com\/index.php\/wp-json\/wp\/v2\/posts\/209624\/revisions\/209626"}],"wp:featuredmedia":[{"embeddable":true,"href":"https:\/\/www.gaveanews.com\/index.php\/wp-json\/wp\/v2\/media\/205636"}],"wp:attachment":[{"href":"https:\/\/www.gaveanews.com\/index.php\/wp-json\/wp\/v2\/media?parent=209624"}],"wp:term":[{"taxonomy":"category","embeddable":true,"href":"https:\/\/www.gaveanews.com\/index.php\/wp-json\/wp\/v2\/categories?post=209624"},{"taxonomy":"post_tag","embeddable":true,"href":"https:\/\/www.gaveanews.com\/index.php\/wp-json\/wp\/v2\/tags?post=209624"}],"curies":[{"name":"wp","href":"https:\/\/api.w.org\/{rel}","templated":true}]}}