{"id":209691,"date":"2025-01-08T23:10:00","date_gmt":"2025-01-09T02:10:00","guid":{"rendered":"https:\/\/www.gaveanews.com\/?p=209691"},"modified":"2025-01-08T22:17:51","modified_gmt":"2025-01-09T01:17:51","slug":"veja-o-motivo-do-corinthians-nao-ter-feito-nenhuma-contratacao-em-2025","status":"publish","type":"post","link":"https:\/\/www.gaveanews.com\/index.php\/2025\/01\/08\/veja-o-motivo-do-corinthians-nao-ter-feito-nenhuma-contratacao-em-2025\/","title":{"rendered":"Veja o motivo do Corinthians n\u00e3o ter feito nenhuma contrata\u00e7\u00e3o em 2025"},"content":{"rendered":"\n<p>O Corinthians inicia 2025 de forma cautelosa no mercado de transfer\u00eancias. Ap\u00f3s ter sido o destaque nas janelas do ano passado, com a contrata\u00e7\u00e3o de 20 atletas, o clube come\u00e7a a temporada sem nenhum novo jogador at\u00e9 agora.<\/p>\n\n\n\n<ul class=\"wp-block-list\">\n<li><a href=\"https:\/\/www.gaveanews.com\/index.php\/2025\/01\/08\/veja-o-motivo-do-corinthians-aceitar-emprestar-fagner-ao-cruzeiro\/\">Veja o motivo do Corinthians aceitar emprestar Fagner ao Cruzeiro<\/a><\/li>\n\n\n\n<li><a href=\"https:\/\/www.gaveanews.com\/index.php\/2025\/01\/08\/video-torcida-do-corinthians-faz-apelo-envolvendo-rodrigo-garro\/\">V\u00eddeo: torcida do Corinthians faz apelo envolvendo Rodrigo Garro<\/a><\/li>\n<\/ul>\n\n\n\n<p>Essa atitude faz parte da estrat\u00e9gia tra\u00e7ada entre a diretoria e a comiss\u00e3o t\u00e9cnica no final do ano passado. O pensamento no Corinthians \u00e9 de que o elenco possui boas alternativas em todas as posi\u00e7\u00f5es, e que o foco nesse come\u00e7o de 2025 deve ser a manuten\u00e7\u00e3o do grupo que encerrou 2024 com um desempenho positivo, acumulando nove partidas sem derrotas.<\/p>\n\n\n\n<p>Entretanto, isso n\u00e3o significa que o setor de an\u00e1lise de mercado do Tim\u00e3o esteja parado. Renan Bloise e Thiago Santos, respons\u00e1veis por identificar poss\u00edveis refor\u00e7os, est\u00e3o mapeando as oportunidades e mant\u00eam comunica\u00e7\u00e3o frequente com o diretor executivo Fabinho Soldado.<\/p>\n\n\n\n<figure class=\"wp-block-image size-full\"><img loading=\"lazy\" decoding=\"async\" width=\"1000\" height=\"667\" src=\"https:\/\/www.gaveanews.com\/wp-content\/uploads\/Escudo-do-Corinthians.webp\" alt=\"\" class=\"wp-image-146951\" srcset=\"https:\/\/www.gaveanews.com\/wp-content\/uploads\/Escudo-do-Corinthians.webp 1000w, https:\/\/www.gaveanews.com\/wp-content\/uploads\/Escudo-do-Corinthians-300x200.webp 300w, https:\/\/www.gaveanews.com\/wp-content\/uploads\/Escudo-do-Corinthians-768x512.webp 768w, https:\/\/www.gaveanews.com\/wp-content\/uploads\/Escudo-do-Corinthians-630x420.webp 630w, https:\/\/www.gaveanews.com\/wp-content\/uploads\/Escudo-do-Corinthians-640x427.webp 640w, https:\/\/www.gaveanews.com\/wp-content\/uploads\/Escudo-do-Corinthians-681x454.webp 681w, https:\/\/www.gaveanews.com\/wp-content\/uploads\/Escudo-do-Corinthians-100x67.webp 100w\" sizes=\"auto, (max-width: 1000px) 100vw, 1000px\" \/><figcaption class=\"wp-element-caption\">Escudo do Corinthians (Foto Reprodu\u00e7\u00e3o\/Instagram)<\/figcaption><\/figure>\n\n\n\n<p>Eles buscam atletas de baixo custo que se alinhem ao estilo de jogo da equipe e suas necessidades. Al\u00e9m disso, preparam o caminho para que o clube amplie sua presen\u00e7a no mercado no meio do ano.<\/p>\n\n\n\n<p>O Corinthians est\u00e1 ciente de que pode perder jogadores durante a janela de transfer\u00eancias de julho, per\u00edodo em que os times europeus realizam maiores investimentos. Breno Bidon, o meio-campista, e Yuri Alberto, o atacante, s\u00e3o os jogadores considerados com maior possibilidade de transfer\u00eancia, embora outros jogadores tamb\u00e9m possam deixar o grupo.<\/p>\n\n\n\n<p>Al\u00e9m do desejo dos jogadores de jogar no exterior, o Corinthians precisa obter lucro com as transfer\u00eancias. No planejamento financeiro para 2025, o clube estimou uma receita de R$ 181 milh\u00f5es com a venda de jogadores.<\/p>\n\n\n\n<p>Portanto, a administra\u00e7\u00e3o do Corinthians tenta se preparar para poss\u00edveis sa\u00eddas e j\u00e1 procura poss\u00edveis substitutos. Ademais, o Corinthians compreende que a janela de meio de ano pode trazer mais oportunidades, com jogadores que est\u00e3o fora do pa\u00eds ficando dispon\u00edveis no mercado.<\/p>\n\n\n\n<p>A atitude mais precavida tamb\u00e9m possui fundamento financeiro. O clube continua com um alto n\u00edvel de d\u00edvida (cerca de R$ 2,4 bilh\u00f5es) e possui uma das maiores folhas de pagamento do Brasil. Depois de realizar grandes investimentos na temporada passada para reestruturar o elenco, o Corinthians compreende que chegou o momento de reduzir o ritmo e colher os frutos do que foi semeado em 2024.<\/p>\n\n\n\n<p>A janela nacional de transfer\u00eancias est\u00e1 dispon\u00edvel at\u00e9 o dia 28 de fevereiro. O Corinthians continuar\u00e1 atento a poss\u00edveis oportunidades at\u00e9 l\u00e1. Apesar de n\u00e3o verem necessidade imediata de contratar, a dire\u00e7\u00e3o e o time t\u00e9cnico n\u00e3o excluem a possibilidade de contratar um defensor canhoto ou um atacante de lado de campo, por exemplo.<\/p>\n","protected":false},"excerpt":{"rendered":"<p>O Corinthians inicia 2025 de forma cautelosa no mercado de transfer\u00eancias. Ap\u00f3s ter sido o destaque nas janelas do ano passado, com a contrata\u00e7\u00e3o de 20 atletas, o clube come\u00e7a a temporada sem nenhum novo jogador at\u00e9 agora. Essa atitude faz parte da estrat\u00e9gia tra\u00e7ada entre a diretoria e a comiss\u00e3o t\u00e9cnica no final do [&hellip;]<\/p>\n","protected":false},"author":16,"featured_media":154473,"comment_status":"open","ping_status":"closed","sticky":false,"template":"","format":"standard","meta":{"footnotes":""},"categories":[141],"tags":[],"class_list":["post-209691","post","type-post","status-publish","format-standard","has-post-thumbnail","hentry","category-corinthians"],"yoast_head":"<!-- This site is optimized with the Yoast SEO Premium plugin v24.2 (Yoast SEO v26.9) - https:\/\/yoast.com\/product\/yoast-seo-premium-wordpress\/ -->\n<title>Veja o motivo do Corinthians n\u00e3o ter feito nenhuma contrata\u00e7\u00e3o em 2025<\/title>\n<meta name=\"robots\" content=\"index, follow, max-snippet:-1, max-image-preview:large, max-video-preview:-1\" \/>\n<link rel=\"canonical\" href=\"https:\/\/www.gaveanews.com\/index.php\/2025\/01\/08\/veja-o-motivo-do-corinthians-nao-ter-feito-nenhuma-contratacao-em-2025\/\" \/>\n<meta property=\"og:locale\" content=\"pt_BR\" \/>\n<meta property=\"og:type\" content=\"article\" \/>\n<meta property=\"og:title\" content=\"Veja o motivo do Corinthians n\u00e3o ter feito nenhuma contrata\u00e7\u00e3o em 2025\" \/>\n<meta property=\"og:description\" content=\"O Corinthians inicia 2025 de forma cautelosa no mercado de transfer\u00eancias. Ap\u00f3s ter sido o destaque nas janelas do ano passado, com a contrata\u00e7\u00e3o de 20 atletas, o clube come\u00e7a a temporada sem nenhum novo jogador at\u00e9 agora. Essa atitude faz parte da estrat\u00e9gia tra\u00e7ada entre a diretoria e a comiss\u00e3o t\u00e9cnica no final do [&hellip;]\" \/>\n<meta property=\"og:url\" content=\"https:\/\/www.gaveanews.com\/index.php\/2025\/01\/08\/veja-o-motivo-do-corinthians-nao-ter-feito-nenhuma-contratacao-em-2025\/\" \/>\n<meta property=\"og:site_name\" content=\"G\u00e1vea News\" \/>\n<meta property=\"article:publisher\" content=\"https:\/\/facebook.com\/gaveaNews\/\" \/>\n<meta property=\"article:published_time\" content=\"2025-01-09T02:10:00+00:00\" \/>\n<meta property=\"og:image\" content=\"https:\/\/www.gaveanews.com\/wp-content\/uploads\/Escudo-do-Corinthians-na-Neo-Quimica-Arena.webp\" \/>\n\t<meta property=\"og:image:width\" content=\"1440\" \/>\n\t<meta property=\"og:image:height\" content=\"959\" \/>\n\t<meta property=\"og:image:type\" content=\"image\/jpeg\" \/>\n<meta name=\"author\" content=\"D\u00e9bora Figueiredo\" \/>\n<meta name=\"twitter:card\" content=\"summary_large_image\" \/>\n<meta name=\"twitter:label1\" content=\"Escrito por\" \/>\n\t<meta name=\"twitter:data1\" content=\"D\u00e9bora Figueiredo\" \/>\n\t<meta name=\"twitter:label2\" content=\"Est. tempo de leitura\" \/>\n\t<meta name=\"twitter:data2\" content=\"3 minutos\" \/>\n<script type=\"application\/ld+json\" class=\"yoast-schema-graph\">{\"@context\":\"https:\/\/schema.org\",\"@graph\":[{\"@type\":\"NewsArticle\",\"@id\":\"https:\/\/www.gaveanews.com\/index.php\/2025\/01\/08\/veja-o-motivo-do-corinthians-nao-ter-feito-nenhuma-contratacao-em-2025\/#article\",\"isPartOf\":{\"@id\":\"https:\/\/www.gaveanews.com\/index.php\/2025\/01\/08\/veja-o-motivo-do-corinthians-nao-ter-feito-nenhuma-contratacao-em-2025\/\"},\"author\":{\"name\":\"D\u00e9bora Figueiredo\",\"@id\":\"https:\/\/www.gaveanews.com\/#\/schema\/person\/37122681a8575a5c8db05a56f099a5e4\"},\"headline\":\"Veja o motivo do Corinthians n\u00e3o ter feito nenhuma contrata\u00e7\u00e3o em 2025\",\"datePublished\":\"2025-01-09T02:10:00+00:00\",\"mainEntityOfPage\":{\"@id\":\"https:\/\/www.gaveanews.com\/index.php\/2025\/01\/08\/veja-o-motivo-do-corinthians-nao-ter-feito-nenhuma-contratacao-em-2025\/\"},\"wordCount\":500,\"commentCount\":0,\"image\":{\"@id\":\"https:\/\/www.gaveanews.com\/index.php\/2025\/01\/08\/veja-o-motivo-do-corinthians-nao-ter-feito-nenhuma-contratacao-em-2025\/#primaryimage\"},\"thumbnailUrl\":\"https:\/\/www.gaveanews.com\/wp-content\/uploads\/Escudo-do-Corinthians-na-Neo-Quimica-Arena.webp\",\"articleSection\":[\"Corinthians\"],\"inLanguage\":\"pt-BR\",\"potentialAction\":[{\"@type\":\"CommentAction\",\"name\":\"Comment\",\"target\":[\"https:\/\/www.gaveanews.com\/index.php\/2025\/01\/08\/veja-o-motivo-do-corinthians-nao-ter-feito-nenhuma-contratacao-em-2025\/#respond\"]}],\"copyrightYear\":\"2025\",\"copyrightHolder\":{\"@id\":\"https:\/\/www.gaveanews.com\/#organization\"}},{\"@type\":\"WebPage\",\"@id\":\"https:\/\/www.gaveanews.com\/index.php\/2025\/01\/08\/veja-o-motivo-do-corinthians-nao-ter-feito-nenhuma-contratacao-em-2025\/\",\"url\":\"https:\/\/www.gaveanews.com\/index.php\/2025\/01\/08\/veja-o-motivo-do-corinthians-nao-ter-feito-nenhuma-contratacao-em-2025\/\",\"name\":\"Veja o motivo do Corinthians n\u00e3o ter feito nenhuma contrata\u00e7\u00e3o em 2025\",\"isPartOf\":{\"@id\":\"https:\/\/www.gaveanews.com\/#website\"},\"primaryImageOfPage\":{\"@id\":\"https:\/\/www.gaveanews.com\/index.php\/2025\/01\/08\/veja-o-motivo-do-corinthians-nao-ter-feito-nenhuma-contratacao-em-2025\/#primaryimage\"},\"image\":{\"@id\":\"https:\/\/www.gaveanews.com\/index.php\/2025\/01\/08\/veja-o-motivo-do-corinthians-nao-ter-feito-nenhuma-contratacao-em-2025\/#primaryimage\"},\"thumbnailUrl\":\"https:\/\/www.gaveanews.com\/wp-content\/uploads\/Escudo-do-Corinthians-na-Neo-Quimica-Arena.webp\",\"datePublished\":\"2025-01-09T02:10:00+00:00\",\"author\":{\"@id\":\"https:\/\/www.gaveanews.com\/#\/schema\/person\/37122681a8575a5c8db05a56f099a5e4\"},\"breadcrumb\":{\"@id\":\"https:\/\/www.gaveanews.com\/index.php\/2025\/01\/08\/veja-o-motivo-do-corinthians-nao-ter-feito-nenhuma-contratacao-em-2025\/#breadcrumb\"},\"inLanguage\":\"pt-BR\",\"potentialAction\":[{\"@type\":\"ReadAction\",\"target\":[\"https:\/\/www.gaveanews.com\/index.php\/2025\/01\/08\/veja-o-motivo-do-corinthians-nao-ter-feito-nenhuma-contratacao-em-2025\/\"]}]},{\"@type\":\"ImageObject\",\"inLanguage\":\"pt-BR\",\"@id\":\"https:\/\/www.gaveanews.com\/index.php\/2025\/01\/08\/veja-o-motivo-do-corinthians-nao-ter-feito-nenhuma-contratacao-em-2025\/#primaryimage\",\"url\":\"https:\/\/www.gaveanews.com\/wp-content\/uploads\/Escudo-do-Corinthians-na-Neo-Quimica-Arena.webp\",\"contentUrl\":\"https:\/\/www.gaveanews.com\/wp-content\/uploads\/Escudo-do-Corinthians-na-Neo-Quimica-Arena.webp\",\"width\":1440,\"height\":959,\"caption\":\"Escudo do Corinthians na N\u00e9o Qu\u00edmica Arena (Foto Reprodu\u00e7\u00e3o\/Instagram)\"},{\"@type\":\"BreadcrumbList\",\"@id\":\"https:\/\/www.gaveanews.com\/index.php\/2025\/01\/08\/veja-o-motivo-do-corinthians-nao-ter-feito-nenhuma-contratacao-em-2025\/#breadcrumb\",\"itemListElement\":[{\"@type\":\"ListItem\",\"position\":1,\"name\":\"Home\",\"item\":\"https:\/\/www.gaveanews.com\/\"},{\"@type\":\"ListItem\",\"position\":2,\"name\":\"Veja o motivo do Corinthians n\u00e3o ter feito nenhuma contrata\u00e7\u00e3o em 2025\"}]},{\"@type\":\"WebSite\",\"@id\":\"https:\/\/www.gaveanews.com\/#website\",\"url\":\"https:\/\/www.gaveanews.com\/\",\"name\":\"G\u00e1vea News\",\"description\":\"Veja todas as not\u00edcias sobre o Flamengo: Contrata\u00e7\u00f5es, categorias de base, resultados das partidas, tabela de classifica\u00e7\u00e3o, pr\u00f3ximos jogos!\",\"potentialAction\":[{\"@type\":\"SearchAction\",\"target\":{\"@type\":\"EntryPoint\",\"urlTemplate\":\"https:\/\/www.gaveanews.com\/?s={search_term_string}\"},\"query-input\":{\"@type\":\"PropertyValueSpecification\",\"valueRequired\":true,\"valueName\":\"search_term_string\"}}],\"inLanguage\":\"pt-BR\"},{\"@type\":\"Person\",\"@id\":\"https:\/\/www.gaveanews.com\/#\/schema\/person\/37122681a8575a5c8db05a56f099a5e4\",\"name\":\"D\u00e9bora Figueiredo\",\"image\":{\"@type\":\"ImageObject\",\"inLanguage\":\"pt-BR\",\"@id\":\"https:\/\/www.gaveanews.com\/#\/schema\/person\/image\/\",\"url\":\"https:\/\/secure.gravatar.com\/avatar\/1f44802859351588499d26f52aed1d15796ce17e67602895b72837c08018868d?s=96&d=mm&r=g\",\"contentUrl\":\"https:\/\/secure.gravatar.com\/avatar\/1f44802859351588499d26f52aed1d15796ce17e67602895b72837c08018868d?s=96&d=mm&r=g\",\"caption\":\"D\u00e9bora Figueiredo\"}}]}<\/script>\n<!-- \/ Yoast SEO Premium plugin. -->","yoast_head_json":{"title":"Veja o motivo do Corinthians n\u00e3o ter feito nenhuma contrata\u00e7\u00e3o em 2025","robots":{"index":"index","follow":"follow","max-snippet":"max-snippet:-1","max-image-preview":"max-image-preview:large","max-video-preview":"max-video-preview:-1"},"canonical":"https:\/\/www.gaveanews.com\/index.php\/2025\/01\/08\/veja-o-motivo-do-corinthians-nao-ter-feito-nenhuma-contratacao-em-2025\/","og_locale":"pt_BR","og_type":"article","og_title":"Veja o motivo do Corinthians n\u00e3o ter feito nenhuma contrata\u00e7\u00e3o em 2025","og_description":"O Corinthians inicia 2025 de forma cautelosa no mercado de transfer\u00eancias. Ap\u00f3s ter sido o destaque nas janelas do ano passado, com a contrata\u00e7\u00e3o de 20 atletas, o clube come\u00e7a a temporada sem nenhum novo jogador at\u00e9 agora. Essa atitude faz parte da estrat\u00e9gia tra\u00e7ada entre a diretoria e a comiss\u00e3o t\u00e9cnica no final do [&hellip;]","og_url":"https:\/\/www.gaveanews.com\/index.php\/2025\/01\/08\/veja-o-motivo-do-corinthians-nao-ter-feito-nenhuma-contratacao-em-2025\/","og_site_name":"G\u00e1vea News","article_publisher":"https:\/\/facebook.com\/gaveaNews\/","article_published_time":"2025-01-09T02:10:00+00:00","og_image":[{"width":1440,"height":959,"url":"https:\/\/www.gaveanews.com\/wp-content\/uploads\/Escudo-do-Corinthians-na-Neo-Quimica-Arena.webp","type":"image\/jpeg"}],"author":"D\u00e9bora Figueiredo","twitter_card":"summary_large_image","twitter_misc":{"Escrito por":"D\u00e9bora Figueiredo","Est. tempo de leitura":"3 minutos"},"schema":{"@context":"https:\/\/schema.org","@graph":[{"@type":"NewsArticle","@id":"https:\/\/www.gaveanews.com\/index.php\/2025\/01\/08\/veja-o-motivo-do-corinthians-nao-ter-feito-nenhuma-contratacao-em-2025\/#article","isPartOf":{"@id":"https:\/\/www.gaveanews.com\/index.php\/2025\/01\/08\/veja-o-motivo-do-corinthians-nao-ter-feito-nenhuma-contratacao-em-2025\/"},"author":{"name":"D\u00e9bora Figueiredo","@id":"https:\/\/www.gaveanews.com\/#\/schema\/person\/37122681a8575a5c8db05a56f099a5e4"},"headline":"Veja o motivo do Corinthians n\u00e3o ter feito nenhuma contrata\u00e7\u00e3o em 2025","datePublished":"2025-01-09T02:10:00+00:00","mainEntityOfPage":{"@id":"https:\/\/www.gaveanews.com\/index.php\/2025\/01\/08\/veja-o-motivo-do-corinthians-nao-ter-feito-nenhuma-contratacao-em-2025\/"},"wordCount":500,"commentCount":0,"image":{"@id":"https:\/\/www.gaveanews.com\/index.php\/2025\/01\/08\/veja-o-motivo-do-corinthians-nao-ter-feito-nenhuma-contratacao-em-2025\/#primaryimage"},"thumbnailUrl":"https:\/\/www.gaveanews.com\/wp-content\/uploads\/Escudo-do-Corinthians-na-Neo-Quimica-Arena.webp","articleSection":["Corinthians"],"inLanguage":"pt-BR","potentialAction":[{"@type":"CommentAction","name":"Comment","target":["https:\/\/www.gaveanews.com\/index.php\/2025\/01\/08\/veja-o-motivo-do-corinthians-nao-ter-feito-nenhuma-contratacao-em-2025\/#respond"]}],"copyrightYear":"2025","copyrightHolder":{"@id":"https:\/\/www.gaveanews.com\/#organization"}},{"@type":"WebPage","@id":"https:\/\/www.gaveanews.com\/index.php\/2025\/01\/08\/veja-o-motivo-do-corinthians-nao-ter-feito-nenhuma-contratacao-em-2025\/","url":"https:\/\/www.gaveanews.com\/index.php\/2025\/01\/08\/veja-o-motivo-do-corinthians-nao-ter-feito-nenhuma-contratacao-em-2025\/","name":"Veja o motivo do Corinthians n\u00e3o ter feito nenhuma contrata\u00e7\u00e3o em 2025","isPartOf":{"@id":"https:\/\/www.gaveanews.com\/#website"},"primaryImageOfPage":{"@id":"https:\/\/www.gaveanews.com\/index.php\/2025\/01\/08\/veja-o-motivo-do-corinthians-nao-ter-feito-nenhuma-contratacao-em-2025\/#primaryimage"},"image":{"@id":"https:\/\/www.gaveanews.com\/index.php\/2025\/01\/08\/veja-o-motivo-do-corinthians-nao-ter-feito-nenhuma-contratacao-em-2025\/#primaryimage"},"thumbnailUrl":"https:\/\/www.gaveanews.com\/wp-content\/uploads\/Escudo-do-Corinthians-na-Neo-Quimica-Arena.webp","datePublished":"2025-01-09T02:10:00+00:00","author":{"@id":"https:\/\/www.gaveanews.com\/#\/schema\/person\/37122681a8575a5c8db05a56f099a5e4"},"breadcrumb":{"@id":"https:\/\/www.gaveanews.com\/index.php\/2025\/01\/08\/veja-o-motivo-do-corinthians-nao-ter-feito-nenhuma-contratacao-em-2025\/#breadcrumb"},"inLanguage":"pt-BR","potentialAction":[{"@type":"ReadAction","target":["https:\/\/www.gaveanews.com\/index.php\/2025\/01\/08\/veja-o-motivo-do-corinthians-nao-ter-feito-nenhuma-contratacao-em-2025\/"]}]},{"@type":"ImageObject","inLanguage":"pt-BR","@id":"https:\/\/www.gaveanews.com\/index.php\/2025\/01\/08\/veja-o-motivo-do-corinthians-nao-ter-feito-nenhuma-contratacao-em-2025\/#primaryimage","url":"https:\/\/www.gaveanews.com\/wp-content\/uploads\/Escudo-do-Corinthians-na-Neo-Quimica-Arena.webp","contentUrl":"https:\/\/www.gaveanews.com\/wp-content\/uploads\/Escudo-do-Corinthians-na-Neo-Quimica-Arena.webp","width":1440,"height":959,"caption":"Escudo do Corinthians na N\u00e9o Qu\u00edmica Arena (Foto Reprodu\u00e7\u00e3o\/Instagram)"},{"@type":"BreadcrumbList","@id":"https:\/\/www.gaveanews.com\/index.php\/2025\/01\/08\/veja-o-motivo-do-corinthians-nao-ter-feito-nenhuma-contratacao-em-2025\/#breadcrumb","itemListElement":[{"@type":"ListItem","position":1,"name":"Home","item":"https:\/\/www.gaveanews.com\/"},{"@type":"ListItem","position":2,"name":"Veja o motivo do Corinthians n\u00e3o ter feito nenhuma contrata\u00e7\u00e3o em 2025"}]},{"@type":"WebSite","@id":"https:\/\/www.gaveanews.com\/#website","url":"https:\/\/www.gaveanews.com\/","name":"G\u00e1vea News","description":"Veja todas as not\u00edcias sobre o Flamengo: Contrata\u00e7\u00f5es, categorias de base, resultados das partidas, tabela de classifica\u00e7\u00e3o, pr\u00f3ximos jogos!","potentialAction":[{"@type":"SearchAction","target":{"@type":"EntryPoint","urlTemplate":"https:\/\/www.gaveanews.com\/?s={search_term_string}"},"query-input":{"@type":"PropertyValueSpecification","valueRequired":true,"valueName":"search_term_string"}}],"inLanguage":"pt-BR"},{"@type":"Person","@id":"https:\/\/www.gaveanews.com\/#\/schema\/person\/37122681a8575a5c8db05a56f099a5e4","name":"D\u00e9bora Figueiredo","image":{"@type":"ImageObject","inLanguage":"pt-BR","@id":"https:\/\/www.gaveanews.com\/#\/schema\/person\/image\/","url":"https:\/\/secure.gravatar.com\/avatar\/1f44802859351588499d26f52aed1d15796ce17e67602895b72837c08018868d?s=96&d=mm&r=g","contentUrl":"https:\/\/secure.gravatar.com\/avatar\/1f44802859351588499d26f52aed1d15796ce17e67602895b72837c08018868d?s=96&d=mm&r=g","caption":"D\u00e9bora Figueiredo"}}]}},"_links":{"self":[{"href":"https:\/\/www.gaveanews.com\/index.php\/wp-json\/wp\/v2\/posts\/209691","targetHints":{"allow":["GET"]}}],"collection":[{"href":"https:\/\/www.gaveanews.com\/index.php\/wp-json\/wp\/v2\/posts"}],"about":[{"href":"https:\/\/www.gaveanews.com\/index.php\/wp-json\/wp\/v2\/types\/post"}],"author":[{"embeddable":true,"href":"https:\/\/www.gaveanews.com\/index.php\/wp-json\/wp\/v2\/users\/16"}],"replies":[{"embeddable":true,"href":"https:\/\/www.gaveanews.com\/index.php\/wp-json\/wp\/v2\/comments?post=209691"}],"version-history":[{"count":2,"href":"https:\/\/www.gaveanews.com\/index.php\/wp-json\/wp\/v2\/posts\/209691\/revisions"}],"predecessor-version":[{"id":209889,"href":"https:\/\/www.gaveanews.com\/index.php\/wp-json\/wp\/v2\/posts\/209691\/revisions\/209889"}],"wp:featuredmedia":[{"embeddable":true,"href":"https:\/\/www.gaveanews.com\/index.php\/wp-json\/wp\/v2\/media\/154473"}],"wp:attachment":[{"href":"https:\/\/www.gaveanews.com\/index.php\/wp-json\/wp\/v2\/media?parent=209691"}],"wp:term":[{"taxonomy":"category","embeddable":true,"href":"https:\/\/www.gaveanews.com\/index.php\/wp-json\/wp\/v2\/categories?post=209691"},{"taxonomy":"post_tag","embeddable":true,"href":"https:\/\/www.gaveanews.com\/index.php\/wp-json\/wp\/v2\/tags?post=209691"}],"curies":[{"name":"wp","href":"https:\/\/api.w.org\/{rel}","templated":true}]}}