{"id":209745,"date":"2025-01-08T23:50:00","date_gmt":"2025-01-09T02:50:00","guid":{"rendered":"https:\/\/www.gaveanews.com\/?p=209745"},"modified":"2025-01-08T22:28:06","modified_gmt":"2025-01-09T01:28:06","slug":"internacional-define-data-para-concluir-compra-de-bernabei","status":"publish","type":"post","link":"https:\/\/www.gaveanews.com\/index.php\/2025\/01\/08\/internacional-define-data-para-concluir-compra-de-bernabei\/","title":{"rendered":"Internacional define data para concluir compra de Bernabei"},"content":{"rendered":"\n<p>O Internacional enfim se aproxima da contrata\u00e7\u00e3o em definitivo de Bernabei junto ao Celtic. Ap\u00f3s jogo duro dos escoceses, o clima de otimismo tomou conta da c\u00fapula colorada, que, inclusive, j\u00e1 trabalha com prazo final para oficializa\u00e7\u00e3o da compra.<\/p>\n\n\n\n<ul class=\"wp-block-list\">\n<li><a href=\"https:\/\/www.gaveanews.com\/index.php\/2025\/01\/08\/santos-reviravolta-na-contratacao-de-thiago-maia-do-internacional\/\">Santos: reviravolta na contrata\u00e7\u00e3o de Thiago Maia, do Internacional<\/a><\/li>\n\n\n\n<li><a href=\"https:\/\/www.gaveanews.com\/index.php\/2025\/01\/07\/cria-do-flamengo-atrai-interesse-do-internacional\/\">Cria do Flamengo atrai interesse do Internacional<\/a><\/li>\n<\/ul>\n\n\n\n<p>A confian\u00e7a no desfecho positivo reflete os avan\u00e7os dos \u00faltimos dias nas tratativas. Depois de meses de conversas, os clubes come\u00e7aram a &#8216;falar a mesma l\u00edngua&#8217; na semana passada e chegaram, enfim, a um denominador comum pelo acordo definitivo. A expectativa \u00e9 que o Inter consiga anunci\u00e1-lo em at\u00e9 tr\u00eas dias.<\/p>\n\n\n\n<p>O Celtic concordou com a oferta de 5,5 milh\u00f5es de euros (aproximadamente R$ 34,81 milh\u00f5es) do Internacional pelos direitos de Bernabei. O valor ainda pode ser acrescido em 500 mil euros (cerca de R$ 3,1 milh\u00f5es) por metas estipuladas no acordo.<\/p>\n\n\n\n<h2 class=\"wp-block-heading\" id=\"h-expectativa-por-anuncio\">Expectativa por an\u00fancio<\/h2>\n\n\n\n<p>Com o otimismo pelo avan\u00e7o nas tratativas, o Inter passa a correr contra o tempo para incorporar Bernabei na sequ\u00eancia da pr\u00e9-temporada. Sendo assim, trabalha com a meta de anunci\u00e1-lo ainda nesta semana &#8211; mais precisamente em tr\u00eas dias, segundo o ge.<\/p>\n\n\n\n<p>O lateral-esquerdo de 24 anos aguarda a troca de documentos para deixar a Argentina e voltar \u00e0 rotina de trabalho do Colorado. O elenco de Roger Machado se reapresentou ao CT Parque Gigante na \u00faltima segunda-feira (6).<\/p>\n\n\n\n<h2 class=\"wp-block-heading\" id=\"h-temporada-no-internacional\">Temporada no Internacional<\/h2>\n\n\n\n<p>Bernabei foi emprestado ao Inter em mar\u00e7o de 2024 e manteve v\u00ednculo com o clube at\u00e9 o dia 31 de dezembro. Com 25 jogos pelo Colorado, o lateral fechou a temporada como melhor jogador da posi\u00e7\u00e3o no Brasileir\u00e3o e integrou a &#8220;Sele\u00e7\u00e3o do Campeonato&#8221;. O atleta marcou tr\u00eas gols nesse per\u00edodo, al\u00e9m de ter contribu\u00eddo com cinco assist\u00eancias.<\/p>\n\n\n\n<p>O desempenho aliado aos n\u00fameros justificam todo esfor\u00e7o e jogo de paci\u00eancia dos colorados para definir a compra do lateral junto ao Celtic. Bernabei tamb\u00e9m se esfor\u00e7ou para que o neg\u00f3cio com os escoceses desse certo. <\/p>\n","protected":false},"excerpt":{"rendered":"<p>O Internacional enfim se aproxima da contrata\u00e7\u00e3o em definitivo de Bernabei junto ao Celtic. Ap\u00f3s jogo duro dos escoceses, o clima de otimismo tomou conta da c\u00fapula colorada, que, inclusive, j\u00e1 trabalha com prazo final para oficializa\u00e7\u00e3o da compra. A confian\u00e7a no desfecho positivo reflete os avan\u00e7os dos \u00faltimos dias nas tratativas. Depois de meses [&hellip;]<\/p>\n","protected":false},"author":30,"featured_media":173123,"comment_status":"open","ping_status":"closed","sticky":false,"template":"","format":"standard","meta":{"footnotes":""},"categories":[148],"tags":[],"class_list":["post-209745","post","type-post","status-publish","format-standard","has-post-thumbnail","hentry","category-internacional"],"yoast_head":"<!-- This site is optimized with the Yoast SEO Premium plugin v24.2 (Yoast SEO v26.9) - https:\/\/yoast.com\/product\/yoast-seo-premium-wordpress\/ -->\n<title>Internacional define data para concluir compra de Bernabei<\/title>\n<meta name=\"robots\" content=\"index, follow, max-snippet:-1, max-image-preview:large, max-video-preview:-1\" \/>\n<link rel=\"canonical\" href=\"https:\/\/www.gaveanews.com\/index.php\/2025\/01\/08\/internacional-define-data-para-concluir-compra-de-bernabei\/\" \/>\n<meta property=\"og:locale\" content=\"pt_BR\" \/>\n<meta property=\"og:type\" content=\"article\" \/>\n<meta property=\"og:title\" content=\"Internacional define data para concluir compra de Bernabei\" \/>\n<meta property=\"og:description\" content=\"O Internacional enfim se aproxima da contrata\u00e7\u00e3o em definitivo de Bernabei junto ao Celtic. Ap\u00f3s jogo duro dos escoceses, o clima de otimismo tomou conta da c\u00fapula colorada, que, inclusive, j\u00e1 trabalha com prazo final para oficializa\u00e7\u00e3o da compra. A confian\u00e7a no desfecho positivo reflete os avan\u00e7os dos \u00faltimos dias nas tratativas. Depois de meses [&hellip;]\" \/>\n<meta property=\"og:url\" content=\"https:\/\/www.gaveanews.com\/index.php\/2025\/01\/08\/internacional-define-data-para-concluir-compra-de-bernabei\/\" \/>\n<meta property=\"og:site_name\" content=\"G\u00e1vea News\" \/>\n<meta property=\"article:publisher\" content=\"https:\/\/facebook.com\/gaveaNews\/\" \/>\n<meta property=\"article:published_time\" content=\"2025-01-09T02:50:00+00:00\" \/>\n<meta property=\"og:image\" content=\"https:\/\/www.gaveanews.com\/wp-content\/uploads\/Alexandro-Bernabei-pelo-Internacional.webp\" \/>\n\t<meta property=\"og:image:width\" content=\"838\" \/>\n\t<meta property=\"og:image:height\" content=\"549\" \/>\n\t<meta property=\"og:image:type\" content=\"image\/jpeg\" \/>\n<meta name=\"author\" content=\"Ana Teixeira\" \/>\n<meta name=\"twitter:card\" content=\"summary_large_image\" \/>\n<meta name=\"twitter:label1\" content=\"Escrito por\" \/>\n\t<meta name=\"twitter:data1\" content=\"Ana Teixeira\" \/>\n\t<meta name=\"twitter:label2\" content=\"Est. tempo de leitura\" \/>\n\t<meta name=\"twitter:data2\" content=\"2 minutos\" \/>\n<script type=\"application\/ld+json\" class=\"yoast-schema-graph\">{\"@context\":\"https:\/\/schema.org\",\"@graph\":[{\"@type\":\"NewsArticle\",\"@id\":\"https:\/\/www.gaveanews.com\/index.php\/2025\/01\/08\/internacional-define-data-para-concluir-compra-de-bernabei\/#article\",\"isPartOf\":{\"@id\":\"https:\/\/www.gaveanews.com\/index.php\/2025\/01\/08\/internacional-define-data-para-concluir-compra-de-bernabei\/\"},\"author\":{\"name\":\"Ana Teixeira\",\"@id\":\"https:\/\/www.gaveanews.com\/#\/schema\/person\/3b19f7288b0ce20372991275e4f2e6c2\"},\"headline\":\"Internacional define data para concluir compra de Bernabei\",\"datePublished\":\"2025-01-09T02:50:00+00:00\",\"mainEntityOfPage\":{\"@id\":\"https:\/\/www.gaveanews.com\/index.php\/2025\/01\/08\/internacional-define-data-para-concluir-compra-de-bernabei\/\"},\"wordCount\":359,\"commentCount\":0,\"image\":{\"@id\":\"https:\/\/www.gaveanews.com\/index.php\/2025\/01\/08\/internacional-define-data-para-concluir-compra-de-bernabei\/#primaryimage\"},\"thumbnailUrl\":\"https:\/\/www.gaveanews.com\/wp-content\/uploads\/Alexandro-Bernabei-pelo-Internacional.webp\",\"articleSection\":[\"Internacional\"],\"inLanguage\":\"pt-BR\",\"potentialAction\":[{\"@type\":\"CommentAction\",\"name\":\"Comment\",\"target\":[\"https:\/\/www.gaveanews.com\/index.php\/2025\/01\/08\/internacional-define-data-para-concluir-compra-de-bernabei\/#respond\"]}],\"copyrightYear\":\"2025\",\"copyrightHolder\":{\"@id\":\"https:\/\/www.gaveanews.com\/#organization\"}},{\"@type\":\"WebPage\",\"@id\":\"https:\/\/www.gaveanews.com\/index.php\/2025\/01\/08\/internacional-define-data-para-concluir-compra-de-bernabei\/\",\"url\":\"https:\/\/www.gaveanews.com\/index.php\/2025\/01\/08\/internacional-define-data-para-concluir-compra-de-bernabei\/\",\"name\":\"Internacional define data para concluir compra de Bernabei\",\"isPartOf\":{\"@id\":\"https:\/\/www.gaveanews.com\/#website\"},\"primaryImageOfPage\":{\"@id\":\"https:\/\/www.gaveanews.com\/index.php\/2025\/01\/08\/internacional-define-data-para-concluir-compra-de-bernabei\/#primaryimage\"},\"image\":{\"@id\":\"https:\/\/www.gaveanews.com\/index.php\/2025\/01\/08\/internacional-define-data-para-concluir-compra-de-bernabei\/#primaryimage\"},\"thumbnailUrl\":\"https:\/\/www.gaveanews.com\/wp-content\/uploads\/Alexandro-Bernabei-pelo-Internacional.webp\",\"datePublished\":\"2025-01-09T02:50:00+00:00\",\"author\":{\"@id\":\"https:\/\/www.gaveanews.com\/#\/schema\/person\/3b19f7288b0ce20372991275e4f2e6c2\"},\"breadcrumb\":{\"@id\":\"https:\/\/www.gaveanews.com\/index.php\/2025\/01\/08\/internacional-define-data-para-concluir-compra-de-bernabei\/#breadcrumb\"},\"inLanguage\":\"pt-BR\",\"potentialAction\":[{\"@type\":\"ReadAction\",\"target\":[\"https:\/\/www.gaveanews.com\/index.php\/2025\/01\/08\/internacional-define-data-para-concluir-compra-de-bernabei\/\"]}]},{\"@type\":\"ImageObject\",\"inLanguage\":\"pt-BR\",\"@id\":\"https:\/\/www.gaveanews.com\/index.php\/2025\/01\/08\/internacional-define-data-para-concluir-compra-de-bernabei\/#primaryimage\",\"url\":\"https:\/\/www.gaveanews.com\/wp-content\/uploads\/Alexandro-Bernabei-pelo-Internacional.webp\",\"contentUrl\":\"https:\/\/www.gaveanews.com\/wp-content\/uploads\/Alexandro-Bernabei-pelo-Internacional.webp\",\"width\":838,\"height\":549,\"caption\":\"Alexandro Bernabei pelo Internacional (Foto: Divulga\u00e7\u00e3o\/Internacional)\"},{\"@type\":\"BreadcrumbList\",\"@id\":\"https:\/\/www.gaveanews.com\/index.php\/2025\/01\/08\/internacional-define-data-para-concluir-compra-de-bernabei\/#breadcrumb\",\"itemListElement\":[{\"@type\":\"ListItem\",\"position\":1,\"name\":\"Home\",\"item\":\"https:\/\/www.gaveanews.com\/\"},{\"@type\":\"ListItem\",\"position\":2,\"name\":\"Internacional define data para concluir compra de Bernabei\"}]},{\"@type\":\"WebSite\",\"@id\":\"https:\/\/www.gaveanews.com\/#website\",\"url\":\"https:\/\/www.gaveanews.com\/\",\"name\":\"G\u00e1vea News\",\"description\":\"Veja todas as not\u00edcias sobre o Flamengo: Contrata\u00e7\u00f5es, categorias de base, resultados das partidas, tabela de classifica\u00e7\u00e3o, pr\u00f3ximos jogos!\",\"potentialAction\":[{\"@type\":\"SearchAction\",\"target\":{\"@type\":\"EntryPoint\",\"urlTemplate\":\"https:\/\/www.gaveanews.com\/?s={search_term_string}\"},\"query-input\":{\"@type\":\"PropertyValueSpecification\",\"valueRequired\":true,\"valueName\":\"search_term_string\"}}],\"inLanguage\":\"pt-BR\"},{\"@type\":\"Person\",\"@id\":\"https:\/\/www.gaveanews.com\/#\/schema\/person\/3b19f7288b0ce20372991275e4f2e6c2\",\"name\":\"Ana Teixeira\",\"image\":{\"@type\":\"ImageObject\",\"inLanguage\":\"pt-BR\",\"@id\":\"https:\/\/www.gaveanews.com\/#\/schema\/person\/image\/\",\"url\":\"https:\/\/secure.gravatar.com\/avatar\/0a73f5a5258f3fed37fc2fa641892f3f7a4748456d4d4792f9bc550e6c19e06c?s=96&d=mm&r=g\",\"contentUrl\":\"https:\/\/secure.gravatar.com\/avatar\/0a73f5a5258f3fed37fc2fa641892f3f7a4748456d4d4792f9bc550e6c19e06c?s=96&d=mm&r=g\",\"caption\":\"Ana Teixeira\"}}]}<\/script>\n<!-- \/ Yoast SEO Premium plugin. -->","yoast_head_json":{"title":"Internacional define data para concluir compra de Bernabei","robots":{"index":"index","follow":"follow","max-snippet":"max-snippet:-1","max-image-preview":"max-image-preview:large","max-video-preview":"max-video-preview:-1"},"canonical":"https:\/\/www.gaveanews.com\/index.php\/2025\/01\/08\/internacional-define-data-para-concluir-compra-de-bernabei\/","og_locale":"pt_BR","og_type":"article","og_title":"Internacional define data para concluir compra de Bernabei","og_description":"O Internacional enfim se aproxima da contrata\u00e7\u00e3o em definitivo de Bernabei junto ao Celtic. Ap\u00f3s jogo duro dos escoceses, o clima de otimismo tomou conta da c\u00fapula colorada, que, inclusive, j\u00e1 trabalha com prazo final para oficializa\u00e7\u00e3o da compra. A confian\u00e7a no desfecho positivo reflete os avan\u00e7os dos \u00faltimos dias nas tratativas. Depois de meses [&hellip;]","og_url":"https:\/\/www.gaveanews.com\/index.php\/2025\/01\/08\/internacional-define-data-para-concluir-compra-de-bernabei\/","og_site_name":"G\u00e1vea News","article_publisher":"https:\/\/facebook.com\/gaveaNews\/","article_published_time":"2025-01-09T02:50:00+00:00","og_image":[{"width":838,"height":549,"url":"https:\/\/www.gaveanews.com\/wp-content\/uploads\/Alexandro-Bernabei-pelo-Internacional.webp","type":"image\/jpeg"}],"author":"Ana Teixeira","twitter_card":"summary_large_image","twitter_misc":{"Escrito por":"Ana Teixeira","Est. tempo de leitura":"2 minutos"},"schema":{"@context":"https:\/\/schema.org","@graph":[{"@type":"NewsArticle","@id":"https:\/\/www.gaveanews.com\/index.php\/2025\/01\/08\/internacional-define-data-para-concluir-compra-de-bernabei\/#article","isPartOf":{"@id":"https:\/\/www.gaveanews.com\/index.php\/2025\/01\/08\/internacional-define-data-para-concluir-compra-de-bernabei\/"},"author":{"name":"Ana Teixeira","@id":"https:\/\/www.gaveanews.com\/#\/schema\/person\/3b19f7288b0ce20372991275e4f2e6c2"},"headline":"Internacional define data para concluir compra de Bernabei","datePublished":"2025-01-09T02:50:00+00:00","mainEntityOfPage":{"@id":"https:\/\/www.gaveanews.com\/index.php\/2025\/01\/08\/internacional-define-data-para-concluir-compra-de-bernabei\/"},"wordCount":359,"commentCount":0,"image":{"@id":"https:\/\/www.gaveanews.com\/index.php\/2025\/01\/08\/internacional-define-data-para-concluir-compra-de-bernabei\/#primaryimage"},"thumbnailUrl":"https:\/\/www.gaveanews.com\/wp-content\/uploads\/Alexandro-Bernabei-pelo-Internacional.webp","articleSection":["Internacional"],"inLanguage":"pt-BR","potentialAction":[{"@type":"CommentAction","name":"Comment","target":["https:\/\/www.gaveanews.com\/index.php\/2025\/01\/08\/internacional-define-data-para-concluir-compra-de-bernabei\/#respond"]}],"copyrightYear":"2025","copyrightHolder":{"@id":"https:\/\/www.gaveanews.com\/#organization"}},{"@type":"WebPage","@id":"https:\/\/www.gaveanews.com\/index.php\/2025\/01\/08\/internacional-define-data-para-concluir-compra-de-bernabei\/","url":"https:\/\/www.gaveanews.com\/index.php\/2025\/01\/08\/internacional-define-data-para-concluir-compra-de-bernabei\/","name":"Internacional define data para concluir compra de Bernabei","isPartOf":{"@id":"https:\/\/www.gaveanews.com\/#website"},"primaryImageOfPage":{"@id":"https:\/\/www.gaveanews.com\/index.php\/2025\/01\/08\/internacional-define-data-para-concluir-compra-de-bernabei\/#primaryimage"},"image":{"@id":"https:\/\/www.gaveanews.com\/index.php\/2025\/01\/08\/internacional-define-data-para-concluir-compra-de-bernabei\/#primaryimage"},"thumbnailUrl":"https:\/\/www.gaveanews.com\/wp-content\/uploads\/Alexandro-Bernabei-pelo-Internacional.webp","datePublished":"2025-01-09T02:50:00+00:00","author":{"@id":"https:\/\/www.gaveanews.com\/#\/schema\/person\/3b19f7288b0ce20372991275e4f2e6c2"},"breadcrumb":{"@id":"https:\/\/www.gaveanews.com\/index.php\/2025\/01\/08\/internacional-define-data-para-concluir-compra-de-bernabei\/#breadcrumb"},"inLanguage":"pt-BR","potentialAction":[{"@type":"ReadAction","target":["https:\/\/www.gaveanews.com\/index.php\/2025\/01\/08\/internacional-define-data-para-concluir-compra-de-bernabei\/"]}]},{"@type":"ImageObject","inLanguage":"pt-BR","@id":"https:\/\/www.gaveanews.com\/index.php\/2025\/01\/08\/internacional-define-data-para-concluir-compra-de-bernabei\/#primaryimage","url":"https:\/\/www.gaveanews.com\/wp-content\/uploads\/Alexandro-Bernabei-pelo-Internacional.webp","contentUrl":"https:\/\/www.gaveanews.com\/wp-content\/uploads\/Alexandro-Bernabei-pelo-Internacional.webp","width":838,"height":549,"caption":"Alexandro Bernabei pelo Internacional (Foto: Divulga\u00e7\u00e3o\/Internacional)"},{"@type":"BreadcrumbList","@id":"https:\/\/www.gaveanews.com\/index.php\/2025\/01\/08\/internacional-define-data-para-concluir-compra-de-bernabei\/#breadcrumb","itemListElement":[{"@type":"ListItem","position":1,"name":"Home","item":"https:\/\/www.gaveanews.com\/"},{"@type":"ListItem","position":2,"name":"Internacional define data para concluir compra de Bernabei"}]},{"@type":"WebSite","@id":"https:\/\/www.gaveanews.com\/#website","url":"https:\/\/www.gaveanews.com\/","name":"G\u00e1vea News","description":"Veja todas as not\u00edcias sobre o Flamengo: Contrata\u00e7\u00f5es, categorias de base, resultados das partidas, tabela de classifica\u00e7\u00e3o, pr\u00f3ximos jogos!","potentialAction":[{"@type":"SearchAction","target":{"@type":"EntryPoint","urlTemplate":"https:\/\/www.gaveanews.com\/?s={search_term_string}"},"query-input":{"@type":"PropertyValueSpecification","valueRequired":true,"valueName":"search_term_string"}}],"inLanguage":"pt-BR"},{"@type":"Person","@id":"https:\/\/www.gaveanews.com\/#\/schema\/person\/3b19f7288b0ce20372991275e4f2e6c2","name":"Ana Teixeira","image":{"@type":"ImageObject","inLanguage":"pt-BR","@id":"https:\/\/www.gaveanews.com\/#\/schema\/person\/image\/","url":"https:\/\/secure.gravatar.com\/avatar\/0a73f5a5258f3fed37fc2fa641892f3f7a4748456d4d4792f9bc550e6c19e06c?s=96&d=mm&r=g","contentUrl":"https:\/\/secure.gravatar.com\/avatar\/0a73f5a5258f3fed37fc2fa641892f3f7a4748456d4d4792f9bc550e6c19e06c?s=96&d=mm&r=g","caption":"Ana Teixeira"}}]}},"_links":{"self":[{"href":"https:\/\/www.gaveanews.com\/index.php\/wp-json\/wp\/v2\/posts\/209745","targetHints":{"allow":["GET"]}}],"collection":[{"href":"https:\/\/www.gaveanews.com\/index.php\/wp-json\/wp\/v2\/posts"}],"about":[{"href":"https:\/\/www.gaveanews.com\/index.php\/wp-json\/wp\/v2\/types\/post"}],"author":[{"embeddable":true,"href":"https:\/\/www.gaveanews.com\/index.php\/wp-json\/wp\/v2\/users\/30"}],"replies":[{"embeddable":true,"href":"https:\/\/www.gaveanews.com\/index.php\/wp-json\/wp\/v2\/comments?post=209745"}],"version-history":[{"count":1,"href":"https:\/\/www.gaveanews.com\/index.php\/wp-json\/wp\/v2\/posts\/209745\/revisions"}],"predecessor-version":[{"id":209749,"href":"https:\/\/www.gaveanews.com\/index.php\/wp-json\/wp\/v2\/posts\/209745\/revisions\/209749"}],"wp:featuredmedia":[{"embeddable":true,"href":"https:\/\/www.gaveanews.com\/index.php\/wp-json\/wp\/v2\/media\/173123"}],"wp:attachment":[{"href":"https:\/\/www.gaveanews.com\/index.php\/wp-json\/wp\/v2\/media?parent=209745"}],"wp:term":[{"taxonomy":"category","embeddable":true,"href":"https:\/\/www.gaveanews.com\/index.php\/wp-json\/wp\/v2\/categories?post=209745"},{"taxonomy":"post_tag","embeddable":true,"href":"https:\/\/www.gaveanews.com\/index.php\/wp-json\/wp\/v2\/tags?post=209745"}],"curies":[{"name":"wp","href":"https:\/\/api.w.org\/{rel}","templated":true}]}}