{"id":209747,"date":"2025-01-09T09:51:00","date_gmt":"2025-01-09T12:51:00","guid":{"rendered":"https:\/\/www.gaveanews.com\/?p=209747"},"modified":"2025-01-09T09:52:02","modified_gmt":"2025-01-09T12:52:02","slug":"declaracao-de-cuca-recado-para-a-torcida-e-saida-de-mauricio-lemos-as-ultimas-noticias-do-atletico-mg","status":"publish","type":"post","link":"https:\/\/www.gaveanews.com\/index.php\/2025\/01\/09\/declaracao-de-cuca-recado-para-a-torcida-e-saida-de-mauricio-lemos-as-ultimas-noticias-do-atletico-mg\/","title":{"rendered":"Declara\u00e7\u00e3o de Cuca, recado para a torcida e sa\u00edda de Maur\u00edcio Lemos: as \u00faltimas not\u00edcias do Atl\u00e9tico-MG"},"content":{"rendered":"\n<p>Nas \u00faltimas horas, o foco das not\u00edcias sobre Atl\u00e9tico-MG se concentram nos bastidores do<br>clube, com destaques do dia a dia do time.<\/p>\n\n\n\n<p>Por conta deste contexto, leia abaixo um resumo preparado pela equipe do portal G\u00e1vea News para lhe manter muito bem informado!<\/p>\n\n\n\n<h2 class=\"wp-block-heading\" id=\"h-saida-de-mauricio-lemos\">Sa\u00edda de Maur\u00edcio Lemos<\/h2>\n\n\n\n<p>O Vasco est\u00e1 prestes a oficializar a contrata\u00e7\u00e3o do zagueiro Maur\u00edcio Lemos, do Atl\u00e9tico-MG, por empr\u00e9stimo at\u00e9 o final de 2025, data em que se encerra o contrato do jogador com o Galo. A negocia\u00e7\u00e3o foi conclu\u00edda com o Vasco assumindo integralmente o pagamento do sal\u00e1rio do atleta durante o per\u00edodo do empr\u00e9stimo. A documenta\u00e7\u00e3o final para a transfer\u00eancia est\u00e1 sendo preparada<strong>.<\/strong><\/p>\n\n\n\n<figure class=\"wp-block-image size-large\"><img loading=\"lazy\" decoding=\"async\" width=\"834\" height=\"1024\" src=\"https:\/\/www.gaveanews.com\/wp-content\/uploads\/Mauricio-Lemos-com-a-camisa-do-Atletico-MG-834x1024.webp\" alt=\"\" class=\"wp-image-153916\" srcset=\"https:\/\/www.gaveanews.com\/wp-content\/uploads\/Mauricio-Lemos-com-a-camisa-do-Atletico-MG-834x1024.webp 834w, https:\/\/www.gaveanews.com\/wp-content\/uploads\/Mauricio-Lemos-com-a-camisa-do-Atletico-MG-244x300.webp 244w, https:\/\/www.gaveanews.com\/wp-content\/uploads\/Mauricio-Lemos-com-a-camisa-do-Atletico-MG-768x943.webp 768w, https:\/\/www.gaveanews.com\/wp-content\/uploads\/Mauricio-Lemos-com-a-camisa-do-Atletico-MG-342x420.webp 342w, https:\/\/www.gaveanews.com\/wp-content\/uploads\/Mauricio-Lemos-com-a-camisa-do-Atletico-MG-684x840.webp 684w, https:\/\/www.gaveanews.com\/wp-content\/uploads\/Mauricio-Lemos-com-a-camisa-do-Atletico-MG-640x786.webp 640w, https:\/\/www.gaveanews.com\/wp-content\/uploads\/Mauricio-Lemos-com-a-camisa-do-Atletico-MG-681x836.webp 681w, https:\/\/www.gaveanews.com\/wp-content\/uploads\/Mauricio-Lemos-com-a-camisa-do-Atletico-MG-100x123.webp 100w, https:\/\/www.gaveanews.com\/wp-content\/uploads\/Mauricio-Lemos-com-a-camisa-do-Atletico-MG.webp 1075w\" sizes=\"auto, (max-width: 834px) 100vw, 834px\" \/><figcaption class=\"wp-element-caption\">Maur\u00edcio Lemos com a camisa do Atl\u00e9tico-MG (Foto: Reprodu\u00e7\u00e3o\/Atl\u00e9tico-MG)<\/figcaption><\/figure>\n\n\n\n<p>Lemos, que se destacou pelo Atl\u00e9tico-MG em 2023, perdeu espa\u00e7o com a chegada do t\u00e9cnico Milito e n\u00e3o fazia parte dos planos para 2025 ap\u00f3s as elimina\u00e7\u00f5es na Copa do Brasil e Libertadores.<\/p>\n\n\n\n<p>Apesar de ter participado de algumas partidas no final de 2024, seu desempenho n\u00e3o foi suficiente para garantir sua continuidade no elenco principal.<\/p>\n\n\n\n<p>O Vasco segue se movimentando no mercado, buscando refor\u00e7ar o elenco para a pr\u00f3xima temporada. J\u00e1 o Atl\u00e9tico-MG, sob o comando de Cuca, enfrenta desafios para fechar novas contrata\u00e7\u00f5es, focando na reestrutura\u00e7\u00e3o ap\u00f3s a venda de Paulinho ao Palmeiras.<\/p>\n\n\n\n<h2 class=\"wp-block-heading\" id=\"h-recado-para-a-torcida\">Recado para a torcida<\/h2>\n\n\n\n<p>Cuca, t\u00e9cnico do Atl\u00e9tico-MG, em entrevista \u00e0 Galo TV, abordou as recentes derrotas nas finais da Copa do Brasil e da Libertadores, reconhecendo o impacto nos torcedores. Apesar dos vice-campeonatos, ele pediu que a torcida atleticana mantenha o orgulho pelas conquistas e pelo desempenho do time ao longo de 2024.<\/p>\n\n\n\n<figure class=\"wp-block-image size-large\"><img loading=\"lazy\" decoding=\"async\" width=\"1024\" height=\"683\" src=\"https:\/\/www.gaveanews.com\/wp-content\/uploads\/Torcida-do-Atletico-MG-1024x683.webp\" alt=\"\" class=\"wp-image-150828\" srcset=\"https:\/\/www.gaveanews.com\/wp-content\/uploads\/Torcida-do-Atletico-MG-1024x683.webp 1024w, https:\/\/www.gaveanews.com\/wp-content\/uploads\/Torcida-do-Atletico-MG-300x200.webp 300w, https:\/\/www.gaveanews.com\/wp-content\/uploads\/Torcida-do-Atletico-MG-768x512.webp 768w, https:\/\/www.gaveanews.com\/wp-content\/uploads\/Torcida-do-Atletico-MG-630x420.webp 630w, https:\/\/www.gaveanews.com\/wp-content\/uploads\/Torcida-do-Atletico-MG-640x427.webp 640w, https:\/\/www.gaveanews.com\/wp-content\/uploads\/Torcida-do-Atletico-MG-681x454.webp 681w, https:\/\/www.gaveanews.com\/wp-content\/uploads\/Torcida-do-Atletico-MG-100x67.webp 100w, https:\/\/www.gaveanews.com\/wp-content\/uploads\/Torcida-do-Atletico-MG.webp 1066w\" sizes=\"auto, (max-width: 1024px) 100vw, 1024px\" \/><figcaption class=\"wp-element-caption\">Torcida do Atl\u00e9tico-MG (Foto: Reprodu\u00e7\u00e3o\/Instagram)<\/figcaption><\/figure>\n\n\n\n<p>O Galo enfrentou um per\u00edodo dif\u00edcil, incluindo uma sequ\u00eancia de 12 jogos sem vencer, que culminou na sa\u00edda de Gabriel Milito. Mesmo assim, Cuca enxerga potencial para reverter a situa\u00e7\u00e3o e refor\u00e7ar o v\u00ednculo com a torcida, ressaltando a import\u00e2ncia de superar os desafios.<\/p>\n\n\n\n<p>Agora, com foco na nova temporada, o treinador busca reerguer o clube, valorizando a paix\u00e3o da Massa Atleticana e mirando novos t\u00edtulos para compensar os resultados adversos do ano anterior.<\/p>\n\n\n\n<h2 class=\"wp-block-heading\" id=\"h-declaracao-de-cuca\">Declara\u00e7\u00e3o de Cuca<\/h2>\n\n\n\n<p>Cuca, atual t\u00e9cnico do Atl\u00e9tico-MG, fez uma an\u00e1lise sobre a temporada de 2024, marcada por altos e baixos e derrotas em finais importantes, incluindo a Copa do Brasil contra o Flamengo. Em entrevista, ele destacou que, embora o time tenha chegado a duas decis\u00f5es relevantes, detalhes cruciais determinaram os resultados desfavor\u00e1veis. Cuca pediu para separar a boa campanha do Galo dos desfechos amargos, evidenciando a import\u00e2ncia de aprender com as experi\u00eancias.<\/p>\n\n\n\n<figure class=\"wp-block-image size-full\"><img loading=\"lazy\" decoding=\"async\" width=\"1024\" height=\"683\" src=\"https:\/\/www.gaveanews.com\/wp-content\/uploads\/Cuca-tecnico-do-Atletico-MG.webp\" alt=\"\" class=\"wp-image-68026\" srcset=\"https:\/\/www.gaveanews.com\/wp-content\/uploads\/Cuca-tecnico-do-Atletico-MG.webp 1024w, https:\/\/www.gaveanews.com\/wp-content\/uploads\/Cuca-tecnico-do-Atletico-MG-300x200.webp 300w, https:\/\/www.gaveanews.com\/wp-content\/uploads\/Cuca-tecnico-do-Atletico-MG-768x512.webp 768w, https:\/\/www.gaveanews.com\/wp-content\/uploads\/Cuca-tecnico-do-Atletico-MG-630x420.webp 630w, https:\/\/www.gaveanews.com\/wp-content\/uploads\/Cuca-tecnico-do-Atletico-MG-640x427.webp 640w, https:\/\/www.gaveanews.com\/wp-content\/uploads\/Cuca-tecnico-do-Atletico-MG-681x454.webp 681w, https:\/\/www.gaveanews.com\/wp-content\/uploads\/Cuca-tecnico-do-Atletico-MG-1022x683.webp 1022w, https:\/\/www.gaveanews.com\/wp-content\/uploads\/Cuca-tecnico-do-Atletico-MG-100x67.webp 100w\" sizes=\"auto, (max-width: 1024px) 100vw, 1024px\" \/><figcaption class=\"wp-element-caption\">Cuca como treinador do Atl\u00e9tico-MG (Foto: Bruno Cantini\/Atl\u00e9tico-MG)<\/figcaption><\/figure>\n\n\n\n<p>O treinador reconheceu o esfor\u00e7o do elenco sob o comando de Gabriel Milito, elogiando a capacidade do clube de alcan\u00e7ar finais em competi\u00e7\u00f5es como a Libertadores e a Copa do Brasil. Apesar disso, ressaltou que o torcedor tem o direito de se sentir decepcionado com os resultados. Para 2025, Cuca planeja uma renova\u00e7\u00e3o no elenco e busca estruturar um time ainda mais competitivo.<\/p>\n\n\n\n<p>O foco agora est\u00e1 em entender os processos internos e avaliar cada jogador antes de implementar mudan\u00e7as. O t\u00e9cnico garantiu \u00e0 torcida que o Galo estar\u00e1 pronto para disputar t\u00edtulos em todas as frentes na pr\u00f3xima temporada, com um trabalho coletivo s\u00f3lido e uma nova perspectiva.<\/p>\n","protected":false},"excerpt":{"rendered":"<p>Nas \u00faltimas horas, o foco das not\u00edcias sobre Atl\u00e9tico-MG se concentram nos bastidores doclube, com destaques do dia a dia do time. Por conta deste contexto, leia abaixo um resumo preparado pela equipe do portal G\u00e1vea News para lhe manter muito bem informado! Sa\u00edda de Maur\u00edcio Lemos O Vasco est\u00e1 prestes a oficializar a contrata\u00e7\u00e3o [&hellip;]<\/p>\n","protected":false},"author":27,"featured_media":157061,"comment_status":"open","ping_status":"closed","sticky":false,"template":"","format":"standard","meta":{"footnotes":""},"categories":[136],"tags":[],"class_list":["post-209747","post","type-post","status-publish","format-standard","has-post-thumbnail","hentry","category-atletico-mg"],"yoast_head":"<!-- This site is optimized with the Yoast SEO Premium plugin v24.2 (Yoast SEO v26.9) - https:\/\/yoast.com\/product\/yoast-seo-premium-wordpress\/ -->\n<title>Declara\u00e7\u00e3o de Cuca, recado para a torcida e sa\u00edda de Maur\u00edcio Lemos: as \u00faltimas not\u00edcias do Atl\u00e9tico-MG<\/title>\n<meta name=\"robots\" content=\"index, follow, max-snippet:-1, max-image-preview:large, max-video-preview:-1\" \/>\n<link rel=\"canonical\" href=\"https:\/\/www.gaveanews.com\/index.php\/2025\/01\/09\/declaracao-de-cuca-recado-para-a-torcida-e-saida-de-mauricio-lemos-as-ultimas-noticias-do-atletico-mg\/\" \/>\n<meta property=\"og:locale\" content=\"pt_BR\" \/>\n<meta property=\"og:type\" content=\"article\" \/>\n<meta property=\"og:title\" content=\"Declara\u00e7\u00e3o de Cuca, recado para a torcida e sa\u00edda de Maur\u00edcio Lemos: as \u00faltimas not\u00edcias do Atl\u00e9tico-MG\" \/>\n<meta property=\"og:description\" content=\"Nas \u00faltimas horas, o foco das not\u00edcias sobre Atl\u00e9tico-MG se concentram nos bastidores doclube, com destaques do dia a dia do time. Por conta deste contexto, leia abaixo um resumo preparado pela equipe do portal G\u00e1vea News para lhe manter muito bem informado! Sa\u00edda de Maur\u00edcio Lemos O Vasco est\u00e1 prestes a oficializar a contrata\u00e7\u00e3o [&hellip;]\" \/>\n<meta property=\"og:url\" content=\"https:\/\/www.gaveanews.com\/index.php\/2025\/01\/09\/declaracao-de-cuca-recado-para-a-torcida-e-saida-de-mauricio-lemos-as-ultimas-noticias-do-atletico-mg\/\" \/>\n<meta property=\"og:site_name\" content=\"G\u00e1vea News\" \/>\n<meta property=\"article:publisher\" content=\"https:\/\/facebook.com\/gaveaNews\/\" \/>\n<meta property=\"article:published_time\" content=\"2025-01-09T12:51:00+00:00\" \/>\n<meta property=\"article:modified_time\" content=\"2025-01-09T12:52:02+00:00\" \/>\n<meta property=\"og:image\" content=\"https:\/\/www.gaveanews.com\/wp-content\/uploads\/Camisa-do-Atletico-MG.webp\" \/>\n\t<meta property=\"og:image:width\" content=\"1080\" \/>\n\t<meta property=\"og:image:height\" content=\"720\" \/>\n\t<meta property=\"og:image:type\" content=\"image\/webp\" \/>\n<meta name=\"author\" content=\"Matheus Felipe\" \/>\n<meta name=\"twitter:card\" content=\"summary_large_image\" \/>\n<meta name=\"twitter:label1\" content=\"Escrito por\" \/>\n\t<meta name=\"twitter:data1\" content=\"Matheus Felipe\" \/>\n\t<meta name=\"twitter:label2\" content=\"Est. tempo de leitura\" \/>\n\t<meta name=\"twitter:data2\" content=\"4 minutos\" \/>\n<script type=\"application\/ld+json\" class=\"yoast-schema-graph\">{\"@context\":\"https:\/\/schema.org\",\"@graph\":[{\"@type\":\"NewsArticle\",\"@id\":\"https:\/\/www.gaveanews.com\/index.php\/2025\/01\/09\/declaracao-de-cuca-recado-para-a-torcida-e-saida-de-mauricio-lemos-as-ultimas-noticias-do-atletico-mg\/#article\",\"isPartOf\":{\"@id\":\"https:\/\/www.gaveanews.com\/index.php\/2025\/01\/09\/declaracao-de-cuca-recado-para-a-torcida-e-saida-de-mauricio-lemos-as-ultimas-noticias-do-atletico-mg\/\"},\"author\":{\"name\":\"Matheus Felipe\",\"@id\":\"https:\/\/www.gaveanews.com\/#\/schema\/person\/8207cd4627f56151707418bfc835b2fb\"},\"headline\":\"Declara\u00e7\u00e3o de Cuca, recado para a torcida e sa\u00edda de Maur\u00edcio Lemos: as \u00faltimas not\u00edcias do Atl\u00e9tico-MG\",\"datePublished\":\"2025-01-09T12:51:00+00:00\",\"dateModified\":\"2025-01-09T12:52:02+00:00\",\"mainEntityOfPage\":{\"@id\":\"https:\/\/www.gaveanews.com\/index.php\/2025\/01\/09\/declaracao-de-cuca-recado-para-a-torcida-e-saida-de-mauricio-lemos-as-ultimas-noticias-do-atletico-mg\/\"},\"wordCount\":618,\"commentCount\":0,\"image\":{\"@id\":\"https:\/\/www.gaveanews.com\/index.php\/2025\/01\/09\/declaracao-de-cuca-recado-para-a-torcida-e-saida-de-mauricio-lemos-as-ultimas-noticias-do-atletico-mg\/#primaryimage\"},\"thumbnailUrl\":\"https:\/\/www.gaveanews.com\/wp-content\/uploads\/Camisa-do-Atletico-MG.webp\",\"articleSection\":[\"Atl\u00e9tico-MG\"],\"inLanguage\":\"pt-BR\",\"potentialAction\":[{\"@type\":\"CommentAction\",\"name\":\"Comment\",\"target\":[\"https:\/\/www.gaveanews.com\/index.php\/2025\/01\/09\/declaracao-de-cuca-recado-para-a-torcida-e-saida-de-mauricio-lemos-as-ultimas-noticias-do-atletico-mg\/#respond\"]}],\"copyrightYear\":\"2025\",\"copyrightHolder\":{\"@id\":\"https:\/\/www.gaveanews.com\/#organization\"}},{\"@type\":\"WebPage\",\"@id\":\"https:\/\/www.gaveanews.com\/index.php\/2025\/01\/09\/declaracao-de-cuca-recado-para-a-torcida-e-saida-de-mauricio-lemos-as-ultimas-noticias-do-atletico-mg\/\",\"url\":\"https:\/\/www.gaveanews.com\/index.php\/2025\/01\/09\/declaracao-de-cuca-recado-para-a-torcida-e-saida-de-mauricio-lemos-as-ultimas-noticias-do-atletico-mg\/\",\"name\":\"Declara\u00e7\u00e3o de Cuca, recado para a torcida e sa\u00edda de Maur\u00edcio Lemos: as \u00faltimas not\u00edcias do Atl\u00e9tico-MG\",\"isPartOf\":{\"@id\":\"https:\/\/www.gaveanews.com\/#website\"},\"primaryImageOfPage\":{\"@id\":\"https:\/\/www.gaveanews.com\/index.php\/2025\/01\/09\/declaracao-de-cuca-recado-para-a-torcida-e-saida-de-mauricio-lemos-as-ultimas-noticias-do-atletico-mg\/#primaryimage\"},\"image\":{\"@id\":\"https:\/\/www.gaveanews.com\/index.php\/2025\/01\/09\/declaracao-de-cuca-recado-para-a-torcida-e-saida-de-mauricio-lemos-as-ultimas-noticias-do-atletico-mg\/#primaryimage\"},\"thumbnailUrl\":\"https:\/\/www.gaveanews.com\/wp-content\/uploads\/Camisa-do-Atletico-MG.webp\",\"datePublished\":\"2025-01-09T12:51:00+00:00\",\"dateModified\":\"2025-01-09T12:52:02+00:00\",\"author\":{\"@id\":\"https:\/\/www.gaveanews.com\/#\/schema\/person\/8207cd4627f56151707418bfc835b2fb\"},\"breadcrumb\":{\"@id\":\"https:\/\/www.gaveanews.com\/index.php\/2025\/01\/09\/declaracao-de-cuca-recado-para-a-torcida-e-saida-de-mauricio-lemos-as-ultimas-noticias-do-atletico-mg\/#breadcrumb\"},\"inLanguage\":\"pt-BR\",\"potentialAction\":[{\"@type\":\"ReadAction\",\"target\":[\"https:\/\/www.gaveanews.com\/index.php\/2025\/01\/09\/declaracao-de-cuca-recado-para-a-torcida-e-saida-de-mauricio-lemos-as-ultimas-noticias-do-atletico-mg\/\"]}]},{\"@type\":\"ImageObject\",\"inLanguage\":\"pt-BR\",\"@id\":\"https:\/\/www.gaveanews.com\/index.php\/2025\/01\/09\/declaracao-de-cuca-recado-para-a-torcida-e-saida-de-mauricio-lemos-as-ultimas-noticias-do-atletico-mg\/#primaryimage\",\"url\":\"https:\/\/www.gaveanews.com\/wp-content\/uploads\/Camisa-do-Atletico-MG.webp\",\"contentUrl\":\"https:\/\/www.gaveanews.com\/wp-content\/uploads\/Camisa-do-Atletico-MG.webp\",\"width\":1080,\"height\":720,\"caption\":\"Camisa do Atl\u00e9tico-MG (Foto: Reprodu\u00e7\u00e3o\/Instagram)\"},{\"@type\":\"BreadcrumbList\",\"@id\":\"https:\/\/www.gaveanews.com\/index.php\/2025\/01\/09\/declaracao-de-cuca-recado-para-a-torcida-e-saida-de-mauricio-lemos-as-ultimas-noticias-do-atletico-mg\/#breadcrumb\",\"itemListElement\":[{\"@type\":\"ListItem\",\"position\":1,\"name\":\"Home\",\"item\":\"https:\/\/www.gaveanews.com\/\"},{\"@type\":\"ListItem\",\"position\":2,\"name\":\"Declara\u00e7\u00e3o de Cuca, recado para a torcida e sa\u00edda de Maur\u00edcio Lemos: as \u00faltimas not\u00edcias do Atl\u00e9tico-MG\"}]},{\"@type\":\"WebSite\",\"@id\":\"https:\/\/www.gaveanews.com\/#website\",\"url\":\"https:\/\/www.gaveanews.com\/\",\"name\":\"G\u00e1vea News\",\"description\":\"Veja todas as not\u00edcias sobre o Flamengo: Contrata\u00e7\u00f5es, categorias de base, resultados das partidas, tabela de classifica\u00e7\u00e3o, pr\u00f3ximos jogos!\",\"potentialAction\":[{\"@type\":\"SearchAction\",\"target\":{\"@type\":\"EntryPoint\",\"urlTemplate\":\"https:\/\/www.gaveanews.com\/?s={search_term_string}\"},\"query-input\":{\"@type\":\"PropertyValueSpecification\",\"valueRequired\":true,\"valueName\":\"search_term_string\"}}],\"inLanguage\":\"pt-BR\"},{\"@type\":\"Person\",\"@id\":\"https:\/\/www.gaveanews.com\/#\/schema\/person\/8207cd4627f56151707418bfc835b2fb\",\"name\":\"Matheus Felipe\",\"image\":{\"@type\":\"ImageObject\",\"inLanguage\":\"pt-BR\",\"@id\":\"https:\/\/www.gaveanews.com\/#\/schema\/person\/image\/\",\"url\":\"https:\/\/secure.gravatar.com\/avatar\/a452ffbed9130f726358b298bb3a99ce4bd3c5338411f8440e87e14d74c7c087?s=96&d=mm&r=g\",\"contentUrl\":\"https:\/\/secure.gravatar.com\/avatar\/a452ffbed9130f726358b298bb3a99ce4bd3c5338411f8440e87e14d74c7c087?s=96&d=mm&r=g\",\"caption\":\"Matheus Felipe\"}}]}<\/script>\n<!-- \/ Yoast SEO Premium plugin. -->","yoast_head_json":{"title":"Declara\u00e7\u00e3o de Cuca, recado para a torcida e sa\u00edda de Maur\u00edcio Lemos: as \u00faltimas not\u00edcias do Atl\u00e9tico-MG","robots":{"index":"index","follow":"follow","max-snippet":"max-snippet:-1","max-image-preview":"max-image-preview:large","max-video-preview":"max-video-preview:-1"},"canonical":"https:\/\/www.gaveanews.com\/index.php\/2025\/01\/09\/declaracao-de-cuca-recado-para-a-torcida-e-saida-de-mauricio-lemos-as-ultimas-noticias-do-atletico-mg\/","og_locale":"pt_BR","og_type":"article","og_title":"Declara\u00e7\u00e3o de Cuca, recado para a torcida e sa\u00edda de Maur\u00edcio Lemos: as \u00faltimas not\u00edcias do Atl\u00e9tico-MG","og_description":"Nas \u00faltimas horas, o foco das not\u00edcias sobre Atl\u00e9tico-MG se concentram nos bastidores doclube, com destaques do dia a dia do time. Por conta deste contexto, leia abaixo um resumo preparado pela equipe do portal G\u00e1vea News para lhe manter muito bem informado! Sa\u00edda de Maur\u00edcio Lemos O Vasco est\u00e1 prestes a oficializar a contrata\u00e7\u00e3o [&hellip;]","og_url":"https:\/\/www.gaveanews.com\/index.php\/2025\/01\/09\/declaracao-de-cuca-recado-para-a-torcida-e-saida-de-mauricio-lemos-as-ultimas-noticias-do-atletico-mg\/","og_site_name":"G\u00e1vea News","article_publisher":"https:\/\/facebook.com\/gaveaNews\/","article_published_time":"2025-01-09T12:51:00+00:00","article_modified_time":"2025-01-09T12:52:02+00:00","og_image":[{"width":1080,"height":720,"url":"https:\/\/www.gaveanews.com\/wp-content\/uploads\/Camisa-do-Atletico-MG.webp","type":"image\/webp"}],"author":"Matheus Felipe","twitter_card":"summary_large_image","twitter_misc":{"Escrito por":"Matheus Felipe","Est. tempo de leitura":"4 minutos"},"schema":{"@context":"https:\/\/schema.org","@graph":[{"@type":"NewsArticle","@id":"https:\/\/www.gaveanews.com\/index.php\/2025\/01\/09\/declaracao-de-cuca-recado-para-a-torcida-e-saida-de-mauricio-lemos-as-ultimas-noticias-do-atletico-mg\/#article","isPartOf":{"@id":"https:\/\/www.gaveanews.com\/index.php\/2025\/01\/09\/declaracao-de-cuca-recado-para-a-torcida-e-saida-de-mauricio-lemos-as-ultimas-noticias-do-atletico-mg\/"},"author":{"name":"Matheus Felipe","@id":"https:\/\/www.gaveanews.com\/#\/schema\/person\/8207cd4627f56151707418bfc835b2fb"},"headline":"Declara\u00e7\u00e3o de Cuca, recado para a torcida e sa\u00edda de Maur\u00edcio Lemos: as \u00faltimas not\u00edcias do Atl\u00e9tico-MG","datePublished":"2025-01-09T12:51:00+00:00","dateModified":"2025-01-09T12:52:02+00:00","mainEntityOfPage":{"@id":"https:\/\/www.gaveanews.com\/index.php\/2025\/01\/09\/declaracao-de-cuca-recado-para-a-torcida-e-saida-de-mauricio-lemos-as-ultimas-noticias-do-atletico-mg\/"},"wordCount":618,"commentCount":0,"image":{"@id":"https:\/\/www.gaveanews.com\/index.php\/2025\/01\/09\/declaracao-de-cuca-recado-para-a-torcida-e-saida-de-mauricio-lemos-as-ultimas-noticias-do-atletico-mg\/#primaryimage"},"thumbnailUrl":"https:\/\/www.gaveanews.com\/wp-content\/uploads\/Camisa-do-Atletico-MG.webp","articleSection":["Atl\u00e9tico-MG"],"inLanguage":"pt-BR","potentialAction":[{"@type":"CommentAction","name":"Comment","target":["https:\/\/www.gaveanews.com\/index.php\/2025\/01\/09\/declaracao-de-cuca-recado-para-a-torcida-e-saida-de-mauricio-lemos-as-ultimas-noticias-do-atletico-mg\/#respond"]}],"copyrightYear":"2025","copyrightHolder":{"@id":"https:\/\/www.gaveanews.com\/#organization"}},{"@type":"WebPage","@id":"https:\/\/www.gaveanews.com\/index.php\/2025\/01\/09\/declaracao-de-cuca-recado-para-a-torcida-e-saida-de-mauricio-lemos-as-ultimas-noticias-do-atletico-mg\/","url":"https:\/\/www.gaveanews.com\/index.php\/2025\/01\/09\/declaracao-de-cuca-recado-para-a-torcida-e-saida-de-mauricio-lemos-as-ultimas-noticias-do-atletico-mg\/","name":"Declara\u00e7\u00e3o de Cuca, recado para a torcida e sa\u00edda de Maur\u00edcio Lemos: as \u00faltimas not\u00edcias do Atl\u00e9tico-MG","isPartOf":{"@id":"https:\/\/www.gaveanews.com\/#website"},"primaryImageOfPage":{"@id":"https:\/\/www.gaveanews.com\/index.php\/2025\/01\/09\/declaracao-de-cuca-recado-para-a-torcida-e-saida-de-mauricio-lemos-as-ultimas-noticias-do-atletico-mg\/#primaryimage"},"image":{"@id":"https:\/\/www.gaveanews.com\/index.php\/2025\/01\/09\/declaracao-de-cuca-recado-para-a-torcida-e-saida-de-mauricio-lemos-as-ultimas-noticias-do-atletico-mg\/#primaryimage"},"thumbnailUrl":"https:\/\/www.gaveanews.com\/wp-content\/uploads\/Camisa-do-Atletico-MG.webp","datePublished":"2025-01-09T12:51:00+00:00","dateModified":"2025-01-09T12:52:02+00:00","author":{"@id":"https:\/\/www.gaveanews.com\/#\/schema\/person\/8207cd4627f56151707418bfc835b2fb"},"breadcrumb":{"@id":"https:\/\/www.gaveanews.com\/index.php\/2025\/01\/09\/declaracao-de-cuca-recado-para-a-torcida-e-saida-de-mauricio-lemos-as-ultimas-noticias-do-atletico-mg\/#breadcrumb"},"inLanguage":"pt-BR","potentialAction":[{"@type":"ReadAction","target":["https:\/\/www.gaveanews.com\/index.php\/2025\/01\/09\/declaracao-de-cuca-recado-para-a-torcida-e-saida-de-mauricio-lemos-as-ultimas-noticias-do-atletico-mg\/"]}]},{"@type":"ImageObject","inLanguage":"pt-BR","@id":"https:\/\/www.gaveanews.com\/index.php\/2025\/01\/09\/declaracao-de-cuca-recado-para-a-torcida-e-saida-de-mauricio-lemos-as-ultimas-noticias-do-atletico-mg\/#primaryimage","url":"https:\/\/www.gaveanews.com\/wp-content\/uploads\/Camisa-do-Atletico-MG.webp","contentUrl":"https:\/\/www.gaveanews.com\/wp-content\/uploads\/Camisa-do-Atletico-MG.webp","width":1080,"height":720,"caption":"Camisa do Atl\u00e9tico-MG (Foto: Reprodu\u00e7\u00e3o\/Instagram)"},{"@type":"BreadcrumbList","@id":"https:\/\/www.gaveanews.com\/index.php\/2025\/01\/09\/declaracao-de-cuca-recado-para-a-torcida-e-saida-de-mauricio-lemos-as-ultimas-noticias-do-atletico-mg\/#breadcrumb","itemListElement":[{"@type":"ListItem","position":1,"name":"Home","item":"https:\/\/www.gaveanews.com\/"},{"@type":"ListItem","position":2,"name":"Declara\u00e7\u00e3o de Cuca, recado para a torcida e sa\u00edda de Maur\u00edcio Lemos: as \u00faltimas not\u00edcias do Atl\u00e9tico-MG"}]},{"@type":"WebSite","@id":"https:\/\/www.gaveanews.com\/#website","url":"https:\/\/www.gaveanews.com\/","name":"G\u00e1vea News","description":"Veja todas as not\u00edcias sobre o Flamengo: Contrata\u00e7\u00f5es, categorias de base, resultados das partidas, tabela de classifica\u00e7\u00e3o, pr\u00f3ximos jogos!","potentialAction":[{"@type":"SearchAction","target":{"@type":"EntryPoint","urlTemplate":"https:\/\/www.gaveanews.com\/?s={search_term_string}"},"query-input":{"@type":"PropertyValueSpecification","valueRequired":true,"valueName":"search_term_string"}}],"inLanguage":"pt-BR"},{"@type":"Person","@id":"https:\/\/www.gaveanews.com\/#\/schema\/person\/8207cd4627f56151707418bfc835b2fb","name":"Matheus Felipe","image":{"@type":"ImageObject","inLanguage":"pt-BR","@id":"https:\/\/www.gaveanews.com\/#\/schema\/person\/image\/","url":"https:\/\/secure.gravatar.com\/avatar\/a452ffbed9130f726358b298bb3a99ce4bd3c5338411f8440e87e14d74c7c087?s=96&d=mm&r=g","contentUrl":"https:\/\/secure.gravatar.com\/avatar\/a452ffbed9130f726358b298bb3a99ce4bd3c5338411f8440e87e14d74c7c087?s=96&d=mm&r=g","caption":"Matheus Felipe"}}]}},"_links":{"self":[{"href":"https:\/\/www.gaveanews.com\/index.php\/wp-json\/wp\/v2\/posts\/209747","targetHints":{"allow":["GET"]}}],"collection":[{"href":"https:\/\/www.gaveanews.com\/index.php\/wp-json\/wp\/v2\/posts"}],"about":[{"href":"https:\/\/www.gaveanews.com\/index.php\/wp-json\/wp\/v2\/types\/post"}],"author":[{"embeddable":true,"href":"https:\/\/www.gaveanews.com\/index.php\/wp-json\/wp\/v2\/users\/27"}],"replies":[{"embeddable":true,"href":"https:\/\/www.gaveanews.com\/index.php\/wp-json\/wp\/v2\/comments?post=209747"}],"version-history":[{"count":1,"href":"https:\/\/www.gaveanews.com\/index.php\/wp-json\/wp\/v2\/posts\/209747\/revisions"}],"predecessor-version":[{"id":209752,"href":"https:\/\/www.gaveanews.com\/index.php\/wp-json\/wp\/v2\/posts\/209747\/revisions\/209752"}],"wp:featuredmedia":[{"embeddable":true,"href":"https:\/\/www.gaveanews.com\/index.php\/wp-json\/wp\/v2\/media\/157061"}],"wp:attachment":[{"href":"https:\/\/www.gaveanews.com\/index.php\/wp-json\/wp\/v2\/media?parent=209747"}],"wp:term":[{"taxonomy":"category","embeddable":true,"href":"https:\/\/www.gaveanews.com\/index.php\/wp-json\/wp\/v2\/categories?post=209747"},{"taxonomy":"post_tag","embeddable":true,"href":"https:\/\/www.gaveanews.com\/index.php\/wp-json\/wp\/v2\/tags?post=209747"}],"curies":[{"name":"wp","href":"https:\/\/api.w.org\/{rel}","templated":true}]}}