{"id":209751,"date":"2025-01-08T23:55:00","date_gmt":"2025-01-09T02:55:00","guid":{"rendered":"https:\/\/www.gaveanews.com\/?p=209751"},"modified":"2025-01-08T22:29:07","modified_gmt":"2025-01-09T01:29:07","slug":"gremio-apos-interesse-do-cruzeiro-cristaldo-se-torna-alvo-de-clube-do-exterior","status":"publish","type":"post","link":"https:\/\/www.gaveanews.com\/index.php\/2025\/01\/08\/gremio-apos-interesse-do-cruzeiro-cristaldo-se-torna-alvo-de-clube-do-exterior\/","title":{"rendered":"Gr\u00eamio: ap\u00f3s interesse do Cruzeiro, Cristaldo se torna alvo de clube do exterior"},"content":{"rendered":"\n<h2 class=\"wp-block-heading\" id=\"h-franco-cristaldo-desperta-interesse-do-huracan-em-meio-a-impasse-com-o-gremio\">Franco Cristaldo desperta interesse do Hurac\u00e1n em meio a impasse com o Gr\u00eamio<\/h2>\n\n\n\n<p>O meia argentino Franco Cristaldo, de 28 anos, pode estar na mira de um retorno ao Hurac\u00e1n, clube pelo qual se destacou antes de chegar ao Gr\u00eamio em 2023.<\/p>\n\n\n\n<ul class=\"wp-block-list\">\n<li><a href=\"https:\/\/www.gaveanews.com\/index.php\/2024\/12\/28\/saidas-para-2025-seis-contratacoes-e-jogadores-desejados-as-ultimas-noticias-do-gremio\/\">Sa\u00eddas para 2025, seis contrata\u00e7\u00f5es e jogadores desejados: as \u00faltimas not\u00edcias do Gr\u00eamio<\/a><\/li>\n\n\n\n<li><a href=\"https:\/\/www.gaveanews.com\/index.php\/2024\/12\/11\/cristaldo-villasanti-soteldo-matias-arezo-aravena-monsalve-nathan-joao-pedro-braithwaite-e-pavon-os-jogadores-mais-valiosos-do-gremio\/\">Cristaldo, Villasanti, Soteldo, Mat\u00edas Arezo, Aravena, Monsalve, Nathan, Jo\u00e3o Pedro, Braithwaite e Pav\u00f3n: os jogadores mais valiosos do Gr\u00eamio<\/a><\/li>\n<\/ul>\n\n\n\n<p>Segundo informa\u00e7\u00f5es do jornalista Kaliel Dorneles, da Band, o time da prov\u00edncia de Buenos Aires fez o primeiro contato com o estafe do jogador, mas ainda n\u00e3o apresentou uma proposta formal.<\/p>\n\n\n\n<p>O interesse do Hurac\u00e1n em repatriar Cristaldo n\u00e3o \u00e9 recente. O clube argentino j\u00e1 havia tentado sua contrata\u00e7\u00e3o na metade de 2024, mas sem sucesso. Agora, com a dificuldade nas negocia\u00e7\u00f5es para a renova\u00e7\u00e3o de contrato do meia com o Gr\u00eamio, a equipe v\u00ea uma nova oportunidade de contar novamente com o atleta.<\/p>\n\n\n\n<p>Atualmente, o impasse para o prolongamento do v\u00ednculo ocorre devido \u00e0 diverg\u00eancia salarial. O estafe do jogador pede R$ 800 mil mensais, enquanto a dire\u00e7\u00e3o do Imortal ofereceu R$ 600 mil, valor considerado abaixo das expectativas do meia.<\/p>\n\n\n\n<p>Cristaldo teve uma estreia positiva pelo Gr\u00eamio em 2023, contribuindo com 11 gols e 12 assist\u00eancias em 54 jogos. Em 2024, manteve-se como pe\u00e7a fundamental do elenco, sendo o segundo maior artilheiro do time, atr\u00e1s de Luis Su\u00e1rez, e registrando 13 gols e 5 assist\u00eancias em 59 partidas.<\/p>\n\n\n\n<p>O Gr\u00eamio ainda n\u00e3o se pronunciou oficialmente sobre o futuro do jogador, mas a indefini\u00e7\u00e3o abre caminho para o Hurac\u00e1n e outros interessados no mercado. Enquanto isso, o clube trabalha para refor\u00e7ar o elenco visando as competi\u00e7\u00f5es de 2025, mantendo sua tradi\u00e7\u00e3o de contar com um time competitivo.<\/p>\n","protected":false},"excerpt":{"rendered":"<p>Franco Cristaldo desperta interesse do Hurac\u00e1n em meio a impasse com o Gr\u00eamio O meia argentino Franco Cristaldo, de 28 anos, pode estar na mira de um retorno ao Hurac\u00e1n, clube pelo qual se destacou antes de chegar ao Gr\u00eamio em 2023. Segundo informa\u00e7\u00f5es do jornalista Kaliel Dorneles, da Band, o time da prov\u00edncia de [&hellip;]<\/p>\n","protected":false},"author":17,"featured_media":169834,"comment_status":"open","ping_status":"closed","sticky":false,"template":"","format":"standard","meta":{"footnotes":""},"categories":[143,147],"tags":[],"class_list":["post-209751","post","type-post","status-publish","format-standard","has-post-thumbnail","hentry","category-cruzeiro","category-gremio"],"yoast_head":"<!-- This site is optimized with the Yoast SEO Premium plugin v24.2 (Yoast SEO v26.9) - https:\/\/yoast.com\/product\/yoast-seo-premium-wordpress\/ -->\n<title>Gr\u00eamio: ap\u00f3s interesse do Cruzeiro, Cristaldo se torna alvo de clube do exterior<\/title>\n<meta name=\"robots\" content=\"index, follow, max-snippet:-1, max-image-preview:large, max-video-preview:-1\" \/>\n<link rel=\"canonical\" href=\"https:\/\/www.gaveanews.com\/index.php\/2025\/01\/08\/gremio-apos-interesse-do-cruzeiro-cristaldo-se-torna-alvo-de-clube-do-exterior\/\" \/>\n<meta property=\"og:locale\" content=\"pt_BR\" \/>\n<meta property=\"og:type\" content=\"article\" \/>\n<meta property=\"og:title\" content=\"Gr\u00eamio: ap\u00f3s interesse do Cruzeiro, Cristaldo se torna alvo de clube do exterior\" \/>\n<meta property=\"og:description\" content=\"Franco Cristaldo desperta interesse do Hurac\u00e1n em meio a impasse com o Gr\u00eamio O meia argentino Franco Cristaldo, de 28 anos, pode estar na mira de um retorno ao Hurac\u00e1n, clube pelo qual se destacou antes de chegar ao Gr\u00eamio em 2023. Segundo informa\u00e7\u00f5es do jornalista Kaliel Dorneles, da Band, o time da prov\u00edncia de [&hellip;]\" \/>\n<meta property=\"og:url\" content=\"https:\/\/www.gaveanews.com\/index.php\/2025\/01\/08\/gremio-apos-interesse-do-cruzeiro-cristaldo-se-torna-alvo-de-clube-do-exterior\/\" \/>\n<meta property=\"og:site_name\" content=\"G\u00e1vea News\" \/>\n<meta property=\"article:publisher\" content=\"https:\/\/facebook.com\/gaveaNews\/\" \/>\n<meta property=\"article:published_time\" content=\"2025-01-09T02:55:00+00:00\" \/>\n<meta property=\"og:image\" content=\"https:\/\/www.gaveanews.com\/wp-content\/uploads\/Cristaldo-pelo-Gremio.webp\" \/>\n\t<meta property=\"og:image:width\" content=\"984\" \/>\n\t<meta property=\"og:image:height\" content=\"657\" \/>\n\t<meta property=\"og:image:type\" content=\"image\/jpeg\" \/>\n<meta name=\"author\" content=\"Geovanna Thomaz\" \/>\n<meta name=\"twitter:card\" content=\"summary_large_image\" \/>\n<meta name=\"twitter:label1\" content=\"Escrito por\" \/>\n\t<meta name=\"twitter:data1\" content=\"Geovanna Thomaz\" \/>\n\t<meta name=\"twitter:label2\" content=\"Est. tempo de leitura\" \/>\n\t<meta name=\"twitter:data2\" content=\"2 minutos\" \/>\n<script type=\"application\/ld+json\" class=\"yoast-schema-graph\">{\"@context\":\"https:\/\/schema.org\",\"@graph\":[{\"@type\":\"NewsArticle\",\"@id\":\"https:\/\/www.gaveanews.com\/index.php\/2025\/01\/08\/gremio-apos-interesse-do-cruzeiro-cristaldo-se-torna-alvo-de-clube-do-exterior\/#article\",\"isPartOf\":{\"@id\":\"https:\/\/www.gaveanews.com\/index.php\/2025\/01\/08\/gremio-apos-interesse-do-cruzeiro-cristaldo-se-torna-alvo-de-clube-do-exterior\/\"},\"author\":{\"name\":\"Geovanna Thomaz\",\"@id\":\"https:\/\/www.gaveanews.com\/#\/schema\/person\/f42654babcd2b2014a1a65af82b081f1\"},\"headline\":\"Gr\u00eamio: ap\u00f3s interesse do Cruzeiro, Cristaldo se torna alvo de clube do exterior\",\"datePublished\":\"2025-01-09T02:55:00+00:00\",\"mainEntityOfPage\":{\"@id\":\"https:\/\/www.gaveanews.com\/index.php\/2025\/01\/08\/gremio-apos-interesse-do-cruzeiro-cristaldo-se-torna-alvo-de-clube-do-exterior\/\"},\"wordCount\":327,\"commentCount\":0,\"image\":{\"@id\":\"https:\/\/www.gaveanews.com\/index.php\/2025\/01\/08\/gremio-apos-interesse-do-cruzeiro-cristaldo-se-torna-alvo-de-clube-do-exterior\/#primaryimage\"},\"thumbnailUrl\":\"https:\/\/www.gaveanews.com\/wp-content\/uploads\/Cristaldo-pelo-Gremio.webp\",\"articleSection\":[\"Cruzeiro\",\"Gr\u00eamio\"],\"inLanguage\":\"pt-BR\",\"potentialAction\":[{\"@type\":\"CommentAction\",\"name\":\"Comment\",\"target\":[\"https:\/\/www.gaveanews.com\/index.php\/2025\/01\/08\/gremio-apos-interesse-do-cruzeiro-cristaldo-se-torna-alvo-de-clube-do-exterior\/#respond\"]}],\"copyrightYear\":\"2025\",\"copyrightHolder\":{\"@id\":\"https:\/\/www.gaveanews.com\/#organization\"}},{\"@type\":\"WebPage\",\"@id\":\"https:\/\/www.gaveanews.com\/index.php\/2025\/01\/08\/gremio-apos-interesse-do-cruzeiro-cristaldo-se-torna-alvo-de-clube-do-exterior\/\",\"url\":\"https:\/\/www.gaveanews.com\/index.php\/2025\/01\/08\/gremio-apos-interesse-do-cruzeiro-cristaldo-se-torna-alvo-de-clube-do-exterior\/\",\"name\":\"Gr\u00eamio: ap\u00f3s interesse do Cruzeiro, Cristaldo se torna alvo de clube do exterior\",\"isPartOf\":{\"@id\":\"https:\/\/www.gaveanews.com\/#website\"},\"primaryImageOfPage\":{\"@id\":\"https:\/\/www.gaveanews.com\/index.php\/2025\/01\/08\/gremio-apos-interesse-do-cruzeiro-cristaldo-se-torna-alvo-de-clube-do-exterior\/#primaryimage\"},\"image\":{\"@id\":\"https:\/\/www.gaveanews.com\/index.php\/2025\/01\/08\/gremio-apos-interesse-do-cruzeiro-cristaldo-se-torna-alvo-de-clube-do-exterior\/#primaryimage\"},\"thumbnailUrl\":\"https:\/\/www.gaveanews.com\/wp-content\/uploads\/Cristaldo-pelo-Gremio.webp\",\"datePublished\":\"2025-01-09T02:55:00+00:00\",\"author\":{\"@id\":\"https:\/\/www.gaveanews.com\/#\/schema\/person\/f42654babcd2b2014a1a65af82b081f1\"},\"breadcrumb\":{\"@id\":\"https:\/\/www.gaveanews.com\/index.php\/2025\/01\/08\/gremio-apos-interesse-do-cruzeiro-cristaldo-se-torna-alvo-de-clube-do-exterior\/#breadcrumb\"},\"inLanguage\":\"pt-BR\",\"potentialAction\":[{\"@type\":\"ReadAction\",\"target\":[\"https:\/\/www.gaveanews.com\/index.php\/2025\/01\/08\/gremio-apos-interesse-do-cruzeiro-cristaldo-se-torna-alvo-de-clube-do-exterior\/\"]}]},{\"@type\":\"ImageObject\",\"inLanguage\":\"pt-BR\",\"@id\":\"https:\/\/www.gaveanews.com\/index.php\/2025\/01\/08\/gremio-apos-interesse-do-cruzeiro-cristaldo-se-torna-alvo-de-clube-do-exterior\/#primaryimage\",\"url\":\"https:\/\/www.gaveanews.com\/wp-content\/uploads\/Cristaldo-pelo-Gremio.webp\",\"contentUrl\":\"https:\/\/www.gaveanews.com\/wp-content\/uploads\/Cristaldo-pelo-Gremio.webp\",\"width\":984,\"height\":657,\"caption\":\"Cristaldo pelo Gr\u00eamio (Foto: Lucas Uebel\/Gr\u00eamio)\"},{\"@type\":\"BreadcrumbList\",\"@id\":\"https:\/\/www.gaveanews.com\/index.php\/2025\/01\/08\/gremio-apos-interesse-do-cruzeiro-cristaldo-se-torna-alvo-de-clube-do-exterior\/#breadcrumb\",\"itemListElement\":[{\"@type\":\"ListItem\",\"position\":1,\"name\":\"Home\",\"item\":\"https:\/\/www.gaveanews.com\/\"},{\"@type\":\"ListItem\",\"position\":2,\"name\":\"Gr\u00eamio: ap\u00f3s interesse do Cruzeiro, Cristaldo se torna alvo de clube do exterior\"}]},{\"@type\":\"WebSite\",\"@id\":\"https:\/\/www.gaveanews.com\/#website\",\"url\":\"https:\/\/www.gaveanews.com\/\",\"name\":\"G\u00e1vea News\",\"description\":\"Veja todas as not\u00edcias sobre o Flamengo: Contrata\u00e7\u00f5es, categorias de base, resultados das partidas, tabela de classifica\u00e7\u00e3o, pr\u00f3ximos jogos!\",\"potentialAction\":[{\"@type\":\"SearchAction\",\"target\":{\"@type\":\"EntryPoint\",\"urlTemplate\":\"https:\/\/www.gaveanews.com\/?s={search_term_string}\"},\"query-input\":{\"@type\":\"PropertyValueSpecification\",\"valueRequired\":true,\"valueName\":\"search_term_string\"}}],\"inLanguage\":\"pt-BR\"},{\"@type\":\"Person\",\"@id\":\"https:\/\/www.gaveanews.com\/#\/schema\/person\/f42654babcd2b2014a1a65af82b081f1\",\"name\":\"Geovanna Thomaz\",\"image\":{\"@type\":\"ImageObject\",\"inLanguage\":\"pt-BR\",\"@id\":\"https:\/\/www.gaveanews.com\/#\/schema\/person\/image\/\",\"url\":\"https:\/\/secure.gravatar.com\/avatar\/4092073255489533afb558984b49b64268c47198af8623cc82a925ae9fb7118a?s=96&d=mm&r=g\",\"contentUrl\":\"https:\/\/secure.gravatar.com\/avatar\/4092073255489533afb558984b49b64268c47198af8623cc82a925ae9fb7118a?s=96&d=mm&r=g\",\"caption\":\"Geovanna Thomaz\"}}]}<\/script>\n<!-- \/ Yoast SEO Premium plugin. -->","yoast_head_json":{"title":"Gr\u00eamio: ap\u00f3s interesse do Cruzeiro, Cristaldo se torna alvo de clube do exterior","robots":{"index":"index","follow":"follow","max-snippet":"max-snippet:-1","max-image-preview":"max-image-preview:large","max-video-preview":"max-video-preview:-1"},"canonical":"https:\/\/www.gaveanews.com\/index.php\/2025\/01\/08\/gremio-apos-interesse-do-cruzeiro-cristaldo-se-torna-alvo-de-clube-do-exterior\/","og_locale":"pt_BR","og_type":"article","og_title":"Gr\u00eamio: ap\u00f3s interesse do Cruzeiro, Cristaldo se torna alvo de clube do exterior","og_description":"Franco Cristaldo desperta interesse do Hurac\u00e1n em meio a impasse com o Gr\u00eamio O meia argentino Franco Cristaldo, de 28 anos, pode estar na mira de um retorno ao Hurac\u00e1n, clube pelo qual se destacou antes de chegar ao Gr\u00eamio em 2023. Segundo informa\u00e7\u00f5es do jornalista Kaliel Dorneles, da Band, o time da prov\u00edncia de [&hellip;]","og_url":"https:\/\/www.gaveanews.com\/index.php\/2025\/01\/08\/gremio-apos-interesse-do-cruzeiro-cristaldo-se-torna-alvo-de-clube-do-exterior\/","og_site_name":"G\u00e1vea News","article_publisher":"https:\/\/facebook.com\/gaveaNews\/","article_published_time":"2025-01-09T02:55:00+00:00","og_image":[{"width":984,"height":657,"url":"https:\/\/www.gaveanews.com\/wp-content\/uploads\/Cristaldo-pelo-Gremio.webp","type":"image\/jpeg"}],"author":"Geovanna Thomaz","twitter_card":"summary_large_image","twitter_misc":{"Escrito por":"Geovanna Thomaz","Est. tempo de leitura":"2 minutos"},"schema":{"@context":"https:\/\/schema.org","@graph":[{"@type":"NewsArticle","@id":"https:\/\/www.gaveanews.com\/index.php\/2025\/01\/08\/gremio-apos-interesse-do-cruzeiro-cristaldo-se-torna-alvo-de-clube-do-exterior\/#article","isPartOf":{"@id":"https:\/\/www.gaveanews.com\/index.php\/2025\/01\/08\/gremio-apos-interesse-do-cruzeiro-cristaldo-se-torna-alvo-de-clube-do-exterior\/"},"author":{"name":"Geovanna Thomaz","@id":"https:\/\/www.gaveanews.com\/#\/schema\/person\/f42654babcd2b2014a1a65af82b081f1"},"headline":"Gr\u00eamio: ap\u00f3s interesse do Cruzeiro, Cristaldo se torna alvo de clube do exterior","datePublished":"2025-01-09T02:55:00+00:00","mainEntityOfPage":{"@id":"https:\/\/www.gaveanews.com\/index.php\/2025\/01\/08\/gremio-apos-interesse-do-cruzeiro-cristaldo-se-torna-alvo-de-clube-do-exterior\/"},"wordCount":327,"commentCount":0,"image":{"@id":"https:\/\/www.gaveanews.com\/index.php\/2025\/01\/08\/gremio-apos-interesse-do-cruzeiro-cristaldo-se-torna-alvo-de-clube-do-exterior\/#primaryimage"},"thumbnailUrl":"https:\/\/www.gaveanews.com\/wp-content\/uploads\/Cristaldo-pelo-Gremio.webp","articleSection":["Cruzeiro","Gr\u00eamio"],"inLanguage":"pt-BR","potentialAction":[{"@type":"CommentAction","name":"Comment","target":["https:\/\/www.gaveanews.com\/index.php\/2025\/01\/08\/gremio-apos-interesse-do-cruzeiro-cristaldo-se-torna-alvo-de-clube-do-exterior\/#respond"]}],"copyrightYear":"2025","copyrightHolder":{"@id":"https:\/\/www.gaveanews.com\/#organization"}},{"@type":"WebPage","@id":"https:\/\/www.gaveanews.com\/index.php\/2025\/01\/08\/gremio-apos-interesse-do-cruzeiro-cristaldo-se-torna-alvo-de-clube-do-exterior\/","url":"https:\/\/www.gaveanews.com\/index.php\/2025\/01\/08\/gremio-apos-interesse-do-cruzeiro-cristaldo-se-torna-alvo-de-clube-do-exterior\/","name":"Gr\u00eamio: ap\u00f3s interesse do Cruzeiro, Cristaldo se torna alvo de clube do exterior","isPartOf":{"@id":"https:\/\/www.gaveanews.com\/#website"},"primaryImageOfPage":{"@id":"https:\/\/www.gaveanews.com\/index.php\/2025\/01\/08\/gremio-apos-interesse-do-cruzeiro-cristaldo-se-torna-alvo-de-clube-do-exterior\/#primaryimage"},"image":{"@id":"https:\/\/www.gaveanews.com\/index.php\/2025\/01\/08\/gremio-apos-interesse-do-cruzeiro-cristaldo-se-torna-alvo-de-clube-do-exterior\/#primaryimage"},"thumbnailUrl":"https:\/\/www.gaveanews.com\/wp-content\/uploads\/Cristaldo-pelo-Gremio.webp","datePublished":"2025-01-09T02:55:00+00:00","author":{"@id":"https:\/\/www.gaveanews.com\/#\/schema\/person\/f42654babcd2b2014a1a65af82b081f1"},"breadcrumb":{"@id":"https:\/\/www.gaveanews.com\/index.php\/2025\/01\/08\/gremio-apos-interesse-do-cruzeiro-cristaldo-se-torna-alvo-de-clube-do-exterior\/#breadcrumb"},"inLanguage":"pt-BR","potentialAction":[{"@type":"ReadAction","target":["https:\/\/www.gaveanews.com\/index.php\/2025\/01\/08\/gremio-apos-interesse-do-cruzeiro-cristaldo-se-torna-alvo-de-clube-do-exterior\/"]}]},{"@type":"ImageObject","inLanguage":"pt-BR","@id":"https:\/\/www.gaveanews.com\/index.php\/2025\/01\/08\/gremio-apos-interesse-do-cruzeiro-cristaldo-se-torna-alvo-de-clube-do-exterior\/#primaryimage","url":"https:\/\/www.gaveanews.com\/wp-content\/uploads\/Cristaldo-pelo-Gremio.webp","contentUrl":"https:\/\/www.gaveanews.com\/wp-content\/uploads\/Cristaldo-pelo-Gremio.webp","width":984,"height":657,"caption":"Cristaldo pelo Gr\u00eamio (Foto: Lucas Uebel\/Gr\u00eamio)"},{"@type":"BreadcrumbList","@id":"https:\/\/www.gaveanews.com\/index.php\/2025\/01\/08\/gremio-apos-interesse-do-cruzeiro-cristaldo-se-torna-alvo-de-clube-do-exterior\/#breadcrumb","itemListElement":[{"@type":"ListItem","position":1,"name":"Home","item":"https:\/\/www.gaveanews.com\/"},{"@type":"ListItem","position":2,"name":"Gr\u00eamio: ap\u00f3s interesse do Cruzeiro, Cristaldo se torna alvo de clube do exterior"}]},{"@type":"WebSite","@id":"https:\/\/www.gaveanews.com\/#website","url":"https:\/\/www.gaveanews.com\/","name":"G\u00e1vea News","description":"Veja todas as not\u00edcias sobre o Flamengo: Contrata\u00e7\u00f5es, categorias de base, resultados das partidas, tabela de classifica\u00e7\u00e3o, pr\u00f3ximos jogos!","potentialAction":[{"@type":"SearchAction","target":{"@type":"EntryPoint","urlTemplate":"https:\/\/www.gaveanews.com\/?s={search_term_string}"},"query-input":{"@type":"PropertyValueSpecification","valueRequired":true,"valueName":"search_term_string"}}],"inLanguage":"pt-BR"},{"@type":"Person","@id":"https:\/\/www.gaveanews.com\/#\/schema\/person\/f42654babcd2b2014a1a65af82b081f1","name":"Geovanna Thomaz","image":{"@type":"ImageObject","inLanguage":"pt-BR","@id":"https:\/\/www.gaveanews.com\/#\/schema\/person\/image\/","url":"https:\/\/secure.gravatar.com\/avatar\/4092073255489533afb558984b49b64268c47198af8623cc82a925ae9fb7118a?s=96&d=mm&r=g","contentUrl":"https:\/\/secure.gravatar.com\/avatar\/4092073255489533afb558984b49b64268c47198af8623cc82a925ae9fb7118a?s=96&d=mm&r=g","caption":"Geovanna Thomaz"}}]}},"_links":{"self":[{"href":"https:\/\/www.gaveanews.com\/index.php\/wp-json\/wp\/v2\/posts\/209751","targetHints":{"allow":["GET"]}}],"collection":[{"href":"https:\/\/www.gaveanews.com\/index.php\/wp-json\/wp\/v2\/posts"}],"about":[{"href":"https:\/\/www.gaveanews.com\/index.php\/wp-json\/wp\/v2\/types\/post"}],"author":[{"embeddable":true,"href":"https:\/\/www.gaveanews.com\/index.php\/wp-json\/wp\/v2\/users\/17"}],"replies":[{"embeddable":true,"href":"https:\/\/www.gaveanews.com\/index.php\/wp-json\/wp\/v2\/comments?post=209751"}],"version-history":[{"count":1,"href":"https:\/\/www.gaveanews.com\/index.php\/wp-json\/wp\/v2\/posts\/209751\/revisions"}],"predecessor-version":[{"id":209754,"href":"https:\/\/www.gaveanews.com\/index.php\/wp-json\/wp\/v2\/posts\/209751\/revisions\/209754"}],"wp:featuredmedia":[{"embeddable":true,"href":"https:\/\/www.gaveanews.com\/index.php\/wp-json\/wp\/v2\/media\/169834"}],"wp:attachment":[{"href":"https:\/\/www.gaveanews.com\/index.php\/wp-json\/wp\/v2\/media?parent=209751"}],"wp:term":[{"taxonomy":"category","embeddable":true,"href":"https:\/\/www.gaveanews.com\/index.php\/wp-json\/wp\/v2\/categories?post=209751"},{"taxonomy":"post_tag","embeddable":true,"href":"https:\/\/www.gaveanews.com\/index.php\/wp-json\/wp\/v2\/tags?post=209751"}],"curies":[{"name":"wp","href":"https:\/\/api.w.org\/{rel}","templated":true}]}}