{"id":209765,"date":"2025-01-09T00:30:00","date_gmt":"2025-01-09T03:30:00","guid":{"rendered":"https:\/\/www.gaveanews.com\/?p=209765"},"modified":"2025-01-08T23:17:47","modified_gmt":"2025-01-09T02:17:47","slug":"dirigente-do-flamengo-exalta-profissional-do-palmeiras-um-dos-melhores-do-mundo","status":"publish","type":"post","link":"https:\/\/www.gaveanews.com\/index.php\/2025\/01\/09\/dirigente-do-flamengo-exalta-profissional-do-palmeiras-um-dos-melhores-do-mundo\/","title":{"rendered":"Dirigente do Flamengo exalta profissional do Palmeiras: &#8220;Um dos melhores do mundo&#8221;"},"content":{"rendered":"\n<p>O elenco principal do Flamengo se reapresentou nesta quarta-feira para iniciar a prepara\u00e7\u00e3o para a temporada 2025. Antes dos jogadores chegarem ao CT Ninho do Urubu, o diretor t\u00e9cnico do clube, Jos\u00e9 Boto, concedeu uma entrevista coletiva para falar sobre o planejamento do ano.<\/p>\n\n\n\n<ul class=\"wp-block-list\">\n<li><a href=\"https:\/\/www.gaveanews.com\/index.php\/2025\/01\/08\/reviravolta-flamengo-toma-decisao-sobre-transferencia-de-fabricio-bruno-para-o-cruzeiro\/\">Reviravolta? Flamengo toma decis\u00e3o sobre transfer\u00eancia de Fabr\u00edcio Bruno para o Cruzeiro<\/a><\/li>\n\n\n\n<li><a href=\"https:\/\/www.gaveanews.com\/index.php\/2025\/01\/08\/jornalista-da-espanha-comemora-demissao-no-flamengo\/\">Jornalista da Espanha comemora demiss\u00e3o no Flamengo<\/a><\/li>\n<\/ul>\n\n\n\n<p>A diretoria do Flamengo passa por uma grande reformula\u00e7\u00e3o. Depois de seis anos com Rodolfo Landim como presidente, agora o Rubro-Negro tem Luiz Eduardo Baptista, o Bap, como grande mandat\u00e1rio. Ele foi eleito com folga no pleito realizado no in\u00edcio de dezembro. Por isso, diversos profissionais est\u00e3o sendo demitidos e outros contratados.<\/p>\n\n\n\n<p>Nesse sentido, o Flamengo tentou a contrata\u00e7\u00e3o de um grande craque do Palmeiras. Trata-se de Jo\u00e3o Paulo Sampaio, coordenador da base do Verd\u00e3o, e respons\u00e1vel por fazer parte das in\u00fameras revela\u00e7\u00f5es que o clube fez nos \u00faltimos anos como o atacante Endrick, o zagueiro Vitor Reis e o meia-atacante Est\u00eav\u00e3o.<\/p>\n\n\n\n<p>Durante a coletiva, Jos\u00e9 Boto confirmou o desejo do Flamengo em ter JP Sampaio como coordenador da base do clube. O portugu\u00eas afirmou que o dirigente do Palmeiras n\u00e3o \u00e9 s\u00f3 um dos melhores do pa\u00eds, mas como tamb\u00e9m do mundo.<\/p>\n\n\n\n<p>&#8220;O Jo\u00e3o Paulo \u00e9 algu\u00e9m que conhe\u00e7o h\u00e1 muitos anos. Ele n\u00e3o \u00e9 o melhor do Brasil, mas sim um dos melhores do mundo. E quem \u00e9 bom, o Flamengo tem interesse. Infelizmente \u00e0s vezes n\u00e3o \u00e9 poss\u00edvel&#8221;, exaltou Boto.<\/p>\n\n\n\n<p>O interesse do Flamengo era tamanho, que o clube se disp\u00f4s a pagar a multa rescis\u00f3ria de JP Sampaio com o Palmeiras, estipulada em R$ 2 milh\u00f5es. Apesar do interesse e da admira\u00e7\u00e3o m\u00fatua com Boto, Sampaio recusou a proposta rubro-negra e, a princ\u00edpio, permanece no Verd\u00e3o. Entretanto, o Fla deve realizar novas investidas durante a temporada.<\/p>\n","protected":false},"excerpt":{"rendered":"<p>Em coletiva de abertura da temporada, Jos\u00e9 Boto confirmou o interesse na contrata\u00e7\u00e3o de um profissional do Palmeiras<\/p>\n","protected":false},"author":32,"featured_media":205069,"comment_status":"open","ping_status":"closed","sticky":false,"template":"","format":"standard","meta":{"footnotes":""},"categories":[1,150],"tags":[],"class_list":["post-209765","post","type-post","status-publish","format-standard","has-post-thumbnail","hentry","category-flamengo","category-palmeiras"],"yoast_head":"<!-- This site is optimized with the Yoast SEO Premium plugin v24.2 (Yoast SEO v26.9) - https:\/\/yoast.com\/product\/yoast-seo-premium-wordpress\/ -->\n<title>Dirigente do Flamengo exalta profissional do Palmeiras: &quot;Um dos melhores do mundo&quot;<\/title>\n<meta name=\"description\" content=\"Em coletiva de abertura da temporada, Jos\u00e9 Boto confirmou o interesse na contrata\u00e7\u00e3o de um profissional do Palmeiras\" \/>\n<meta name=\"robots\" content=\"index, follow, max-snippet:-1, max-image-preview:large, max-video-preview:-1\" \/>\n<link rel=\"canonical\" href=\"https:\/\/www.gaveanews.com\/index.php\/2025\/01\/09\/dirigente-do-flamengo-exalta-profissional-do-palmeiras-um-dos-melhores-do-mundo\/\" \/>\n<meta property=\"og:locale\" content=\"pt_BR\" \/>\n<meta property=\"og:type\" content=\"article\" \/>\n<meta property=\"og:title\" content=\"Dirigente do Flamengo exalta profissional do Palmeiras: &quot;Um dos melhores do mundo&quot;\" \/>\n<meta property=\"og:description\" content=\"Em coletiva de abertura da temporada, Jos\u00e9 Boto confirmou o interesse na contrata\u00e7\u00e3o de um profissional do Palmeiras\" \/>\n<meta property=\"og:url\" content=\"https:\/\/www.gaveanews.com\/index.php\/2025\/01\/09\/dirigente-do-flamengo-exalta-profissional-do-palmeiras-um-dos-melhores-do-mundo\/\" \/>\n<meta property=\"og:site_name\" content=\"G\u00e1vea News\" \/>\n<meta property=\"article:publisher\" content=\"https:\/\/facebook.com\/gaveaNews\/\" \/>\n<meta property=\"article:published_time\" content=\"2025-01-09T03:30:00+00:00\" \/>\n<meta property=\"og:image\" content=\"http:\/\/www.gaveanews.com\/wp-content\/uploads\/Jose-Boto-apresentado-pelo-Flamengo.webp\" \/>\n\t<meta property=\"og:image:width\" content=\"530\" \/>\n\t<meta property=\"og:image:height\" content=\"399\" \/>\n\t<meta property=\"og:image:type\" content=\"image\/jpeg\" \/>\n<meta name=\"author\" content=\"Matheus Leal\" \/>\n<meta name=\"twitter:card\" content=\"summary_large_image\" \/>\n<meta name=\"twitter:label1\" content=\"Escrito por\" \/>\n\t<meta name=\"twitter:data1\" content=\"Matheus Leal\" \/>\n\t<meta name=\"twitter:label2\" content=\"Est. tempo de leitura\" \/>\n\t<meta name=\"twitter:data2\" content=\"2 minutos\" \/>\n<script type=\"application\/ld+json\" class=\"yoast-schema-graph\">{\"@context\":\"https:\/\/schema.org\",\"@graph\":[{\"@type\":\"NewsArticle\",\"@id\":\"https:\/\/www.gaveanews.com\/index.php\/2025\/01\/09\/dirigente-do-flamengo-exalta-profissional-do-palmeiras-um-dos-melhores-do-mundo\/#article\",\"isPartOf\":{\"@id\":\"https:\/\/www.gaveanews.com\/index.php\/2025\/01\/09\/dirigente-do-flamengo-exalta-profissional-do-palmeiras-um-dos-melhores-do-mundo\/\"},\"author\":{\"name\":\"Matheus Leal\",\"@id\":\"https:\/\/www.gaveanews.com\/#\/schema\/person\/49ac99b6823a2b8d5087a6ce3aaaa128\"},\"headline\":\"Dirigente do Flamengo exalta profissional do Palmeiras: &#8220;Um dos melhores do mundo&#8221;\",\"datePublished\":\"2025-01-09T03:30:00+00:00\",\"mainEntityOfPage\":{\"@id\":\"https:\/\/www.gaveanews.com\/index.php\/2025\/01\/09\/dirigente-do-flamengo-exalta-profissional-do-palmeiras-um-dos-melhores-do-mundo\/\"},\"wordCount\":343,\"commentCount\":0,\"image\":{\"@id\":\"https:\/\/www.gaveanews.com\/index.php\/2025\/01\/09\/dirigente-do-flamengo-exalta-profissional-do-palmeiras-um-dos-melhores-do-mundo\/#primaryimage\"},\"thumbnailUrl\":\"https:\/\/www.gaveanews.com\/wp-content\/uploads\/Jose-Boto-apresentado-pelo-Flamengo.webp\",\"articleSection\":[\"Flamengo\",\"Palmeiras\"],\"inLanguage\":\"pt-BR\",\"potentialAction\":[{\"@type\":\"CommentAction\",\"name\":\"Comment\",\"target\":[\"https:\/\/www.gaveanews.com\/index.php\/2025\/01\/09\/dirigente-do-flamengo-exalta-profissional-do-palmeiras-um-dos-melhores-do-mundo\/#respond\"]}],\"copyrightYear\":\"2025\",\"copyrightHolder\":{\"@id\":\"https:\/\/www.gaveanews.com\/#organization\"}},{\"@type\":\"WebPage\",\"@id\":\"https:\/\/www.gaveanews.com\/index.php\/2025\/01\/09\/dirigente-do-flamengo-exalta-profissional-do-palmeiras-um-dos-melhores-do-mundo\/\",\"url\":\"https:\/\/www.gaveanews.com\/index.php\/2025\/01\/09\/dirigente-do-flamengo-exalta-profissional-do-palmeiras-um-dos-melhores-do-mundo\/\",\"name\":\"Dirigente do Flamengo exalta profissional do Palmeiras: \\\"Um dos melhores do mundo\\\"\",\"isPartOf\":{\"@id\":\"https:\/\/www.gaveanews.com\/#website\"},\"primaryImageOfPage\":{\"@id\":\"https:\/\/www.gaveanews.com\/index.php\/2025\/01\/09\/dirigente-do-flamengo-exalta-profissional-do-palmeiras-um-dos-melhores-do-mundo\/#primaryimage\"},\"image\":{\"@id\":\"https:\/\/www.gaveanews.com\/index.php\/2025\/01\/09\/dirigente-do-flamengo-exalta-profissional-do-palmeiras-um-dos-melhores-do-mundo\/#primaryimage\"},\"thumbnailUrl\":\"https:\/\/www.gaveanews.com\/wp-content\/uploads\/Jose-Boto-apresentado-pelo-Flamengo.webp\",\"datePublished\":\"2025-01-09T03:30:00+00:00\",\"author\":{\"@id\":\"https:\/\/www.gaveanews.com\/#\/schema\/person\/49ac99b6823a2b8d5087a6ce3aaaa128\"},\"description\":\"Em coletiva de abertura da temporada, Jos\u00e9 Boto confirmou o interesse na contrata\u00e7\u00e3o de um profissional do Palmeiras\",\"breadcrumb\":{\"@id\":\"https:\/\/www.gaveanews.com\/index.php\/2025\/01\/09\/dirigente-do-flamengo-exalta-profissional-do-palmeiras-um-dos-melhores-do-mundo\/#breadcrumb\"},\"inLanguage\":\"pt-BR\",\"potentialAction\":[{\"@type\":\"ReadAction\",\"target\":[\"https:\/\/www.gaveanews.com\/index.php\/2025\/01\/09\/dirigente-do-flamengo-exalta-profissional-do-palmeiras-um-dos-melhores-do-mundo\/\"]}]},{\"@type\":\"ImageObject\",\"inLanguage\":\"pt-BR\",\"@id\":\"https:\/\/www.gaveanews.com\/index.php\/2025\/01\/09\/dirigente-do-flamengo-exalta-profissional-do-palmeiras-um-dos-melhores-do-mundo\/#primaryimage\",\"url\":\"https:\/\/www.gaveanews.com\/wp-content\/uploads\/Jose-Boto-apresentado-pelo-Flamengo.webp\",\"contentUrl\":\"https:\/\/www.gaveanews.com\/wp-content\/uploads\/Jose-Boto-apresentado-pelo-Flamengo.webp\",\"width\":530,\"height\":399,\"caption\":\"Jos\u00e9 Boto apresentado pelo Flamengo (Foto: Marcelo Cortes\/Flamengo)\"},{\"@type\":\"BreadcrumbList\",\"@id\":\"https:\/\/www.gaveanews.com\/index.php\/2025\/01\/09\/dirigente-do-flamengo-exalta-profissional-do-palmeiras-um-dos-melhores-do-mundo\/#breadcrumb\",\"itemListElement\":[{\"@type\":\"ListItem\",\"position\":1,\"name\":\"Home\",\"item\":\"https:\/\/www.gaveanews.com\/\"},{\"@type\":\"ListItem\",\"position\":2,\"name\":\"Dirigente do Flamengo exalta profissional do Palmeiras: &#8220;Um dos melhores do mundo&#8221;\"}]},{\"@type\":\"WebSite\",\"@id\":\"https:\/\/www.gaveanews.com\/#website\",\"url\":\"https:\/\/www.gaveanews.com\/\",\"name\":\"G\u00e1vea News\",\"description\":\"Veja todas as not\u00edcias sobre o Flamengo: Contrata\u00e7\u00f5es, categorias de base, resultados das partidas, tabela de classifica\u00e7\u00e3o, pr\u00f3ximos jogos!\",\"potentialAction\":[{\"@type\":\"SearchAction\",\"target\":{\"@type\":\"EntryPoint\",\"urlTemplate\":\"https:\/\/www.gaveanews.com\/?s={search_term_string}\"},\"query-input\":{\"@type\":\"PropertyValueSpecification\",\"valueRequired\":true,\"valueName\":\"search_term_string\"}}],\"inLanguage\":\"pt-BR\"},{\"@type\":\"Person\",\"@id\":\"https:\/\/www.gaveanews.com\/#\/schema\/person\/49ac99b6823a2b8d5087a6ce3aaaa128\",\"name\":\"Matheus Leal\",\"image\":{\"@type\":\"ImageObject\",\"inLanguage\":\"pt-BR\",\"@id\":\"https:\/\/www.gaveanews.com\/#\/schema\/person\/image\/\",\"url\":\"https:\/\/secure.gravatar.com\/avatar\/21c52300d1234416f9c886f6dadd7452d8b035ac505314a51e4f56731e90c481?s=96&d=mm&r=g\",\"contentUrl\":\"https:\/\/secure.gravatar.com\/avatar\/21c52300d1234416f9c886f6dadd7452d8b035ac505314a51e4f56731e90c481?s=96&d=mm&r=g\",\"caption\":\"Matheus Leal\"}}]}<\/script>\n<!-- \/ Yoast SEO Premium plugin. -->","yoast_head_json":{"title":"Dirigente do Flamengo exalta profissional do Palmeiras: \"Um dos melhores do mundo\"","description":"Em coletiva de abertura da temporada, Jos\u00e9 Boto confirmou o interesse na contrata\u00e7\u00e3o de um profissional do Palmeiras","robots":{"index":"index","follow":"follow","max-snippet":"max-snippet:-1","max-image-preview":"max-image-preview:large","max-video-preview":"max-video-preview:-1"},"canonical":"https:\/\/www.gaveanews.com\/index.php\/2025\/01\/09\/dirigente-do-flamengo-exalta-profissional-do-palmeiras-um-dos-melhores-do-mundo\/","og_locale":"pt_BR","og_type":"article","og_title":"Dirigente do Flamengo exalta profissional do Palmeiras: \"Um dos melhores do mundo\"","og_description":"Em coletiva de abertura da temporada, Jos\u00e9 Boto confirmou o interesse na contrata\u00e7\u00e3o de um profissional do Palmeiras","og_url":"https:\/\/www.gaveanews.com\/index.php\/2025\/01\/09\/dirigente-do-flamengo-exalta-profissional-do-palmeiras-um-dos-melhores-do-mundo\/","og_site_name":"G\u00e1vea News","article_publisher":"https:\/\/facebook.com\/gaveaNews\/","article_published_time":"2025-01-09T03:30:00+00:00","og_image":[{"width":530,"height":399,"url":"http:\/\/www.gaveanews.com\/wp-content\/uploads\/Jose-Boto-apresentado-pelo-Flamengo.webp","type":"image\/jpeg"}],"author":"Matheus Leal","twitter_card":"summary_large_image","twitter_misc":{"Escrito por":"Matheus Leal","Est. tempo de leitura":"2 minutos"},"schema":{"@context":"https:\/\/schema.org","@graph":[{"@type":"NewsArticle","@id":"https:\/\/www.gaveanews.com\/index.php\/2025\/01\/09\/dirigente-do-flamengo-exalta-profissional-do-palmeiras-um-dos-melhores-do-mundo\/#article","isPartOf":{"@id":"https:\/\/www.gaveanews.com\/index.php\/2025\/01\/09\/dirigente-do-flamengo-exalta-profissional-do-palmeiras-um-dos-melhores-do-mundo\/"},"author":{"name":"Matheus Leal","@id":"https:\/\/www.gaveanews.com\/#\/schema\/person\/49ac99b6823a2b8d5087a6ce3aaaa128"},"headline":"Dirigente do Flamengo exalta profissional do Palmeiras: &#8220;Um dos melhores do mundo&#8221;","datePublished":"2025-01-09T03:30:00+00:00","mainEntityOfPage":{"@id":"https:\/\/www.gaveanews.com\/index.php\/2025\/01\/09\/dirigente-do-flamengo-exalta-profissional-do-palmeiras-um-dos-melhores-do-mundo\/"},"wordCount":343,"commentCount":0,"image":{"@id":"https:\/\/www.gaveanews.com\/index.php\/2025\/01\/09\/dirigente-do-flamengo-exalta-profissional-do-palmeiras-um-dos-melhores-do-mundo\/#primaryimage"},"thumbnailUrl":"https:\/\/www.gaveanews.com\/wp-content\/uploads\/Jose-Boto-apresentado-pelo-Flamengo.webp","articleSection":["Flamengo","Palmeiras"],"inLanguage":"pt-BR","potentialAction":[{"@type":"CommentAction","name":"Comment","target":["https:\/\/www.gaveanews.com\/index.php\/2025\/01\/09\/dirigente-do-flamengo-exalta-profissional-do-palmeiras-um-dos-melhores-do-mundo\/#respond"]}],"copyrightYear":"2025","copyrightHolder":{"@id":"https:\/\/www.gaveanews.com\/#organization"}},{"@type":"WebPage","@id":"https:\/\/www.gaveanews.com\/index.php\/2025\/01\/09\/dirigente-do-flamengo-exalta-profissional-do-palmeiras-um-dos-melhores-do-mundo\/","url":"https:\/\/www.gaveanews.com\/index.php\/2025\/01\/09\/dirigente-do-flamengo-exalta-profissional-do-palmeiras-um-dos-melhores-do-mundo\/","name":"Dirigente do Flamengo exalta profissional do Palmeiras: \"Um dos melhores do mundo\"","isPartOf":{"@id":"https:\/\/www.gaveanews.com\/#website"},"primaryImageOfPage":{"@id":"https:\/\/www.gaveanews.com\/index.php\/2025\/01\/09\/dirigente-do-flamengo-exalta-profissional-do-palmeiras-um-dos-melhores-do-mundo\/#primaryimage"},"image":{"@id":"https:\/\/www.gaveanews.com\/index.php\/2025\/01\/09\/dirigente-do-flamengo-exalta-profissional-do-palmeiras-um-dos-melhores-do-mundo\/#primaryimage"},"thumbnailUrl":"https:\/\/www.gaveanews.com\/wp-content\/uploads\/Jose-Boto-apresentado-pelo-Flamengo.webp","datePublished":"2025-01-09T03:30:00+00:00","author":{"@id":"https:\/\/www.gaveanews.com\/#\/schema\/person\/49ac99b6823a2b8d5087a6ce3aaaa128"},"description":"Em coletiva de abertura da temporada, Jos\u00e9 Boto confirmou o interesse na contrata\u00e7\u00e3o de um profissional do Palmeiras","breadcrumb":{"@id":"https:\/\/www.gaveanews.com\/index.php\/2025\/01\/09\/dirigente-do-flamengo-exalta-profissional-do-palmeiras-um-dos-melhores-do-mundo\/#breadcrumb"},"inLanguage":"pt-BR","potentialAction":[{"@type":"ReadAction","target":["https:\/\/www.gaveanews.com\/index.php\/2025\/01\/09\/dirigente-do-flamengo-exalta-profissional-do-palmeiras-um-dos-melhores-do-mundo\/"]}]},{"@type":"ImageObject","inLanguage":"pt-BR","@id":"https:\/\/www.gaveanews.com\/index.php\/2025\/01\/09\/dirigente-do-flamengo-exalta-profissional-do-palmeiras-um-dos-melhores-do-mundo\/#primaryimage","url":"https:\/\/www.gaveanews.com\/wp-content\/uploads\/Jose-Boto-apresentado-pelo-Flamengo.webp","contentUrl":"https:\/\/www.gaveanews.com\/wp-content\/uploads\/Jose-Boto-apresentado-pelo-Flamengo.webp","width":530,"height":399,"caption":"Jos\u00e9 Boto apresentado pelo Flamengo (Foto: Marcelo Cortes\/Flamengo)"},{"@type":"BreadcrumbList","@id":"https:\/\/www.gaveanews.com\/index.php\/2025\/01\/09\/dirigente-do-flamengo-exalta-profissional-do-palmeiras-um-dos-melhores-do-mundo\/#breadcrumb","itemListElement":[{"@type":"ListItem","position":1,"name":"Home","item":"https:\/\/www.gaveanews.com\/"},{"@type":"ListItem","position":2,"name":"Dirigente do Flamengo exalta profissional do Palmeiras: &#8220;Um dos melhores do mundo&#8221;"}]},{"@type":"WebSite","@id":"https:\/\/www.gaveanews.com\/#website","url":"https:\/\/www.gaveanews.com\/","name":"G\u00e1vea News","description":"Veja todas as not\u00edcias sobre o Flamengo: Contrata\u00e7\u00f5es, categorias de base, resultados das partidas, tabela de classifica\u00e7\u00e3o, pr\u00f3ximos jogos!","potentialAction":[{"@type":"SearchAction","target":{"@type":"EntryPoint","urlTemplate":"https:\/\/www.gaveanews.com\/?s={search_term_string}"},"query-input":{"@type":"PropertyValueSpecification","valueRequired":true,"valueName":"search_term_string"}}],"inLanguage":"pt-BR"},{"@type":"Person","@id":"https:\/\/www.gaveanews.com\/#\/schema\/person\/49ac99b6823a2b8d5087a6ce3aaaa128","name":"Matheus Leal","image":{"@type":"ImageObject","inLanguage":"pt-BR","@id":"https:\/\/www.gaveanews.com\/#\/schema\/person\/image\/","url":"https:\/\/secure.gravatar.com\/avatar\/21c52300d1234416f9c886f6dadd7452d8b035ac505314a51e4f56731e90c481?s=96&d=mm&r=g","contentUrl":"https:\/\/secure.gravatar.com\/avatar\/21c52300d1234416f9c886f6dadd7452d8b035ac505314a51e4f56731e90c481?s=96&d=mm&r=g","caption":"Matheus Leal"}}]}},"_links":{"self":[{"href":"https:\/\/www.gaveanews.com\/index.php\/wp-json\/wp\/v2\/posts\/209765","targetHints":{"allow":["GET"]}}],"collection":[{"href":"https:\/\/www.gaveanews.com\/index.php\/wp-json\/wp\/v2\/posts"}],"about":[{"href":"https:\/\/www.gaveanews.com\/index.php\/wp-json\/wp\/v2\/types\/post"}],"author":[{"embeddable":true,"href":"https:\/\/www.gaveanews.com\/index.php\/wp-json\/wp\/v2\/users\/32"}],"replies":[{"embeddable":true,"href":"https:\/\/www.gaveanews.com\/index.php\/wp-json\/wp\/v2\/comments?post=209765"}],"version-history":[{"count":1,"href":"https:\/\/www.gaveanews.com\/index.php\/wp-json\/wp\/v2\/posts\/209765\/revisions"}],"predecessor-version":[{"id":209776,"href":"https:\/\/www.gaveanews.com\/index.php\/wp-json\/wp\/v2\/posts\/209765\/revisions\/209776"}],"wp:featuredmedia":[{"embeddable":true,"href":"https:\/\/www.gaveanews.com\/index.php\/wp-json\/wp\/v2\/media\/205069"}],"wp:attachment":[{"href":"https:\/\/www.gaveanews.com\/index.php\/wp-json\/wp\/v2\/media?parent=209765"}],"wp:term":[{"taxonomy":"category","embeddable":true,"href":"https:\/\/www.gaveanews.com\/index.php\/wp-json\/wp\/v2\/categories?post=209765"},{"taxonomy":"post_tag","embeddable":true,"href":"https:\/\/www.gaveanews.com\/index.php\/wp-json\/wp\/v2\/tags?post=209765"}],"curies":[{"name":"wp","href":"https:\/\/api.w.org\/{rel}","templated":true}]}}