{"id":209770,"date":"2025-01-09T00:15:00","date_gmt":"2025-01-09T03:15:00","guid":{"rendered":"https:\/\/www.gaveanews.com\/?p=209770"},"modified":"2025-01-08T23:26:35","modified_gmt":"2025-01-09T02:26:35","slug":"atletico-mg-a-declaracao-de-cuca-direcionada-a-bernard","status":"publish","type":"post","link":"https:\/\/www.gaveanews.com\/index.php\/2025\/01\/09\/atletico-mg-a-declaracao-de-cuca-direcionada-a-bernard\/","title":{"rendered":"Atl\u00e9tico-MG: a declara\u00e7\u00e3o de Cuca direcionada a Bernard"},"content":{"rendered":"\n<p>Em entrevista \u00e0 GaloTV, o t\u00e9cnico Cuca detalhou os planos do Atl\u00e9tico-MG para a temporada 2025. O treinador garantiu que o clube est\u00e1 empenhado em montar um elenco competitivo e ressaltou a import\u00e2ncia de contar com um grupo equilibrado para suportar a maratona de jogos.<\/p>\n\n\n\n<ul class=\"wp-block-list\">\n<li><strong><a href=\"https:\/\/www.gaveanews.com\/index.php\/2025\/01\/08\/atletico-mg-divulga-qual-estadio-vai-usar-sem-a-arena-mrv\/?utm_source=terra_capa_parceiros&amp;utm_medium=referral\">Atl\u00e9tico-MG divulga qual est\u00e1dio vai usar sem a Arena MRV<\/a><\/strong><\/li>\n\n\n\n<li><strong><a href=\"https:\/\/www.gaveanews.com\/index.php\/2025\/01\/07\/atletico-mg-divulga-atualizacao-sobre-a-arena-mrv\/?utm_source=terra_capa_parceiros&amp;utm_medium=referral\">Atl\u00e9tico-MG divulga atualiza\u00e7\u00e3o sobre a Arena MRV<\/a><\/strong><\/li>\n<\/ul>\n\n\n\n<p>&#8220;Tenho conversado com a diretoria, eles est\u00e3o muito dispostos a fazer o time ficar mais fortalecido. O torcedor pode confiar que vamos ter um time competitivo em todas as frentes&#8221;, afirmou. Cuca tamb\u00e9m destacou que pretende recuperar o bom futebol do meia-atacante Bernard, que enfrentou oscila\u00e7\u00f5es em 2024.<\/p>\n\n\n\n<p>Para o treinador, o ideal \u00e9 trabalhar com dois jogadores por posi\u00e7\u00e3o e alguns atletas vers\u00e1teis para lidar com as adversidades da temporada. &#8220;Vamos ter uma m\u00e9dia de 70 jogos. Existem les\u00f5es, maus momentos, suspens\u00e3o, e a gente tem que conviver com tudo isso. Se a gente tiver competitividade alta no elenco, podemos passar bem o ano&#8221;, explicou.<\/p>\n\n\n\n<p>O mercado de transfer\u00eancias tamb\u00e9m foi pauta da entrevista. Cuca reconheceu que o Atl\u00e9tico j\u00e1 perdeu pe\u00e7as importantes, como o atacante Paulinho, vendido ao Palmeiras, e que outras sa\u00eddas podem acontecer. &#8220;Tem jogadores com contratos curt\u00edssimos, que vencem em outubro ou dezembro, e propostas por outros. Tenho que me inteirar desses assuntos para colocar a cabe\u00e7a dos atletas aqui dentro e depois come\u00e7ar a extrair o m\u00e1ximo de cada um&#8221;, disse.<\/p>\n\n\n\n<p>O treinador aproveitou a oportunidade para tranquilizar a torcida, que tem demonstrado preocupa\u00e7\u00e3o com a montagem do elenco ap\u00f3s uma temporada marcada por resultados frustrantes nas decis\u00f5es. &#8216;Vejo o torcedor machucado, sentido, mas ele tem que estar muito orgulhoso tamb\u00e9m. O time chegou a duas finais. O trabalho do Milito foi bom, uma bola que entra ia para prorroga\u00e7\u00e3o e p\u00eanaltis, e poderia ser campe\u00e3o da Libertadores. Foram campanhas boas, mas com finais ruins&#8217;, analisou.<\/p>\n\n\n\n<p>Por fim, Cuca enviou uma mensagem de confian\u00e7a \u00e0 torcida do Galo. &#8220;Quero agradecer ao torcedor. Acompanho as enquetes que, em sua grande maioria, acreditam no meu trabalho. Podem confiar que vou deixar tudo que tenho em benef\u00edcio dos bons jogos, dos resultados e, se Deus quiser, das nossas conquistas&#8221;, concluiu.<\/p>\n\n\n\n<p><\/p>\n","protected":false},"excerpt":{"rendered":"<p>Em entrevista \u00e0 GaloTV, o t\u00e9cnico Cuca detalhou os planos do Atl\u00e9tico-MG para a temporada 2025. O treinador garantiu que o clube est\u00e1 empenhado em montar um elenco competitivo e ressaltou a import\u00e2ncia de contar com um grupo equilibrado para suportar a maratona de jogos. &#8220;Tenho conversado com a diretoria, eles est\u00e3o muito dispostos a [&hellip;]<\/p>\n","protected":false},"author":23,"featured_media":68026,"comment_status":"open","ping_status":"closed","sticky":false,"template":"","format":"standard","meta":{"footnotes":""},"categories":[136],"tags":[],"class_list":["post-209770","post","type-post","status-publish","format-standard","has-post-thumbnail","hentry","category-atletico-mg"],"yoast_head":"<!-- This site is optimized with the Yoast SEO Premium plugin v24.2 (Yoast SEO v26.9) - https:\/\/yoast.com\/product\/yoast-seo-premium-wordpress\/ -->\n<title>Atl\u00e9tico-MG: a declara\u00e7\u00e3o de Cuca direcionada a Bernard<\/title>\n<meta name=\"robots\" content=\"index, follow, max-snippet:-1, max-image-preview:large, max-video-preview:-1\" \/>\n<link rel=\"canonical\" href=\"https:\/\/www.gaveanews.com\/index.php\/2025\/01\/09\/atletico-mg-a-declaracao-de-cuca-direcionada-a-bernard\/\" \/>\n<meta property=\"og:locale\" content=\"pt_BR\" \/>\n<meta property=\"og:type\" content=\"article\" \/>\n<meta property=\"og:title\" content=\"Atl\u00e9tico-MG: a declara\u00e7\u00e3o de Cuca direcionada a Bernard\" \/>\n<meta property=\"og:description\" content=\"Em entrevista \u00e0 GaloTV, o t\u00e9cnico Cuca detalhou os planos do Atl\u00e9tico-MG para a temporada 2025. O treinador garantiu que o clube est\u00e1 empenhado em montar um elenco competitivo e ressaltou a import\u00e2ncia de contar com um grupo equilibrado para suportar a maratona de jogos. &#8220;Tenho conversado com a diretoria, eles est\u00e3o muito dispostos a [&hellip;]\" \/>\n<meta property=\"og:url\" content=\"https:\/\/www.gaveanews.com\/index.php\/2025\/01\/09\/atletico-mg-a-declaracao-de-cuca-direcionada-a-bernard\/\" \/>\n<meta property=\"og:site_name\" content=\"G\u00e1vea News\" \/>\n<meta property=\"article:publisher\" content=\"https:\/\/facebook.com\/gaveaNews\/\" \/>\n<meta property=\"article:published_time\" content=\"2025-01-09T03:15:00+00:00\" \/>\n<meta property=\"og:image\" content=\"https:\/\/www.gaveanews.com\/wp-content\/uploads\/Cuca-tecnico-do-Atletico-MG.webp\" \/>\n\t<meta property=\"og:image:width\" content=\"1024\" \/>\n\t<meta property=\"og:image:height\" content=\"683\" \/>\n\t<meta property=\"og:image:type\" content=\"image\/jpeg\" \/>\n<meta name=\"author\" content=\"Leandro Azevedo\" \/>\n<meta name=\"twitter:card\" content=\"summary_large_image\" \/>\n<meta name=\"twitter:label1\" content=\"Escrito por\" \/>\n\t<meta name=\"twitter:data1\" content=\"Leandro Azevedo\" \/>\n\t<meta name=\"twitter:label2\" content=\"Est. tempo de leitura\" \/>\n\t<meta name=\"twitter:data2\" content=\"3 minutos\" \/>\n<script type=\"application\/ld+json\" class=\"yoast-schema-graph\">{\"@context\":\"https:\/\/schema.org\",\"@graph\":[{\"@type\":\"NewsArticle\",\"@id\":\"https:\/\/www.gaveanews.com\/index.php\/2025\/01\/09\/atletico-mg-a-declaracao-de-cuca-direcionada-a-bernard\/#article\",\"isPartOf\":{\"@id\":\"https:\/\/www.gaveanews.com\/index.php\/2025\/01\/09\/atletico-mg-a-declaracao-de-cuca-direcionada-a-bernard\/\"},\"author\":{\"name\":\"Leandro Azevedo\",\"@id\":\"https:\/\/www.gaveanews.com\/#\/schema\/person\/2877169f354c4596cf5aab74ea7c56a8\"},\"headline\":\"Atl\u00e9tico-MG: a declara\u00e7\u00e3o de Cuca direcionada a Bernard\",\"datePublished\":\"2025-01-09T03:15:00+00:00\",\"mainEntityOfPage\":{\"@id\":\"https:\/\/www.gaveanews.com\/index.php\/2025\/01\/09\/atletico-mg-a-declaracao-de-cuca-direcionada-a-bernard\/\"},\"wordCount\":402,\"commentCount\":0,\"image\":{\"@id\":\"https:\/\/www.gaveanews.com\/index.php\/2025\/01\/09\/atletico-mg-a-declaracao-de-cuca-direcionada-a-bernard\/#primaryimage\"},\"thumbnailUrl\":\"https:\/\/www.gaveanews.com\/wp-content\/uploads\/Cuca-tecnico-do-Atletico-MG.webp\",\"articleSection\":[\"Atl\u00e9tico-MG\"],\"inLanguage\":\"pt-BR\",\"potentialAction\":[{\"@type\":\"CommentAction\",\"name\":\"Comment\",\"target\":[\"https:\/\/www.gaveanews.com\/index.php\/2025\/01\/09\/atletico-mg-a-declaracao-de-cuca-direcionada-a-bernard\/#respond\"]}],\"copyrightYear\":\"2025\",\"copyrightHolder\":{\"@id\":\"https:\/\/www.gaveanews.com\/#organization\"}},{\"@type\":\"WebPage\",\"@id\":\"https:\/\/www.gaveanews.com\/index.php\/2025\/01\/09\/atletico-mg-a-declaracao-de-cuca-direcionada-a-bernard\/\",\"url\":\"https:\/\/www.gaveanews.com\/index.php\/2025\/01\/09\/atletico-mg-a-declaracao-de-cuca-direcionada-a-bernard\/\",\"name\":\"Atl\u00e9tico-MG: a declara\u00e7\u00e3o de Cuca direcionada a Bernard\",\"isPartOf\":{\"@id\":\"https:\/\/www.gaveanews.com\/#website\"},\"primaryImageOfPage\":{\"@id\":\"https:\/\/www.gaveanews.com\/index.php\/2025\/01\/09\/atletico-mg-a-declaracao-de-cuca-direcionada-a-bernard\/#primaryimage\"},\"image\":{\"@id\":\"https:\/\/www.gaveanews.com\/index.php\/2025\/01\/09\/atletico-mg-a-declaracao-de-cuca-direcionada-a-bernard\/#primaryimage\"},\"thumbnailUrl\":\"https:\/\/www.gaveanews.com\/wp-content\/uploads\/Cuca-tecnico-do-Atletico-MG.webp\",\"datePublished\":\"2025-01-09T03:15:00+00:00\",\"author\":{\"@id\":\"https:\/\/www.gaveanews.com\/#\/schema\/person\/2877169f354c4596cf5aab74ea7c56a8\"},\"breadcrumb\":{\"@id\":\"https:\/\/www.gaveanews.com\/index.php\/2025\/01\/09\/atletico-mg-a-declaracao-de-cuca-direcionada-a-bernard\/#breadcrumb\"},\"inLanguage\":\"pt-BR\",\"potentialAction\":[{\"@type\":\"ReadAction\",\"target\":[\"https:\/\/www.gaveanews.com\/index.php\/2025\/01\/09\/atletico-mg-a-declaracao-de-cuca-direcionada-a-bernard\/\"]}]},{\"@type\":\"ImageObject\",\"inLanguage\":\"pt-BR\",\"@id\":\"https:\/\/www.gaveanews.com\/index.php\/2025\/01\/09\/atletico-mg-a-declaracao-de-cuca-direcionada-a-bernard\/#primaryimage\",\"url\":\"https:\/\/www.gaveanews.com\/wp-content\/uploads\/Cuca-tecnico-do-Atletico-MG.webp\",\"contentUrl\":\"https:\/\/www.gaveanews.com\/wp-content\/uploads\/Cuca-tecnico-do-Atletico-MG.webp\",\"width\":1024,\"height\":683,\"caption\":\"Cuca como treinador do Atl\u00e9tico-MG (Foto: Bruno Cantini\/Atl\u00e9tico-MG)\"},{\"@type\":\"BreadcrumbList\",\"@id\":\"https:\/\/www.gaveanews.com\/index.php\/2025\/01\/09\/atletico-mg-a-declaracao-de-cuca-direcionada-a-bernard\/#breadcrumb\",\"itemListElement\":[{\"@type\":\"ListItem\",\"position\":1,\"name\":\"Home\",\"item\":\"https:\/\/www.gaveanews.com\/\"},{\"@type\":\"ListItem\",\"position\":2,\"name\":\"Atl\u00e9tico-MG: a declara\u00e7\u00e3o de Cuca direcionada a Bernard\"}]},{\"@type\":\"WebSite\",\"@id\":\"https:\/\/www.gaveanews.com\/#website\",\"url\":\"https:\/\/www.gaveanews.com\/\",\"name\":\"G\u00e1vea News\",\"description\":\"Veja todas as not\u00edcias sobre o Flamengo: Contrata\u00e7\u00f5es, categorias de base, resultados das partidas, tabela de classifica\u00e7\u00e3o, pr\u00f3ximos jogos!\",\"potentialAction\":[{\"@type\":\"SearchAction\",\"target\":{\"@type\":\"EntryPoint\",\"urlTemplate\":\"https:\/\/www.gaveanews.com\/?s={search_term_string}\"},\"query-input\":{\"@type\":\"PropertyValueSpecification\",\"valueRequired\":true,\"valueName\":\"search_term_string\"}}],\"inLanguage\":\"pt-BR\"},{\"@type\":\"Person\",\"@id\":\"https:\/\/www.gaveanews.com\/#\/schema\/person\/2877169f354c4596cf5aab74ea7c56a8\",\"name\":\"Leandro Azevedo\",\"image\":{\"@type\":\"ImageObject\",\"inLanguage\":\"pt-BR\",\"@id\":\"https:\/\/www.gaveanews.com\/#\/schema\/person\/image\/\",\"url\":\"https:\/\/secure.gravatar.com\/avatar\/e2f72eb6d986a41d592a85e4e36a6c6170e9ea8a1f433dfc29d0011a8968f89c?s=96&d=mm&r=g\",\"contentUrl\":\"https:\/\/secure.gravatar.com\/avatar\/e2f72eb6d986a41d592a85e4e36a6c6170e9ea8a1f433dfc29d0011a8968f89c?s=96&d=mm&r=g\",\"caption\":\"Leandro Azevedo\"}}]}<\/script>\n<!-- \/ Yoast SEO Premium plugin. -->","yoast_head_json":{"title":"Atl\u00e9tico-MG: a declara\u00e7\u00e3o de Cuca direcionada a Bernard","robots":{"index":"index","follow":"follow","max-snippet":"max-snippet:-1","max-image-preview":"max-image-preview:large","max-video-preview":"max-video-preview:-1"},"canonical":"https:\/\/www.gaveanews.com\/index.php\/2025\/01\/09\/atletico-mg-a-declaracao-de-cuca-direcionada-a-bernard\/","og_locale":"pt_BR","og_type":"article","og_title":"Atl\u00e9tico-MG: a declara\u00e7\u00e3o de Cuca direcionada a Bernard","og_description":"Em entrevista \u00e0 GaloTV, o t\u00e9cnico Cuca detalhou os planos do Atl\u00e9tico-MG para a temporada 2025. O treinador garantiu que o clube est\u00e1 empenhado em montar um elenco competitivo e ressaltou a import\u00e2ncia de contar com um grupo equilibrado para suportar a maratona de jogos. &#8220;Tenho conversado com a diretoria, eles est\u00e3o muito dispostos a [&hellip;]","og_url":"https:\/\/www.gaveanews.com\/index.php\/2025\/01\/09\/atletico-mg-a-declaracao-de-cuca-direcionada-a-bernard\/","og_site_name":"G\u00e1vea News","article_publisher":"https:\/\/facebook.com\/gaveaNews\/","article_published_time":"2025-01-09T03:15:00+00:00","og_image":[{"width":1024,"height":683,"url":"https:\/\/www.gaveanews.com\/wp-content\/uploads\/Cuca-tecnico-do-Atletico-MG.webp","type":"image\/jpeg"}],"author":"Leandro Azevedo","twitter_card":"summary_large_image","twitter_misc":{"Escrito por":"Leandro Azevedo","Est. tempo de leitura":"3 minutos"},"schema":{"@context":"https:\/\/schema.org","@graph":[{"@type":"NewsArticle","@id":"https:\/\/www.gaveanews.com\/index.php\/2025\/01\/09\/atletico-mg-a-declaracao-de-cuca-direcionada-a-bernard\/#article","isPartOf":{"@id":"https:\/\/www.gaveanews.com\/index.php\/2025\/01\/09\/atletico-mg-a-declaracao-de-cuca-direcionada-a-bernard\/"},"author":{"name":"Leandro Azevedo","@id":"https:\/\/www.gaveanews.com\/#\/schema\/person\/2877169f354c4596cf5aab74ea7c56a8"},"headline":"Atl\u00e9tico-MG: a declara\u00e7\u00e3o de Cuca direcionada a Bernard","datePublished":"2025-01-09T03:15:00+00:00","mainEntityOfPage":{"@id":"https:\/\/www.gaveanews.com\/index.php\/2025\/01\/09\/atletico-mg-a-declaracao-de-cuca-direcionada-a-bernard\/"},"wordCount":402,"commentCount":0,"image":{"@id":"https:\/\/www.gaveanews.com\/index.php\/2025\/01\/09\/atletico-mg-a-declaracao-de-cuca-direcionada-a-bernard\/#primaryimage"},"thumbnailUrl":"https:\/\/www.gaveanews.com\/wp-content\/uploads\/Cuca-tecnico-do-Atletico-MG.webp","articleSection":["Atl\u00e9tico-MG"],"inLanguage":"pt-BR","potentialAction":[{"@type":"CommentAction","name":"Comment","target":["https:\/\/www.gaveanews.com\/index.php\/2025\/01\/09\/atletico-mg-a-declaracao-de-cuca-direcionada-a-bernard\/#respond"]}],"copyrightYear":"2025","copyrightHolder":{"@id":"https:\/\/www.gaveanews.com\/#organization"}},{"@type":"WebPage","@id":"https:\/\/www.gaveanews.com\/index.php\/2025\/01\/09\/atletico-mg-a-declaracao-de-cuca-direcionada-a-bernard\/","url":"https:\/\/www.gaveanews.com\/index.php\/2025\/01\/09\/atletico-mg-a-declaracao-de-cuca-direcionada-a-bernard\/","name":"Atl\u00e9tico-MG: a declara\u00e7\u00e3o de Cuca direcionada a Bernard","isPartOf":{"@id":"https:\/\/www.gaveanews.com\/#website"},"primaryImageOfPage":{"@id":"https:\/\/www.gaveanews.com\/index.php\/2025\/01\/09\/atletico-mg-a-declaracao-de-cuca-direcionada-a-bernard\/#primaryimage"},"image":{"@id":"https:\/\/www.gaveanews.com\/index.php\/2025\/01\/09\/atletico-mg-a-declaracao-de-cuca-direcionada-a-bernard\/#primaryimage"},"thumbnailUrl":"https:\/\/www.gaveanews.com\/wp-content\/uploads\/Cuca-tecnico-do-Atletico-MG.webp","datePublished":"2025-01-09T03:15:00+00:00","author":{"@id":"https:\/\/www.gaveanews.com\/#\/schema\/person\/2877169f354c4596cf5aab74ea7c56a8"},"breadcrumb":{"@id":"https:\/\/www.gaveanews.com\/index.php\/2025\/01\/09\/atletico-mg-a-declaracao-de-cuca-direcionada-a-bernard\/#breadcrumb"},"inLanguage":"pt-BR","potentialAction":[{"@type":"ReadAction","target":["https:\/\/www.gaveanews.com\/index.php\/2025\/01\/09\/atletico-mg-a-declaracao-de-cuca-direcionada-a-bernard\/"]}]},{"@type":"ImageObject","inLanguage":"pt-BR","@id":"https:\/\/www.gaveanews.com\/index.php\/2025\/01\/09\/atletico-mg-a-declaracao-de-cuca-direcionada-a-bernard\/#primaryimage","url":"https:\/\/www.gaveanews.com\/wp-content\/uploads\/Cuca-tecnico-do-Atletico-MG.webp","contentUrl":"https:\/\/www.gaveanews.com\/wp-content\/uploads\/Cuca-tecnico-do-Atletico-MG.webp","width":1024,"height":683,"caption":"Cuca como treinador do Atl\u00e9tico-MG (Foto: Bruno Cantini\/Atl\u00e9tico-MG)"},{"@type":"BreadcrumbList","@id":"https:\/\/www.gaveanews.com\/index.php\/2025\/01\/09\/atletico-mg-a-declaracao-de-cuca-direcionada-a-bernard\/#breadcrumb","itemListElement":[{"@type":"ListItem","position":1,"name":"Home","item":"https:\/\/www.gaveanews.com\/"},{"@type":"ListItem","position":2,"name":"Atl\u00e9tico-MG: a declara\u00e7\u00e3o de Cuca direcionada a Bernard"}]},{"@type":"WebSite","@id":"https:\/\/www.gaveanews.com\/#website","url":"https:\/\/www.gaveanews.com\/","name":"G\u00e1vea News","description":"Veja todas as not\u00edcias sobre o Flamengo: Contrata\u00e7\u00f5es, categorias de base, resultados das partidas, tabela de classifica\u00e7\u00e3o, pr\u00f3ximos jogos!","potentialAction":[{"@type":"SearchAction","target":{"@type":"EntryPoint","urlTemplate":"https:\/\/www.gaveanews.com\/?s={search_term_string}"},"query-input":{"@type":"PropertyValueSpecification","valueRequired":true,"valueName":"search_term_string"}}],"inLanguage":"pt-BR"},{"@type":"Person","@id":"https:\/\/www.gaveanews.com\/#\/schema\/person\/2877169f354c4596cf5aab74ea7c56a8","name":"Leandro Azevedo","image":{"@type":"ImageObject","inLanguage":"pt-BR","@id":"https:\/\/www.gaveanews.com\/#\/schema\/person\/image\/","url":"https:\/\/secure.gravatar.com\/avatar\/e2f72eb6d986a41d592a85e4e36a6c6170e9ea8a1f433dfc29d0011a8968f89c?s=96&d=mm&r=g","contentUrl":"https:\/\/secure.gravatar.com\/avatar\/e2f72eb6d986a41d592a85e4e36a6c6170e9ea8a1f433dfc29d0011a8968f89c?s=96&d=mm&r=g","caption":"Leandro Azevedo"}}]}},"_links":{"self":[{"href":"https:\/\/www.gaveanews.com\/index.php\/wp-json\/wp\/v2\/posts\/209770","targetHints":{"allow":["GET"]}}],"collection":[{"href":"https:\/\/www.gaveanews.com\/index.php\/wp-json\/wp\/v2\/posts"}],"about":[{"href":"https:\/\/www.gaveanews.com\/index.php\/wp-json\/wp\/v2\/types\/post"}],"author":[{"embeddable":true,"href":"https:\/\/www.gaveanews.com\/index.php\/wp-json\/wp\/v2\/users\/23"}],"replies":[{"embeddable":true,"href":"https:\/\/www.gaveanews.com\/index.php\/wp-json\/wp\/v2\/comments?post=209770"}],"version-history":[{"count":2,"href":"https:\/\/www.gaveanews.com\/index.php\/wp-json\/wp\/v2\/posts\/209770\/revisions"}],"predecessor-version":[{"id":209983,"href":"https:\/\/www.gaveanews.com\/index.php\/wp-json\/wp\/v2\/posts\/209770\/revisions\/209983"}],"wp:featuredmedia":[{"embeddable":true,"href":"https:\/\/www.gaveanews.com\/index.php\/wp-json\/wp\/v2\/media\/68026"}],"wp:attachment":[{"href":"https:\/\/www.gaveanews.com\/index.php\/wp-json\/wp\/v2\/media?parent=209770"}],"wp:term":[{"taxonomy":"category","embeddable":true,"href":"https:\/\/www.gaveanews.com\/index.php\/wp-json\/wp\/v2\/categories?post=209770"},{"taxonomy":"post_tag","embeddable":true,"href":"https:\/\/www.gaveanews.com\/index.php\/wp-json\/wp\/v2\/tags?post=209770"}],"curies":[{"name":"wp","href":"https:\/\/api.w.org\/{rel}","templated":true}]}}