{"id":209805,"date":"2025-01-09T00:35:00","date_gmt":"2025-01-09T03:35:00","guid":{"rendered":"https:\/\/www.gaveanews.com\/?p=209805"},"modified":"2025-01-08T23:38:17","modified_gmt":"2025-01-09T02:38:17","slug":"casagrande-revela-time-que-e-torcedor-alem-do-flamengo","status":"publish","type":"post","link":"https:\/\/www.gaveanews.com\/index.php\/2025\/01\/09\/casagrande-revela-time-que-e-torcedor-alem-do-flamengo\/","title":{"rendered":"Casagrande revela time que \u00e9 torcedor al\u00e9m do Flamengo"},"content":{"rendered":"\n<p>O comentarista Walter Casagrande n\u00e3o escondeu que carrega um sentimento especial por outro time brasileiro, al\u00e9m do Corinthians. Em uma coluna publicada no site UOL News, o not\u00e1vel corintiano revelou que pende para o lado do rubro-negro carioca: \u201cEu nasci corintiano e depois eu vi o Flamengo\u201d.<\/p>\n\n\n\n<ul class=\"wp-block-list\">\n<li><a href=\"https:\/\/www.gaveanews.com\/index.php\/2025\/01\/08\/atacante-do-river-plate-esta-na-mira-do-flamengo-segundo-jornalista\/\">Atacante do River Plate est\u00e1 na mira do Flamengo, segundo jornalista<\/a><\/li>\n\n\n\n<li><a href=\"https:\/\/www.gaveanews.com\/index.php\/2025\/01\/08\/jogo-duro-flamengo-define-valor-para-negociar-fabricio-bruno\/\">Jogo duro! Flamengo define valor para negociar Fabr\u00edcio Bruno<\/a><\/li>\n<\/ul>\n\n\n\n<p>Casagrande foi um atacante formado nas categorias de base do Tim\u00e3o nos anos 1980. Mas a estreia como profissional s\u00f3 aconteceu no estado de Minas Gerais, pela Caldense, em 1981. Pelo Alviverde, ele fez 8 jogos e marcou 11 gols. Isso o gabaritou para retornar ao clube de forma\u00e7\u00e3o e ent\u00e3o se eternizar na hist\u00f3ria do time do Parque S\u00e3o Jorge.<\/p>\n\n\n\n<p>Em uma \u00e9poca que os campeonatos estaduais tinham outro peso, ele foi bicampe\u00e3o, conquistando os dois trof\u00e9us assim que voltou. Em 1982, marcou 37 gols em 58 jogos e no ano seguinte a m\u00e9dia caiu: 16 gols em 49 partidas. No total, entrou em campo em 234 oportunidades e cravou 93 tentos.<\/p>\n\n\n\n<p>Ao longo dos anos, se notabilizou como um dos principais nomes da Democracia Corintiana ao lado de S\u00f3crates. Assim, ele criou uma grande identifica\u00e7\u00e3o com o Corinthians e se tornou um torcedor declarado, embora tenha atuado por diversas outras equipes.<\/p>\n\n\n\n<p>Mas durante uma publica\u00e7\u00e3o no site Uol News, ele revelou que o cora\u00e7\u00e3o dele n\u00e3o bate s\u00f3 por um time. Segundo ele, divide as aten\u00e7\u00f5es tamb\u00e9m com o Mais Querido.<\/p>\n\n\n\n<p>\u201cEu tamb\u00e9m tenho dois times. Corinthians e Flamengo. Eu nasci corintiano e depois eu vi o Flamengo\u201d, disse.<\/p>\n\n\n\n<p>Ainda, contou que por conta do ex-meia Rivellino, craque de Corinthians e Fluminense, se tornou tricolor com a ida dele para o clube carioca. Menos contra o Rubro-Negro.<\/p>\n\n\n\n<p>\u201cEu sou corintiano e f\u00e3 do Rivellino. Ele foi para o Fluminense e eu comecei a acompanhar o Campeonato Carioca e torcer pelo Fluminense. S\u00f3 que quando eu vi um Fla-Flu que o Flamengo, eu falei: \u2018P\u00f4, vou torcer pelo Flamengo\u2019. Comecei a torcer pelo Flamengo.\u201d, acrescentou.<\/p>\n","protected":false},"excerpt":{"rendered":"<p>O comentarista Walter Casagrande n\u00e3o escondeu que carrega um sentimento especial por outro time brasileiro, al\u00e9m do Corinthians. Em uma coluna publicada no site UOL News, o not\u00e1vel corintiano revelou que pende para o lado do rubro-negro carioca: \u201cEu nasci corintiano e depois eu vi o Flamengo\u201d. Casagrande foi um atacante formado nas categorias de [&hellip;]<\/p>\n","protected":false},"author":29,"featured_media":66729,"comment_status":"open","ping_status":"closed","sticky":false,"template":"","format":"standard","meta":{"footnotes":""},"categories":[141,1,145],"tags":[],"class_list":["post-209805","post","type-post","status-publish","format-standard","has-post-thumbnail","hentry","category-corinthians","category-flamengo","category-fluminense"],"yoast_head":"<!-- This site is optimized with the Yoast SEO Premium plugin v24.2 (Yoast SEO v26.9) - https:\/\/yoast.com\/product\/yoast-seo-premium-wordpress\/ -->\n<title>Casagrande revela time que \u00e9 torcedor al\u00e9m do Flamengo<\/title>\n<meta name=\"robots\" content=\"index, follow, max-snippet:-1, max-image-preview:large, max-video-preview:-1\" \/>\n<link rel=\"canonical\" href=\"https:\/\/www.gaveanews.com\/index.php\/2025\/01\/09\/casagrande-revela-time-que-e-torcedor-alem-do-flamengo\/\" \/>\n<meta property=\"og:locale\" content=\"pt_BR\" \/>\n<meta property=\"og:type\" content=\"article\" \/>\n<meta property=\"og:title\" content=\"Casagrande revela time que \u00e9 torcedor al\u00e9m do Flamengo\" \/>\n<meta property=\"og:description\" content=\"O comentarista Walter Casagrande n\u00e3o escondeu que carrega um sentimento especial por outro time brasileiro, al\u00e9m do Corinthians. Em uma coluna publicada no site UOL News, o not\u00e1vel corintiano revelou que pende para o lado do rubro-negro carioca: \u201cEu nasci corintiano e depois eu vi o Flamengo\u201d. Casagrande foi um atacante formado nas categorias de [&hellip;]\" \/>\n<meta property=\"og:url\" content=\"https:\/\/www.gaveanews.com\/index.php\/2025\/01\/09\/casagrande-revela-time-que-e-torcedor-alem-do-flamengo\/\" \/>\n<meta property=\"og:site_name\" content=\"G\u00e1vea News\" \/>\n<meta property=\"article:publisher\" content=\"https:\/\/facebook.com\/gaveaNews\/\" \/>\n<meta property=\"article:published_time\" content=\"2025-01-09T03:35:00+00:00\" \/>\n<meta property=\"og:image\" content=\"https:\/\/www.gaveanews.com\/wp-content\/uploads\/Casagrande-comentarista-do-Grupo-Globo.webp\" \/>\n\t<meta property=\"og:image:width\" content=\"829\" \/>\n\t<meta property=\"og:image:height\" content=\"397\" \/>\n\t<meta property=\"og:image:type\" content=\"image\/jpeg\" \/>\n<meta name=\"author\" content=\"Marco Menezes\" \/>\n<meta name=\"twitter:card\" content=\"summary_large_image\" \/>\n<meta name=\"twitter:label1\" content=\"Escrito por\" \/>\n\t<meta name=\"twitter:data1\" content=\"Marco Menezes\" \/>\n\t<meta name=\"twitter:label2\" content=\"Est. tempo de leitura\" \/>\n\t<meta name=\"twitter:data2\" content=\"3 minutos\" \/>\n<script type=\"application\/ld+json\" class=\"yoast-schema-graph\">{\"@context\":\"https:\/\/schema.org\",\"@graph\":[{\"@type\":\"NewsArticle\",\"@id\":\"https:\/\/www.gaveanews.com\/index.php\/2025\/01\/09\/casagrande-revela-time-que-e-torcedor-alem-do-flamengo\/#article\",\"isPartOf\":{\"@id\":\"https:\/\/www.gaveanews.com\/index.php\/2025\/01\/09\/casagrande-revela-time-que-e-torcedor-alem-do-flamengo\/\"},\"author\":{\"name\":\"Marco Menezes\",\"@id\":\"https:\/\/www.gaveanews.com\/#\/schema\/person\/a9f62fe75380c6bada1b2fc49bc23d69\"},\"headline\":\"Casagrande revela time que \u00e9 torcedor al\u00e9m do Flamengo\",\"datePublished\":\"2025-01-09T03:35:00+00:00\",\"mainEntityOfPage\":{\"@id\":\"https:\/\/www.gaveanews.com\/index.php\/2025\/01\/09\/casagrande-revela-time-que-e-torcedor-alem-do-flamengo\/\"},\"wordCount\":361,\"commentCount\":0,\"image\":{\"@id\":\"https:\/\/www.gaveanews.com\/index.php\/2025\/01\/09\/casagrande-revela-time-que-e-torcedor-alem-do-flamengo\/#primaryimage\"},\"thumbnailUrl\":\"https:\/\/www.gaveanews.com\/wp-content\/uploads\/Casagrande-comentarista-do-Grupo-Globo.webp\",\"articleSection\":[\"Corinthians\",\"Flamengo\",\"Fluminense\"],\"inLanguage\":\"pt-BR\",\"potentialAction\":[{\"@type\":\"CommentAction\",\"name\":\"Comment\",\"target\":[\"https:\/\/www.gaveanews.com\/index.php\/2025\/01\/09\/casagrande-revela-time-que-e-torcedor-alem-do-flamengo\/#respond\"]}],\"copyrightYear\":\"2025\",\"copyrightHolder\":{\"@id\":\"https:\/\/www.gaveanews.com\/#organization\"}},{\"@type\":\"WebPage\",\"@id\":\"https:\/\/www.gaveanews.com\/index.php\/2025\/01\/09\/casagrande-revela-time-que-e-torcedor-alem-do-flamengo\/\",\"url\":\"https:\/\/www.gaveanews.com\/index.php\/2025\/01\/09\/casagrande-revela-time-que-e-torcedor-alem-do-flamengo\/\",\"name\":\"Casagrande revela time que \u00e9 torcedor al\u00e9m do Flamengo\",\"isPartOf\":{\"@id\":\"https:\/\/www.gaveanews.com\/#website\"},\"primaryImageOfPage\":{\"@id\":\"https:\/\/www.gaveanews.com\/index.php\/2025\/01\/09\/casagrande-revela-time-que-e-torcedor-alem-do-flamengo\/#primaryimage\"},\"image\":{\"@id\":\"https:\/\/www.gaveanews.com\/index.php\/2025\/01\/09\/casagrande-revela-time-que-e-torcedor-alem-do-flamengo\/#primaryimage\"},\"thumbnailUrl\":\"https:\/\/www.gaveanews.com\/wp-content\/uploads\/Casagrande-comentarista-do-Grupo-Globo.webp\",\"datePublished\":\"2025-01-09T03:35:00+00:00\",\"author\":{\"@id\":\"https:\/\/www.gaveanews.com\/#\/schema\/person\/a9f62fe75380c6bada1b2fc49bc23d69\"},\"breadcrumb\":{\"@id\":\"https:\/\/www.gaveanews.com\/index.php\/2025\/01\/09\/casagrande-revela-time-que-e-torcedor-alem-do-flamengo\/#breadcrumb\"},\"inLanguage\":\"pt-BR\",\"potentialAction\":[{\"@type\":\"ReadAction\",\"target\":[\"https:\/\/www.gaveanews.com\/index.php\/2025\/01\/09\/casagrande-revela-time-que-e-torcedor-alem-do-flamengo\/\"]}]},{\"@type\":\"ImageObject\",\"inLanguage\":\"pt-BR\",\"@id\":\"https:\/\/www.gaveanews.com\/index.php\/2025\/01\/09\/casagrande-revela-time-que-e-torcedor-alem-do-flamengo\/#primaryimage\",\"url\":\"https:\/\/www.gaveanews.com\/wp-content\/uploads\/Casagrande-comentarista-do-Grupo-Globo.webp\",\"contentUrl\":\"https:\/\/www.gaveanews.com\/wp-content\/uploads\/Casagrande-comentarista-do-Grupo-Globo.webp\",\"width\":829,\"height\":397,\"caption\":\"Casagrande (Foto: Reprodu\u00e7\u00e3o\/SporTV)\"},{\"@type\":\"BreadcrumbList\",\"@id\":\"https:\/\/www.gaveanews.com\/index.php\/2025\/01\/09\/casagrande-revela-time-que-e-torcedor-alem-do-flamengo\/#breadcrumb\",\"itemListElement\":[{\"@type\":\"ListItem\",\"position\":1,\"name\":\"Home\",\"item\":\"https:\/\/www.gaveanews.com\/\"},{\"@type\":\"ListItem\",\"position\":2,\"name\":\"Casagrande revela time que \u00e9 torcedor al\u00e9m do Flamengo\"}]},{\"@type\":\"WebSite\",\"@id\":\"https:\/\/www.gaveanews.com\/#website\",\"url\":\"https:\/\/www.gaveanews.com\/\",\"name\":\"G\u00e1vea News\",\"description\":\"Veja todas as not\u00edcias sobre o Flamengo: Contrata\u00e7\u00f5es, categorias de base, resultados das partidas, tabela de classifica\u00e7\u00e3o, pr\u00f3ximos jogos!\",\"potentialAction\":[{\"@type\":\"SearchAction\",\"target\":{\"@type\":\"EntryPoint\",\"urlTemplate\":\"https:\/\/www.gaveanews.com\/?s={search_term_string}\"},\"query-input\":{\"@type\":\"PropertyValueSpecification\",\"valueRequired\":true,\"valueName\":\"search_term_string\"}}],\"inLanguage\":\"pt-BR\"},{\"@type\":\"Person\",\"@id\":\"https:\/\/www.gaveanews.com\/#\/schema\/person\/a9f62fe75380c6bada1b2fc49bc23d69\",\"name\":\"Marco Menezes\",\"image\":{\"@type\":\"ImageObject\",\"inLanguage\":\"pt-BR\",\"@id\":\"https:\/\/www.gaveanews.com\/#\/schema\/person\/image\/\",\"url\":\"https:\/\/secure.gravatar.com\/avatar\/a1d148ae17fc8bfc5dbccffd07979e8bd2c9ba494221779de86ec2c7907b71ec?s=96&d=mm&r=g\",\"contentUrl\":\"https:\/\/secure.gravatar.com\/avatar\/a1d148ae17fc8bfc5dbccffd07979e8bd2c9ba494221779de86ec2c7907b71ec?s=96&d=mm&r=g\",\"caption\":\"Marco Menezes\"}}]}<\/script>\n<!-- \/ Yoast SEO Premium plugin. -->","yoast_head_json":{"title":"Casagrande revela time que \u00e9 torcedor al\u00e9m do Flamengo","robots":{"index":"index","follow":"follow","max-snippet":"max-snippet:-1","max-image-preview":"max-image-preview:large","max-video-preview":"max-video-preview:-1"},"canonical":"https:\/\/www.gaveanews.com\/index.php\/2025\/01\/09\/casagrande-revela-time-que-e-torcedor-alem-do-flamengo\/","og_locale":"pt_BR","og_type":"article","og_title":"Casagrande revela time que \u00e9 torcedor al\u00e9m do Flamengo","og_description":"O comentarista Walter Casagrande n\u00e3o escondeu que carrega um sentimento especial por outro time brasileiro, al\u00e9m do Corinthians. Em uma coluna publicada no site UOL News, o not\u00e1vel corintiano revelou que pende para o lado do rubro-negro carioca: \u201cEu nasci corintiano e depois eu vi o Flamengo\u201d. Casagrande foi um atacante formado nas categorias de [&hellip;]","og_url":"https:\/\/www.gaveanews.com\/index.php\/2025\/01\/09\/casagrande-revela-time-que-e-torcedor-alem-do-flamengo\/","og_site_name":"G\u00e1vea News","article_publisher":"https:\/\/facebook.com\/gaveaNews\/","article_published_time":"2025-01-09T03:35:00+00:00","og_image":[{"width":829,"height":397,"url":"https:\/\/www.gaveanews.com\/wp-content\/uploads\/Casagrande-comentarista-do-Grupo-Globo.webp","type":"image\/jpeg"}],"author":"Marco Menezes","twitter_card":"summary_large_image","twitter_misc":{"Escrito por":"Marco Menezes","Est. tempo de leitura":"3 minutos"},"schema":{"@context":"https:\/\/schema.org","@graph":[{"@type":"NewsArticle","@id":"https:\/\/www.gaveanews.com\/index.php\/2025\/01\/09\/casagrande-revela-time-que-e-torcedor-alem-do-flamengo\/#article","isPartOf":{"@id":"https:\/\/www.gaveanews.com\/index.php\/2025\/01\/09\/casagrande-revela-time-que-e-torcedor-alem-do-flamengo\/"},"author":{"name":"Marco Menezes","@id":"https:\/\/www.gaveanews.com\/#\/schema\/person\/a9f62fe75380c6bada1b2fc49bc23d69"},"headline":"Casagrande revela time que \u00e9 torcedor al\u00e9m do Flamengo","datePublished":"2025-01-09T03:35:00+00:00","mainEntityOfPage":{"@id":"https:\/\/www.gaveanews.com\/index.php\/2025\/01\/09\/casagrande-revela-time-que-e-torcedor-alem-do-flamengo\/"},"wordCount":361,"commentCount":0,"image":{"@id":"https:\/\/www.gaveanews.com\/index.php\/2025\/01\/09\/casagrande-revela-time-que-e-torcedor-alem-do-flamengo\/#primaryimage"},"thumbnailUrl":"https:\/\/www.gaveanews.com\/wp-content\/uploads\/Casagrande-comentarista-do-Grupo-Globo.webp","articleSection":["Corinthians","Flamengo","Fluminense"],"inLanguage":"pt-BR","potentialAction":[{"@type":"CommentAction","name":"Comment","target":["https:\/\/www.gaveanews.com\/index.php\/2025\/01\/09\/casagrande-revela-time-que-e-torcedor-alem-do-flamengo\/#respond"]}],"copyrightYear":"2025","copyrightHolder":{"@id":"https:\/\/www.gaveanews.com\/#organization"}},{"@type":"WebPage","@id":"https:\/\/www.gaveanews.com\/index.php\/2025\/01\/09\/casagrande-revela-time-que-e-torcedor-alem-do-flamengo\/","url":"https:\/\/www.gaveanews.com\/index.php\/2025\/01\/09\/casagrande-revela-time-que-e-torcedor-alem-do-flamengo\/","name":"Casagrande revela time que \u00e9 torcedor al\u00e9m do Flamengo","isPartOf":{"@id":"https:\/\/www.gaveanews.com\/#website"},"primaryImageOfPage":{"@id":"https:\/\/www.gaveanews.com\/index.php\/2025\/01\/09\/casagrande-revela-time-que-e-torcedor-alem-do-flamengo\/#primaryimage"},"image":{"@id":"https:\/\/www.gaveanews.com\/index.php\/2025\/01\/09\/casagrande-revela-time-que-e-torcedor-alem-do-flamengo\/#primaryimage"},"thumbnailUrl":"https:\/\/www.gaveanews.com\/wp-content\/uploads\/Casagrande-comentarista-do-Grupo-Globo.webp","datePublished":"2025-01-09T03:35:00+00:00","author":{"@id":"https:\/\/www.gaveanews.com\/#\/schema\/person\/a9f62fe75380c6bada1b2fc49bc23d69"},"breadcrumb":{"@id":"https:\/\/www.gaveanews.com\/index.php\/2025\/01\/09\/casagrande-revela-time-que-e-torcedor-alem-do-flamengo\/#breadcrumb"},"inLanguage":"pt-BR","potentialAction":[{"@type":"ReadAction","target":["https:\/\/www.gaveanews.com\/index.php\/2025\/01\/09\/casagrande-revela-time-que-e-torcedor-alem-do-flamengo\/"]}]},{"@type":"ImageObject","inLanguage":"pt-BR","@id":"https:\/\/www.gaveanews.com\/index.php\/2025\/01\/09\/casagrande-revela-time-que-e-torcedor-alem-do-flamengo\/#primaryimage","url":"https:\/\/www.gaveanews.com\/wp-content\/uploads\/Casagrande-comentarista-do-Grupo-Globo.webp","contentUrl":"https:\/\/www.gaveanews.com\/wp-content\/uploads\/Casagrande-comentarista-do-Grupo-Globo.webp","width":829,"height":397,"caption":"Casagrande (Foto: Reprodu\u00e7\u00e3o\/SporTV)"},{"@type":"BreadcrumbList","@id":"https:\/\/www.gaveanews.com\/index.php\/2025\/01\/09\/casagrande-revela-time-que-e-torcedor-alem-do-flamengo\/#breadcrumb","itemListElement":[{"@type":"ListItem","position":1,"name":"Home","item":"https:\/\/www.gaveanews.com\/"},{"@type":"ListItem","position":2,"name":"Casagrande revela time que \u00e9 torcedor al\u00e9m do Flamengo"}]},{"@type":"WebSite","@id":"https:\/\/www.gaveanews.com\/#website","url":"https:\/\/www.gaveanews.com\/","name":"G\u00e1vea News","description":"Veja todas as not\u00edcias sobre o Flamengo: Contrata\u00e7\u00f5es, categorias de base, resultados das partidas, tabela de classifica\u00e7\u00e3o, pr\u00f3ximos jogos!","potentialAction":[{"@type":"SearchAction","target":{"@type":"EntryPoint","urlTemplate":"https:\/\/www.gaveanews.com\/?s={search_term_string}"},"query-input":{"@type":"PropertyValueSpecification","valueRequired":true,"valueName":"search_term_string"}}],"inLanguage":"pt-BR"},{"@type":"Person","@id":"https:\/\/www.gaveanews.com\/#\/schema\/person\/a9f62fe75380c6bada1b2fc49bc23d69","name":"Marco Menezes","image":{"@type":"ImageObject","inLanguage":"pt-BR","@id":"https:\/\/www.gaveanews.com\/#\/schema\/person\/image\/","url":"https:\/\/secure.gravatar.com\/avatar\/a1d148ae17fc8bfc5dbccffd07979e8bd2c9ba494221779de86ec2c7907b71ec?s=96&d=mm&r=g","contentUrl":"https:\/\/secure.gravatar.com\/avatar\/a1d148ae17fc8bfc5dbccffd07979e8bd2c9ba494221779de86ec2c7907b71ec?s=96&d=mm&r=g","caption":"Marco Menezes"}}]}},"_links":{"self":[{"href":"https:\/\/www.gaveanews.com\/index.php\/wp-json\/wp\/v2\/posts\/209805","targetHints":{"allow":["GET"]}}],"collection":[{"href":"https:\/\/www.gaveanews.com\/index.php\/wp-json\/wp\/v2\/posts"}],"about":[{"href":"https:\/\/www.gaveanews.com\/index.php\/wp-json\/wp\/v2\/types\/post"}],"author":[{"embeddable":true,"href":"https:\/\/www.gaveanews.com\/index.php\/wp-json\/wp\/v2\/users\/29"}],"replies":[{"embeddable":true,"href":"https:\/\/www.gaveanews.com\/index.php\/wp-json\/wp\/v2\/comments?post=209805"}],"version-history":[{"count":1,"href":"https:\/\/www.gaveanews.com\/index.php\/wp-json\/wp\/v2\/posts\/209805\/revisions"}],"predecessor-version":[{"id":209806,"href":"https:\/\/www.gaveanews.com\/index.php\/wp-json\/wp\/v2\/posts\/209805\/revisions\/209806"}],"wp:featuredmedia":[{"embeddable":true,"href":"https:\/\/www.gaveanews.com\/index.php\/wp-json\/wp\/v2\/media\/66729"}],"wp:attachment":[{"href":"https:\/\/www.gaveanews.com\/index.php\/wp-json\/wp\/v2\/media?parent=209805"}],"wp:term":[{"taxonomy":"category","embeddable":true,"href":"https:\/\/www.gaveanews.com\/index.php\/wp-json\/wp\/v2\/categories?post=209805"},{"taxonomy":"post_tag","embeddable":true,"href":"https:\/\/www.gaveanews.com\/index.php\/wp-json\/wp\/v2\/tags?post=209805"}],"curies":[{"name":"wp","href":"https:\/\/api.w.org\/{rel}","templated":true}]}}