{"id":209816,"date":"2025-01-09T05:05:00","date_gmt":"2025-01-09T08:05:00","guid":{"rendered":"https:\/\/www.gaveanews.com\/?p=209816"},"modified":"2025-01-08T20:25:46","modified_gmt":"2025-01-08T23:25:46","slug":"chegada-de-bruno-henrique-estadio-reserva-e-protesto-da-torcida-as-ultimas-noticias-do-atletico-mg","status":"publish","type":"post","link":"https:\/\/www.gaveanews.com\/index.php\/2025\/01\/09\/chegada-de-bruno-henrique-estadio-reserva-e-protesto-da-torcida-as-ultimas-noticias-do-atletico-mg\/","title":{"rendered":"Chegada de Bruno Henrique, est\u00e1dio reserva e protesto da torcida: as \u00faltimas not\u00edcias do Atl\u00e9tico-MG"},"content":{"rendered":"\n<p>Nas \u00faltimas horas, o foco das not\u00edcias sobre Atl\u00e9tico-MG se concentram nos bastidores do<br>clube, com destaques do dia a dia do time.<\/p>\n\n\n\n<p>Por conta deste contexto, leia abaixo um resumo preparado pela equipe do portal G\u00e1vea News para lhe manter muito bem informado!<\/p>\n\n\n\n<h2 class=\"wp-block-heading\" id=\"h-protesto-da-torcida\">Protesto da torcida<\/h2>\n\n\n\n<p>Torcedores do Atl\u00e9tico Mineiro realizaram protestos contra Rubens Menin, principal acionista da SAF do clube, expressando insatisfa\u00e7\u00e3o com a gest\u00e3o de 2024. Apesar do t\u00edtulo estadual, o Galo perdeu as finais da Libertadores e da Copa do Brasil e flertou com o rebaixamento no Brasileir\u00e3o. O protesto incluiu a distribui\u00e7\u00e3o de notas falsas de real e uma faixa questionando o uso dos naming rights da Arena MRV pelo Banco Inter, tamb\u00e9m de propriedade de Menin <strong><a href=\"https:\/\/www.gaveanews.com\/index.php\/2025\/01\/08\/torcedores-do-atletico-mg-protestam-contra-rubens-menin\/\">(leia a mat\u00e9ria completa).<\/a><\/strong><\/p>\n\n\n\n<figure class=\"wp-block-image size-large\"><img loading=\"lazy\" decoding=\"async\" width=\"1024\" height=\"683\" src=\"https:\/\/www.gaveanews.com\/wp-content\/uploads\/Torcida-do-Atletico-MG-1024x683.webp\" alt=\"\" class=\"wp-image-150828\" srcset=\"https:\/\/www.gaveanews.com\/wp-content\/uploads\/Torcida-do-Atletico-MG-1024x683.webp 1024w, https:\/\/www.gaveanews.com\/wp-content\/uploads\/Torcida-do-Atletico-MG-300x200.webp 300w, https:\/\/www.gaveanews.com\/wp-content\/uploads\/Torcida-do-Atletico-MG-768x512.webp 768w, https:\/\/www.gaveanews.com\/wp-content\/uploads\/Torcida-do-Atletico-MG-630x420.webp 630w, https:\/\/www.gaveanews.com\/wp-content\/uploads\/Torcida-do-Atletico-MG-640x427.webp 640w, https:\/\/www.gaveanews.com\/wp-content\/uploads\/Torcida-do-Atletico-MG-681x454.webp 681w, https:\/\/www.gaveanews.com\/wp-content\/uploads\/Torcida-do-Atletico-MG-100x67.webp 100w, https:\/\/www.gaveanews.com\/wp-content\/uploads\/Torcida-do-Atletico-MG.webp 1066w\" sizes=\"auto, (max-width: 1024px) 100vw, 1024px\" \/><figcaption class=\"wp-element-caption\">Torcida do Atl\u00e9tico-MG (Foto: Reprodu\u00e7\u00e3o\/Instagram)<\/figcaption><\/figure>\n\n\n\n<p>Os manifestantes criticaram a gest\u00e3o financeira e cobraram transpar\u00eancia sobre os R$ 30 milh\u00f5es dos naming rights. Rubens Menin, que tamb\u00e9m dirige a MRV, \u00e9 alvo das cr\u00edticas por sua influ\u00eancia em diversas \u00e1reas do clube. <\/p>\n\n\n\n<p>A situa\u00e7\u00e3o reflete a frustra\u00e7\u00e3o da torcida com a falta de refor\u00e7os significativos e a recente troca de t\u00e9cnicos, com a sa\u00edda de Gabriel Milito e o retorno de Cuca.<\/p>\n\n\n\n<p>Com a nova temporada se aproximando, a diretoria do Atl\u00e9tico enfrenta o desafio de equilibrar as finan\u00e7as e atender \u00e0s expectativas de torcedores insatisfeitos. A press\u00e3o aumenta, especialmente ap\u00f3s um ano de resultados aqu\u00e9m do esperado, mesmo com investimentos e participa\u00e7\u00e3o em finais importantes.<\/p>\n\n\n\n<h2 class=\"wp-block-heading\" id=\"h-estadio-reserva\">Est\u00e1dio reserva<\/h2>\n\n\n\n<p>O Atl\u00e9tico-MG anunciou que jogar\u00e1 suas quatro partidas como mandante na primeira fase do Campeonato Mineiro no Mineir\u00e3o, devido \u00e0 indisponibilidade da Arena MRV at\u00e9 mar\u00e7o. A nova casa do clube est\u00e1 passando pela instala\u00e7\u00e3o de um gramado sint\u00e9tico, uma medida que visa melhorar a manuten\u00e7\u00e3o e garantir melhores condi\u00e7\u00f5es para eventos ao longo do ano. A estreia do Galo no Mineir\u00e3o est\u00e1 marcada para 22 de janeiro, contra o Democrata, com a equipe Sub-20, j\u00e1 que o elenco principal estar\u00e1 em pr\u00e9-temporada nos Estados Unidos <strong><a href=\"https:\/\/www.gaveanews.com\/index.php\/2025\/01\/08\/atletico-mg-divulga-qual-estadio-vai-usar-sem-a-arena-mrv\/\">(leia a mat\u00e9ria completa).<\/a><\/strong><\/p>\n\n\n\n<figure class=\"wp-block-image size-full\"><img loading=\"lazy\" decoding=\"async\" width=\"900\" height=\"506\" src=\"https:\/\/www.gaveanews.com\/wp-content\/uploads\/Estadio-do-Mineirao-lotado-pela-torcida-do-Cruzeiro.webp\" alt=\"\" class=\"wp-image-147304\" srcset=\"https:\/\/www.gaveanews.com\/wp-content\/uploads\/Estadio-do-Mineirao-lotado-pela-torcida-do-Cruzeiro.webp 900w, https:\/\/www.gaveanews.com\/wp-content\/uploads\/Estadio-do-Mineirao-lotado-pela-torcida-do-Cruzeiro-300x169.webp 300w, https:\/\/www.gaveanews.com\/wp-content\/uploads\/Estadio-do-Mineirao-lotado-pela-torcida-do-Cruzeiro-768x432.webp 768w, https:\/\/www.gaveanews.com\/wp-content\/uploads\/Estadio-do-Mineirao-lotado-pela-torcida-do-Cruzeiro-747x420.webp 747w, https:\/\/www.gaveanews.com\/wp-content\/uploads\/Estadio-do-Mineirao-lotado-pela-torcida-do-Cruzeiro-640x360.webp 640w, https:\/\/www.gaveanews.com\/wp-content\/uploads\/Estadio-do-Mineirao-lotado-pela-torcida-do-Cruzeiro-681x383.webp 681w, https:\/\/www.gaveanews.com\/wp-content\/uploads\/Estadio-do-Mineirao-lotado-pela-torcida-do-Cruzeiro-100x56.webp 100w\" sizes=\"auto, (max-width: 900px) 100vw, 900px\" \/><figcaption class=\"wp-element-caption\">Est\u00e1dio do Mineir\u00e3o lotado pela torcida do Cruzeiro (Foto: Cristiane Mattos\/Light Press\/Cruzeiro)<\/figcaption><\/figure>\n\n\n\n<p>Esta ser\u00e1 a primeira vez em quase seis meses que o Atl\u00e9tico atuar\u00e1 no Mineir\u00e3o como mandante. O \u00faltimo confronto no est\u00e1dio foi em agosto de 2024, contra o Fluminense, quando a Arena MRV apresentava condi\u00e7\u00f5es inadequadas de gramado. A decis\u00e3o de usar o Mineir\u00e3o reflete a busca por condi\u00e7\u00f5es ideais at\u00e9 que a Arena esteja pronta.<\/p>\n\n\n\n<p>O Atl\u00e9tico espera que a Arena MRV esteja dispon\u00edvel a partir do in\u00edcio do Campeonato Brasileiro, no final de mar\u00e7o. At\u00e9 l\u00e1, o clube continuar\u00e1 utilizando o Mineir\u00e3o ou outro est\u00e1dio caso avance na competi\u00e7\u00e3o estadual, garantindo a continuidade dos trabalhos enquanto finaliza os ajustes em sua nova casa.<\/p>\n\n\n\n<h2 class=\"wp-block-heading\" id=\"h-chegada-de-bruno-henrique\">Chegada de Bruno Henrique<\/h2>\n\n\n\n<p>O Atl\u00e9tico-MG est\u00e1 interessado em contratar Bruno Henrique, do Flamengo, para refor\u00e7ar seu ataque ap\u00f3s a venda de Paulinho ao Palmeiras. Com contrato at\u00e9 dezembro de 2026, a negocia\u00e7\u00e3o \u00e9 considerada dif\u00edcil, mas o clube mineiro j\u00e1 fez contatos com o estafe do jogador. O t\u00e9cnico Cuca chegou a ligar diretamente para Bruno Henrique como parte da estrat\u00e9gia para convenc\u00ea-lo a se transferir<strong><a href=\"https:\/\/www.gaveanews.com\/index.php\/2025\/01\/08\/vai-contratar-cuca-liga-para-jogador-do-flamengo\/\"> (leia a mat\u00e9ria completa).<\/a><\/strong><\/p>\n\n\n\n<figure class=\"wp-block-image size-large\"><img loading=\"lazy\" decoding=\"async\" width=\"1024\" height=\"683\" src=\"https:\/\/www.gaveanews.com\/wp-content\/uploads\/A-comemoracao-de-Bruno-Henrique-apos-marcar-um-gol-no-jogo-entre-Atletico-MG-x-Flamengo-pelo-Campeonato-Brasileiro-2024-1024x683.webp\" alt=\"\" class=\"wp-image-150679\" srcset=\"https:\/\/www.gaveanews.com\/wp-content\/uploads\/A-comemoracao-de-Bruno-Henrique-apos-marcar-um-gol-no-jogo-entre-Atletico-MG-x-Flamengo-pelo-Campeonato-Brasileiro-2024-1024x683.webp 1024w, https:\/\/www.gaveanews.com\/wp-content\/uploads\/A-comemoracao-de-Bruno-Henrique-apos-marcar-um-gol-no-jogo-entre-Atletico-MG-x-Flamengo-pelo-Campeonato-Brasileiro-2024-300x200.webp 300w, https:\/\/www.gaveanews.com\/wp-content\/uploads\/A-comemoracao-de-Bruno-Henrique-apos-marcar-um-gol-no-jogo-entre-Atletico-MG-x-Flamengo-pelo-Campeonato-Brasileiro-2024-768x512.webp 768w, https:\/\/www.gaveanews.com\/wp-content\/uploads\/A-comemoracao-de-Bruno-Henrique-apos-marcar-um-gol-no-jogo-entre-Atletico-MG-x-Flamengo-pelo-Campeonato-Brasileiro-2024-1536x1024.webp 1536w, https:\/\/www.gaveanews.com\/wp-content\/uploads\/A-comemoracao-de-Bruno-Henrique-apos-marcar-um-gol-no-jogo-entre-Atletico-MG-x-Flamengo-pelo-Campeonato-Brasileiro-2024-2048x1365.webp 2048w, https:\/\/www.gaveanews.com\/wp-content\/uploads\/A-comemoracao-de-Bruno-Henrique-apos-marcar-um-gol-no-jogo-entre-Atletico-MG-x-Flamengo-pelo-Campeonato-Brasileiro-2024-630x420.webp 630w, https:\/\/www.gaveanews.com\/wp-content\/uploads\/A-comemoracao-de-Bruno-Henrique-apos-marcar-um-gol-no-jogo-entre-Atletico-MG-x-Flamengo-pelo-Campeonato-Brasileiro-2024-1260x840.webp 1260w, https:\/\/www.gaveanews.com\/wp-content\/uploads\/A-comemoracao-de-Bruno-Henrique-apos-marcar-um-gol-no-jogo-entre-Atletico-MG-x-Flamengo-pelo-Campeonato-Brasileiro-2024-640x427.webp 640w, https:\/\/www.gaveanews.com\/wp-content\/uploads\/A-comemoracao-de-Bruno-Henrique-apos-marcar-um-gol-no-jogo-entre-Atletico-MG-x-Flamengo-pelo-Campeonato-Brasileiro-2024-1280x853.webp 1280w, https:\/\/www.gaveanews.com\/wp-content\/uploads\/A-comemoracao-de-Bruno-Henrique-apos-marcar-um-gol-no-jogo-entre-Atletico-MG-x-Flamengo-pelo-Campeonato-Brasileiro-2024-681x454.webp 681w, https:\/\/www.gaveanews.com\/wp-content\/uploads\/A-comemoracao-de-Bruno-Henrique-apos-marcar-um-gol-no-jogo-entre-Atletico-MG-x-Flamengo-pelo-Campeonato-Brasileiro-2024-1362x908.webp 1362w, https:\/\/www.gaveanews.com\/wp-content\/uploads\/A-comemoracao-de-Bruno-Henrique-apos-marcar-um-gol-no-jogo-entre-Atletico-MG-x-Flamengo-pelo-Campeonato-Brasileiro-2024-100x67.webp 100w\" sizes=\"auto, (max-width: 1024px) 100vw, 1024px\" \/><figcaption class=\"wp-element-caption\">A comemora\u00e7\u00e3o de Bruno Henrique ap\u00f3s marcar um gol no jogo entre Atl\u00e9tico-MG x Flamengo pelo Campeonato Brasileiro 2024 <\/figcaption><\/figure>\n\n\n\n<p>O clube mineiro estuda oferecer um contrato de tr\u00eas anos ao atacante, garantindo estabilidade e destaque no elenco alvinegro. Apesar disso, o Flamengo ainda n\u00e3o recebeu uma proposta oficial e mant\u00e9m Bruno Henrique em seus planos para a temporada. A diretoria rubro-negra aguarda novos desdobramentos antes de avaliar qualquer possibilidade de libera\u00e7\u00e3o.<\/p>\n\n\n\n<p>Al\u00e9m de Bruno Henrique, o Atl\u00e9tico-MG tamb\u00e9m monitora outras op\u00e7\u00f5es no mercado, como Artur, do Zenit, embora enfrentem obst\u00e1culos financeiros para viabilizar essas negocia\u00e7\u00f5es. A busca por refor\u00e7os mostra a ambi\u00e7\u00e3o do clube mineiro em continuar competitivo nas competi\u00e7\u00f5es de 2025.<\/p>\n","protected":false},"excerpt":{"rendered":"<p>Nas \u00faltimas horas, o foco das not\u00edcias sobre Atl\u00e9tico-MG se concentram nos bastidores doclube, com destaques do dia a dia do time. Por conta deste contexto, leia abaixo um resumo preparado pela equipe do portal G\u00e1vea News para lhe manter muito bem informado! Protesto da torcida Torcedores do Atl\u00e9tico Mineiro realizaram protestos contra Rubens Menin, [&hellip;]<\/p>\n","protected":false},"author":27,"featured_media":153999,"comment_status":"open","ping_status":"closed","sticky":false,"template":"","format":"standard","meta":{"footnotes":""},"categories":[136],"tags":[],"class_list":["post-209816","post","type-post","status-publish","format-standard","has-post-thumbnail","hentry","category-atletico-mg"],"yoast_head":"<!-- This site is optimized with the Yoast SEO Premium plugin v24.2 (Yoast SEO v26.9) - https:\/\/yoast.com\/product\/yoast-seo-premium-wordpress\/ -->\n<title>Chegada de Bruno Henrique, est\u00e1dio reserva e protesto da torcida: as \u00faltimas not\u00edcias do Atl\u00e9tico-MG<\/title>\n<meta name=\"robots\" content=\"index, follow, max-snippet:-1, max-image-preview:large, max-video-preview:-1\" \/>\n<link rel=\"canonical\" href=\"https:\/\/www.gaveanews.com\/index.php\/2025\/01\/09\/chegada-de-bruno-henrique-estadio-reserva-e-protesto-da-torcida-as-ultimas-noticias-do-atletico-mg\/\" \/>\n<meta property=\"og:locale\" content=\"pt_BR\" \/>\n<meta property=\"og:type\" content=\"article\" \/>\n<meta property=\"og:title\" content=\"Chegada de Bruno Henrique, est\u00e1dio reserva e protesto da torcida: as \u00faltimas not\u00edcias do Atl\u00e9tico-MG\" \/>\n<meta property=\"og:description\" content=\"Nas \u00faltimas horas, o foco das not\u00edcias sobre Atl\u00e9tico-MG se concentram nos bastidores doclube, com destaques do dia a dia do time. Por conta deste contexto, leia abaixo um resumo preparado pela equipe do portal G\u00e1vea News para lhe manter muito bem informado! Protesto da torcida Torcedores do Atl\u00e9tico Mineiro realizaram protestos contra Rubens Menin, [&hellip;]\" \/>\n<meta property=\"og:url\" content=\"https:\/\/www.gaveanews.com\/index.php\/2025\/01\/09\/chegada-de-bruno-henrique-estadio-reserva-e-protesto-da-torcida-as-ultimas-noticias-do-atletico-mg\/\" \/>\n<meta property=\"og:site_name\" content=\"G\u00e1vea News\" \/>\n<meta property=\"article:publisher\" content=\"https:\/\/facebook.com\/gaveaNews\/\" \/>\n<meta property=\"article:published_time\" content=\"2025-01-09T08:05:00+00:00\" \/>\n<meta property=\"og:image\" content=\"https:\/\/www.gaveanews.com\/wp-content\/uploads\/Estadio-do-Atletico-MG.webp\" \/>\n\t<meta property=\"og:image:width\" content=\"900\" \/>\n\t<meta property=\"og:image:height\" content=\"600\" \/>\n\t<meta property=\"og:image:type\" content=\"image\/webp\" \/>\n<meta name=\"author\" content=\"Matheus Felipe\" \/>\n<meta name=\"twitter:card\" content=\"summary_large_image\" \/>\n<meta name=\"twitter:label1\" content=\"Escrito por\" \/>\n\t<meta name=\"twitter:data1\" content=\"Matheus Felipe\" \/>\n\t<meta name=\"twitter:label2\" content=\"Est. tempo de leitura\" \/>\n\t<meta name=\"twitter:data2\" content=\"5 minutos\" \/>\n<script type=\"application\/ld+json\" class=\"yoast-schema-graph\">{\"@context\":\"https:\/\/schema.org\",\"@graph\":[{\"@type\":\"NewsArticle\",\"@id\":\"https:\/\/www.gaveanews.com\/index.php\/2025\/01\/09\/chegada-de-bruno-henrique-estadio-reserva-e-protesto-da-torcida-as-ultimas-noticias-do-atletico-mg\/#article\",\"isPartOf\":{\"@id\":\"https:\/\/www.gaveanews.com\/index.php\/2025\/01\/09\/chegada-de-bruno-henrique-estadio-reserva-e-protesto-da-torcida-as-ultimas-noticias-do-atletico-mg\/\"},\"author\":{\"name\":\"Matheus Felipe\",\"@id\":\"https:\/\/www.gaveanews.com\/#\/schema\/person\/8207cd4627f56151707418bfc835b2fb\"},\"headline\":\"Chegada de Bruno Henrique, est\u00e1dio reserva e protesto da torcida: as \u00faltimas not\u00edcias do Atl\u00e9tico-MG\",\"datePublished\":\"2025-01-09T08:05:00+00:00\",\"mainEntityOfPage\":{\"@id\":\"https:\/\/www.gaveanews.com\/index.php\/2025\/01\/09\/chegada-de-bruno-henrique-estadio-reserva-e-protesto-da-torcida-as-ultimas-noticias-do-atletico-mg\/\"},\"wordCount\":726,\"commentCount\":0,\"image\":{\"@id\":\"https:\/\/www.gaveanews.com\/index.php\/2025\/01\/09\/chegada-de-bruno-henrique-estadio-reserva-e-protesto-da-torcida-as-ultimas-noticias-do-atletico-mg\/#primaryimage\"},\"thumbnailUrl\":\"https:\/\/www.gaveanews.com\/wp-content\/uploads\/Estadio-do-Atletico-MG.webp\",\"articleSection\":[\"Atl\u00e9tico-MG\"],\"inLanguage\":\"pt-BR\",\"potentialAction\":[{\"@type\":\"CommentAction\",\"name\":\"Comment\",\"target\":[\"https:\/\/www.gaveanews.com\/index.php\/2025\/01\/09\/chegada-de-bruno-henrique-estadio-reserva-e-protesto-da-torcida-as-ultimas-noticias-do-atletico-mg\/#respond\"]}],\"copyrightYear\":\"2025\",\"copyrightHolder\":{\"@id\":\"https:\/\/www.gaveanews.com\/#organization\"}},{\"@type\":\"WebPage\",\"@id\":\"https:\/\/www.gaveanews.com\/index.php\/2025\/01\/09\/chegada-de-bruno-henrique-estadio-reserva-e-protesto-da-torcida-as-ultimas-noticias-do-atletico-mg\/\",\"url\":\"https:\/\/www.gaveanews.com\/index.php\/2025\/01\/09\/chegada-de-bruno-henrique-estadio-reserva-e-protesto-da-torcida-as-ultimas-noticias-do-atletico-mg\/\",\"name\":\"Chegada de Bruno Henrique, est\u00e1dio reserva e protesto da torcida: as \u00faltimas not\u00edcias do Atl\u00e9tico-MG\",\"isPartOf\":{\"@id\":\"https:\/\/www.gaveanews.com\/#website\"},\"primaryImageOfPage\":{\"@id\":\"https:\/\/www.gaveanews.com\/index.php\/2025\/01\/09\/chegada-de-bruno-henrique-estadio-reserva-e-protesto-da-torcida-as-ultimas-noticias-do-atletico-mg\/#primaryimage\"},\"image\":{\"@id\":\"https:\/\/www.gaveanews.com\/index.php\/2025\/01\/09\/chegada-de-bruno-henrique-estadio-reserva-e-protesto-da-torcida-as-ultimas-noticias-do-atletico-mg\/#primaryimage\"},\"thumbnailUrl\":\"https:\/\/www.gaveanews.com\/wp-content\/uploads\/Estadio-do-Atletico-MG.webp\",\"datePublished\":\"2025-01-09T08:05:00+00:00\",\"author\":{\"@id\":\"https:\/\/www.gaveanews.com\/#\/schema\/person\/8207cd4627f56151707418bfc835b2fb\"},\"breadcrumb\":{\"@id\":\"https:\/\/www.gaveanews.com\/index.php\/2025\/01\/09\/chegada-de-bruno-henrique-estadio-reserva-e-protesto-da-torcida-as-ultimas-noticias-do-atletico-mg\/#breadcrumb\"},\"inLanguage\":\"pt-BR\",\"potentialAction\":[{\"@type\":\"ReadAction\",\"target\":[\"https:\/\/www.gaveanews.com\/index.php\/2025\/01\/09\/chegada-de-bruno-henrique-estadio-reserva-e-protesto-da-torcida-as-ultimas-noticias-do-atletico-mg\/\"]}]},{\"@type\":\"ImageObject\",\"inLanguage\":\"pt-BR\",\"@id\":\"https:\/\/www.gaveanews.com\/index.php\/2025\/01\/09\/chegada-de-bruno-henrique-estadio-reserva-e-protesto-da-torcida-as-ultimas-noticias-do-atletico-mg\/#primaryimage\",\"url\":\"https:\/\/www.gaveanews.com\/wp-content\/uploads\/Estadio-do-Atletico-MG.webp\",\"contentUrl\":\"https:\/\/www.gaveanews.com\/wp-content\/uploads\/Estadio-do-Atletico-MG.webp\",\"width\":900,\"height\":600,\"caption\":\"Arena MRV, est\u00e1dio do Atl\u00e9tico-MG (Foto: Reprodu\u00e7\u00e3o\/Atl\u00e9tico)\"},{\"@type\":\"BreadcrumbList\",\"@id\":\"https:\/\/www.gaveanews.com\/index.php\/2025\/01\/09\/chegada-de-bruno-henrique-estadio-reserva-e-protesto-da-torcida-as-ultimas-noticias-do-atletico-mg\/#breadcrumb\",\"itemListElement\":[{\"@type\":\"ListItem\",\"position\":1,\"name\":\"Home\",\"item\":\"https:\/\/www.gaveanews.com\/\"},{\"@type\":\"ListItem\",\"position\":2,\"name\":\"Chegada de Bruno Henrique, est\u00e1dio reserva e protesto da torcida: as \u00faltimas not\u00edcias do Atl\u00e9tico-MG\"}]},{\"@type\":\"WebSite\",\"@id\":\"https:\/\/www.gaveanews.com\/#website\",\"url\":\"https:\/\/www.gaveanews.com\/\",\"name\":\"G\u00e1vea News\",\"description\":\"Veja todas as not\u00edcias sobre o Flamengo: Contrata\u00e7\u00f5es, categorias de base, resultados das partidas, tabela de classifica\u00e7\u00e3o, pr\u00f3ximos jogos!\",\"potentialAction\":[{\"@type\":\"SearchAction\",\"target\":{\"@type\":\"EntryPoint\",\"urlTemplate\":\"https:\/\/www.gaveanews.com\/?s={search_term_string}\"},\"query-input\":{\"@type\":\"PropertyValueSpecification\",\"valueRequired\":true,\"valueName\":\"search_term_string\"}}],\"inLanguage\":\"pt-BR\"},{\"@type\":\"Person\",\"@id\":\"https:\/\/www.gaveanews.com\/#\/schema\/person\/8207cd4627f56151707418bfc835b2fb\",\"name\":\"Matheus Felipe\",\"image\":{\"@type\":\"ImageObject\",\"inLanguage\":\"pt-BR\",\"@id\":\"https:\/\/www.gaveanews.com\/#\/schema\/person\/image\/\",\"url\":\"https:\/\/secure.gravatar.com\/avatar\/a452ffbed9130f726358b298bb3a99ce4bd3c5338411f8440e87e14d74c7c087?s=96&d=mm&r=g\",\"contentUrl\":\"https:\/\/secure.gravatar.com\/avatar\/a452ffbed9130f726358b298bb3a99ce4bd3c5338411f8440e87e14d74c7c087?s=96&d=mm&r=g\",\"caption\":\"Matheus Felipe\"}}]}<\/script>\n<!-- \/ Yoast SEO Premium plugin. -->","yoast_head_json":{"title":"Chegada de Bruno Henrique, est\u00e1dio reserva e protesto da torcida: as \u00faltimas not\u00edcias do Atl\u00e9tico-MG","robots":{"index":"index","follow":"follow","max-snippet":"max-snippet:-1","max-image-preview":"max-image-preview:large","max-video-preview":"max-video-preview:-1"},"canonical":"https:\/\/www.gaveanews.com\/index.php\/2025\/01\/09\/chegada-de-bruno-henrique-estadio-reserva-e-protesto-da-torcida-as-ultimas-noticias-do-atletico-mg\/","og_locale":"pt_BR","og_type":"article","og_title":"Chegada de Bruno Henrique, est\u00e1dio reserva e protesto da torcida: as \u00faltimas not\u00edcias do Atl\u00e9tico-MG","og_description":"Nas \u00faltimas horas, o foco das not\u00edcias sobre Atl\u00e9tico-MG se concentram nos bastidores doclube, com destaques do dia a dia do time. Por conta deste contexto, leia abaixo um resumo preparado pela equipe do portal G\u00e1vea News para lhe manter muito bem informado! Protesto da torcida Torcedores do Atl\u00e9tico Mineiro realizaram protestos contra Rubens Menin, [&hellip;]","og_url":"https:\/\/www.gaveanews.com\/index.php\/2025\/01\/09\/chegada-de-bruno-henrique-estadio-reserva-e-protesto-da-torcida-as-ultimas-noticias-do-atletico-mg\/","og_site_name":"G\u00e1vea News","article_publisher":"https:\/\/facebook.com\/gaveaNews\/","article_published_time":"2025-01-09T08:05:00+00:00","og_image":[{"width":900,"height":600,"url":"https:\/\/www.gaveanews.com\/wp-content\/uploads\/Estadio-do-Atletico-MG.webp","type":"image\/webp"}],"author":"Matheus Felipe","twitter_card":"summary_large_image","twitter_misc":{"Escrito por":"Matheus Felipe","Est. tempo de leitura":"5 minutos"},"schema":{"@context":"https:\/\/schema.org","@graph":[{"@type":"NewsArticle","@id":"https:\/\/www.gaveanews.com\/index.php\/2025\/01\/09\/chegada-de-bruno-henrique-estadio-reserva-e-protesto-da-torcida-as-ultimas-noticias-do-atletico-mg\/#article","isPartOf":{"@id":"https:\/\/www.gaveanews.com\/index.php\/2025\/01\/09\/chegada-de-bruno-henrique-estadio-reserva-e-protesto-da-torcida-as-ultimas-noticias-do-atletico-mg\/"},"author":{"name":"Matheus Felipe","@id":"https:\/\/www.gaveanews.com\/#\/schema\/person\/8207cd4627f56151707418bfc835b2fb"},"headline":"Chegada de Bruno Henrique, est\u00e1dio reserva e protesto da torcida: as \u00faltimas not\u00edcias do Atl\u00e9tico-MG","datePublished":"2025-01-09T08:05:00+00:00","mainEntityOfPage":{"@id":"https:\/\/www.gaveanews.com\/index.php\/2025\/01\/09\/chegada-de-bruno-henrique-estadio-reserva-e-protesto-da-torcida-as-ultimas-noticias-do-atletico-mg\/"},"wordCount":726,"commentCount":0,"image":{"@id":"https:\/\/www.gaveanews.com\/index.php\/2025\/01\/09\/chegada-de-bruno-henrique-estadio-reserva-e-protesto-da-torcida-as-ultimas-noticias-do-atletico-mg\/#primaryimage"},"thumbnailUrl":"https:\/\/www.gaveanews.com\/wp-content\/uploads\/Estadio-do-Atletico-MG.webp","articleSection":["Atl\u00e9tico-MG"],"inLanguage":"pt-BR","potentialAction":[{"@type":"CommentAction","name":"Comment","target":["https:\/\/www.gaveanews.com\/index.php\/2025\/01\/09\/chegada-de-bruno-henrique-estadio-reserva-e-protesto-da-torcida-as-ultimas-noticias-do-atletico-mg\/#respond"]}],"copyrightYear":"2025","copyrightHolder":{"@id":"https:\/\/www.gaveanews.com\/#organization"}},{"@type":"WebPage","@id":"https:\/\/www.gaveanews.com\/index.php\/2025\/01\/09\/chegada-de-bruno-henrique-estadio-reserva-e-protesto-da-torcida-as-ultimas-noticias-do-atletico-mg\/","url":"https:\/\/www.gaveanews.com\/index.php\/2025\/01\/09\/chegada-de-bruno-henrique-estadio-reserva-e-protesto-da-torcida-as-ultimas-noticias-do-atletico-mg\/","name":"Chegada de Bruno Henrique, est\u00e1dio reserva e protesto da torcida: as \u00faltimas not\u00edcias do Atl\u00e9tico-MG","isPartOf":{"@id":"https:\/\/www.gaveanews.com\/#website"},"primaryImageOfPage":{"@id":"https:\/\/www.gaveanews.com\/index.php\/2025\/01\/09\/chegada-de-bruno-henrique-estadio-reserva-e-protesto-da-torcida-as-ultimas-noticias-do-atletico-mg\/#primaryimage"},"image":{"@id":"https:\/\/www.gaveanews.com\/index.php\/2025\/01\/09\/chegada-de-bruno-henrique-estadio-reserva-e-protesto-da-torcida-as-ultimas-noticias-do-atletico-mg\/#primaryimage"},"thumbnailUrl":"https:\/\/www.gaveanews.com\/wp-content\/uploads\/Estadio-do-Atletico-MG.webp","datePublished":"2025-01-09T08:05:00+00:00","author":{"@id":"https:\/\/www.gaveanews.com\/#\/schema\/person\/8207cd4627f56151707418bfc835b2fb"},"breadcrumb":{"@id":"https:\/\/www.gaveanews.com\/index.php\/2025\/01\/09\/chegada-de-bruno-henrique-estadio-reserva-e-protesto-da-torcida-as-ultimas-noticias-do-atletico-mg\/#breadcrumb"},"inLanguage":"pt-BR","potentialAction":[{"@type":"ReadAction","target":["https:\/\/www.gaveanews.com\/index.php\/2025\/01\/09\/chegada-de-bruno-henrique-estadio-reserva-e-protesto-da-torcida-as-ultimas-noticias-do-atletico-mg\/"]}]},{"@type":"ImageObject","inLanguage":"pt-BR","@id":"https:\/\/www.gaveanews.com\/index.php\/2025\/01\/09\/chegada-de-bruno-henrique-estadio-reserva-e-protesto-da-torcida-as-ultimas-noticias-do-atletico-mg\/#primaryimage","url":"https:\/\/www.gaveanews.com\/wp-content\/uploads\/Estadio-do-Atletico-MG.webp","contentUrl":"https:\/\/www.gaveanews.com\/wp-content\/uploads\/Estadio-do-Atletico-MG.webp","width":900,"height":600,"caption":"Arena MRV, est\u00e1dio do Atl\u00e9tico-MG (Foto: Reprodu\u00e7\u00e3o\/Atl\u00e9tico)"},{"@type":"BreadcrumbList","@id":"https:\/\/www.gaveanews.com\/index.php\/2025\/01\/09\/chegada-de-bruno-henrique-estadio-reserva-e-protesto-da-torcida-as-ultimas-noticias-do-atletico-mg\/#breadcrumb","itemListElement":[{"@type":"ListItem","position":1,"name":"Home","item":"https:\/\/www.gaveanews.com\/"},{"@type":"ListItem","position":2,"name":"Chegada de Bruno Henrique, est\u00e1dio reserva e protesto da torcida: as \u00faltimas not\u00edcias do Atl\u00e9tico-MG"}]},{"@type":"WebSite","@id":"https:\/\/www.gaveanews.com\/#website","url":"https:\/\/www.gaveanews.com\/","name":"G\u00e1vea News","description":"Veja todas as not\u00edcias sobre o Flamengo: Contrata\u00e7\u00f5es, categorias de base, resultados das partidas, tabela de classifica\u00e7\u00e3o, pr\u00f3ximos jogos!","potentialAction":[{"@type":"SearchAction","target":{"@type":"EntryPoint","urlTemplate":"https:\/\/www.gaveanews.com\/?s={search_term_string}"},"query-input":{"@type":"PropertyValueSpecification","valueRequired":true,"valueName":"search_term_string"}}],"inLanguage":"pt-BR"},{"@type":"Person","@id":"https:\/\/www.gaveanews.com\/#\/schema\/person\/8207cd4627f56151707418bfc835b2fb","name":"Matheus Felipe","image":{"@type":"ImageObject","inLanguage":"pt-BR","@id":"https:\/\/www.gaveanews.com\/#\/schema\/person\/image\/","url":"https:\/\/secure.gravatar.com\/avatar\/a452ffbed9130f726358b298bb3a99ce4bd3c5338411f8440e87e14d74c7c087?s=96&d=mm&r=g","contentUrl":"https:\/\/secure.gravatar.com\/avatar\/a452ffbed9130f726358b298bb3a99ce4bd3c5338411f8440e87e14d74c7c087?s=96&d=mm&r=g","caption":"Matheus Felipe"}}]}},"_links":{"self":[{"href":"https:\/\/www.gaveanews.com\/index.php\/wp-json\/wp\/v2\/posts\/209816","targetHints":{"allow":["GET"]}}],"collection":[{"href":"https:\/\/www.gaveanews.com\/index.php\/wp-json\/wp\/v2\/posts"}],"about":[{"href":"https:\/\/www.gaveanews.com\/index.php\/wp-json\/wp\/v2\/types\/post"}],"author":[{"embeddable":true,"href":"https:\/\/www.gaveanews.com\/index.php\/wp-json\/wp\/v2\/users\/27"}],"replies":[{"embeddable":true,"href":"https:\/\/www.gaveanews.com\/index.php\/wp-json\/wp\/v2\/comments?post=209816"}],"version-history":[{"count":1,"href":"https:\/\/www.gaveanews.com\/index.php\/wp-json\/wp\/v2\/posts\/209816\/revisions"}],"predecessor-version":[{"id":209818,"href":"https:\/\/www.gaveanews.com\/index.php\/wp-json\/wp\/v2\/posts\/209816\/revisions\/209818"}],"wp:featuredmedia":[{"embeddable":true,"href":"https:\/\/www.gaveanews.com\/index.php\/wp-json\/wp\/v2\/media\/153999"}],"wp:attachment":[{"href":"https:\/\/www.gaveanews.com\/index.php\/wp-json\/wp\/v2\/media?parent=209816"}],"wp:term":[{"taxonomy":"category","embeddable":true,"href":"https:\/\/www.gaveanews.com\/index.php\/wp-json\/wp\/v2\/categories?post=209816"},{"taxonomy":"post_tag","embeddable":true,"href":"https:\/\/www.gaveanews.com\/index.php\/wp-json\/wp\/v2\/tags?post=209816"}],"curies":[{"name":"wp","href":"https:\/\/api.w.org\/{rel}","templated":true}]}}