{"id":209825,"date":"2025-01-09T01:15:00","date_gmt":"2025-01-09T04:15:00","guid":{"rendered":"https:\/\/www.gaveanews.com\/?p=209825"},"modified":"2025-01-08T23:58:27","modified_gmt":"2025-01-09T02:58:27","slug":"o-que-a-diretoria-do-corinthians-pretende-fazer-com-garro","status":"publish","type":"post","link":"https:\/\/www.gaveanews.com\/index.php\/2025\/01\/09\/o-que-a-diretoria-do-corinthians-pretende-fazer-com-garro\/","title":{"rendered":"O que a diretoria do Corinthians pretende fazer com Garro?"},"content":{"rendered":"\n<h2 class=\"wp-block-heading\" id=\"h-rodrigo-garro-se-reapresenta-ao-corinthians-apos-acidente-fatal-e-e-indiciado-por-homicidio-culposo\">Rodrigo Garro se reapresenta ao Corinthians ap\u00f3s acidente fatal e \u00e9 indiciado por homic\u00eddio culposo<\/h2>\n\n\n\n<p>O meia-atacante argentino Rodrigo Garro, do Corinthians, iniciou o ano de 2025 em meio a uma situa\u00e7\u00e3o delicada. Durante suas f\u00e9rias na prov\u00edncia de La Pampa, na Argentina, o jogador se envolveu em um acidente automobil\u00edstico que resultou na morte de Nicol\u00e1s Chiaraviglio, motociclista de 30 anos. Ap\u00f3s ser indiciado por homic\u00eddio culposo (sem inten\u00e7\u00e3o de matar), Garro foi liberado pela Justi\u00e7a argentina para retornar ao Brasil e se reapresentou ao clube na \u00faltima ter\u00e7a-feira (7).<\/p>\n\n\n\n<ul class=\"wp-block-list\">\n<li><a href=\"https:\/\/www.gaveanews.com\/index.php\/2025\/01\/07\/corinthians-anuncia-atacante\/\">Corinthians anuncia atacante<\/a><\/li>\n\n\n\n<li><a href=\"https:\/\/www.gaveanews.com\/index.php\/2025\/01\/07\/corinthians-vai-contratar-substituto-para-breno-bidon\/\">Corinthians vai contratar substituto para Breno Bidon<\/a><\/li>\n\n\n\n<li><\/li>\n<\/ul>\n\n\n\n<p>Garro, de 26 anos, est\u00e1 visivelmente abalado com o caso e evitou falar com a imprensa ao desembarcar no Aeroporto de Guarulhos. No Centro de Treinamento Doutor Joaquim Grava, manteve um comportamento introspectivo. A diretoria do Corinthians e a psic\u00f3loga do clube, Anahy Couto, est\u00e3o oferecendo suporte ao jogador, tanto no \u00e2mbito profissional quanto pessoal. Torcedores que estavam presentes no CT pediram \u00e0 profissional que desse aten\u00e7\u00e3o especial ao meia.<\/p>\n\n\n\n<p>O acidente aconteceu na madrugada do \u00faltimo s\u00e1bado (4), enquanto Garro dirigia sua Dodge Ram. Segundo a promotoria argentina, o jogador realizou uma convers\u00e3o irregular em um cruzamento, o que teria transformado seu ve\u00edculo em um obst\u00e1culo que resultou na colis\u00e3o fatal do motociclista. Apesar de ter testado positivo no baf\u00f4metro, com 0,5 gramas de \u00e1lcool por litro de sangue, o jogador n\u00e3o foi indiciado com agravante, j\u00e1 que em La Pampa n\u00e3o h\u00e1 toler\u00e2ncia para \u00e1lcool ao volante.<\/p>\n\n\n\n<p>A defesa de Garro alega que ele seguia pela via principal e que Chiaraviglio, vindo de uma via secund\u00e1ria, n\u00e3o respeitou a sinaliza\u00e7\u00e3o. Ainda segundo a promotoria, o motociclista estava sem capacete, com far\u00f3is irregulares em sua moto e carregava coca\u00edna no momento do acidente.<\/p>\n\n\n\n<p>Enquanto aguarda o julgamento, Garro seguir\u00e1 treinando no Corinthians, mas seu aproveitamento no in\u00edcio da temporada \u00e9 incerto. A diretoria alvinegra monitora a situa\u00e7\u00e3o de perto e pretende dar o tempo necess\u00e1rio para que o jogador se recupere emocionalmente.<\/p>\n\n\n\n<p>Se condenado, Garro pode enfrentar uma pena de tr\u00eas a seis anos de pris\u00e3o. O caso segue em investiga\u00e7\u00e3o, com an\u00e1lises de c\u00e2meras de seguran\u00e7a, per\u00edcias nos ve\u00edculos e exames toxicol\u00f3gicos na v\u00edtima.<\/p>\n","protected":false},"excerpt":{"rendered":"<p>Rodrigo Garro se reapresenta ao Corinthians ap\u00f3s acidente fatal e \u00e9 indiciado por homic\u00eddio culposo O meia-atacante argentino Rodrigo Garro, do Corinthians, iniciou o ano de 2025 em meio a uma situa\u00e7\u00e3o delicada. Durante suas f\u00e9rias na prov\u00edncia de La Pampa, na Argentina, o jogador se envolveu em um acidente automobil\u00edstico que resultou na morte [&hellip;]<\/p>\n","protected":false},"author":17,"featured_media":161268,"comment_status":"open","ping_status":"closed","sticky":false,"template":"","format":"standard","meta":{"footnotes":""},"categories":[141],"tags":[],"class_list":["post-209825","post","type-post","status-publish","format-standard","has-post-thumbnail","hentry","category-corinthians"],"yoast_head":"<!-- This site is optimized with the Yoast SEO Premium plugin v24.2 (Yoast SEO v26.9) - https:\/\/yoast.com\/product\/yoast-seo-premium-wordpress\/ -->\n<title>O que a diretoria do Corinthians pretende fazer com Garro?<\/title>\n<meta name=\"robots\" content=\"index, follow, max-snippet:-1, max-image-preview:large, max-video-preview:-1\" \/>\n<link rel=\"canonical\" href=\"https:\/\/www.gaveanews.com\/index.php\/2025\/01\/09\/o-que-a-diretoria-do-corinthians-pretende-fazer-com-garro\/\" \/>\n<meta property=\"og:locale\" content=\"pt_BR\" \/>\n<meta property=\"og:type\" content=\"article\" \/>\n<meta property=\"og:title\" content=\"O que a diretoria do Corinthians pretende fazer com Garro?\" \/>\n<meta property=\"og:description\" content=\"Rodrigo Garro se reapresenta ao Corinthians ap\u00f3s acidente fatal e \u00e9 indiciado por homic\u00eddio culposo O meia-atacante argentino Rodrigo Garro, do Corinthians, iniciou o ano de 2025 em meio a uma situa\u00e7\u00e3o delicada. Durante suas f\u00e9rias na prov\u00edncia de La Pampa, na Argentina, o jogador se envolveu em um acidente automobil\u00edstico que resultou na morte [&hellip;]\" \/>\n<meta property=\"og:url\" content=\"https:\/\/www.gaveanews.com\/index.php\/2025\/01\/09\/o-que-a-diretoria-do-corinthians-pretende-fazer-com-garro\/\" \/>\n<meta property=\"og:site_name\" content=\"G\u00e1vea News\" \/>\n<meta property=\"article:publisher\" content=\"https:\/\/facebook.com\/gaveaNews\/\" \/>\n<meta property=\"article:published_time\" content=\"2025-01-09T04:15:00+00:00\" \/>\n<meta property=\"og:image\" content=\"https:\/\/www.gaveanews.com\/wp-content\/uploads\/Rodrigo-Garro-com-a-camisa-do-Corinthians-em-2024.webp\" \/>\n\t<meta property=\"og:image:width\" content=\"1440\" \/>\n\t<meta property=\"og:image:height\" content=\"1085\" \/>\n\t<meta property=\"og:image:type\" content=\"image\/jpeg\" \/>\n<meta name=\"author\" content=\"Geovanna Thomaz\" \/>\n<meta name=\"twitter:card\" content=\"summary_large_image\" \/>\n<meta name=\"twitter:label1\" content=\"Escrito por\" \/>\n\t<meta name=\"twitter:data1\" content=\"Geovanna Thomaz\" \/>\n\t<meta name=\"twitter:label2\" content=\"Est. tempo de leitura\" \/>\n\t<meta name=\"twitter:data2\" content=\"3 minutos\" \/>\n<script type=\"application\/ld+json\" class=\"yoast-schema-graph\">{\"@context\":\"https:\/\/schema.org\",\"@graph\":[{\"@type\":\"NewsArticle\",\"@id\":\"https:\/\/www.gaveanews.com\/index.php\/2025\/01\/09\/o-que-a-diretoria-do-corinthians-pretende-fazer-com-garro\/#article\",\"isPartOf\":{\"@id\":\"https:\/\/www.gaveanews.com\/index.php\/2025\/01\/09\/o-que-a-diretoria-do-corinthians-pretende-fazer-com-garro\/\"},\"author\":{\"name\":\"Geovanna Thomaz\",\"@id\":\"https:\/\/www.gaveanews.com\/#\/schema\/person\/f42654babcd2b2014a1a65af82b081f1\"},\"headline\":\"O que a diretoria do Corinthians pretende fazer com Garro?\",\"datePublished\":\"2025-01-09T04:15:00+00:00\",\"mainEntityOfPage\":{\"@id\":\"https:\/\/www.gaveanews.com\/index.php\/2025\/01\/09\/o-que-a-diretoria-do-corinthians-pretende-fazer-com-garro\/\"},\"wordCount\":410,\"commentCount\":0,\"image\":{\"@id\":\"https:\/\/www.gaveanews.com\/index.php\/2025\/01\/09\/o-que-a-diretoria-do-corinthians-pretende-fazer-com-garro\/#primaryimage\"},\"thumbnailUrl\":\"https:\/\/www.gaveanews.com\/wp-content\/uploads\/Rodrigo-Garro-com-a-camisa-do-Corinthians-em-2024.webp\",\"articleSection\":[\"Corinthians\"],\"inLanguage\":\"pt-BR\",\"potentialAction\":[{\"@type\":\"CommentAction\",\"name\":\"Comment\",\"target\":[\"https:\/\/www.gaveanews.com\/index.php\/2025\/01\/09\/o-que-a-diretoria-do-corinthians-pretende-fazer-com-garro\/#respond\"]}],\"copyrightYear\":\"2025\",\"copyrightHolder\":{\"@id\":\"https:\/\/www.gaveanews.com\/#organization\"}},{\"@type\":\"WebPage\",\"@id\":\"https:\/\/www.gaveanews.com\/index.php\/2025\/01\/09\/o-que-a-diretoria-do-corinthians-pretende-fazer-com-garro\/\",\"url\":\"https:\/\/www.gaveanews.com\/index.php\/2025\/01\/09\/o-que-a-diretoria-do-corinthians-pretende-fazer-com-garro\/\",\"name\":\"O que a diretoria do Corinthians pretende fazer com Garro?\",\"isPartOf\":{\"@id\":\"https:\/\/www.gaveanews.com\/#website\"},\"primaryImageOfPage\":{\"@id\":\"https:\/\/www.gaveanews.com\/index.php\/2025\/01\/09\/o-que-a-diretoria-do-corinthians-pretende-fazer-com-garro\/#primaryimage\"},\"image\":{\"@id\":\"https:\/\/www.gaveanews.com\/index.php\/2025\/01\/09\/o-que-a-diretoria-do-corinthians-pretende-fazer-com-garro\/#primaryimage\"},\"thumbnailUrl\":\"https:\/\/www.gaveanews.com\/wp-content\/uploads\/Rodrigo-Garro-com-a-camisa-do-Corinthians-em-2024.webp\",\"datePublished\":\"2025-01-09T04:15:00+00:00\",\"author\":{\"@id\":\"https:\/\/www.gaveanews.com\/#\/schema\/person\/f42654babcd2b2014a1a65af82b081f1\"},\"breadcrumb\":{\"@id\":\"https:\/\/www.gaveanews.com\/index.php\/2025\/01\/09\/o-que-a-diretoria-do-corinthians-pretende-fazer-com-garro\/#breadcrumb\"},\"inLanguage\":\"pt-BR\",\"potentialAction\":[{\"@type\":\"ReadAction\",\"target\":[\"https:\/\/www.gaveanews.com\/index.php\/2025\/01\/09\/o-que-a-diretoria-do-corinthians-pretende-fazer-com-garro\/\"]}]},{\"@type\":\"ImageObject\",\"inLanguage\":\"pt-BR\",\"@id\":\"https:\/\/www.gaveanews.com\/index.php\/2025\/01\/09\/o-que-a-diretoria-do-corinthians-pretende-fazer-com-garro\/#primaryimage\",\"url\":\"https:\/\/www.gaveanews.com\/wp-content\/uploads\/Rodrigo-Garro-com-a-camisa-do-Corinthians-em-2024.webp\",\"contentUrl\":\"https:\/\/www.gaveanews.com\/wp-content\/uploads\/Rodrigo-Garro-com-a-camisa-do-Corinthians-em-2024.webp\",\"width\":1440,\"height\":1085,\"caption\":\"Rodrigo Garro com a camisa do Corinthians em 2024 (Foto: Reprodu\u00e7\u00e3o\/Instagram)\"},{\"@type\":\"BreadcrumbList\",\"@id\":\"https:\/\/www.gaveanews.com\/index.php\/2025\/01\/09\/o-que-a-diretoria-do-corinthians-pretende-fazer-com-garro\/#breadcrumb\",\"itemListElement\":[{\"@type\":\"ListItem\",\"position\":1,\"name\":\"Home\",\"item\":\"https:\/\/www.gaveanews.com\/\"},{\"@type\":\"ListItem\",\"position\":2,\"name\":\"O que a diretoria do Corinthians pretende fazer com Garro?\"}]},{\"@type\":\"WebSite\",\"@id\":\"https:\/\/www.gaveanews.com\/#website\",\"url\":\"https:\/\/www.gaveanews.com\/\",\"name\":\"G\u00e1vea News\",\"description\":\"Veja todas as not\u00edcias sobre o Flamengo: Contrata\u00e7\u00f5es, categorias de base, resultados das partidas, tabela de classifica\u00e7\u00e3o, pr\u00f3ximos jogos!\",\"potentialAction\":[{\"@type\":\"SearchAction\",\"target\":{\"@type\":\"EntryPoint\",\"urlTemplate\":\"https:\/\/www.gaveanews.com\/?s={search_term_string}\"},\"query-input\":{\"@type\":\"PropertyValueSpecification\",\"valueRequired\":true,\"valueName\":\"search_term_string\"}}],\"inLanguage\":\"pt-BR\"},{\"@type\":\"Person\",\"@id\":\"https:\/\/www.gaveanews.com\/#\/schema\/person\/f42654babcd2b2014a1a65af82b081f1\",\"name\":\"Geovanna Thomaz\",\"image\":{\"@type\":\"ImageObject\",\"inLanguage\":\"pt-BR\",\"@id\":\"https:\/\/www.gaveanews.com\/#\/schema\/person\/image\/\",\"url\":\"https:\/\/secure.gravatar.com\/avatar\/4092073255489533afb558984b49b64268c47198af8623cc82a925ae9fb7118a?s=96&d=mm&r=g\",\"contentUrl\":\"https:\/\/secure.gravatar.com\/avatar\/4092073255489533afb558984b49b64268c47198af8623cc82a925ae9fb7118a?s=96&d=mm&r=g\",\"caption\":\"Geovanna Thomaz\"}}]}<\/script>\n<!-- \/ Yoast SEO Premium plugin. -->","yoast_head_json":{"title":"O que a diretoria do Corinthians pretende fazer com Garro?","robots":{"index":"index","follow":"follow","max-snippet":"max-snippet:-1","max-image-preview":"max-image-preview:large","max-video-preview":"max-video-preview:-1"},"canonical":"https:\/\/www.gaveanews.com\/index.php\/2025\/01\/09\/o-que-a-diretoria-do-corinthians-pretende-fazer-com-garro\/","og_locale":"pt_BR","og_type":"article","og_title":"O que a diretoria do Corinthians pretende fazer com Garro?","og_description":"Rodrigo Garro se reapresenta ao Corinthians ap\u00f3s acidente fatal e \u00e9 indiciado por homic\u00eddio culposo O meia-atacante argentino Rodrigo Garro, do Corinthians, iniciou o ano de 2025 em meio a uma situa\u00e7\u00e3o delicada. Durante suas f\u00e9rias na prov\u00edncia de La Pampa, na Argentina, o jogador se envolveu em um acidente automobil\u00edstico que resultou na morte [&hellip;]","og_url":"https:\/\/www.gaveanews.com\/index.php\/2025\/01\/09\/o-que-a-diretoria-do-corinthians-pretende-fazer-com-garro\/","og_site_name":"G\u00e1vea News","article_publisher":"https:\/\/facebook.com\/gaveaNews\/","article_published_time":"2025-01-09T04:15:00+00:00","og_image":[{"width":1440,"height":1085,"url":"https:\/\/www.gaveanews.com\/wp-content\/uploads\/Rodrigo-Garro-com-a-camisa-do-Corinthians-em-2024.webp","type":"image\/jpeg"}],"author":"Geovanna Thomaz","twitter_card":"summary_large_image","twitter_misc":{"Escrito por":"Geovanna Thomaz","Est. tempo de leitura":"3 minutos"},"schema":{"@context":"https:\/\/schema.org","@graph":[{"@type":"NewsArticle","@id":"https:\/\/www.gaveanews.com\/index.php\/2025\/01\/09\/o-que-a-diretoria-do-corinthians-pretende-fazer-com-garro\/#article","isPartOf":{"@id":"https:\/\/www.gaveanews.com\/index.php\/2025\/01\/09\/o-que-a-diretoria-do-corinthians-pretende-fazer-com-garro\/"},"author":{"name":"Geovanna Thomaz","@id":"https:\/\/www.gaveanews.com\/#\/schema\/person\/f42654babcd2b2014a1a65af82b081f1"},"headline":"O que a diretoria do Corinthians pretende fazer com Garro?","datePublished":"2025-01-09T04:15:00+00:00","mainEntityOfPage":{"@id":"https:\/\/www.gaveanews.com\/index.php\/2025\/01\/09\/o-que-a-diretoria-do-corinthians-pretende-fazer-com-garro\/"},"wordCount":410,"commentCount":0,"image":{"@id":"https:\/\/www.gaveanews.com\/index.php\/2025\/01\/09\/o-que-a-diretoria-do-corinthians-pretende-fazer-com-garro\/#primaryimage"},"thumbnailUrl":"https:\/\/www.gaveanews.com\/wp-content\/uploads\/Rodrigo-Garro-com-a-camisa-do-Corinthians-em-2024.webp","articleSection":["Corinthians"],"inLanguage":"pt-BR","potentialAction":[{"@type":"CommentAction","name":"Comment","target":["https:\/\/www.gaveanews.com\/index.php\/2025\/01\/09\/o-que-a-diretoria-do-corinthians-pretende-fazer-com-garro\/#respond"]}],"copyrightYear":"2025","copyrightHolder":{"@id":"https:\/\/www.gaveanews.com\/#organization"}},{"@type":"WebPage","@id":"https:\/\/www.gaveanews.com\/index.php\/2025\/01\/09\/o-que-a-diretoria-do-corinthians-pretende-fazer-com-garro\/","url":"https:\/\/www.gaveanews.com\/index.php\/2025\/01\/09\/o-que-a-diretoria-do-corinthians-pretende-fazer-com-garro\/","name":"O que a diretoria do Corinthians pretende fazer com Garro?","isPartOf":{"@id":"https:\/\/www.gaveanews.com\/#website"},"primaryImageOfPage":{"@id":"https:\/\/www.gaveanews.com\/index.php\/2025\/01\/09\/o-que-a-diretoria-do-corinthians-pretende-fazer-com-garro\/#primaryimage"},"image":{"@id":"https:\/\/www.gaveanews.com\/index.php\/2025\/01\/09\/o-que-a-diretoria-do-corinthians-pretende-fazer-com-garro\/#primaryimage"},"thumbnailUrl":"https:\/\/www.gaveanews.com\/wp-content\/uploads\/Rodrigo-Garro-com-a-camisa-do-Corinthians-em-2024.webp","datePublished":"2025-01-09T04:15:00+00:00","author":{"@id":"https:\/\/www.gaveanews.com\/#\/schema\/person\/f42654babcd2b2014a1a65af82b081f1"},"breadcrumb":{"@id":"https:\/\/www.gaveanews.com\/index.php\/2025\/01\/09\/o-que-a-diretoria-do-corinthians-pretende-fazer-com-garro\/#breadcrumb"},"inLanguage":"pt-BR","potentialAction":[{"@type":"ReadAction","target":["https:\/\/www.gaveanews.com\/index.php\/2025\/01\/09\/o-que-a-diretoria-do-corinthians-pretende-fazer-com-garro\/"]}]},{"@type":"ImageObject","inLanguage":"pt-BR","@id":"https:\/\/www.gaveanews.com\/index.php\/2025\/01\/09\/o-que-a-diretoria-do-corinthians-pretende-fazer-com-garro\/#primaryimage","url":"https:\/\/www.gaveanews.com\/wp-content\/uploads\/Rodrigo-Garro-com-a-camisa-do-Corinthians-em-2024.webp","contentUrl":"https:\/\/www.gaveanews.com\/wp-content\/uploads\/Rodrigo-Garro-com-a-camisa-do-Corinthians-em-2024.webp","width":1440,"height":1085,"caption":"Rodrigo Garro com a camisa do Corinthians em 2024 (Foto: Reprodu\u00e7\u00e3o\/Instagram)"},{"@type":"BreadcrumbList","@id":"https:\/\/www.gaveanews.com\/index.php\/2025\/01\/09\/o-que-a-diretoria-do-corinthians-pretende-fazer-com-garro\/#breadcrumb","itemListElement":[{"@type":"ListItem","position":1,"name":"Home","item":"https:\/\/www.gaveanews.com\/"},{"@type":"ListItem","position":2,"name":"O que a diretoria do Corinthians pretende fazer com Garro?"}]},{"@type":"WebSite","@id":"https:\/\/www.gaveanews.com\/#website","url":"https:\/\/www.gaveanews.com\/","name":"G\u00e1vea News","description":"Veja todas as not\u00edcias sobre o Flamengo: Contrata\u00e7\u00f5es, categorias de base, resultados das partidas, tabela de classifica\u00e7\u00e3o, pr\u00f3ximos jogos!","potentialAction":[{"@type":"SearchAction","target":{"@type":"EntryPoint","urlTemplate":"https:\/\/www.gaveanews.com\/?s={search_term_string}"},"query-input":{"@type":"PropertyValueSpecification","valueRequired":true,"valueName":"search_term_string"}}],"inLanguage":"pt-BR"},{"@type":"Person","@id":"https:\/\/www.gaveanews.com\/#\/schema\/person\/f42654babcd2b2014a1a65af82b081f1","name":"Geovanna Thomaz","image":{"@type":"ImageObject","inLanguage":"pt-BR","@id":"https:\/\/www.gaveanews.com\/#\/schema\/person\/image\/","url":"https:\/\/secure.gravatar.com\/avatar\/4092073255489533afb558984b49b64268c47198af8623cc82a925ae9fb7118a?s=96&d=mm&r=g","contentUrl":"https:\/\/secure.gravatar.com\/avatar\/4092073255489533afb558984b49b64268c47198af8623cc82a925ae9fb7118a?s=96&d=mm&r=g","caption":"Geovanna Thomaz"}}]}},"_links":{"self":[{"href":"https:\/\/www.gaveanews.com\/index.php\/wp-json\/wp\/v2\/posts\/209825","targetHints":{"allow":["GET"]}}],"collection":[{"href":"https:\/\/www.gaveanews.com\/index.php\/wp-json\/wp\/v2\/posts"}],"about":[{"href":"https:\/\/www.gaveanews.com\/index.php\/wp-json\/wp\/v2\/types\/post"}],"author":[{"embeddable":true,"href":"https:\/\/www.gaveanews.com\/index.php\/wp-json\/wp\/v2\/users\/17"}],"replies":[{"embeddable":true,"href":"https:\/\/www.gaveanews.com\/index.php\/wp-json\/wp\/v2\/comments?post=209825"}],"version-history":[{"count":2,"href":"https:\/\/www.gaveanews.com\/index.php\/wp-json\/wp\/v2\/posts\/209825\/revisions"}],"predecessor-version":[{"id":210019,"href":"https:\/\/www.gaveanews.com\/index.php\/wp-json\/wp\/v2\/posts\/209825\/revisions\/210019"}],"wp:featuredmedia":[{"embeddable":true,"href":"https:\/\/www.gaveanews.com\/index.php\/wp-json\/wp\/v2\/media\/161268"}],"wp:attachment":[{"href":"https:\/\/www.gaveanews.com\/index.php\/wp-json\/wp\/v2\/media?parent=209825"}],"wp:term":[{"taxonomy":"category","embeddable":true,"href":"https:\/\/www.gaveanews.com\/index.php\/wp-json\/wp\/v2\/categories?post=209825"},{"taxonomy":"post_tag","embeddable":true,"href":"https:\/\/www.gaveanews.com\/index.php\/wp-json\/wp\/v2\/tags?post=209825"}],"curies":[{"name":"wp","href":"https:\/\/api.w.org\/{rel}","templated":true}]}}