{"id":209844,"date":"2025-01-09T00:00:00","date_gmt":"2025-01-09T03:00:00","guid":{"rendered":"https:\/\/www.gaveanews.com\/?p=209844"},"modified":"2025-01-08T22:32:03","modified_gmt":"2025-01-09T01:32:03","slug":"flamengo-jose-boto-manda-indireta-para-abel-ferreira-e-arthur-jorge","status":"publish","type":"post","link":"https:\/\/www.gaveanews.com\/index.php\/2025\/01\/09\/flamengo-jose-boto-manda-indireta-para-abel-ferreira-e-arthur-jorge\/","title":{"rendered":"Flamengo: Jos\u00e9 Boto manda indireta para Abel Ferreira e Arthur Jorge"},"content":{"rendered":"\n<h2 class=\"wp-block-heading\" id=\"h-jose-boto-destaca-confianca-em-filipe-luis-e-projeta-nova-era-no-flamengo\">Jos\u00e9 Boto destaca confian\u00e7a em Filipe Lu\u00eds e projeta nova era no Flamengo<\/h2>\n\n\n\n<p>O portugu\u00eas Jos\u00e9 Boto, novo diretor de futebol do Flamengo, concedeu coletiva nesta quarta-feira (8), abordando temas importantes para o clube no in\u00edcio da gest\u00e3o de Luiz Eduardo Baptista, o Bap. Entre os principais pontos discutidos, Boto destacou a perman\u00eancia do t\u00e9cnico Filipe Lu\u00eds, elogiou o trabalho do comandante e afirmou que a escolha foi aprovada por ele mesmo antes de sua chegada oficial.<\/p>\n\n\n\n<ul class=\"wp-block-list\">\n<li><a href=\"https:\/\/www.gaveanews.com\/index.php\/2025\/01\/08\/urgente-cuellar-assina-com-rival-do-flamengo\/\">Urgente! Cu\u00e9llar assina com rival do Flamengo<\/a><\/li>\n\n\n\n<li><a href=\"https:\/\/www.gaveanews.com\/index.php\/2025\/01\/08\/ex-atacante-do-flamengo-anuncia-aposentadoria-do-futebol\/\">Ex-atacante do Flamengo anuncia aposentadoria do futebol<\/a><\/li>\n<\/ul>\n\n\n\n<p>\u201cO contato entre n\u00f3s \u00e9 di\u00e1rio desde o dia 18 de dezembro, e agora, com ele aqui, \u00e9 mais f\u00e1cil e pessoal. Tudo o que disse no primeiro dia, eu mantenho: Filipe Lu\u00eds \u00e9 algu\u00e9m que vejo com um futuro radioso\u201d, declarou Boto.<\/p>\n\n\n\n<p>A coletiva tamb\u00e9m trouxe declara\u00e7\u00f5es inusitadas do diretor, que tra\u00e7ou uma meta curiosa: encerrar o dom\u00ednio de t\u00e9cnicos portugueses no futebol brasileiro. Desde a chegada de Jorge Jesus ao Flamengo, em 2019, treinadores lusos t\u00eam acumulado conquistas no Brasil, incluindo Abel Ferreira, multicampe\u00e3o pelo Palmeiras, e Artur Jorge, respons\u00e1vel pelos t\u00edtulos da Libertadores e do Brasileiro em 2024 pelo Botafogo.<\/p>\n\n\n\n<p>\u201cEu quero ser o diretor portugu\u00eas que vai acabar com a hegemonia dos treinadores portugueses no Brasil. Isso vai acontecer atrav\u00e9s do Filipe. Nada melhor do que ser o Filipe Lu\u00eds a acabar com esse cen\u00e1rio\u201d, afirmou Boto, demonstrando confian\u00e7a no ex-lateral-esquerdo como pe\u00e7a central para uma nova fase no Flamengo.<\/p>\n\n\n\n<h2 class=\"wp-block-heading\" id=\"h-politica-de-contratacoes-e-filosofia-de-trabalho\">Pol\u00edtica de contrata\u00e7\u00f5es e filosofia de trabalho<\/h2>\n\n\n\n<p>Boto tamb\u00e9m aproveitou a coletiva para reafirmar sua postura discreta em rela\u00e7\u00e3o \u00e0s negocia\u00e7\u00f5es de mercado, um dos temas mais aguardados pelos torcedores nesta janela de transfer\u00eancias.<\/p>\n\n\n\n<p>\u201cVenho de uma cultura onde o segredo \u00e9 a alma do neg\u00f3cio. A divulga\u00e7\u00e3o sobre esses assuntos prejudica o Flamengo. Estou aqui para proteger o clube. Portanto, n\u00e3o adianta me mandar mensagens\u201d, pontuou o diretor, refor\u00e7ando que todas as movimenta\u00e7\u00f5es ser\u00e3o tratadas de maneira sigilosa.<\/p>\n","protected":false},"excerpt":{"rendered":"<p>Jos\u00e9 Boto destaca confian\u00e7a em Filipe Lu\u00eds e projeta nova era no Flamengo O portugu\u00eas Jos\u00e9 Boto, novo diretor de futebol do Flamengo, concedeu coletiva nesta quarta-feira (8), abordando temas importantes para o clube no in\u00edcio da gest\u00e3o de Luiz Eduardo Baptista, o Bap. Entre os principais pontos discutidos, Boto destacou a perman\u00eancia do t\u00e9cnico [&hellip;]<\/p>\n","protected":false},"author":17,"featured_media":209662,"comment_status":"open","ping_status":"closed","sticky":false,"template":"","format":"standard","meta":{"footnotes":""},"categories":[1],"tags":[],"class_list":["post-209844","post","type-post","status-publish","format-standard","has-post-thumbnail","hentry","category-flamengo"],"yoast_head":"<!-- This site is optimized with the Yoast SEO Premium plugin v24.2 (Yoast SEO v26.9) - https:\/\/yoast.com\/product\/yoast-seo-premium-wordpress\/ -->\n<title>Flamengo: Jos\u00e9 Boto manda indireta para Abel Ferreira e Arthur Jorge<\/title>\n<meta name=\"robots\" content=\"index, follow, max-snippet:-1, max-image-preview:large, max-video-preview:-1\" \/>\n<link rel=\"canonical\" href=\"https:\/\/www.gaveanews.com\/index.php\/2025\/01\/09\/flamengo-jose-boto-manda-indireta-para-abel-ferreira-e-arthur-jorge\/\" \/>\n<meta property=\"og:locale\" content=\"pt_BR\" \/>\n<meta property=\"og:type\" content=\"article\" \/>\n<meta property=\"og:title\" content=\"Flamengo: Jos\u00e9 Boto manda indireta para Abel Ferreira e Arthur Jorge\" \/>\n<meta property=\"og:description\" content=\"Jos\u00e9 Boto destaca confian\u00e7a em Filipe Lu\u00eds e projeta nova era no Flamengo O portugu\u00eas Jos\u00e9 Boto, novo diretor de futebol do Flamengo, concedeu coletiva nesta quarta-feira (8), abordando temas importantes para o clube no in\u00edcio da gest\u00e3o de Luiz Eduardo Baptista, o Bap. Entre os principais pontos discutidos, Boto destacou a perman\u00eancia do t\u00e9cnico [&hellip;]\" \/>\n<meta property=\"og:url\" content=\"https:\/\/www.gaveanews.com\/index.php\/2025\/01\/09\/flamengo-jose-boto-manda-indireta-para-abel-ferreira-e-arthur-jorge\/\" \/>\n<meta property=\"og:site_name\" content=\"G\u00e1vea News\" \/>\n<meta property=\"article:publisher\" content=\"https:\/\/facebook.com\/gaveaNews\/\" \/>\n<meta property=\"article:published_time\" content=\"2025-01-09T03:00:00+00:00\" \/>\n<meta property=\"og:image\" content=\"https:\/\/www.gaveanews.com\/wp-content\/uploads\/GgyxYg8WwAEB4mn-scaled.webp\" \/>\n\t<meta property=\"og:image:width\" content=\"2560\" \/>\n\t<meta property=\"og:image:height\" content=\"1706\" \/>\n\t<meta property=\"og:image:type\" content=\"image\/jpeg\" \/>\n<meta name=\"author\" content=\"Geovanna Thomaz\" \/>\n<meta name=\"twitter:card\" content=\"summary_large_image\" \/>\n<meta name=\"twitter:label1\" content=\"Escrito por\" \/>\n\t<meta name=\"twitter:data1\" content=\"Geovanna Thomaz\" \/>\n\t<meta name=\"twitter:label2\" content=\"Est. tempo de leitura\" \/>\n\t<meta name=\"twitter:data2\" content=\"2 minutos\" \/>\n<script type=\"application\/ld+json\" class=\"yoast-schema-graph\">{\"@context\":\"https:\/\/schema.org\",\"@graph\":[{\"@type\":\"NewsArticle\",\"@id\":\"https:\/\/www.gaveanews.com\/index.php\/2025\/01\/09\/flamengo-jose-boto-manda-indireta-para-abel-ferreira-e-arthur-jorge\/#article\",\"isPartOf\":{\"@id\":\"https:\/\/www.gaveanews.com\/index.php\/2025\/01\/09\/flamengo-jose-boto-manda-indireta-para-abel-ferreira-e-arthur-jorge\/\"},\"author\":{\"name\":\"Geovanna Thomaz\",\"@id\":\"https:\/\/www.gaveanews.com\/#\/schema\/person\/f42654babcd2b2014a1a65af82b081f1\"},\"headline\":\"Flamengo: Jos\u00e9 Boto manda indireta para Abel Ferreira e Arthur Jorge\",\"datePublished\":\"2025-01-09T03:00:00+00:00\",\"mainEntityOfPage\":{\"@id\":\"https:\/\/www.gaveanews.com\/index.php\/2025\/01\/09\/flamengo-jose-boto-manda-indireta-para-abel-ferreira-e-arthur-jorge\/\"},\"wordCount\":368,\"commentCount\":0,\"image\":{\"@id\":\"https:\/\/www.gaveanews.com\/index.php\/2025\/01\/09\/flamengo-jose-boto-manda-indireta-para-abel-ferreira-e-arthur-jorge\/#primaryimage\"},\"thumbnailUrl\":\"https:\/\/www.gaveanews.com\/wp-content\/uploads\/GgyxYg8WwAEB4mn-scaled.webp\",\"articleSection\":[\"Flamengo\"],\"inLanguage\":\"pt-BR\",\"potentialAction\":[{\"@type\":\"CommentAction\",\"name\":\"Comment\",\"target\":[\"https:\/\/www.gaveanews.com\/index.php\/2025\/01\/09\/flamengo-jose-boto-manda-indireta-para-abel-ferreira-e-arthur-jorge\/#respond\"]}],\"copyrightYear\":\"2025\",\"copyrightHolder\":{\"@id\":\"https:\/\/www.gaveanews.com\/#organization\"}},{\"@type\":\"WebPage\",\"@id\":\"https:\/\/www.gaveanews.com\/index.php\/2025\/01\/09\/flamengo-jose-boto-manda-indireta-para-abel-ferreira-e-arthur-jorge\/\",\"url\":\"https:\/\/www.gaveanews.com\/index.php\/2025\/01\/09\/flamengo-jose-boto-manda-indireta-para-abel-ferreira-e-arthur-jorge\/\",\"name\":\"Flamengo: Jos\u00e9 Boto manda indireta para Abel Ferreira e Arthur Jorge\",\"isPartOf\":{\"@id\":\"https:\/\/www.gaveanews.com\/#website\"},\"primaryImageOfPage\":{\"@id\":\"https:\/\/www.gaveanews.com\/index.php\/2025\/01\/09\/flamengo-jose-boto-manda-indireta-para-abel-ferreira-e-arthur-jorge\/#primaryimage\"},\"image\":{\"@id\":\"https:\/\/www.gaveanews.com\/index.php\/2025\/01\/09\/flamengo-jose-boto-manda-indireta-para-abel-ferreira-e-arthur-jorge\/#primaryimage\"},\"thumbnailUrl\":\"https:\/\/www.gaveanews.com\/wp-content\/uploads\/GgyxYg8WwAEB4mn-scaled.webp\",\"datePublished\":\"2025-01-09T03:00:00+00:00\",\"author\":{\"@id\":\"https:\/\/www.gaveanews.com\/#\/schema\/person\/f42654babcd2b2014a1a65af82b081f1\"},\"breadcrumb\":{\"@id\":\"https:\/\/www.gaveanews.com\/index.php\/2025\/01\/09\/flamengo-jose-boto-manda-indireta-para-abel-ferreira-e-arthur-jorge\/#breadcrumb\"},\"inLanguage\":\"pt-BR\",\"potentialAction\":[{\"@type\":\"ReadAction\",\"target\":[\"https:\/\/www.gaveanews.com\/index.php\/2025\/01\/09\/flamengo-jose-boto-manda-indireta-para-abel-ferreira-e-arthur-jorge\/\"]}]},{\"@type\":\"ImageObject\",\"inLanguage\":\"pt-BR\",\"@id\":\"https:\/\/www.gaveanews.com\/index.php\/2025\/01\/09\/flamengo-jose-boto-manda-indireta-para-abel-ferreira-e-arthur-jorge\/#primaryimage\",\"url\":\"https:\/\/www.gaveanews.com\/wp-content\/uploads\/GgyxYg8WwAEB4mn-scaled.webp\",\"contentUrl\":\"https:\/\/www.gaveanews.com\/wp-content\/uploads\/GgyxYg8WwAEB4mn-scaled.webp\",\"width\":2560,\"height\":1706,\"caption\":\"Jos\u00e9 Boto em coletiva pelo Flamengo (Gilvan de Souza \/CRF)\"},{\"@type\":\"BreadcrumbList\",\"@id\":\"https:\/\/www.gaveanews.com\/index.php\/2025\/01\/09\/flamengo-jose-boto-manda-indireta-para-abel-ferreira-e-arthur-jorge\/#breadcrumb\",\"itemListElement\":[{\"@type\":\"ListItem\",\"position\":1,\"name\":\"Home\",\"item\":\"https:\/\/www.gaveanews.com\/\"},{\"@type\":\"ListItem\",\"position\":2,\"name\":\"Flamengo: Jos\u00e9 Boto manda indireta para Abel Ferreira e Arthur Jorge\"}]},{\"@type\":\"WebSite\",\"@id\":\"https:\/\/www.gaveanews.com\/#website\",\"url\":\"https:\/\/www.gaveanews.com\/\",\"name\":\"G\u00e1vea News\",\"description\":\"Veja todas as not\u00edcias sobre o Flamengo: Contrata\u00e7\u00f5es, categorias de base, resultados das partidas, tabela de classifica\u00e7\u00e3o, pr\u00f3ximos jogos!\",\"potentialAction\":[{\"@type\":\"SearchAction\",\"target\":{\"@type\":\"EntryPoint\",\"urlTemplate\":\"https:\/\/www.gaveanews.com\/?s={search_term_string}\"},\"query-input\":{\"@type\":\"PropertyValueSpecification\",\"valueRequired\":true,\"valueName\":\"search_term_string\"}}],\"inLanguage\":\"pt-BR\"},{\"@type\":\"Person\",\"@id\":\"https:\/\/www.gaveanews.com\/#\/schema\/person\/f42654babcd2b2014a1a65af82b081f1\",\"name\":\"Geovanna Thomaz\",\"image\":{\"@type\":\"ImageObject\",\"inLanguage\":\"pt-BR\",\"@id\":\"https:\/\/www.gaveanews.com\/#\/schema\/person\/image\/\",\"url\":\"https:\/\/secure.gravatar.com\/avatar\/4092073255489533afb558984b49b64268c47198af8623cc82a925ae9fb7118a?s=96&d=mm&r=g\",\"contentUrl\":\"https:\/\/secure.gravatar.com\/avatar\/4092073255489533afb558984b49b64268c47198af8623cc82a925ae9fb7118a?s=96&d=mm&r=g\",\"caption\":\"Geovanna Thomaz\"}}]}<\/script>\n<!-- \/ Yoast SEO Premium plugin. -->","yoast_head_json":{"title":"Flamengo: Jos\u00e9 Boto manda indireta para Abel Ferreira e Arthur Jorge","robots":{"index":"index","follow":"follow","max-snippet":"max-snippet:-1","max-image-preview":"max-image-preview:large","max-video-preview":"max-video-preview:-1"},"canonical":"https:\/\/www.gaveanews.com\/index.php\/2025\/01\/09\/flamengo-jose-boto-manda-indireta-para-abel-ferreira-e-arthur-jorge\/","og_locale":"pt_BR","og_type":"article","og_title":"Flamengo: Jos\u00e9 Boto manda indireta para Abel Ferreira e Arthur Jorge","og_description":"Jos\u00e9 Boto destaca confian\u00e7a em Filipe Lu\u00eds e projeta nova era no Flamengo O portugu\u00eas Jos\u00e9 Boto, novo diretor de futebol do Flamengo, concedeu coletiva nesta quarta-feira (8), abordando temas importantes para o clube no in\u00edcio da gest\u00e3o de Luiz Eduardo Baptista, o Bap. Entre os principais pontos discutidos, Boto destacou a perman\u00eancia do t\u00e9cnico [&hellip;]","og_url":"https:\/\/www.gaveanews.com\/index.php\/2025\/01\/09\/flamengo-jose-boto-manda-indireta-para-abel-ferreira-e-arthur-jorge\/","og_site_name":"G\u00e1vea News","article_publisher":"https:\/\/facebook.com\/gaveaNews\/","article_published_time":"2025-01-09T03:00:00+00:00","og_image":[{"width":2560,"height":1706,"url":"https:\/\/www.gaveanews.com\/wp-content\/uploads\/GgyxYg8WwAEB4mn-scaled.webp","type":"image\/jpeg"}],"author":"Geovanna Thomaz","twitter_card":"summary_large_image","twitter_misc":{"Escrito por":"Geovanna Thomaz","Est. tempo de leitura":"2 minutos"},"schema":{"@context":"https:\/\/schema.org","@graph":[{"@type":"NewsArticle","@id":"https:\/\/www.gaveanews.com\/index.php\/2025\/01\/09\/flamengo-jose-boto-manda-indireta-para-abel-ferreira-e-arthur-jorge\/#article","isPartOf":{"@id":"https:\/\/www.gaveanews.com\/index.php\/2025\/01\/09\/flamengo-jose-boto-manda-indireta-para-abel-ferreira-e-arthur-jorge\/"},"author":{"name":"Geovanna Thomaz","@id":"https:\/\/www.gaveanews.com\/#\/schema\/person\/f42654babcd2b2014a1a65af82b081f1"},"headline":"Flamengo: Jos\u00e9 Boto manda indireta para Abel Ferreira e Arthur Jorge","datePublished":"2025-01-09T03:00:00+00:00","mainEntityOfPage":{"@id":"https:\/\/www.gaveanews.com\/index.php\/2025\/01\/09\/flamengo-jose-boto-manda-indireta-para-abel-ferreira-e-arthur-jorge\/"},"wordCount":368,"commentCount":0,"image":{"@id":"https:\/\/www.gaveanews.com\/index.php\/2025\/01\/09\/flamengo-jose-boto-manda-indireta-para-abel-ferreira-e-arthur-jorge\/#primaryimage"},"thumbnailUrl":"https:\/\/www.gaveanews.com\/wp-content\/uploads\/GgyxYg8WwAEB4mn-scaled.webp","articleSection":["Flamengo"],"inLanguage":"pt-BR","potentialAction":[{"@type":"CommentAction","name":"Comment","target":["https:\/\/www.gaveanews.com\/index.php\/2025\/01\/09\/flamengo-jose-boto-manda-indireta-para-abel-ferreira-e-arthur-jorge\/#respond"]}],"copyrightYear":"2025","copyrightHolder":{"@id":"https:\/\/www.gaveanews.com\/#organization"}},{"@type":"WebPage","@id":"https:\/\/www.gaveanews.com\/index.php\/2025\/01\/09\/flamengo-jose-boto-manda-indireta-para-abel-ferreira-e-arthur-jorge\/","url":"https:\/\/www.gaveanews.com\/index.php\/2025\/01\/09\/flamengo-jose-boto-manda-indireta-para-abel-ferreira-e-arthur-jorge\/","name":"Flamengo: Jos\u00e9 Boto manda indireta para Abel Ferreira e Arthur Jorge","isPartOf":{"@id":"https:\/\/www.gaveanews.com\/#website"},"primaryImageOfPage":{"@id":"https:\/\/www.gaveanews.com\/index.php\/2025\/01\/09\/flamengo-jose-boto-manda-indireta-para-abel-ferreira-e-arthur-jorge\/#primaryimage"},"image":{"@id":"https:\/\/www.gaveanews.com\/index.php\/2025\/01\/09\/flamengo-jose-boto-manda-indireta-para-abel-ferreira-e-arthur-jorge\/#primaryimage"},"thumbnailUrl":"https:\/\/www.gaveanews.com\/wp-content\/uploads\/GgyxYg8WwAEB4mn-scaled.webp","datePublished":"2025-01-09T03:00:00+00:00","author":{"@id":"https:\/\/www.gaveanews.com\/#\/schema\/person\/f42654babcd2b2014a1a65af82b081f1"},"breadcrumb":{"@id":"https:\/\/www.gaveanews.com\/index.php\/2025\/01\/09\/flamengo-jose-boto-manda-indireta-para-abel-ferreira-e-arthur-jorge\/#breadcrumb"},"inLanguage":"pt-BR","potentialAction":[{"@type":"ReadAction","target":["https:\/\/www.gaveanews.com\/index.php\/2025\/01\/09\/flamengo-jose-boto-manda-indireta-para-abel-ferreira-e-arthur-jorge\/"]}]},{"@type":"ImageObject","inLanguage":"pt-BR","@id":"https:\/\/www.gaveanews.com\/index.php\/2025\/01\/09\/flamengo-jose-boto-manda-indireta-para-abel-ferreira-e-arthur-jorge\/#primaryimage","url":"https:\/\/www.gaveanews.com\/wp-content\/uploads\/GgyxYg8WwAEB4mn-scaled.webp","contentUrl":"https:\/\/www.gaveanews.com\/wp-content\/uploads\/GgyxYg8WwAEB4mn-scaled.webp","width":2560,"height":1706,"caption":"Jos\u00e9 Boto em coletiva pelo Flamengo (Gilvan de Souza \/CRF)"},{"@type":"BreadcrumbList","@id":"https:\/\/www.gaveanews.com\/index.php\/2025\/01\/09\/flamengo-jose-boto-manda-indireta-para-abel-ferreira-e-arthur-jorge\/#breadcrumb","itemListElement":[{"@type":"ListItem","position":1,"name":"Home","item":"https:\/\/www.gaveanews.com\/"},{"@type":"ListItem","position":2,"name":"Flamengo: Jos\u00e9 Boto manda indireta para Abel Ferreira e Arthur Jorge"}]},{"@type":"WebSite","@id":"https:\/\/www.gaveanews.com\/#website","url":"https:\/\/www.gaveanews.com\/","name":"G\u00e1vea News","description":"Veja todas as not\u00edcias sobre o Flamengo: Contrata\u00e7\u00f5es, categorias de base, resultados das partidas, tabela de classifica\u00e7\u00e3o, pr\u00f3ximos jogos!","potentialAction":[{"@type":"SearchAction","target":{"@type":"EntryPoint","urlTemplate":"https:\/\/www.gaveanews.com\/?s={search_term_string}"},"query-input":{"@type":"PropertyValueSpecification","valueRequired":true,"valueName":"search_term_string"}}],"inLanguage":"pt-BR"},{"@type":"Person","@id":"https:\/\/www.gaveanews.com\/#\/schema\/person\/f42654babcd2b2014a1a65af82b081f1","name":"Geovanna Thomaz","image":{"@type":"ImageObject","inLanguage":"pt-BR","@id":"https:\/\/www.gaveanews.com\/#\/schema\/person\/image\/","url":"https:\/\/secure.gravatar.com\/avatar\/4092073255489533afb558984b49b64268c47198af8623cc82a925ae9fb7118a?s=96&d=mm&r=g","contentUrl":"https:\/\/secure.gravatar.com\/avatar\/4092073255489533afb558984b49b64268c47198af8623cc82a925ae9fb7118a?s=96&d=mm&r=g","caption":"Geovanna Thomaz"}}]}},"_links":{"self":[{"href":"https:\/\/www.gaveanews.com\/index.php\/wp-json\/wp\/v2\/posts\/209844","targetHints":{"allow":["GET"]}}],"collection":[{"href":"https:\/\/www.gaveanews.com\/index.php\/wp-json\/wp\/v2\/posts"}],"about":[{"href":"https:\/\/www.gaveanews.com\/index.php\/wp-json\/wp\/v2\/types\/post"}],"author":[{"embeddable":true,"href":"https:\/\/www.gaveanews.com\/index.php\/wp-json\/wp\/v2\/users\/17"}],"replies":[{"embeddable":true,"href":"https:\/\/www.gaveanews.com\/index.php\/wp-json\/wp\/v2\/comments?post=209844"}],"version-history":[{"count":2,"href":"https:\/\/www.gaveanews.com\/index.php\/wp-json\/wp\/v2\/posts\/209844\/revisions"}],"predecessor-version":[{"id":209906,"href":"https:\/\/www.gaveanews.com\/index.php\/wp-json\/wp\/v2\/posts\/209844\/revisions\/209906"}],"wp:featuredmedia":[{"embeddable":true,"href":"https:\/\/www.gaveanews.com\/index.php\/wp-json\/wp\/v2\/media\/209662"}],"wp:attachment":[{"href":"https:\/\/www.gaveanews.com\/index.php\/wp-json\/wp\/v2\/media?parent=209844"}],"wp:term":[{"taxonomy":"category","embeddable":true,"href":"https:\/\/www.gaveanews.com\/index.php\/wp-json\/wp\/v2\/categories?post=209844"},{"taxonomy":"post_tag","embeddable":true,"href":"https:\/\/www.gaveanews.com\/index.php\/wp-json\/wp\/v2\/tags?post=209844"}],"curies":[{"name":"wp","href":"https:\/\/api.w.org\/{rel}","templated":true}]}}