{"id":209856,"date":"2025-01-09T07:05:00","date_gmt":"2025-01-09T10:05:00","guid":{"rendered":"https:\/\/www.gaveanews.com\/?p=209856"},"modified":"2025-01-08T22:03:11","modified_gmt":"2025-01-09T01:03:11","slug":"situacao-de-rony-declaracao-de-alan-kardec-e-recado-de-gabriel-menino-as-ultimas-noticias-do-atletico-mg","status":"publish","type":"post","link":"https:\/\/www.gaveanews.com\/index.php\/2025\/01\/09\/situacao-de-rony-declaracao-de-alan-kardec-e-recado-de-gabriel-menino-as-ultimas-noticias-do-atletico-mg\/","title":{"rendered":"Situa\u00e7\u00e3o de Rony, declara\u00e7\u00e3o de Alan Kardec e recado de Gabriel Menino: as \u00faltimas not\u00edcias do Atl\u00e9tico-MG"},"content":{"rendered":"\n<p>Nas \u00faltimas horas, o foco das not\u00edcias sobre o Atl\u00e9tico-Mg se concentram nos bastidores do clube, com destaques do dia a dia do time.<\/p>\n\n\n\n<p>Por conta deste contexto, leia abaixo um resumo preparado pela equipe do portal G\u00e1vea News para lhe manter muito bem informado!<\/p>\n\n\n\n<h2 class=\"wp-block-heading\" id=\"h-recado-de-gabriel-menino\">Recado de Gabriel Menino<\/h2>\n\n\n\n<p>Gabriel Menino inicia um novo cap\u00edtulo em sua carreira como jogador do Atl\u00e9tico-MG. Ap\u00f3s cinco anos como profissional no Palmeiras, clube que o revelou e onde conquistou importantes t\u00edtulos, o meia assinou contrato com o Galo at\u00e9 2028, com possibilidade de extens\u00e3o. Em entrevista \u00e0 GaloTV, ele compartilhou sua empolga\u00e7\u00e3o com a mudan\u00e7a, afirmando que o convite trouxe de volta o entusiasmo e a motiva\u00e7\u00e3o de quando come\u00e7ou no futebol profissional. O jogador est\u00e1 focado em contribuir para o sucesso do clube mineiro, encarando a temporada 2025 como um novo desafio em sua trajet\u00f3ria <strong><a href=\"https:\/\/www.gaveanews.com\/index.php\/2025\/01\/07\/gabriel-menino-e-sincero-ao-falar-sobre-o-atletico-mg\/\">(leia a mat\u00e9ria completa).<\/a><\/strong><\/p>\n\n\n\n<figure class=\"wp-block-image size-large\"><img loading=\"lazy\" decoding=\"async\" width=\"822\" height=\"1024\" src=\"https:\/\/www.gaveanews.com\/wp-content\/uploads\/Gabriel-Menino-em-acao-pelo-Palmeiras-no-Allianz-Parque-822x1024.webp\" alt=\"\" class=\"wp-image-139704\" srcset=\"https:\/\/www.gaveanews.com\/wp-content\/uploads\/Gabriel-Menino-em-acao-pelo-Palmeiras-no-Allianz-Parque-822x1024.webp 822w, https:\/\/www.gaveanews.com\/wp-content\/uploads\/Gabriel-Menino-em-acao-pelo-Palmeiras-no-Allianz-Parque-241x300.webp 241w, https:\/\/www.gaveanews.com\/wp-content\/uploads\/Gabriel-Menino-em-acao-pelo-Palmeiras-no-Allianz-Parque-768x957.webp 768w, https:\/\/www.gaveanews.com\/wp-content\/uploads\/Gabriel-Menino-em-acao-pelo-Palmeiras-no-Allianz-Parque-337x420.webp 337w, https:\/\/www.gaveanews.com\/wp-content\/uploads\/Gabriel-Menino-em-acao-pelo-Palmeiras-no-Allianz-Parque-674x840.webp 674w, https:\/\/www.gaveanews.com\/wp-content\/uploads\/Gabriel-Menino-em-acao-pelo-Palmeiras-no-Allianz-Parque-640x798.webp 640w, https:\/\/www.gaveanews.com\/wp-content\/uploads\/Gabriel-Menino-em-acao-pelo-Palmeiras-no-Allianz-Parque-681x849.webp 681w, https:\/\/www.gaveanews.com\/wp-content\/uploads\/Gabriel-Menino-em-acao-pelo-Palmeiras-no-Allianz-Parque-100x125.webp 100w, https:\/\/www.gaveanews.com\/wp-content\/uploads\/Gabriel-Menino-em-acao-pelo-Palmeiras-no-Allianz-Parque.webp 1080w\" sizes=\"auto, (max-width: 822px) 100vw, 822px\" \/><figcaption class=\"wp-element-caption\">Gabriel Menino em a\u00e7\u00e3o pelo Palmeiras no Allianz Parque (Foto: Reprodu\u00e7\u00e3o\/Instagram)<\/figcaption><\/figure>\n\n\n\n<p>A transfer\u00eancia de Gabriel Menino para o Atl\u00e9tico-MG envolveu a venda de Paulinho ao Palmeiras, o que acrescenta um simbolismo especial \u00e0 negocia\u00e7\u00e3o. <\/p>\n\n\n\n<p>Reconhecendo a necessidade de encarar novos desafios, Menino destacou sua experi\u00eancia acumulada e sua vontade de evoluir ainda mais no cen\u00e1rio do futebol brasileiro. Ele v\u00ea essa transi\u00e7\u00e3o como uma oportunidade para solidificar sua posi\u00e7\u00e3o como um dos grandes nomes da atualidade.<\/p>\n\n\n\n<p>A torcida atleticana e a diretoria depositam grandes expectativas no novo refor\u00e7o, que chega para fortalecer o meio-campo do time comandado por Cuca. Gabriel Menino mostrou-se disposto a usar seu talento e viv\u00eancia para ajudar o Galo a alcan\u00e7ar seus objetivos, tanto no cen\u00e1rio nacional quanto em competi\u00e7\u00f5es internacionais, assumindo o compromisso de superar as metas estabelecidas.<\/p>\n\n\n\n<h2 class=\"wp-block-heading\" id=\"h-declaracao-de-alan-kardec\">Declara\u00e7\u00e3o de Alan Kardec<\/h2>\n\n\n\n<p>Alan Kardec se despediu oficialmente do Atl\u00e9tico-MG ap\u00f3s mais de dois anos no clube, em uma entrevista \u00e0 Itatiaia, na qual refletiu sobre sua trajet\u00f3ria no Galo. O atacante destacou que, embora tenha enfrentado desafios e n\u00e3o tenha atingido as metas que almejava dentro de campo, considera sua passagem como positiva em outros aspectos. Kardec afirmou que deixa Belo Horizonte &#8220;de cabe\u00e7a erguida&#8221;, mas reconheceu que esperava alcan\u00e7ar um desempenho superior <strong><a href=\"https:\/\/www.gaveanews.com\/index.php\/2025\/01\/07\/a-declaracao-de-alan-kardec-apos-deixar-o-atletico-mg\/\">(leia a mat\u00e9ria completa).<\/a><\/strong><\/p>\n\n\n\n<figure class=\"wp-block-image size-large\"><img loading=\"lazy\" decoding=\"async\" width=\"1024\" height=\"682\" src=\"https:\/\/www.gaveanews.com\/wp-content\/uploads\/Alan-Kardec-com-a-camisa-do-Atletico-MG-em-2024-1024x682.webp\" alt=\"\" class=\"wp-image-165470\" srcset=\"https:\/\/www.gaveanews.com\/wp-content\/uploads\/Alan-Kardec-com-a-camisa-do-Atletico-MG-em-2024-1024x682.webp 1024w, https:\/\/www.gaveanews.com\/wp-content\/uploads\/Alan-Kardec-com-a-camisa-do-Atletico-MG-em-2024-300x200.webp 300w, https:\/\/www.gaveanews.com\/wp-content\/uploads\/Alan-Kardec-com-a-camisa-do-Atletico-MG-em-2024-768x512.webp 768w, https:\/\/www.gaveanews.com\/wp-content\/uploads\/Alan-Kardec-com-a-camisa-do-Atletico-MG-em-2024-630x420.webp 630w, https:\/\/www.gaveanews.com\/wp-content\/uploads\/Alan-Kardec-com-a-camisa-do-Atletico-MG-em-2024-1260x840.webp 1260w, https:\/\/www.gaveanews.com\/wp-content\/uploads\/Alan-Kardec-com-a-camisa-do-Atletico-MG-em-2024-640x427.webp 640w, https:\/\/www.gaveanews.com\/wp-content\/uploads\/Alan-Kardec-com-a-camisa-do-Atletico-MG-em-2024-1280x853.webp 1280w, https:\/\/www.gaveanews.com\/wp-content\/uploads\/Alan-Kardec-com-a-camisa-do-Atletico-MG-em-2024-681x454.webp 681w, https:\/\/www.gaveanews.com\/wp-content\/uploads\/Alan-Kardec-com-a-camisa-do-Atletico-MG-em-2024-1362x908.webp 1362w, https:\/\/www.gaveanews.com\/wp-content\/uploads\/Alan-Kardec-com-a-camisa-do-Atletico-MG-em-2024-100x67.webp 100w, https:\/\/www.gaveanews.com\/wp-content\/uploads\/Alan-Kardec-com-a-camisa-do-Atletico-MG-em-2024.webp 1400w\" sizes=\"auto, (max-width: 1024px) 100vw, 1024px\" \/><figcaption class=\"wp-element-caption\">Alan Kardec com a camisa do Atl\u00e9tico-MG em 2024 (Foto: Reprodu\u00e7\u00e3o\/Instagram)<\/figcaption><\/figure>\n\n\n\n<p>Durante sua estadia no Atl\u00e9tico-MG, o jogador enfrentou dificuldades, especialmente ap\u00f3s passar por uma cirurgia de h\u00e9rnia de disco. Apesar de seus esfor\u00e7os, ele disputou 53 partidas e marcou apenas quatro gols, n\u00fameros que ficaram aqu\u00e9m das expectativas tanto do clube quanto do atleta. Kardec comentou que, no \u00e2mbito pessoal e social, sua experi\u00eancia foi enriquecedora, mas que, no lado profissional, os resultados n\u00e3o corresponderam aos seus objetivos.<\/p>\n\n\n\n<p>Agora, Alan Kardec busca novos caminhos para a sua carreira. Apesar de ainda n\u00e3o ter definido seu destino, especula-se o interesse do Remo em contrat\u00e1-lo, e o jogador n\u00e3o descarta outras possibilidades no Brasil ou no exterior. Com uma trajet\u00f3ria s\u00f3lida em grandes clubes nacionais e internacionais, ele encara essa sa\u00edda do Atl\u00e9tico-MG como uma transi\u00e7\u00e3o para uma nova fase, repleta de oportunidades e desafios.<\/p>\n\n\n\n<h2 class=\"wp-block-heading\" id=\"h-situacao-de-rony\">Situa\u00e7\u00e3o de Rony<\/h2>\n\n\n\n<p>Rony, atacante do Palmeiras, est\u00e1 no centro de uma acirrada disputa entre Cruzeiro e Atl\u00e9tico-MG, dois rivais hist\u00f3ricos de Minas Gerais. O jogador enfrenta incertezas quanto ao seu futuro no time paulista, e as investidas dos clubes mineiros prometem aquecer ainda mais o mercado da bola. Enquanto o Cruzeiro j\u00e1 vinha monitorando o atleta, o Atl\u00e9tico-MG surgiu como concorrente inesperado, aproveitando a recente venda de Paulinho por \u20ac25 milh\u00f5es para ter maior capacidade financeira nas negocia\u00e7\u00f5es <strong><a href=\"https:\/\/www.gaveanews.com\/index.php\/2025\/01\/07\/palmeiras-rony-e-disputado-por-dois-clubes-rivais\/\">(leia a mat\u00e9ria completa).<\/a><\/strong><\/p>\n\n\n\n<figure class=\"wp-block-image size-full\"><img loading=\"lazy\" decoding=\"async\" width=\"729\" height=\"400\" src=\"https:\/\/www.gaveanews.com\/wp-content\/uploads\/rony-no-palmeiras-729x400-1.webp\" alt=\"\" class=\"wp-image-143006\" srcset=\"https:\/\/www.gaveanews.com\/wp-content\/uploads\/rony-no-palmeiras-729x400-1.webp 729w, https:\/\/www.gaveanews.com\/wp-content\/uploads\/rony-no-palmeiras-729x400-1-300x165.webp 300w, https:\/\/www.gaveanews.com\/wp-content\/uploads\/rony-no-palmeiras-729x400-1-640x350.webp 640w, https:\/\/www.gaveanews.com\/wp-content\/uploads\/rony-no-palmeiras-729x400-1-681x374.webp 681w, https:\/\/www.gaveanews.com\/wp-content\/uploads\/rony-no-palmeiras-729x400-1-100x55.webp 100w\" sizes=\"auto, (max-width: 729px) 100vw, 729px\" \/><\/figure>\n\n\n\n<p>Embora o Cruzeiro n\u00e3o tenha desistido da contrata\u00e7\u00e3o, o Atl\u00e9tico-MG j\u00e1 iniciou suas abordagens com for\u00e7a total. O Galo enxerga Rony como pe\u00e7a-chave para fortalecer seu ataque na pr\u00f3xima temporada, o que preocupa a diretoria cruzeirense, que tamb\u00e9m busca refor\u00e7os como Dudu e Gabigol. A rivalidade entre os dois clubes intensifica a disputa, e a press\u00e3o sobre o Cruzeiro aumenta \u00e0 medida que o Atl\u00e9tico demonstra disposi\u00e7\u00e3o para investir alto no jogador.<\/p>\n\n\n\n<p>A decis\u00e3o de Rony, que ainda permanece incerta, ser\u00e1 crucial para definir os rumos de ambos os times em 2025. Enquanto o Cruzeiro segue esperan\u00e7oso, o poder financeiro do Atl\u00e9tico pode ser um fator decisivo na escolha do atacante. O desfecho dessa negocia\u00e7\u00e3o \u00e9 aguardado com grande expectativa, n\u00e3o s\u00f3 em Belo Horizonte, mas tamb\u00e9m por torcedores e analistas que veem essa disputa como reflexo da competitividade do futebol brasileiro.<\/p>\n","protected":false},"excerpt":{"rendered":"<p>Nas \u00faltimas horas, o foco das not\u00edcias sobre o Atl\u00e9tico-Mg se concentram nos bastidores do clube, com destaques do dia a dia do time. Por conta deste contexto, leia abaixo um resumo preparado pela equipe do portal G\u00e1vea News para lhe manter muito bem informado! Recado de Gabriel Menino Gabriel Menino inicia um novo cap\u00edtulo [&hellip;]<\/p>\n","protected":false},"author":27,"featured_media":171939,"comment_status":"open","ping_status":"closed","sticky":false,"template":"","format":"standard","meta":{"footnotes":""},"categories":[136],"tags":[],"class_list":["post-209856","post","type-post","status-publish","format-standard","has-post-thumbnail","hentry","category-atletico-mg"],"yoast_head":"<!-- This site is optimized with the Yoast SEO Premium plugin v24.2 (Yoast SEO v26.9) - https:\/\/yoast.com\/product\/yoast-seo-premium-wordpress\/ -->\n<title>Situa\u00e7\u00e3o de Rony, declara\u00e7\u00e3o de Alan Kardec e recado de Gabriel Menino: as \u00faltimas not\u00edcias do Atl\u00e9tico-MG<\/title>\n<meta name=\"robots\" content=\"index, follow, max-snippet:-1, max-image-preview:large, max-video-preview:-1\" \/>\n<link rel=\"canonical\" href=\"https:\/\/www.gaveanews.com\/index.php\/2025\/01\/09\/situacao-de-rony-declaracao-de-alan-kardec-e-recado-de-gabriel-menino-as-ultimas-noticias-do-atletico-mg\/\" \/>\n<meta property=\"og:locale\" content=\"pt_BR\" \/>\n<meta property=\"og:type\" content=\"article\" \/>\n<meta property=\"og:title\" content=\"Situa\u00e7\u00e3o de Rony, declara\u00e7\u00e3o de Alan Kardec e recado de Gabriel Menino: as \u00faltimas not\u00edcias do Atl\u00e9tico-MG\" \/>\n<meta property=\"og:description\" content=\"Nas \u00faltimas horas, o foco das not\u00edcias sobre o Atl\u00e9tico-Mg se concentram nos bastidores do clube, com destaques do dia a dia do time. Por conta deste contexto, leia abaixo um resumo preparado pela equipe do portal G\u00e1vea News para lhe manter muito bem informado! Recado de Gabriel Menino Gabriel Menino inicia um novo cap\u00edtulo [&hellip;]\" \/>\n<meta property=\"og:url\" content=\"https:\/\/www.gaveanews.com\/index.php\/2025\/01\/09\/situacao-de-rony-declaracao-de-alan-kardec-e-recado-de-gabriel-menino-as-ultimas-noticias-do-atletico-mg\/\" \/>\n<meta property=\"og:site_name\" content=\"G\u00e1vea News\" \/>\n<meta property=\"article:publisher\" content=\"https:\/\/facebook.com\/gaveaNews\/\" \/>\n<meta property=\"article:published_time\" content=\"2025-01-09T10:05:00+00:00\" \/>\n<meta property=\"og:image\" content=\"https:\/\/www.gaveanews.com\/wp-content\/uploads\/Hulk-Paulinho-e-Arana-comemoram-gol-do-Atletico-MG.webp\" \/>\n\t<meta property=\"og:image:width\" content=\"774\" \/>\n\t<meta property=\"og:image:height\" content=\"516\" \/>\n\t<meta property=\"og:image:type\" content=\"image\/webp\" \/>\n<meta name=\"author\" content=\"Matheus Felipe\" \/>\n<meta name=\"twitter:card\" content=\"summary_large_image\" \/>\n<meta name=\"twitter:label1\" content=\"Escrito por\" \/>\n\t<meta name=\"twitter:data1\" content=\"Matheus Felipe\" \/>\n\t<meta name=\"twitter:label2\" content=\"Est. tempo de leitura\" \/>\n\t<meta name=\"twitter:data2\" content=\"5 minutos\" \/>\n<script type=\"application\/ld+json\" class=\"yoast-schema-graph\">{\"@context\":\"https:\/\/schema.org\",\"@graph\":[{\"@type\":\"NewsArticle\",\"@id\":\"https:\/\/www.gaveanews.com\/index.php\/2025\/01\/09\/situacao-de-rony-declaracao-de-alan-kardec-e-recado-de-gabriel-menino-as-ultimas-noticias-do-atletico-mg\/#article\",\"isPartOf\":{\"@id\":\"https:\/\/www.gaveanews.com\/index.php\/2025\/01\/09\/situacao-de-rony-declaracao-de-alan-kardec-e-recado-de-gabriel-menino-as-ultimas-noticias-do-atletico-mg\/\"},\"author\":{\"name\":\"Matheus Felipe\",\"@id\":\"https:\/\/www.gaveanews.com\/#\/schema\/person\/8207cd4627f56151707418bfc835b2fb\"},\"headline\":\"Situa\u00e7\u00e3o de Rony, declara\u00e7\u00e3o de Alan Kardec e recado de Gabriel Menino: as \u00faltimas not\u00edcias do Atl\u00e9tico-MG\",\"datePublished\":\"2025-01-09T10:05:00+00:00\",\"mainEntityOfPage\":{\"@id\":\"https:\/\/www.gaveanews.com\/index.php\/2025\/01\/09\/situacao-de-rony-declaracao-de-alan-kardec-e-recado-de-gabriel-menino-as-ultimas-noticias-do-atletico-mg\/\"},\"wordCount\":818,\"commentCount\":0,\"image\":{\"@id\":\"https:\/\/www.gaveanews.com\/index.php\/2025\/01\/09\/situacao-de-rony-declaracao-de-alan-kardec-e-recado-de-gabriel-menino-as-ultimas-noticias-do-atletico-mg\/#primaryimage\"},\"thumbnailUrl\":\"https:\/\/www.gaveanews.com\/wp-content\/uploads\/Hulk-Paulinho-e-Arana-comemoram-gol-do-Atletico-MG.webp\",\"articleSection\":[\"Atl\u00e9tico-MG\"],\"inLanguage\":\"pt-BR\",\"potentialAction\":[{\"@type\":\"CommentAction\",\"name\":\"Comment\",\"target\":[\"https:\/\/www.gaveanews.com\/index.php\/2025\/01\/09\/situacao-de-rony-declaracao-de-alan-kardec-e-recado-de-gabriel-menino-as-ultimas-noticias-do-atletico-mg\/#respond\"]}],\"copyrightYear\":\"2025\",\"copyrightHolder\":{\"@id\":\"https:\/\/www.gaveanews.com\/#organization\"}},{\"@type\":\"WebPage\",\"@id\":\"https:\/\/www.gaveanews.com\/index.php\/2025\/01\/09\/situacao-de-rony-declaracao-de-alan-kardec-e-recado-de-gabriel-menino-as-ultimas-noticias-do-atletico-mg\/\",\"url\":\"https:\/\/www.gaveanews.com\/index.php\/2025\/01\/09\/situacao-de-rony-declaracao-de-alan-kardec-e-recado-de-gabriel-menino-as-ultimas-noticias-do-atletico-mg\/\",\"name\":\"Situa\u00e7\u00e3o de Rony, declara\u00e7\u00e3o de Alan Kardec e recado de Gabriel Menino: as \u00faltimas not\u00edcias do Atl\u00e9tico-MG\",\"isPartOf\":{\"@id\":\"https:\/\/www.gaveanews.com\/#website\"},\"primaryImageOfPage\":{\"@id\":\"https:\/\/www.gaveanews.com\/index.php\/2025\/01\/09\/situacao-de-rony-declaracao-de-alan-kardec-e-recado-de-gabriel-menino-as-ultimas-noticias-do-atletico-mg\/#primaryimage\"},\"image\":{\"@id\":\"https:\/\/www.gaveanews.com\/index.php\/2025\/01\/09\/situacao-de-rony-declaracao-de-alan-kardec-e-recado-de-gabriel-menino-as-ultimas-noticias-do-atletico-mg\/#primaryimage\"},\"thumbnailUrl\":\"https:\/\/www.gaveanews.com\/wp-content\/uploads\/Hulk-Paulinho-e-Arana-comemoram-gol-do-Atletico-MG.webp\",\"datePublished\":\"2025-01-09T10:05:00+00:00\",\"author\":{\"@id\":\"https:\/\/www.gaveanews.com\/#\/schema\/person\/8207cd4627f56151707418bfc835b2fb\"},\"breadcrumb\":{\"@id\":\"https:\/\/www.gaveanews.com\/index.php\/2025\/01\/09\/situacao-de-rony-declaracao-de-alan-kardec-e-recado-de-gabriel-menino-as-ultimas-noticias-do-atletico-mg\/#breadcrumb\"},\"inLanguage\":\"pt-BR\",\"potentialAction\":[{\"@type\":\"ReadAction\",\"target\":[\"https:\/\/www.gaveanews.com\/index.php\/2025\/01\/09\/situacao-de-rony-declaracao-de-alan-kardec-e-recado-de-gabriel-menino-as-ultimas-noticias-do-atletico-mg\/\"]}]},{\"@type\":\"ImageObject\",\"inLanguage\":\"pt-BR\",\"@id\":\"https:\/\/www.gaveanews.com\/index.php\/2025\/01\/09\/situacao-de-rony-declaracao-de-alan-kardec-e-recado-de-gabriel-menino-as-ultimas-noticias-do-atletico-mg\/#primaryimage\",\"url\":\"https:\/\/www.gaveanews.com\/wp-content\/uploads\/Hulk-Paulinho-e-Arana-comemoram-gol-do-Atletico-MG.webp\",\"contentUrl\":\"https:\/\/www.gaveanews.com\/wp-content\/uploads\/Hulk-Paulinho-e-Arana-comemoram-gol-do-Atletico-MG.webp\",\"width\":774,\"height\":516,\"caption\":\"Hulk, Paulinho e Arana comemoram gol do Atl\u00e9tico-MG (Foto: Pedro Souza\/Atl\u00e9tico-MG)\"},{\"@type\":\"BreadcrumbList\",\"@id\":\"https:\/\/www.gaveanews.com\/index.php\/2025\/01\/09\/situacao-de-rony-declaracao-de-alan-kardec-e-recado-de-gabriel-menino-as-ultimas-noticias-do-atletico-mg\/#breadcrumb\",\"itemListElement\":[{\"@type\":\"ListItem\",\"position\":1,\"name\":\"Home\",\"item\":\"https:\/\/www.gaveanews.com\/\"},{\"@type\":\"ListItem\",\"position\":2,\"name\":\"Situa\u00e7\u00e3o de Rony, declara\u00e7\u00e3o de Alan Kardec e recado de Gabriel Menino: as \u00faltimas not\u00edcias do Atl\u00e9tico-MG\"}]},{\"@type\":\"WebSite\",\"@id\":\"https:\/\/www.gaveanews.com\/#website\",\"url\":\"https:\/\/www.gaveanews.com\/\",\"name\":\"G\u00e1vea News\",\"description\":\"Veja todas as not\u00edcias sobre o Flamengo: Contrata\u00e7\u00f5es, categorias de base, resultados das partidas, tabela de classifica\u00e7\u00e3o, pr\u00f3ximos jogos!\",\"potentialAction\":[{\"@type\":\"SearchAction\",\"target\":{\"@type\":\"EntryPoint\",\"urlTemplate\":\"https:\/\/www.gaveanews.com\/?s={search_term_string}\"},\"query-input\":{\"@type\":\"PropertyValueSpecification\",\"valueRequired\":true,\"valueName\":\"search_term_string\"}}],\"inLanguage\":\"pt-BR\"},{\"@type\":\"Person\",\"@id\":\"https:\/\/www.gaveanews.com\/#\/schema\/person\/8207cd4627f56151707418bfc835b2fb\",\"name\":\"Matheus Felipe\",\"image\":{\"@type\":\"ImageObject\",\"inLanguage\":\"pt-BR\",\"@id\":\"https:\/\/www.gaveanews.com\/#\/schema\/person\/image\/\",\"url\":\"https:\/\/secure.gravatar.com\/avatar\/a452ffbed9130f726358b298bb3a99ce4bd3c5338411f8440e87e14d74c7c087?s=96&d=mm&r=g\",\"contentUrl\":\"https:\/\/secure.gravatar.com\/avatar\/a452ffbed9130f726358b298bb3a99ce4bd3c5338411f8440e87e14d74c7c087?s=96&d=mm&r=g\",\"caption\":\"Matheus Felipe\"}}]}<\/script>\n<!-- \/ Yoast SEO Premium plugin. -->","yoast_head_json":{"title":"Situa\u00e7\u00e3o de Rony, declara\u00e7\u00e3o de Alan Kardec e recado de Gabriel Menino: as \u00faltimas not\u00edcias do Atl\u00e9tico-MG","robots":{"index":"index","follow":"follow","max-snippet":"max-snippet:-1","max-image-preview":"max-image-preview:large","max-video-preview":"max-video-preview:-1"},"canonical":"https:\/\/www.gaveanews.com\/index.php\/2025\/01\/09\/situacao-de-rony-declaracao-de-alan-kardec-e-recado-de-gabriel-menino-as-ultimas-noticias-do-atletico-mg\/","og_locale":"pt_BR","og_type":"article","og_title":"Situa\u00e7\u00e3o de Rony, declara\u00e7\u00e3o de Alan Kardec e recado de Gabriel Menino: as \u00faltimas not\u00edcias do Atl\u00e9tico-MG","og_description":"Nas \u00faltimas horas, o foco das not\u00edcias sobre o Atl\u00e9tico-Mg se concentram nos bastidores do clube, com destaques do dia a dia do time. Por conta deste contexto, leia abaixo um resumo preparado pela equipe do portal G\u00e1vea News para lhe manter muito bem informado! Recado de Gabriel Menino Gabriel Menino inicia um novo cap\u00edtulo [&hellip;]","og_url":"https:\/\/www.gaveanews.com\/index.php\/2025\/01\/09\/situacao-de-rony-declaracao-de-alan-kardec-e-recado-de-gabriel-menino-as-ultimas-noticias-do-atletico-mg\/","og_site_name":"G\u00e1vea News","article_publisher":"https:\/\/facebook.com\/gaveaNews\/","article_published_time":"2025-01-09T10:05:00+00:00","og_image":[{"width":774,"height":516,"url":"https:\/\/www.gaveanews.com\/wp-content\/uploads\/Hulk-Paulinho-e-Arana-comemoram-gol-do-Atletico-MG.webp","type":"image\/webp"}],"author":"Matheus Felipe","twitter_card":"summary_large_image","twitter_misc":{"Escrito por":"Matheus Felipe","Est. tempo de leitura":"5 minutos"},"schema":{"@context":"https:\/\/schema.org","@graph":[{"@type":"NewsArticle","@id":"https:\/\/www.gaveanews.com\/index.php\/2025\/01\/09\/situacao-de-rony-declaracao-de-alan-kardec-e-recado-de-gabriel-menino-as-ultimas-noticias-do-atletico-mg\/#article","isPartOf":{"@id":"https:\/\/www.gaveanews.com\/index.php\/2025\/01\/09\/situacao-de-rony-declaracao-de-alan-kardec-e-recado-de-gabriel-menino-as-ultimas-noticias-do-atletico-mg\/"},"author":{"name":"Matheus Felipe","@id":"https:\/\/www.gaveanews.com\/#\/schema\/person\/8207cd4627f56151707418bfc835b2fb"},"headline":"Situa\u00e7\u00e3o de Rony, declara\u00e7\u00e3o de Alan Kardec e recado de Gabriel Menino: as \u00faltimas not\u00edcias do Atl\u00e9tico-MG","datePublished":"2025-01-09T10:05:00+00:00","mainEntityOfPage":{"@id":"https:\/\/www.gaveanews.com\/index.php\/2025\/01\/09\/situacao-de-rony-declaracao-de-alan-kardec-e-recado-de-gabriel-menino-as-ultimas-noticias-do-atletico-mg\/"},"wordCount":818,"commentCount":0,"image":{"@id":"https:\/\/www.gaveanews.com\/index.php\/2025\/01\/09\/situacao-de-rony-declaracao-de-alan-kardec-e-recado-de-gabriel-menino-as-ultimas-noticias-do-atletico-mg\/#primaryimage"},"thumbnailUrl":"https:\/\/www.gaveanews.com\/wp-content\/uploads\/Hulk-Paulinho-e-Arana-comemoram-gol-do-Atletico-MG.webp","articleSection":["Atl\u00e9tico-MG"],"inLanguage":"pt-BR","potentialAction":[{"@type":"CommentAction","name":"Comment","target":["https:\/\/www.gaveanews.com\/index.php\/2025\/01\/09\/situacao-de-rony-declaracao-de-alan-kardec-e-recado-de-gabriel-menino-as-ultimas-noticias-do-atletico-mg\/#respond"]}],"copyrightYear":"2025","copyrightHolder":{"@id":"https:\/\/www.gaveanews.com\/#organization"}},{"@type":"WebPage","@id":"https:\/\/www.gaveanews.com\/index.php\/2025\/01\/09\/situacao-de-rony-declaracao-de-alan-kardec-e-recado-de-gabriel-menino-as-ultimas-noticias-do-atletico-mg\/","url":"https:\/\/www.gaveanews.com\/index.php\/2025\/01\/09\/situacao-de-rony-declaracao-de-alan-kardec-e-recado-de-gabriel-menino-as-ultimas-noticias-do-atletico-mg\/","name":"Situa\u00e7\u00e3o de Rony, declara\u00e7\u00e3o de Alan Kardec e recado de Gabriel Menino: as \u00faltimas not\u00edcias do Atl\u00e9tico-MG","isPartOf":{"@id":"https:\/\/www.gaveanews.com\/#website"},"primaryImageOfPage":{"@id":"https:\/\/www.gaveanews.com\/index.php\/2025\/01\/09\/situacao-de-rony-declaracao-de-alan-kardec-e-recado-de-gabriel-menino-as-ultimas-noticias-do-atletico-mg\/#primaryimage"},"image":{"@id":"https:\/\/www.gaveanews.com\/index.php\/2025\/01\/09\/situacao-de-rony-declaracao-de-alan-kardec-e-recado-de-gabriel-menino-as-ultimas-noticias-do-atletico-mg\/#primaryimage"},"thumbnailUrl":"https:\/\/www.gaveanews.com\/wp-content\/uploads\/Hulk-Paulinho-e-Arana-comemoram-gol-do-Atletico-MG.webp","datePublished":"2025-01-09T10:05:00+00:00","author":{"@id":"https:\/\/www.gaveanews.com\/#\/schema\/person\/8207cd4627f56151707418bfc835b2fb"},"breadcrumb":{"@id":"https:\/\/www.gaveanews.com\/index.php\/2025\/01\/09\/situacao-de-rony-declaracao-de-alan-kardec-e-recado-de-gabriel-menino-as-ultimas-noticias-do-atletico-mg\/#breadcrumb"},"inLanguage":"pt-BR","potentialAction":[{"@type":"ReadAction","target":["https:\/\/www.gaveanews.com\/index.php\/2025\/01\/09\/situacao-de-rony-declaracao-de-alan-kardec-e-recado-de-gabriel-menino-as-ultimas-noticias-do-atletico-mg\/"]}]},{"@type":"ImageObject","inLanguage":"pt-BR","@id":"https:\/\/www.gaveanews.com\/index.php\/2025\/01\/09\/situacao-de-rony-declaracao-de-alan-kardec-e-recado-de-gabriel-menino-as-ultimas-noticias-do-atletico-mg\/#primaryimage","url":"https:\/\/www.gaveanews.com\/wp-content\/uploads\/Hulk-Paulinho-e-Arana-comemoram-gol-do-Atletico-MG.webp","contentUrl":"https:\/\/www.gaveanews.com\/wp-content\/uploads\/Hulk-Paulinho-e-Arana-comemoram-gol-do-Atletico-MG.webp","width":774,"height":516,"caption":"Hulk, Paulinho e Arana comemoram gol do Atl\u00e9tico-MG (Foto: Pedro Souza\/Atl\u00e9tico-MG)"},{"@type":"BreadcrumbList","@id":"https:\/\/www.gaveanews.com\/index.php\/2025\/01\/09\/situacao-de-rony-declaracao-de-alan-kardec-e-recado-de-gabriel-menino-as-ultimas-noticias-do-atletico-mg\/#breadcrumb","itemListElement":[{"@type":"ListItem","position":1,"name":"Home","item":"https:\/\/www.gaveanews.com\/"},{"@type":"ListItem","position":2,"name":"Situa\u00e7\u00e3o de Rony, declara\u00e7\u00e3o de Alan Kardec e recado de Gabriel Menino: as \u00faltimas not\u00edcias do Atl\u00e9tico-MG"}]},{"@type":"WebSite","@id":"https:\/\/www.gaveanews.com\/#website","url":"https:\/\/www.gaveanews.com\/","name":"G\u00e1vea News","description":"Veja todas as not\u00edcias sobre o Flamengo: Contrata\u00e7\u00f5es, categorias de base, resultados das partidas, tabela de classifica\u00e7\u00e3o, pr\u00f3ximos jogos!","potentialAction":[{"@type":"SearchAction","target":{"@type":"EntryPoint","urlTemplate":"https:\/\/www.gaveanews.com\/?s={search_term_string}"},"query-input":{"@type":"PropertyValueSpecification","valueRequired":true,"valueName":"search_term_string"}}],"inLanguage":"pt-BR"},{"@type":"Person","@id":"https:\/\/www.gaveanews.com\/#\/schema\/person\/8207cd4627f56151707418bfc835b2fb","name":"Matheus Felipe","image":{"@type":"ImageObject","inLanguage":"pt-BR","@id":"https:\/\/www.gaveanews.com\/#\/schema\/person\/image\/","url":"https:\/\/secure.gravatar.com\/avatar\/a452ffbed9130f726358b298bb3a99ce4bd3c5338411f8440e87e14d74c7c087?s=96&d=mm&r=g","contentUrl":"https:\/\/secure.gravatar.com\/avatar\/a452ffbed9130f726358b298bb3a99ce4bd3c5338411f8440e87e14d74c7c087?s=96&d=mm&r=g","caption":"Matheus Felipe"}}]}},"_links":{"self":[{"href":"https:\/\/www.gaveanews.com\/index.php\/wp-json\/wp\/v2\/posts\/209856","targetHints":{"allow":["GET"]}}],"collection":[{"href":"https:\/\/www.gaveanews.com\/index.php\/wp-json\/wp\/v2\/posts"}],"about":[{"href":"https:\/\/www.gaveanews.com\/index.php\/wp-json\/wp\/v2\/types\/post"}],"author":[{"embeddable":true,"href":"https:\/\/www.gaveanews.com\/index.php\/wp-json\/wp\/v2\/users\/27"}],"replies":[{"embeddable":true,"href":"https:\/\/www.gaveanews.com\/index.php\/wp-json\/wp\/v2\/comments?post=209856"}],"version-history":[{"count":1,"href":"https:\/\/www.gaveanews.com\/index.php\/wp-json\/wp\/v2\/posts\/209856\/revisions"}],"predecessor-version":[{"id":209876,"href":"https:\/\/www.gaveanews.com\/index.php\/wp-json\/wp\/v2\/posts\/209856\/revisions\/209876"}],"wp:featuredmedia":[{"embeddable":true,"href":"https:\/\/www.gaveanews.com\/index.php\/wp-json\/wp\/v2\/media\/171939"}],"wp:attachment":[{"href":"https:\/\/www.gaveanews.com\/index.php\/wp-json\/wp\/v2\/media?parent=209856"}],"wp:term":[{"taxonomy":"category","embeddable":true,"href":"https:\/\/www.gaveanews.com\/index.php\/wp-json\/wp\/v2\/categories?post=209856"},{"taxonomy":"post_tag","embeddable":true,"href":"https:\/\/www.gaveanews.com\/index.php\/wp-json\/wp\/v2\/tags?post=209856"}],"curies":[{"name":"wp","href":"https:\/\/api.w.org\/{rel}","templated":true}]}}