{"id":209897,"date":"2025-01-09T05:40:00","date_gmt":"2025-01-09T08:40:00","guid":{"rendered":"https:\/\/www.gaveanews.com\/?p=209897"},"modified":"2025-01-08T22:28:20","modified_gmt":"2025-01-09T01:28:20","slug":"saida-de-endrick-disputa-por-contratacao-e-destaque-na-imprensa-as-ultimas-noticias-do-real-madrid","status":"publish","type":"post","link":"https:\/\/www.gaveanews.com\/index.php\/2025\/01\/09\/saida-de-endrick-disputa-por-contratacao-e-destaque-na-imprensa-as-ultimas-noticias-do-real-madrid\/","title":{"rendered":"Sa\u00edda de Endrick, disputa por contrata\u00e7\u00e3o e destaque na imprensa: as \u00faltimas not\u00edcias do Real Madrid"},"content":{"rendered":"\n<p>Nas \u00faltimas horas, o foco das not\u00edcias sobre Real Madrid se concentram nos bastidores do<br>clube, com destaques do dia a dia do time.<\/p>\n\n\n\n<p>Por conta deste contexto, leia abaixo um resumo preparado pela equipe do portal G\u00e1vea News para lhe manter muito bem informado!<\/p>\n\n\n\n<h2 class=\"wp-block-heading\" id=\"h-destaque-na-imprensa\">Destaque na imprensa<\/h2>\n\n\n\n<p>Endrick, jovem promessa do Real Madrid, recebeu destaque na m\u00eddia internacional ap\u00f3s a vit\u00f3ria por 5 a 0 sobre o Deportivo Minera pela Copa do Rei. Apesar de demonstrar empenho, ele foi criticado pelo jornal espanhol <em>As<\/em> por sua &#8220;afoba\u00e7\u00e3o&#8221; e &#8220;imprecis\u00e3o&#8221; no ataque. O brasileiro quase marcou um gol e ofereceu uma boa assist\u00eancia, mas enfrenta dificuldades para se firmar como titular sob o comando de Carlo Ancelotti <strong><a href=\"https:\/\/www.gaveanews.com\/index.php\/2025\/01\/08\/real-madrid-atuacao-de-endrick-ganha-destaque-na-midia-internacional\/\">(leia a mat\u00e9ria completa).<\/a><\/strong><\/p>\n\n\n\n<figure class=\"wp-block-image size-large\"><img loading=\"lazy\" decoding=\"async\" width=\"1024\" height=\"576\" src=\"https:\/\/www.gaveanews.com\/wp-content\/uploads\/endrick_-_real_madrid_1.jpg_554688468-1024x576.webp\" alt=\"\" class=\"wp-image-161086\" srcset=\"https:\/\/www.gaveanews.com\/wp-content\/uploads\/endrick_-_real_madrid_1.jpg_554688468-1024x576.webp 1024w, https:\/\/www.gaveanews.com\/wp-content\/uploads\/endrick_-_real_madrid_1.jpg_554688468-300x169.webp 300w, https:\/\/www.gaveanews.com\/wp-content\/uploads\/endrick_-_real_madrid_1.jpg_554688468-768x432.webp 768w, https:\/\/www.gaveanews.com\/wp-content\/uploads\/endrick_-_real_madrid_1.jpg_554688468-747x420.webp 747w, https:\/\/www.gaveanews.com\/wp-content\/uploads\/endrick_-_real_madrid_1.jpg_554688468-640x360.webp 640w, https:\/\/www.gaveanews.com\/wp-content\/uploads\/endrick_-_real_madrid_1.jpg_554688468-681x383.webp 681w, https:\/\/www.gaveanews.com\/wp-content\/uploads\/endrick_-_real_madrid_1.jpg_554688468-100x56.webp 100w, https:\/\/www.gaveanews.com\/wp-content\/uploads\/endrick_-_real_madrid_1.jpg_554688468.webp 1200w\" sizes=\"auto, (max-width: 1024px) 100vw, 1024px\" \/><figcaption class=\"wp-element-caption\">Endrick marcou seu primeiro gol pelo Real Madrid &#8211; Angel Martinez (2024 Getty Images, Getty Images Europe)\n<\/figcaption><\/figure>\n\n\n\n<p>Enquanto isso, Arda G\u00fcler, que marcou dois gols na mesma partida, vem se destacando e pressionando por uma vaga no time titular. <\/p>\n\n\n\n<p>O contraste entre os desempenhos dos dois jovens evidencia os desafios enfrentados por talentos emergentes no clube. G\u00fcler foi elogiado por sua versatilidade e evolu\u00e7\u00e3o constante.<\/p>\n\n\n\n<p>Endrick, que come\u00e7ou a temporada com boas atua\u00e7\u00f5es, busca recuperar espa\u00e7o no elenco. Apesar das cr\u00edticas, ele continua sendo considerado uma das grandes promessas do futebol mundial, e seu progresso ser\u00e1 acompanhado de perto pela torcida e pela comiss\u00e3o t\u00e9cnica.<\/p>\n\n\n\n<h2 class=\"wp-block-heading\" id=\"h-disputa-por-contratacao\">Disputa por contrata\u00e7\u00e3o<\/h2>\n\n\n\n<p>Real Madrid e Manchester City est\u00e3o disputando a contrata\u00e7\u00e3o de Abdukodir Khusanov, zagueiro de 20 anos do Lens, da Fran\u00e7a. Com contrato at\u00e9 junho de 2027, Khusanov tem se destacado no Campeonato Franc\u00eas, sendo considerado um &#8220;prod\u00edgio f\u00edsico&#8221;. O Real Madrid enfrenta problemas defensivos com desfalques como \u00c9der Milit\u00e3o e Daniel Carvajal, o que refor\u00e7a seu interesse no jovem jogador, cujo valor de mercado atual \u00e9 de cerca de 12 milh\u00f5es de euros (R$ 75,4 milh\u00f5es)<strong><a href=\"https:\/\/www.gaveanews.com\/index.php\/2025\/01\/08\/real-madrid-e-manchester-city-disputaram-contratacao-de-destaque-da-europa\/\"> (leia a mat\u00e9ria completa).<\/a><\/strong><\/p>\n\n\n\n<figure class=\"wp-block-image size-large\"><img loading=\"lazy\" decoding=\"async\" width=\"1024\" height=\"576\" src=\"https:\/\/www.gaveanews.com\/wp-content\/uploads\/madridvcity-flag-1024x576.webp\" alt=\"\" class=\"wp-image-122514\" srcset=\"https:\/\/www.gaveanews.com\/wp-content\/uploads\/madridvcity-flag-1024x576.webp 1024w, https:\/\/www.gaveanews.com\/wp-content\/uploads\/madridvcity-flag-300x169.webp 300w, https:\/\/www.gaveanews.com\/wp-content\/uploads\/madridvcity-flag-768x432.webp 768w, https:\/\/www.gaveanews.com\/wp-content\/uploads\/madridvcity-flag-1536x864.webp 1536w, https:\/\/www.gaveanews.com\/wp-content\/uploads\/madridvcity-flag-747x420.webp 747w, https:\/\/www.gaveanews.com\/wp-content\/uploads\/madridvcity-flag-1493x840.webp 1493w, https:\/\/www.gaveanews.com\/wp-content\/uploads\/madridvcity-flag-640x360.webp 640w, https:\/\/www.gaveanews.com\/wp-content\/uploads\/madridvcity-flag-1280x720.webp 1280w, https:\/\/www.gaveanews.com\/wp-content\/uploads\/madridvcity-flag-681x383.webp 681w, https:\/\/www.gaveanews.com\/wp-content\/uploads\/madridvcity-flag-1362x766.webp 1362w, https:\/\/www.gaveanews.com\/wp-content\/uploads\/madridvcity-flag-100x56.webp 100w, https:\/\/www.gaveanews.com\/wp-content\/uploads\/madridvcity-flag.webp 1920w\" sizes=\"auto, (max-width: 1024px) 100vw, 1024px\" \/><figcaption class=\"wp-element-caption\">Escudos de Real Madrid e Manchester City (Foto: Reprodu\u00e7\u00e3o)<\/figcaption><\/figure>\n\n\n\n<p>O clube espanhol tem tradi\u00e7\u00e3o em explorar o mercado franc\u00eas para refor\u00e7os, como fez com Raphael Varane no passado. Paralelamente, Jonathan Tah, do Bayer Leverkusen, \u00e9 outro zagueiro na mira do Real, mas ele tamb\u00e9m desperta o interesse de Barcelona e Bayern de Munique.<\/p>\n\n\n\n<p>Khusanov, que chegou ao Lens em 2023 por 100 mil euros, pode representar um investimento estrat\u00e9gico para ambos os clubes, refor\u00e7ando suas respectivas defesas e agregando juventude e potencial ao elenco. A disputa promete movimentar a pr\u00f3xima janela de transfer\u00eancias.<\/p>\n\n\n\n<h2 class=\"wp-block-heading\" id=\"h-saida-de-endrick\">Sa\u00edda de Endrick<\/h2>\n\n\n\n<p>Endrick, jovem atacante do Real Madrid, pode ser emprestado para ganhar mais tempo de jogo e acelerar seu desenvolvimento. Contratado do Palmeiras em 2022 por 70 milh\u00f5es de euros, ele enfrenta dificuldades para se firmar entre estrelas como Mbapp\u00e9, Rodrygo e Vinicius J\u00fanior. Desde que chegou ao time espanhol, Endrick disputou 16 partidas e marcou dois gols <strong><a href=\"https:\/\/www.gaveanews.com\/index.php\/2025\/01\/08\/endrick-pode-deixar-real-madrid\/\">(leia a mat\u00e9ria completa).<\/a><\/strong><\/p>\n\n\n\n<figure class=\"wp-block-image size-large\"><img loading=\"lazy\" decoding=\"async\" width=\"1024\" height=\"682\" src=\"https:\/\/www.gaveanews.com\/wp-content\/uploads\/Endrick-com-a-camisa-do-Real-Madrid-em-2024-1024x682.webp\" alt=\"\" class=\"wp-image-159677\" srcset=\"https:\/\/www.gaveanews.com\/wp-content\/uploads\/Endrick-com-a-camisa-do-Real-Madrid-em-2024-1024x682.webp 1024w, https:\/\/www.gaveanews.com\/wp-content\/uploads\/Endrick-com-a-camisa-do-Real-Madrid-em-2024-300x200.webp 300w, https:\/\/www.gaveanews.com\/wp-content\/uploads\/Endrick-com-a-camisa-do-Real-Madrid-em-2024-768x511.webp 768w, https:\/\/www.gaveanews.com\/wp-content\/uploads\/Endrick-com-a-camisa-do-Real-Madrid-em-2024-631x420.webp 631w, https:\/\/www.gaveanews.com\/wp-content\/uploads\/Endrick-com-a-camisa-do-Real-Madrid-em-2024-1261x840.webp 1261w, https:\/\/www.gaveanews.com\/wp-content\/uploads\/Endrick-com-a-camisa-do-Real-Madrid-em-2024-640x426.webp 640w, https:\/\/www.gaveanews.com\/wp-content\/uploads\/Endrick-com-a-camisa-do-Real-Madrid-em-2024-1280x852.webp 1280w, https:\/\/www.gaveanews.com\/wp-content\/uploads\/Endrick-com-a-camisa-do-Real-Madrid-em-2024-681x454.webp 681w, https:\/\/www.gaveanews.com\/wp-content\/uploads\/Endrick-com-a-camisa-do-Real-Madrid-em-2024-1362x907.webp 1362w, https:\/\/www.gaveanews.com\/wp-content\/uploads\/Endrick-com-a-camisa-do-Real-Madrid-em-2024-100x67.webp 100w, https:\/\/www.gaveanews.com\/wp-content\/uploads\/Endrick-com-a-camisa-do-Real-Madrid-em-2024.webp 1440w\" sizes=\"auto, (max-width: 1024px) 100vw, 1024px\" \/><figcaption class=\"wp-element-caption\">Endrick com a camisa do Real Madrid em 2024 (Foto: Reprodu\u00e7\u00e3o\/Instagram)<\/figcaption><\/figure>\n\n\n\n<p>Segundo o portal <em>Todo Fichajes<\/em>, Carlo Ancelotti teria autorizado o empr\u00e9stimo do jogador, e o Getafe surge como destino prov\u00e1vel. O presidente do clube, \u00c1ngel Torres, mant\u00e9m boas rela\u00e7\u00f5es com Florentino P\u00e9rez, o que pode facilitar a negocia\u00e7\u00e3o. A mudan\u00e7a seria vantajosa para Endrick, que n\u00e3o precisaria deixar Madrid e teria mais oportunidades em um time que luta para se reerguer ap\u00f3s uma temporada dif\u00edcil na La Liga.<\/p>\n\n\n\n<p>Embora rumores tenham apontado um poss\u00edvel retorno ao Palmeiras, a tend\u00eancia \u00e9 que o jogador de 18 anos permane\u00e7a na Europa. Com o empr\u00e9stimo, Endrick poder\u00e1 demonstrar seu talento e adquirir experi\u00eancia em uma equipe onde ter\u00e1 mais minutos em campo, contribuindo para sua evolu\u00e7\u00e3o no futebol europeu.<\/p>\n","protected":false},"excerpt":{"rendered":"<p>Nas \u00faltimas horas, o foco das not\u00edcias sobre Real Madrid se concentram nos bastidores doclube, com destaques do dia a dia do time. Por conta deste contexto, leia abaixo um resumo preparado pela equipe do portal G\u00e1vea News para lhe manter muito bem informado! Destaque na imprensa Endrick, jovem promessa do Real Madrid, recebeu destaque [&hellip;]<\/p>\n","protected":false},"author":27,"featured_media":120916,"comment_status":"open","ping_status":"closed","sticky":false,"template":"","format":"standard","meta":{"footnotes":""},"categories":[88],"tags":[],"class_list":["post-209897","post","type-post","status-publish","format-standard","has-post-thumbnail","hentry","category-real-madrid"],"yoast_head":"<!-- This site is optimized with the Yoast SEO Premium plugin v24.2 (Yoast SEO v26.9) - https:\/\/yoast.com\/product\/yoast-seo-premium-wordpress\/ -->\n<title>Sa\u00edda de Endrick, disputa por contrata\u00e7\u00e3o e destaque na imprensa: as \u00faltimas not\u00edcias do Real Madrid<\/title>\n<meta name=\"robots\" content=\"index, follow, max-snippet:-1, max-image-preview:large, max-video-preview:-1\" \/>\n<link rel=\"canonical\" href=\"https:\/\/www.gaveanews.com\/index.php\/2025\/01\/09\/saida-de-endrick-disputa-por-contratacao-e-destaque-na-imprensa-as-ultimas-noticias-do-real-madrid\/\" \/>\n<meta property=\"og:locale\" content=\"pt_BR\" \/>\n<meta property=\"og:type\" content=\"article\" \/>\n<meta property=\"og:title\" content=\"Sa\u00edda de Endrick, disputa por contrata\u00e7\u00e3o e destaque na imprensa: as \u00faltimas not\u00edcias do Real Madrid\" \/>\n<meta property=\"og:description\" content=\"Nas \u00faltimas horas, o foco das not\u00edcias sobre Real Madrid se concentram nos bastidores doclube, com destaques do dia a dia do time. Por conta deste contexto, leia abaixo um resumo preparado pela equipe do portal G\u00e1vea News para lhe manter muito bem informado! Destaque na imprensa Endrick, jovem promessa do Real Madrid, recebeu destaque [&hellip;]\" \/>\n<meta property=\"og:url\" content=\"https:\/\/www.gaveanews.com\/index.php\/2025\/01\/09\/saida-de-endrick-disputa-por-contratacao-e-destaque-na-imprensa-as-ultimas-noticias-do-real-madrid\/\" \/>\n<meta property=\"og:site_name\" content=\"G\u00e1vea News\" \/>\n<meta property=\"article:publisher\" content=\"https:\/\/facebook.com\/gaveaNews\/\" \/>\n<meta property=\"article:published_time\" content=\"2025-01-09T08:40:00+00:00\" \/>\n<meta property=\"og:image\" content=\"https:\/\/www.gaveanews.com\/wp-content\/uploads\/real-madrid.webp\" \/>\n\t<meta property=\"og:image:width\" content=\"906\" \/>\n\t<meta property=\"og:image:height\" content=\"509\" \/>\n\t<meta property=\"og:image:type\" content=\"image\/jpeg\" \/>\n<meta name=\"author\" content=\"Matheus Felipe\" \/>\n<meta name=\"twitter:card\" content=\"summary_large_image\" \/>\n<meta name=\"twitter:label1\" content=\"Escrito por\" \/>\n\t<meta name=\"twitter:data1\" content=\"Matheus Felipe\" \/>\n\t<meta name=\"twitter:label2\" content=\"Est. tempo de leitura\" \/>\n\t<meta name=\"twitter:data2\" content=\"5 minutos\" \/>\n<script type=\"application\/ld+json\" class=\"yoast-schema-graph\">{\"@context\":\"https:\/\/schema.org\",\"@graph\":[{\"@type\":\"NewsArticle\",\"@id\":\"https:\/\/www.gaveanews.com\/index.php\/2025\/01\/09\/saida-de-endrick-disputa-por-contratacao-e-destaque-na-imprensa-as-ultimas-noticias-do-real-madrid\/#article\",\"isPartOf\":{\"@id\":\"https:\/\/www.gaveanews.com\/index.php\/2025\/01\/09\/saida-de-endrick-disputa-por-contratacao-e-destaque-na-imprensa-as-ultimas-noticias-do-real-madrid\/\"},\"author\":{\"name\":\"Matheus Felipe\",\"@id\":\"https:\/\/www.gaveanews.com\/#\/schema\/person\/8207cd4627f56151707418bfc835b2fb\"},\"headline\":\"Sa\u00edda de Endrick, disputa por contrata\u00e7\u00e3o e destaque na imprensa: as \u00faltimas not\u00edcias do Real Madrid\",\"datePublished\":\"2025-01-09T08:40:00+00:00\",\"mainEntityOfPage\":{\"@id\":\"https:\/\/www.gaveanews.com\/index.php\/2025\/01\/09\/saida-de-endrick-disputa-por-contratacao-e-destaque-na-imprensa-as-ultimas-noticias-do-real-madrid\/\"},\"wordCount\":655,\"commentCount\":0,\"image\":{\"@id\":\"https:\/\/www.gaveanews.com\/index.php\/2025\/01\/09\/saida-de-endrick-disputa-por-contratacao-e-destaque-na-imprensa-as-ultimas-noticias-do-real-madrid\/#primaryimage\"},\"thumbnailUrl\":\"https:\/\/www.gaveanews.com\/wp-content\/uploads\/real-madrid.webp\",\"articleSection\":[\"Real Madrid\"],\"inLanguage\":\"pt-BR\",\"potentialAction\":[{\"@type\":\"CommentAction\",\"name\":\"Comment\",\"target\":[\"https:\/\/www.gaveanews.com\/index.php\/2025\/01\/09\/saida-de-endrick-disputa-por-contratacao-e-destaque-na-imprensa-as-ultimas-noticias-do-real-madrid\/#respond\"]}],\"copyrightYear\":\"2025\",\"copyrightHolder\":{\"@id\":\"https:\/\/www.gaveanews.com\/#organization\"}},{\"@type\":\"WebPage\",\"@id\":\"https:\/\/www.gaveanews.com\/index.php\/2025\/01\/09\/saida-de-endrick-disputa-por-contratacao-e-destaque-na-imprensa-as-ultimas-noticias-do-real-madrid\/\",\"url\":\"https:\/\/www.gaveanews.com\/index.php\/2025\/01\/09\/saida-de-endrick-disputa-por-contratacao-e-destaque-na-imprensa-as-ultimas-noticias-do-real-madrid\/\",\"name\":\"Sa\u00edda de Endrick, disputa por contrata\u00e7\u00e3o e destaque na imprensa: as \u00faltimas not\u00edcias do Real Madrid\",\"isPartOf\":{\"@id\":\"https:\/\/www.gaveanews.com\/#website\"},\"primaryImageOfPage\":{\"@id\":\"https:\/\/www.gaveanews.com\/index.php\/2025\/01\/09\/saida-de-endrick-disputa-por-contratacao-e-destaque-na-imprensa-as-ultimas-noticias-do-real-madrid\/#primaryimage\"},\"image\":{\"@id\":\"https:\/\/www.gaveanews.com\/index.php\/2025\/01\/09\/saida-de-endrick-disputa-por-contratacao-e-destaque-na-imprensa-as-ultimas-noticias-do-real-madrid\/#primaryimage\"},\"thumbnailUrl\":\"https:\/\/www.gaveanews.com\/wp-content\/uploads\/real-madrid.webp\",\"datePublished\":\"2025-01-09T08:40:00+00:00\",\"author\":{\"@id\":\"https:\/\/www.gaveanews.com\/#\/schema\/person\/8207cd4627f56151707418bfc835b2fb\"},\"breadcrumb\":{\"@id\":\"https:\/\/www.gaveanews.com\/index.php\/2025\/01\/09\/saida-de-endrick-disputa-por-contratacao-e-destaque-na-imprensa-as-ultimas-noticias-do-real-madrid\/#breadcrumb\"},\"inLanguage\":\"pt-BR\",\"potentialAction\":[{\"@type\":\"ReadAction\",\"target\":[\"https:\/\/www.gaveanews.com\/index.php\/2025\/01\/09\/saida-de-endrick-disputa-por-contratacao-e-destaque-na-imprensa-as-ultimas-noticias-do-real-madrid\/\"]}]},{\"@type\":\"ImageObject\",\"inLanguage\":\"pt-BR\",\"@id\":\"https:\/\/www.gaveanews.com\/index.php\/2025\/01\/09\/saida-de-endrick-disputa-por-contratacao-e-destaque-na-imprensa-as-ultimas-noticias-do-real-madrid\/#primaryimage\",\"url\":\"https:\/\/www.gaveanews.com\/wp-content\/uploads\/real-madrid.webp\",\"contentUrl\":\"https:\/\/www.gaveanews.com\/wp-content\/uploads\/real-madrid.webp\",\"width\":906,\"height\":509,\"caption\":\"Escudo do Real Madrid (Foto: Reprodu\u00e7\u00e3o)\"},{\"@type\":\"BreadcrumbList\",\"@id\":\"https:\/\/www.gaveanews.com\/index.php\/2025\/01\/09\/saida-de-endrick-disputa-por-contratacao-e-destaque-na-imprensa-as-ultimas-noticias-do-real-madrid\/#breadcrumb\",\"itemListElement\":[{\"@type\":\"ListItem\",\"position\":1,\"name\":\"Home\",\"item\":\"https:\/\/www.gaveanews.com\/\"},{\"@type\":\"ListItem\",\"position\":2,\"name\":\"Sa\u00edda de Endrick, disputa por contrata\u00e7\u00e3o e destaque na imprensa: as \u00faltimas not\u00edcias do Real Madrid\"}]},{\"@type\":\"WebSite\",\"@id\":\"https:\/\/www.gaveanews.com\/#website\",\"url\":\"https:\/\/www.gaveanews.com\/\",\"name\":\"G\u00e1vea News\",\"description\":\"Veja todas as not\u00edcias sobre o Flamengo: Contrata\u00e7\u00f5es, categorias de base, resultados das partidas, tabela de classifica\u00e7\u00e3o, pr\u00f3ximos jogos!\",\"potentialAction\":[{\"@type\":\"SearchAction\",\"target\":{\"@type\":\"EntryPoint\",\"urlTemplate\":\"https:\/\/www.gaveanews.com\/?s={search_term_string}\"},\"query-input\":{\"@type\":\"PropertyValueSpecification\",\"valueRequired\":true,\"valueName\":\"search_term_string\"}}],\"inLanguage\":\"pt-BR\"},{\"@type\":\"Person\",\"@id\":\"https:\/\/www.gaveanews.com\/#\/schema\/person\/8207cd4627f56151707418bfc835b2fb\",\"name\":\"Matheus Felipe\",\"image\":{\"@type\":\"ImageObject\",\"inLanguage\":\"pt-BR\",\"@id\":\"https:\/\/www.gaveanews.com\/#\/schema\/person\/image\/\",\"url\":\"https:\/\/secure.gravatar.com\/avatar\/a452ffbed9130f726358b298bb3a99ce4bd3c5338411f8440e87e14d74c7c087?s=96&d=mm&r=g\",\"contentUrl\":\"https:\/\/secure.gravatar.com\/avatar\/a452ffbed9130f726358b298bb3a99ce4bd3c5338411f8440e87e14d74c7c087?s=96&d=mm&r=g\",\"caption\":\"Matheus Felipe\"}}]}<\/script>\n<!-- \/ Yoast SEO Premium plugin. -->","yoast_head_json":{"title":"Sa\u00edda de Endrick, disputa por contrata\u00e7\u00e3o e destaque na imprensa: as \u00faltimas not\u00edcias do Real Madrid","robots":{"index":"index","follow":"follow","max-snippet":"max-snippet:-1","max-image-preview":"max-image-preview:large","max-video-preview":"max-video-preview:-1"},"canonical":"https:\/\/www.gaveanews.com\/index.php\/2025\/01\/09\/saida-de-endrick-disputa-por-contratacao-e-destaque-na-imprensa-as-ultimas-noticias-do-real-madrid\/","og_locale":"pt_BR","og_type":"article","og_title":"Sa\u00edda de Endrick, disputa por contrata\u00e7\u00e3o e destaque na imprensa: as \u00faltimas not\u00edcias do Real Madrid","og_description":"Nas \u00faltimas horas, o foco das not\u00edcias sobre Real Madrid se concentram nos bastidores doclube, com destaques do dia a dia do time. Por conta deste contexto, leia abaixo um resumo preparado pela equipe do portal G\u00e1vea News para lhe manter muito bem informado! Destaque na imprensa Endrick, jovem promessa do Real Madrid, recebeu destaque [&hellip;]","og_url":"https:\/\/www.gaveanews.com\/index.php\/2025\/01\/09\/saida-de-endrick-disputa-por-contratacao-e-destaque-na-imprensa-as-ultimas-noticias-do-real-madrid\/","og_site_name":"G\u00e1vea News","article_publisher":"https:\/\/facebook.com\/gaveaNews\/","article_published_time":"2025-01-09T08:40:00+00:00","og_image":[{"width":906,"height":509,"url":"https:\/\/www.gaveanews.com\/wp-content\/uploads\/real-madrid.webp","type":"image\/jpeg"}],"author":"Matheus Felipe","twitter_card":"summary_large_image","twitter_misc":{"Escrito por":"Matheus Felipe","Est. tempo de leitura":"5 minutos"},"schema":{"@context":"https:\/\/schema.org","@graph":[{"@type":"NewsArticle","@id":"https:\/\/www.gaveanews.com\/index.php\/2025\/01\/09\/saida-de-endrick-disputa-por-contratacao-e-destaque-na-imprensa-as-ultimas-noticias-do-real-madrid\/#article","isPartOf":{"@id":"https:\/\/www.gaveanews.com\/index.php\/2025\/01\/09\/saida-de-endrick-disputa-por-contratacao-e-destaque-na-imprensa-as-ultimas-noticias-do-real-madrid\/"},"author":{"name":"Matheus Felipe","@id":"https:\/\/www.gaveanews.com\/#\/schema\/person\/8207cd4627f56151707418bfc835b2fb"},"headline":"Sa\u00edda de Endrick, disputa por contrata\u00e7\u00e3o e destaque na imprensa: as \u00faltimas not\u00edcias do Real Madrid","datePublished":"2025-01-09T08:40:00+00:00","mainEntityOfPage":{"@id":"https:\/\/www.gaveanews.com\/index.php\/2025\/01\/09\/saida-de-endrick-disputa-por-contratacao-e-destaque-na-imprensa-as-ultimas-noticias-do-real-madrid\/"},"wordCount":655,"commentCount":0,"image":{"@id":"https:\/\/www.gaveanews.com\/index.php\/2025\/01\/09\/saida-de-endrick-disputa-por-contratacao-e-destaque-na-imprensa-as-ultimas-noticias-do-real-madrid\/#primaryimage"},"thumbnailUrl":"https:\/\/www.gaveanews.com\/wp-content\/uploads\/real-madrid.webp","articleSection":["Real Madrid"],"inLanguage":"pt-BR","potentialAction":[{"@type":"CommentAction","name":"Comment","target":["https:\/\/www.gaveanews.com\/index.php\/2025\/01\/09\/saida-de-endrick-disputa-por-contratacao-e-destaque-na-imprensa-as-ultimas-noticias-do-real-madrid\/#respond"]}],"copyrightYear":"2025","copyrightHolder":{"@id":"https:\/\/www.gaveanews.com\/#organization"}},{"@type":"WebPage","@id":"https:\/\/www.gaveanews.com\/index.php\/2025\/01\/09\/saida-de-endrick-disputa-por-contratacao-e-destaque-na-imprensa-as-ultimas-noticias-do-real-madrid\/","url":"https:\/\/www.gaveanews.com\/index.php\/2025\/01\/09\/saida-de-endrick-disputa-por-contratacao-e-destaque-na-imprensa-as-ultimas-noticias-do-real-madrid\/","name":"Sa\u00edda de Endrick, disputa por contrata\u00e7\u00e3o e destaque na imprensa: as \u00faltimas not\u00edcias do Real Madrid","isPartOf":{"@id":"https:\/\/www.gaveanews.com\/#website"},"primaryImageOfPage":{"@id":"https:\/\/www.gaveanews.com\/index.php\/2025\/01\/09\/saida-de-endrick-disputa-por-contratacao-e-destaque-na-imprensa-as-ultimas-noticias-do-real-madrid\/#primaryimage"},"image":{"@id":"https:\/\/www.gaveanews.com\/index.php\/2025\/01\/09\/saida-de-endrick-disputa-por-contratacao-e-destaque-na-imprensa-as-ultimas-noticias-do-real-madrid\/#primaryimage"},"thumbnailUrl":"https:\/\/www.gaveanews.com\/wp-content\/uploads\/real-madrid.webp","datePublished":"2025-01-09T08:40:00+00:00","author":{"@id":"https:\/\/www.gaveanews.com\/#\/schema\/person\/8207cd4627f56151707418bfc835b2fb"},"breadcrumb":{"@id":"https:\/\/www.gaveanews.com\/index.php\/2025\/01\/09\/saida-de-endrick-disputa-por-contratacao-e-destaque-na-imprensa-as-ultimas-noticias-do-real-madrid\/#breadcrumb"},"inLanguage":"pt-BR","potentialAction":[{"@type":"ReadAction","target":["https:\/\/www.gaveanews.com\/index.php\/2025\/01\/09\/saida-de-endrick-disputa-por-contratacao-e-destaque-na-imprensa-as-ultimas-noticias-do-real-madrid\/"]}]},{"@type":"ImageObject","inLanguage":"pt-BR","@id":"https:\/\/www.gaveanews.com\/index.php\/2025\/01\/09\/saida-de-endrick-disputa-por-contratacao-e-destaque-na-imprensa-as-ultimas-noticias-do-real-madrid\/#primaryimage","url":"https:\/\/www.gaveanews.com\/wp-content\/uploads\/real-madrid.webp","contentUrl":"https:\/\/www.gaveanews.com\/wp-content\/uploads\/real-madrid.webp","width":906,"height":509,"caption":"Escudo do Real Madrid (Foto: Reprodu\u00e7\u00e3o)"},{"@type":"BreadcrumbList","@id":"https:\/\/www.gaveanews.com\/index.php\/2025\/01\/09\/saida-de-endrick-disputa-por-contratacao-e-destaque-na-imprensa-as-ultimas-noticias-do-real-madrid\/#breadcrumb","itemListElement":[{"@type":"ListItem","position":1,"name":"Home","item":"https:\/\/www.gaveanews.com\/"},{"@type":"ListItem","position":2,"name":"Sa\u00edda de Endrick, disputa por contrata\u00e7\u00e3o e destaque na imprensa: as \u00faltimas not\u00edcias do Real Madrid"}]},{"@type":"WebSite","@id":"https:\/\/www.gaveanews.com\/#website","url":"https:\/\/www.gaveanews.com\/","name":"G\u00e1vea News","description":"Veja todas as not\u00edcias sobre o Flamengo: Contrata\u00e7\u00f5es, categorias de base, resultados das partidas, tabela de classifica\u00e7\u00e3o, pr\u00f3ximos jogos!","potentialAction":[{"@type":"SearchAction","target":{"@type":"EntryPoint","urlTemplate":"https:\/\/www.gaveanews.com\/?s={search_term_string}"},"query-input":{"@type":"PropertyValueSpecification","valueRequired":true,"valueName":"search_term_string"}}],"inLanguage":"pt-BR"},{"@type":"Person","@id":"https:\/\/www.gaveanews.com\/#\/schema\/person\/8207cd4627f56151707418bfc835b2fb","name":"Matheus Felipe","image":{"@type":"ImageObject","inLanguage":"pt-BR","@id":"https:\/\/www.gaveanews.com\/#\/schema\/person\/image\/","url":"https:\/\/secure.gravatar.com\/avatar\/a452ffbed9130f726358b298bb3a99ce4bd3c5338411f8440e87e14d74c7c087?s=96&d=mm&r=g","contentUrl":"https:\/\/secure.gravatar.com\/avatar\/a452ffbed9130f726358b298bb3a99ce4bd3c5338411f8440e87e14d74c7c087?s=96&d=mm&r=g","caption":"Matheus Felipe"}}]}},"_links":{"self":[{"href":"https:\/\/www.gaveanews.com\/index.php\/wp-json\/wp\/v2\/posts\/209897","targetHints":{"allow":["GET"]}}],"collection":[{"href":"https:\/\/www.gaveanews.com\/index.php\/wp-json\/wp\/v2\/posts"}],"about":[{"href":"https:\/\/www.gaveanews.com\/index.php\/wp-json\/wp\/v2\/types\/post"}],"author":[{"embeddable":true,"href":"https:\/\/www.gaveanews.com\/index.php\/wp-json\/wp\/v2\/users\/27"}],"replies":[{"embeddable":true,"href":"https:\/\/www.gaveanews.com\/index.php\/wp-json\/wp\/v2\/comments?post=209897"}],"version-history":[{"count":1,"href":"https:\/\/www.gaveanews.com\/index.php\/wp-json\/wp\/v2\/posts\/209897\/revisions"}],"predecessor-version":[{"id":209902,"href":"https:\/\/www.gaveanews.com\/index.php\/wp-json\/wp\/v2\/posts\/209897\/revisions\/209902"}],"wp:featuredmedia":[{"embeddable":true,"href":"https:\/\/www.gaveanews.com\/index.php\/wp-json\/wp\/v2\/media\/120916"}],"wp:attachment":[{"href":"https:\/\/www.gaveanews.com\/index.php\/wp-json\/wp\/v2\/media?parent=209897"}],"wp:term":[{"taxonomy":"category","embeddable":true,"href":"https:\/\/www.gaveanews.com\/index.php\/wp-json\/wp\/v2\/categories?post=209897"},{"taxonomy":"post_tag","embeddable":true,"href":"https:\/\/www.gaveanews.com\/index.php\/wp-json\/wp\/v2\/tags?post=209897"}],"curies":[{"name":"wp","href":"https:\/\/api.w.org\/{rel}","templated":true}]}}