{"id":209904,"date":"2025-01-09T05:50:00","date_gmt":"2025-01-09T08:50:00","guid":{"rendered":"https:\/\/www.gaveanews.com\/?p=209904"},"modified":"2025-01-08T22:38:42","modified_gmt":"2025-01-09T01:38:42","slug":"baixas-no-treino-desistencia-de-contratacao-e-declaracao-de-caixinha-as-ultimas-noticias-do-santos","status":"publish","type":"post","link":"https:\/\/www.gaveanews.com\/index.php\/2025\/01\/09\/baixas-no-treino-desistencia-de-contratacao-e-declaracao-de-caixinha-as-ultimas-noticias-do-santos\/","title":{"rendered":"Baixas no treino, desist\u00eancia de contrata\u00e7\u00e3o e declara\u00e7\u00e3o de Caixinha: as \u00faltimas not\u00edcias do Santos"},"content":{"rendered":"\n<p>Nas \u00faltimas horas, o foco das not\u00edcias sobre Santos se concentram nos bastidores do<br>clube, com destaques do dia a dia do time.<\/p>\n\n\n\n<p>Por conta deste contexto, leia abaixo um resumo preparado pela equipe do portal G\u00e1vea News para lhe manter muito bem informado!<\/p>\n\n\n\n<h2 class=\"wp-block-heading\" id=\"h-declaracao-de-caixinha\">Declara\u00e7\u00e3o de Caixinha<\/h2>\n\n\n\n<p>Pedro Caixinha foi oficialmente apresentado como novo t\u00e9cnico do Santos e destacou a import\u00e2ncia de implementar &#8220;identidade, modernidade e unidade&#8221; no clube. O portugu\u00eas demonstrou otimismo com o projeto e enfatizou sua conex\u00e3o com a filosofia do Santos. Ele tamb\u00e9m abordou a valoriza\u00e7\u00e3o dos Meninos da Vila, afirmando que compet\u00eancia e ambi\u00e7\u00e3o ser\u00e3o os crit\u00e9rios para oportunidades no time principal, independentemente da idade <strong><a href=\"https:\/\/www.gaveanews.com\/index.php\/2025\/01\/08\/a-declaracao-de-pedro-caixinha-direcionada-aos-meninos-da-vila\/\">(leia a mat\u00e9ria completa).<\/a><\/strong><\/p>\n\n\n\n<figure class=\"wp-block-image size-large\"><img loading=\"lazy\" decoding=\"async\" width=\"1024\" height=\"1024\" src=\"https:\/\/www.gaveanews.com\/wp-content\/uploads\/redbullbragantino_1722302453979-1024x1024.webp\" alt=\"\" class=\"wp-image-155280\" srcset=\"https:\/\/www.gaveanews.com\/wp-content\/uploads\/redbullbragantino_1722302453979-1024x1024.webp 1024w, https:\/\/www.gaveanews.com\/wp-content\/uploads\/redbullbragantino_1722302453979-300x300.webp 300w, https:\/\/www.gaveanews.com\/wp-content\/uploads\/redbullbragantino_1722302453979-150x150.webp 150w, https:\/\/www.gaveanews.com\/wp-content\/uploads\/redbullbragantino_1722302453979-768x768.webp 768w, https:\/\/www.gaveanews.com\/wp-content\/uploads\/redbullbragantino_1722302453979-420x420.webp 420w, https:\/\/www.gaveanews.com\/wp-content\/uploads\/redbullbragantino_1722302453979-840x840.webp 840w, https:\/\/www.gaveanews.com\/wp-content\/uploads\/redbullbragantino_1722302453979-640x640.webp 640w, https:\/\/www.gaveanews.com\/wp-content\/uploads\/redbullbragantino_1722302453979-1280x1280.webp 1280w, https:\/\/www.gaveanews.com\/wp-content\/uploads\/redbullbragantino_1722302453979-681x681.webp 681w, https:\/\/www.gaveanews.com\/wp-content\/uploads\/redbullbragantino_1722302453979-1362x1362.webp 1362w, https:\/\/www.gaveanews.com\/wp-content\/uploads\/redbullbragantino_1722302453979-100x100.webp 100w, https:\/\/www.gaveanews.com\/wp-content\/uploads\/redbullbragantino_1722302453979.webp 1440w\" sizes=\"auto, (max-width: 1024px) 100vw, 1024px\" \/><figcaption class=\"wp-element-caption\">Pedro Miguel Faria Caixinha em a\u00e7\u00e3o pelo Red Bull Bragantino em 2024 (Foto: Reprodu\u00e7\u00e3o\/Red Bull Bragantino)<\/figcaption><\/figure>\n\n\n\n<p>Sobre refor\u00e7os, Caixinha mencionou a poss\u00edvel contrata\u00e7\u00e3o de Thaciano, elogiando sua versatilidade e experi\u00eancia. Apesar disso, o t\u00e9cnico preferiu deixar quest\u00f5es sobre mudan\u00e7as no elenco para o diretor de futebol Pedro Martins. <\/p>\n\n\n\n<p>Caixinha ressaltou que deseja um elenco competitivo, com dois jogadores por posi\u00e7\u00e3o, onde o desempenho nos treinos definir\u00e1 as escala\u00e7\u00f5es.<\/p>\n\n\n\n<p>O t\u00e9cnico ainda demonstrou abertura ao aproveitamento de jovens como Luca, Hyan, Souza e Chermont, refor\u00e7ando que a base ser\u00e1 defendida e valorizada sempre que poss\u00edvel. Com foco na uni\u00e3o entre elenco e comiss\u00e3o t\u00e9cnica, Caixinha visa colocar o Santos em uma trajet\u00f3ria de conquistas na temporada de 2025.<\/p>\n\n\n\n<h2 class=\"wp-block-heading\" id=\"h-desistencia-de-contratacao\">Desist\u00eancia de contrata\u00e7\u00e3o<\/h2>\n\n\n\n<p>O Santos desistiu de contratar Thiago Maia devido \u00e0 complexidade financeira da negocia\u00e7\u00e3o. O clube precisaria desembolsar cerca de 6,5 milh\u00f5es de euros (aproximadamente R$ 40,9 milh\u00f5es), valor que seria dividido entre Internacional e Flamengo. Al\u00e9m disso, o Internacional prop\u00f4s o parcelamento de uma parte do valor, o que somado \u00e0 d\u00edvida pendente do clube ga\u00facho com o Flamengo, complicou ainda mais as tratativas<strong><a href=\"https:\/\/www.gaveanews.com\/index.php\/2025\/01\/08\/santos-desiste-de-contratacao-de-reforco\/\"> (leia a mat\u00e9ria completa).<\/a><\/strong><\/p>\n\n\n\n<figure class=\"wp-block-image size-full\"><img loading=\"lazy\" decoding=\"async\" width=\"774\" height=\"508\" src=\"https:\/\/www.gaveanews.com\/wp-content\/uploads\/Thiago-Maia-em-acao-pelo-Internacional.webp\" alt=\"\" class=\"wp-image-169849\" srcset=\"https:\/\/www.gaveanews.com\/wp-content\/uploads\/Thiago-Maia-em-acao-pelo-Internacional.webp 774w, https:\/\/www.gaveanews.com\/wp-content\/uploads\/Thiago-Maia-em-acao-pelo-Internacional-300x197.webp 300w, https:\/\/www.gaveanews.com\/wp-content\/uploads\/Thiago-Maia-em-acao-pelo-Internacional-768x504.webp 768w, https:\/\/www.gaveanews.com\/wp-content\/uploads\/Thiago-Maia-em-acao-pelo-Internacional-640x420.webp 640w, https:\/\/www.gaveanews.com\/wp-content\/uploads\/Thiago-Maia-em-acao-pelo-Internacional-681x447.webp 681w, https:\/\/www.gaveanews.com\/wp-content\/uploads\/Thiago-Maia-em-acao-pelo-Internacional-100x66.webp 100w\" sizes=\"auto, (max-width: 774px) 100vw, 774px\" \/><figcaption class=\"wp-element-caption\">Thiago Maia em a\u00e7\u00e3o pelo Internacional (Foto: Divulga\u00e7\u00e3o\/Internacional)<\/figcaption><\/figure>\n\n\n\n<p>A situa\u00e7\u00e3o financeira entre os clubes adicionou obst\u00e1culos \u00e0 opera\u00e7\u00e3o. O Flamengo acionou a C\u00e2mara Nacional de Resolu\u00e7\u00e3o de Disputas (CNRD) para cobrar uma parcela de 250 mil euros n\u00e3o paga pelo Internacional. Esses fatores contribu\u00edram para que o Santos encerrasse as negocia\u00e7\u00f5es, mesmo demonstrando interesse em repatriar o jogador.<\/p>\n\n\n\n<p>Thiago Maia, formado nas categorias de base do Santos, construiu uma carreira que inclui passagens pelo Lille, Flamengo e Internacional. Apesar do potencial refor\u00e7o que representaria, os entraves financeiros foram decisivos para que o clube da Vila Belmiro optasse por n\u00e3o prosseguir com a contrata\u00e7\u00e3o.<\/p>\n\n\n\n<h2 class=\"wp-block-heading\" id=\"h-baixas-no-treino\">Baixas no treino<\/h2>\n\n\n\n<p>O treino do Santos desta ter\u00e7a-feira foi marcado pelas aus\u00eancias dos atacantes Guilherme e Yusupha Njie, afastados devido a uma virose que tem afetado a Baixada Santista. Anteriormente, outros jogadores como Luan Peres e Hyan tamb\u00e9m apresentaram sintomas, mas j\u00e1 retornaram \u00e0s atividades. A situa\u00e7\u00e3o preocupa o clube, especialmente com a estreia no Campeonato Paulista se aproximando <strong><a href=\"https:\/\/www.gaveanews.com\/index.php\/2025\/01\/08\/treino-do-santos-e-marcado-por-duas-baixas\/\">(leia a mat\u00e9ria completa).<\/a><\/strong><\/p>\n\n\n\n<figure class=\"wp-block-image size-full\"><img loading=\"lazy\" decoding=\"async\" width=\"1024\" height=\"687\" src=\"https:\/\/www.gaveanews.com\/wp-content\/uploads\/53073442584_0832c1ba3c_k-1024x687-1.webp\" alt=\"\" class=\"wp-image-141836\" srcset=\"https:\/\/www.gaveanews.com\/wp-content\/uploads\/53073442584_0832c1ba3c_k-1024x687-1.webp 1024w, https:\/\/www.gaveanews.com\/wp-content\/uploads\/53073442584_0832c1ba3c_k-1024x687-1-300x201.webp 300w, https:\/\/www.gaveanews.com\/wp-content\/uploads\/53073442584_0832c1ba3c_k-1024x687-1-768x515.webp 768w, https:\/\/www.gaveanews.com\/wp-content\/uploads\/53073442584_0832c1ba3c_k-1024x687-1-626x420.webp 626w, https:\/\/www.gaveanews.com\/wp-content\/uploads\/53073442584_0832c1ba3c_k-1024x687-1-537x360.webp 537w, https:\/\/www.gaveanews.com\/wp-content\/uploads\/53073442584_0832c1ba3c_k-1024x687-1-640x429.webp 640w, https:\/\/www.gaveanews.com\/wp-content\/uploads\/53073442584_0832c1ba3c_k-1024x687-1-681x457.webp 681w, https:\/\/www.gaveanews.com\/wp-content\/uploads\/53073442584_0832c1ba3c_k-1024x687-1-1022x687.webp 1022w, https:\/\/www.gaveanews.com\/wp-content\/uploads\/53073442584_0832c1ba3c_k-1024x687-1-100x67.webp 100w\" sizes=\"auto, (max-width: 1024px) 100vw, 1024px\" \/><figcaption class=\"wp-element-caption\">Cr\u00e9ditos: Raul Baretta\/Santos FC<\/figcaption><\/figure>\n\n\n\n<p>Al\u00e9m dos atacantes, o zagueiro Luis\u00e3o tamb\u00e9m n\u00e3o participou dos treinos no campo, realizando apenas atividades de fortalecimento muscular na academia. Mesmo com as baixas, o t\u00e9cnico Pedro Caixinha manteve o foco no treinamento, enfatizando a posse de bola e a sa\u00edda sob press\u00e3o, enquanto ajusta a equipe para o primeiro compromisso oficial contra o Mirassol, no dia 16 de janeiro.<\/p>\n\n\n\n<p>O surto de virose tem sido um desafio para o planejamento do Santos, que busca manter o ritmo de prepara\u00e7\u00e3o sem comprometer a sa\u00fade do elenco. A equipe ainda realizar\u00e1 um jogo-treino contra o Athletic-MG, que servir\u00e1 como teste para avaliar a evolu\u00e7\u00e3o t\u00e1tica e f\u00edsica dos jogadores.<\/p>\n","protected":false},"excerpt":{"rendered":"<p>Nas \u00faltimas horas, o foco das not\u00edcias sobre Santos se concentram nos bastidores doclube, com destaques do dia a dia do time. Por conta deste contexto, leia abaixo um resumo preparado pela equipe do portal G\u00e1vea News para lhe manter muito bem informado! Declara\u00e7\u00e3o de Caixinha Pedro Caixinha foi oficialmente apresentado como novo t\u00e9cnico do [&hellip;]<\/p>\n","protected":false},"author":27,"featured_media":152156,"comment_status":"open","ping_status":"closed","sticky":false,"template":"","format":"standard","meta":{"footnotes":""},"categories":[139],"tags":[],"class_list":["post-209904","post","type-post","status-publish","format-standard","has-post-thumbnail","hentry","category-santos"],"yoast_head":"<!-- This site is optimized with the Yoast SEO Premium plugin v24.2 (Yoast SEO v26.9) - https:\/\/yoast.com\/product\/yoast-seo-premium-wordpress\/ -->\n<title>Baixas no treino, desist\u00eancia de contrata\u00e7\u00e3o e declara\u00e7\u00e3o de Caixinha: as \u00faltimas not\u00edcias do Santos<\/title>\n<meta name=\"robots\" content=\"index, follow, max-snippet:-1, max-image-preview:large, max-video-preview:-1\" \/>\n<link rel=\"canonical\" href=\"https:\/\/www.gaveanews.com\/index.php\/2025\/01\/09\/baixas-no-treino-desistencia-de-contratacao-e-declaracao-de-caixinha-as-ultimas-noticias-do-santos\/\" \/>\n<meta property=\"og:locale\" content=\"pt_BR\" \/>\n<meta property=\"og:type\" content=\"article\" \/>\n<meta property=\"og:title\" content=\"Baixas no treino, desist\u00eancia de contrata\u00e7\u00e3o e declara\u00e7\u00e3o de Caixinha: as \u00faltimas not\u00edcias do Santos\" \/>\n<meta property=\"og:description\" content=\"Nas \u00faltimas horas, o foco das not\u00edcias sobre Santos se concentram nos bastidores doclube, com destaques do dia a dia do time. Por conta deste contexto, leia abaixo um resumo preparado pela equipe do portal G\u00e1vea News para lhe manter muito bem informado! Declara\u00e7\u00e3o de Caixinha Pedro Caixinha foi oficialmente apresentado como novo t\u00e9cnico do [&hellip;]\" \/>\n<meta property=\"og:url\" content=\"https:\/\/www.gaveanews.com\/index.php\/2025\/01\/09\/baixas-no-treino-desistencia-de-contratacao-e-declaracao-de-caixinha-as-ultimas-noticias-do-santos\/\" \/>\n<meta property=\"og:site_name\" content=\"G\u00e1vea News\" \/>\n<meta property=\"article:publisher\" content=\"https:\/\/facebook.com\/gaveaNews\/\" \/>\n<meta property=\"article:published_time\" content=\"2025-01-09T08:50:00+00:00\" \/>\n<meta property=\"og:image\" content=\"https:\/\/www.gaveanews.com\/wp-content\/uploads\/Escudo-do-Santos-1.webp\" \/>\n\t<meta property=\"og:image:width\" content=\"1300\" \/>\n\t<meta property=\"og:image:height\" content=\"1056\" \/>\n\t<meta property=\"og:image:type\" content=\"image\/webp\" \/>\n<meta name=\"author\" content=\"Matheus Felipe\" \/>\n<meta name=\"twitter:card\" content=\"summary_large_image\" \/>\n<meta name=\"twitter:label1\" content=\"Escrito por\" \/>\n\t<meta name=\"twitter:data1\" content=\"Matheus Felipe\" \/>\n\t<meta name=\"twitter:label2\" content=\"Est. tempo de leitura\" \/>\n\t<meta name=\"twitter:data2\" content=\"5 minutos\" \/>\n<script type=\"application\/ld+json\" class=\"yoast-schema-graph\">{\"@context\":\"https:\/\/schema.org\",\"@graph\":[{\"@type\":\"NewsArticle\",\"@id\":\"https:\/\/www.gaveanews.com\/index.php\/2025\/01\/09\/baixas-no-treino-desistencia-de-contratacao-e-declaracao-de-caixinha-as-ultimas-noticias-do-santos\/#article\",\"isPartOf\":{\"@id\":\"https:\/\/www.gaveanews.com\/index.php\/2025\/01\/09\/baixas-no-treino-desistencia-de-contratacao-e-declaracao-de-caixinha-as-ultimas-noticias-do-santos\/\"},\"author\":{\"name\":\"Matheus Felipe\",\"@id\":\"https:\/\/www.gaveanews.com\/#\/schema\/person\/8207cd4627f56151707418bfc835b2fb\"},\"headline\":\"Baixas no treino, desist\u00eancia de contrata\u00e7\u00e3o e declara\u00e7\u00e3o de Caixinha: as \u00faltimas not\u00edcias do Santos\",\"datePublished\":\"2025-01-09T08:50:00+00:00\",\"mainEntityOfPage\":{\"@id\":\"https:\/\/www.gaveanews.com\/index.php\/2025\/01\/09\/baixas-no-treino-desistencia-de-contratacao-e-declaracao-de-caixinha-as-ultimas-noticias-do-santos\/\"},\"wordCount\":667,\"commentCount\":0,\"image\":{\"@id\":\"https:\/\/www.gaveanews.com\/index.php\/2025\/01\/09\/baixas-no-treino-desistencia-de-contratacao-e-declaracao-de-caixinha-as-ultimas-noticias-do-santos\/#primaryimage\"},\"thumbnailUrl\":\"https:\/\/www.gaveanews.com\/wp-content\/uploads\/Escudo-do-Santos-1.webp\",\"articleSection\":[\"Santos\"],\"inLanguage\":\"pt-BR\",\"potentialAction\":[{\"@type\":\"CommentAction\",\"name\":\"Comment\",\"target\":[\"https:\/\/www.gaveanews.com\/index.php\/2025\/01\/09\/baixas-no-treino-desistencia-de-contratacao-e-declaracao-de-caixinha-as-ultimas-noticias-do-santos\/#respond\"]}],\"copyrightYear\":\"2025\",\"copyrightHolder\":{\"@id\":\"https:\/\/www.gaveanews.com\/#organization\"}},{\"@type\":\"WebPage\",\"@id\":\"https:\/\/www.gaveanews.com\/index.php\/2025\/01\/09\/baixas-no-treino-desistencia-de-contratacao-e-declaracao-de-caixinha-as-ultimas-noticias-do-santos\/\",\"url\":\"https:\/\/www.gaveanews.com\/index.php\/2025\/01\/09\/baixas-no-treino-desistencia-de-contratacao-e-declaracao-de-caixinha-as-ultimas-noticias-do-santos\/\",\"name\":\"Baixas no treino, desist\u00eancia de contrata\u00e7\u00e3o e declara\u00e7\u00e3o de Caixinha: as \u00faltimas not\u00edcias do Santos\",\"isPartOf\":{\"@id\":\"https:\/\/www.gaveanews.com\/#website\"},\"primaryImageOfPage\":{\"@id\":\"https:\/\/www.gaveanews.com\/index.php\/2025\/01\/09\/baixas-no-treino-desistencia-de-contratacao-e-declaracao-de-caixinha-as-ultimas-noticias-do-santos\/#primaryimage\"},\"image\":{\"@id\":\"https:\/\/www.gaveanews.com\/index.php\/2025\/01\/09\/baixas-no-treino-desistencia-de-contratacao-e-declaracao-de-caixinha-as-ultimas-noticias-do-santos\/#primaryimage\"},\"thumbnailUrl\":\"https:\/\/www.gaveanews.com\/wp-content\/uploads\/Escudo-do-Santos-1.webp\",\"datePublished\":\"2025-01-09T08:50:00+00:00\",\"author\":{\"@id\":\"https:\/\/www.gaveanews.com\/#\/schema\/person\/8207cd4627f56151707418bfc835b2fb\"},\"breadcrumb\":{\"@id\":\"https:\/\/www.gaveanews.com\/index.php\/2025\/01\/09\/baixas-no-treino-desistencia-de-contratacao-e-declaracao-de-caixinha-as-ultimas-noticias-do-santos\/#breadcrumb\"},\"inLanguage\":\"pt-BR\",\"potentialAction\":[{\"@type\":\"ReadAction\",\"target\":[\"https:\/\/www.gaveanews.com\/index.php\/2025\/01\/09\/baixas-no-treino-desistencia-de-contratacao-e-declaracao-de-caixinha-as-ultimas-noticias-do-santos\/\"]}]},{\"@type\":\"ImageObject\",\"inLanguage\":\"pt-BR\",\"@id\":\"https:\/\/www.gaveanews.com\/index.php\/2025\/01\/09\/baixas-no-treino-desistencia-de-contratacao-e-declaracao-de-caixinha-as-ultimas-noticias-do-santos\/#primaryimage\",\"url\":\"https:\/\/www.gaveanews.com\/wp-content\/uploads\/Escudo-do-Santos-1.webp\",\"contentUrl\":\"https:\/\/www.gaveanews.com\/wp-content\/uploads\/Escudo-do-Santos-1.webp\",\"width\":1300,\"height\":1056,\"caption\":\"Escudo do Santos (Foto: Reprodu\u00e7\u00e3o\/Instagram)\"},{\"@type\":\"BreadcrumbList\",\"@id\":\"https:\/\/www.gaveanews.com\/index.php\/2025\/01\/09\/baixas-no-treino-desistencia-de-contratacao-e-declaracao-de-caixinha-as-ultimas-noticias-do-santos\/#breadcrumb\",\"itemListElement\":[{\"@type\":\"ListItem\",\"position\":1,\"name\":\"Home\",\"item\":\"https:\/\/www.gaveanews.com\/\"},{\"@type\":\"ListItem\",\"position\":2,\"name\":\"Baixas no treino, desist\u00eancia de contrata\u00e7\u00e3o e declara\u00e7\u00e3o de Caixinha: as \u00faltimas not\u00edcias do Santos\"}]},{\"@type\":\"WebSite\",\"@id\":\"https:\/\/www.gaveanews.com\/#website\",\"url\":\"https:\/\/www.gaveanews.com\/\",\"name\":\"G\u00e1vea News\",\"description\":\"Veja todas as not\u00edcias sobre o Flamengo: Contrata\u00e7\u00f5es, categorias de base, resultados das partidas, tabela de classifica\u00e7\u00e3o, pr\u00f3ximos jogos!\",\"potentialAction\":[{\"@type\":\"SearchAction\",\"target\":{\"@type\":\"EntryPoint\",\"urlTemplate\":\"https:\/\/www.gaveanews.com\/?s={search_term_string}\"},\"query-input\":{\"@type\":\"PropertyValueSpecification\",\"valueRequired\":true,\"valueName\":\"search_term_string\"}}],\"inLanguage\":\"pt-BR\"},{\"@type\":\"Person\",\"@id\":\"https:\/\/www.gaveanews.com\/#\/schema\/person\/8207cd4627f56151707418bfc835b2fb\",\"name\":\"Matheus Felipe\",\"image\":{\"@type\":\"ImageObject\",\"inLanguage\":\"pt-BR\",\"@id\":\"https:\/\/www.gaveanews.com\/#\/schema\/person\/image\/\",\"url\":\"https:\/\/secure.gravatar.com\/avatar\/a452ffbed9130f726358b298bb3a99ce4bd3c5338411f8440e87e14d74c7c087?s=96&d=mm&r=g\",\"contentUrl\":\"https:\/\/secure.gravatar.com\/avatar\/a452ffbed9130f726358b298bb3a99ce4bd3c5338411f8440e87e14d74c7c087?s=96&d=mm&r=g\",\"caption\":\"Matheus Felipe\"}}]}<\/script>\n<!-- \/ Yoast SEO Premium plugin. -->","yoast_head_json":{"title":"Baixas no treino, desist\u00eancia de contrata\u00e7\u00e3o e declara\u00e7\u00e3o de Caixinha: as \u00faltimas not\u00edcias do Santos","robots":{"index":"index","follow":"follow","max-snippet":"max-snippet:-1","max-image-preview":"max-image-preview:large","max-video-preview":"max-video-preview:-1"},"canonical":"https:\/\/www.gaveanews.com\/index.php\/2025\/01\/09\/baixas-no-treino-desistencia-de-contratacao-e-declaracao-de-caixinha-as-ultimas-noticias-do-santos\/","og_locale":"pt_BR","og_type":"article","og_title":"Baixas no treino, desist\u00eancia de contrata\u00e7\u00e3o e declara\u00e7\u00e3o de Caixinha: as \u00faltimas not\u00edcias do Santos","og_description":"Nas \u00faltimas horas, o foco das not\u00edcias sobre Santos se concentram nos bastidores doclube, com destaques do dia a dia do time. Por conta deste contexto, leia abaixo um resumo preparado pela equipe do portal G\u00e1vea News para lhe manter muito bem informado! Declara\u00e7\u00e3o de Caixinha Pedro Caixinha foi oficialmente apresentado como novo t\u00e9cnico do [&hellip;]","og_url":"https:\/\/www.gaveanews.com\/index.php\/2025\/01\/09\/baixas-no-treino-desistencia-de-contratacao-e-declaracao-de-caixinha-as-ultimas-noticias-do-santos\/","og_site_name":"G\u00e1vea News","article_publisher":"https:\/\/facebook.com\/gaveaNews\/","article_published_time":"2025-01-09T08:50:00+00:00","og_image":[{"width":1300,"height":1056,"url":"https:\/\/www.gaveanews.com\/wp-content\/uploads\/Escudo-do-Santos-1.webp","type":"image\/webp"}],"author":"Matheus Felipe","twitter_card":"summary_large_image","twitter_misc":{"Escrito por":"Matheus Felipe","Est. tempo de leitura":"5 minutos"},"schema":{"@context":"https:\/\/schema.org","@graph":[{"@type":"NewsArticle","@id":"https:\/\/www.gaveanews.com\/index.php\/2025\/01\/09\/baixas-no-treino-desistencia-de-contratacao-e-declaracao-de-caixinha-as-ultimas-noticias-do-santos\/#article","isPartOf":{"@id":"https:\/\/www.gaveanews.com\/index.php\/2025\/01\/09\/baixas-no-treino-desistencia-de-contratacao-e-declaracao-de-caixinha-as-ultimas-noticias-do-santos\/"},"author":{"name":"Matheus Felipe","@id":"https:\/\/www.gaveanews.com\/#\/schema\/person\/8207cd4627f56151707418bfc835b2fb"},"headline":"Baixas no treino, desist\u00eancia de contrata\u00e7\u00e3o e declara\u00e7\u00e3o de Caixinha: as \u00faltimas not\u00edcias do Santos","datePublished":"2025-01-09T08:50:00+00:00","mainEntityOfPage":{"@id":"https:\/\/www.gaveanews.com\/index.php\/2025\/01\/09\/baixas-no-treino-desistencia-de-contratacao-e-declaracao-de-caixinha-as-ultimas-noticias-do-santos\/"},"wordCount":667,"commentCount":0,"image":{"@id":"https:\/\/www.gaveanews.com\/index.php\/2025\/01\/09\/baixas-no-treino-desistencia-de-contratacao-e-declaracao-de-caixinha-as-ultimas-noticias-do-santos\/#primaryimage"},"thumbnailUrl":"https:\/\/www.gaveanews.com\/wp-content\/uploads\/Escudo-do-Santos-1.webp","articleSection":["Santos"],"inLanguage":"pt-BR","potentialAction":[{"@type":"CommentAction","name":"Comment","target":["https:\/\/www.gaveanews.com\/index.php\/2025\/01\/09\/baixas-no-treino-desistencia-de-contratacao-e-declaracao-de-caixinha-as-ultimas-noticias-do-santos\/#respond"]}],"copyrightYear":"2025","copyrightHolder":{"@id":"https:\/\/www.gaveanews.com\/#organization"}},{"@type":"WebPage","@id":"https:\/\/www.gaveanews.com\/index.php\/2025\/01\/09\/baixas-no-treino-desistencia-de-contratacao-e-declaracao-de-caixinha-as-ultimas-noticias-do-santos\/","url":"https:\/\/www.gaveanews.com\/index.php\/2025\/01\/09\/baixas-no-treino-desistencia-de-contratacao-e-declaracao-de-caixinha-as-ultimas-noticias-do-santos\/","name":"Baixas no treino, desist\u00eancia de contrata\u00e7\u00e3o e declara\u00e7\u00e3o de Caixinha: as \u00faltimas not\u00edcias do Santos","isPartOf":{"@id":"https:\/\/www.gaveanews.com\/#website"},"primaryImageOfPage":{"@id":"https:\/\/www.gaveanews.com\/index.php\/2025\/01\/09\/baixas-no-treino-desistencia-de-contratacao-e-declaracao-de-caixinha-as-ultimas-noticias-do-santos\/#primaryimage"},"image":{"@id":"https:\/\/www.gaveanews.com\/index.php\/2025\/01\/09\/baixas-no-treino-desistencia-de-contratacao-e-declaracao-de-caixinha-as-ultimas-noticias-do-santos\/#primaryimage"},"thumbnailUrl":"https:\/\/www.gaveanews.com\/wp-content\/uploads\/Escudo-do-Santos-1.webp","datePublished":"2025-01-09T08:50:00+00:00","author":{"@id":"https:\/\/www.gaveanews.com\/#\/schema\/person\/8207cd4627f56151707418bfc835b2fb"},"breadcrumb":{"@id":"https:\/\/www.gaveanews.com\/index.php\/2025\/01\/09\/baixas-no-treino-desistencia-de-contratacao-e-declaracao-de-caixinha-as-ultimas-noticias-do-santos\/#breadcrumb"},"inLanguage":"pt-BR","potentialAction":[{"@type":"ReadAction","target":["https:\/\/www.gaveanews.com\/index.php\/2025\/01\/09\/baixas-no-treino-desistencia-de-contratacao-e-declaracao-de-caixinha-as-ultimas-noticias-do-santos\/"]}]},{"@type":"ImageObject","inLanguage":"pt-BR","@id":"https:\/\/www.gaveanews.com\/index.php\/2025\/01\/09\/baixas-no-treino-desistencia-de-contratacao-e-declaracao-de-caixinha-as-ultimas-noticias-do-santos\/#primaryimage","url":"https:\/\/www.gaveanews.com\/wp-content\/uploads\/Escudo-do-Santos-1.webp","contentUrl":"https:\/\/www.gaveanews.com\/wp-content\/uploads\/Escudo-do-Santos-1.webp","width":1300,"height":1056,"caption":"Escudo do Santos (Foto: Reprodu\u00e7\u00e3o\/Instagram)"},{"@type":"BreadcrumbList","@id":"https:\/\/www.gaveanews.com\/index.php\/2025\/01\/09\/baixas-no-treino-desistencia-de-contratacao-e-declaracao-de-caixinha-as-ultimas-noticias-do-santos\/#breadcrumb","itemListElement":[{"@type":"ListItem","position":1,"name":"Home","item":"https:\/\/www.gaveanews.com\/"},{"@type":"ListItem","position":2,"name":"Baixas no treino, desist\u00eancia de contrata\u00e7\u00e3o e declara\u00e7\u00e3o de Caixinha: as \u00faltimas not\u00edcias do Santos"}]},{"@type":"WebSite","@id":"https:\/\/www.gaveanews.com\/#website","url":"https:\/\/www.gaveanews.com\/","name":"G\u00e1vea News","description":"Veja todas as not\u00edcias sobre o Flamengo: Contrata\u00e7\u00f5es, categorias de base, resultados das partidas, tabela de classifica\u00e7\u00e3o, pr\u00f3ximos jogos!","potentialAction":[{"@type":"SearchAction","target":{"@type":"EntryPoint","urlTemplate":"https:\/\/www.gaveanews.com\/?s={search_term_string}"},"query-input":{"@type":"PropertyValueSpecification","valueRequired":true,"valueName":"search_term_string"}}],"inLanguage":"pt-BR"},{"@type":"Person","@id":"https:\/\/www.gaveanews.com\/#\/schema\/person\/8207cd4627f56151707418bfc835b2fb","name":"Matheus Felipe","image":{"@type":"ImageObject","inLanguage":"pt-BR","@id":"https:\/\/www.gaveanews.com\/#\/schema\/person\/image\/","url":"https:\/\/secure.gravatar.com\/avatar\/a452ffbed9130f726358b298bb3a99ce4bd3c5338411f8440e87e14d74c7c087?s=96&d=mm&r=g","contentUrl":"https:\/\/secure.gravatar.com\/avatar\/a452ffbed9130f726358b298bb3a99ce4bd3c5338411f8440e87e14d74c7c087?s=96&d=mm&r=g","caption":"Matheus Felipe"}}]}},"_links":{"self":[{"href":"https:\/\/www.gaveanews.com\/index.php\/wp-json\/wp\/v2\/posts\/209904","targetHints":{"allow":["GET"]}}],"collection":[{"href":"https:\/\/www.gaveanews.com\/index.php\/wp-json\/wp\/v2\/posts"}],"about":[{"href":"https:\/\/www.gaveanews.com\/index.php\/wp-json\/wp\/v2\/types\/post"}],"author":[{"embeddable":true,"href":"https:\/\/www.gaveanews.com\/index.php\/wp-json\/wp\/v2\/users\/27"}],"replies":[{"embeddable":true,"href":"https:\/\/www.gaveanews.com\/index.php\/wp-json\/wp\/v2\/comments?post=209904"}],"version-history":[{"count":1,"href":"https:\/\/www.gaveanews.com\/index.php\/wp-json\/wp\/v2\/posts\/209904\/revisions"}],"predecessor-version":[{"id":209912,"href":"https:\/\/www.gaveanews.com\/index.php\/wp-json\/wp\/v2\/posts\/209904\/revisions\/209912"}],"wp:featuredmedia":[{"embeddable":true,"href":"https:\/\/www.gaveanews.com\/index.php\/wp-json\/wp\/v2\/media\/152156"}],"wp:attachment":[{"href":"https:\/\/www.gaveanews.com\/index.php\/wp-json\/wp\/v2\/media?parent=209904"}],"wp:term":[{"taxonomy":"category","embeddable":true,"href":"https:\/\/www.gaveanews.com\/index.php\/wp-json\/wp\/v2\/categories?post=209904"},{"taxonomy":"post_tag","embeddable":true,"href":"https:\/\/www.gaveanews.com\/index.php\/wp-json\/wp\/v2\/tags?post=209904"}],"curies":[{"name":"wp","href":"https:\/\/api.w.org\/{rel}","templated":true}]}}