{"id":209909,"date":"2025-01-09T06:15:00","date_gmt":"2025-01-09T09:15:00","guid":{"rendered":"https:\/\/www.gaveanews.com\/?p=209909"},"modified":"2025-01-08T22:50:00","modified_gmt":"2025-01-09T01:50:00","slug":"duas-saidas-atitude-de-david-luiz-e-retorno-das-ferias-as-ultimas-noticias-do-corinthians","status":"publish","type":"post","link":"https:\/\/www.gaveanews.com\/index.php\/2025\/01\/09\/duas-saidas-atitude-de-david-luiz-e-retorno-das-ferias-as-ultimas-noticias-do-corinthians\/","title":{"rendered":"Duas sa\u00eddas, atitude de David Luiz e retorno das f\u00e9rias: as \u00faltimas not\u00edcias do Corinthians"},"content":{"rendered":"\n<p>Nas \u00faltimas horas, o foco das not\u00edcias sobre o Corinthians se concentram nos bastidores do clube, com destaques do dia a dia do time.<\/p>\n\n\n\n<p>Por conta deste contexto, leia abaixo um resumo preparado pela equipe do portal G\u00e1vea News para lhe manter muito bem informado!<\/p>\n\n\n\n<h2 class=\"wp-block-heading\" id=\"h-retorno-das-ferias\">Retorno das f\u00e9rias<\/h2>\n\n\n\n<p>Os jogadores Gustavo Henrique e Yuri Alberto, do Corinthians, demonstraram compromisso com a nova temporada ao anteciparem o retorno das f\u00e9rias para manter o preparo f\u00edsico. Sob a supervis\u00e3o de um profissional, ambos realizaram treinos focados em for\u00e7a e resist\u00eancia, sem o uso de bola, conforme registros compartilhados pelo perfil GJ Sports Science no Instagram. A dupla teve pap\u00e9is fundamentais em 2024, com Yuri Alberto se destacando como artilheiro do Brasileir\u00e3o, com 15 gols, e Gustavo Henrique contribuindo com 36 partidas e dois gols em sua estreia pelo clube <strong><a href=\"https:\/\/www.gaveanews.com\/index.php\/2025\/01\/07\/foco-dupla-do-corinthians-antecipa-retorno-das-ferias\/\">(leia a mat\u00e9ria completa).<\/a><\/strong><\/p>\n\n\n\n<figure class=\"wp-block-image size-full\"><img loading=\"lazy\" decoding=\"async\" width=\"941\" height=\"604\" src=\"https:\/\/www.gaveanews.com\/wp-content\/uploads\/Yuri-Alberto-em-acao-pelo-Corinthians.webp\" alt=\"\" class=\"wp-image-171334\" srcset=\"https:\/\/www.gaveanews.com\/wp-content\/uploads\/Yuri-Alberto-em-acao-pelo-Corinthians.webp 941w, https:\/\/www.gaveanews.com\/wp-content\/uploads\/Yuri-Alberto-em-acao-pelo-Corinthians-300x194.webp 300w, https:\/\/www.gaveanews.com\/wp-content\/uploads\/Yuri-Alberto-em-acao-pelo-Corinthians-768x493.webp 768w, https:\/\/www.gaveanews.com\/wp-content\/uploads\/Yuri-Alberto-em-acao-pelo-Corinthians-654x420.webp 654w, https:\/\/www.gaveanews.com\/wp-content\/uploads\/Yuri-Alberto-em-acao-pelo-Corinthians-341x220.webp 341w, https:\/\/www.gaveanews.com\/wp-content\/uploads\/Yuri-Alberto-em-acao-pelo-Corinthians-640x411.webp 640w, https:\/\/www.gaveanews.com\/wp-content\/uploads\/Yuri-Alberto-em-acao-pelo-Corinthians-681x437.webp 681w, https:\/\/www.gaveanews.com\/wp-content\/uploads\/Yuri-Alberto-em-acao-pelo-Corinthians-100x64.webp 100w\" sizes=\"auto, (max-width: 941px) 100vw, 941px\" \/><figcaption class=\"wp-element-caption\">Yuri Alberto em a\u00e7\u00e3o pelo Corinthians (Foto: Rodrigo Coca\/Ag\u00eancia Corinthians)<\/figcaption><\/figure>\n\n\n\n<p>O atacante Yuri Alberto foi crucial para a boa fase do Corinthians, liderando a equipe em nove vit\u00f3rias consecutivas no Campeonato Brasileiro sob o comando de Ram\u00f3n D\u00edaz. <\/p>\n\n\n\n<p>Este desempenho lhe rendeu o t\u00edtulo de artilheiro do torneio, ao lado de Alerrandro, do Vit\u00f3ria, e superando nomes como Pedro, do Flamengo. Essa foi apenas a segunda vez que o Tim\u00e3o teve o artilheiro do Brasileir\u00e3o, a primeira sendo em 2017, com J\u00f4. Gustavo Henrique, por sua vez, refor\u00e7ou a defesa e adaptou-se rapidamente ao clube em sua primeira temporada.<\/p>\n\n\n\n<p>A dupla, junto ao restante do elenco, se reapresentar\u00e1 no CT Joaquim Grava nesta ter\u00e7a-feira, dia 7 de janeiro, para o in\u00edcio da prepara\u00e7\u00e3o para 2025. Com um calend\u00e1rio apertado, o Corinthians ter\u00e1 apenas uma semana de treinos antes de enfrentar o Red Bull Bragantino em sua estreia no Campeonato Paulista, no dia 16 de janeiro. A expectativa \u00e9 alta, e o comprometimento antecipado dos jogadores demonstra o foco em manter o bom n\u00edvel competitivo que marcou a reta final da temporada passada.<\/p>\n\n\n\n<h2 class=\"wp-block-heading\" id=\"h-atitude-de-david-luiz\">Atitude de David Luiz<\/h2>\n\n\n\n<p>O Corinthians desistiu oficialmente da contrata\u00e7\u00e3o de David Luiz ap\u00f3s a falta de resposta do jogador, que est\u00e1 livre no mercado desde sua sa\u00edda do Flamengo. A diretoria do clube considerava o zagueiro uma pe\u00e7a essencial para refor\u00e7ar a defesa na temporada de 2025, especialmente com a proximidade da Libertadores. Al\u00e9m de David Luiz, o clube tamb\u00e9m viu outra op\u00e7\u00e3o para a zaga, Luiz Felipe, acertar com o Olympique de Marseille, obrigando o Tim\u00e3o a intensificar sua busca por alternativas no mercado <strong><a href=\"https:\/\/www.gaveanews.com\/index.php\/2025\/01\/07\/atitude-de-david-luiz-incomoda-diretoria-do-corinthians\/\">(leia a mat\u00e9ria completa).<\/a><\/strong><\/p>\n\n\n\n<figure class=\"wp-block-image size-large\"><img loading=\"lazy\" decoding=\"async\" width=\"1024\" height=\"546\" src=\"https:\/\/www.gaveanews.com\/wp-content\/uploads\/David-Luiz-durante-entrevista-ao-The-Player-Tribune-1024x546.webp\" alt=\"\" class=\"wp-image-151087\" srcset=\"https:\/\/www.gaveanews.com\/wp-content\/uploads\/David-Luiz-durante-entrevista-ao-The-Player-Tribune-1024x546.webp 1024w, https:\/\/www.gaveanews.com\/wp-content\/uploads\/David-Luiz-durante-entrevista-ao-The-Player-Tribune-300x160.webp 300w, https:\/\/www.gaveanews.com\/wp-content\/uploads\/David-Luiz-durante-entrevista-ao-The-Player-Tribune-768x409.webp 768w, https:\/\/www.gaveanews.com\/wp-content\/uploads\/David-Luiz-durante-entrevista-ao-The-Player-Tribune-788x420.webp 788w, https:\/\/www.gaveanews.com\/wp-content\/uploads\/David-Luiz-durante-entrevista-ao-The-Player-Tribune-600x320.webp 600w, https:\/\/www.gaveanews.com\/wp-content\/uploads\/David-Luiz-durante-entrevista-ao-The-Player-Tribune-640x341.webp 640w, https:\/\/www.gaveanews.com\/wp-content\/uploads\/David-Luiz-durante-entrevista-ao-The-Player-Tribune-681x363.webp 681w, https:\/\/www.gaveanews.com\/wp-content\/uploads\/David-Luiz-durante-entrevista-ao-The-Player-Tribune-100x53.webp 100w, https:\/\/www.gaveanews.com\/wp-content\/uploads\/David-Luiz-durante-entrevista-ao-The-Player-Tribune.webp 1086w\" sizes=\"auto, (max-width: 1024px) 100vw, 1024px\" \/><figcaption class=\"wp-element-caption\">David Luiz durante entrevista ao The Players Tribune (Foto: Reprodu\u00e7\u00e3o)<\/figcaption><\/figure>\n\n\n\n<p>A chegada de um zagueiro experiente era considerada fundamental para fortalecer o elenco e garantir maior estabilidade defensiva nas competi\u00e7\u00f5es que est\u00e3o por vir, incluindo o Campeonato Paulista e a Libertadores. Contudo, as limita\u00e7\u00f5es financeiras do clube t\u00eam dificultado as negocia\u00e7\u00f5es. A janela de transfer\u00eancias segue aberta at\u00e9 o fim de fevereiro, o que d\u00e1 ao Corinthians mais tempo para buscar solu\u00e7\u00f5es vi\u00e1veis.<\/p>\n\n\n\n<p>Enquanto trabalha para refor\u00e7ar o elenco, o clube enfrenta outros desafios. O meia Rodrigo Garro est\u00e1 envolvido em uma situa\u00e7\u00e3o delicada ap\u00f3s um acidente de tr\u00e2nsito na Argentina que resultou na morte de um motociclista, deixando o jogador abalado emocionalmente. Esse incidente gerou preocupa\u00e7\u00e3o interna na diretoria, que busca dar suporte ao atleta enquanto se prepara para as competi\u00e7\u00f5es da temporada.<\/p>\n\n\n\n<h2 class=\"wp-block-heading\" id=\"h-duas-saidas\">Duas sa\u00eddas<\/h2>\n\n\n\n<p>O Corinthians segue em processo de reformula\u00e7\u00e3o e confirmou o desligamento de dois profissionais do departamento de futebol: Andr\u00e9 Dias, supervisor de futebol com 24 anos de clube, e Roberto &#8220;Neg\u00e3o&#8221; Sousa, roupeiro que integrava a equipe desde os anos 1990. As demiss\u00f5es ocorreram na \u00faltima segunda-feira (6), no mesmo dia em que o clube realizou a reapresenta\u00e7\u00e3o de seus funcion\u00e1rios no CT Joaquim Grava. Essas sa\u00eddas somam-se \u00e0 do preparador f\u00edsico Lucas Freitas, anunciada anteriormente, totalizando tr\u00eas mudan\u00e7as na estrutura antes do in\u00edcio da temporada 2025 <strong><a href=\"https:\/\/www.gaveanews.com\/index.php\/2025\/01\/07\/corinthians-confirma-duas-saidas\/\">(leia a mat\u00e9ria completa).<\/a><\/strong><\/p>\n\n\n\n<blockquote class=\"instagram-media\" data-instgrm-permalink=\"https:\/\/www.instagram.com\/p\/DEfWrNIuU5d\/?utm_source=ig_embed&amp;utm_campaign=loading\" data-instgrm-version=\"14\" style=\" background:#FFF; border:0; border-radius:3px; box-shadow:0 0 1px 0 rgba(0,0,0,0.5),0 1px 10px 0 rgba(0,0,0,0.15); margin: 1px; max-width:540px; min-width:326px; padding:0; width:99.375%; width:-webkit-calc(100% - 2px); width:calc(100% - 2px);\"><div style=\"padding:16px;\"> <a href=\"https:\/\/www.instagram.com\/p\/DEfWrNIuU5d\/?utm_source=ig_embed&amp;utm_campaign=loading\" style=\" background:#FFFFFF; line-height:0; padding:0 0; text-align:center; text-decoration:none; width:100%;\" target=\"_blank\"> <div style=\" display: flex; flex-direction: row; align-items: center;\"> <div style=\"background-color: #F4F4F4; border-radius: 50%; flex-grow: 0; height: 40px; margin-right: 14px; width: 40px;\"><\/div> <div style=\"display: flex; flex-direction: column; flex-grow: 1; justify-content: center;\"> <div style=\" background-color: #F4F4F4; border-radius: 4px; flex-grow: 0; height: 14px; margin-bottom: 6px; width: 100px;\"><\/div> <div style=\" background-color: #F4F4F4; border-radius: 4px; flex-grow: 0; height: 14px; width: 60px;\"><\/div><\/div><\/div><div style=\"padding: 19% 0;\"><\/div> <div style=\"display:block; height:50px; margin:0 auto 12px; width:50px;\"><svg width=\"50px\" height=\"50px\" viewBox=\"0 0 60 60\" version=\"1.1\" xmlns=\"https:\/\/www.w3.org\/2000\/svg\" xmlns:xlink=\"https:\/\/www.w3.org\/1999\/xlink\"><g stroke=\"none\" stroke-width=\"1\" fill=\"none\" fill-rule=\"evenodd\"><g transform=\"translate(-511.000000, -20.000000)\" fill=\"#000000\"><g><path d=\"M556.869,30.41 C554.814,30.41 553.148,32.076 553.148,34.131 C553.148,36.186 554.814,37.852 556.869,37.852 C558.924,37.852 560.59,36.186 560.59,34.131 C560.59,32.076 558.924,30.41 556.869,30.41 M541,60.657 C535.114,60.657 530.342,55.887 530.342,50 C530.342,44.114 535.114,39.342 541,39.342 C546.887,39.342 551.658,44.114 551.658,50 C551.658,55.887 546.887,60.657 541,60.657 M541,33.886 C532.1,33.886 524.886,41.1 524.886,50 C524.886,58.899 532.1,66.113 541,66.113 C549.9,66.113 557.115,58.899 557.115,50 C557.115,41.1 549.9,33.886 541,33.886 M565.378,62.101 C565.244,65.022 564.756,66.606 564.346,67.663 C563.803,69.06 563.154,70.057 562.106,71.106 C561.058,72.155 560.06,72.803 558.662,73.347 C557.607,73.757 556.021,74.244 553.102,74.378 C549.944,74.521 548.997,74.552 541,74.552 C533.003,74.552 532.056,74.521 528.898,74.378 C525.979,74.244 524.393,73.757 523.338,73.347 C521.94,72.803 520.942,72.155 519.894,71.106 C518.846,70.057 518.197,69.06 517.654,67.663 C517.244,66.606 516.755,65.022 516.623,62.101 C516.479,58.943 516.448,57.996 516.448,50 C516.448,42.003 516.479,41.056 516.623,37.899 C516.755,34.978 517.244,33.391 517.654,32.338 C518.197,30.938 518.846,29.942 519.894,28.894 C520.942,27.846 521.94,27.196 523.338,26.654 C524.393,26.244 525.979,25.756 528.898,25.623 C532.057,25.479 533.004,25.448 541,25.448 C548.997,25.448 549.943,25.479 553.102,25.623 C556.021,25.756 557.607,26.244 558.662,26.654 C560.06,27.196 561.058,27.846 562.106,28.894 C563.154,29.942 563.803,30.938 564.346,32.338 C564.756,33.391 565.244,34.978 565.378,37.899 C565.522,41.056 565.552,42.003 565.552,50 C565.552,57.996 565.522,58.943 565.378,62.101 M570.82,37.631 C570.674,34.438 570.167,32.258 569.425,30.349 C568.659,28.377 567.633,26.702 565.965,25.035 C564.297,23.368 562.623,22.342 560.652,21.575 C558.743,20.834 556.562,20.326 553.369,20.18 C550.169,20.033 549.148,20 541,20 C532.853,20 531.831,20.033 528.631,20.18 C525.438,20.326 523.257,20.834 521.349,21.575 C519.376,22.342 517.703,23.368 516.035,25.035 C514.368,26.702 513.342,28.377 512.574,30.349 C511.834,32.258 511.326,34.438 511.181,37.631 C511.035,40.831 511,41.851 511,50 C511,58.147 511.035,59.17 511.181,62.369 C511.326,65.562 511.834,67.743 512.574,69.651 C513.342,71.625 514.368,73.296 516.035,74.965 C517.703,76.634 519.376,77.658 521.349,78.425 C523.257,79.167 525.438,79.673 528.631,79.82 C531.831,79.965 532.853,80.001 541,80.001 C549.148,80.001 550.169,79.965 553.369,79.82 C556.562,79.673 558.743,79.167 560.652,78.425 C562.623,77.658 564.297,76.634 565.965,74.965 C567.633,73.296 568.659,71.625 569.425,69.651 C570.167,67.743 570.674,65.562 570.82,62.369 C570.966,59.17 571,58.147 571,50 C571,41.851 570.966,40.831 570.82,37.631\"><\/path><\/g><\/g><\/g><\/svg><\/div><div style=\"padding-top: 8px;\"> <div style=\" color:#3897f0; font-family:Arial,sans-serif; font-size:14px; font-style:normal; font-weight:550; line-height:18px;\">Ver essa foto no Instagram<\/div><\/div><div style=\"padding: 12.5% 0;\"><\/div> <div style=\"display: flex; flex-direction: row; margin-bottom: 14px; align-items: center;\"><div> <div style=\"background-color: #F4F4F4; border-radius: 50%; height: 12.5px; width: 12.5px; transform: translateX(0px) translateY(7px);\"><\/div> <div style=\"background-color: #F4F4F4; height: 12.5px; transform: rotate(-45deg) translateX(3px) translateY(1px); width: 12.5px; flex-grow: 0; margin-right: 14px; margin-left: 2px;\"><\/div> <div style=\"background-color: #F4F4F4; border-radius: 50%; height: 12.5px; width: 12.5px; transform: translateX(9px) translateY(-18px);\"><\/div><\/div><div style=\"margin-left: 8px;\"> <div style=\" background-color: #F4F4F4; border-radius: 50%; flex-grow: 0; height: 20px; width: 20px;\"><\/div> <div style=\" width: 0; height: 0; border-top: 2px solid transparent; border-left: 6px solid #f4f4f4; border-bottom: 2px solid transparent; transform: translateX(16px) translateY(-4px) rotate(30deg)\"><\/div><\/div><div style=\"margin-left: auto;\"> <div style=\" width: 0px; border-top: 8px solid #F4F4F4; border-right: 8px solid transparent; transform: translateY(16px);\"><\/div> <div style=\" background-color: #F4F4F4; flex-grow: 0; height: 12px; width: 16px; transform: translateY(-4px);\"><\/div> <div style=\" width: 0; height: 0; border-top: 8px solid #F4F4F4; border-left: 8px solid transparent; transform: translateY(-4px) translateX(8px);\"><\/div><\/div><\/div> <div style=\"display: flex; flex-direction: column; flex-grow: 1; justify-content: center; margin-bottom: 24px;\"> <div style=\" background-color: #F4F4F4; border-radius: 4px; flex-grow: 0; height: 14px; margin-bottom: 6px; width: 224px;\"><\/div> <div style=\" background-color: #F4F4F4; border-radius: 4px; flex-grow: 0; height: 14px; width: 144px;\"><\/div><\/div><\/a><p style=\" color:#c9c8cd; font-family:Arial,sans-serif; font-size:14px; line-height:17px; margin-bottom:0; margin-top:8px; overflow:hidden; padding:8px 0 7px; text-align:center; text-overflow:ellipsis; white-space:nowrap;\"><a href=\"https:\/\/www.instagram.com\/p\/DEfWrNIuU5d\/?utm_source=ig_embed&amp;utm_campaign=loading\" style=\" color:#c9c8cd; font-family:Arial,sans-serif; font-size:14px; font-style:normal; font-weight:normal; line-height:17px; text-decoration:none;\" target=\"_blank\">Uma publica\u00e7\u00e3o compartilhada por Meu Tima\u0303o (@meutimao)<\/a><\/p><\/div><\/blockquote>\n<script async src=\"\/\/www.instagram.com\/embed.js\"><\/script>\n\n\n\n<p>Andr\u00e9 Dias fazia parte de uma fam\u00edlia com forte liga\u00e7\u00e3o ao clube: seu av\u00f4 foi roupeiro por 54 anos, e seu pai, motorista por 25 anos no Parque S\u00e3o Jorge. J\u00e1 Roberto &#8220;Neg\u00e3o&#8221;, figura muito querida nos bastidores, era considerado um \u00edcone entre torcedores e funcion\u00e1rios. As mudan\u00e7as, vistas como parte de uma reestrutura\u00e7\u00e3o administrativa, geraram repercuss\u00e3o nas redes sociais, com torcedores questionando os motivos das demiss\u00f5es, especialmente em rela\u00e7\u00e3o ao roupeiro.<\/p>\n\n\n\n<p>Enquanto isso, o elenco do Corinthians se prepara para a pr\u00e9-temporada sob o comando do t\u00e9cnico Ram\u00f3n D\u00edaz, com atividades iniciadas nesta ter\u00e7a-feira (7). A diretoria alvinegra busca ajustes tanto na \u00e1rea t\u00e9cnica quanto administrativa para consolidar a equipe visando os desafios do ano, com foco em competi\u00e7\u00f5es como o Brasileir\u00e3o e a Libertadores.<\/p>\n","protected":false},"excerpt":{"rendered":"<p>Nas \u00faltimas horas, o foco das not\u00edcias sobre o Corinthians se concentram nos bastidores do clube, com destaques do dia a dia do time. Por conta deste contexto, leia abaixo um resumo preparado pela equipe do portal G\u00e1vea News para lhe manter muito bem informado! Retorno das f\u00e9rias Os jogadores Gustavo Henrique e Yuri Alberto, [&hellip;]<\/p>\n","protected":false},"author":27,"featured_media":146951,"comment_status":"open","ping_status":"closed","sticky":false,"template":"","format":"standard","meta":{"footnotes":""},"categories":[141],"tags":[],"class_list":["post-209909","post","type-post","status-publish","format-standard","has-post-thumbnail","hentry","category-corinthians"],"yoast_head":"<!-- This site is optimized with the Yoast SEO Premium plugin v24.2 (Yoast SEO v26.9) - https:\/\/yoast.com\/product\/yoast-seo-premium-wordpress\/ -->\n<title>Duas sa\u00eddas, atitude de David Luiz e retorno das f\u00e9rias: as \u00faltimas not\u00edcias do Corinthians<\/title>\n<meta name=\"robots\" content=\"index, follow, max-snippet:-1, max-image-preview:large, max-video-preview:-1\" \/>\n<link rel=\"canonical\" href=\"https:\/\/www.gaveanews.com\/index.php\/2025\/01\/09\/duas-saidas-atitude-de-david-luiz-e-retorno-das-ferias-as-ultimas-noticias-do-corinthians\/\" \/>\n<meta property=\"og:locale\" content=\"pt_BR\" \/>\n<meta property=\"og:type\" content=\"article\" \/>\n<meta property=\"og:title\" content=\"Duas sa\u00eddas, atitude de David Luiz e retorno das f\u00e9rias: as \u00faltimas not\u00edcias do Corinthians\" \/>\n<meta property=\"og:description\" content=\"Nas \u00faltimas horas, o foco das not\u00edcias sobre o Corinthians se concentram nos bastidores do clube, com destaques do dia a dia do time. Por conta deste contexto, leia abaixo um resumo preparado pela equipe do portal G\u00e1vea News para lhe manter muito bem informado! Retorno das f\u00e9rias Os jogadores Gustavo Henrique e Yuri Alberto, [&hellip;]\" \/>\n<meta property=\"og:url\" content=\"https:\/\/www.gaveanews.com\/index.php\/2025\/01\/09\/duas-saidas-atitude-de-david-luiz-e-retorno-das-ferias-as-ultimas-noticias-do-corinthians\/\" \/>\n<meta property=\"og:site_name\" content=\"G\u00e1vea News\" \/>\n<meta property=\"article:publisher\" content=\"https:\/\/facebook.com\/gaveaNews\/\" \/>\n<meta property=\"article:published_time\" content=\"2025-01-09T09:15:00+00:00\" \/>\n<meta property=\"og:image\" content=\"https:\/\/www.gaveanews.com\/wp-content\/uploads\/Escudo-do-Corinthians.webp\" \/>\n\t<meta property=\"og:image:width\" content=\"1000\" \/>\n\t<meta property=\"og:image:height\" content=\"667\" \/>\n\t<meta property=\"og:image:type\" content=\"image\/webp\" \/>\n<meta name=\"author\" content=\"Matheus Felipe\" \/>\n<meta name=\"twitter:card\" content=\"summary_large_image\" \/>\n<meta name=\"twitter:label1\" content=\"Escrito por\" \/>\n\t<meta name=\"twitter:data1\" content=\"Matheus Felipe\" \/>\n\t<meta name=\"twitter:label2\" content=\"Est. tempo de leitura\" \/>\n\t<meta name=\"twitter:data2\" content=\"5 minutos\" \/>\n<script type=\"application\/ld+json\" class=\"yoast-schema-graph\">{\"@context\":\"https:\/\/schema.org\",\"@graph\":[{\"@type\":\"NewsArticle\",\"@id\":\"https:\/\/www.gaveanews.com\/index.php\/2025\/01\/09\/duas-saidas-atitude-de-david-luiz-e-retorno-das-ferias-as-ultimas-noticias-do-corinthians\/#article\",\"isPartOf\":{\"@id\":\"https:\/\/www.gaveanews.com\/index.php\/2025\/01\/09\/duas-saidas-atitude-de-david-luiz-e-retorno-das-ferias-as-ultimas-noticias-do-corinthians\/\"},\"author\":{\"name\":\"Matheus Felipe\",\"@id\":\"https:\/\/www.gaveanews.com\/#\/schema\/person\/8207cd4627f56151707418bfc835b2fb\"},\"headline\":\"Duas sa\u00eddas, atitude de David Luiz e retorno das f\u00e9rias: as \u00faltimas not\u00edcias do Corinthians\",\"datePublished\":\"2025-01-09T09:15:00+00:00\",\"mainEntityOfPage\":{\"@id\":\"https:\/\/www.gaveanews.com\/index.php\/2025\/01\/09\/duas-saidas-atitude-de-david-luiz-e-retorno-das-ferias-as-ultimas-noticias-do-corinthians\/\"},\"wordCount\":863,\"commentCount\":0,\"image\":{\"@id\":\"https:\/\/www.gaveanews.com\/index.php\/2025\/01\/09\/duas-saidas-atitude-de-david-luiz-e-retorno-das-ferias-as-ultimas-noticias-do-corinthians\/#primaryimage\"},\"thumbnailUrl\":\"https:\/\/www.gaveanews.com\/wp-content\/uploads\/Escudo-do-Corinthians.webp\",\"articleSection\":[\"Corinthians\"],\"inLanguage\":\"pt-BR\",\"potentialAction\":[{\"@type\":\"CommentAction\",\"name\":\"Comment\",\"target\":[\"https:\/\/www.gaveanews.com\/index.php\/2025\/01\/09\/duas-saidas-atitude-de-david-luiz-e-retorno-das-ferias-as-ultimas-noticias-do-corinthians\/#respond\"]}],\"copyrightYear\":\"2025\",\"copyrightHolder\":{\"@id\":\"https:\/\/www.gaveanews.com\/#organization\"}},{\"@type\":\"WebPage\",\"@id\":\"https:\/\/www.gaveanews.com\/index.php\/2025\/01\/09\/duas-saidas-atitude-de-david-luiz-e-retorno-das-ferias-as-ultimas-noticias-do-corinthians\/\",\"url\":\"https:\/\/www.gaveanews.com\/index.php\/2025\/01\/09\/duas-saidas-atitude-de-david-luiz-e-retorno-das-ferias-as-ultimas-noticias-do-corinthians\/\",\"name\":\"Duas sa\u00eddas, atitude de David Luiz e retorno das f\u00e9rias: as \u00faltimas not\u00edcias do Corinthians\",\"isPartOf\":{\"@id\":\"https:\/\/www.gaveanews.com\/#website\"},\"primaryImageOfPage\":{\"@id\":\"https:\/\/www.gaveanews.com\/index.php\/2025\/01\/09\/duas-saidas-atitude-de-david-luiz-e-retorno-das-ferias-as-ultimas-noticias-do-corinthians\/#primaryimage\"},\"image\":{\"@id\":\"https:\/\/www.gaveanews.com\/index.php\/2025\/01\/09\/duas-saidas-atitude-de-david-luiz-e-retorno-das-ferias-as-ultimas-noticias-do-corinthians\/#primaryimage\"},\"thumbnailUrl\":\"https:\/\/www.gaveanews.com\/wp-content\/uploads\/Escudo-do-Corinthians.webp\",\"datePublished\":\"2025-01-09T09:15:00+00:00\",\"author\":{\"@id\":\"https:\/\/www.gaveanews.com\/#\/schema\/person\/8207cd4627f56151707418bfc835b2fb\"},\"breadcrumb\":{\"@id\":\"https:\/\/www.gaveanews.com\/index.php\/2025\/01\/09\/duas-saidas-atitude-de-david-luiz-e-retorno-das-ferias-as-ultimas-noticias-do-corinthians\/#breadcrumb\"},\"inLanguage\":\"pt-BR\",\"potentialAction\":[{\"@type\":\"ReadAction\",\"target\":[\"https:\/\/www.gaveanews.com\/index.php\/2025\/01\/09\/duas-saidas-atitude-de-david-luiz-e-retorno-das-ferias-as-ultimas-noticias-do-corinthians\/\"]}]},{\"@type\":\"ImageObject\",\"inLanguage\":\"pt-BR\",\"@id\":\"https:\/\/www.gaveanews.com\/index.php\/2025\/01\/09\/duas-saidas-atitude-de-david-luiz-e-retorno-das-ferias-as-ultimas-noticias-do-corinthians\/#primaryimage\",\"url\":\"https:\/\/www.gaveanews.com\/wp-content\/uploads\/Escudo-do-Corinthians.webp\",\"contentUrl\":\"https:\/\/www.gaveanews.com\/wp-content\/uploads\/Escudo-do-Corinthians.webp\",\"width\":1000,\"height\":667,\"caption\":\"Escudo do Corinthians (Foto Reprodu\u00e7\u00e3o\/Instagram)\"},{\"@type\":\"BreadcrumbList\",\"@id\":\"https:\/\/www.gaveanews.com\/index.php\/2025\/01\/09\/duas-saidas-atitude-de-david-luiz-e-retorno-das-ferias-as-ultimas-noticias-do-corinthians\/#breadcrumb\",\"itemListElement\":[{\"@type\":\"ListItem\",\"position\":1,\"name\":\"Home\",\"item\":\"https:\/\/www.gaveanews.com\/\"},{\"@type\":\"ListItem\",\"position\":2,\"name\":\"Duas sa\u00eddas, atitude de David Luiz e retorno das f\u00e9rias: as \u00faltimas not\u00edcias do Corinthians\"}]},{\"@type\":\"WebSite\",\"@id\":\"https:\/\/www.gaveanews.com\/#website\",\"url\":\"https:\/\/www.gaveanews.com\/\",\"name\":\"G\u00e1vea News\",\"description\":\"Veja todas as not\u00edcias sobre o Flamengo: Contrata\u00e7\u00f5es, categorias de base, resultados das partidas, tabela de classifica\u00e7\u00e3o, pr\u00f3ximos jogos!\",\"potentialAction\":[{\"@type\":\"SearchAction\",\"target\":{\"@type\":\"EntryPoint\",\"urlTemplate\":\"https:\/\/www.gaveanews.com\/?s={search_term_string}\"},\"query-input\":{\"@type\":\"PropertyValueSpecification\",\"valueRequired\":true,\"valueName\":\"search_term_string\"}}],\"inLanguage\":\"pt-BR\"},{\"@type\":\"Person\",\"@id\":\"https:\/\/www.gaveanews.com\/#\/schema\/person\/8207cd4627f56151707418bfc835b2fb\",\"name\":\"Matheus Felipe\",\"image\":{\"@type\":\"ImageObject\",\"inLanguage\":\"pt-BR\",\"@id\":\"https:\/\/www.gaveanews.com\/#\/schema\/person\/image\/\",\"url\":\"https:\/\/secure.gravatar.com\/avatar\/a452ffbed9130f726358b298bb3a99ce4bd3c5338411f8440e87e14d74c7c087?s=96&d=mm&r=g\",\"contentUrl\":\"https:\/\/secure.gravatar.com\/avatar\/a452ffbed9130f726358b298bb3a99ce4bd3c5338411f8440e87e14d74c7c087?s=96&d=mm&r=g\",\"caption\":\"Matheus Felipe\"}}]}<\/script>\n<!-- \/ Yoast SEO Premium plugin. -->","yoast_head_json":{"title":"Duas sa\u00eddas, atitude de David Luiz e retorno das f\u00e9rias: as \u00faltimas not\u00edcias do Corinthians","robots":{"index":"index","follow":"follow","max-snippet":"max-snippet:-1","max-image-preview":"max-image-preview:large","max-video-preview":"max-video-preview:-1"},"canonical":"https:\/\/www.gaveanews.com\/index.php\/2025\/01\/09\/duas-saidas-atitude-de-david-luiz-e-retorno-das-ferias-as-ultimas-noticias-do-corinthians\/","og_locale":"pt_BR","og_type":"article","og_title":"Duas sa\u00eddas, atitude de David Luiz e retorno das f\u00e9rias: as \u00faltimas not\u00edcias do Corinthians","og_description":"Nas \u00faltimas horas, o foco das not\u00edcias sobre o Corinthians se concentram nos bastidores do clube, com destaques do dia a dia do time. Por conta deste contexto, leia abaixo um resumo preparado pela equipe do portal G\u00e1vea News para lhe manter muito bem informado! Retorno das f\u00e9rias Os jogadores Gustavo Henrique e Yuri Alberto, [&hellip;]","og_url":"https:\/\/www.gaveanews.com\/index.php\/2025\/01\/09\/duas-saidas-atitude-de-david-luiz-e-retorno-das-ferias-as-ultimas-noticias-do-corinthians\/","og_site_name":"G\u00e1vea News","article_publisher":"https:\/\/facebook.com\/gaveaNews\/","article_published_time":"2025-01-09T09:15:00+00:00","og_image":[{"width":1000,"height":667,"url":"https:\/\/www.gaveanews.com\/wp-content\/uploads\/Escudo-do-Corinthians.webp","type":"image\/webp"}],"author":"Matheus Felipe","twitter_card":"summary_large_image","twitter_misc":{"Escrito por":"Matheus Felipe","Est. tempo de leitura":"5 minutos"},"schema":{"@context":"https:\/\/schema.org","@graph":[{"@type":"NewsArticle","@id":"https:\/\/www.gaveanews.com\/index.php\/2025\/01\/09\/duas-saidas-atitude-de-david-luiz-e-retorno-das-ferias-as-ultimas-noticias-do-corinthians\/#article","isPartOf":{"@id":"https:\/\/www.gaveanews.com\/index.php\/2025\/01\/09\/duas-saidas-atitude-de-david-luiz-e-retorno-das-ferias-as-ultimas-noticias-do-corinthians\/"},"author":{"name":"Matheus Felipe","@id":"https:\/\/www.gaveanews.com\/#\/schema\/person\/8207cd4627f56151707418bfc835b2fb"},"headline":"Duas sa\u00eddas, atitude de David Luiz e retorno das f\u00e9rias: as \u00faltimas not\u00edcias do Corinthians","datePublished":"2025-01-09T09:15:00+00:00","mainEntityOfPage":{"@id":"https:\/\/www.gaveanews.com\/index.php\/2025\/01\/09\/duas-saidas-atitude-de-david-luiz-e-retorno-das-ferias-as-ultimas-noticias-do-corinthians\/"},"wordCount":863,"commentCount":0,"image":{"@id":"https:\/\/www.gaveanews.com\/index.php\/2025\/01\/09\/duas-saidas-atitude-de-david-luiz-e-retorno-das-ferias-as-ultimas-noticias-do-corinthians\/#primaryimage"},"thumbnailUrl":"https:\/\/www.gaveanews.com\/wp-content\/uploads\/Escudo-do-Corinthians.webp","articleSection":["Corinthians"],"inLanguage":"pt-BR","potentialAction":[{"@type":"CommentAction","name":"Comment","target":["https:\/\/www.gaveanews.com\/index.php\/2025\/01\/09\/duas-saidas-atitude-de-david-luiz-e-retorno-das-ferias-as-ultimas-noticias-do-corinthians\/#respond"]}],"copyrightYear":"2025","copyrightHolder":{"@id":"https:\/\/www.gaveanews.com\/#organization"}},{"@type":"WebPage","@id":"https:\/\/www.gaveanews.com\/index.php\/2025\/01\/09\/duas-saidas-atitude-de-david-luiz-e-retorno-das-ferias-as-ultimas-noticias-do-corinthians\/","url":"https:\/\/www.gaveanews.com\/index.php\/2025\/01\/09\/duas-saidas-atitude-de-david-luiz-e-retorno-das-ferias-as-ultimas-noticias-do-corinthians\/","name":"Duas sa\u00eddas, atitude de David Luiz e retorno das f\u00e9rias: as \u00faltimas not\u00edcias do Corinthians","isPartOf":{"@id":"https:\/\/www.gaveanews.com\/#website"},"primaryImageOfPage":{"@id":"https:\/\/www.gaveanews.com\/index.php\/2025\/01\/09\/duas-saidas-atitude-de-david-luiz-e-retorno-das-ferias-as-ultimas-noticias-do-corinthians\/#primaryimage"},"image":{"@id":"https:\/\/www.gaveanews.com\/index.php\/2025\/01\/09\/duas-saidas-atitude-de-david-luiz-e-retorno-das-ferias-as-ultimas-noticias-do-corinthians\/#primaryimage"},"thumbnailUrl":"https:\/\/www.gaveanews.com\/wp-content\/uploads\/Escudo-do-Corinthians.webp","datePublished":"2025-01-09T09:15:00+00:00","author":{"@id":"https:\/\/www.gaveanews.com\/#\/schema\/person\/8207cd4627f56151707418bfc835b2fb"},"breadcrumb":{"@id":"https:\/\/www.gaveanews.com\/index.php\/2025\/01\/09\/duas-saidas-atitude-de-david-luiz-e-retorno-das-ferias-as-ultimas-noticias-do-corinthians\/#breadcrumb"},"inLanguage":"pt-BR","potentialAction":[{"@type":"ReadAction","target":["https:\/\/www.gaveanews.com\/index.php\/2025\/01\/09\/duas-saidas-atitude-de-david-luiz-e-retorno-das-ferias-as-ultimas-noticias-do-corinthians\/"]}]},{"@type":"ImageObject","inLanguage":"pt-BR","@id":"https:\/\/www.gaveanews.com\/index.php\/2025\/01\/09\/duas-saidas-atitude-de-david-luiz-e-retorno-das-ferias-as-ultimas-noticias-do-corinthians\/#primaryimage","url":"https:\/\/www.gaveanews.com\/wp-content\/uploads\/Escudo-do-Corinthians.webp","contentUrl":"https:\/\/www.gaveanews.com\/wp-content\/uploads\/Escudo-do-Corinthians.webp","width":1000,"height":667,"caption":"Escudo do Corinthians (Foto Reprodu\u00e7\u00e3o\/Instagram)"},{"@type":"BreadcrumbList","@id":"https:\/\/www.gaveanews.com\/index.php\/2025\/01\/09\/duas-saidas-atitude-de-david-luiz-e-retorno-das-ferias-as-ultimas-noticias-do-corinthians\/#breadcrumb","itemListElement":[{"@type":"ListItem","position":1,"name":"Home","item":"https:\/\/www.gaveanews.com\/"},{"@type":"ListItem","position":2,"name":"Duas sa\u00eddas, atitude de David Luiz e retorno das f\u00e9rias: as \u00faltimas not\u00edcias do Corinthians"}]},{"@type":"WebSite","@id":"https:\/\/www.gaveanews.com\/#website","url":"https:\/\/www.gaveanews.com\/","name":"G\u00e1vea News","description":"Veja todas as not\u00edcias sobre o Flamengo: Contrata\u00e7\u00f5es, categorias de base, resultados das partidas, tabela de classifica\u00e7\u00e3o, pr\u00f3ximos jogos!","potentialAction":[{"@type":"SearchAction","target":{"@type":"EntryPoint","urlTemplate":"https:\/\/www.gaveanews.com\/?s={search_term_string}"},"query-input":{"@type":"PropertyValueSpecification","valueRequired":true,"valueName":"search_term_string"}}],"inLanguage":"pt-BR"},{"@type":"Person","@id":"https:\/\/www.gaveanews.com\/#\/schema\/person\/8207cd4627f56151707418bfc835b2fb","name":"Matheus Felipe","image":{"@type":"ImageObject","inLanguage":"pt-BR","@id":"https:\/\/www.gaveanews.com\/#\/schema\/person\/image\/","url":"https:\/\/secure.gravatar.com\/avatar\/a452ffbed9130f726358b298bb3a99ce4bd3c5338411f8440e87e14d74c7c087?s=96&d=mm&r=g","contentUrl":"https:\/\/secure.gravatar.com\/avatar\/a452ffbed9130f726358b298bb3a99ce4bd3c5338411f8440e87e14d74c7c087?s=96&d=mm&r=g","caption":"Matheus Felipe"}}]}},"_links":{"self":[{"href":"https:\/\/www.gaveanews.com\/index.php\/wp-json\/wp\/v2\/posts\/209909","targetHints":{"allow":["GET"]}}],"collection":[{"href":"https:\/\/www.gaveanews.com\/index.php\/wp-json\/wp\/v2\/posts"}],"about":[{"href":"https:\/\/www.gaveanews.com\/index.php\/wp-json\/wp\/v2\/types\/post"}],"author":[{"embeddable":true,"href":"https:\/\/www.gaveanews.com\/index.php\/wp-json\/wp\/v2\/users\/27"}],"replies":[{"embeddable":true,"href":"https:\/\/www.gaveanews.com\/index.php\/wp-json\/wp\/v2\/comments?post=209909"}],"version-history":[{"count":1,"href":"https:\/\/www.gaveanews.com\/index.php\/wp-json\/wp\/v2\/posts\/209909\/revisions"}],"predecessor-version":[{"id":209923,"href":"https:\/\/www.gaveanews.com\/index.php\/wp-json\/wp\/v2\/posts\/209909\/revisions\/209923"}],"wp:featuredmedia":[{"embeddable":true,"href":"https:\/\/www.gaveanews.com\/index.php\/wp-json\/wp\/v2\/media\/146951"}],"wp:attachment":[{"href":"https:\/\/www.gaveanews.com\/index.php\/wp-json\/wp\/v2\/media?parent=209909"}],"wp:term":[{"taxonomy":"category","embeddable":true,"href":"https:\/\/www.gaveanews.com\/index.php\/wp-json\/wp\/v2\/categories?post=209909"},{"taxonomy":"post_tag","embeddable":true,"href":"https:\/\/www.gaveanews.com\/index.php\/wp-json\/wp\/v2\/tags?post=209909"}],"curies":[{"name":"wp","href":"https:\/\/api.w.org\/{rel}","templated":true}]}}