{"id":209919,"date":"2025-01-09T02:15:00","date_gmt":"2025-01-09T05:15:00","guid":{"rendered":"https:\/\/www.gaveanews.com\/?p=209919"},"modified":"2025-01-09T00:16:44","modified_gmt":"2025-01-09T03:16:44","slug":"a-declaracao-de-lamine-yamal-do-barcelona-direcionada-a-neymar","status":"publish","type":"post","link":"https:\/\/www.gaveanews.com\/index.php\/2025\/01\/09\/a-declaracao-de-lamine-yamal-do-barcelona-direcionada-a-neymar\/","title":{"rendered":"A declara\u00e7\u00e3o de Lamine Yamal, do Barcelona, direcionada a Neymar"},"content":{"rendered":"\n<h2 class=\"wp-block-heading\" id=\"h-craque-do-barca-enxerga-neymar-como-idolo\">Craque do Bar\u00e7a enxerga Neymar como \u00eddolo<\/h2>\n\n\n\n<p>O jovem atacante Lamine Yamal \u00e9 um dos principais jogadores do Barcelona e do mundo. O espanhol sempre deixou claro sua admira\u00e7\u00e3o por Neymar. O jogador do Bar\u00e7a concedeu entrevista exclusiva para a &#8220;CNN&#8221; e refor\u00e7ou que o craque brasileiro \u00e9 seu \u00eddolo. <\/p>\n\n\n\n<ul class=\"wp-block-list\">\n<li><a href=\"https:\/\/www.gaveanews.com\/index.php\/2025\/01\/07\/desesperado-barcelona-toma-atitude-de-ultima-hora-envolvendo-dani-olmo\/\">Desesperado! Barcelona toma atitude de \u00faltima hora envolvendo Dani Olmo<\/a><\/li>\n\n\n\n<li><a href=\"https:\/\/www.gaveanews.com\/index.php\/2025\/01\/08\/dani-olmo-eric-garcia-ferran-torres-fermin-lopez-inigo-martinez-lamine-yamal-pau-victor-pedri-raphinha-e-robert-lewandowski-os-jogadores-do-barcelona-com-mais-finalizacoes-certas-na-la-liga\/\">Dani Olmo, Eric Garc\u00eda, Ferran Torres, Ferm\u00edn L\u00f3pez, I\u00f1igo Mart\u00ednez, Lamine Yamal, Pau Victor, Pedri, Raphinha e Robert Lewandowski: os jogadores do Barcelona com mais finaliza\u00e7\u00f5es certas na La Liga<\/a><\/li>\n<\/ul>\n\n\n\n<p>Em uma entrevista para a &#8220;CNN&#8221;, o jovem Lamine Yamal voltou a falar que Neymar \u00e9 seu grande \u00eddolo no futebol. O atacante do Barcelona ainda afirmou que Neymar fica acima de Lionel Messi em um ranking de suas inspira\u00e7\u00f5es. <\/p>\n\n\n\n<p>&#8220;Foi incr\u00edvel v\u00ea-lo jogar pelo Barcelona. Sim, \u00e9 verdade que havia o Messi, que tamb\u00e9m era incr\u00edvel, mas, para mim, o Neymar era algo totalmente diferente. O Neymar sempre foi meu \u00eddolo. Ele \u00e9 uma estrela e uma lenda do futebol&#8221;, falou o atacante do Barcelona. <\/p>\n\n\n\n<p>Lamine Yamal ainda relembrou de quando assistiu Neymar pela primeira vez, na \u00e9poca, o astro brasileiro ainda atuava pelo Santos. Lamine tamb\u00e9m comentou sobre a primeira vez que viu Neymar com a camisa do Barcelona no Camp Nou. <\/p>\n\n\n\n<p>&#8220;Eu tinha cinco anos quando vi (Neymar) pela primeira vez no Santos, e depois sete quando o vi pela primeira vez pessoalmente no Camp Nou&#8221;, finalizou Lamine Yamal. <\/p>\n\n\n\n<p>Neymar \u00e9 refer\u00eancia de muitas crian\u00e7as n\u00e3o s\u00f3 no Brasil, como no mundo todo. At\u00e9 mesmo atletas que j\u00e1 s\u00e3o profissionais se inspiram no camisa 10 da sele\u00e7\u00e3o brasileira, que \u00e9 considerado um dos maiores jogadores da hist\u00f3ria do futebol. <\/p>\n\n\n\n<p>Na Europa, Neymar passou por Barcelona e Paris Saint Germain. Na equipe da Catalunha foram 186 partidas, com 105 gols e 76 assist\u00eancias, al\u00e9m de in\u00fameros t\u00edtulos, incluindo a Liga dos Campe\u00f5es, o Mundial de Clubes e a La Liga. J\u00e1 pelo time franc\u00eas, o camisa 10 anotou 118 gols e distribuiu 77 assist\u00eancias em 173 jogos. <\/p>\n\n\n\n<p>Pela sele\u00e7\u00e3o brasileira, Neymar soma 128 jogos e 79 gols, sendo o maior artilheiro da hist\u00f3ria da sele\u00e7\u00e3o, superando nomes como Pel\u00e9, Ronaldo Fen\u00f4meno, Zico e outros. O atacante ainda disputou tr\u00eas Copas do Mundo (2014, 2018 e 2022) e venceu a Copa das Confedera\u00e7\u00f5es (2013) e o Jogos Ol\u00edmpicos Rio (2016). <\/p>\n","protected":false},"excerpt":{"rendered":"<p>Craque do Bar\u00e7a enxerga Neymar como \u00eddolo O jovem atacante Lamine Yamal \u00e9 um dos principais jogadores do Barcelona e do mundo. O espanhol sempre deixou claro sua admira\u00e7\u00e3o por Neymar. O jogador do Bar\u00e7a concedeu entrevista exclusiva para a &#8220;CNN&#8221; e refor\u00e7ou que o craque brasileiro \u00e9 seu \u00eddolo. Em uma entrevista para a [&hellip;]<\/p>\n","protected":false},"author":21,"featured_media":122401,"comment_status":"open","ping_status":"closed","sticky":false,"template":"","format":"standard","meta":{"footnotes":""},"categories":[216,87],"tags":[],"class_list":["post-209919","post","type-post","status-publish","format-standard","has-post-thumbnail","hentry","category-al-hilal","category-barcelona"],"yoast_head":"<!-- This site is optimized with the Yoast SEO Premium plugin v24.2 (Yoast SEO v26.9) - https:\/\/yoast.com\/product\/yoast-seo-premium-wordpress\/ -->\n<title>A declara\u00e7\u00e3o de Lamine Yamal, do Barcelona, direcionada a Neymar<\/title>\n<meta name=\"robots\" content=\"index, follow, max-snippet:-1, max-image-preview:large, max-video-preview:-1\" \/>\n<link rel=\"canonical\" href=\"https:\/\/www.gaveanews.com\/index.php\/2025\/01\/09\/a-declaracao-de-lamine-yamal-do-barcelona-direcionada-a-neymar\/\" \/>\n<meta property=\"og:locale\" content=\"pt_BR\" \/>\n<meta property=\"og:type\" content=\"article\" \/>\n<meta property=\"og:title\" content=\"A declara\u00e7\u00e3o de Lamine Yamal, do Barcelona, direcionada a Neymar\" \/>\n<meta property=\"og:description\" content=\"Craque do Bar\u00e7a enxerga Neymar como \u00eddolo O jovem atacante Lamine Yamal \u00e9 um dos principais jogadores do Barcelona e do mundo. O espanhol sempre deixou claro sua admira\u00e7\u00e3o por Neymar. O jogador do Bar\u00e7a concedeu entrevista exclusiva para a &#8220;CNN&#8221; e refor\u00e7ou que o craque brasileiro \u00e9 seu \u00eddolo. Em uma entrevista para a [&hellip;]\" \/>\n<meta property=\"og:url\" content=\"https:\/\/www.gaveanews.com\/index.php\/2025\/01\/09\/a-declaracao-de-lamine-yamal-do-barcelona-direcionada-a-neymar\/\" \/>\n<meta property=\"og:site_name\" content=\"G\u00e1vea News\" \/>\n<meta property=\"article:publisher\" content=\"https:\/\/facebook.com\/gaveaNews\/\" \/>\n<meta property=\"article:published_time\" content=\"2025-01-09T05:15:00+00:00\" \/>\n<meta property=\"og:image\" content=\"https:\/\/www.gaveanews.com\/wp-content\/uploads\/neymarjr_1705610097249-edited.webp\" \/>\n\t<meta property=\"og:image:width\" content=\"720\" \/>\n\t<meta property=\"og:image:height\" content=\"480\" \/>\n\t<meta property=\"og:image:type\" content=\"image\/jpeg\" \/>\n<meta name=\"author\" content=\"Andr\u00e9 Serra\" \/>\n<meta name=\"twitter:card\" content=\"summary_large_image\" \/>\n<meta name=\"twitter:label1\" content=\"Escrito por\" \/>\n\t<meta name=\"twitter:data1\" content=\"Andr\u00e9 Serra\" \/>\n\t<meta name=\"twitter:label2\" content=\"Est. tempo de leitura\" \/>\n\t<meta name=\"twitter:data2\" content=\"3 minutos\" \/>\n<script type=\"application\/ld+json\" class=\"yoast-schema-graph\">{\"@context\":\"https:\/\/schema.org\",\"@graph\":[{\"@type\":\"NewsArticle\",\"@id\":\"https:\/\/www.gaveanews.com\/index.php\/2025\/01\/09\/a-declaracao-de-lamine-yamal-do-barcelona-direcionada-a-neymar\/#article\",\"isPartOf\":{\"@id\":\"https:\/\/www.gaveanews.com\/index.php\/2025\/01\/09\/a-declaracao-de-lamine-yamal-do-barcelona-direcionada-a-neymar\/\"},\"author\":{\"name\":\"Andr\u00e9 Serra\",\"@id\":\"https:\/\/www.gaveanews.com\/#\/schema\/person\/0277a79a1289c451c281ec0411d84f0c\"},\"headline\":\"A declara\u00e7\u00e3o de Lamine Yamal, do Barcelona, direcionada a Neymar\",\"datePublished\":\"2025-01-09T05:15:00+00:00\",\"mainEntityOfPage\":{\"@id\":\"https:\/\/www.gaveanews.com\/index.php\/2025\/01\/09\/a-declaracao-de-lamine-yamal-do-barcelona-direcionada-a-neymar\/\"},\"wordCount\":416,\"commentCount\":0,\"image\":{\"@id\":\"https:\/\/www.gaveanews.com\/index.php\/2025\/01\/09\/a-declaracao-de-lamine-yamal-do-barcelona-direcionada-a-neymar\/#primaryimage\"},\"thumbnailUrl\":\"https:\/\/www.gaveanews.com\/wp-content\/uploads\/neymarjr_1705610097249-edited.webp\",\"articleSection\":[\"Al-Hilal\",\"Barcelona\"],\"inLanguage\":\"pt-BR\",\"potentialAction\":[{\"@type\":\"CommentAction\",\"name\":\"Comment\",\"target\":[\"https:\/\/www.gaveanews.com\/index.php\/2025\/01\/09\/a-declaracao-de-lamine-yamal-do-barcelona-direcionada-a-neymar\/#respond\"]}],\"copyrightYear\":\"2025\",\"copyrightHolder\":{\"@id\":\"https:\/\/www.gaveanews.com\/#organization\"}},{\"@type\":\"WebPage\",\"@id\":\"https:\/\/www.gaveanews.com\/index.php\/2025\/01\/09\/a-declaracao-de-lamine-yamal-do-barcelona-direcionada-a-neymar\/\",\"url\":\"https:\/\/www.gaveanews.com\/index.php\/2025\/01\/09\/a-declaracao-de-lamine-yamal-do-barcelona-direcionada-a-neymar\/\",\"name\":\"A declara\u00e7\u00e3o de Lamine Yamal, do Barcelona, direcionada a Neymar\",\"isPartOf\":{\"@id\":\"https:\/\/www.gaveanews.com\/#website\"},\"primaryImageOfPage\":{\"@id\":\"https:\/\/www.gaveanews.com\/index.php\/2025\/01\/09\/a-declaracao-de-lamine-yamal-do-barcelona-direcionada-a-neymar\/#primaryimage\"},\"image\":{\"@id\":\"https:\/\/www.gaveanews.com\/index.php\/2025\/01\/09\/a-declaracao-de-lamine-yamal-do-barcelona-direcionada-a-neymar\/#primaryimage\"},\"thumbnailUrl\":\"https:\/\/www.gaveanews.com\/wp-content\/uploads\/neymarjr_1705610097249-edited.webp\",\"datePublished\":\"2025-01-09T05:15:00+00:00\",\"author\":{\"@id\":\"https:\/\/www.gaveanews.com\/#\/schema\/person\/0277a79a1289c451c281ec0411d84f0c\"},\"breadcrumb\":{\"@id\":\"https:\/\/www.gaveanews.com\/index.php\/2025\/01\/09\/a-declaracao-de-lamine-yamal-do-barcelona-direcionada-a-neymar\/#breadcrumb\"},\"inLanguage\":\"pt-BR\",\"potentialAction\":[{\"@type\":\"ReadAction\",\"target\":[\"https:\/\/www.gaveanews.com\/index.php\/2025\/01\/09\/a-declaracao-de-lamine-yamal-do-barcelona-direcionada-a-neymar\/\"]}]},{\"@type\":\"ImageObject\",\"inLanguage\":\"pt-BR\",\"@id\":\"https:\/\/www.gaveanews.com\/index.php\/2025\/01\/09\/a-declaracao-de-lamine-yamal-do-barcelona-direcionada-a-neymar\/#primaryimage\",\"url\":\"https:\/\/www.gaveanews.com\/wp-content\/uploads\/neymarjr_1705610097249-edited.webp\",\"contentUrl\":\"https:\/\/www.gaveanews.com\/wp-content\/uploads\/neymarjr_1705610097249-edited.webp\",\"width\":720,\"height\":480,\"caption\":\"Neymar em a\u00e7\u00e3o pela Sele\u00e7\u00e3o Brasileira (Foto: Reprodu\u00e7\u00e3o\/Instagram)\"},{\"@type\":\"BreadcrumbList\",\"@id\":\"https:\/\/www.gaveanews.com\/index.php\/2025\/01\/09\/a-declaracao-de-lamine-yamal-do-barcelona-direcionada-a-neymar\/#breadcrumb\",\"itemListElement\":[{\"@type\":\"ListItem\",\"position\":1,\"name\":\"Home\",\"item\":\"https:\/\/www.gaveanews.com\/\"},{\"@type\":\"ListItem\",\"position\":2,\"name\":\"A declara\u00e7\u00e3o de Lamine Yamal, do Barcelona, direcionada a Neymar\"}]},{\"@type\":\"WebSite\",\"@id\":\"https:\/\/www.gaveanews.com\/#website\",\"url\":\"https:\/\/www.gaveanews.com\/\",\"name\":\"G\u00e1vea News\",\"description\":\"Veja todas as not\u00edcias sobre o Flamengo: Contrata\u00e7\u00f5es, categorias de base, resultados das partidas, tabela de classifica\u00e7\u00e3o, pr\u00f3ximos jogos!\",\"potentialAction\":[{\"@type\":\"SearchAction\",\"target\":{\"@type\":\"EntryPoint\",\"urlTemplate\":\"https:\/\/www.gaveanews.com\/?s={search_term_string}\"},\"query-input\":{\"@type\":\"PropertyValueSpecification\",\"valueRequired\":true,\"valueName\":\"search_term_string\"}}],\"inLanguage\":\"pt-BR\"},{\"@type\":\"Person\",\"@id\":\"https:\/\/www.gaveanews.com\/#\/schema\/person\/0277a79a1289c451c281ec0411d84f0c\",\"name\":\"Andr\u00e9 Serra\",\"image\":{\"@type\":\"ImageObject\",\"inLanguage\":\"pt-BR\",\"@id\":\"https:\/\/www.gaveanews.com\/#\/schema\/person\/image\/\",\"url\":\"https:\/\/secure.gravatar.com\/avatar\/d7231369fe48db93292b3e88eb2162dbd9a34a47a8437d9ef3bcaca2a86a83d7?s=96&d=mm&r=g\",\"contentUrl\":\"https:\/\/secure.gravatar.com\/avatar\/d7231369fe48db93292b3e88eb2162dbd9a34a47a8437d9ef3bcaca2a86a83d7?s=96&d=mm&r=g\",\"caption\":\"Andr\u00e9 Serra\"}}]}<\/script>\n<!-- \/ Yoast SEO Premium plugin. -->","yoast_head_json":{"title":"A declara\u00e7\u00e3o de Lamine Yamal, do Barcelona, direcionada a Neymar","robots":{"index":"index","follow":"follow","max-snippet":"max-snippet:-1","max-image-preview":"max-image-preview:large","max-video-preview":"max-video-preview:-1"},"canonical":"https:\/\/www.gaveanews.com\/index.php\/2025\/01\/09\/a-declaracao-de-lamine-yamal-do-barcelona-direcionada-a-neymar\/","og_locale":"pt_BR","og_type":"article","og_title":"A declara\u00e7\u00e3o de Lamine Yamal, do Barcelona, direcionada a Neymar","og_description":"Craque do Bar\u00e7a enxerga Neymar como \u00eddolo O jovem atacante Lamine Yamal \u00e9 um dos principais jogadores do Barcelona e do mundo. O espanhol sempre deixou claro sua admira\u00e7\u00e3o por Neymar. O jogador do Bar\u00e7a concedeu entrevista exclusiva para a &#8220;CNN&#8221; e refor\u00e7ou que o craque brasileiro \u00e9 seu \u00eddolo. Em uma entrevista para a [&hellip;]","og_url":"https:\/\/www.gaveanews.com\/index.php\/2025\/01\/09\/a-declaracao-de-lamine-yamal-do-barcelona-direcionada-a-neymar\/","og_site_name":"G\u00e1vea News","article_publisher":"https:\/\/facebook.com\/gaveaNews\/","article_published_time":"2025-01-09T05:15:00+00:00","og_image":[{"width":720,"height":480,"url":"https:\/\/www.gaveanews.com\/wp-content\/uploads\/neymarjr_1705610097249-edited.webp","type":"image\/jpeg"}],"author":"Andr\u00e9 Serra","twitter_card":"summary_large_image","twitter_misc":{"Escrito por":"Andr\u00e9 Serra","Est. tempo de leitura":"3 minutos"},"schema":{"@context":"https:\/\/schema.org","@graph":[{"@type":"NewsArticle","@id":"https:\/\/www.gaveanews.com\/index.php\/2025\/01\/09\/a-declaracao-de-lamine-yamal-do-barcelona-direcionada-a-neymar\/#article","isPartOf":{"@id":"https:\/\/www.gaveanews.com\/index.php\/2025\/01\/09\/a-declaracao-de-lamine-yamal-do-barcelona-direcionada-a-neymar\/"},"author":{"name":"Andr\u00e9 Serra","@id":"https:\/\/www.gaveanews.com\/#\/schema\/person\/0277a79a1289c451c281ec0411d84f0c"},"headline":"A declara\u00e7\u00e3o de Lamine Yamal, do Barcelona, direcionada a Neymar","datePublished":"2025-01-09T05:15:00+00:00","mainEntityOfPage":{"@id":"https:\/\/www.gaveanews.com\/index.php\/2025\/01\/09\/a-declaracao-de-lamine-yamal-do-barcelona-direcionada-a-neymar\/"},"wordCount":416,"commentCount":0,"image":{"@id":"https:\/\/www.gaveanews.com\/index.php\/2025\/01\/09\/a-declaracao-de-lamine-yamal-do-barcelona-direcionada-a-neymar\/#primaryimage"},"thumbnailUrl":"https:\/\/www.gaveanews.com\/wp-content\/uploads\/neymarjr_1705610097249-edited.webp","articleSection":["Al-Hilal","Barcelona"],"inLanguage":"pt-BR","potentialAction":[{"@type":"CommentAction","name":"Comment","target":["https:\/\/www.gaveanews.com\/index.php\/2025\/01\/09\/a-declaracao-de-lamine-yamal-do-barcelona-direcionada-a-neymar\/#respond"]}],"copyrightYear":"2025","copyrightHolder":{"@id":"https:\/\/www.gaveanews.com\/#organization"}},{"@type":"WebPage","@id":"https:\/\/www.gaveanews.com\/index.php\/2025\/01\/09\/a-declaracao-de-lamine-yamal-do-barcelona-direcionada-a-neymar\/","url":"https:\/\/www.gaveanews.com\/index.php\/2025\/01\/09\/a-declaracao-de-lamine-yamal-do-barcelona-direcionada-a-neymar\/","name":"A declara\u00e7\u00e3o de Lamine Yamal, do Barcelona, direcionada a Neymar","isPartOf":{"@id":"https:\/\/www.gaveanews.com\/#website"},"primaryImageOfPage":{"@id":"https:\/\/www.gaveanews.com\/index.php\/2025\/01\/09\/a-declaracao-de-lamine-yamal-do-barcelona-direcionada-a-neymar\/#primaryimage"},"image":{"@id":"https:\/\/www.gaveanews.com\/index.php\/2025\/01\/09\/a-declaracao-de-lamine-yamal-do-barcelona-direcionada-a-neymar\/#primaryimage"},"thumbnailUrl":"https:\/\/www.gaveanews.com\/wp-content\/uploads\/neymarjr_1705610097249-edited.webp","datePublished":"2025-01-09T05:15:00+00:00","author":{"@id":"https:\/\/www.gaveanews.com\/#\/schema\/person\/0277a79a1289c451c281ec0411d84f0c"},"breadcrumb":{"@id":"https:\/\/www.gaveanews.com\/index.php\/2025\/01\/09\/a-declaracao-de-lamine-yamal-do-barcelona-direcionada-a-neymar\/#breadcrumb"},"inLanguage":"pt-BR","potentialAction":[{"@type":"ReadAction","target":["https:\/\/www.gaveanews.com\/index.php\/2025\/01\/09\/a-declaracao-de-lamine-yamal-do-barcelona-direcionada-a-neymar\/"]}]},{"@type":"ImageObject","inLanguage":"pt-BR","@id":"https:\/\/www.gaveanews.com\/index.php\/2025\/01\/09\/a-declaracao-de-lamine-yamal-do-barcelona-direcionada-a-neymar\/#primaryimage","url":"https:\/\/www.gaveanews.com\/wp-content\/uploads\/neymarjr_1705610097249-edited.webp","contentUrl":"https:\/\/www.gaveanews.com\/wp-content\/uploads\/neymarjr_1705610097249-edited.webp","width":720,"height":480,"caption":"Neymar em a\u00e7\u00e3o pela Sele\u00e7\u00e3o Brasileira (Foto: Reprodu\u00e7\u00e3o\/Instagram)"},{"@type":"BreadcrumbList","@id":"https:\/\/www.gaveanews.com\/index.php\/2025\/01\/09\/a-declaracao-de-lamine-yamal-do-barcelona-direcionada-a-neymar\/#breadcrumb","itemListElement":[{"@type":"ListItem","position":1,"name":"Home","item":"https:\/\/www.gaveanews.com\/"},{"@type":"ListItem","position":2,"name":"A declara\u00e7\u00e3o de Lamine Yamal, do Barcelona, direcionada a Neymar"}]},{"@type":"WebSite","@id":"https:\/\/www.gaveanews.com\/#website","url":"https:\/\/www.gaveanews.com\/","name":"G\u00e1vea News","description":"Veja todas as not\u00edcias sobre o Flamengo: Contrata\u00e7\u00f5es, categorias de base, resultados das partidas, tabela de classifica\u00e7\u00e3o, pr\u00f3ximos jogos!","potentialAction":[{"@type":"SearchAction","target":{"@type":"EntryPoint","urlTemplate":"https:\/\/www.gaveanews.com\/?s={search_term_string}"},"query-input":{"@type":"PropertyValueSpecification","valueRequired":true,"valueName":"search_term_string"}}],"inLanguage":"pt-BR"},{"@type":"Person","@id":"https:\/\/www.gaveanews.com\/#\/schema\/person\/0277a79a1289c451c281ec0411d84f0c","name":"Andr\u00e9 Serra","image":{"@type":"ImageObject","inLanguage":"pt-BR","@id":"https:\/\/www.gaveanews.com\/#\/schema\/person\/image\/","url":"https:\/\/secure.gravatar.com\/avatar\/d7231369fe48db93292b3e88eb2162dbd9a34a47a8437d9ef3bcaca2a86a83d7?s=96&d=mm&r=g","contentUrl":"https:\/\/secure.gravatar.com\/avatar\/d7231369fe48db93292b3e88eb2162dbd9a34a47a8437d9ef3bcaca2a86a83d7?s=96&d=mm&r=g","caption":"Andr\u00e9 Serra"}}]}},"_links":{"self":[{"href":"https:\/\/www.gaveanews.com\/index.php\/wp-json\/wp\/v2\/posts\/209919","targetHints":{"allow":["GET"]}}],"collection":[{"href":"https:\/\/www.gaveanews.com\/index.php\/wp-json\/wp\/v2\/posts"}],"about":[{"href":"https:\/\/www.gaveanews.com\/index.php\/wp-json\/wp\/v2\/types\/post"}],"author":[{"embeddable":true,"href":"https:\/\/www.gaveanews.com\/index.php\/wp-json\/wp\/v2\/users\/21"}],"replies":[{"embeddable":true,"href":"https:\/\/www.gaveanews.com\/index.php\/wp-json\/wp\/v2\/comments?post=209919"}],"version-history":[{"count":1,"href":"https:\/\/www.gaveanews.com\/index.php\/wp-json\/wp\/v2\/posts\/209919\/revisions"}],"predecessor-version":[{"id":209934,"href":"https:\/\/www.gaveanews.com\/index.php\/wp-json\/wp\/v2\/posts\/209919\/revisions\/209934"}],"wp:featuredmedia":[{"embeddable":true,"href":"https:\/\/www.gaveanews.com\/index.php\/wp-json\/wp\/v2\/media\/122401"}],"wp:attachment":[{"href":"https:\/\/www.gaveanews.com\/index.php\/wp-json\/wp\/v2\/media?parent=209919"}],"wp:term":[{"taxonomy":"category","embeddable":true,"href":"https:\/\/www.gaveanews.com\/index.php\/wp-json\/wp\/v2\/categories?post=209919"},{"taxonomy":"post_tag","embeddable":true,"href":"https:\/\/www.gaveanews.com\/index.php\/wp-json\/wp\/v2\/tags?post=209919"}],"curies":[{"name":"wp","href":"https:\/\/api.w.org\/{rel}","templated":true}]}}