{"id":209922,"date":"2025-01-09T05:45:00","date_gmt":"2025-01-09T08:45:00","guid":{"rendered":"https:\/\/www.gaveanews.com\/?p=209922"},"modified":"2025-01-08T22:52:21","modified_gmt":"2025-01-09T01:52:21","slug":"declaracao-de-carille-recado-de-tche-tche-e-previsao-da-espn-as-ultimas-noticias-do-vasco","status":"publish","type":"post","link":"https:\/\/www.gaveanews.com\/index.php\/2025\/01\/09\/declaracao-de-carille-recado-de-tche-tche-e-previsao-da-espn-as-ultimas-noticias-do-vasco\/","title":{"rendered":"Declara\u00e7\u00e3o de Carille, recado de Tch\u00ea-Tch\u00ea e previs\u00e3o da ESPN: as \u00faltimas not\u00edcias do Vasco"},"content":{"rendered":"\n<p>Nas \u00faltimas horas, o foco das not\u00edcias sobre Vasco se concentram nos bastidores do<br>clube, com destaques do dia a dia do time.<\/p>\n\n\n\n<p>Por conta deste contexto, leia abaixo um resumo preparado pela equipe do portal G\u00e1vea News para lhe manter muito bem informado!<\/p>\n\n\n\n<h2 class=\"wp-block-heading\" id=\"h-previsao-da-espn\">Previs\u00e3o da ESPN<\/h2>\n\n\n\n<p>O Campeonato Carioca 2025, que come\u00e7a neste s\u00e1bado, contar\u00e1 com 12 equipes e se encerrar\u00e1 em 9 de mar\u00e7o. Flamengo, Botafogo, Vasco e Fluminense est\u00e3o entre os favoritos ao t\u00edtulo, com o rubro-negro liderando a lista, segundo an\u00e1lise da ESPN. Diferentemente de outros torneios estaduais, o Carioca n\u00e3o possui uma premia\u00e7\u00e3o fixa; os valores depender\u00e3o do desempenho comercial, como vendas de publicidade e patroc\u00ednios <strong><a href=\"https:\/\/www.gaveanews.com\/index.php\/2025\/01\/08\/emissora-crava-time-favorito-para-vencer-o-campeonato-carioca\/\">(leia a mat\u00e9ria completa).<\/a><\/strong><\/p>\n\n\n\n<figure class=\"wp-block-image size-large\"><img loading=\"lazy\" decoding=\"async\" width=\"1024\" height=\"576\" src=\"https:\/\/www.gaveanews.com\/wp-content\/uploads\/Logomarca-da-emissora-ESPN-1024x576.webp\" alt=\"\" class=\"wp-image-28017\" srcset=\"https:\/\/www.gaveanews.com\/wp-content\/uploads\/Logomarca-da-emissora-ESPN-1024x576.webp 1024w, https:\/\/www.gaveanews.com\/wp-content\/uploads\/Logomarca-da-emissora-ESPN-300x169.webp 300w, https:\/\/www.gaveanews.com\/wp-content\/uploads\/Logomarca-da-emissora-ESPN-768x432.webp 768w, https:\/\/www.gaveanews.com\/wp-content\/uploads\/Logomarca-da-emissora-ESPN-747x420.webp 747w, https:\/\/www.gaveanews.com\/wp-content\/uploads\/Logomarca-da-emissora-ESPN-640x360.webp 640w, https:\/\/www.gaveanews.com\/wp-content\/uploads\/Logomarca-da-emissora-ESPN-1280x720.webp 1280w, https:\/\/www.gaveanews.com\/wp-content\/uploads\/Logomarca-da-emissora-ESPN-681x383.webp 681w, https:\/\/www.gaveanews.com\/wp-content\/uploads\/Logomarca-da-emissora-ESPN.webp 1296w\" sizes=\"auto, (max-width: 1024px) 100vw, 1024px\" \/><figcaption class=\"wp-element-caption\">Logomarca da emissora ESPN (Foto: Reprodu\u00e7\u00e3o)<\/figcaption><\/figure>\n\n\n\n<p>Desde 2020, quando o contrato com a TV Globo foi encerrado, o campeonato n\u00e3o paga um pr\u00eamio garantido ao vencedor. <\/p>\n\n\n\n<p>No entanto, a retomada das transmiss\u00f5es pelo Grupo Globo em 2025 gera expectativa de maior receita. A premia\u00e7\u00e3o final ser\u00e1 influenciada pelo sucesso comercial durante o torneio.<\/p>\n\n\n\n<p>Com formato enxuto e exibi\u00e7\u00e3o em plataformas como SporTV e Premiere, o Carioca promete grandes confrontos. As equipes esperam aproveitar a visibilidade para impulsionar suas campanhas e garantir boas performances no in\u00edcio da temporada.<\/p>\n\n\n\n<h2 class=\"wp-block-heading\" id=\"h-recado-de-tche-tche\">Recado de Tch\u00ea Tch\u00ea<\/h2>\n\n\n\n<p>O Vasco da Gama anunciou a contrata\u00e7\u00e3o do meia Tch\u00ea Tch\u00ea, ex-Botafogo, para a temporada de 2025. Aos 32 anos, o jogador assinou um contrato de dois anos e demonstrou grande entusiasmo em vestir a camisa vasca\u00edna, ressaltando sua determina\u00e7\u00e3o em conquistar t\u00edtulos e deixar seu nome marcado na hist\u00f3ria do clube. Tch\u00ea Tch\u00ea destacou que valores como esfor\u00e7o e dedica\u00e7\u00e3o s\u00e3o fundamentais e inegoci\u00e1veis <strong><a href=\"https:\/\/www.gaveanews.com\/index.php\/2025\/01\/08\/a-declaracao-de-tche-tche-apos-ser-anunciado-pelo-vasco\/\">(leia a mat\u00e9ria completa).<\/a><\/strong><\/p>\n\n\n\n<figure class=\"wp-block-image size-full\"><img loading=\"lazy\" decoding=\"async\" width=\"984\" height=\"656\" src=\"https:\/\/www.gaveanews.com\/wp-content\/uploads\/Tche-Tche-apresentado-pelo-Botafogo.webp\" alt=\"\" class=\"wp-image-167058\" srcset=\"https:\/\/www.gaveanews.com\/wp-content\/uploads\/Tche-Tche-apresentado-pelo-Botafogo.webp 984w, https:\/\/www.gaveanews.com\/wp-content\/uploads\/Tche-Tche-apresentado-pelo-Botafogo-300x200.webp 300w, https:\/\/www.gaveanews.com\/wp-content\/uploads\/Tche-Tche-apresentado-pelo-Botafogo-768x512.webp 768w, https:\/\/www.gaveanews.com\/wp-content\/uploads\/Tche-Tche-apresentado-pelo-Botafogo-630x420.webp 630w, https:\/\/www.gaveanews.com\/wp-content\/uploads\/Tche-Tche-apresentado-pelo-Botafogo-640x427.webp 640w, https:\/\/www.gaveanews.com\/wp-content\/uploads\/Tche-Tche-apresentado-pelo-Botafogo-681x454.webp 681w, https:\/\/www.gaveanews.com\/wp-content\/uploads\/Tche-Tche-apresentado-pelo-Botafogo-100x67.webp 100w\" sizes=\"auto, (max-width: 984px) 100vw, 984px\" \/><figcaption class=\"wp-element-caption\">Tch\u00ea Tch\u00ea apresentado pelo Botafogo (Foto: Vitor Silva\/Botafogo)<\/figcaption><\/figure>\n\n\n\n<p>Em sua apresenta\u00e7\u00e3o, o jogador enfatizou a import\u00e2ncia de S\u00e3o Janu\u00e1rio, referindo-se ao est\u00e1dio como um &#8220;Caldeir\u00e3o&#8221; e demonstrando ansiedade para atuar diante da torcida. O meia chega ao Vasco sem custos, ap\u00f3s o t\u00e9rmino de seu v\u00ednculo com o Botafogo, o que foi um dos pontos positivos da negocia\u00e7\u00e3o. Sua experi\u00eancia recente como campe\u00e3o da Libertadores e do Brasileir\u00e3o em 2024 pelo rival carioca refor\u00e7a sua credibilidade.<\/p>\n\n\n\n<p>Tch\u00ea Tch\u00ea se junta a um elenco que conta com nomes como Hugo Moura, Jair, Paulinho e Alex Teixeira, e promete contribuir significativamente no meio-campo do time. O fato de sua fam\u00edlia j\u00e1 residir no Rio de Janeiro h\u00e1 tr\u00eas anos tamb\u00e9m influenciou sua decis\u00e3o de continuar na cidade e assinar com o Gigante da Colina.<\/p>\n\n\n\n<h2 class=\"wp-block-heading\" id=\"h-declaracao-de-carille\">Declara\u00e7\u00e3o de Carille<\/h2>\n\n\n\n<p>F\u00e1bio Carille, novo t\u00e9cnico do Vasco, revelou durante sua apresenta\u00e7\u00e3o que pretende testar esquemas t\u00e1ticos envolvendo Philippe Coutinho e Dimitri Payet no mesmo time. Ele destacou a qualidade t\u00e9cnica de ambos e sinalizou que, com suporte adequado, ser\u00e1 poss\u00edvel utiliz\u00e1-los juntos, al\u00e9m de considerar outras op\u00e7\u00f5es, como Alex Teixeira e o jovem Guilherme Estrella, que busca espa\u00e7o na equipe principal <strong><a href=\"https:\/\/www.gaveanews.com\/index.php\/2025\/01\/08\/a-declaracao-de-fabio-carille-direcionada-a-philippe-coutinho-e-payet\/\">(leia a mat\u00e9ria completa).<\/a><\/strong><\/p>\n\n\n\n<figure class=\"wp-block-image size-large\"><img loading=\"lazy\" decoding=\"async\" width=\"1024\" height=\"675\" src=\"https:\/\/www.gaveanews.com\/wp-content\/uploads\/Fabio-Carille-treinando-o-Santos-1024x675.webp\" alt=\"\" class=\"wp-image-153906\" srcset=\"https:\/\/www.gaveanews.com\/wp-content\/uploads\/Fabio-Carille-treinando-o-Santos-1024x675.webp 1024w, https:\/\/www.gaveanews.com\/wp-content\/uploads\/Fabio-Carille-treinando-o-Santos-300x198.webp 300w, https:\/\/www.gaveanews.com\/wp-content\/uploads\/Fabio-Carille-treinando-o-Santos-768x506.webp 768w, https:\/\/www.gaveanews.com\/wp-content\/uploads\/Fabio-Carille-treinando-o-Santos-1536x1012.webp 1536w, https:\/\/www.gaveanews.com\/wp-content\/uploads\/Fabio-Carille-treinando-o-Santos-638x420.webp 638w, https:\/\/www.gaveanews.com\/wp-content\/uploads\/Fabio-Carille-treinando-o-Santos-1275x840.webp 1275w, https:\/\/www.gaveanews.com\/wp-content\/uploads\/Fabio-Carille-treinando-o-Santos-640x422.webp 640w, https:\/\/www.gaveanews.com\/wp-content\/uploads\/Fabio-Carille-treinando-o-Santos-1280x843.webp 1280w, https:\/\/www.gaveanews.com\/wp-content\/uploads\/Fabio-Carille-treinando-o-Santos-681x449.webp 681w, https:\/\/www.gaveanews.com\/wp-content\/uploads\/Fabio-Carille-treinando-o-Santos-1362x897.webp 1362w, https:\/\/www.gaveanews.com\/wp-content\/uploads\/Fabio-Carille-treinando-o-Santos-100x66.webp 100w, https:\/\/www.gaveanews.com\/wp-content\/uploads\/Fabio-Carille-treinando-o-Santos.webp 1600w\" sizes=\"auto, (max-width: 1024px) 100vw, 1024px\" \/><figcaption class=\"wp-element-caption\">F\u00e1bio Carille treinando o Santos (Foto: Reprodu\u00e7\u00e3o\/Santos)<\/figcaption><\/figure>\n\n\n\n<p>Carille demonstrou confian\u00e7a no elenco atual e otimismo com os refor\u00e7os contratados para 2025, incluindo Tch\u00ea Tch\u00ea, Lucas Oliveira, Daniel Fuzato e Lucas Freitas. O retorno de jogadores como Jair, Paulinho e Adson, al\u00e9m de Estrella, \u00e9 visto como fundamental para fortalecer o grupo e ampliar as op\u00e7\u00f5es da comiss\u00e3o t\u00e9cnica.<\/p>\n\n\n\n<p>O treinador enfatizou que sua abordagem se basear\u00e1 em solu\u00e7\u00f5es pr\u00e1ticas e eficazes, com foco no pr\u00f3ximo jogo e na busca por resultados imediatos. Ele elogiou a parceria com a diretoria, que segue trabalhando para refor\u00e7ar ainda mais o elenco, com o objetivo de colocar o Vasco em evid\u00eancia no cen\u00e1rio esportivo.<\/p>\n","protected":false},"excerpt":{"rendered":"<p>Nas \u00faltimas horas, o foco das not\u00edcias sobre Vasco se concentram nos bastidores doclube, com destaques do dia a dia do time. Por conta deste contexto, leia abaixo um resumo preparado pela equipe do portal G\u00e1vea News para lhe manter muito bem informado! Previs\u00e3o da ESPN O Campeonato Carioca 2025, que come\u00e7a neste s\u00e1bado, contar\u00e1 [&hellip;]<\/p>\n","protected":false},"author":27,"featured_media":141846,"comment_status":"open","ping_status":"closed","sticky":false,"template":"","format":"standard","meta":{"footnotes":""},"categories":[152],"tags":[],"class_list":["post-209922","post","type-post","status-publish","format-standard","has-post-thumbnail","hentry","category-vasco"],"yoast_head":"<!-- This site is optimized with the Yoast SEO Premium plugin v24.2 (Yoast SEO v26.9) - https:\/\/yoast.com\/product\/yoast-seo-premium-wordpress\/ -->\n<title>Declara\u00e7\u00e3o de Carille, recado de Tch\u00ea-Tch\u00ea e previs\u00e3o da ESPN: as \u00faltimas not\u00edcias do Vasco<\/title>\n<meta name=\"robots\" content=\"index, follow, max-snippet:-1, max-image-preview:large, max-video-preview:-1\" \/>\n<link rel=\"canonical\" href=\"https:\/\/www.gaveanews.com\/index.php\/2025\/01\/09\/declaracao-de-carille-recado-de-tche-tche-e-previsao-da-espn-as-ultimas-noticias-do-vasco\/\" \/>\n<meta property=\"og:locale\" content=\"pt_BR\" \/>\n<meta property=\"og:type\" content=\"article\" \/>\n<meta property=\"og:title\" content=\"Declara\u00e7\u00e3o de Carille, recado de Tch\u00ea-Tch\u00ea e previs\u00e3o da ESPN: as \u00faltimas not\u00edcias do Vasco\" \/>\n<meta property=\"og:description\" content=\"Nas \u00faltimas horas, o foco das not\u00edcias sobre Vasco se concentram nos bastidores doclube, com destaques do dia a dia do time. Por conta deste contexto, leia abaixo um resumo preparado pela equipe do portal G\u00e1vea News para lhe manter muito bem informado! Previs\u00e3o da ESPN O Campeonato Carioca 2025, que come\u00e7a neste s\u00e1bado, contar\u00e1 [&hellip;]\" \/>\n<meta property=\"og:url\" content=\"https:\/\/www.gaveanews.com\/index.php\/2025\/01\/09\/declaracao-de-carille-recado-de-tche-tche-e-previsao-da-espn-as-ultimas-noticias-do-vasco\/\" \/>\n<meta property=\"og:site_name\" content=\"G\u00e1vea News\" \/>\n<meta property=\"article:publisher\" content=\"https:\/\/facebook.com\/gaveaNews\/\" \/>\n<meta property=\"article:published_time\" content=\"2025-01-09T08:45:00+00:00\" \/>\n<meta property=\"og:image\" content=\"https:\/\/www.gaveanews.com\/wp-content\/uploads\/1_gm1zczdwwaameai-32765869.webp\" \/>\n\t<meta property=\"og:image:width\" content=\"1200\" \/>\n\t<meta property=\"og:image:height\" content=\"750\" \/>\n\t<meta property=\"og:image:type\" content=\"image\/webp\" \/>\n<meta name=\"author\" content=\"Matheus Felipe\" \/>\n<meta name=\"twitter:card\" content=\"summary_large_image\" \/>\n<meta name=\"twitter:label1\" content=\"Escrito por\" \/>\n\t<meta name=\"twitter:data1\" content=\"Matheus Felipe\" \/>\n\t<meta name=\"twitter:label2\" content=\"Est. tempo de leitura\" \/>\n\t<meta name=\"twitter:data2\" content=\"5 minutos\" \/>\n<script type=\"application\/ld+json\" class=\"yoast-schema-graph\">{\"@context\":\"https:\/\/schema.org\",\"@graph\":[{\"@type\":\"NewsArticle\",\"@id\":\"https:\/\/www.gaveanews.com\/index.php\/2025\/01\/09\/declaracao-de-carille-recado-de-tche-tche-e-previsao-da-espn-as-ultimas-noticias-do-vasco\/#article\",\"isPartOf\":{\"@id\":\"https:\/\/www.gaveanews.com\/index.php\/2025\/01\/09\/declaracao-de-carille-recado-de-tche-tche-e-previsao-da-espn-as-ultimas-noticias-do-vasco\/\"},\"author\":{\"name\":\"Matheus Felipe\",\"@id\":\"https:\/\/www.gaveanews.com\/#\/schema\/person\/8207cd4627f56151707418bfc835b2fb\"},\"headline\":\"Declara\u00e7\u00e3o de Carille, recado de Tch\u00ea-Tch\u00ea e previs\u00e3o da ESPN: as \u00faltimas not\u00edcias do Vasco\",\"datePublished\":\"2025-01-09T08:45:00+00:00\",\"mainEntityOfPage\":{\"@id\":\"https:\/\/www.gaveanews.com\/index.php\/2025\/01\/09\/declaracao-de-carille-recado-de-tche-tche-e-previsao-da-espn-as-ultimas-noticias-do-vasco\/\"},\"wordCount\":669,\"commentCount\":0,\"image\":{\"@id\":\"https:\/\/www.gaveanews.com\/index.php\/2025\/01\/09\/declaracao-de-carille-recado-de-tche-tche-e-previsao-da-espn-as-ultimas-noticias-do-vasco\/#primaryimage\"},\"thumbnailUrl\":\"https:\/\/www.gaveanews.com\/wp-content\/uploads\/1_gm1zczdwwaameai-32765869.webp\",\"articleSection\":[\"Vasco\"],\"inLanguage\":\"pt-BR\",\"potentialAction\":[{\"@type\":\"CommentAction\",\"name\":\"Comment\",\"target\":[\"https:\/\/www.gaveanews.com\/index.php\/2025\/01\/09\/declaracao-de-carille-recado-de-tche-tche-e-previsao-da-espn-as-ultimas-noticias-do-vasco\/#respond\"]}],\"copyrightYear\":\"2025\",\"copyrightHolder\":{\"@id\":\"https:\/\/www.gaveanews.com\/#organization\"}},{\"@type\":\"WebPage\",\"@id\":\"https:\/\/www.gaveanews.com\/index.php\/2025\/01\/09\/declaracao-de-carille-recado-de-tche-tche-e-previsao-da-espn-as-ultimas-noticias-do-vasco\/\",\"url\":\"https:\/\/www.gaveanews.com\/index.php\/2025\/01\/09\/declaracao-de-carille-recado-de-tche-tche-e-previsao-da-espn-as-ultimas-noticias-do-vasco\/\",\"name\":\"Declara\u00e7\u00e3o de Carille, recado de Tch\u00ea-Tch\u00ea e previs\u00e3o da ESPN: as \u00faltimas not\u00edcias do Vasco\",\"isPartOf\":{\"@id\":\"https:\/\/www.gaveanews.com\/#website\"},\"primaryImageOfPage\":{\"@id\":\"https:\/\/www.gaveanews.com\/index.php\/2025\/01\/09\/declaracao-de-carille-recado-de-tche-tche-e-previsao-da-espn-as-ultimas-noticias-do-vasco\/#primaryimage\"},\"image\":{\"@id\":\"https:\/\/www.gaveanews.com\/index.php\/2025\/01\/09\/declaracao-de-carille-recado-de-tche-tche-e-previsao-da-espn-as-ultimas-noticias-do-vasco\/#primaryimage\"},\"thumbnailUrl\":\"https:\/\/www.gaveanews.com\/wp-content\/uploads\/1_gm1zczdwwaameai-32765869.webp\",\"datePublished\":\"2025-01-09T08:45:00+00:00\",\"author\":{\"@id\":\"https:\/\/www.gaveanews.com\/#\/schema\/person\/8207cd4627f56151707418bfc835b2fb\"},\"breadcrumb\":{\"@id\":\"https:\/\/www.gaveanews.com\/index.php\/2025\/01\/09\/declaracao-de-carille-recado-de-tche-tche-e-previsao-da-espn-as-ultimas-noticias-do-vasco\/#breadcrumb\"},\"inLanguage\":\"pt-BR\",\"potentialAction\":[{\"@type\":\"ReadAction\",\"target\":[\"https:\/\/www.gaveanews.com\/index.php\/2025\/01\/09\/declaracao-de-carille-recado-de-tche-tche-e-previsao-da-espn-as-ultimas-noticias-do-vasco\/\"]}]},{\"@type\":\"ImageObject\",\"inLanguage\":\"pt-BR\",\"@id\":\"https:\/\/www.gaveanews.com\/index.php\/2025\/01\/09\/declaracao-de-carille-recado-de-tche-tche-e-previsao-da-espn-as-ultimas-noticias-do-vasco\/#primaryimage\",\"url\":\"https:\/\/www.gaveanews.com\/wp-content\/uploads\/1_gm1zczdwwaameai-32765869.webp\",\"contentUrl\":\"https:\/\/www.gaveanews.com\/wp-content\/uploads\/1_gm1zczdwwaameai-32765869.webp\",\"width\":1200,\"height\":750,\"caption\":\"Foto: Matheus Lima\/Vasco)\"},{\"@type\":\"BreadcrumbList\",\"@id\":\"https:\/\/www.gaveanews.com\/index.php\/2025\/01\/09\/declaracao-de-carille-recado-de-tche-tche-e-previsao-da-espn-as-ultimas-noticias-do-vasco\/#breadcrumb\",\"itemListElement\":[{\"@type\":\"ListItem\",\"position\":1,\"name\":\"Home\",\"item\":\"https:\/\/www.gaveanews.com\/\"},{\"@type\":\"ListItem\",\"position\":2,\"name\":\"Declara\u00e7\u00e3o de Carille, recado de Tch\u00ea-Tch\u00ea e previs\u00e3o da ESPN: as \u00faltimas not\u00edcias do Vasco\"}]},{\"@type\":\"WebSite\",\"@id\":\"https:\/\/www.gaveanews.com\/#website\",\"url\":\"https:\/\/www.gaveanews.com\/\",\"name\":\"G\u00e1vea News\",\"description\":\"Veja todas as not\u00edcias sobre o Flamengo: Contrata\u00e7\u00f5es, categorias de base, resultados das partidas, tabela de classifica\u00e7\u00e3o, pr\u00f3ximos jogos!\",\"potentialAction\":[{\"@type\":\"SearchAction\",\"target\":{\"@type\":\"EntryPoint\",\"urlTemplate\":\"https:\/\/www.gaveanews.com\/?s={search_term_string}\"},\"query-input\":{\"@type\":\"PropertyValueSpecification\",\"valueRequired\":true,\"valueName\":\"search_term_string\"}}],\"inLanguage\":\"pt-BR\"},{\"@type\":\"Person\",\"@id\":\"https:\/\/www.gaveanews.com\/#\/schema\/person\/8207cd4627f56151707418bfc835b2fb\",\"name\":\"Matheus Felipe\",\"image\":{\"@type\":\"ImageObject\",\"inLanguage\":\"pt-BR\",\"@id\":\"https:\/\/www.gaveanews.com\/#\/schema\/person\/image\/\",\"url\":\"https:\/\/secure.gravatar.com\/avatar\/a452ffbed9130f726358b298bb3a99ce4bd3c5338411f8440e87e14d74c7c087?s=96&d=mm&r=g\",\"contentUrl\":\"https:\/\/secure.gravatar.com\/avatar\/a452ffbed9130f726358b298bb3a99ce4bd3c5338411f8440e87e14d74c7c087?s=96&d=mm&r=g\",\"caption\":\"Matheus Felipe\"}}]}<\/script>\n<!-- \/ Yoast SEO Premium plugin. -->","yoast_head_json":{"title":"Declara\u00e7\u00e3o de Carille, recado de Tch\u00ea-Tch\u00ea e previs\u00e3o da ESPN: as \u00faltimas not\u00edcias do Vasco","robots":{"index":"index","follow":"follow","max-snippet":"max-snippet:-1","max-image-preview":"max-image-preview:large","max-video-preview":"max-video-preview:-1"},"canonical":"https:\/\/www.gaveanews.com\/index.php\/2025\/01\/09\/declaracao-de-carille-recado-de-tche-tche-e-previsao-da-espn-as-ultimas-noticias-do-vasco\/","og_locale":"pt_BR","og_type":"article","og_title":"Declara\u00e7\u00e3o de Carille, recado de Tch\u00ea-Tch\u00ea e previs\u00e3o da ESPN: as \u00faltimas not\u00edcias do Vasco","og_description":"Nas \u00faltimas horas, o foco das not\u00edcias sobre Vasco se concentram nos bastidores doclube, com destaques do dia a dia do time. Por conta deste contexto, leia abaixo um resumo preparado pela equipe do portal G\u00e1vea News para lhe manter muito bem informado! Previs\u00e3o da ESPN O Campeonato Carioca 2025, que come\u00e7a neste s\u00e1bado, contar\u00e1 [&hellip;]","og_url":"https:\/\/www.gaveanews.com\/index.php\/2025\/01\/09\/declaracao-de-carille-recado-de-tche-tche-e-previsao-da-espn-as-ultimas-noticias-do-vasco\/","og_site_name":"G\u00e1vea News","article_publisher":"https:\/\/facebook.com\/gaveaNews\/","article_published_time":"2025-01-09T08:45:00+00:00","og_image":[{"width":1200,"height":750,"url":"https:\/\/www.gaveanews.com\/wp-content\/uploads\/1_gm1zczdwwaameai-32765869.webp","type":"image\/webp"}],"author":"Matheus Felipe","twitter_card":"summary_large_image","twitter_misc":{"Escrito por":"Matheus Felipe","Est. tempo de leitura":"5 minutos"},"schema":{"@context":"https:\/\/schema.org","@graph":[{"@type":"NewsArticle","@id":"https:\/\/www.gaveanews.com\/index.php\/2025\/01\/09\/declaracao-de-carille-recado-de-tche-tche-e-previsao-da-espn-as-ultimas-noticias-do-vasco\/#article","isPartOf":{"@id":"https:\/\/www.gaveanews.com\/index.php\/2025\/01\/09\/declaracao-de-carille-recado-de-tche-tche-e-previsao-da-espn-as-ultimas-noticias-do-vasco\/"},"author":{"name":"Matheus Felipe","@id":"https:\/\/www.gaveanews.com\/#\/schema\/person\/8207cd4627f56151707418bfc835b2fb"},"headline":"Declara\u00e7\u00e3o de Carille, recado de Tch\u00ea-Tch\u00ea e previs\u00e3o da ESPN: as \u00faltimas not\u00edcias do Vasco","datePublished":"2025-01-09T08:45:00+00:00","mainEntityOfPage":{"@id":"https:\/\/www.gaveanews.com\/index.php\/2025\/01\/09\/declaracao-de-carille-recado-de-tche-tche-e-previsao-da-espn-as-ultimas-noticias-do-vasco\/"},"wordCount":669,"commentCount":0,"image":{"@id":"https:\/\/www.gaveanews.com\/index.php\/2025\/01\/09\/declaracao-de-carille-recado-de-tche-tche-e-previsao-da-espn-as-ultimas-noticias-do-vasco\/#primaryimage"},"thumbnailUrl":"https:\/\/www.gaveanews.com\/wp-content\/uploads\/1_gm1zczdwwaameai-32765869.webp","articleSection":["Vasco"],"inLanguage":"pt-BR","potentialAction":[{"@type":"CommentAction","name":"Comment","target":["https:\/\/www.gaveanews.com\/index.php\/2025\/01\/09\/declaracao-de-carille-recado-de-tche-tche-e-previsao-da-espn-as-ultimas-noticias-do-vasco\/#respond"]}],"copyrightYear":"2025","copyrightHolder":{"@id":"https:\/\/www.gaveanews.com\/#organization"}},{"@type":"WebPage","@id":"https:\/\/www.gaveanews.com\/index.php\/2025\/01\/09\/declaracao-de-carille-recado-de-tche-tche-e-previsao-da-espn-as-ultimas-noticias-do-vasco\/","url":"https:\/\/www.gaveanews.com\/index.php\/2025\/01\/09\/declaracao-de-carille-recado-de-tche-tche-e-previsao-da-espn-as-ultimas-noticias-do-vasco\/","name":"Declara\u00e7\u00e3o de Carille, recado de Tch\u00ea-Tch\u00ea e previs\u00e3o da ESPN: as \u00faltimas not\u00edcias do Vasco","isPartOf":{"@id":"https:\/\/www.gaveanews.com\/#website"},"primaryImageOfPage":{"@id":"https:\/\/www.gaveanews.com\/index.php\/2025\/01\/09\/declaracao-de-carille-recado-de-tche-tche-e-previsao-da-espn-as-ultimas-noticias-do-vasco\/#primaryimage"},"image":{"@id":"https:\/\/www.gaveanews.com\/index.php\/2025\/01\/09\/declaracao-de-carille-recado-de-tche-tche-e-previsao-da-espn-as-ultimas-noticias-do-vasco\/#primaryimage"},"thumbnailUrl":"https:\/\/www.gaveanews.com\/wp-content\/uploads\/1_gm1zczdwwaameai-32765869.webp","datePublished":"2025-01-09T08:45:00+00:00","author":{"@id":"https:\/\/www.gaveanews.com\/#\/schema\/person\/8207cd4627f56151707418bfc835b2fb"},"breadcrumb":{"@id":"https:\/\/www.gaveanews.com\/index.php\/2025\/01\/09\/declaracao-de-carille-recado-de-tche-tche-e-previsao-da-espn-as-ultimas-noticias-do-vasco\/#breadcrumb"},"inLanguage":"pt-BR","potentialAction":[{"@type":"ReadAction","target":["https:\/\/www.gaveanews.com\/index.php\/2025\/01\/09\/declaracao-de-carille-recado-de-tche-tche-e-previsao-da-espn-as-ultimas-noticias-do-vasco\/"]}]},{"@type":"ImageObject","inLanguage":"pt-BR","@id":"https:\/\/www.gaveanews.com\/index.php\/2025\/01\/09\/declaracao-de-carille-recado-de-tche-tche-e-previsao-da-espn-as-ultimas-noticias-do-vasco\/#primaryimage","url":"https:\/\/www.gaveanews.com\/wp-content\/uploads\/1_gm1zczdwwaameai-32765869.webp","contentUrl":"https:\/\/www.gaveanews.com\/wp-content\/uploads\/1_gm1zczdwwaameai-32765869.webp","width":1200,"height":750,"caption":"Foto: Matheus Lima\/Vasco)"},{"@type":"BreadcrumbList","@id":"https:\/\/www.gaveanews.com\/index.php\/2025\/01\/09\/declaracao-de-carille-recado-de-tche-tche-e-previsao-da-espn-as-ultimas-noticias-do-vasco\/#breadcrumb","itemListElement":[{"@type":"ListItem","position":1,"name":"Home","item":"https:\/\/www.gaveanews.com\/"},{"@type":"ListItem","position":2,"name":"Declara\u00e7\u00e3o de Carille, recado de Tch\u00ea-Tch\u00ea e previs\u00e3o da ESPN: as \u00faltimas not\u00edcias do Vasco"}]},{"@type":"WebSite","@id":"https:\/\/www.gaveanews.com\/#website","url":"https:\/\/www.gaveanews.com\/","name":"G\u00e1vea News","description":"Veja todas as not\u00edcias sobre o Flamengo: Contrata\u00e7\u00f5es, categorias de base, resultados das partidas, tabela de classifica\u00e7\u00e3o, pr\u00f3ximos jogos!","potentialAction":[{"@type":"SearchAction","target":{"@type":"EntryPoint","urlTemplate":"https:\/\/www.gaveanews.com\/?s={search_term_string}"},"query-input":{"@type":"PropertyValueSpecification","valueRequired":true,"valueName":"search_term_string"}}],"inLanguage":"pt-BR"},{"@type":"Person","@id":"https:\/\/www.gaveanews.com\/#\/schema\/person\/8207cd4627f56151707418bfc835b2fb","name":"Matheus Felipe","image":{"@type":"ImageObject","inLanguage":"pt-BR","@id":"https:\/\/www.gaveanews.com\/#\/schema\/person\/image\/","url":"https:\/\/secure.gravatar.com\/avatar\/a452ffbed9130f726358b298bb3a99ce4bd3c5338411f8440e87e14d74c7c087?s=96&d=mm&r=g","contentUrl":"https:\/\/secure.gravatar.com\/avatar\/a452ffbed9130f726358b298bb3a99ce4bd3c5338411f8440e87e14d74c7c087?s=96&d=mm&r=g","caption":"Matheus Felipe"}}]}},"_links":{"self":[{"href":"https:\/\/www.gaveanews.com\/index.php\/wp-json\/wp\/v2\/posts\/209922","targetHints":{"allow":["GET"]}}],"collection":[{"href":"https:\/\/www.gaveanews.com\/index.php\/wp-json\/wp\/v2\/posts"}],"about":[{"href":"https:\/\/www.gaveanews.com\/index.php\/wp-json\/wp\/v2\/types\/post"}],"author":[{"embeddable":true,"href":"https:\/\/www.gaveanews.com\/index.php\/wp-json\/wp\/v2\/users\/27"}],"replies":[{"embeddable":true,"href":"https:\/\/www.gaveanews.com\/index.php\/wp-json\/wp\/v2\/comments?post=209922"}],"version-history":[{"count":1,"href":"https:\/\/www.gaveanews.com\/index.php\/wp-json\/wp\/v2\/posts\/209922\/revisions"}],"predecessor-version":[{"id":209926,"href":"https:\/\/www.gaveanews.com\/index.php\/wp-json\/wp\/v2\/posts\/209922\/revisions\/209926"}],"wp:featuredmedia":[{"embeddable":true,"href":"https:\/\/www.gaveanews.com\/index.php\/wp-json\/wp\/v2\/media\/141846"}],"wp:attachment":[{"href":"https:\/\/www.gaveanews.com\/index.php\/wp-json\/wp\/v2\/media?parent=209922"}],"wp:term":[{"taxonomy":"category","embeddable":true,"href":"https:\/\/www.gaveanews.com\/index.php\/wp-json\/wp\/v2\/categories?post=209922"},{"taxonomy":"post_tag","embeddable":true,"href":"https:\/\/www.gaveanews.com\/index.php\/wp-json\/wp\/v2\/tags?post=209922"}],"curies":[{"name":"wp","href":"https:\/\/api.w.org\/{rel}","templated":true}]}}